{"id":51682,"date":"2022-02-09T10:24:53","date_gmt":"2022-02-09T09:24:53","guid":{"rendered":"https:\/\/exaudi.org\/?p=51682"},"modified":"2022-02-09T14:47:55","modified_gmt":"2022-02-09T13:47:55","slug":"peru-iglesia-llama-a-trabajar-unidos-por-la-estabilidad-politica","status":"publish","type":"post","link":"https:\/\/exaudi.org\/es\/peru-iglesia-llama-a-trabajar-unidos-por-la-estabilidad-politica\/","title":{"rendered":"Per\u00fa: Iglesia llama a trabajar unidos por estabilidad pol\u00edtica"},"content":{"rendered":"<p>Ante la vigente crisis pol\u00edtica, la Iglesia peruana emiti\u00f3 el 8 de febrero de 2022 un mensaje titulado \u201cUrge la estabilidad pol\u00edtica en Per\u00fa\u201d. En \u00e9l, los obispos peruanos, a trav\u00e9s de 9 puntos, proponen algunos pasos a ser dados como pa\u00eds.<\/p>\n<p>\u201cEn un momento de dura crisis pol\u00edtica en el pa\u00eds, cuando enfrentamos a\u00fan una crisis sanitaria ante el azote de la tercera ola de la pandemia que sigue enlutando a familias enteras, una crisis \u00e9tica y moral por los graves cuestionamientos de corrupci\u00f3n y una crisis ecol\u00f3gica en todo el pa\u00eds especialmente por el derrame de petr\u00f3leo que ha da\u00f1ado gravemente nuestro ecosistema y ante la ca\u00edda de tres Gabinetes del actual presidente de la Rep\u00fablica\u201d, se lee al principio del texto.<\/p>\n<p>De este modo, en primer lugar, la Conferencia Episcopal Peruana considera urgente \u201cque las autoridades del m\u00e1s alto nivel de nuestra Patria asuman seriamente sus compromisos y responsabilidades en la b\u00fasqueda de la estabilidad pol\u00edtica, democr\u00e1tica y del bien com\u00fan y no de intereses particulares ni ideol\u00f3gicos\u201d.<\/p>\n<p>En segundo lugar, \u201cdebe haber una real voluntad de corregir errores y evitar una mayor incertidumbre en la ciudadan\u00eda\u201d, pues \u201cla inestabilidad y la falta de decisiones id\u00f3neas laceran la legitimidad pol\u00edtica y la confianza ciudadana\u201d. El pueblo peruano, prosiguen los prelados, \u201cnecesita que sus autoridades sean personas intachables y debidamente preparadas para los cargos que han de asumir\u201d.<\/p>\n<p>Del mismo modo, apuntan como necesaria y urgente \u201cla buena pol\u00edtica y la participaci\u00f3n de la ciudadan\u00eda para la vigilancia \u00e9tica de sus autoridades y que \u00e9stas respondan con altura y profesionalismo al mandato de los electores que depositaron en ellas su confianza y su esperanza\u201d, ya que los ciudadanos \u201cexigen respeto a la institucionalidad y legitimidad pol\u00edtica para poder ser gobernados\u201d.<\/p>\n<p>Despu\u00e9s, realizan un llamado a las autoridades gubernamentales \u201ca dar se\u00f1ales claras de gobernabilidad\u201d y remiten al Exhortaci\u00f3n Apost\u00f3lica Fratelli Tutti del Papa Francisco donde se describe que \u201cla pol\u00edtica es la expresi\u00f3n m\u00e1s alta de la caridad y del amor al pr\u00f3jimo\u201d.<\/p>\n<p>Por ello, los miembros del Episcopado peruano reiteran su propuesta \u201cde trabajar todos juntos para la transformaci\u00f3n de la sociedad peruana encaminando nuestros esfuerzos y voluntades en la rehabilitaci\u00f3n de la pol\u00edtica, la econom\u00eda, la actividad laboral de todos los actores sociales teniendo en cuenta que \u2018si no hay esperanza para los pobres no la habr\u00e1 para nadie\u2019 (Juan Pablo II, PG 67)\u201d.<\/p>\n<p>Asimismo, se refieren a la Doctrina Social de la Iglesia, que dice: \u201cLa Iglesia aprecia el sistema de la democracia, en la medida en que asegura la participaci\u00f3n de los ciudadanos en las opciones pol\u00edticas y garantiza a los gobernados la posibilidad de elegir y controlar a sus propios gobernantes, o bien la de sustituirlos oportunamente de manera pac\u00edfica\u201d (DSI 406).<\/p>\n<p>Finalmente insisten en que \u201ces indispensable que se fortalezca el orden democr\u00e1tico y se respete el orden Constitucional del Per\u00fa\u201d y convocan a la ciudadan\u00eda \u201cpara actuar de forma conjunta, articulada y solidaria por el bien del Per\u00fa\u201d.<\/p>\n<p>Los obispos, no se olvidan \u201cdel esp\u00edritu religioso del pueblo peruano y por eso, a pesar de estas consideraciones pol\u00edticas y sociales, invitamos a rezar por el Per\u00fa\u201d, concluye el mensaje.<\/p>\n<h2><strong>Contexto<\/strong><\/h2>\n<p>De acuerdo a ADN CELAM, sistema informativo del Consejo Episcopal Latinoamericano (CELAM), el pronunciamiento de la Iglesia peruana responde a los efectos causados por la decisi\u00f3n del presidente Pedro Castillo de cambiar los integrantes de su gabinete.<\/p>\n<p>Se trata de la cuarta ocasi\u00f3n en la que se producen este tipo de reformas en menos de seis meses. A esta situaci\u00f3n se suma a la crisis causada por el derrame de petr\u00f3leo y la crisis ecol\u00f3gica que en este momento no cuenta con un jefe de cartera que se encargue de la situaci\u00f3n que ja afectado a un numeroso grupo de familias.<\/p>\n<p>Los distintos cambios llevados a cabo por el presidente no han sido bien recibidos por la gente y m\u00e1s bien han ocasionado que la poblaci\u00f3n relacione estas situaciones con un ambiente de ingobernabilidad, inestabilidad pol\u00edtica e inoperancia del mandatario.<\/p>\n","protected":false},"excerpt":{"rendered":"<p>Mensaje ante la crisis pol\u00edtica en el pa\u00eds<\/p>\n","protected":false},"author":5,"featured_media":51683,"comment_status":"closed","ping_status":"closed","sticky":false,"template":"","format":"standard","meta":{"_acf_changed":false,"_crdt_document":"","inline_featured_image":false,"footnotes":""},"categories":[86],"tags":[609,945,634],"class_list":["post-51682","post","type-post","status-publish","format-standard","has-post-thumbnail","hentry","category-iglesia-local","tag-conferencia-episcopal-peruana-cep","tag-peru","tag-politica"],"acf":[],"yoast_head":"<!-- This site is optimized with the Yoast SEO plugin v27.5 - https:\/\/yoast.com\/product\/yoast-seo-wordpress\/ -->\n<title>Per\u00fa: Iglesia llama a trabajar unidos por estabilidad pol\u00edtica &#8211; Exaudi<\/title>\n<meta name=\"description\" content=\"Ante la crisis pol\u00edtica, los obispos peruanos emiten un mensaje titulado \u201cUrge la estabilidad pol\u00edtica en Per\u00fa\u201d\" \/>\n<meta name=\"robots\" content=\"index, follow, max-snippet:-1, max-image-preview:large, max-video-preview:-1\" \/>\n<link rel=\"canonical\" href=\"https:\/\/exaudi.org\/es\/peru-iglesia-llama-a-trabajar-unidos-por-la-estabilidad-politica\/\" \/>\n<meta property=\"og:locale\" content=\"es_ES\" \/>\n<meta property=\"og:type\" content=\"article\" \/>\n<meta property=\"og:title\" content=\"Per\u00fa: Iglesia llama a trabajar unidos por estabilidad pol\u00edtica &#8211; Exaudi\" \/>\n<meta property=\"og:description\" content=\"Ante la crisis pol\u00edtica, los obispos peruanos emiten un mensaje titulado \u201cUrge la estabilidad pol\u00edtica en Per\u00fa\u201d\" \/>\n<meta property=\"og:url\" content=\"https:\/\/exaudi.org\/es\/peru-iglesia-llama-a-trabajar-unidos-por-la-estabilidad-politica\/\" \/>\n<meta property=\"og:site_name\" content=\"Exaudi\" \/>\n<meta property=\"article:publisher\" content=\"https:\/\/www.facebook.com\/ExaudiNews\" \/>\n<meta property=\"article:published_time\" content=\"2022-02-09T09:24:53+00:00\" \/>\n<meta property=\"article:modified_time\" content=\"2022-02-09T13:47:55+00:00\" \/>\n<meta property=\"og:image\" content=\"https:\/\/exaudi.org\/wp-content\/uploads\/2022\/02\/Gobierno-de-Peru-octubre-2021.jpg\" \/>\n\t<meta property=\"og:image:width\" content=\"800\" \/>\n\t<meta property=\"og:image:height\" content=\"445\" \/>\n\t<meta property=\"og:image:type\" content=\"image\/jpeg\" \/>\n<meta name=\"author\" content=\"Larissa I. L\u00f3pez\" \/>\n<meta name=\"twitter:card\" content=\"summary_large_image\" \/>\n<meta name=\"twitter:creator\" content=\"@Exaudi_News\" \/>\n<meta name=\"twitter:site\" content=\"@Exaudi_News\" \/>\n<meta name=\"twitter:label1\" content=\"Escrito por\" \/>\n\t<meta name=\"twitter:data1\" content=\"Larissa I. L\u00f3pez\" \/>\n\t<meta name=\"twitter:label2\" content=\"Tiempo de lectura\" \/>\n\t<meta name=\"twitter:data2\" content=\"4 minutos\" \/>\n<script type=\"application\/ld+json\" class=\"yoast-schema-graph\">{\"@context\":\"https:\\\/\\\/schema.org\",\"@graph\":[{\"@type\":\"Article\",\"@id\":\"https:\\\/\\\/exaudi.org\\\/es\\\/peru-iglesia-llama-a-trabajar-unidos-por-la-estabilidad-politica\\\/#article\",\"isPartOf\":{\"@id\":\"https:\\\/\\\/exaudi.org\\\/es\\\/peru-iglesia-llama-a-trabajar-unidos-por-la-estabilidad-politica\\\/\"},\"author\":{\"name\":\"Larissa I. L\u00f3pez\",\"@id\":\"https:\\\/\\\/exaudi.org\\\/#\\\/schema\\\/person\\\/7d2f77db033c2c0929edfab6dbe8c588\"},\"headline\":\"Per\u00fa: Iglesia llama a trabajar unidos por estabilidad pol\u00edtica\",\"datePublished\":\"2022-02-09T09:24:53+00:00\",\"dateModified\":\"2022-02-09T13:47:55+00:00\",\"mainEntityOfPage\":{\"@id\":\"https:\\\/\\\/exaudi.org\\\/es\\\/peru-iglesia-llama-a-trabajar-unidos-por-la-estabilidad-politica\\\/\"},\"wordCount\":729,\"image\":{\"@id\":\"https:\\\/\\\/exaudi.org\\\/es\\\/peru-iglesia-llama-a-trabajar-unidos-por-la-estabilidad-politica\\\/#primaryimage\"},\"thumbnailUrl\":\"https:\\\/\\\/exaudi.org\\\/wp-content\\\/uploads\\\/2022\\\/02\\\/Gobierno-de-Peru-octubre-2021.jpg\",\"keywords\":[\"Conferencia Episcopal Peruana (CEP)\",\"Per\u00fa\",\"Pol\u00edtica\"],\"articleSection\":[\"Iglesia Local\"],\"inLanguage\":\"es\"},{\"@type\":\"WebPage\",\"@id\":\"https:\\\/\\\/exaudi.org\\\/es\\\/peru-iglesia-llama-a-trabajar-unidos-por-la-estabilidad-politica\\\/\",\"url\":\"https:\\\/\\\/exaudi.org\\\/es\\\/peru-iglesia-llama-a-trabajar-unidos-por-la-estabilidad-politica\\\/\",\"name\":\"Per\u00fa: Iglesia llama a trabajar unidos por estabilidad pol\u00edtica &#8211; Exaudi\",\"isPartOf\":{\"@id\":\"https:\\\/\\\/exaudi.org\\\/#website\"},\"primaryImageOfPage\":{\"@id\":\"https:\\\/\\\/exaudi.org\\\/es\\\/peru-iglesia-llama-a-trabajar-unidos-por-la-estabilidad-politica\\\/#primaryimage\"},\"image\":{\"@id\":\"https:\\\/\\\/exaudi.org\\\/es\\\/peru-iglesia-llama-a-trabajar-unidos-por-la-estabilidad-politica\\\/#primaryimage\"},\"thumbnailUrl\":\"https:\\\/\\\/exaudi.org\\\/wp-content\\\/uploads\\\/2022\\\/02\\\/Gobierno-de-Peru-octubre-2021.jpg\",\"datePublished\":\"2022-02-09T09:24:53+00:00\",\"dateModified\":\"2022-02-09T13:47:55+00:00\",\"author\":{\"@id\":\"https:\\\/\\\/exaudi.org\\\/#\\\/schema\\\/person\\\/7d2f77db033c2c0929edfab6dbe8c588\"},\"description\":\"Ante la crisis pol\u00edtica, los obispos peruanos emiten un mensaje titulado \u201cUrge la estabilidad pol\u00edtica en Per\u00fa\u201d\",\"breadcrumb\":{\"@id\":\"https:\\\/\\\/exaudi.org\\\/es\\\/peru-iglesia-llama-a-trabajar-unidos-por-la-estabilidad-politica\\\/#breadcrumb\"},\"inLanguage\":\"es\",\"potentialAction\":[{\"@type\":\"ReadAction\",\"target\":[\"https:\\\/\\\/exaudi.org\\\/es\\\/peru-iglesia-llama-a-trabajar-unidos-por-la-estabilidad-politica\\\/\"]}]},{\"@type\":\"ImageObject\",\"inLanguage\":\"es\",\"@id\":\"https:\\\/\\\/exaudi.org\\\/es\\\/peru-iglesia-llama-a-trabajar-unidos-por-la-estabilidad-politica\\\/#primaryimage\",\"url\":\"https:\\\/\\\/exaudi.org\\\/wp-content\\\/uploads\\\/2022\\\/02\\\/Gobierno-de-Peru-octubre-2021.jpg\",\"contentUrl\":\"https:\\\/\\\/exaudi.org\\\/wp-content\\\/uploads\\\/2022\\\/02\\\/Gobierno-de-Peru-octubre-2021.jpg\",\"width\":800,\"height\":445,\"caption\":\"Gobierno de Per\u00fa, octubre 2021 \u00a9 Vatican Media\"},{\"@type\":\"BreadcrumbList\",\"@id\":\"https:\\\/\\\/exaudi.org\\\/es\\\/peru-iglesia-llama-a-trabajar-unidos-por-la-estabilidad-politica\\\/#breadcrumb\",\"itemListElement\":[{\"@type\":\"ListItem\",\"position\":1,\"name\":\"Portada\",\"item\":\"https:\\\/\\\/exaudi.org\\\/es\\\/\"},{\"@type\":\"ListItem\",\"position\":2,\"name\":\"Per\u00fa: Iglesia llama a trabajar unidos por estabilidad pol\u00edtica\"}]},{\"@type\":\"WebSite\",\"@id\":\"https:\\\/\\\/exaudi.org\\\/#website\",\"url\":\"https:\\\/\\\/exaudi.org\\\/\",\"name\":\"Exaudi\",\"description\":\"News\",\"potentialAction\":[{\"@type\":\"SearchAction\",\"target\":{\"@type\":\"EntryPoint\",\"urlTemplate\":\"https:\\\/\\\/exaudi.org\\\/?s={search_term_string}\"},\"query-input\":{\"@type\":\"PropertyValueSpecification\",\"valueRequired\":true,\"valueName\":\"search_term_string\"}}],\"inLanguage\":\"es\"},{\"@type\":\"Person\",\"@id\":\"https:\\\/\\\/exaudi.org\\\/#\\\/schema\\\/person\\\/7d2f77db033c2c0929edfab6dbe8c588\",\"name\":\"Larissa I. L\u00f3pez\",\"image\":{\"@type\":\"ImageObject\",\"inLanguage\":\"es\",\"@id\":\"https:\\\/\\\/secure.gravatar.com\\\/avatar\\\/db3ef399ff343d0bb9d25dc5198bc8ece5ac6d621eca79876697a354dabc1e3f?s=96&d=mm&r=g\",\"url\":\"https:\\\/\\\/secure.gravatar.com\\\/avatar\\\/db3ef399ff343d0bb9d25dc5198bc8ece5ac6d621eca79876697a354dabc1e3f?s=96&d=mm&r=g\",\"contentUrl\":\"https:\\\/\\\/secure.gravatar.com\\\/avatar\\\/db3ef399ff343d0bb9d25dc5198bc8ece5ac6d621eca79876697a354dabc1e3f?s=96&d=mm&r=g\",\"caption\":\"Larissa I. L\u00f3pez\"},\"description\":\"Doctora en Comunicaci\u00f3n. Mi trayectoria profesional ha transcurrido entre el \u00e1mbito de la comunicaci\u00f3n y el de la docencia. En los \u00faltimos a\u00f1os, he trabajado como coordinadora y redactora de la edici\u00f3n de ZENIT en espa\u00f1ol. Como profesora, he impartido clases en la universidad y en centros de FP y bachillerato. Cordobesa de nacimiento, tambi\u00e9n he vivido en Sevilla, Madrid y Roma\",\"url\":\"https:\\\/\\\/exaudi.org\\\/es\\\/author\\\/llopezexaudi-org\\\/\"}]}<\/script>\n<!-- \/ Yoast SEO plugin. -->","yoast_head_json":{"title":"Per\u00fa: Iglesia llama a trabajar unidos por estabilidad pol\u00edtica &#8211; Exaudi","description":"Ante la crisis pol\u00edtica, los obispos peruanos emiten un mensaje titulado \u201cUrge la estabilidad pol\u00edtica en Per\u00fa\u201d","robots":{"index":"index","follow":"follow","max-snippet":"max-snippet:-1","max-image-preview":"max-image-preview:large","max-video-preview":"max-video-preview:-1"},"canonical":"https:\/\/exaudi.org\/es\/peru-iglesia-llama-a-trabajar-unidos-por-la-estabilidad-politica\/","og_locale":"es_ES","og_type":"article","og_title":"Per\u00fa: Iglesia llama a trabajar unidos por estabilidad pol\u00edtica &#8211; Exaudi","og_description":"Ante la crisis pol\u00edtica, los obispos peruanos emiten un mensaje titulado \u201cUrge la estabilidad pol\u00edtica en Per\u00fa\u201d","og_url":"https:\/\/exaudi.org\/es\/peru-iglesia-llama-a-trabajar-unidos-por-la-estabilidad-politica\/","og_site_name":"Exaudi","article_publisher":"https:\/\/www.facebook.com\/ExaudiNews","article_published_time":"2022-02-09T09:24:53+00:00","article_modified_time":"2022-02-09T13:47:55+00:00","og_image":[{"width":800,"height":445,"url":"https:\/\/exaudi.org\/wp-content\/uploads\/2022\/02\/Gobierno-de-Peru-octubre-2021.jpg","type":"image\/jpeg"}],"author":"Larissa I. L\u00f3pez","twitter_card":"summary_large_image","twitter_creator":"@Exaudi_News","twitter_site":"@Exaudi_News","twitter_misc":{"Escrito por":"Larissa I. L\u00f3pez","Tiempo de lectura":"4 minutos"},"schema":{"@context":"https:\/\/schema.org","@graph":[{"@type":"Article","@id":"https:\/\/exaudi.org\/es\/peru-iglesia-llama-a-trabajar-unidos-por-la-estabilidad-politica\/#article","isPartOf":{"@id":"https:\/\/exaudi.org\/es\/peru-iglesia-llama-a-trabajar-unidos-por-la-estabilidad-politica\/"},"author":{"name":"Larissa I. L\u00f3pez","@id":"https:\/\/exaudi.org\/#\/schema\/person\/7d2f77db033c2c0929edfab6dbe8c588"},"headline":"Per\u00fa: Iglesia llama a trabajar unidos por estabilidad pol\u00edtica","datePublished":"2022-02-09T09:24:53+00:00","dateModified":"2022-02-09T13:47:55+00:00","mainEntityOfPage":{"@id":"https:\/\/exaudi.org\/es\/peru-iglesia-llama-a-trabajar-unidos-por-la-estabilidad-politica\/"},"wordCount":729,"image":{"@id":"https:\/\/exaudi.org\/es\/peru-iglesia-llama-a-trabajar-unidos-por-la-estabilidad-politica\/#primaryimage"},"thumbnailUrl":"https:\/\/exaudi.org\/wp-content\/uploads\/2022\/02\/Gobierno-de-Peru-octubre-2021.jpg","keywords":["Conferencia Episcopal Peruana (CEP)","Per\u00fa","Pol\u00edtica"],"articleSection":["Iglesia Local"],"inLanguage":"es"},{"@type":"WebPage","@id":"https:\/\/exaudi.org\/es\/peru-iglesia-llama-a-trabajar-unidos-por-la-estabilidad-politica\/","url":"https:\/\/exaudi.org\/es\/peru-iglesia-llama-a-trabajar-unidos-por-la-estabilidad-politica\/","name":"Per\u00fa: Iglesia llama a trabajar unidos por estabilidad pol\u00edtica &#8211; Exaudi","isPartOf":{"@id":"https:\/\/exaudi.org\/#website"},"primaryImageOfPage":{"@id":"https:\/\/exaudi.org\/es\/peru-iglesia-llama-a-trabajar-unidos-por-la-estabilidad-politica\/#primaryimage"},"image":{"@id":"https:\/\/exaudi.org\/es\/peru-iglesia-llama-a-trabajar-unidos-por-la-estabilidad-politica\/#primaryimage"},"thumbnailUrl":"https:\/\/exaudi.org\/wp-content\/uploads\/2022\/02\/Gobierno-de-Peru-octubre-2021.jpg","datePublished":"2022-02-09T09:24:53+00:00","dateModified":"2022-02-09T13:47:55+00:00","author":{"@id":"https:\/\/exaudi.org\/#\/schema\/person\/7d2f77db033c2c0929edfab6dbe8c588"},"description":"Ante la crisis pol\u00edtica, los obispos peruanos emiten un mensaje titulado \u201cUrge la estabilidad pol\u00edtica en Per\u00fa\u201d","breadcrumb":{"@id":"https:\/\/exaudi.org\/es\/peru-iglesia-llama-a-trabajar-unidos-por-la-estabilidad-politica\/#breadcrumb"},"inLanguage":"es","potentialAction":[{"@type":"ReadAction","target":["https:\/\/exaudi.org\/es\/peru-iglesia-llama-a-trabajar-unidos-por-la-estabilidad-politica\/"]}]},{"@type":"ImageObject","inLanguage":"es","@id":"https:\/\/exaudi.org\/es\/peru-iglesia-llama-a-trabajar-unidos-por-la-estabilidad-politica\/#primaryimage","url":"https:\/\/exaudi.org\/wp-content\/uploads\/2022\/02\/Gobierno-de-Peru-octubre-2021.jpg","contentUrl":"https:\/\/exaudi.org\/wp-content\/uploads\/2022\/02\/Gobierno-de-Peru-octubre-2021.jpg","width":800,"height":445,"caption":"Gobierno de Per\u00fa, octubre 2021 \u00a9 Vatican Media"},{"@type":"BreadcrumbList","@id":"https:\/\/exaudi.org\/es\/peru-iglesia-llama-a-trabajar-unidos-por-la-estabilidad-politica\/#breadcrumb","itemListElement":[{"@type":"ListItem","position":1,"name":"Portada","item":"https:\/\/exaudi.org\/es\/"},{"@type":"ListItem","position":2,"name":"Per\u00fa: Iglesia llama a trabajar unidos por estabilidad pol\u00edtica"}]},{"@type":"WebSite","@id":"https:\/\/exaudi.org\/#website","url":"https:\/\/exaudi.org\/","name":"Exaudi","description":"News","potentialAction":[{"@type":"SearchAction","target":{"@type":"EntryPoint","urlTemplate":"https:\/\/exaudi.org\/?s={search_term_string}"},"query-input":{"@type":"PropertyValueSpecification","valueRequired":true,"valueName":"search_term_string"}}],"inLanguage":"es"},{"@type":"Person","@id":"https:\/\/exaudi.org\/#\/schema\/person\/7d2f77db033c2c0929edfab6dbe8c588","name":"Larissa I. L\u00f3pez","image":{"@type":"ImageObject","inLanguage":"es","@id":"https:\/\/secure.gravatar.com\/avatar\/db3ef399ff343d0bb9d25dc5198bc8ece5ac6d621eca79876697a354dabc1e3f?s=96&d=mm&r=g","url":"https:\/\/secure.gravatar.com\/avatar\/db3ef399ff343d0bb9d25dc5198bc8ece5ac6d621eca79876697a354dabc1e3f?s=96&d=mm&r=g","contentUrl":"https:\/\/secure.gravatar.com\/avatar\/db3ef399ff343d0bb9d25dc5198bc8ece5ac6d621eca79876697a354dabc1e3f?s=96&d=mm&r=g","caption":"Larissa I. L\u00f3pez"},"description":"Doctora en Comunicaci\u00f3n. Mi trayectoria profesional ha transcurrido entre el \u00e1mbito de la comunicaci\u00f3n y el de la docencia. En los \u00faltimos a\u00f1os, he trabajado como coordinadora y redactora de la edici\u00f3n de ZENIT en espa\u00f1ol. Como profesora, he impartido clases en la universidad y en centros de FP y bachillerato. Cordobesa de nacimiento, tambi\u00e9n he vivido en Sevilla, Madrid y Roma","url":"https:\/\/exaudi.org\/es\/author\/llopezexaudi-org\/"}]}},"jetpack_featured_media_url":"https:\/\/exaudi.org\/wp-content\/uploads\/2022\/02\/Gobierno-de-Peru-octubre-2021.jpg","jetpack_shortlink":"https:\/\/wp.me\/pgKjF2-drA","_links":{"self":[{"href":"https:\/\/exaudi.org\/es\/wp-json\/wp\/v2\/posts\/51682","targetHints":{"allow":["GET"]}}],"collection":[{"href":"https:\/\/exaudi.org\/es\/wp-json\/wp\/v2\/posts"}],"about":[{"href":"https:\/\/exaudi.org\/es\/wp-json\/wp\/v2\/types\/post"}],"author":[{"embeddable":true,"href":"https:\/\/exaudi.org\/es\/wp-json\/wp\/v2\/users\/5"}],"replies":[{"embeddable":true,"href":"https:\/\/exaudi.org\/es\/wp-json\/wp\/v2\/comments?post=51682"}],"version-history":[{"count":0,"href":"https:\/\/exaudi.org\/es\/wp-json\/wp\/v2\/posts\/51682\/revisions"}],"wp:featuredmedia":[{"embeddable":true,"href":"https:\/\/exaudi.org\/es\/wp-json\/wp\/v2\/media\/51683"}],"wp:attachment":[{"href":"https:\/\/exaudi.org\/es\/wp-json\/wp\/v2\/media?parent=51682"}],"wp:term":[{"taxonomy":"category","embeddable":true,"href":"https:\/\/exaudi.org\/es\/wp-json\/wp\/v2\/categories?post=51682"},{"taxonomy":"post_tag","embeddable":true,"href":"https:\/\/exaudi.org\/es\/wp-json\/wp\/v2\/tags?post=51682"}],"curies":[{"name":"wp","href":"https:\/\/api.w.org\/{rel}","templated":true}]}}