{"id":51681,"date":"2022-02-09T10:25:34","date_gmt":"2022-02-09T09:25:34","guid":{"rendered":"https:\/\/exaudi.org\/?p=51681"},"modified":"2022-02-09T10:32:23","modified_gmt":"2022-02-09T09:32:23","slug":"ucrania-papa-dialogo-serio-tensiones","status":"publish","type":"post","link":"https:\/\/exaudi.org\/es\/ucrania-papa-dialogo-serio-tensiones\/","title":{"rendered":"Ucrania: El Papa pide que el \u201cdi\u00e1logo serio\u201d supere las tensiones"},"content":{"rendered":"<p>\u201cAgradezco a las personas de comunidades que el 26 de enero pasado se unieron a la oraci\u00f3n por la paz en Ucrania\u201d, ha expresado el Papa Francisco al final de la <a href=\"https:\/\/exaudi.org\/es\/muerte-pasaje-necesario-estar-siempre-cristo\/\" target=\"_blank\" rel=\"noopener\">audiencia general<\/a> de este mi\u00e9rcoles, 9 de febrero de 2022, previamente al correspondiente saludo a los fieles de lengua italiana.<\/p>\n<p>Del mismo modo, el Santo Padre ha suplicado al Dios de la Paz para que \u201clas tensiones y las amenazas de guerra sean superadas a trav\u00e9s de un di\u00e1logo serio\u201d, y que este fin pueda tambi\u00e9n concluir \u201clos coloquios de Normand\u00eda\u201d. Por \u00faltimo, el Papa ha llamado a no olvidar que \u201cla guerra es una locura\u201d.<\/p>\n<h2>Ucrania, un pueblo sufriente<\/h2>\n<p>Para concluir la audiencia general del pasado 26 de enero de 2022, Jornada de Oraci\u00f3n convocada por la paz en Ucrania, <a href=\"https:\/\/exaudi.org\/es\/el-papa-ucrania-pueblo-sufriente-paz\/\" target=\"_blank\" rel=\"noopener\">Su Santidad invit\u00f3 a rezar<\/a> por el pa\u00eds eslavo:\u00a0\u00a0\u201cPidamos al Se\u00f1or con insistencia que esa tierra vea florecer la fraternidad y supere las heridas, los miedos y las divisiones\u201d.<\/p>\n<p>\u201cHemos hablado del holocausto. Pero piensen que (tambi\u00e9n en Ucrania) m\u00e1s de cinco millones fueron aniquilados durante la \u00faltima guerra. Son un pueblo que sufre; han pasado hambre, han sufrido mucha crueldad y merecen la paz\u201d, describi\u00f3.\u00a0\u201cQue las oraciones e invocaciones que hoy se elevan al cielo toquen la mente y el coraz\u00f3n de los responsables en la tierra, para que prevalezca el di\u00e1logo y se anteponga el bien de todos a los intereses partidistas\u201d, agreg\u00f3.<\/p>\n<p>Finalmente, el <a href=\"https:\/\/www.vatican.va\/content\/francesco\/es.html\" target=\"_blank\" rel=\"noopener\">Obispo de Roma<\/a> pidi\u00f3 orar \u201cpor la paz con el Padrenuestro: es la oraci\u00f3n de los hijos que se dirigen al mismo Padre, es la oraci\u00f3n que nos hermana, es la oraci\u00f3n de los hermanos que imploran la reconciliaci\u00f3n y la concordia. Pero por favor, nunca la guerra\u201d.<\/p>\n","protected":false},"excerpt":{"rendered":"<p>Llamamiento del Santo Padre a la paz<\/p>\n","protected":false},"author":6,"featured_media":51686,"comment_status":"closed","ping_status":"closed","sticky":false,"template":"","format":"standard","meta":{"_acf_changed":false,"_crdt_document":"","inline_featured_image":false,"footnotes":""},"categories":[112],"tags":[179,158,4953,1235],"class_list":["post-51681","post","type-post","status-publish","format-standard","has-post-thumbnail","hentry","category-audiencia-general","tag-audiencia-general","tag-papa-francisco","tag-trending-es","tag-ucrania"],"acf":[],"yoast_head":"<!-- This site is optimized with the Yoast SEO plugin v27.5 - https:\/\/yoast.com\/product\/yoast-seo-wordpress\/ -->\n<title>Ucrania: El Papa pide que el \u201cdi\u00e1logo serio\u201d supere las tensiones<\/title>\n<meta name=\"description\" content=\"El Papa Francisco ha agradecido a las personas de comunidades su oraci\u00f3n por la paz en Ucrania el pasado 26 de enero de 2022.\" \/>\n<meta name=\"robots\" content=\"index, follow, max-snippet:-1, max-image-preview:large, max-video-preview:-1\" \/>\n<link rel=\"canonical\" href=\"https:\/\/exaudi.org\/es\/ucrania-papa-dialogo-serio-tensiones\/\" \/>\n<meta property=\"og:locale\" content=\"es_ES\" \/>\n<meta property=\"og:type\" content=\"article\" \/>\n<meta property=\"og:title\" content=\"Ucrania: El Papa pide que el \u201cdi\u00e1logo serio\u201d supere las tensiones\" \/>\n<meta property=\"og:description\" content=\"El Papa Francisco ha agradecido a las personas de comunidades su oraci\u00f3n por la paz en Ucrania el pasado 26 de enero de 2022.\" \/>\n<meta property=\"og:url\" content=\"https:\/\/exaudi.org\/es\/ucrania-papa-dialogo-serio-tensiones\/\" \/>\n<meta property=\"og:site_name\" content=\"Exaudi\" \/>\n<meta property=\"article:publisher\" content=\"https:\/\/www.facebook.com\/ExaudiNews\" \/>\n<meta property=\"article:published_time\" content=\"2022-02-09T09:25:34+00:00\" \/>\n<meta property=\"article:modified_time\" content=\"2022-02-09T09:32:23+00:00\" \/>\n<meta property=\"og:image\" content=\"https:\/\/exaudi.org\/wp-content\/uploads\/2022\/02\/65s4d6f5s4d6f5s4d6f54sd-scaled.jpg\" \/>\n\t<meta property=\"og:image:width\" content=\"2560\" \/>\n\t<meta property=\"og:image:height\" content=\"1707\" \/>\n\t<meta property=\"og:image:type\" content=\"image\/jpeg\" \/>\n<meta name=\"author\" content=\"Gabriel Sales\" \/>\n<meta name=\"twitter:card\" content=\"summary_large_image\" \/>\n<meta name=\"twitter:creator\" content=\"@habemusman\" \/>\n<meta name=\"twitter:site\" content=\"@Exaudi_News\" \/>\n<meta name=\"twitter:label1\" content=\"Escrito por\" \/>\n\t<meta name=\"twitter:data1\" content=\"Gabriel Sales\" \/>\n\t<meta name=\"twitter:label2\" content=\"Tiempo de lectura\" \/>\n\t<meta name=\"twitter:data2\" content=\"2 minutos\" \/>\n<script type=\"application\/ld+json\" class=\"yoast-schema-graph\">{\"@context\":\"https:\\\/\\\/schema.org\",\"@graph\":[{\"@type\":\"Article\",\"@id\":\"https:\\\/\\\/exaudi.org\\\/es\\\/ucrania-papa-dialogo-serio-tensiones\\\/#article\",\"isPartOf\":{\"@id\":\"https:\\\/\\\/exaudi.org\\\/es\\\/ucrania-papa-dialogo-serio-tensiones\\\/\"},\"author\":{\"name\":\"Gabriel Sales\",\"@id\":\"https:\\\/\\\/exaudi.org\\\/#\\\/schema\\\/person\\\/d134b96438278131ce90c90c03fda6cd\"},\"headline\":\"Ucrania: El Papa pide que el \u201cdi\u00e1logo serio\u201d supere las tensiones\",\"datePublished\":\"2022-02-09T09:25:34+00:00\",\"dateModified\":\"2022-02-09T09:32:23+00:00\",\"mainEntityOfPage\":{\"@id\":\"https:\\\/\\\/exaudi.org\\\/es\\\/ucrania-papa-dialogo-serio-tensiones\\\/\"},\"wordCount\":313,\"image\":{\"@id\":\"https:\\\/\\\/exaudi.org\\\/es\\\/ucrania-papa-dialogo-serio-tensiones\\\/#primaryimage\"},\"thumbnailUrl\":\"https:\\\/\\\/exaudi.org\\\/wp-content\\\/uploads\\\/2022\\\/02\\\/65s4d6f5s4d6f5s4d6f54sd-scaled.jpg\",\"keywords\":[\"audiencia general\",\"papa francisco\",\"Trending\",\"Ucrania\"],\"articleSection\":[\"Audiencia General\"],\"inLanguage\":\"es\"},{\"@type\":\"WebPage\",\"@id\":\"https:\\\/\\\/exaudi.org\\\/es\\\/ucrania-papa-dialogo-serio-tensiones\\\/\",\"url\":\"https:\\\/\\\/exaudi.org\\\/es\\\/ucrania-papa-dialogo-serio-tensiones\\\/\",\"name\":\"Ucrania: El Papa pide que el \u201cdi\u00e1logo serio\u201d supere las tensiones\",\"isPartOf\":{\"@id\":\"https:\\\/\\\/exaudi.org\\\/#website\"},\"primaryImageOfPage\":{\"@id\":\"https:\\\/\\\/exaudi.org\\\/es\\\/ucrania-papa-dialogo-serio-tensiones\\\/#primaryimage\"},\"image\":{\"@id\":\"https:\\\/\\\/exaudi.org\\\/es\\\/ucrania-papa-dialogo-serio-tensiones\\\/#primaryimage\"},\"thumbnailUrl\":\"https:\\\/\\\/exaudi.org\\\/wp-content\\\/uploads\\\/2022\\\/02\\\/65s4d6f5s4d6f5s4d6f54sd-scaled.jpg\",\"datePublished\":\"2022-02-09T09:25:34+00:00\",\"dateModified\":\"2022-02-09T09:32:23+00:00\",\"author\":{\"@id\":\"https:\\\/\\\/exaudi.org\\\/#\\\/schema\\\/person\\\/d134b96438278131ce90c90c03fda6cd\"},\"description\":\"El Papa Francisco ha agradecido a las personas de comunidades su oraci\u00f3n por la paz en Ucrania el pasado 26 de enero de 2022.\",\"breadcrumb\":{\"@id\":\"https:\\\/\\\/exaudi.org\\\/es\\\/ucrania-papa-dialogo-serio-tensiones\\\/#breadcrumb\"},\"inLanguage\":\"es\",\"potentialAction\":[{\"@type\":\"ReadAction\",\"target\":[\"https:\\\/\\\/exaudi.org\\\/es\\\/ucrania-papa-dialogo-serio-tensiones\\\/\"]}]},{\"@type\":\"ImageObject\",\"inLanguage\":\"es\",\"@id\":\"https:\\\/\\\/exaudi.org\\\/es\\\/ucrania-papa-dialogo-serio-tensiones\\\/#primaryimage\",\"url\":\"https:\\\/\\\/exaudi.org\\\/wp-content\\\/uploads\\\/2022\\\/02\\\/65s4d6f5s4d6f5s4d6f54sd-scaled.jpg\",\"contentUrl\":\"https:\\\/\\\/exaudi.org\\\/wp-content\\\/uploads\\\/2022\\\/02\\\/65s4d6f5s4d6f5s4d6f54sd-scaled.jpg\",\"width\":2560,\"height\":1707,\"caption\":\"Audiencia general, 9 febrero de 2022 \u00a9 Vatican Media\"},{\"@type\":\"BreadcrumbList\",\"@id\":\"https:\\\/\\\/exaudi.org\\\/es\\\/ucrania-papa-dialogo-serio-tensiones\\\/#breadcrumb\",\"itemListElement\":[{\"@type\":\"ListItem\",\"position\":1,\"name\":\"Portada\",\"item\":\"https:\\\/\\\/exaudi.org\\\/es\\\/\"},{\"@type\":\"ListItem\",\"position\":2,\"name\":\"Ucrania: El Papa pide que el \u201cdi\u00e1logo serio\u201d supere las tensiones\"}]},{\"@type\":\"WebSite\",\"@id\":\"https:\\\/\\\/exaudi.org\\\/#website\",\"url\":\"https:\\\/\\\/exaudi.org\\\/\",\"name\":\"Exaudi\",\"description\":\"News\",\"potentialAction\":[{\"@type\":\"SearchAction\",\"target\":{\"@type\":\"EntryPoint\",\"urlTemplate\":\"https:\\\/\\\/exaudi.org\\\/?s={search_term_string}\"},\"query-input\":{\"@type\":\"PropertyValueSpecification\",\"valueRequired\":true,\"valueName\":\"search_term_string\"}}],\"inLanguage\":\"es\"},{\"@type\":\"Person\",\"@id\":\"https:\\\/\\\/exaudi.org\\\/#\\\/schema\\\/person\\\/d134b96438278131ce90c90c03fda6cd\",\"name\":\"Gabriel Sales\",\"image\":{\"@type\":\"ImageObject\",\"inLanguage\":\"es\",\"@id\":\"https:\\\/\\\/secure.gravatar.com\\\/avatar\\\/9b1269566f6a063ed26ffb3532b66a373cdde231ce5d0effb266167437fdaffd?s=96&d=mm&r=g\",\"url\":\"https:\\\/\\\/secure.gravatar.com\\\/avatar\\\/9b1269566f6a063ed26ffb3532b66a373cdde231ce5d0effb266167437fdaffd?s=96&d=mm&r=g\",\"contentUrl\":\"https:\\\/\\\/secure.gravatar.com\\\/avatar\\\/9b1269566f6a063ed26ffb3532b66a373cdde231ce5d0effb266167437fdaffd?s=96&d=mm&r=g\",\"caption\":\"Gabriel Sales\"},\"description\":\"Periodista y especialista en Comunicaci\u00f3n y Branding digital. Cin\u00e9filo y cr\u00edtico de cine y series de televisi\u00f3n.\",\"sameAs\":[\"https:\\\/\\\/www.instagram.com\\\/cine90segundos\\\/\",\"www.linkedin.com\\\/in\\\/habemusman\",\"https:\\\/\\\/x.com\\\/habemusman\",\"https:\\\/\\\/www.youtube.com\\\/channel\\\/UCVfCiOMkJ_C7T7OpyjuaLDg\"],\"url\":\"https:\\\/\\\/exaudi.org\\\/es\\\/author\\\/gsalesexaudi-org\\\/\"}]}<\/script>\n<!-- \/ Yoast SEO plugin. -->","yoast_head_json":{"title":"Ucrania: El Papa pide que el \u201cdi\u00e1logo serio\u201d supere las tensiones","description":"El Papa Francisco ha agradecido a las personas de comunidades su oraci\u00f3n por la paz en Ucrania el pasado 26 de enero de 2022.","robots":{"index":"index","follow":"follow","max-snippet":"max-snippet:-1","max-image-preview":"max-image-preview:large","max-video-preview":"max-video-preview:-1"},"canonical":"https:\/\/exaudi.org\/es\/ucrania-papa-dialogo-serio-tensiones\/","og_locale":"es_ES","og_type":"article","og_title":"Ucrania: El Papa pide que el \u201cdi\u00e1logo serio\u201d supere las tensiones","og_description":"El Papa Francisco ha agradecido a las personas de comunidades su oraci\u00f3n por la paz en Ucrania el pasado 26 de enero de 2022.","og_url":"https:\/\/exaudi.org\/es\/ucrania-papa-dialogo-serio-tensiones\/","og_site_name":"Exaudi","article_publisher":"https:\/\/www.facebook.com\/ExaudiNews","article_published_time":"2022-02-09T09:25:34+00:00","article_modified_time":"2022-02-09T09:32:23+00:00","og_image":[{"width":2560,"height":1707,"url":"https:\/\/exaudi.org\/wp-content\/uploads\/2022\/02\/65s4d6f5s4d6f5s4d6f54sd-scaled.jpg","type":"image\/jpeg"}],"author":"Gabriel Sales","twitter_card":"summary_large_image","twitter_creator":"@habemusman","twitter_site":"@Exaudi_News","twitter_misc":{"Escrito por":"Gabriel Sales","Tiempo de lectura":"2 minutos"},"schema":{"@context":"https:\/\/schema.org","@graph":[{"@type":"Article","@id":"https:\/\/exaudi.org\/es\/ucrania-papa-dialogo-serio-tensiones\/#article","isPartOf":{"@id":"https:\/\/exaudi.org\/es\/ucrania-papa-dialogo-serio-tensiones\/"},"author":{"name":"Gabriel Sales","@id":"https:\/\/exaudi.org\/#\/schema\/person\/d134b96438278131ce90c90c03fda6cd"},"headline":"Ucrania: El Papa pide que el \u201cdi\u00e1logo serio\u201d supere las tensiones","datePublished":"2022-02-09T09:25:34+00:00","dateModified":"2022-02-09T09:32:23+00:00","mainEntityOfPage":{"@id":"https:\/\/exaudi.org\/es\/ucrania-papa-dialogo-serio-tensiones\/"},"wordCount":313,"image":{"@id":"https:\/\/exaudi.org\/es\/ucrania-papa-dialogo-serio-tensiones\/#primaryimage"},"thumbnailUrl":"https:\/\/exaudi.org\/wp-content\/uploads\/2022\/02\/65s4d6f5s4d6f5s4d6f54sd-scaled.jpg","keywords":["audiencia general","papa francisco","Trending","Ucrania"],"articleSection":["Audiencia General"],"inLanguage":"es"},{"@type":"WebPage","@id":"https:\/\/exaudi.org\/es\/ucrania-papa-dialogo-serio-tensiones\/","url":"https:\/\/exaudi.org\/es\/ucrania-papa-dialogo-serio-tensiones\/","name":"Ucrania: El Papa pide que el \u201cdi\u00e1logo serio\u201d supere las tensiones","isPartOf":{"@id":"https:\/\/exaudi.org\/#website"},"primaryImageOfPage":{"@id":"https:\/\/exaudi.org\/es\/ucrania-papa-dialogo-serio-tensiones\/#primaryimage"},"image":{"@id":"https:\/\/exaudi.org\/es\/ucrania-papa-dialogo-serio-tensiones\/#primaryimage"},"thumbnailUrl":"https:\/\/exaudi.org\/wp-content\/uploads\/2022\/02\/65s4d6f5s4d6f5s4d6f54sd-scaled.jpg","datePublished":"2022-02-09T09:25:34+00:00","dateModified":"2022-02-09T09:32:23+00:00","author":{"@id":"https:\/\/exaudi.org\/#\/schema\/person\/d134b96438278131ce90c90c03fda6cd"},"description":"El Papa Francisco ha agradecido a las personas de comunidades su oraci\u00f3n por la paz en Ucrania el pasado 26 de enero de 2022.","breadcrumb":{"@id":"https:\/\/exaudi.org\/es\/ucrania-papa-dialogo-serio-tensiones\/#breadcrumb"},"inLanguage":"es","potentialAction":[{"@type":"ReadAction","target":["https:\/\/exaudi.org\/es\/ucrania-papa-dialogo-serio-tensiones\/"]}]},{"@type":"ImageObject","inLanguage":"es","@id":"https:\/\/exaudi.org\/es\/ucrania-papa-dialogo-serio-tensiones\/#primaryimage","url":"https:\/\/exaudi.org\/wp-content\/uploads\/2022\/02\/65s4d6f5s4d6f5s4d6f54sd-scaled.jpg","contentUrl":"https:\/\/exaudi.org\/wp-content\/uploads\/2022\/02\/65s4d6f5s4d6f5s4d6f54sd-scaled.jpg","width":2560,"height":1707,"caption":"Audiencia general, 9 febrero de 2022 \u00a9 Vatican Media"},{"@type":"BreadcrumbList","@id":"https:\/\/exaudi.org\/es\/ucrania-papa-dialogo-serio-tensiones\/#breadcrumb","itemListElement":[{"@type":"ListItem","position":1,"name":"Portada","item":"https:\/\/exaudi.org\/es\/"},{"@type":"ListItem","position":2,"name":"Ucrania: El Papa pide que el \u201cdi\u00e1logo serio\u201d supere las tensiones"}]},{"@type":"WebSite","@id":"https:\/\/exaudi.org\/#website","url":"https:\/\/exaudi.org\/","name":"Exaudi","description":"News","potentialAction":[{"@type":"SearchAction","target":{"@type":"EntryPoint","urlTemplate":"https:\/\/exaudi.org\/?s={search_term_string}"},"query-input":{"@type":"PropertyValueSpecification","valueRequired":true,"valueName":"search_term_string"}}],"inLanguage":"es"},{"@type":"Person","@id":"https:\/\/exaudi.org\/#\/schema\/person\/d134b96438278131ce90c90c03fda6cd","name":"Gabriel Sales","image":{"@type":"ImageObject","inLanguage":"es","@id":"https:\/\/secure.gravatar.com\/avatar\/9b1269566f6a063ed26ffb3532b66a373cdde231ce5d0effb266167437fdaffd?s=96&d=mm&r=g","url":"https:\/\/secure.gravatar.com\/avatar\/9b1269566f6a063ed26ffb3532b66a373cdde231ce5d0effb266167437fdaffd?s=96&d=mm&r=g","contentUrl":"https:\/\/secure.gravatar.com\/avatar\/9b1269566f6a063ed26ffb3532b66a373cdde231ce5d0effb266167437fdaffd?s=96&d=mm&r=g","caption":"Gabriel Sales"},"description":"Periodista y especialista en Comunicaci\u00f3n y Branding digital. Cin\u00e9filo y cr\u00edtico de cine y series de televisi\u00f3n.","sameAs":["https:\/\/www.instagram.com\/cine90segundos\/","www.linkedin.com\/in\/habemusman","https:\/\/x.com\/habemusman","https:\/\/www.youtube.com\/channel\/UCVfCiOMkJ_C7T7OpyjuaLDg"],"url":"https:\/\/exaudi.org\/es\/author\/gsalesexaudi-org\/"}]}},"jetpack_featured_media_url":"https:\/\/exaudi.org\/wp-content\/uploads\/2022\/02\/65s4d6f5s4d6f5s4d6f54sd-scaled.jpg","jetpack_shortlink":"https:\/\/wp.me\/pgKjF2-drz","_links":{"self":[{"href":"https:\/\/exaudi.org\/es\/wp-json\/wp\/v2\/posts\/51681","targetHints":{"allow":["GET"]}}],"collection":[{"href":"https:\/\/exaudi.org\/es\/wp-json\/wp\/v2\/posts"}],"about":[{"href":"https:\/\/exaudi.org\/es\/wp-json\/wp\/v2\/types\/post"}],"author":[{"embeddable":true,"href":"https:\/\/exaudi.org\/es\/wp-json\/wp\/v2\/users\/6"}],"replies":[{"embeddable":true,"href":"https:\/\/exaudi.org\/es\/wp-json\/wp\/v2\/comments?post=51681"}],"version-history":[{"count":0,"href":"https:\/\/exaudi.org\/es\/wp-json\/wp\/v2\/posts\/51681\/revisions"}],"wp:featuredmedia":[{"embeddable":true,"href":"https:\/\/exaudi.org\/es\/wp-json\/wp\/v2\/media\/51686"}],"wp:attachment":[{"href":"https:\/\/exaudi.org\/es\/wp-json\/wp\/v2\/media?parent=51681"}],"wp:term":[{"taxonomy":"category","embeddable":true,"href":"https:\/\/exaudi.org\/es\/wp-json\/wp\/v2\/categories?post=51681"},{"taxonomy":"post_tag","embeddable":true,"href":"https:\/\/exaudi.org\/es\/wp-json\/wp\/v2\/tags?post=51681"}],"curies":[{"name":"wp","href":"https:\/\/api.w.org\/{rel}","templated":true}]}}