{"id":51672,"date":"2022-02-09T10:30:09","date_gmt":"2022-02-09T09:30:09","guid":{"rendered":"https:\/\/exaudi.org\/?p=51672"},"modified":"2022-02-09T15:48:25","modified_gmt":"2022-02-09T14:48:25","slug":"muerte-pasaje-necesario-estar-siempre-cristo","status":"publish","type":"post","link":"https:\/\/exaudi.org\/es\/muerte-pasaje-necesario-estar-siempre-cristo\/","title":{"rendered":"La muerte, \u201cpasaje necesario para estar siempre\u201d con Cristo"},"content":{"rendered":"<p>\u201cLa cultura actual ha tratado de eliminar la realidad de la muerte del horizonte humano, o disimularla; sin embargo, la pandemia de coronavirus la ha vuelto a poner en evidencia. La muerte forma, pues, parte de la vida de toda persona; y s\u00f3lo la fe en la Resurrecci\u00f3n de Cristo nos otorga la fuerza para afrontarla cristianamente, sin miedo, como un pasaje necesario para estar siempre con \u00c9l\u201d, ha explicado el Papa Francisco.<\/p>\n<p>Durante la audiencia general de hoy, 9 de febrero de 2022, el Santo Padre ha continuado con el ciclo de catequesis sobre la figura del padre de Jes\u00fas en la tierra, reflexionando sobre el tema: \u201cSan Jos\u00e9, patr\u00f3n de la buena muerte\u201d (<a href=\"https:\/\/www.sanpablo.es\/biblia-latinoamericana\/la-biblia\/nuevo-testamento\/evangelio-segun-mateo\/24\" target=\"_blank\" rel=\"noopener\">Mt 24,42.45-47<\/a>).<\/p>\n<p><img loading=\"lazy\" decoding=\"async\" class=\"alignleft size-medium wp-image-51766\" src=\"https:\/\/exaudi.org\/wp-content\/uploads\/2022\/02\/MTC0474-300x200.jpg\" alt=\"muerte pasaje Cristo\" width=\"300\" height=\"200\" srcset=\"https:\/\/exaudi.org\/wp-content\/uploads\/2022\/02\/MTC0474-300x200.jpg 300w, https:\/\/exaudi.org\/wp-content\/uploads\/2022\/02\/MTC0474-1024x683.jpg 1024w, https:\/\/exaudi.org\/wp-content\/uploads\/2022\/02\/MTC0474-770x513.jpg 770w, https:\/\/exaudi.org\/wp-content\/uploads\/2022\/02\/MTC0474-1536x1024.jpg 1536w, https:\/\/exaudi.org\/wp-content\/uploads\/2022\/02\/MTC0474-2048x1365.jpg 2048w, https:\/\/exaudi.org\/wp-content\/uploads\/2022\/02\/MTC0474-360x240.jpg?crop=1 360w, https:\/\/exaudi.org\/wp-content\/uploads\/2022\/02\/MTC0474-500x333.jpg 500w, https:\/\/exaudi.org\/wp-content\/uploads\/2022\/02\/MTC0474-1155x770.jpg 1155w, https:\/\/exaudi.org\/wp-content\/uploads\/2022\/02\/MTC0474-370x247.jpg 370w, https:\/\/exaudi.org\/wp-content\/uploads\/2022\/02\/MTC0474-293x195.jpg 293w, https:\/\/exaudi.org\/wp-content\/uploads\/2022\/02\/MTC0474-1400x933.jpg 1400w, https:\/\/exaudi.org\/wp-content\/uploads\/2022\/02\/MTC0474-120x80.jpg 120w, https:\/\/exaudi.org\/wp-content\/uploads\/2022\/02\/MTC0474-240x160.jpg 240w, https:\/\/exaudi.org\/wp-content\/uploads\/2022\/02\/MTC0474-390x260.jpg 390w\" sizes=\"auto, (max-width: 300px) 100vw, 300px\" \/><\/p>\n<p>Francisco expone que \u201cla muerte, iluminada por el misterio del Se\u00f1or resucitado, nos ayuda a ver la vida con mirada nueva, como una ocasi\u00f3n que Dios nos da para amar a los dem\u00e1s y hacer el bien, quitando del coraz\u00f3n ambici\u00f3n, el rencor y el resentimiento. El Evangelio nos recuerda, adem\u00e1s, que la muerte llegar\u00e1 como un ladr\u00f3n, cuando menos la esperamos\u201d.<\/p>\n<p>El Evangelio, describe el Papa, \u201cnos recuerda, adem\u00e1s, que la muerte llegar\u00e1 como un ladr\u00f3n, cuando menos la esperamos\u201d. Esta realidad, contin\u00faa, nos lleva a dos consideraciones para creyentes y no creyentes. La primera, indica, \u201ces que la muerte no es un derecho, no podemos programarla, tampoco evitarla, por lo que una ensa\u00f1amiento terap\u00e9utico, en vez de aliviarlo, es inmoral\u201d. La segunda, concluye, \u201ces que toda persona tiene derecho a la vida, a los cuidados m\u00e9dicos y a los cuidados paliativos, especialmente los ancianos, para afrontar la muerte de la manera m\u00e1s humana posible\u201d.<\/p>\n<p>Despu\u00e9s, Su Santidad ha saludad cordialmente a los peregrinos de lengua espa\u00f1ola presentes en la audiencia: \u201cPidamos a san Jos\u00e9 que nos ayude a aceptar el misterio de la muerte con esp\u00edritu cristiano, y que nos alcance del Se\u00f1or Jes\u00fas la gracia de experimentar la misericordia del Padre, sobre todo en ese momento de nuestra vida que nos toque pasar por la puerta oscura de la muerte\u201d.<\/p>\n","protected":false},"excerpt":{"rendered":"<p>Palabras del Santo Padre en espa\u00f1ol<\/p>\n","protected":false},"author":6,"featured_media":51773,"comment_status":"closed","ping_status":"closed","sticky":false,"template":"","format":"standard","meta":{"_acf_changed":false,"_crdt_document":"","inline_featured_image":false,"footnotes":""},"categories":[112],"tags":[179,182,1317,814],"class_list":["post-51672","post","type-post","status-publish","format-standard","has-post-thumbnail","hentry","category-audiencia-general","tag-audiencia-general","tag-catequesis","tag-muerte","tag-san-jose"],"acf":[],"yoast_head":"<!-- This site is optimized with the Yoast SEO plugin v27.5 - https:\/\/yoast.com\/product\/yoast-seo-wordpress\/ -->\n<title>La muerte, \u201cpasaje necesario para estar siempre\u201d con Cristo - Exaudi<\/title>\n<meta name=\"description\" content=\"\u201cSolo la fe en la Resurrecci\u00f3n de Cristo nos da la fuerza para\u201d afrontar la muerte como \u201cun pasaje necesario para estar siempre con \u00c9l\u201d\" \/>\n<meta name=\"robots\" content=\"index, follow, max-snippet:-1, max-image-preview:large, max-video-preview:-1\" \/>\n<link rel=\"canonical\" href=\"https:\/\/exaudi.org\/es\/muerte-pasaje-necesario-estar-siempre-cristo\/\" \/>\n<meta property=\"og:locale\" content=\"es_ES\" \/>\n<meta property=\"og:type\" content=\"article\" \/>\n<meta property=\"og:title\" content=\"La muerte, \u201cpasaje necesario para estar siempre\u201d con Cristo - Exaudi\" \/>\n<meta property=\"og:description\" content=\"\u201cSolo la fe en la Resurrecci\u00f3n de Cristo nos da la fuerza para\u201d afrontar la muerte como \u201cun pasaje necesario para estar siempre con \u00c9l\u201d\" \/>\n<meta property=\"og:url\" content=\"https:\/\/exaudi.org\/es\/muerte-pasaje-necesario-estar-siempre-cristo\/\" \/>\n<meta property=\"og:site_name\" content=\"Exaudi\" \/>\n<meta property=\"article:publisher\" content=\"https:\/\/www.facebook.com\/ExaudiNews\" \/>\n<meta property=\"article:published_time\" content=\"2022-02-09T09:30:09+00:00\" \/>\n<meta property=\"article:modified_time\" content=\"2022-02-09T14:48:25+00:00\" \/>\n<meta property=\"og:image\" content=\"https:\/\/exaudi.org\/wp-content\/uploads\/2022\/02\/123asd-scaled.jpg\" \/>\n\t<meta property=\"og:image:width\" content=\"2560\" \/>\n\t<meta property=\"og:image:height\" content=\"1707\" \/>\n\t<meta property=\"og:image:type\" content=\"image\/jpeg\" \/>\n<meta name=\"author\" content=\"Gabriel Sales\" \/>\n<meta name=\"twitter:card\" content=\"summary_large_image\" \/>\n<meta name=\"twitter:creator\" content=\"@habemusman\" \/>\n<meta name=\"twitter:site\" content=\"@Exaudi_News\" \/>\n<meta name=\"twitter:label1\" content=\"Escrito por\" \/>\n\t<meta name=\"twitter:data1\" content=\"Gabriel Sales\" \/>\n\t<meta name=\"twitter:label2\" content=\"Tiempo de lectura\" \/>\n\t<meta name=\"twitter:data2\" content=\"2 minutos\" \/>\n<script type=\"application\/ld+json\" class=\"yoast-schema-graph\">{\"@context\":\"https:\\\/\\\/schema.org\",\"@graph\":[{\"@type\":\"Article\",\"@id\":\"https:\\\/\\\/exaudi.org\\\/es\\\/muerte-pasaje-necesario-estar-siempre-cristo\\\/#article\",\"isPartOf\":{\"@id\":\"https:\\\/\\\/exaudi.org\\\/es\\\/muerte-pasaje-necesario-estar-siempre-cristo\\\/\"},\"author\":{\"name\":\"Gabriel Sales\",\"@id\":\"https:\\\/\\\/exaudi.org\\\/#\\\/schema\\\/person\\\/d134b96438278131ce90c90c03fda6cd\"},\"headline\":\"La muerte, \u201cpasaje necesario para estar siempre\u201d con Cristo\",\"datePublished\":\"2022-02-09T09:30:09+00:00\",\"dateModified\":\"2022-02-09T14:48:25+00:00\",\"mainEntityOfPage\":{\"@id\":\"https:\\\/\\\/exaudi.org\\\/es\\\/muerte-pasaje-necesario-estar-siempre-cristo\\\/\"},\"wordCount\":370,\"image\":{\"@id\":\"https:\\\/\\\/exaudi.org\\\/es\\\/muerte-pasaje-necesario-estar-siempre-cristo\\\/#primaryimage\"},\"thumbnailUrl\":\"https:\\\/\\\/exaudi.org\\\/wp-content\\\/uploads\\\/2022\\\/02\\\/123asd-scaled.jpg\",\"keywords\":[\"audiencia general\",\"catequesis\",\"Muerte\",\"San Jos\u00e9\"],\"articleSection\":[\"Audiencia General\"],\"inLanguage\":\"es\"},{\"@type\":\"WebPage\",\"@id\":\"https:\\\/\\\/exaudi.org\\\/es\\\/muerte-pasaje-necesario-estar-siempre-cristo\\\/\",\"url\":\"https:\\\/\\\/exaudi.org\\\/es\\\/muerte-pasaje-necesario-estar-siempre-cristo\\\/\",\"name\":\"La muerte, \u201cpasaje necesario para estar siempre\u201d con Cristo - Exaudi\",\"isPartOf\":{\"@id\":\"https:\\\/\\\/exaudi.org\\\/#website\"},\"primaryImageOfPage\":{\"@id\":\"https:\\\/\\\/exaudi.org\\\/es\\\/muerte-pasaje-necesario-estar-siempre-cristo\\\/#primaryimage\"},\"image\":{\"@id\":\"https:\\\/\\\/exaudi.org\\\/es\\\/muerte-pasaje-necesario-estar-siempre-cristo\\\/#primaryimage\"},\"thumbnailUrl\":\"https:\\\/\\\/exaudi.org\\\/wp-content\\\/uploads\\\/2022\\\/02\\\/123asd-scaled.jpg\",\"datePublished\":\"2022-02-09T09:30:09+00:00\",\"dateModified\":\"2022-02-09T14:48:25+00:00\",\"author\":{\"@id\":\"https:\\\/\\\/exaudi.org\\\/#\\\/schema\\\/person\\\/d134b96438278131ce90c90c03fda6cd\"},\"description\":\"\u201cSolo la fe en la Resurrecci\u00f3n de Cristo nos da la fuerza para\u201d afrontar la muerte como \u201cun pasaje necesario para estar siempre con \u00c9l\u201d\",\"breadcrumb\":{\"@id\":\"https:\\\/\\\/exaudi.org\\\/es\\\/muerte-pasaje-necesario-estar-siempre-cristo\\\/#breadcrumb\"},\"inLanguage\":\"es\",\"potentialAction\":[{\"@type\":\"ReadAction\",\"target\":[\"https:\\\/\\\/exaudi.org\\\/es\\\/muerte-pasaje-necesario-estar-siempre-cristo\\\/\"]}]},{\"@type\":\"ImageObject\",\"inLanguage\":\"es\",\"@id\":\"https:\\\/\\\/exaudi.org\\\/es\\\/muerte-pasaje-necesario-estar-siempre-cristo\\\/#primaryimage\",\"url\":\"https:\\\/\\\/exaudi.org\\\/wp-content\\\/uploads\\\/2022\\\/02\\\/123asd-scaled.jpg\",\"contentUrl\":\"https:\\\/\\\/exaudi.org\\\/wp-content\\\/uploads\\\/2022\\\/02\\\/123asd-scaled.jpg\",\"width\":2560,\"height\":1707,\"caption\":\"Audiencia general, 9 febrero 2022 \u00a9 Vatican Media\"},{\"@type\":\"BreadcrumbList\",\"@id\":\"https:\\\/\\\/exaudi.org\\\/es\\\/muerte-pasaje-necesario-estar-siempre-cristo\\\/#breadcrumb\",\"itemListElement\":[{\"@type\":\"ListItem\",\"position\":1,\"name\":\"Portada\",\"item\":\"https:\\\/\\\/exaudi.org\\\/es\\\/\"},{\"@type\":\"ListItem\",\"position\":2,\"name\":\"La muerte, \u201cpasaje necesario para estar siempre\u201d con Cristo\"}]},{\"@type\":\"WebSite\",\"@id\":\"https:\\\/\\\/exaudi.org\\\/#website\",\"url\":\"https:\\\/\\\/exaudi.org\\\/\",\"name\":\"Exaudi\",\"description\":\"News\",\"potentialAction\":[{\"@type\":\"SearchAction\",\"target\":{\"@type\":\"EntryPoint\",\"urlTemplate\":\"https:\\\/\\\/exaudi.org\\\/?s={search_term_string}\"},\"query-input\":{\"@type\":\"PropertyValueSpecification\",\"valueRequired\":true,\"valueName\":\"search_term_string\"}}],\"inLanguage\":\"es\"},{\"@type\":\"Person\",\"@id\":\"https:\\\/\\\/exaudi.org\\\/#\\\/schema\\\/person\\\/d134b96438278131ce90c90c03fda6cd\",\"name\":\"Gabriel Sales\",\"image\":{\"@type\":\"ImageObject\",\"inLanguage\":\"es\",\"@id\":\"https:\\\/\\\/secure.gravatar.com\\\/avatar\\\/9b1269566f6a063ed26ffb3532b66a373cdde231ce5d0effb266167437fdaffd?s=96&d=mm&r=g\",\"url\":\"https:\\\/\\\/secure.gravatar.com\\\/avatar\\\/9b1269566f6a063ed26ffb3532b66a373cdde231ce5d0effb266167437fdaffd?s=96&d=mm&r=g\",\"contentUrl\":\"https:\\\/\\\/secure.gravatar.com\\\/avatar\\\/9b1269566f6a063ed26ffb3532b66a373cdde231ce5d0effb266167437fdaffd?s=96&d=mm&r=g\",\"caption\":\"Gabriel Sales\"},\"description\":\"Periodista y especialista en Comunicaci\u00f3n y Branding digital. Cin\u00e9filo y cr\u00edtico de cine y series de televisi\u00f3n.\",\"sameAs\":[\"https:\\\/\\\/www.instagram.com\\\/cine90segundos\\\/\",\"www.linkedin.com\\\/in\\\/habemusman\",\"https:\\\/\\\/x.com\\\/habemusman\",\"https:\\\/\\\/www.youtube.com\\\/channel\\\/UCVfCiOMkJ_C7T7OpyjuaLDg\"],\"url\":\"https:\\\/\\\/exaudi.org\\\/es\\\/author\\\/gsalesexaudi-org\\\/\"}]}<\/script>\n<!-- \/ Yoast SEO plugin. -->","yoast_head_json":{"title":"La muerte, \u201cpasaje necesario para estar siempre\u201d con Cristo - Exaudi","description":"\u201cSolo la fe en la Resurrecci\u00f3n de Cristo nos da la fuerza para\u201d afrontar la muerte como \u201cun pasaje necesario para estar siempre con \u00c9l\u201d","robots":{"index":"index","follow":"follow","max-snippet":"max-snippet:-1","max-image-preview":"max-image-preview:large","max-video-preview":"max-video-preview:-1"},"canonical":"https:\/\/exaudi.org\/es\/muerte-pasaje-necesario-estar-siempre-cristo\/","og_locale":"es_ES","og_type":"article","og_title":"La muerte, \u201cpasaje necesario para estar siempre\u201d con Cristo - Exaudi","og_description":"\u201cSolo la fe en la Resurrecci\u00f3n de Cristo nos da la fuerza para\u201d afrontar la muerte como \u201cun pasaje necesario para estar siempre con \u00c9l\u201d","og_url":"https:\/\/exaudi.org\/es\/muerte-pasaje-necesario-estar-siempre-cristo\/","og_site_name":"Exaudi","article_publisher":"https:\/\/www.facebook.com\/ExaudiNews","article_published_time":"2022-02-09T09:30:09+00:00","article_modified_time":"2022-02-09T14:48:25+00:00","og_image":[{"width":2560,"height":1707,"url":"https:\/\/exaudi.org\/wp-content\/uploads\/2022\/02\/123asd-scaled.jpg","type":"image\/jpeg"}],"author":"Gabriel Sales","twitter_card":"summary_large_image","twitter_creator":"@habemusman","twitter_site":"@Exaudi_News","twitter_misc":{"Escrito por":"Gabriel Sales","Tiempo de lectura":"2 minutos"},"schema":{"@context":"https:\/\/schema.org","@graph":[{"@type":"Article","@id":"https:\/\/exaudi.org\/es\/muerte-pasaje-necesario-estar-siempre-cristo\/#article","isPartOf":{"@id":"https:\/\/exaudi.org\/es\/muerte-pasaje-necesario-estar-siempre-cristo\/"},"author":{"name":"Gabriel Sales","@id":"https:\/\/exaudi.org\/#\/schema\/person\/d134b96438278131ce90c90c03fda6cd"},"headline":"La muerte, \u201cpasaje necesario para estar siempre\u201d con Cristo","datePublished":"2022-02-09T09:30:09+00:00","dateModified":"2022-02-09T14:48:25+00:00","mainEntityOfPage":{"@id":"https:\/\/exaudi.org\/es\/muerte-pasaje-necesario-estar-siempre-cristo\/"},"wordCount":370,"image":{"@id":"https:\/\/exaudi.org\/es\/muerte-pasaje-necesario-estar-siempre-cristo\/#primaryimage"},"thumbnailUrl":"https:\/\/exaudi.org\/wp-content\/uploads\/2022\/02\/123asd-scaled.jpg","keywords":["audiencia general","catequesis","Muerte","San Jos\u00e9"],"articleSection":["Audiencia General"],"inLanguage":"es"},{"@type":"WebPage","@id":"https:\/\/exaudi.org\/es\/muerte-pasaje-necesario-estar-siempre-cristo\/","url":"https:\/\/exaudi.org\/es\/muerte-pasaje-necesario-estar-siempre-cristo\/","name":"La muerte, \u201cpasaje necesario para estar siempre\u201d con Cristo - Exaudi","isPartOf":{"@id":"https:\/\/exaudi.org\/#website"},"primaryImageOfPage":{"@id":"https:\/\/exaudi.org\/es\/muerte-pasaje-necesario-estar-siempre-cristo\/#primaryimage"},"image":{"@id":"https:\/\/exaudi.org\/es\/muerte-pasaje-necesario-estar-siempre-cristo\/#primaryimage"},"thumbnailUrl":"https:\/\/exaudi.org\/wp-content\/uploads\/2022\/02\/123asd-scaled.jpg","datePublished":"2022-02-09T09:30:09+00:00","dateModified":"2022-02-09T14:48:25+00:00","author":{"@id":"https:\/\/exaudi.org\/#\/schema\/person\/d134b96438278131ce90c90c03fda6cd"},"description":"\u201cSolo la fe en la Resurrecci\u00f3n de Cristo nos da la fuerza para\u201d afrontar la muerte como \u201cun pasaje necesario para estar siempre con \u00c9l\u201d","breadcrumb":{"@id":"https:\/\/exaudi.org\/es\/muerte-pasaje-necesario-estar-siempre-cristo\/#breadcrumb"},"inLanguage":"es","potentialAction":[{"@type":"ReadAction","target":["https:\/\/exaudi.org\/es\/muerte-pasaje-necesario-estar-siempre-cristo\/"]}]},{"@type":"ImageObject","inLanguage":"es","@id":"https:\/\/exaudi.org\/es\/muerte-pasaje-necesario-estar-siempre-cristo\/#primaryimage","url":"https:\/\/exaudi.org\/wp-content\/uploads\/2022\/02\/123asd-scaled.jpg","contentUrl":"https:\/\/exaudi.org\/wp-content\/uploads\/2022\/02\/123asd-scaled.jpg","width":2560,"height":1707,"caption":"Audiencia general, 9 febrero 2022 \u00a9 Vatican Media"},{"@type":"BreadcrumbList","@id":"https:\/\/exaudi.org\/es\/muerte-pasaje-necesario-estar-siempre-cristo\/#breadcrumb","itemListElement":[{"@type":"ListItem","position":1,"name":"Portada","item":"https:\/\/exaudi.org\/es\/"},{"@type":"ListItem","position":2,"name":"La muerte, \u201cpasaje necesario para estar siempre\u201d con Cristo"}]},{"@type":"WebSite","@id":"https:\/\/exaudi.org\/#website","url":"https:\/\/exaudi.org\/","name":"Exaudi","description":"News","potentialAction":[{"@type":"SearchAction","target":{"@type":"EntryPoint","urlTemplate":"https:\/\/exaudi.org\/?s={search_term_string}"},"query-input":{"@type":"PropertyValueSpecification","valueRequired":true,"valueName":"search_term_string"}}],"inLanguage":"es"},{"@type":"Person","@id":"https:\/\/exaudi.org\/#\/schema\/person\/d134b96438278131ce90c90c03fda6cd","name":"Gabriel Sales","image":{"@type":"ImageObject","inLanguage":"es","@id":"https:\/\/secure.gravatar.com\/avatar\/9b1269566f6a063ed26ffb3532b66a373cdde231ce5d0effb266167437fdaffd?s=96&d=mm&r=g","url":"https:\/\/secure.gravatar.com\/avatar\/9b1269566f6a063ed26ffb3532b66a373cdde231ce5d0effb266167437fdaffd?s=96&d=mm&r=g","contentUrl":"https:\/\/secure.gravatar.com\/avatar\/9b1269566f6a063ed26ffb3532b66a373cdde231ce5d0effb266167437fdaffd?s=96&d=mm&r=g","caption":"Gabriel Sales"},"description":"Periodista y especialista en Comunicaci\u00f3n y Branding digital. Cin\u00e9filo y cr\u00edtico de cine y series de televisi\u00f3n.","sameAs":["https:\/\/www.instagram.com\/cine90segundos\/","www.linkedin.com\/in\/habemusman","https:\/\/x.com\/habemusman","https:\/\/www.youtube.com\/channel\/UCVfCiOMkJ_C7T7OpyjuaLDg"],"url":"https:\/\/exaudi.org\/es\/author\/gsalesexaudi-org\/"}]}},"jetpack_featured_media_url":"https:\/\/exaudi.org\/wp-content\/uploads\/2022\/02\/123asd-scaled.jpg","jetpack_shortlink":"https:\/\/wp.me\/pgKjF2-drq","_links":{"self":[{"href":"https:\/\/exaudi.org\/es\/wp-json\/wp\/v2\/posts\/51672","targetHints":{"allow":["GET"]}}],"collection":[{"href":"https:\/\/exaudi.org\/es\/wp-json\/wp\/v2\/posts"}],"about":[{"href":"https:\/\/exaudi.org\/es\/wp-json\/wp\/v2\/types\/post"}],"author":[{"embeddable":true,"href":"https:\/\/exaudi.org\/es\/wp-json\/wp\/v2\/users\/6"}],"replies":[{"embeddable":true,"href":"https:\/\/exaudi.org\/es\/wp-json\/wp\/v2\/comments?post=51672"}],"version-history":[{"count":0,"href":"https:\/\/exaudi.org\/es\/wp-json\/wp\/v2\/posts\/51672\/revisions"}],"wp:featuredmedia":[{"embeddable":true,"href":"https:\/\/exaudi.org\/es\/wp-json\/wp\/v2\/media\/51773"}],"wp:attachment":[{"href":"https:\/\/exaudi.org\/es\/wp-json\/wp\/v2\/media?parent=51672"}],"wp:term":[{"taxonomy":"category","embeddable":true,"href":"https:\/\/exaudi.org\/es\/wp-json\/wp\/v2\/categories?post=51672"},{"taxonomy":"post_tag","embeddable":true,"href":"https:\/\/exaudi.org\/es\/wp-json\/wp\/v2\/tags?post=51672"}],"curies":[{"name":"wp","href":"https:\/\/api.w.org\/{rel}","templated":true}]}}