{"id":51532,"date":"2022-02-08T09:15:28","date_gmt":"2022-02-08T08:15:28","guid":{"rendered":"https:\/\/exaudi.org\/?p=51532"},"modified":"2022-02-08T10:06:54","modified_gmt":"2022-02-08T09:06:54","slug":"haiti-los-obispos-hacen-un-llamado-urgente-a-la-unidad","status":"publish","type":"post","link":"https:\/\/exaudi.org\/es\/haiti-los-obispos-hacen-un-llamado-urgente-a-la-unidad\/","title":{"rendered":"Hait\u00ed: Obispos hacen llamado urgente a la unidad"},"content":{"rendered":"<p>La Conferencia Episcopal Haitiana ha hecho p\u00fablico un comunicado en el que pide a los pol\u00edticos y a las bandas armadas que eviten que el pa\u00eds se hunda en el caos. As\u00ed ha informado en una nota la fundaci\u00f3n pontificia de <a href=\"https:\/\/www.ayudaalaiglesianecesitada.org\/\" target=\"_blank\" rel=\"noopener\">Ayuda a la Iglesia Necesitada<\/a> difundida el 4 de febrero del 2022.<\/p>\n<figure id=\"attachment_51536\" aria-describedby=\"caption-attachment-51536\" style=\"width: 300px\" class=\"wp-caption alignleft\"><img loading=\"lazy\" decoding=\"async\" class=\"size-medium wp-image-51536\" src=\"https:\/\/exaudi.org\/wp-content\/uploads\/2022\/02\/foto1-300x200.jpg\" alt=\"Hait\u00ed obispos llamado urgente\" width=\"300\" height=\"200\" srcset=\"https:\/\/exaudi.org\/wp-content\/uploads\/2022\/02\/foto1-300x200.jpg 300w, https:\/\/exaudi.org\/wp-content\/uploads\/2022\/02\/foto1-1024x683.jpg 1024w, https:\/\/exaudi.org\/wp-content\/uploads\/2022\/02\/foto1-770x513.jpg 770w, https:\/\/exaudi.org\/wp-content\/uploads\/2022\/02\/foto1-360x240.jpg?crop=1 360w, https:\/\/exaudi.org\/wp-content\/uploads\/2022\/02\/foto1-500x333.jpg 500w, https:\/\/exaudi.org\/wp-content\/uploads\/2022\/02\/foto1-1155x770.jpg 1155w, https:\/\/exaudi.org\/wp-content\/uploads\/2022\/02\/foto1-370x247.jpg 370w, https:\/\/exaudi.org\/wp-content\/uploads\/2022\/02\/foto1-293x195.jpg 293w, https:\/\/exaudi.org\/wp-content\/uploads\/2022\/02\/foto1-1400x933.jpg 1400w, https:\/\/exaudi.org\/wp-content\/uploads\/2022\/02\/foto1-120x80.jpg 120w, https:\/\/exaudi.org\/wp-content\/uploads\/2022\/02\/foto1-240x160.jpg 240w, https:\/\/exaudi.org\/wp-content\/uploads\/2022\/02\/foto1-390x260.jpg 390w, https:\/\/exaudi.org\/wp-content\/uploads\/2022\/02\/foto1.jpg 1500w\" sizes=\"auto, (max-width: 300px) 100vw, 300px\" \/><figcaption id=\"caption-attachment-51536\" class=\"wp-caption-text\">Escuela en Hait\u00ed \u00a9 Diocese Jeremie<\/figcaption><\/figure>\n<p>\u201cEl momento que vivimos\u201d, escriben en el documento enviado a la fundaci\u00f3n internacional <em>Aid to the Church in Need<\/em> (ACN), \u201ces extremadamente grave y particularmente decisivo; es un momento crucial e irreversible de nuestra historia. Lo que est\u00e1 en juego es nuestro presente y nuestro futuro y, por lo tanto, nuestra propia existencia como pueblo, como naci\u00f3n, como Estado. Debemos tomar decisiones valientes y efectivas\u201d.<\/p>\n<p>El lunes 7 de febrero, finalizar\u00eda el mandato del presidente Jovenel Mo\u00efse, si no hubiera sido asesinado en la noche del 6 al 7 de julio de 2021 en su residencia privada. Desde entonces, el pa\u00eds es gobernado por Ariel Henry, designado primer ministro por el presidente asesinado. Sin embargo, se teme que el final del mandato se use como pretexto para desafiar su fr\u00e1gil autoridad.<\/p>\n<p>En <a href=\"https:\/\/exaudi.org\/es\/haiti-instan-a-la-comunidad-internacional-a-reconstruir-el-pais\/\" target=\"_blank\" rel=\"noopener\">Hait\u00ed<\/a>, la violencia ha aumentado dr\u00e1sticamente en los \u00faltimos meses, con delitos relacionados con la droga y los secuestros. Este sufrimiento se vio agravado en agosto por un terremoto de 7,2 grados de magnitud que se cobr\u00f3 m\u00e1s de mil vidas y sumi\u00f3 a la poblaci\u00f3n en una pobreza a\u00fan mayor.<\/p>\n<p>ACN reaccion\u00f3 con un paquete de emergencia para suministrar tiendas de campa\u00f1a, alimentos, agua potable y medicamentos para abordar reparaciones urgentes en casas parroquiales, as\u00ed como se brind\u00f3 asesor\u00eda t\u00e9cnica para ayudar a evaluar los da\u00f1os en 600 edificios. En 2022, se ha aprobado un segundo paquete de ayuda para impulsar la reconstrucci\u00f3n de edificios y estructuras.<\/p>\n<p>\u201cNuestro querido Hait\u00ed est\u00e1 atravesando una etapa dif\u00edcil en su historia\u201d, escriben los obispos. \u201cEl pueblo haitiano no puede m\u00e1s. Est\u00e1 cansado, agotado y exhausto. No es el momento de divisiones, desuni\u00f3n, desacuerdos, discordia y luchas fratricidas por el poder ni de mirar desenfrenada y desvergonzadamente por los intereses propios, ego\u00edstas y mezquinos\u201d, a\u00f1aden los obispos.<\/p>\n<p><img loading=\"lazy\" decoding=\"async\" class=\"size-medium wp-image-51542 alignright\" src=\"https:\/\/exaudi.org\/wp-content\/uploads\/2022\/02\/20100629_041-225x300.jpg\" alt=\"\" width=\"225\" height=\"300\" srcset=\"https:\/\/exaudi.org\/wp-content\/uploads\/2022\/02\/20100629_041-225x300.jpg 225w, https:\/\/exaudi.org\/wp-content\/uploads\/2022\/02\/20100629_041-768x1024.jpg 768w, https:\/\/exaudi.org\/wp-content\/uploads\/2022\/02\/20100629_041-770x1027.jpg 770w, https:\/\/exaudi.org\/wp-content\/uploads\/2022\/02\/20100629_041-1152x1536.jpg 1152w, https:\/\/exaudi.org\/wp-content\/uploads\/2022\/02\/20100629_041-1536x2048.jpg 1536w, https:\/\/exaudi.org\/wp-content\/uploads\/2022\/02\/20100629_041-500x667.jpg 500w, https:\/\/exaudi.org\/wp-content\/uploads\/2022\/02\/20100629_041-293x391.jpg 293w, https:\/\/exaudi.org\/wp-content\/uploads\/2022\/02\/20100629_041-1400x1867.jpg 1400w, https:\/\/exaudi.org\/wp-content\/uploads\/2022\/02\/20100629_041-390x520.jpg 390w, https:\/\/exaudi.org\/wp-content\/uploads\/2022\/02\/20100629_041-scaled.jpg 1920w\" sizes=\"auto, (max-width: 225px) 100vw, 225px\" \/>Por el contrario, los obispos llaman a la unidad y dirigen un llamamiento a todos los protagonistas del \u00e1mbito pol\u00edtico, \u201cpara que lleguen a un consenso lo m\u00e1s amplio posible, que permita una salida definitiva de la crisis\u201d.<\/p>\n<p>Con la mirada puesta en la fecha crucial en que finaliza el mandato presidencial, llaman a todos los haitianos a \u201ctrabajar juntos para que el 7 de febrero sea un d\u00eda de di\u00e1logo, de consenso y de compromiso hist\u00f3rico destinado a unificar a nuestro pueblo y a salvar y transformar nuestro pa\u00eds, que ahora se encuentra al borde del abismo\u201d.<\/p>\n<p>Los obispos se dirigen espec\u00edficamente a los dirigentes, pidi\u00e9ndoles que \u201chagan todo lo posible por restablecer el orden, la paz, la seguridad y el respeto a la vida\u201d. En cuanto a los grupos armados y a los secuestradores, que \u201ccon total impunidad est\u00e1n sembrando la violencia, el miedo, la muerte, el luto, la desolaci\u00f3n y la angustia\u201d, los obispos piden que \u201cdepongan las armas, renuncien a la violencia y a los secuestros, y dejen de derramar la sangre de sus hermanos y hermanas\u201d.<\/p>\n<p>El comunicado fue firmado por todos los obispos de Hait\u00ed el 2 de febrero de 2022.<\/p>\n","protected":false},"excerpt":{"rendered":"<p>En un comunicado dirigido a los pol\u00edticos y a las bandas armadas<\/p>\n","protected":false},"author":89,"featured_media":51533,"comment_status":"closed","ping_status":"closed","sticky":false,"template":"","format":"standard","meta":{"_acf_changed":false,"_crdt_document":"","inline_featured_image":false,"footnotes":""},"categories":[86],"tags":[324,793,4953],"class_list":["post-51532","post","type-post","status-publish","format-standard","has-post-thumbnail","hentry","category-iglesia-local","tag-ayuda-a-la-iglesia-necesitada","tag-haiti","tag-trending-es"],"acf":[],"yoast_head":"<!-- This site is optimized with the Yoast SEO plugin v27.5 - https:\/\/yoast.com\/product\/yoast-seo-wordpress\/ -->\n<title>Hait\u00ed: Obispos hacen llamado urgente a la unidad &#8211; Exaudi<\/title>\n<meta name=\"description\" content=\"Hait\u00ed: Los obispos hacen un llamado urgente a la unidad en un comunicado dirigido a los pol\u00edticos y a las bandas armadas.\" \/>\n<meta name=\"robots\" content=\"index, follow, max-snippet:-1, max-image-preview:large, max-video-preview:-1\" \/>\n<link rel=\"canonical\" href=\"https:\/\/exaudi.org\/es\/haiti-los-obispos-hacen-un-llamado-urgente-a-la-unidad\/\" \/>\n<meta property=\"og:locale\" content=\"es_ES\" \/>\n<meta property=\"og:type\" content=\"article\" \/>\n<meta property=\"og:title\" content=\"Hait\u00ed: Obispos hacen llamado urgente a la unidad &#8211; Exaudi\" \/>\n<meta property=\"og:description\" content=\"Hait\u00ed: Los obispos hacen un llamado urgente a la unidad en un comunicado dirigido a los pol\u00edticos y a las bandas armadas.\" \/>\n<meta property=\"og:url\" content=\"https:\/\/exaudi.org\/es\/haiti-los-obispos-hacen-un-llamado-urgente-a-la-unidad\/\" \/>\n<meta property=\"og:site_name\" content=\"Exaudi\" \/>\n<meta property=\"article:publisher\" content=\"https:\/\/www.facebook.com\/ExaudiNews\" \/>\n<meta property=\"article:author\" content=\"https:\/\/www.facebook.com\/ayudaalaiglesianecesitada\/?ref=ts\" \/>\n<meta property=\"article:published_time\" content=\"2022-02-08T08:15:28+00:00\" \/>\n<meta property=\"article:modified_time\" content=\"2022-02-08T09:06:54+00:00\" \/>\n<meta property=\"og:image\" content=\"https:\/\/exaudi.org\/wp-content\/uploads\/2022\/02\/portada.jpg\" \/>\n\t<meta property=\"og:image:width\" content=\"1500\" \/>\n\t<meta property=\"og:image:height\" content=\"1000\" \/>\n\t<meta property=\"og:image:type\" content=\"image\/jpeg\" \/>\n<meta name=\"author\" content=\"Ayuda a la Iglesia Necesitada\" \/>\n<meta name=\"twitter:card\" content=\"summary_large_image\" \/>\n<meta name=\"twitter:creator\" content=\"@https:\/\/x.com\/AyudaIglesNeces\" \/>\n<meta name=\"twitter:site\" content=\"@Exaudi_News\" \/>\n<meta name=\"twitter:label1\" content=\"Escrito por\" \/>\n\t<meta name=\"twitter:data1\" content=\"Ayuda a la Iglesia Necesitada\" \/>\n\t<meta name=\"twitter:label2\" content=\"Tiempo de lectura\" \/>\n\t<meta name=\"twitter:data2\" content=\"3 minutos\" \/>\n<script type=\"application\/ld+json\" class=\"yoast-schema-graph\">{\"@context\":\"https:\\\/\\\/schema.org\",\"@graph\":[{\"@type\":\"Article\",\"@id\":\"https:\\\/\\\/exaudi.org\\\/es\\\/haiti-los-obispos-hacen-un-llamado-urgente-a-la-unidad\\\/#article\",\"isPartOf\":{\"@id\":\"https:\\\/\\\/exaudi.org\\\/es\\\/haiti-los-obispos-hacen-un-llamado-urgente-a-la-unidad\\\/\"},\"author\":{\"name\":\"Ayuda a la Iglesia Necesitada\",\"@id\":\"https:\\\/\\\/exaudi.org\\\/#\\\/schema\\\/person\\\/d4906ab3b6c174ffe37d722c51c73317\"},\"headline\":\"Hait\u00ed: Obispos hacen llamado urgente a la unidad\",\"datePublished\":\"2022-02-08T08:15:28+00:00\",\"dateModified\":\"2022-02-08T09:06:54+00:00\",\"mainEntityOfPage\":{\"@id\":\"https:\\\/\\\/exaudi.org\\\/es\\\/haiti-los-obispos-hacen-un-llamado-urgente-a-la-unidad\\\/\"},\"wordCount\":588,\"image\":{\"@id\":\"https:\\\/\\\/exaudi.org\\\/es\\\/haiti-los-obispos-hacen-un-llamado-urgente-a-la-unidad\\\/#primaryimage\"},\"thumbnailUrl\":\"https:\\\/\\\/exaudi.org\\\/wp-content\\\/uploads\\\/2022\\\/02\\\/portada.jpg\",\"keywords\":[\"Ayuda a la Iglesia Necesitada\",\"Hait\u00ed\",\"Trending\"],\"articleSection\":[\"Iglesia Local\"],\"inLanguage\":\"es\"},{\"@type\":\"WebPage\",\"@id\":\"https:\\\/\\\/exaudi.org\\\/es\\\/haiti-los-obispos-hacen-un-llamado-urgente-a-la-unidad\\\/\",\"url\":\"https:\\\/\\\/exaudi.org\\\/es\\\/haiti-los-obispos-hacen-un-llamado-urgente-a-la-unidad\\\/\",\"name\":\"Hait\u00ed: Obispos hacen llamado urgente a la unidad &#8211; Exaudi\",\"isPartOf\":{\"@id\":\"https:\\\/\\\/exaudi.org\\\/#website\"},\"primaryImageOfPage\":{\"@id\":\"https:\\\/\\\/exaudi.org\\\/es\\\/haiti-los-obispos-hacen-un-llamado-urgente-a-la-unidad\\\/#primaryimage\"},\"image\":{\"@id\":\"https:\\\/\\\/exaudi.org\\\/es\\\/haiti-los-obispos-hacen-un-llamado-urgente-a-la-unidad\\\/#primaryimage\"},\"thumbnailUrl\":\"https:\\\/\\\/exaudi.org\\\/wp-content\\\/uploads\\\/2022\\\/02\\\/portada.jpg\",\"datePublished\":\"2022-02-08T08:15:28+00:00\",\"dateModified\":\"2022-02-08T09:06:54+00:00\",\"author\":{\"@id\":\"https:\\\/\\\/exaudi.org\\\/#\\\/schema\\\/person\\\/d4906ab3b6c174ffe37d722c51c73317\"},\"description\":\"Hait\u00ed: Los obispos hacen un llamado urgente a la unidad en un comunicado dirigido a los pol\u00edticos y a las bandas armadas.\",\"breadcrumb\":{\"@id\":\"https:\\\/\\\/exaudi.org\\\/es\\\/haiti-los-obispos-hacen-un-llamado-urgente-a-la-unidad\\\/#breadcrumb\"},\"inLanguage\":\"es\",\"potentialAction\":[{\"@type\":\"ReadAction\",\"target\":[\"https:\\\/\\\/exaudi.org\\\/es\\\/haiti-los-obispos-hacen-un-llamado-urgente-a-la-unidad\\\/\"]}]},{\"@type\":\"ImageObject\",\"inLanguage\":\"es\",\"@id\":\"https:\\\/\\\/exaudi.org\\\/es\\\/haiti-los-obispos-hacen-un-llamado-urgente-a-la-unidad\\\/#primaryimage\",\"url\":\"https:\\\/\\\/exaudi.org\\\/wp-content\\\/uploads\\\/2022\\\/02\\\/portada.jpg\",\"contentUrl\":\"https:\\\/\\\/exaudi.org\\\/wp-content\\\/uploads\\\/2022\\\/02\\\/portada.jpg\",\"width\":1500,\"height\":1000,\"caption\":\"Situaci\u00f3n dram\u00e1tica en Hait\u00ed \u00a9 Fr. Baudelaire Martial - CIFOR\"},{\"@type\":\"BreadcrumbList\",\"@id\":\"https:\\\/\\\/exaudi.org\\\/es\\\/haiti-los-obispos-hacen-un-llamado-urgente-a-la-unidad\\\/#breadcrumb\",\"itemListElement\":[{\"@type\":\"ListItem\",\"position\":1,\"name\":\"Portada\",\"item\":\"https:\\\/\\\/exaudi.org\\\/es\\\/\"},{\"@type\":\"ListItem\",\"position\":2,\"name\":\"Hait\u00ed: Obispos hacen llamado urgente a la unidad\"}]},{\"@type\":\"WebSite\",\"@id\":\"https:\\\/\\\/exaudi.org\\\/#website\",\"url\":\"https:\\\/\\\/exaudi.org\\\/\",\"name\":\"Exaudi\",\"description\":\"News\",\"potentialAction\":[{\"@type\":\"SearchAction\",\"target\":{\"@type\":\"EntryPoint\",\"urlTemplate\":\"https:\\\/\\\/exaudi.org\\\/?s={search_term_string}\"},\"query-input\":{\"@type\":\"PropertyValueSpecification\",\"valueRequired\":true,\"valueName\":\"search_term_string\"}}],\"inLanguage\":\"es\"},{\"@type\":\"Person\",\"@id\":\"https:\\\/\\\/exaudi.org\\\/#\\\/schema\\\/person\\\/d4906ab3b6c174ffe37d722c51c73317\",\"name\":\"Ayuda a la Iglesia Necesitada\",\"image\":{\"@type\":\"ImageObject\",\"inLanguage\":\"es\",\"@id\":\"https:\\\/\\\/secure.gravatar.com\\\/avatar\\\/18b646e6575a46729bc25d1c374d5965acb9854728a2929ada390e85905160db?s=96&d=mm&r=g\",\"url\":\"https:\\\/\\\/secure.gravatar.com\\\/avatar\\\/18b646e6575a46729bc25d1c374d5965acb9854728a2929ada390e85905160db?s=96&d=mm&r=g\",\"contentUrl\":\"https:\\\/\\\/secure.gravatar.com\\\/avatar\\\/18b646e6575a46729bc25d1c374d5965acb9854728a2929ada390e85905160db?s=96&d=mm&r=g\",\"caption\":\"Ayuda a la Iglesia Necesitada\"},\"description\":\"Ayuda a la Iglesia Necesitada (ACN) es la Fundaci\u00f3n Pontificia que apoya a la Iglesia cat\u00f3lica en su labor evangelizadora en las comunidades m\u00e1s necesitadas, discriminadas y perseguidas del mundo. Cada a\u00f1o, ACN financia m\u00e1s de 5.000 proyectos pastorales y de emergencia humanitaria en m\u00e1s de 130 pa\u00edses. Cuenta con m\u00e1s de 20 oficinas en el mundo (en Espa\u00f1a desde 1965), dedicadas a informar sobre la realidad de estos cristianos; al fomento de la oraci\u00f3n, y a la recaudaci\u00f3n de fondos para la cobertura de proyectos. El 100% de los proyectos que desarrolla ACN se sostienen gracias a los donativos de personas f\u00edsicas u organizaciones que valoran la labor de la Iglesia en el mundo. La Fundaci\u00f3n no recibe subvenciones de organismos p\u00fablicos.\",\"sameAs\":[\"https:\\\/\\\/www.facebook.com\\\/ayudaalaiglesianecesitada\\\/?ref=ts\",\"https:\\\/\\\/www.instagram.com\\\/ayudaiglesianecesitada\\\/\",\"https:\\\/\\\/x.com\\\/https:\\\/\\\/x.com\\\/AyudaIglesNeces\",\"https:\\\/\\\/www.youtube.com\\\/user\\\/AINorg\"],\"url\":\"https:\\\/\\\/exaudi.org\\\/es\\\/author\\\/ayudaalaiglesianecesitada\\\/\"}]}<\/script>\n<!-- \/ Yoast SEO plugin. -->","yoast_head_json":{"title":"Hait\u00ed: Obispos hacen llamado urgente a la unidad &#8211; Exaudi","description":"Hait\u00ed: Los obispos hacen un llamado urgente a la unidad en un comunicado dirigido a los pol\u00edticos y a las bandas armadas.","robots":{"index":"index","follow":"follow","max-snippet":"max-snippet:-1","max-image-preview":"max-image-preview:large","max-video-preview":"max-video-preview:-1"},"canonical":"https:\/\/exaudi.org\/es\/haiti-los-obispos-hacen-un-llamado-urgente-a-la-unidad\/","og_locale":"es_ES","og_type":"article","og_title":"Hait\u00ed: Obispos hacen llamado urgente a la unidad &#8211; Exaudi","og_description":"Hait\u00ed: Los obispos hacen un llamado urgente a la unidad en un comunicado dirigido a los pol\u00edticos y a las bandas armadas.","og_url":"https:\/\/exaudi.org\/es\/haiti-los-obispos-hacen-un-llamado-urgente-a-la-unidad\/","og_site_name":"Exaudi","article_publisher":"https:\/\/www.facebook.com\/ExaudiNews","article_author":"https:\/\/www.facebook.com\/ayudaalaiglesianecesitada\/?ref=ts","article_published_time":"2022-02-08T08:15:28+00:00","article_modified_time":"2022-02-08T09:06:54+00:00","og_image":[{"width":1500,"height":1000,"url":"https:\/\/exaudi.org\/wp-content\/uploads\/2022\/02\/portada.jpg","type":"image\/jpeg"}],"author":"Ayuda a la Iglesia Necesitada","twitter_card":"summary_large_image","twitter_creator":"@https:\/\/x.com\/AyudaIglesNeces","twitter_site":"@Exaudi_News","twitter_misc":{"Escrito por":"Ayuda a la Iglesia Necesitada","Tiempo de lectura":"3 minutos"},"schema":{"@context":"https:\/\/schema.org","@graph":[{"@type":"Article","@id":"https:\/\/exaudi.org\/es\/haiti-los-obispos-hacen-un-llamado-urgente-a-la-unidad\/#article","isPartOf":{"@id":"https:\/\/exaudi.org\/es\/haiti-los-obispos-hacen-un-llamado-urgente-a-la-unidad\/"},"author":{"name":"Ayuda a la Iglesia Necesitada","@id":"https:\/\/exaudi.org\/#\/schema\/person\/d4906ab3b6c174ffe37d722c51c73317"},"headline":"Hait\u00ed: Obispos hacen llamado urgente a la unidad","datePublished":"2022-02-08T08:15:28+00:00","dateModified":"2022-02-08T09:06:54+00:00","mainEntityOfPage":{"@id":"https:\/\/exaudi.org\/es\/haiti-los-obispos-hacen-un-llamado-urgente-a-la-unidad\/"},"wordCount":588,"image":{"@id":"https:\/\/exaudi.org\/es\/haiti-los-obispos-hacen-un-llamado-urgente-a-la-unidad\/#primaryimage"},"thumbnailUrl":"https:\/\/exaudi.org\/wp-content\/uploads\/2022\/02\/portada.jpg","keywords":["Ayuda a la Iglesia Necesitada","Hait\u00ed","Trending"],"articleSection":["Iglesia Local"],"inLanguage":"es"},{"@type":"WebPage","@id":"https:\/\/exaudi.org\/es\/haiti-los-obispos-hacen-un-llamado-urgente-a-la-unidad\/","url":"https:\/\/exaudi.org\/es\/haiti-los-obispos-hacen-un-llamado-urgente-a-la-unidad\/","name":"Hait\u00ed: Obispos hacen llamado urgente a la unidad &#8211; Exaudi","isPartOf":{"@id":"https:\/\/exaudi.org\/#website"},"primaryImageOfPage":{"@id":"https:\/\/exaudi.org\/es\/haiti-los-obispos-hacen-un-llamado-urgente-a-la-unidad\/#primaryimage"},"image":{"@id":"https:\/\/exaudi.org\/es\/haiti-los-obispos-hacen-un-llamado-urgente-a-la-unidad\/#primaryimage"},"thumbnailUrl":"https:\/\/exaudi.org\/wp-content\/uploads\/2022\/02\/portada.jpg","datePublished":"2022-02-08T08:15:28+00:00","dateModified":"2022-02-08T09:06:54+00:00","author":{"@id":"https:\/\/exaudi.org\/#\/schema\/person\/d4906ab3b6c174ffe37d722c51c73317"},"description":"Hait\u00ed: Los obispos hacen un llamado urgente a la unidad en un comunicado dirigido a los pol\u00edticos y a las bandas armadas.","breadcrumb":{"@id":"https:\/\/exaudi.org\/es\/haiti-los-obispos-hacen-un-llamado-urgente-a-la-unidad\/#breadcrumb"},"inLanguage":"es","potentialAction":[{"@type":"ReadAction","target":["https:\/\/exaudi.org\/es\/haiti-los-obispos-hacen-un-llamado-urgente-a-la-unidad\/"]}]},{"@type":"ImageObject","inLanguage":"es","@id":"https:\/\/exaudi.org\/es\/haiti-los-obispos-hacen-un-llamado-urgente-a-la-unidad\/#primaryimage","url":"https:\/\/exaudi.org\/wp-content\/uploads\/2022\/02\/portada.jpg","contentUrl":"https:\/\/exaudi.org\/wp-content\/uploads\/2022\/02\/portada.jpg","width":1500,"height":1000,"caption":"Situaci\u00f3n dram\u00e1tica en Hait\u00ed \u00a9 Fr. Baudelaire Martial - CIFOR"},{"@type":"BreadcrumbList","@id":"https:\/\/exaudi.org\/es\/haiti-los-obispos-hacen-un-llamado-urgente-a-la-unidad\/#breadcrumb","itemListElement":[{"@type":"ListItem","position":1,"name":"Portada","item":"https:\/\/exaudi.org\/es\/"},{"@type":"ListItem","position":2,"name":"Hait\u00ed: Obispos hacen llamado urgente a la unidad"}]},{"@type":"WebSite","@id":"https:\/\/exaudi.org\/#website","url":"https:\/\/exaudi.org\/","name":"Exaudi","description":"News","potentialAction":[{"@type":"SearchAction","target":{"@type":"EntryPoint","urlTemplate":"https:\/\/exaudi.org\/?s={search_term_string}"},"query-input":{"@type":"PropertyValueSpecification","valueRequired":true,"valueName":"search_term_string"}}],"inLanguage":"es"},{"@type":"Person","@id":"https:\/\/exaudi.org\/#\/schema\/person\/d4906ab3b6c174ffe37d722c51c73317","name":"Ayuda a la Iglesia Necesitada","image":{"@type":"ImageObject","inLanguage":"es","@id":"https:\/\/secure.gravatar.com\/avatar\/18b646e6575a46729bc25d1c374d5965acb9854728a2929ada390e85905160db?s=96&d=mm&r=g","url":"https:\/\/secure.gravatar.com\/avatar\/18b646e6575a46729bc25d1c374d5965acb9854728a2929ada390e85905160db?s=96&d=mm&r=g","contentUrl":"https:\/\/secure.gravatar.com\/avatar\/18b646e6575a46729bc25d1c374d5965acb9854728a2929ada390e85905160db?s=96&d=mm&r=g","caption":"Ayuda a la Iglesia Necesitada"},"description":"Ayuda a la Iglesia Necesitada (ACN) es la Fundaci\u00f3n Pontificia que apoya a la Iglesia cat\u00f3lica en su labor evangelizadora en las comunidades m\u00e1s necesitadas, discriminadas y perseguidas del mundo. Cada a\u00f1o, ACN financia m\u00e1s de 5.000 proyectos pastorales y de emergencia humanitaria en m\u00e1s de 130 pa\u00edses. Cuenta con m\u00e1s de 20 oficinas en el mundo (en Espa\u00f1a desde 1965), dedicadas a informar sobre la realidad de estos cristianos; al fomento de la oraci\u00f3n, y a la recaudaci\u00f3n de fondos para la cobertura de proyectos. El 100% de los proyectos que desarrolla ACN se sostienen gracias a los donativos de personas f\u00edsicas u organizaciones que valoran la labor de la Iglesia en el mundo. La Fundaci\u00f3n no recibe subvenciones de organismos p\u00fablicos.","sameAs":["https:\/\/www.facebook.com\/ayudaalaiglesianecesitada\/?ref=ts","https:\/\/www.instagram.com\/ayudaiglesianecesitada\/","https:\/\/x.com\/https:\/\/x.com\/AyudaIglesNeces","https:\/\/www.youtube.com\/user\/AINorg"],"url":"https:\/\/exaudi.org\/es\/author\/ayudaalaiglesianecesitada\/"}]}},"jetpack_featured_media_url":"https:\/\/exaudi.org\/wp-content\/uploads\/2022\/02\/portada.jpg","jetpack_shortlink":"https:\/\/wp.me\/pgKjF2-dpa","_links":{"self":[{"href":"https:\/\/exaudi.org\/es\/wp-json\/wp\/v2\/posts\/51532","targetHints":{"allow":["GET"]}}],"collection":[{"href":"https:\/\/exaudi.org\/es\/wp-json\/wp\/v2\/posts"}],"about":[{"href":"https:\/\/exaudi.org\/es\/wp-json\/wp\/v2\/types\/post"}],"author":[{"embeddable":true,"href":"https:\/\/exaudi.org\/es\/wp-json\/wp\/v2\/users\/89"}],"replies":[{"embeddable":true,"href":"https:\/\/exaudi.org\/es\/wp-json\/wp\/v2\/comments?post=51532"}],"version-history":[{"count":0,"href":"https:\/\/exaudi.org\/es\/wp-json\/wp\/v2\/posts\/51532\/revisions"}],"wp:featuredmedia":[{"embeddable":true,"href":"https:\/\/exaudi.org\/es\/wp-json\/wp\/v2\/media\/51533"}],"wp:attachment":[{"href":"https:\/\/exaudi.org\/es\/wp-json\/wp\/v2\/media?parent=51532"}],"wp:term":[{"taxonomy":"category","embeddable":true,"href":"https:\/\/exaudi.org\/es\/wp-json\/wp\/v2\/categories?post=51532"},{"taxonomy":"post_tag","embeddable":true,"href":"https:\/\/exaudi.org\/es\/wp-json\/wp\/v2\/tags?post=51532"}],"curies":[{"name":"wp","href":"https:\/\/api.w.org\/{rel}","templated":true}]}}