{"id":51423,"date":"2022-02-07T11:44:53","date_gmt":"2022-02-07T10:44:53","guid":{"rendered":"https:\/\/exaudi.org\/?p=51423"},"modified":"2022-02-07T17:38:08","modified_gmt":"2022-02-07T16:38:08","slug":"mexico-xix-encuentro-de-catequistas-indigenas-y-campesinos-en-mexico","status":"publish","type":"post","link":"https:\/\/exaudi.org\/es\/mexico-xix-encuentro-de-catequistas-indigenas-y-campesinos-en-mexico\/","title":{"rendered":"M\u00e9xico: XIX Encuentro de Catequistas Ind\u00edgenas y Campesinos"},"content":{"rendered":"<p>El XIX Encuentro de Catequistas Ind\u00edgenas y Campesinos se celebrar\u00e1 en M\u00e9xico del 21 al 24 de febrero de 2022 bajo el lema \u201cCatequesis ayer, hoy y siempre\u201d, informa\u00a0ADN CELAM, sistema informativo del <a href=\"https:\/\/www.celam.org\/\" target=\"_blank\" rel=\"noopener\">Consejo Episcopal Latinoamericano (CELAM).<\/a><\/p>\n<p>Una fe poco comprometida, la ausencia de acompa\u00f1amiento a los procesos, la p\u00e9rdida de valores, la crisis de la familia, el individualismo y los efectos de una profunda crisis econ\u00f3mica y laboral, son algunas de las caracter\u00edsticas del medio en el se desarrolla el proyecto de catequesis ind\u00edgena y campesina en M\u00e9xico.<\/p>\n<p>Es posible que, ante estas dificultades, la misi\u00f3n del catequista se sienta como un imposible, una labor casi heroica a la que pocos puedan aspirar sin desfallecer en el intento. Sin embargo, son estas realidades adversas las que se convierten en desaf\u00edos para los hombres y mujeres que, trabajando directamente con las comunidades, transforman los problemas en desaf\u00edos que merecen ser analizados y atendidos pensando en acompa\u00f1ar a ni\u00f1os y adultos a vivir un verdadero encuentro con Dios que les ayude a asumir con fe y serenidad estas realidades ante los cuales la pr\u00e1ctica de los sacramentos enriquece y sostiene.<\/p>\n<h2>Una catequesis con identidad<\/h2>\n<p>Pensando en todo esto, se organiza el XIX Encuentro de Catequistas Ind\u00edgenas y Campesinos. Una iniciativa liderada por la dimensi\u00f3n nacional para la nueva evangelizaci\u00f3n y catequesis del episcopado mexicano. El encuentro, de car\u00e1cter virtual busca profundizar en la identidad de los procesos de catequesis para que sus representantes vivan con mayor conciencia su vocaci\u00f3n como testigos de Cristo con la seguridad de acompa\u00f1ar a las comunidades en su camino de fe. Dentro de las actividades propuestas para el encuentro est\u00e1 el an\u00e1lisis del <a href=\"https:\/\/exaudi.org\/es\/motu-proprio-papa-institucion-ministerio-catequista\/\" target=\"_blank\" rel=\"noopener\"><em>Motu Propio Antiquum Ministerium<\/em><\/a>, la profundizaci\u00f3n en la identidad de la catequesis y la importancia de la sinodalidad en la Iglesia; as\u00ed como las formas en las que se puede vivir la sinodalidad desde el ministerio de los catequistas.<\/p>\n<p>Otro de los puntos centrales del encuentro ser\u00e1 la revisi\u00f3n y posterior an\u00e1lisis de las encuestas sobre los procesos de catequesis en los pueblos ind\u00edgenas y campesinos de M\u00e9xico, actividad que hace parte de esa escucha activa que caracteriza los procesos sinodales y en el que estar\u00e1n dispuestos a escuchar y analizar las inquietudes de los receptores del mensaje de los catequistas.<\/p>\n<h2>Responder a los desaf\u00edos<\/h2>\n<p>Desde 2016, el proyecto de catequesis ind\u00edgena y campesina de M\u00e9xico se ha preocupado por impulsar procesos que respondan a los retos de la nueva evangelizaci\u00f3n, partiendo del encuentro con Cristo, la palabra misericordiosa del Padre buscando que las familias sean protagonistas de la educaci\u00f3n en la fe de sus miembros, adoptando la pedagog\u00eda de Santa Mar\u00eda de Guadalupe.<\/p>\n<p>Tomando como punto de referencia que las culturas campesinas e ind\u00edgenas se est\u00e1n debilitando por diversos factores, se necesita la fuerza del Evangelio y la riqueza de sus valores para que la familia vuelva a evangelizar y se favorezca una formaci\u00f3n integral para los agentes de pastoral que impulse una espiritualidad fuerte, siguiendo procesos y recibiendo el acompa\u00f1amiento a la piedad popular que identifica a las comunidades mexicanas tanto ind\u00edgenas como campesinas.<\/p>\n<p>Solo as\u00ed se podr\u00e1 superar la peligrosa identidad de los cristianos de celebraci\u00f3n sacramental carentes de un acompa\u00f1amiento y sin las suficientes herramientas para usar medios innovadores para el desarrollo de planes y proyectos comunicativos que contribuyan a la catequesis con miras a la preparaci\u00f3n de comunidades ind\u00edgenas y campesinas dispuestas a vivir un discipulado misionero como fruto de la conciencia vocacional que ha de cultivarse en los espacios de catequesis.<\/p>\n<h2>La pedagog\u00eda de Mar\u00eda<\/h2>\n<p>As\u00ed, la propuesta para los catequistas ind\u00edgenas y campesinos de M\u00e9xico es que asuman los agentes de pastoral adopten los rasgos de la pedagog\u00eda de la Guadalupana, que nos invita a saber tomar la iniciativa, propiciar la relaciones entre Dios y sus interlocutores, fomentar el di\u00e1logo, favorecer la identidad cultural y ayudar a los m\u00e1s necesitados.<\/p>\n<p>Todo esto porque en la misi\u00f3n de los catequistas ind\u00edgenas y campesinos de M\u00e9xico urge mantener la integralidad del mensaje evang\u00e9lico, crecer en la interpretaci\u00f3n de la Palabra revelada y su comprensi\u00f3n, lo que implica aprender a vivir la fe en su dimensi\u00f3n comunitaria y evitando reducirla al \u00e1mbito privado e intimista.<\/p>\n","protected":false},"excerpt":{"rendered":"<p>Del 21 al 24 de febrero, bajo el lema \u201cCatequesis ayer, hoy y siempre\u201d,<\/p>\n","protected":false},"author":93,"featured_media":51425,"comment_status":"closed","ping_status":"closed","sticky":false,"template":"","format":"standard","meta":{"_acf_changed":false,"_crdt_document":"","inline_featured_image":false,"footnotes":""},"categories":[86],"tags":[5801,415],"class_list":["post-51423","post","type-post","status-publish","format-standard","has-post-thumbnail","hentry","category-iglesia-local","tag-encuentro-de-catequistas-indigenas","tag-mexico"],"acf":[],"yoast_head":"<!-- This site is optimized with the Yoast SEO plugin v27.5 - https:\/\/yoast.com\/product\/yoast-seo-wordpress\/ -->\n<title>M\u00e9xico: XIX Encuentro de Catequistas Ind\u00edgenas y Campesinos &#8211; Exaudi<\/title>\n<meta name=\"description\" content=\"M\u00e9xico: XIX Encuentro de Catequistas Ind\u00edgenas y Campesinos en M\u00e9xico. Del 21 al 24 de febrero con el lema: Catequesis ayer, hoy y siempre.\" \/>\n<meta name=\"robots\" content=\"index, follow, max-snippet:-1, max-image-preview:large, max-video-preview:-1\" \/>\n<link rel=\"canonical\" href=\"https:\/\/exaudi.org\/es\/mexico-xix-encuentro-de-catequistas-indigenas-y-campesinos-en-mexico\/\" \/>\n<meta property=\"og:locale\" content=\"es_ES\" \/>\n<meta property=\"og:type\" content=\"article\" \/>\n<meta property=\"og:title\" content=\"M\u00e9xico: XIX Encuentro de Catequistas Ind\u00edgenas y Campesinos &#8211; Exaudi\" \/>\n<meta property=\"og:description\" content=\"M\u00e9xico: XIX Encuentro de Catequistas Ind\u00edgenas y Campesinos en M\u00e9xico. Del 21 al 24 de febrero con el lema: Catequesis ayer, hoy y siempre.\" \/>\n<meta property=\"og:url\" content=\"https:\/\/exaudi.org\/es\/mexico-xix-encuentro-de-catequistas-indigenas-y-campesinos-en-mexico\/\" \/>\n<meta property=\"og:site_name\" content=\"Exaudi\" \/>\n<meta property=\"article:publisher\" content=\"https:\/\/www.facebook.com\/ExaudiNews\" \/>\n<meta property=\"article:published_time\" content=\"2022-02-07T10:44:53+00:00\" \/>\n<meta property=\"article:modified_time\" content=\"2022-02-07T16:38:08+00:00\" \/>\n<meta property=\"og:image\" content=\"https:\/\/exaudi.org\/wp-content\/uploads\/2022\/02\/catequista-scaled-1.jpeg\" \/>\n\t<meta property=\"og:image:width\" content=\"1560\" \/>\n\t<meta property=\"og:image:height\" content=\"1170\" \/>\n\t<meta property=\"og:image:type\" content=\"image\/jpeg\" \/>\n<meta name=\"author\" content=\"ADN CELAM\" \/>\n<meta name=\"twitter:card\" content=\"summary_large_image\" \/>\n<meta name=\"twitter:creator\" content=\"@Exaudi_News\" \/>\n<meta name=\"twitter:site\" content=\"@Exaudi_News\" \/>\n<meta name=\"twitter:label1\" content=\"Escrito por\" \/>\n\t<meta name=\"twitter:data1\" content=\"ADN CELAM\" \/>\n\t<meta name=\"twitter:label2\" content=\"Tiempo de lectura\" \/>\n\t<meta name=\"twitter:data2\" content=\"4 minutos\" \/>\n<script type=\"application\/ld+json\" class=\"yoast-schema-graph\">{\"@context\":\"https:\\\/\\\/schema.org\",\"@graph\":[{\"@type\":\"Article\",\"@id\":\"https:\\\/\\\/exaudi.org\\\/es\\\/mexico-xix-encuentro-de-catequistas-indigenas-y-campesinos-en-mexico\\\/#article\",\"isPartOf\":{\"@id\":\"https:\\\/\\\/exaudi.org\\\/es\\\/mexico-xix-encuentro-de-catequistas-indigenas-y-campesinos-en-mexico\\\/\"},\"author\":{\"name\":\"ADN CELAM\",\"@id\":\"https:\\\/\\\/exaudi.org\\\/#\\\/schema\\\/person\\\/fbc491ba5ee575299c5e9bc1b11ccc1f\"},\"headline\":\"M\u00e9xico: XIX Encuentro de Catequistas Ind\u00edgenas y Campesinos\",\"datePublished\":\"2022-02-07T10:44:53+00:00\",\"dateModified\":\"2022-02-07T16:38:08+00:00\",\"mainEntityOfPage\":{\"@id\":\"https:\\\/\\\/exaudi.org\\\/es\\\/mexico-xix-encuentro-de-catequistas-indigenas-y-campesinos-en-mexico\\\/\"},\"wordCount\":760,\"image\":{\"@id\":\"https:\\\/\\\/exaudi.org\\\/es\\\/mexico-xix-encuentro-de-catequistas-indigenas-y-campesinos-en-mexico\\\/#primaryimage\"},\"thumbnailUrl\":\"https:\\\/\\\/exaudi.org\\\/wp-content\\\/uploads\\\/2022\\\/02\\\/catequista-scaled-1.jpeg\",\"keywords\":[\"Encuentro de Catequistas Ind\u00edgenas\",\"M\u00e9xico\"],\"articleSection\":[\"Iglesia Local\"],\"inLanguage\":\"es\"},{\"@type\":\"WebPage\",\"@id\":\"https:\\\/\\\/exaudi.org\\\/es\\\/mexico-xix-encuentro-de-catequistas-indigenas-y-campesinos-en-mexico\\\/\",\"url\":\"https:\\\/\\\/exaudi.org\\\/es\\\/mexico-xix-encuentro-de-catequistas-indigenas-y-campesinos-en-mexico\\\/\",\"name\":\"M\u00e9xico: XIX Encuentro de Catequistas Ind\u00edgenas y Campesinos &#8211; Exaudi\",\"isPartOf\":{\"@id\":\"https:\\\/\\\/exaudi.org\\\/#website\"},\"primaryImageOfPage\":{\"@id\":\"https:\\\/\\\/exaudi.org\\\/es\\\/mexico-xix-encuentro-de-catequistas-indigenas-y-campesinos-en-mexico\\\/#primaryimage\"},\"image\":{\"@id\":\"https:\\\/\\\/exaudi.org\\\/es\\\/mexico-xix-encuentro-de-catequistas-indigenas-y-campesinos-en-mexico\\\/#primaryimage\"},\"thumbnailUrl\":\"https:\\\/\\\/exaudi.org\\\/wp-content\\\/uploads\\\/2022\\\/02\\\/catequista-scaled-1.jpeg\",\"datePublished\":\"2022-02-07T10:44:53+00:00\",\"dateModified\":\"2022-02-07T16:38:08+00:00\",\"author\":{\"@id\":\"https:\\\/\\\/exaudi.org\\\/#\\\/schema\\\/person\\\/fbc491ba5ee575299c5e9bc1b11ccc1f\"},\"description\":\"M\u00e9xico: XIX Encuentro de Catequistas Ind\u00edgenas y Campesinos en M\u00e9xico. Del 21 al 24 de febrero con el lema: Catequesis ayer, hoy y siempre.\",\"breadcrumb\":{\"@id\":\"https:\\\/\\\/exaudi.org\\\/es\\\/mexico-xix-encuentro-de-catequistas-indigenas-y-campesinos-en-mexico\\\/#breadcrumb\"},\"inLanguage\":\"es\",\"potentialAction\":[{\"@type\":\"ReadAction\",\"target\":[\"https:\\\/\\\/exaudi.org\\\/es\\\/mexico-xix-encuentro-de-catequistas-indigenas-y-campesinos-en-mexico\\\/\"]}]},{\"@type\":\"ImageObject\",\"inLanguage\":\"es\",\"@id\":\"https:\\\/\\\/exaudi.org\\\/es\\\/mexico-xix-encuentro-de-catequistas-indigenas-y-campesinos-en-mexico\\\/#primaryimage\",\"url\":\"https:\\\/\\\/exaudi.org\\\/wp-content\\\/uploads\\\/2022\\\/02\\\/catequista-scaled-1.jpeg\",\"contentUrl\":\"https:\\\/\\\/exaudi.org\\\/wp-content\\\/uploads\\\/2022\\\/02\\\/catequista-scaled-1.jpeg\",\"width\":1560,\"height\":1170,\"caption\":\"XIX Encuentro de Catequistas Ind\u00edgenas y Campesinos en M\u00e9xico \u00a9 CELAM\"},{\"@type\":\"BreadcrumbList\",\"@id\":\"https:\\\/\\\/exaudi.org\\\/es\\\/mexico-xix-encuentro-de-catequistas-indigenas-y-campesinos-en-mexico\\\/#breadcrumb\",\"itemListElement\":[{\"@type\":\"ListItem\",\"position\":1,\"name\":\"Portada\",\"item\":\"https:\\\/\\\/exaudi.org\\\/es\\\/\"},{\"@type\":\"ListItem\",\"position\":2,\"name\":\"M\u00e9xico: XIX Encuentro de Catequistas Ind\u00edgenas y Campesinos\"}]},{\"@type\":\"WebSite\",\"@id\":\"https:\\\/\\\/exaudi.org\\\/#website\",\"url\":\"https:\\\/\\\/exaudi.org\\\/\",\"name\":\"Exaudi\",\"description\":\"News\",\"potentialAction\":[{\"@type\":\"SearchAction\",\"target\":{\"@type\":\"EntryPoint\",\"urlTemplate\":\"https:\\\/\\\/exaudi.org\\\/?s={search_term_string}\"},\"query-input\":{\"@type\":\"PropertyValueSpecification\",\"valueRequired\":true,\"valueName\":\"search_term_string\"}}],\"inLanguage\":\"es\"},{\"@type\":\"Person\",\"@id\":\"https:\\\/\\\/exaudi.org\\\/#\\\/schema\\\/person\\\/fbc491ba5ee575299c5e9bc1b11ccc1f\",\"name\":\"ADN CELAM\",\"image\":{\"@type\":\"ImageObject\",\"inLanguage\":\"es\",\"@id\":\"https:\\\/\\\/secure.gravatar.com\\\/avatar\\\/9f35251df285dd73b5052c2ea71d63aa960ac375813315353fd23ad8daf7a7ae?s=96&d=mm&r=g\",\"url\":\"https:\\\/\\\/secure.gravatar.com\\\/avatar\\\/9f35251df285dd73b5052c2ea71d63aa960ac375813315353fd23ad8daf7a7ae?s=96&d=mm&r=g\",\"contentUrl\":\"https:\\\/\\\/secure.gravatar.com\\\/avatar\\\/9f35251df285dd73b5052c2ea71d63aa960ac375813315353fd23ad8daf7a7ae?s=96&d=mm&r=g\",\"caption\":\"ADN CELAM\"},\"description\":\"Sistema informativo del Consejo Episcopal Latinoamericano (CELAM)\",\"url\":\"https:\\\/\\\/exaudi.org\\\/es\\\/author\\\/adncelam\\\/\"}]}<\/script>\n<!-- \/ Yoast SEO plugin. -->","yoast_head_json":{"title":"M\u00e9xico: XIX Encuentro de Catequistas Ind\u00edgenas y Campesinos &#8211; Exaudi","description":"M\u00e9xico: XIX Encuentro de Catequistas Ind\u00edgenas y Campesinos en M\u00e9xico. Del 21 al 24 de febrero con el lema: Catequesis ayer, hoy y siempre.","robots":{"index":"index","follow":"follow","max-snippet":"max-snippet:-1","max-image-preview":"max-image-preview:large","max-video-preview":"max-video-preview:-1"},"canonical":"https:\/\/exaudi.org\/es\/mexico-xix-encuentro-de-catequistas-indigenas-y-campesinos-en-mexico\/","og_locale":"es_ES","og_type":"article","og_title":"M\u00e9xico: XIX Encuentro de Catequistas Ind\u00edgenas y Campesinos &#8211; Exaudi","og_description":"M\u00e9xico: XIX Encuentro de Catequistas Ind\u00edgenas y Campesinos en M\u00e9xico. Del 21 al 24 de febrero con el lema: Catequesis ayer, hoy y siempre.","og_url":"https:\/\/exaudi.org\/es\/mexico-xix-encuentro-de-catequistas-indigenas-y-campesinos-en-mexico\/","og_site_name":"Exaudi","article_publisher":"https:\/\/www.facebook.com\/ExaudiNews","article_published_time":"2022-02-07T10:44:53+00:00","article_modified_time":"2022-02-07T16:38:08+00:00","og_image":[{"width":1560,"height":1170,"url":"https:\/\/exaudi.org\/wp-content\/uploads\/2022\/02\/catequista-scaled-1.jpeg","type":"image\/jpeg"}],"author":"ADN CELAM","twitter_card":"summary_large_image","twitter_creator":"@Exaudi_News","twitter_site":"@Exaudi_News","twitter_misc":{"Escrito por":"ADN CELAM","Tiempo de lectura":"4 minutos"},"schema":{"@context":"https:\/\/schema.org","@graph":[{"@type":"Article","@id":"https:\/\/exaudi.org\/es\/mexico-xix-encuentro-de-catequistas-indigenas-y-campesinos-en-mexico\/#article","isPartOf":{"@id":"https:\/\/exaudi.org\/es\/mexico-xix-encuentro-de-catequistas-indigenas-y-campesinos-en-mexico\/"},"author":{"name":"ADN CELAM","@id":"https:\/\/exaudi.org\/#\/schema\/person\/fbc491ba5ee575299c5e9bc1b11ccc1f"},"headline":"M\u00e9xico: XIX Encuentro de Catequistas Ind\u00edgenas y Campesinos","datePublished":"2022-02-07T10:44:53+00:00","dateModified":"2022-02-07T16:38:08+00:00","mainEntityOfPage":{"@id":"https:\/\/exaudi.org\/es\/mexico-xix-encuentro-de-catequistas-indigenas-y-campesinos-en-mexico\/"},"wordCount":760,"image":{"@id":"https:\/\/exaudi.org\/es\/mexico-xix-encuentro-de-catequistas-indigenas-y-campesinos-en-mexico\/#primaryimage"},"thumbnailUrl":"https:\/\/exaudi.org\/wp-content\/uploads\/2022\/02\/catequista-scaled-1.jpeg","keywords":["Encuentro de Catequistas Ind\u00edgenas","M\u00e9xico"],"articleSection":["Iglesia Local"],"inLanguage":"es"},{"@type":"WebPage","@id":"https:\/\/exaudi.org\/es\/mexico-xix-encuentro-de-catequistas-indigenas-y-campesinos-en-mexico\/","url":"https:\/\/exaudi.org\/es\/mexico-xix-encuentro-de-catequistas-indigenas-y-campesinos-en-mexico\/","name":"M\u00e9xico: XIX Encuentro de Catequistas Ind\u00edgenas y Campesinos &#8211; Exaudi","isPartOf":{"@id":"https:\/\/exaudi.org\/#website"},"primaryImageOfPage":{"@id":"https:\/\/exaudi.org\/es\/mexico-xix-encuentro-de-catequistas-indigenas-y-campesinos-en-mexico\/#primaryimage"},"image":{"@id":"https:\/\/exaudi.org\/es\/mexico-xix-encuentro-de-catequistas-indigenas-y-campesinos-en-mexico\/#primaryimage"},"thumbnailUrl":"https:\/\/exaudi.org\/wp-content\/uploads\/2022\/02\/catequista-scaled-1.jpeg","datePublished":"2022-02-07T10:44:53+00:00","dateModified":"2022-02-07T16:38:08+00:00","author":{"@id":"https:\/\/exaudi.org\/#\/schema\/person\/fbc491ba5ee575299c5e9bc1b11ccc1f"},"description":"M\u00e9xico: XIX Encuentro de Catequistas Ind\u00edgenas y Campesinos en M\u00e9xico. Del 21 al 24 de febrero con el lema: Catequesis ayer, hoy y siempre.","breadcrumb":{"@id":"https:\/\/exaudi.org\/es\/mexico-xix-encuentro-de-catequistas-indigenas-y-campesinos-en-mexico\/#breadcrumb"},"inLanguage":"es","potentialAction":[{"@type":"ReadAction","target":["https:\/\/exaudi.org\/es\/mexico-xix-encuentro-de-catequistas-indigenas-y-campesinos-en-mexico\/"]}]},{"@type":"ImageObject","inLanguage":"es","@id":"https:\/\/exaudi.org\/es\/mexico-xix-encuentro-de-catequistas-indigenas-y-campesinos-en-mexico\/#primaryimage","url":"https:\/\/exaudi.org\/wp-content\/uploads\/2022\/02\/catequista-scaled-1.jpeg","contentUrl":"https:\/\/exaudi.org\/wp-content\/uploads\/2022\/02\/catequista-scaled-1.jpeg","width":1560,"height":1170,"caption":"XIX Encuentro de Catequistas Ind\u00edgenas y Campesinos en M\u00e9xico \u00a9 CELAM"},{"@type":"BreadcrumbList","@id":"https:\/\/exaudi.org\/es\/mexico-xix-encuentro-de-catequistas-indigenas-y-campesinos-en-mexico\/#breadcrumb","itemListElement":[{"@type":"ListItem","position":1,"name":"Portada","item":"https:\/\/exaudi.org\/es\/"},{"@type":"ListItem","position":2,"name":"M\u00e9xico: XIX Encuentro de Catequistas Ind\u00edgenas y Campesinos"}]},{"@type":"WebSite","@id":"https:\/\/exaudi.org\/#website","url":"https:\/\/exaudi.org\/","name":"Exaudi","description":"News","potentialAction":[{"@type":"SearchAction","target":{"@type":"EntryPoint","urlTemplate":"https:\/\/exaudi.org\/?s={search_term_string}"},"query-input":{"@type":"PropertyValueSpecification","valueRequired":true,"valueName":"search_term_string"}}],"inLanguage":"es"},{"@type":"Person","@id":"https:\/\/exaudi.org\/#\/schema\/person\/fbc491ba5ee575299c5e9bc1b11ccc1f","name":"ADN CELAM","image":{"@type":"ImageObject","inLanguage":"es","@id":"https:\/\/secure.gravatar.com\/avatar\/9f35251df285dd73b5052c2ea71d63aa960ac375813315353fd23ad8daf7a7ae?s=96&d=mm&r=g","url":"https:\/\/secure.gravatar.com\/avatar\/9f35251df285dd73b5052c2ea71d63aa960ac375813315353fd23ad8daf7a7ae?s=96&d=mm&r=g","contentUrl":"https:\/\/secure.gravatar.com\/avatar\/9f35251df285dd73b5052c2ea71d63aa960ac375813315353fd23ad8daf7a7ae?s=96&d=mm&r=g","caption":"ADN CELAM"},"description":"Sistema informativo del Consejo Episcopal Latinoamericano (CELAM)","url":"https:\/\/exaudi.org\/es\/author\/adncelam\/"}]}},"jetpack_featured_media_url":"https:\/\/exaudi.org\/wp-content\/uploads\/2022\/02\/catequista-scaled-1.jpeg","jetpack_shortlink":"https:\/\/wp.me\/pgKjF2-dnp","_links":{"self":[{"href":"https:\/\/exaudi.org\/es\/wp-json\/wp\/v2\/posts\/51423","targetHints":{"allow":["GET"]}}],"collection":[{"href":"https:\/\/exaudi.org\/es\/wp-json\/wp\/v2\/posts"}],"about":[{"href":"https:\/\/exaudi.org\/es\/wp-json\/wp\/v2\/types\/post"}],"author":[{"embeddable":true,"href":"https:\/\/exaudi.org\/es\/wp-json\/wp\/v2\/users\/93"}],"replies":[{"embeddable":true,"href":"https:\/\/exaudi.org\/es\/wp-json\/wp\/v2\/comments?post=51423"}],"version-history":[{"count":0,"href":"https:\/\/exaudi.org\/es\/wp-json\/wp\/v2\/posts\/51423\/revisions"}],"wp:featuredmedia":[{"embeddable":true,"href":"https:\/\/exaudi.org\/es\/wp-json\/wp\/v2\/media\/51425"}],"wp:attachment":[{"href":"https:\/\/exaudi.org\/es\/wp-json\/wp\/v2\/media?parent=51423"}],"wp:term":[{"taxonomy":"category","embeddable":true,"href":"https:\/\/exaudi.org\/es\/wp-json\/wp\/v2\/categories?post=51423"},{"taxonomy":"post_tag","embeddable":true,"href":"https:\/\/exaudi.org\/es\/wp-json\/wp\/v2\/tags?post=51423"}],"curies":[{"name":"wp","href":"https:\/\/api.w.org\/{rel}","templated":true}]}}