{"id":51401,"date":"2022-02-07T09:05:16","date_gmt":"2022-02-07T08:05:16","guid":{"rendered":"https:\/\/exaudi.org\/?p=51401"},"modified":"2022-02-07T09:52:14","modified_gmt":"2022-02-07T08:52:14","slug":"rd-congo-consternacion-papa-ataque-desplazados","status":"publish","type":"post","link":"https:\/\/exaudi.org\/es\/rd-congo-consternacion-papa-ataque-desplazados\/","title":{"rendered":"RD Congo: Consternaci\u00f3n del Papa por ataque a desplazados"},"content":{"rendered":"<p>El secretario de Estado del Vaticano, el cardenal Pietro Parolin, ha enviado un telegrama al presidente de la Rep\u00fablica Democr\u00e1tica del Congo, F\u00e9lix Tshisekedi, en el que expresa la \u201cconsternaci\u00f3n\u201d del Papa Francisco por el ataque perpetrado el 1 de febrero por las milicias armadas contra el emplazamiento de los desplazados internos en el territorio de Plaine Savo Djugu, en la provincia oriental de Ituri.<\/p>\n<p>Al menos 60 personas, entre ellas m\u00e1s de una docena de ni\u00f1os, murieron y m\u00e1s de 40 resultaron heridas, inform\u00f3 Vatican News.<\/p>\n<p>El cardenal Parolin dijo que el Santo Padre \u201cpide al Padre de toda misericordia que acoja en su paz y en su luz a los que han muerto y que d\u00e9 consuelo a los que lloran su p\u00e9rdida\u201d.\u00a0 \u201cImplora los dones divinos de curaci\u00f3n y consuelo sobre los heridos y los afligidos a los que expresa su cercan\u00eda espiritual y su profunda simpat\u00eda\u201d.<\/p>\n<p>El Santo Padre reza para que el Se\u00f1or conceda valor y fuerza a las familias en duelo, as\u00ed como a todos los que ayudan a rescatar a las v\u00edctimas. Condena en\u00e9rgicamente \u201ceste acto atroz y b\u00e1rbaro que es fuente de gran sufrimiento y desolaci\u00f3n para el pa\u00eds\u201d.\u00a0 El Papa implor\u00f3 el don de la paz y la fraternidad para la regi\u00f3n golpeada por un gran sufrimiento e invoc\u00f3 la bendici\u00f3n de Dios sobre todo el pueblo congole\u00f1o.<\/p>\n<p>Las agencias de Naciones Unidas y sus socios que trabajan en el pa\u00eds tambi\u00e9n han condenado el ataque.<\/p>\n<p>El lugar, gestionado por la agencia de la ONU para los refugiados ACNUR y la organizaci\u00f3n ben\u00e9fica cat\u00f3lica C\u00e1ritas, acogi\u00f3 a m\u00e1s de 20.000 desplazados internos, entre ellos m\u00e1s de 13.000 ni\u00f1os. Muchos de los desplazados han huido a otros lugares.<\/p>\n<p>El ataque, que se cree que ha sido llevado a cabo por un grupo armado no estatal, se produjo menos de tres meses despu\u00e9s del \u00faltimo ataque mortal en los lugares de desplazamiento de Drodro y Tche, en la misma zona del territorio de Djugu.\u00a0 Unas 44 personas murieron en ese ataque, que oblig\u00f3 a decenas de miles de personas a huir.<\/p>\n<p>Alrededor de 230.000 personas viven en m\u00e1s de 60 lugares de desplazamiento en toda la provincia, gestionados por el ACNUR y la <a href=\"https:\/\/www.iom.int\/es\" target=\"_blank\" rel=\"noopener\">Organizaci\u00f3n Internacional para las Migraciones<\/a> (OIM).\u00a0 Ambas agencias apoyan al gobierno en la gesti\u00f3n general de estos lugares y en la coordinaci\u00f3n de la asistencia humanitaria y la protecci\u00f3n.<\/p>\n<p>La RDC acoge a 5,6 millones de desplazados, la mayor\u00eda de los cuales residen en la parte oriental del pa\u00eds, en las provincias de Kivu del Norte y del Sur, Ituri y Tanganica.<\/p>\n","protected":false},"excerpt":{"rendered":"<p>Al menos 60 personas, entre ellas m\u00e1s de una docena de ni\u00f1os, fueron asesinadas<\/p>\n","protected":false},"author":15,"featured_media":19356,"comment_status":"closed","ping_status":"closed","sticky":false,"template":"","format":"standard","meta":{"_acf_changed":false,"_crdt_document":"","inline_featured_image":false,"footnotes":""},"categories":[68],"tags":[158,4953],"class_list":["post-51401","post","type-post","status-publish","format-standard","has-post-thumbnail","hentry","category-leon-xiv","tag-papa-francisco","tag-trending-es"],"acf":[],"yoast_head":"<!-- This site is optimized with the Yoast SEO plugin v27.5 - https:\/\/yoast.com\/product\/yoast-seo-wordpress\/ -->\n<title>RD Congo: Consternaci\u00f3n del Papa por ataque a desplazados &#8211; Exaudi<\/title>\n<meta name=\"description\" content=\"\u201cConsternaci\u00f3n\u201d del Papa Francisco por el ataque a los desplazados de la RDC. Al menos 60 personas fueron asesinadas.\" \/>\n<meta name=\"robots\" content=\"index, follow, max-snippet:-1, max-image-preview:large, max-video-preview:-1\" \/>\n<link rel=\"canonical\" href=\"https:\/\/exaudi.org\/es\/rd-congo-consternacion-papa-ataque-desplazados\/\" \/>\n<meta property=\"og:locale\" content=\"es_ES\" \/>\n<meta property=\"og:type\" content=\"article\" \/>\n<meta property=\"og:title\" content=\"RD Congo: Consternaci\u00f3n del Papa por ataque a desplazados &#8211; Exaudi\" \/>\n<meta property=\"og:description\" content=\"\u201cConsternaci\u00f3n\u201d del Papa Francisco por el ataque a los desplazados de la RDC. Al menos 60 personas fueron asesinadas.\" \/>\n<meta property=\"og:url\" content=\"https:\/\/exaudi.org\/es\/rd-congo-consternacion-papa-ataque-desplazados\/\" \/>\n<meta property=\"og:site_name\" content=\"Exaudi\" \/>\n<meta property=\"article:publisher\" content=\"https:\/\/www.facebook.com\/ExaudiNews\" \/>\n<meta property=\"article:author\" content=\"https:\/\/www.facebook.com\/ExaudiNoticias\/\" \/>\n<meta property=\"article:published_time\" content=\"2022-02-07T08:05:16+00:00\" \/>\n<meta property=\"article:modified_time\" content=\"2022-02-07T08:52:14+00:00\" \/>\n<meta property=\"og:image\" content=\"https:\/\/exaudi.org\/wp-content\/uploads\/2021\/05\/El-Papa-rezando.jpeg\" \/>\n\t<meta property=\"og:image:width\" content=\"800\" \/>\n\t<meta property=\"og:image:height\" content=\"533\" \/>\n\t<meta property=\"og:image:type\" content=\"image\/jpeg\" \/>\n<meta name=\"author\" content=\"Exaudi Redacci\u00f3n\" \/>\n<meta name=\"twitter:card\" content=\"summary_large_image\" \/>\n<meta name=\"twitter:creator\" content=\"@Exaudi_noticias\" \/>\n<meta name=\"twitter:site\" content=\"@Exaudi_News\" \/>\n<meta name=\"twitter:label1\" content=\"Escrito por\" \/>\n\t<meta name=\"twitter:data1\" content=\"Exaudi Redacci\u00f3n\" \/>\n\t<meta name=\"twitter:label2\" content=\"Tiempo de lectura\" \/>\n\t<meta name=\"twitter:data2\" content=\"2 minutos\" \/>\n<script type=\"application\/ld+json\" class=\"yoast-schema-graph\">{\"@context\":\"https:\\\/\\\/schema.org\",\"@graph\":[{\"@type\":\"Article\",\"@id\":\"https:\\\/\\\/exaudi.org\\\/es\\\/rd-congo-consternacion-papa-ataque-desplazados\\\/#article\",\"isPartOf\":{\"@id\":\"https:\\\/\\\/exaudi.org\\\/es\\\/rd-congo-consternacion-papa-ataque-desplazados\\\/\"},\"author\":{\"name\":\"Exaudi Redacci\u00f3n\",\"@id\":\"https:\\\/\\\/exaudi.org\\\/#\\\/schema\\\/person\\\/f5fc8f063065e38742da7afe15f25df7\"},\"headline\":\"RD Congo: Consternaci\u00f3n del Papa por ataque a desplazados\",\"datePublished\":\"2022-02-07T08:05:16+00:00\",\"dateModified\":\"2022-02-07T08:52:14+00:00\",\"mainEntityOfPage\":{\"@id\":\"https:\\\/\\\/exaudi.org\\\/es\\\/rd-congo-consternacion-papa-ataque-desplazados\\\/\"},\"wordCount\":470,\"image\":{\"@id\":\"https:\\\/\\\/exaudi.org\\\/es\\\/rd-congo-consternacion-papa-ataque-desplazados\\\/#primaryimage\"},\"thumbnailUrl\":\"https:\\\/\\\/exaudi.org\\\/wp-content\\\/uploads\\\/2021\\\/05\\\/El-Papa-rezando.jpeg\",\"keywords\":[\"papa francisco\",\"Trending\"],\"articleSection\":[\"Le\u00f3n XIV\"],\"inLanguage\":\"es\"},{\"@type\":\"WebPage\",\"@id\":\"https:\\\/\\\/exaudi.org\\\/es\\\/rd-congo-consternacion-papa-ataque-desplazados\\\/\",\"url\":\"https:\\\/\\\/exaudi.org\\\/es\\\/rd-congo-consternacion-papa-ataque-desplazados\\\/\",\"name\":\"RD Congo: Consternaci\u00f3n del Papa por ataque a desplazados &#8211; Exaudi\",\"isPartOf\":{\"@id\":\"https:\\\/\\\/exaudi.org\\\/#website\"},\"primaryImageOfPage\":{\"@id\":\"https:\\\/\\\/exaudi.org\\\/es\\\/rd-congo-consternacion-papa-ataque-desplazados\\\/#primaryimage\"},\"image\":{\"@id\":\"https:\\\/\\\/exaudi.org\\\/es\\\/rd-congo-consternacion-papa-ataque-desplazados\\\/#primaryimage\"},\"thumbnailUrl\":\"https:\\\/\\\/exaudi.org\\\/wp-content\\\/uploads\\\/2021\\\/05\\\/El-Papa-rezando.jpeg\",\"datePublished\":\"2022-02-07T08:05:16+00:00\",\"dateModified\":\"2022-02-07T08:52:14+00:00\",\"author\":{\"@id\":\"https:\\\/\\\/exaudi.org\\\/#\\\/schema\\\/person\\\/f5fc8f063065e38742da7afe15f25df7\"},\"description\":\"\u201cConsternaci\u00f3n\u201d del Papa Francisco por el ataque a los desplazados de la RDC. Al menos 60 personas fueron asesinadas.\",\"breadcrumb\":{\"@id\":\"https:\\\/\\\/exaudi.org\\\/es\\\/rd-congo-consternacion-papa-ataque-desplazados\\\/#breadcrumb\"},\"inLanguage\":\"es\",\"potentialAction\":[{\"@type\":\"ReadAction\",\"target\":[\"https:\\\/\\\/exaudi.org\\\/es\\\/rd-congo-consternacion-papa-ataque-desplazados\\\/\"]}]},{\"@type\":\"ImageObject\",\"inLanguage\":\"es\",\"@id\":\"https:\\\/\\\/exaudi.org\\\/es\\\/rd-congo-consternacion-papa-ataque-desplazados\\\/#primaryimage\",\"url\":\"https:\\\/\\\/exaudi.org\\\/wp-content\\\/uploads\\\/2021\\\/05\\\/El-Papa-rezando.jpeg\",\"contentUrl\":\"https:\\\/\\\/exaudi.org\\\/wp-content\\\/uploads\\\/2021\\\/05\\\/El-Papa-rezando.jpeg\",\"width\":800,\"height\":533,\"caption\":\"El Papa rezando \u00a9 Vatican Media\"},{\"@type\":\"BreadcrumbList\",\"@id\":\"https:\\\/\\\/exaudi.org\\\/es\\\/rd-congo-consternacion-papa-ataque-desplazados\\\/#breadcrumb\",\"itemListElement\":[{\"@type\":\"ListItem\",\"position\":1,\"name\":\"Portada\",\"item\":\"https:\\\/\\\/exaudi.org\\\/es\\\/\"},{\"@type\":\"ListItem\",\"position\":2,\"name\":\"RD Congo: Consternaci\u00f3n del Papa por ataque a desplazados\"}]},{\"@type\":\"WebSite\",\"@id\":\"https:\\\/\\\/exaudi.org\\\/#website\",\"url\":\"https:\\\/\\\/exaudi.org\\\/\",\"name\":\"Exaudi\",\"description\":\"News\",\"potentialAction\":[{\"@type\":\"SearchAction\",\"target\":{\"@type\":\"EntryPoint\",\"urlTemplate\":\"https:\\\/\\\/exaudi.org\\\/?s={search_term_string}\"},\"query-input\":{\"@type\":\"PropertyValueSpecification\",\"valueRequired\":true,\"valueName\":\"search_term_string\"}}],\"inLanguage\":\"es\"},{\"@type\":\"Person\",\"@id\":\"https:\\\/\\\/exaudi.org\\\/#\\\/schema\\\/person\\\/f5fc8f063065e38742da7afe15f25df7\",\"name\":\"Exaudi Redacci\u00f3n\",\"image\":{\"@type\":\"ImageObject\",\"inLanguage\":\"es\",\"@id\":\"https:\\\/\\\/secure.gravatar.com\\\/avatar\\\/fe0f6a059fb68d9b3e11bc5850dd4899b1c7492091a3cb6dd9b01b56ad828be2?s=96&d=mm&r=g\",\"url\":\"https:\\\/\\\/secure.gravatar.com\\\/avatar\\\/fe0f6a059fb68d9b3e11bc5850dd4899b1c7492091a3cb6dd9b01b56ad828be2?s=96&d=mm&r=g\",\"contentUrl\":\"https:\\\/\\\/secure.gravatar.com\\\/avatar\\\/fe0f6a059fb68d9b3e11bc5850dd4899b1c7492091a3cb6dd9b01b56ad828be2?s=96&d=mm&r=g\",\"caption\":\"Exaudi Redacci\u00f3n\"},\"description\":\"\u00bfQu\u00e9 es Exaudi News? Exaudi News es un medio de comunicaci\u00f3n cat\u00f3lico internacional que informa, forma y transforma, diariamente en espa\u00f1ol, ingl\u00e9s e italiano. A trav\u00e9s de noticias, art\u00edculos de an\u00e1lisis y transmisiones en directo de los eventos del Papa, Exaudi busca fortalecer la unidad de los cristianos y contribuir a la evangelizaci\u00f3n del mundo, siempre guiados por la doctrina social de la Iglesia. Trabajamos para acercar la verdad y los valores cristianos a cada rinc\u00f3n del planeta. \u00a1Ay\u00fadanos a transformar el mundo con Exaudi! En Exaudi creemos que la evangelizaci\u00f3n y la informaci\u00f3n de calidad pueden cambiar vidas. Para continuar con nuestra misi\u00f3n y expandir nuestro alcance, necesitamos tu ayuda. Adem\u00e1s, buscamos personas comprometidas que deseen unirse a nuestro equipo. Con tu apoyo, lograremos llegar a m\u00e1s personas, difundir el mensaje de Cristo y reforzar la unidad de los cristianos. \u00bfTe unes a nuestra misi\u00f3n? Para m\u00e1s informaci\u00f3n sobre c\u00f3mo colaborar, visita Exaudi.org\\\/es o cont\u00e1ctanos directamente: info@exaudi.org Exaudi: Informa, forma y transforma.\",\"sameAs\":[\"https:\\\/\\\/www.facebook.com\\\/ExaudiNoticias\\\/\",\"https:\\\/\\\/www.instagram.com\\\/exaudi_noticias\\\/\",\"https:\\\/\\\/x.com\\\/Exaudi_noticias\",\"https:\\\/\\\/www.youtube.com\\\/@exaudicatholicnews\"],\"url\":\"https:\\\/\\\/exaudi.org\\\/es\\\/author\\\/redaccionexaudi\\\/\"}]}<\/script>\n<!-- \/ Yoast SEO plugin. -->","yoast_head_json":{"title":"RD Congo: Consternaci\u00f3n del Papa por ataque a desplazados &#8211; Exaudi","description":"\u201cConsternaci\u00f3n\u201d del Papa Francisco por el ataque a los desplazados de la RDC. Al menos 60 personas fueron asesinadas.","robots":{"index":"index","follow":"follow","max-snippet":"max-snippet:-1","max-image-preview":"max-image-preview:large","max-video-preview":"max-video-preview:-1"},"canonical":"https:\/\/exaudi.org\/es\/rd-congo-consternacion-papa-ataque-desplazados\/","og_locale":"es_ES","og_type":"article","og_title":"RD Congo: Consternaci\u00f3n del Papa por ataque a desplazados &#8211; Exaudi","og_description":"\u201cConsternaci\u00f3n\u201d del Papa Francisco por el ataque a los desplazados de la RDC. Al menos 60 personas fueron asesinadas.","og_url":"https:\/\/exaudi.org\/es\/rd-congo-consternacion-papa-ataque-desplazados\/","og_site_name":"Exaudi","article_publisher":"https:\/\/www.facebook.com\/ExaudiNews","article_author":"https:\/\/www.facebook.com\/ExaudiNoticias\/","article_published_time":"2022-02-07T08:05:16+00:00","article_modified_time":"2022-02-07T08:52:14+00:00","og_image":[{"width":800,"height":533,"url":"https:\/\/exaudi.org\/wp-content\/uploads\/2021\/05\/El-Papa-rezando.jpeg","type":"image\/jpeg"}],"author":"Exaudi Redacci\u00f3n","twitter_card":"summary_large_image","twitter_creator":"@Exaudi_noticias","twitter_site":"@Exaudi_News","twitter_misc":{"Escrito por":"Exaudi Redacci\u00f3n","Tiempo de lectura":"2 minutos"},"schema":{"@context":"https:\/\/schema.org","@graph":[{"@type":"Article","@id":"https:\/\/exaudi.org\/es\/rd-congo-consternacion-papa-ataque-desplazados\/#article","isPartOf":{"@id":"https:\/\/exaudi.org\/es\/rd-congo-consternacion-papa-ataque-desplazados\/"},"author":{"name":"Exaudi Redacci\u00f3n","@id":"https:\/\/exaudi.org\/#\/schema\/person\/f5fc8f063065e38742da7afe15f25df7"},"headline":"RD Congo: Consternaci\u00f3n del Papa por ataque a desplazados","datePublished":"2022-02-07T08:05:16+00:00","dateModified":"2022-02-07T08:52:14+00:00","mainEntityOfPage":{"@id":"https:\/\/exaudi.org\/es\/rd-congo-consternacion-papa-ataque-desplazados\/"},"wordCount":470,"image":{"@id":"https:\/\/exaudi.org\/es\/rd-congo-consternacion-papa-ataque-desplazados\/#primaryimage"},"thumbnailUrl":"https:\/\/exaudi.org\/wp-content\/uploads\/2021\/05\/El-Papa-rezando.jpeg","keywords":["papa francisco","Trending"],"articleSection":["Le\u00f3n XIV"],"inLanguage":"es"},{"@type":"WebPage","@id":"https:\/\/exaudi.org\/es\/rd-congo-consternacion-papa-ataque-desplazados\/","url":"https:\/\/exaudi.org\/es\/rd-congo-consternacion-papa-ataque-desplazados\/","name":"RD Congo: Consternaci\u00f3n del Papa por ataque a desplazados &#8211; Exaudi","isPartOf":{"@id":"https:\/\/exaudi.org\/#website"},"primaryImageOfPage":{"@id":"https:\/\/exaudi.org\/es\/rd-congo-consternacion-papa-ataque-desplazados\/#primaryimage"},"image":{"@id":"https:\/\/exaudi.org\/es\/rd-congo-consternacion-papa-ataque-desplazados\/#primaryimage"},"thumbnailUrl":"https:\/\/exaudi.org\/wp-content\/uploads\/2021\/05\/El-Papa-rezando.jpeg","datePublished":"2022-02-07T08:05:16+00:00","dateModified":"2022-02-07T08:52:14+00:00","author":{"@id":"https:\/\/exaudi.org\/#\/schema\/person\/f5fc8f063065e38742da7afe15f25df7"},"description":"\u201cConsternaci\u00f3n\u201d del Papa Francisco por el ataque a los desplazados de la RDC. Al menos 60 personas fueron asesinadas.","breadcrumb":{"@id":"https:\/\/exaudi.org\/es\/rd-congo-consternacion-papa-ataque-desplazados\/#breadcrumb"},"inLanguage":"es","potentialAction":[{"@type":"ReadAction","target":["https:\/\/exaudi.org\/es\/rd-congo-consternacion-papa-ataque-desplazados\/"]}]},{"@type":"ImageObject","inLanguage":"es","@id":"https:\/\/exaudi.org\/es\/rd-congo-consternacion-papa-ataque-desplazados\/#primaryimage","url":"https:\/\/exaudi.org\/wp-content\/uploads\/2021\/05\/El-Papa-rezando.jpeg","contentUrl":"https:\/\/exaudi.org\/wp-content\/uploads\/2021\/05\/El-Papa-rezando.jpeg","width":800,"height":533,"caption":"El Papa rezando \u00a9 Vatican Media"},{"@type":"BreadcrumbList","@id":"https:\/\/exaudi.org\/es\/rd-congo-consternacion-papa-ataque-desplazados\/#breadcrumb","itemListElement":[{"@type":"ListItem","position":1,"name":"Portada","item":"https:\/\/exaudi.org\/es\/"},{"@type":"ListItem","position":2,"name":"RD Congo: Consternaci\u00f3n del Papa por ataque a desplazados"}]},{"@type":"WebSite","@id":"https:\/\/exaudi.org\/#website","url":"https:\/\/exaudi.org\/","name":"Exaudi","description":"News","potentialAction":[{"@type":"SearchAction","target":{"@type":"EntryPoint","urlTemplate":"https:\/\/exaudi.org\/?s={search_term_string}"},"query-input":{"@type":"PropertyValueSpecification","valueRequired":true,"valueName":"search_term_string"}}],"inLanguage":"es"},{"@type":"Person","@id":"https:\/\/exaudi.org\/#\/schema\/person\/f5fc8f063065e38742da7afe15f25df7","name":"Exaudi Redacci\u00f3n","image":{"@type":"ImageObject","inLanguage":"es","@id":"https:\/\/secure.gravatar.com\/avatar\/fe0f6a059fb68d9b3e11bc5850dd4899b1c7492091a3cb6dd9b01b56ad828be2?s=96&d=mm&r=g","url":"https:\/\/secure.gravatar.com\/avatar\/fe0f6a059fb68d9b3e11bc5850dd4899b1c7492091a3cb6dd9b01b56ad828be2?s=96&d=mm&r=g","contentUrl":"https:\/\/secure.gravatar.com\/avatar\/fe0f6a059fb68d9b3e11bc5850dd4899b1c7492091a3cb6dd9b01b56ad828be2?s=96&d=mm&r=g","caption":"Exaudi Redacci\u00f3n"},"description":"\u00bfQu\u00e9 es Exaudi News? Exaudi News es un medio de comunicaci\u00f3n cat\u00f3lico internacional que informa, forma y transforma, diariamente en espa\u00f1ol, ingl\u00e9s e italiano. A trav\u00e9s de noticias, art\u00edculos de an\u00e1lisis y transmisiones en directo de los eventos del Papa, Exaudi busca fortalecer la unidad de los cristianos y contribuir a la evangelizaci\u00f3n del mundo, siempre guiados por la doctrina social de la Iglesia. Trabajamos para acercar la verdad y los valores cristianos a cada rinc\u00f3n del planeta. \u00a1Ay\u00fadanos a transformar el mundo con Exaudi! En Exaudi creemos que la evangelizaci\u00f3n y la informaci\u00f3n de calidad pueden cambiar vidas. Para continuar con nuestra misi\u00f3n y expandir nuestro alcance, necesitamos tu ayuda. Adem\u00e1s, buscamos personas comprometidas que deseen unirse a nuestro equipo. Con tu apoyo, lograremos llegar a m\u00e1s personas, difundir el mensaje de Cristo y reforzar la unidad de los cristianos. \u00bfTe unes a nuestra misi\u00f3n? Para m\u00e1s informaci\u00f3n sobre c\u00f3mo colaborar, visita Exaudi.org\/es o cont\u00e1ctanos directamente: info@exaudi.org Exaudi: Informa, forma y transforma.","sameAs":["https:\/\/www.facebook.com\/ExaudiNoticias\/","https:\/\/www.instagram.com\/exaudi_noticias\/","https:\/\/x.com\/Exaudi_noticias","https:\/\/www.youtube.com\/@exaudicatholicnews"],"url":"https:\/\/exaudi.org\/es\/author\/redaccionexaudi\/"}]}},"jetpack_featured_media_url":"https:\/\/exaudi.org\/wp-content\/uploads\/2021\/05\/El-Papa-rezando.jpeg","jetpack_shortlink":"https:\/\/wp.me\/pgKjF2-dn3","_links":{"self":[{"href":"https:\/\/exaudi.org\/es\/wp-json\/wp\/v2\/posts\/51401","targetHints":{"allow":["GET"]}}],"collection":[{"href":"https:\/\/exaudi.org\/es\/wp-json\/wp\/v2\/posts"}],"about":[{"href":"https:\/\/exaudi.org\/es\/wp-json\/wp\/v2\/types\/post"}],"author":[{"embeddable":true,"href":"https:\/\/exaudi.org\/es\/wp-json\/wp\/v2\/users\/15"}],"replies":[{"embeddable":true,"href":"https:\/\/exaudi.org\/es\/wp-json\/wp\/v2\/comments?post=51401"}],"version-history":[{"count":0,"href":"https:\/\/exaudi.org\/es\/wp-json\/wp\/v2\/posts\/51401\/revisions"}],"wp:featuredmedia":[{"embeddable":true,"href":"https:\/\/exaudi.org\/es\/wp-json\/wp\/v2\/media\/19356"}],"wp:attachment":[{"href":"https:\/\/exaudi.org\/es\/wp-json\/wp\/v2\/media?parent=51401"}],"wp:term":[{"taxonomy":"category","embeddable":true,"href":"https:\/\/exaudi.org\/es\/wp-json\/wp\/v2\/categories?post=51401"},{"taxonomy":"post_tag","embeddable":true,"href":"https:\/\/exaudi.org\/es\/wp-json\/wp\/v2\/tags?post=51401"}],"curies":[{"name":"wp","href":"https:\/\/api.w.org\/{rel}","templated":true}]}}