{"id":51349,"date":"2022-02-06T11:52:41","date_gmt":"2022-02-06T10:52:41","guid":{"rendered":"https:\/\/exaudi.org\/?p=51349"},"modified":"2022-02-06T16:30:41","modified_gmt":"2022-02-06T15:30:41","slug":"palabras-del-papa-a-los-alcaldes-paternidad-o-maternidad-las-periferias-y-la-paz","status":"publish","type":"post","link":"https:\/\/exaudi.org\/es\/palabras-del-papa-a-los-alcaldes-paternidad-o-maternidad-las-periferias-y-la-paz\/","title":{"rendered":"Paternidad o maternidad, las periferias y la paz"},"content":{"rendered":"<p>Este s\u00e1bado, 5 de febrero de 2022, en la Sala Clementina del Palacio Apost\u00f3lico Vaticano, el Papa Francisco recibi\u00f3 en audiencia a los alcaldes de la asociaci\u00f3n Nacional de Municipios de Italia y les dirigi\u00f3 el siguiente saludo:<\/p>\n<p>***<\/p>\n<p>Queridos hermanos y hermanas, \u00a1buenos d\u00edas y bienvenidos!<\/p>\n<p>Agradezco al Presidente sus palabras de saludo. Me complace recibirles para un momento de reflexi\u00f3n sobre su servicio en la defensa y promoci\u00f3n del bien com\u00fan en las ciudades y comunidades que administran. A trav\u00e9s de ustedes, saludo a los alcaldes de todo el pa\u00eds, con agradecimiento, en particular, por lo que est\u00e1n haciendo y han hecho en estos dos a\u00f1os de pandemia. Su presencia ha sido decisiva para animar a la gente a seguir mirando hacia adelante. Ustedes han sido un referente en la aplicaci\u00f3n de normas a veces gravosas, pero necesarias para la salud de los ciudadanos. De hecho, su voz tambi\u00e9n ha ayudado a quienes tienen responsabilidades legislativas a tomar decisiones oportunas por el bien de todos. Gracias.<\/p>\n<p><img loading=\"lazy\" decoding=\"async\" class=\"alignleft size-medium wp-image-51377\" src=\"https:\/\/exaudi.org\/wp-content\/uploads\/2022\/02\/Audiencia-Alcaldes-de-Roma-300x200.jpeg\" alt=\"\" width=\"300\" height=\"200\" srcset=\"https:\/\/exaudi.org\/wp-content\/uploads\/2022\/02\/Audiencia-Alcaldes-de-Roma-300x200.jpeg 300w, https:\/\/exaudi.org\/wp-content\/uploads\/2022\/02\/Audiencia-Alcaldes-de-Roma-770x513.jpeg 770w, https:\/\/exaudi.org\/wp-content\/uploads\/2022\/02\/Audiencia-Alcaldes-de-Roma-360x240.jpeg?crop=1 360w, https:\/\/exaudi.org\/wp-content\/uploads\/2022\/02\/Audiencia-Alcaldes-de-Roma-500x333.jpeg 500w, https:\/\/exaudi.org\/wp-content\/uploads\/2022\/02\/Audiencia-Alcaldes-de-Roma-370x247.jpeg 370w, https:\/\/exaudi.org\/wp-content\/uploads\/2022\/02\/Audiencia-Alcaldes-de-Roma-293x195.jpeg 293w, https:\/\/exaudi.org\/wp-content\/uploads\/2022\/02\/Audiencia-Alcaldes-de-Roma-120x80.jpeg 120w, https:\/\/exaudi.org\/wp-content\/uploads\/2022\/02\/Audiencia-Alcaldes-de-Roma-240x160.jpeg 240w, https:\/\/exaudi.org\/wp-content\/uploads\/2022\/02\/Audiencia-Alcaldes-de-Roma-390x260.jpeg 390w, https:\/\/exaudi.org\/wp-content\/uploads\/2022\/02\/Audiencia-Alcaldes-de-Roma.jpeg 800w\" sizes=\"auto, (max-width: 300px) 100vw, 300px\" \/>Cuando pienso en su trabajo, me doy cuenta de lo complejo que es. Hay momentos de consuelo junto a muchas dificultades. Por un lado, vuestra cercan\u00eda al pueblo es una gran oportunidad para servir a los ciudadanos, que os quieren por vuestra presencia entre ellos. Proximidad. Por otro lado, imagino que a veces sientes la soledad de la responsabilidad. La gente suele pensar que la democracia se reduce a delegar mediante el voto, olvidando el principio de participaci\u00f3n, que es esencial para que una ciudad est\u00e9 bien gestionada. Se espera que los alcaldes tengan la soluci\u00f3n a todos los problemas. Pero sabemos que estos problemas no pueden resolverse s\u00f3lo con recursos financieros. \u00a1Qu\u00e9 importante es poder contar con la presencia de redes de apoyo, que aporten experiencia para hacerles frente! La pandemia ha sacado a la luz tantas fragilidades, pero tambi\u00e9n la generosidad de los voluntarios, los vecinos, el personal sanitario y los administradores que se han desvivido por aliviar el sufrimiento y la soledad de los pobres y los ancianos. Esta red de relaciones de apoyo es una riqueza que hay que preservar y reforzar.<\/p>\n<p>Viendo su servicio, me gustar\u00eda ofrecer tres palabras de \u00e1nimo. La paternidad -o la maternidad-, las periferias y la paz.<\/p>\n<p><em>Paternidad o maternidad<\/em>. El servicio al bien com\u00fan es una forma elevada de caridad, comparable a la de los padres en una familia. Incluso en una ciudad, hay que responder a situaciones diferentes con atenciones distintas; por eso la paternidad -o la maternidad- se pone en pr\u00e1ctica ante todo con la escucha. El alcalde o la alcaldesa saben escuchar. \u00a1No tengas miedo de \u201cperder el tiempo\u201d escuchando a la gente y sus problemas!. Una buena escucha ayuda a discernir, a comprender las prioridades sobre las que hay que intervenir. No faltan, gracias a Dios, ejemplos de alcaldes que han dedicado gran parte de su tiempo a escuchar y recoger las inquietudes de la gente.<img loading=\"lazy\" decoding=\"async\" class=\"alignright size-medium wp-image-51380\" src=\"https:\/\/exaudi.org\/wp-content\/uploads\/2022\/02\/Audiencia-Alcaldes-de-Roma-1-300x200.jpeg\" alt=\"\" width=\"300\" height=\"200\" srcset=\"https:\/\/exaudi.org\/wp-content\/uploads\/2022\/02\/Audiencia-Alcaldes-de-Roma-1-300x200.jpeg 300w, https:\/\/exaudi.org\/wp-content\/uploads\/2022\/02\/Audiencia-Alcaldes-de-Roma-1-770x513.jpeg 770w, https:\/\/exaudi.org\/wp-content\/uploads\/2022\/02\/Audiencia-Alcaldes-de-Roma-1-360x240.jpeg?crop=1 360w, https:\/\/exaudi.org\/wp-content\/uploads\/2022\/02\/Audiencia-Alcaldes-de-Roma-1-500x333.jpeg 500w, https:\/\/exaudi.org\/wp-content\/uploads\/2022\/02\/Audiencia-Alcaldes-de-Roma-1-370x247.jpeg 370w, https:\/\/exaudi.org\/wp-content\/uploads\/2022\/02\/Audiencia-Alcaldes-de-Roma-1-293x195.jpeg 293w, https:\/\/exaudi.org\/wp-content\/uploads\/2022\/02\/Audiencia-Alcaldes-de-Roma-1-120x80.jpeg 120w, https:\/\/exaudi.org\/wp-content\/uploads\/2022\/02\/Audiencia-Alcaldes-de-Roma-1-240x160.jpeg 240w, https:\/\/exaudi.org\/wp-content\/uploads\/2022\/02\/Audiencia-Alcaldes-de-Roma-1-390x260.jpeg 390w, https:\/\/exaudi.org\/wp-content\/uploads\/2022\/02\/Audiencia-Alcaldes-de-Roma-1.jpeg 800w\" sizes=\"auto, (max-width: 300px) 100vw, 300px\" \/><\/p>\n<p>Y junto a la escucha, no debe faltar el valor de la imaginaci\u00f3n. A veces la gente se hace la ilusi\u00f3n de que una financiaci\u00f3n adecuada es suficiente para resolver los problemas. En realidad, no es as\u00ed: tambi\u00e9n necesitamos un proyecto de convivencia civil y de ciudadan\u00eda: hay que invertir en belleza donde hay m\u00e1s degradaci\u00f3n, en educaci\u00f3n donde reina el malestar social, en lugares de agregaci\u00f3n social donde se ven reacciones violentas, en formaci\u00f3n para la legalidad donde domina la corrupci\u00f3n. Saber so\u00f1ar con una ciudad mejor y compartir el sue\u00f1o con otros administradores locales, con los elegidos al consejo municipal y con todos los ciudadanos de buena voluntad es un \u00edndice de atenci\u00f3n social. Es un poco como el trabajo de un alcalde y una alcaldesa.<\/p>\n<p>La segunda palabra es <em>periferia<\/em>. Nos hace pensar en el hecho de que Jes\u00fas naci\u00f3 en un establo de Bel\u00e9n y muri\u00f3 fuera de los muros de Jerusal\u00e9n en el Calvario. Nos recuerda la \u201ccentralidad\u201d evang\u00e9lica de las periferias. Me gusta repetir que es desde las<\/p>\n<p>periferias donde mejor se ve el conjunto: no desde el centro, sino desde las periferias. A menudo son conscientes del drama que se vive en los suburbios degradados, donde el abandono social genera violencia y formas de exclusi\u00f3n. Partir de las periferias no significa excluir a nadie, es una elecci\u00f3n de m\u00e9todo; no una elecci\u00f3n ideol\u00f3gica, sino partir de los pobres para servir al bien de todos. Lo sabes muy bien: no hay ciudad sin pobres.\u00a0Yo a\u00f1adir\u00eda que los pobres son la riqueza de una ciudad. Nos recuerdan -a los pobres- nuestra fragilidad y que nos necesitamos mutuamente. Nos llaman a la solidaridad, que es un valor central de la doctrina social de la Iglesia, particularmente desarrollada por San Juan Pablo II.<\/p>\n<p>En tiempos de pandemia descubrimos la soledad y los conflictos dentro del hogar, que estaban ocultos;\u00a0la tragedia de quienes han tenido que cerrar su actividad econ\u00f3mica, el aislamiento de los ancianos, la depresi\u00f3n de los adolescentes y j\u00f3venes &#8211; \u00a1piensen en el n\u00famero de suicidios de j\u00f3venes!\u00a0-, las desigualdades sociales que han favorecido a quienes ya gozaban de holgadas condiciones econ\u00f3micas, el esfuerzo de las familias que no llegan a fin de mes&#8230; Y tambi\u00e9n, me gustar\u00eda mencionarlos, los usureros que tocan puertas.\u00a0Y esto sucede en las ciudades, al menos aqu\u00ed en Roma.\u00a0\u00a1Cu\u00e1ntos sufrimientos has encontrado!\u00a0Pero no s\u00f3lo hay que ayudar a las periferias, hay que transformarlas en laboratorios de una econom\u00eda y una sociedad diferentes.\u00a0De hecho, cuando se trata de rostros de personas, no basta con dar un paquete de alimentos.\u00a0Su dignidad exige un trabajo,\u00a0y por tanto un proyecto en el que cada uno se valore por lo que puede ofrecer a los dem\u00e1s.\u00a0\u00a1El trabajo es verdaderamente una unci\u00f3n de dignidad!\u00a0La forma m\u00e1s segura de quitarle la dignidad a una persona o a un pueblo es quitarle el trabajo.\u00a0No se trata de llevar el\u00a0pan a casa: esto no te da dignidad.\u00a0Se trata de\u00a0<em>ganarte<\/em>\u00a0el pan que te llevas a casa.\u00a0Y eso s\u00ed, te unge con dignidad.<\/p>\n<p><img loading=\"lazy\" decoding=\"async\" class=\"alignleft size-medium wp-image-51383\" src=\"https:\/\/exaudi.org\/wp-content\/uploads\/2022\/02\/Audiencia-Alcaldes-de-Roma-2-300x200.jpeg\" alt=\"\" width=\"300\" height=\"200\" srcset=\"https:\/\/exaudi.org\/wp-content\/uploads\/2022\/02\/Audiencia-Alcaldes-de-Roma-2-300x200.jpeg 300w, https:\/\/exaudi.org\/wp-content\/uploads\/2022\/02\/Audiencia-Alcaldes-de-Roma-2-770x513.jpeg 770w, https:\/\/exaudi.org\/wp-content\/uploads\/2022\/02\/Audiencia-Alcaldes-de-Roma-2-360x240.jpeg?crop=1 360w, https:\/\/exaudi.org\/wp-content\/uploads\/2022\/02\/Audiencia-Alcaldes-de-Roma-2-500x333.jpeg 500w, https:\/\/exaudi.org\/wp-content\/uploads\/2022\/02\/Audiencia-Alcaldes-de-Roma-2-370x247.jpeg 370w, https:\/\/exaudi.org\/wp-content\/uploads\/2022\/02\/Audiencia-Alcaldes-de-Roma-2-293x195.jpeg 293w, https:\/\/exaudi.org\/wp-content\/uploads\/2022\/02\/Audiencia-Alcaldes-de-Roma-2-120x80.jpeg 120w, https:\/\/exaudi.org\/wp-content\/uploads\/2022\/02\/Audiencia-Alcaldes-de-Roma-2-240x160.jpeg 240w, https:\/\/exaudi.org\/wp-content\/uploads\/2022\/02\/Audiencia-Alcaldes-de-Roma-2-390x260.jpeg 390w, https:\/\/exaudi.org\/wp-content\/uploads\/2022\/02\/Audiencia-Alcaldes-de-Roma-2.jpeg 800w\" sizes=\"auto, (max-width: 300px) 100vw, 300px\" \/>Tercera palabra:\u00a0<em>paz.\u00a0<\/em>Una de las indicaciones que ofrece Jes\u00fas a los disc\u00edpulos enviados en misi\u00f3n es la de llevar la paz a los hogares: \u201cEn cualquier casa donde entr\u00e9is, decid primero: \u00a1Paz a esta casa!\u201d (<em>Lc .<\/em>10.5).\u00a0Hay muchos conflictos en casa, hay necesidad de serenidad y paz.<\/p>\n<p>Y estamos seguros de que las relaciones de buena calidad son la verdadera seguridad social en una ciudad.\u00a0Para ello existe una tarea hist\u00f3rica que involucra a todos: crear un tejido com\u00fan de valores que lleve a desarmar las tensiones entre las diferencias culturales y sociales.\u00a0La misma pol\u00edtica de la que sois protagonistas puede ser un campo de entrenamiento para el di\u00e1logo entre culturas, incluso antes de la negociaci\u00f3n entre diferentes bandos.\u00a0La paz no es la ausencia de conflicto, sino la capacidad de hacerlo evolucionar hacia una nueva forma de encuentro y convivencia con el otro.\u00a0\u201cFrente al conflicto, algunos simplemente lo miran y siguen como si nada [\u2026].\u00a0Otros entran al conflicto de tal manera que quedan presos [\u2026].\u00a0Sin embargo, existe una tercera v\u00eda, la m\u00e1s adecuada [&#8230;]:\u00a0acuerdan soportar el conflicto, resolverlo y transformarlo en un nexo de uni\u00f3n en un nuevo proceso.\u00a0\u2018Bienaventurados los pacificadores\u2019 (<em>Mt<\/em>\u00a05, 9)\u201d (Exhortaci\u00f3n Apost\u00f3lica\u00a0<a href=\"https:\/\/www.vatican.va\/content\/francesco\/it\/apost_exhortations\/documents\/papa-francesco_esortazione-ap_20131124_evangelii-gaudium.html#L%E2%80%99unit%C3%A0_prevale_sul_conflitto\"><em>Evangelii gaudium<\/em>\u00a0, 227<\/a>\u00a0).\u00a0El conflicto es peligroso si permanece encerrado en s\u00ed mismo.\u00a0No debemos confundir la crisis con el conflicto.\u00a0Por ejemplo, la pandemia nos ha puesto en crisis, eso es bueno.\u00a0La crisis es buena, porque la crisis te hace resolver y progresar.\u00a0Pero lo malo es cuando la crisis se convierte en conflicto y el conflicto se cierra, el conflicto es guerra, es poco probable que el conflicto encuentre una soluci\u00f3n que vaya m\u00e1s all\u00e1.\u00a0Crisis s\u00ed, conflicto no.\u00a0Huye de los conflictos pero vive en la crisis.<\/p>\n<p>La paz social es fruto de la capacidad de compartir vocaciones, capacidades y recursos.\u00a0Es fundamental fomentar el ingenio y la creatividad de las personas, para que puedan tejer relaciones significativas dentro de los barrios.\u00a0Muchas peque\u00f1as responsabilidades son la premisa para una pacificaci\u00f3n concreta que se construye d\u00eda a d\u00eda.\u00a0Es bueno recordar aqu\u00ed el principio de subsidiariedad, que da valor a los \u00f3rganos intermedios y no mortifica la libre iniciativa personal.<\/p>\n<p>Queridos hermanos y hermanas, os animo a estar cerca de la gente.\u00a0Porque una tentaci\u00f3n ante la responsabilidad es huir.\u00a0Aislarse, huir&#8230; Aislarse es una forma de huir.\u00a0San Juan Cris\u00f3stomo, obispo y padre de la Iglesia, pensando precisamente en esta tentaci\u00f3n, exhortaba a gastarse por los dem\u00e1s, antes que quedarse en las monta\u00f1as y observarlos con indiferencia. Gastarse uno mismo. Esta es una lecci\u00f3n que hay que valorar, sobre todo cuando corremos el riesgo de quedar atrapados en el des\u00e1nimo y la decepci\u00f3n. Os acompa\u00f1o con mi oraci\u00f3n y os bendigo, os bendigo a todos: a cada uno en su coraz\u00f3n, en su trabajo, bendigo vuestros despachos de alcalde, bendigo a vuestros colaboradores, vuestro trabajo. Y que cada uno de vosotros reciba esta bendici\u00f3n en la medida de su fe. \u00a1Y os pido por favor que rec\u00e9is por m\u00ed, porque yo tambi\u00e9n soy \u201calcalde\u201d de algo! Gracias.<\/p>\n<p>&nbsp;<\/p>\n","protected":false},"excerpt":{"rendered":"<p>Discurso del Pap\u00e1 a alcaldes de la Asociaci\u00f3n Nacional de Municipios de Italia<\/p>\n","protected":false},"author":15,"featured_media":51353,"comment_status":"closed","ping_status":"closed","sticky":false,"template":"","format":"standard","meta":{"_acf_changed":false,"_crdt_document":"","inline_featured_image":false,"footnotes":""},"categories":[68,118],"tags":[5788,5789,168,158,4953],"class_list":["post-51349","post","type-post","status-publish","format-standard","has-post-thumbnail","hentry","category-leon-xiv","category-mensajes","tag-alcaldes","tag-asociacion-nacional-de-municipios-de-italia","tag-audiencia","tag-papa-francisco","tag-trending-es"],"acf":[],"yoast_head":"<!-- This site is optimized with the Yoast SEO plugin v27.5 - https:\/\/yoast.com\/product\/yoast-seo-wordpress\/ -->\n<title>Paternidad o maternidad, las periferias y la paz &#8211; Exaudi<\/title>\n<meta name=\"robots\" content=\"index, follow, max-snippet:-1, max-image-preview:large, max-video-preview:-1\" \/>\n<link rel=\"canonical\" href=\"https:\/\/exaudi.org\/es\/palabras-del-papa-a-los-alcaldes-paternidad-o-maternidad-las-periferias-y-la-paz\/\" \/>\n<meta property=\"og:locale\" content=\"es_ES\" \/>\n<meta property=\"og:type\" content=\"article\" \/>\n<meta property=\"og:title\" content=\"Paternidad o maternidad, las periferias y la paz &#8211; Exaudi\" \/>\n<meta property=\"og:description\" content=\"Discurso del Pap\u00e1 a alcaldes de la Asociaci\u00f3n Nacional de Municipios de Italia\" \/>\n<meta property=\"og:url\" content=\"https:\/\/exaudi.org\/es\/palabras-del-papa-a-los-alcaldes-paternidad-o-maternidad-las-periferias-y-la-paz\/\" \/>\n<meta property=\"og:site_name\" content=\"Exaudi\" \/>\n<meta property=\"article:publisher\" content=\"https:\/\/www.facebook.com\/ExaudiNews\" \/>\n<meta property=\"article:author\" content=\"https:\/\/www.facebook.com\/ExaudiNoticias\/\" \/>\n<meta property=\"article:published_time\" content=\"2022-02-06T10:52:41+00:00\" \/>\n<meta property=\"article:modified_time\" content=\"2022-02-06T15:30:41+00:00\" \/>\n<meta property=\"og:image\" content=\"https:\/\/exaudi.org\/wp-content\/uploads\/2022\/02\/Audiencia.jpeg\" \/>\n\t<meta property=\"og:image:width\" content=\"1200\" \/>\n\t<meta property=\"og:image:height\" content=\"800\" \/>\n\t<meta property=\"og:image:type\" content=\"image\/jpeg\" \/>\n<meta name=\"author\" content=\"Exaudi Redacci\u00f3n\" \/>\n<meta name=\"twitter:card\" content=\"summary_large_image\" \/>\n<meta name=\"twitter:creator\" content=\"@Exaudi_noticias\" \/>\n<meta name=\"twitter:site\" content=\"@Exaudi_News\" \/>\n<meta name=\"twitter:label1\" content=\"Escrito por\" \/>\n\t<meta name=\"twitter:data1\" content=\"Exaudi Redacci\u00f3n\" \/>\n\t<meta name=\"twitter:label2\" content=\"Tiempo de lectura\" \/>\n\t<meta name=\"twitter:data2\" content=\"8 minutos\" \/>\n<script type=\"application\/ld+json\" class=\"yoast-schema-graph\">{\"@context\":\"https:\\\/\\\/schema.org\",\"@graph\":[{\"@type\":\"Article\",\"@id\":\"https:\\\/\\\/exaudi.org\\\/es\\\/palabras-del-papa-a-los-alcaldes-paternidad-o-maternidad-las-periferias-y-la-paz\\\/#article\",\"isPartOf\":{\"@id\":\"https:\\\/\\\/exaudi.org\\\/es\\\/palabras-del-papa-a-los-alcaldes-paternidad-o-maternidad-las-periferias-y-la-paz\\\/\"},\"author\":{\"name\":\"Exaudi Redacci\u00f3n\",\"@id\":\"https:\\\/\\\/exaudi.org\\\/#\\\/schema\\\/person\\\/f5fc8f063065e38742da7afe15f25df7\"},\"headline\":\"Paternidad o maternidad, las periferias y la paz\",\"datePublished\":\"2022-02-06T10:52:41+00:00\",\"dateModified\":\"2022-02-06T15:30:41+00:00\",\"mainEntityOfPage\":{\"@id\":\"https:\\\/\\\/exaudi.org\\\/es\\\/palabras-del-papa-a-los-alcaldes-paternidad-o-maternidad-las-periferias-y-la-paz\\\/\"},\"wordCount\":1617,\"image\":{\"@id\":\"https:\\\/\\\/exaudi.org\\\/es\\\/palabras-del-papa-a-los-alcaldes-paternidad-o-maternidad-las-periferias-y-la-paz\\\/#primaryimage\"},\"thumbnailUrl\":\"https:\\\/\\\/exaudi.org\\\/wp-content\\\/uploads\\\/2022\\\/02\\\/Audiencia.jpeg\",\"keywords\":[\"Alcaldes\",\"Asociaci\u00f3n Nacional de Municipios de Italia\",\"audiencia\",\"papa francisco\",\"Trending\"],\"articleSection\":[\"Le\u00f3n XIV\",\"Mensajes\"],\"inLanguage\":\"es\"},{\"@type\":\"WebPage\",\"@id\":\"https:\\\/\\\/exaudi.org\\\/es\\\/palabras-del-papa-a-los-alcaldes-paternidad-o-maternidad-las-periferias-y-la-paz\\\/\",\"url\":\"https:\\\/\\\/exaudi.org\\\/es\\\/palabras-del-papa-a-los-alcaldes-paternidad-o-maternidad-las-periferias-y-la-paz\\\/\",\"name\":\"Paternidad o maternidad, las periferias y la paz &#8211; Exaudi\",\"isPartOf\":{\"@id\":\"https:\\\/\\\/exaudi.org\\\/#website\"},\"primaryImageOfPage\":{\"@id\":\"https:\\\/\\\/exaudi.org\\\/es\\\/palabras-del-papa-a-los-alcaldes-paternidad-o-maternidad-las-periferias-y-la-paz\\\/#primaryimage\"},\"image\":{\"@id\":\"https:\\\/\\\/exaudi.org\\\/es\\\/palabras-del-papa-a-los-alcaldes-paternidad-o-maternidad-las-periferias-y-la-paz\\\/#primaryimage\"},\"thumbnailUrl\":\"https:\\\/\\\/exaudi.org\\\/wp-content\\\/uploads\\\/2022\\\/02\\\/Audiencia.jpeg\",\"datePublished\":\"2022-02-06T10:52:41+00:00\",\"dateModified\":\"2022-02-06T15:30:41+00:00\",\"author\":{\"@id\":\"https:\\\/\\\/exaudi.org\\\/#\\\/schema\\\/person\\\/f5fc8f063065e38742da7afe15f25df7\"},\"breadcrumb\":{\"@id\":\"https:\\\/\\\/exaudi.org\\\/es\\\/palabras-del-papa-a-los-alcaldes-paternidad-o-maternidad-las-periferias-y-la-paz\\\/#breadcrumb\"},\"inLanguage\":\"es\",\"potentialAction\":[{\"@type\":\"ReadAction\",\"target\":[\"https:\\\/\\\/exaudi.org\\\/es\\\/palabras-del-papa-a-los-alcaldes-paternidad-o-maternidad-las-periferias-y-la-paz\\\/\"]}]},{\"@type\":\"ImageObject\",\"inLanguage\":\"es\",\"@id\":\"https:\\\/\\\/exaudi.org\\\/es\\\/palabras-del-papa-a-los-alcaldes-paternidad-o-maternidad-las-periferias-y-la-paz\\\/#primaryimage\",\"url\":\"https:\\\/\\\/exaudi.org\\\/wp-content\\\/uploads\\\/2022\\\/02\\\/Audiencia.jpeg\",\"contentUrl\":\"https:\\\/\\\/exaudi.org\\\/wp-content\\\/uploads\\\/2022\\\/02\\\/Audiencia.jpeg\",\"width\":1200,\"height\":800,\"caption\":\"Audiencia Alcaldes \u00a9 Vatican Media\"},{\"@type\":\"BreadcrumbList\",\"@id\":\"https:\\\/\\\/exaudi.org\\\/es\\\/palabras-del-papa-a-los-alcaldes-paternidad-o-maternidad-las-periferias-y-la-paz\\\/#breadcrumb\",\"itemListElement\":[{\"@type\":\"ListItem\",\"position\":1,\"name\":\"Portada\",\"item\":\"https:\\\/\\\/exaudi.org\\\/es\\\/\"},{\"@type\":\"ListItem\",\"position\":2,\"name\":\"Paternidad o maternidad, las periferias y la paz\"}]},{\"@type\":\"WebSite\",\"@id\":\"https:\\\/\\\/exaudi.org\\\/#website\",\"url\":\"https:\\\/\\\/exaudi.org\\\/\",\"name\":\"Exaudi\",\"description\":\"News\",\"potentialAction\":[{\"@type\":\"SearchAction\",\"target\":{\"@type\":\"EntryPoint\",\"urlTemplate\":\"https:\\\/\\\/exaudi.org\\\/?s={search_term_string}\"},\"query-input\":{\"@type\":\"PropertyValueSpecification\",\"valueRequired\":true,\"valueName\":\"search_term_string\"}}],\"inLanguage\":\"es\"},{\"@type\":\"Person\",\"@id\":\"https:\\\/\\\/exaudi.org\\\/#\\\/schema\\\/person\\\/f5fc8f063065e38742da7afe15f25df7\",\"name\":\"Exaudi Redacci\u00f3n\",\"image\":{\"@type\":\"ImageObject\",\"inLanguage\":\"es\",\"@id\":\"https:\\\/\\\/secure.gravatar.com\\\/avatar\\\/fe0f6a059fb68d9b3e11bc5850dd4899b1c7492091a3cb6dd9b01b56ad828be2?s=96&d=mm&r=g\",\"url\":\"https:\\\/\\\/secure.gravatar.com\\\/avatar\\\/fe0f6a059fb68d9b3e11bc5850dd4899b1c7492091a3cb6dd9b01b56ad828be2?s=96&d=mm&r=g\",\"contentUrl\":\"https:\\\/\\\/secure.gravatar.com\\\/avatar\\\/fe0f6a059fb68d9b3e11bc5850dd4899b1c7492091a3cb6dd9b01b56ad828be2?s=96&d=mm&r=g\",\"caption\":\"Exaudi Redacci\u00f3n\"},\"description\":\"\u00bfQu\u00e9 es Exaudi News? Exaudi News es un medio de comunicaci\u00f3n cat\u00f3lico internacional que informa, forma y transforma, diariamente en espa\u00f1ol, ingl\u00e9s e italiano. A trav\u00e9s de noticias, art\u00edculos de an\u00e1lisis y transmisiones en directo de los eventos del Papa, Exaudi busca fortalecer la unidad de los cristianos y contribuir a la evangelizaci\u00f3n del mundo, siempre guiados por la doctrina social de la Iglesia. Trabajamos para acercar la verdad y los valores cristianos a cada rinc\u00f3n del planeta. \u00a1Ay\u00fadanos a transformar el mundo con Exaudi! En Exaudi creemos que la evangelizaci\u00f3n y la informaci\u00f3n de calidad pueden cambiar vidas. Para continuar con nuestra misi\u00f3n y expandir nuestro alcance, necesitamos tu ayuda. Adem\u00e1s, buscamos personas comprometidas que deseen unirse a nuestro equipo. Con tu apoyo, lograremos llegar a m\u00e1s personas, difundir el mensaje de Cristo y reforzar la unidad de los cristianos. \u00bfTe unes a nuestra misi\u00f3n? Para m\u00e1s informaci\u00f3n sobre c\u00f3mo colaborar, visita Exaudi.org\\\/es o cont\u00e1ctanos directamente: info@exaudi.org Exaudi: Informa, forma y transforma.\",\"sameAs\":[\"https:\\\/\\\/www.facebook.com\\\/ExaudiNoticias\\\/\",\"https:\\\/\\\/www.instagram.com\\\/exaudi_noticias\\\/\",\"https:\\\/\\\/x.com\\\/Exaudi_noticias\",\"https:\\\/\\\/www.youtube.com\\\/@exaudicatholicnews\"],\"url\":\"https:\\\/\\\/exaudi.org\\\/es\\\/author\\\/redaccionexaudi\\\/\"}]}<\/script>\n<!-- \/ Yoast SEO plugin. -->","yoast_head_json":{"title":"Paternidad o maternidad, las periferias y la paz &#8211; Exaudi","robots":{"index":"index","follow":"follow","max-snippet":"max-snippet:-1","max-image-preview":"max-image-preview:large","max-video-preview":"max-video-preview:-1"},"canonical":"https:\/\/exaudi.org\/es\/palabras-del-papa-a-los-alcaldes-paternidad-o-maternidad-las-periferias-y-la-paz\/","og_locale":"es_ES","og_type":"article","og_title":"Paternidad o maternidad, las periferias y la paz &#8211; Exaudi","og_description":"Discurso del Pap\u00e1 a alcaldes de la Asociaci\u00f3n Nacional de Municipios de Italia","og_url":"https:\/\/exaudi.org\/es\/palabras-del-papa-a-los-alcaldes-paternidad-o-maternidad-las-periferias-y-la-paz\/","og_site_name":"Exaudi","article_publisher":"https:\/\/www.facebook.com\/ExaudiNews","article_author":"https:\/\/www.facebook.com\/ExaudiNoticias\/","article_published_time":"2022-02-06T10:52:41+00:00","article_modified_time":"2022-02-06T15:30:41+00:00","og_image":[{"width":1200,"height":800,"url":"https:\/\/exaudi.org\/wp-content\/uploads\/2022\/02\/Audiencia.jpeg","type":"image\/jpeg"}],"author":"Exaudi Redacci\u00f3n","twitter_card":"summary_large_image","twitter_creator":"@Exaudi_noticias","twitter_site":"@Exaudi_News","twitter_misc":{"Escrito por":"Exaudi Redacci\u00f3n","Tiempo de lectura":"8 minutos"},"schema":{"@context":"https:\/\/schema.org","@graph":[{"@type":"Article","@id":"https:\/\/exaudi.org\/es\/palabras-del-papa-a-los-alcaldes-paternidad-o-maternidad-las-periferias-y-la-paz\/#article","isPartOf":{"@id":"https:\/\/exaudi.org\/es\/palabras-del-papa-a-los-alcaldes-paternidad-o-maternidad-las-periferias-y-la-paz\/"},"author":{"name":"Exaudi Redacci\u00f3n","@id":"https:\/\/exaudi.org\/#\/schema\/person\/f5fc8f063065e38742da7afe15f25df7"},"headline":"Paternidad o maternidad, las periferias y la paz","datePublished":"2022-02-06T10:52:41+00:00","dateModified":"2022-02-06T15:30:41+00:00","mainEntityOfPage":{"@id":"https:\/\/exaudi.org\/es\/palabras-del-papa-a-los-alcaldes-paternidad-o-maternidad-las-periferias-y-la-paz\/"},"wordCount":1617,"image":{"@id":"https:\/\/exaudi.org\/es\/palabras-del-papa-a-los-alcaldes-paternidad-o-maternidad-las-periferias-y-la-paz\/#primaryimage"},"thumbnailUrl":"https:\/\/exaudi.org\/wp-content\/uploads\/2022\/02\/Audiencia.jpeg","keywords":["Alcaldes","Asociaci\u00f3n Nacional de Municipios de Italia","audiencia","papa francisco","Trending"],"articleSection":["Le\u00f3n XIV","Mensajes"],"inLanguage":"es"},{"@type":"WebPage","@id":"https:\/\/exaudi.org\/es\/palabras-del-papa-a-los-alcaldes-paternidad-o-maternidad-las-periferias-y-la-paz\/","url":"https:\/\/exaudi.org\/es\/palabras-del-papa-a-los-alcaldes-paternidad-o-maternidad-las-periferias-y-la-paz\/","name":"Paternidad o maternidad, las periferias y la paz &#8211; Exaudi","isPartOf":{"@id":"https:\/\/exaudi.org\/#website"},"primaryImageOfPage":{"@id":"https:\/\/exaudi.org\/es\/palabras-del-papa-a-los-alcaldes-paternidad-o-maternidad-las-periferias-y-la-paz\/#primaryimage"},"image":{"@id":"https:\/\/exaudi.org\/es\/palabras-del-papa-a-los-alcaldes-paternidad-o-maternidad-las-periferias-y-la-paz\/#primaryimage"},"thumbnailUrl":"https:\/\/exaudi.org\/wp-content\/uploads\/2022\/02\/Audiencia.jpeg","datePublished":"2022-02-06T10:52:41+00:00","dateModified":"2022-02-06T15:30:41+00:00","author":{"@id":"https:\/\/exaudi.org\/#\/schema\/person\/f5fc8f063065e38742da7afe15f25df7"},"breadcrumb":{"@id":"https:\/\/exaudi.org\/es\/palabras-del-papa-a-los-alcaldes-paternidad-o-maternidad-las-periferias-y-la-paz\/#breadcrumb"},"inLanguage":"es","potentialAction":[{"@type":"ReadAction","target":["https:\/\/exaudi.org\/es\/palabras-del-papa-a-los-alcaldes-paternidad-o-maternidad-las-periferias-y-la-paz\/"]}]},{"@type":"ImageObject","inLanguage":"es","@id":"https:\/\/exaudi.org\/es\/palabras-del-papa-a-los-alcaldes-paternidad-o-maternidad-las-periferias-y-la-paz\/#primaryimage","url":"https:\/\/exaudi.org\/wp-content\/uploads\/2022\/02\/Audiencia.jpeg","contentUrl":"https:\/\/exaudi.org\/wp-content\/uploads\/2022\/02\/Audiencia.jpeg","width":1200,"height":800,"caption":"Audiencia Alcaldes \u00a9 Vatican Media"},{"@type":"BreadcrumbList","@id":"https:\/\/exaudi.org\/es\/palabras-del-papa-a-los-alcaldes-paternidad-o-maternidad-las-periferias-y-la-paz\/#breadcrumb","itemListElement":[{"@type":"ListItem","position":1,"name":"Portada","item":"https:\/\/exaudi.org\/es\/"},{"@type":"ListItem","position":2,"name":"Paternidad o maternidad, las periferias y la paz"}]},{"@type":"WebSite","@id":"https:\/\/exaudi.org\/#website","url":"https:\/\/exaudi.org\/","name":"Exaudi","description":"News","potentialAction":[{"@type":"SearchAction","target":{"@type":"EntryPoint","urlTemplate":"https:\/\/exaudi.org\/?s={search_term_string}"},"query-input":{"@type":"PropertyValueSpecification","valueRequired":true,"valueName":"search_term_string"}}],"inLanguage":"es"},{"@type":"Person","@id":"https:\/\/exaudi.org\/#\/schema\/person\/f5fc8f063065e38742da7afe15f25df7","name":"Exaudi Redacci\u00f3n","image":{"@type":"ImageObject","inLanguage":"es","@id":"https:\/\/secure.gravatar.com\/avatar\/fe0f6a059fb68d9b3e11bc5850dd4899b1c7492091a3cb6dd9b01b56ad828be2?s=96&d=mm&r=g","url":"https:\/\/secure.gravatar.com\/avatar\/fe0f6a059fb68d9b3e11bc5850dd4899b1c7492091a3cb6dd9b01b56ad828be2?s=96&d=mm&r=g","contentUrl":"https:\/\/secure.gravatar.com\/avatar\/fe0f6a059fb68d9b3e11bc5850dd4899b1c7492091a3cb6dd9b01b56ad828be2?s=96&d=mm&r=g","caption":"Exaudi Redacci\u00f3n"},"description":"\u00bfQu\u00e9 es Exaudi News? Exaudi News es un medio de comunicaci\u00f3n cat\u00f3lico internacional que informa, forma y transforma, diariamente en espa\u00f1ol, ingl\u00e9s e italiano. A trav\u00e9s de noticias, art\u00edculos de an\u00e1lisis y transmisiones en directo de los eventos del Papa, Exaudi busca fortalecer la unidad de los cristianos y contribuir a la evangelizaci\u00f3n del mundo, siempre guiados por la doctrina social de la Iglesia. Trabajamos para acercar la verdad y los valores cristianos a cada rinc\u00f3n del planeta. \u00a1Ay\u00fadanos a transformar el mundo con Exaudi! En Exaudi creemos que la evangelizaci\u00f3n y la informaci\u00f3n de calidad pueden cambiar vidas. Para continuar con nuestra misi\u00f3n y expandir nuestro alcance, necesitamos tu ayuda. Adem\u00e1s, buscamos personas comprometidas que deseen unirse a nuestro equipo. Con tu apoyo, lograremos llegar a m\u00e1s personas, difundir el mensaje de Cristo y reforzar la unidad de los cristianos. \u00bfTe unes a nuestra misi\u00f3n? Para m\u00e1s informaci\u00f3n sobre c\u00f3mo colaborar, visita Exaudi.org\/es o cont\u00e1ctanos directamente: info@exaudi.org Exaudi: Informa, forma y transforma.","sameAs":["https:\/\/www.facebook.com\/ExaudiNoticias\/","https:\/\/www.instagram.com\/exaudi_noticias\/","https:\/\/x.com\/Exaudi_noticias","https:\/\/www.youtube.com\/@exaudicatholicnews"],"url":"https:\/\/exaudi.org\/es\/author\/redaccionexaudi\/"}]}},"jetpack_featured_media_url":"https:\/\/exaudi.org\/wp-content\/uploads\/2022\/02\/Audiencia.jpeg","jetpack_shortlink":"https:\/\/wp.me\/pgKjF2-dmd","_links":{"self":[{"href":"https:\/\/exaudi.org\/es\/wp-json\/wp\/v2\/posts\/51349","targetHints":{"allow":["GET"]}}],"collection":[{"href":"https:\/\/exaudi.org\/es\/wp-json\/wp\/v2\/posts"}],"about":[{"href":"https:\/\/exaudi.org\/es\/wp-json\/wp\/v2\/types\/post"}],"author":[{"embeddable":true,"href":"https:\/\/exaudi.org\/es\/wp-json\/wp\/v2\/users\/15"}],"replies":[{"embeddable":true,"href":"https:\/\/exaudi.org\/es\/wp-json\/wp\/v2\/comments?post=51349"}],"version-history":[{"count":0,"href":"https:\/\/exaudi.org\/es\/wp-json\/wp\/v2\/posts\/51349\/revisions"}],"wp:featuredmedia":[{"embeddable":true,"href":"https:\/\/exaudi.org\/es\/wp-json\/wp\/v2\/media\/51353"}],"wp:attachment":[{"href":"https:\/\/exaudi.org\/es\/wp-json\/wp\/v2\/media?parent=51349"}],"wp:term":[{"taxonomy":"category","embeddable":true,"href":"https:\/\/exaudi.org\/es\/wp-json\/wp\/v2\/categories?post=51349"},{"taxonomy":"post_tag","embeddable":true,"href":"https:\/\/exaudi.org\/es\/wp-json\/wp\/v2\/tags?post=51349"}],"curies":[{"name":"wp","href":"https:\/\/api.w.org\/{rel}","templated":true}]}}