{"id":51248,"date":"2022-02-04T11:09:09","date_gmt":"2022-02-04T10:09:09","guid":{"rendered":"https:\/\/exaudi.org\/?p=51248"},"modified":"2022-02-04T13:02:12","modified_gmt":"2022-02-04T12:02:12","slug":"nueva-nunciatura-en-emiratos-arabes-la-importancia-de-la-fe-en-la-sociedad","status":"publish","type":"post","link":"https:\/\/exaudi.org\/es\/nueva-nunciatura-en-emiratos-arabes-la-importancia-de-la-fe-en-la-sociedad\/","title":{"rendered":"Nueva nunciatura en Emiratos \u00c1rabes: La importancia de la fe en la sociedad"},"content":{"rendered":"<p>\u201cEstoy convencido de que la relaci\u00f3n que se ha formado en este periodo se basa en una comprensi\u00f3n mutua de la importancia de la fe y del papel positivo que la religi\u00f3n debe desempe\u00f1ar en la sociedad\u201d , ha expuesto monse\u00f1or Edgar Pe\u00f1a Parra, Sustituto de la Secretar\u00eda de Estado de la Santa Sede.<\/p>\n<p>Hoy viernes 4 de febrero, el presidente de la Secci\u00f3n de Asuntos Generales de la Secretar\u00eda de Estado para la apertura de la Iglesia Apost\u00f3lica en los Emiratos \u00c1rabes Unidos, monse\u00f1or Edgar Pe\u00f1a Parra ha pronunciado un discurso por la <a href=\"https:\/\/exaudi.org\/es\/ayudar-hermanos-elevar-mirada-al-cielo\/\" target=\"_blank\" rel=\"noopener\">Jornada Internacional de la Fraternidad Humana<\/a>.<\/p>\n<p>Al comienzo del discurso monse\u00f1or Pe\u00f1a Parra ha destacado la cercan\u00eda espiritual de Su Santidad el Papa Francisco. Del mismo modo ha resaltado que \u201cla presencia de esta nueva Nunciatura Apost\u00f3lica es un signo m\u00e1s de la solicitud y preocupaci\u00f3n del Santo Padre por todo el pueblo de esta tierra\u201d.<\/p>\n<p><img loading=\"lazy\" decoding=\"async\" class=\"size-medium wp-image-51261 alignleft\" src=\"https:\/\/exaudi.org\/wp-content\/uploads\/2022\/02\/cq5dam.thumbnail.cropped.1500.844-1-2-300x169.jpeg\" alt=\"\" width=\"300\" height=\"169\" srcset=\"https:\/\/exaudi.org\/wp-content\/uploads\/2022\/02\/cq5dam.thumbnail.cropped.1500.844-1-2-300x169.jpeg 300w, https:\/\/exaudi.org\/wp-content\/uploads\/2022\/02\/cq5dam.thumbnail.cropped.1500.844-1-2-1024x576.jpeg 1024w, https:\/\/exaudi.org\/wp-content\/uploads\/2022\/02\/cq5dam.thumbnail.cropped.1500.844-1-2-770x433.jpeg 770w, https:\/\/exaudi.org\/wp-content\/uploads\/2022\/02\/cq5dam.thumbnail.cropped.1500.844-1-2-500x281.jpeg 500w, https:\/\/exaudi.org\/wp-content\/uploads\/2022\/02\/cq5dam.thumbnail.cropped.1500.844-1-2-293x165.jpeg 293w, https:\/\/exaudi.org\/wp-content\/uploads\/2022\/02\/cq5dam.thumbnail.cropped.1500.844-1-2-1400x788.jpeg 1400w, https:\/\/exaudi.org\/wp-content\/uploads\/2022\/02\/cq5dam.thumbnail.cropped.1500.844-1-2-390x219.jpeg 390w, https:\/\/exaudi.org\/wp-content\/uploads\/2022\/02\/cq5dam.thumbnail.cropped.1500.844-1-2.jpeg 1500w\" sizes=\"auto, (max-width: 300px) 100vw, 300px\" \/>As\u00ed, explica monse\u00f1or Parra, \u201ccomo ya tuve ocasi\u00f3n de comentar en circunstancias similares, es por ello que a las Nunciaturas Apost\u00f3licas se les suele llamar cari\u00f1osamente la Casa del Papa. Lo mismo ocurre ciertamente con este lugar, ya que es el deseo sincero del Papa Francisco que este edificio ayude al representante papal a llevar a cabo su misi\u00f3n en los Emiratos \u00c1rabes Unidos y en la comunidad cat\u00f3lica local\u201d.<\/p>\n<p>La inauguraci\u00f3n de esta Representaci\u00f3n Diplom\u00e1tica de la Santa Sede, se\u00f1ala el adjunto de la Secretar\u00eda de Estado, \u201cdemuestra las buenas relaciones bilaterales que ya existen entre los Emiratos \u00c1rabes Unidos y la Santa Sede\u201d. Sobre esta cuesti\u00f3n, destaca tambi\u00e9n \u201cque este a\u00f1o se cumple el decimoquinto aniversario de las relaciones diplom\u00e1ticas\u201d.<\/p>\n<p>\u201cEstoy convencido de que la relaci\u00f3n que se ha formado en este periodo se basa en una comprensi\u00f3n mutua de la importancia de la fe y del papel positivo que la religi\u00f3n debe desempe\u00f1ar en la sociedad. Esto se afirm\u00f3 hoy hace tres a\u00f1os durante el <a href=\"https:\/\/www.vatican.va\/content\/francesco\/es\/travels\/2019\/outside\/documents\/papa-francesco-emiratiarabiuniti-2019.html\" target=\"_blank\" rel=\"noopener\">Viaje Apost\u00f3lico 2019 del Papa Francisco<\/a> a este pa\u00eds, cuando \u00e9l y el Gran Im\u00e1n de Al-Azhar, Ahmad Al-Tayyeb, firmaron el hist\u00f3rico documento sobre la Fraternidad Humana: Por la Paz Mundial y la Convivencia\u201d, expone.<\/p>\n<p>El documento, describe Pe\u00f1a Parra, \u201chabla con elocuencia de los elementos que unen a musulmanes y cristianos, basados en la creencia compartida en Dios, creador de todas las cosas\u201d. De ah\u00ed, prosigue, \u201csurge el llamamiento a los creyentes a vivir en fraternidad con todas las personas, independientemente de su raza, religi\u00f3n o credo, y a salvaguardar la creaci\u00f3n, nuestro hogar com\u00fan\u201d.<\/p>\n<p>De este modo, al firmar el documento, el Gran Im\u00e1n y el Papa, \u201cexpresaron su deseo de que \u2018sirva de gu\u00eda a las generaciones futuras para avanzar en la cultura del respeto mutuo, en la conciencia de la gran gracia divina que hace a todos los seres humanos hermanos y hermanas\u2019 (Introducci\u00f3n)\u2019\u201d. As\u00ed, Parra espera que tambi\u00e9n sirva de marco \u201cpara profundizar en nuestras relaciones diplom\u00e1ticas\u201d. \u201cPor lo tanto, al avanzar, intensifiquemos nuestros esfuerzos para promover el contenido del documento con el fin de ayudar a construir un mundo m\u00e1s justo y pac\u00edfico\u201d, concluye.<\/p>\n","protected":false},"excerpt":{"rendered":"<p>Monse\u00f1or Pe\u00f1a Parra inaugura la Nunciatura en los Emiratos \u00c1rabes<\/p>\n","protected":false},"author":81,"featured_media":51258,"comment_status":"closed","ping_status":"closed","sticky":false,"template":"","format":"standard","meta":{"_acf_changed":false,"_crdt_document":"","inline_featured_image":false,"footnotes":""},"categories":[132],"tags":[5776,5777,4953],"class_list":["post-51248","post","type-post","status-publish","format-standard","has-post-thumbnail","hentry","category-vaticano-es","tag-monsenor-pena-parra","tag-nunciatura-en-emiratos-arabes","tag-trending-es"],"acf":[],"yoast_head":"<!-- This site is optimized with the Yoast SEO plugin v27.4 - https:\/\/yoast.com\/product\/yoast-seo-wordpress\/ -->\n<title>Nueva nunciatura en Emiratos \u00c1rabes: La importancia de la fe en la sociedad &#8211; Exaudi<\/title>\n<meta name=\"description\" content=\"Nueva nunciatura en Emiratos \u00c1rabes: La importancia de la fe en la sociedad. Discurso de monse\u00f1or Pe\u00f1a Parra.\" \/>\n<meta name=\"robots\" content=\"index, follow, max-snippet:-1, max-image-preview:large, max-video-preview:-1\" \/>\n<link rel=\"canonical\" href=\"https:\/\/exaudi.org\/es\/nueva-nunciatura-en-emiratos-arabes-la-importancia-de-la-fe-en-la-sociedad\/\" \/>\n<meta property=\"og:locale\" content=\"es_ES\" \/>\n<meta property=\"og:type\" content=\"article\" \/>\n<meta property=\"og:title\" content=\"Nueva nunciatura en Emiratos \u00c1rabes: La importancia de la fe en la sociedad &#8211; Exaudi\" \/>\n<meta property=\"og:description\" content=\"Nueva nunciatura en Emiratos \u00c1rabes: La importancia de la fe en la sociedad. Discurso de monse\u00f1or Pe\u00f1a Parra.\" \/>\n<meta property=\"og:url\" content=\"https:\/\/exaudi.org\/es\/nueva-nunciatura-en-emiratos-arabes-la-importancia-de-la-fe-en-la-sociedad\/\" \/>\n<meta property=\"og:site_name\" content=\"Exaudi\" \/>\n<meta property=\"article:publisher\" content=\"https:\/\/www.facebook.com\/ExaudiNews\" \/>\n<meta property=\"article:published_time\" content=\"2022-02-04T10:09:09+00:00\" \/>\n<meta property=\"article:modified_time\" content=\"2022-02-04T12:02:12+00:00\" \/>\n<meta property=\"og:image\" content=\"https:\/\/exaudi.org\/wp-content\/uploads\/2022\/02\/cq5dam.thumbnail.cropped.1500.844-3.jpeg\" \/>\n\t<meta property=\"og:image:width\" content=\"1280\" \/>\n\t<meta property=\"og:image:height\" content=\"720\" \/>\n\t<meta property=\"og:image:type\" content=\"image\/jpeg\" \/>\n<meta name=\"author\" content=\"Alba Montalvo\" \/>\n<meta name=\"twitter:card\" content=\"summary_large_image\" \/>\n<meta name=\"twitter:creator\" content=\"@Exaudi_News\" \/>\n<meta name=\"twitter:site\" content=\"@Exaudi_News\" \/>\n<meta name=\"twitter:label1\" content=\"Escrito por\" \/>\n\t<meta name=\"twitter:data1\" content=\"Alba Montalvo\" \/>\n\t<meta name=\"twitter:label2\" content=\"Tiempo de lectura\" \/>\n\t<meta name=\"twitter:data2\" content=\"3 minutos\" \/>\n<script type=\"application\/ld+json\" class=\"yoast-schema-graph\">{\"@context\":\"https:\\\/\\\/schema.org\",\"@graph\":[{\"@type\":\"Article\",\"@id\":\"https:\\\/\\\/exaudi.org\\\/es\\\/nueva-nunciatura-en-emiratos-arabes-la-importancia-de-la-fe-en-la-sociedad\\\/#article\",\"isPartOf\":{\"@id\":\"https:\\\/\\\/exaudi.org\\\/es\\\/nueva-nunciatura-en-emiratos-arabes-la-importancia-de-la-fe-en-la-sociedad\\\/\"},\"author\":{\"name\":\"Alba Montalvo\",\"@id\":\"https:\\\/\\\/exaudi.org\\\/#\\\/schema\\\/person\\\/fc7b3cbb6f4d66ebcb53bf601d7b7eb1\"},\"headline\":\"Nueva nunciatura en Emiratos \u00c1rabes: La importancia de la fe en la sociedad\",\"datePublished\":\"2022-02-04T10:09:09+00:00\",\"dateModified\":\"2022-02-04T12:02:12+00:00\",\"mainEntityOfPage\":{\"@id\":\"https:\\\/\\\/exaudi.org\\\/es\\\/nueva-nunciatura-en-emiratos-arabes-la-importancia-de-la-fe-en-la-sociedad\\\/\"},\"wordCount\":571,\"image\":{\"@id\":\"https:\\\/\\\/exaudi.org\\\/es\\\/nueva-nunciatura-en-emiratos-arabes-la-importancia-de-la-fe-en-la-sociedad\\\/#primaryimage\"},\"thumbnailUrl\":\"https:\\\/\\\/exaudi.org\\\/wp-content\\\/uploads\\\/2022\\\/02\\\/cq5dam.thumbnail.cropped.1500.844-3.jpeg\",\"keywords\":[\"monse\u00f1or Pe\u00f1a Parra\",\"nunciatura en Emiratos \u00c1rabes\",\"Trending\"],\"articleSection\":[\"Vaticano\"],\"inLanguage\":\"es\"},{\"@type\":\"WebPage\",\"@id\":\"https:\\\/\\\/exaudi.org\\\/es\\\/nueva-nunciatura-en-emiratos-arabes-la-importancia-de-la-fe-en-la-sociedad\\\/\",\"url\":\"https:\\\/\\\/exaudi.org\\\/es\\\/nueva-nunciatura-en-emiratos-arabes-la-importancia-de-la-fe-en-la-sociedad\\\/\",\"name\":\"Nueva nunciatura en Emiratos \u00c1rabes: La importancia de la fe en la sociedad &#8211; Exaudi\",\"isPartOf\":{\"@id\":\"https:\\\/\\\/exaudi.org\\\/#website\"},\"primaryImageOfPage\":{\"@id\":\"https:\\\/\\\/exaudi.org\\\/es\\\/nueva-nunciatura-en-emiratos-arabes-la-importancia-de-la-fe-en-la-sociedad\\\/#primaryimage\"},\"image\":{\"@id\":\"https:\\\/\\\/exaudi.org\\\/es\\\/nueva-nunciatura-en-emiratos-arabes-la-importancia-de-la-fe-en-la-sociedad\\\/#primaryimage\"},\"thumbnailUrl\":\"https:\\\/\\\/exaudi.org\\\/wp-content\\\/uploads\\\/2022\\\/02\\\/cq5dam.thumbnail.cropped.1500.844-3.jpeg\",\"datePublished\":\"2022-02-04T10:09:09+00:00\",\"dateModified\":\"2022-02-04T12:02:12+00:00\",\"author\":{\"@id\":\"https:\\\/\\\/exaudi.org\\\/#\\\/schema\\\/person\\\/fc7b3cbb6f4d66ebcb53bf601d7b7eb1\"},\"description\":\"Nueva nunciatura en Emiratos \u00c1rabes: La importancia de la fe en la sociedad. Discurso de monse\u00f1or Pe\u00f1a Parra.\",\"breadcrumb\":{\"@id\":\"https:\\\/\\\/exaudi.org\\\/es\\\/nueva-nunciatura-en-emiratos-arabes-la-importancia-de-la-fe-en-la-sociedad\\\/#breadcrumb\"},\"inLanguage\":\"es\",\"potentialAction\":[{\"@type\":\"ReadAction\",\"target\":[\"https:\\\/\\\/exaudi.org\\\/es\\\/nueva-nunciatura-en-emiratos-arabes-la-importancia-de-la-fe-en-la-sociedad\\\/\"]}]},{\"@type\":\"ImageObject\",\"inLanguage\":\"es\",\"@id\":\"https:\\\/\\\/exaudi.org\\\/es\\\/nueva-nunciatura-en-emiratos-arabes-la-importancia-de-la-fe-en-la-sociedad\\\/#primaryimage\",\"url\":\"https:\\\/\\\/exaudi.org\\\/wp-content\\\/uploads\\\/2022\\\/02\\\/cq5dam.thumbnail.cropped.1500.844-3.jpeg\",\"contentUrl\":\"https:\\\/\\\/exaudi.org\\\/wp-content\\\/uploads\\\/2022\\\/02\\\/cq5dam.thumbnail.cropped.1500.844-3.jpeg\",\"width\":1280,\"height\":720,\"caption\":\"Mons. Pe\u00f1a Parra durante la inauguraci\u00f3n de la Nunciatura Apost\u00f3lica en Abu Dhabi 4 de febrero 2022 \u00a9 Vatican Media\"},{\"@type\":\"BreadcrumbList\",\"@id\":\"https:\\\/\\\/exaudi.org\\\/es\\\/nueva-nunciatura-en-emiratos-arabes-la-importancia-de-la-fe-en-la-sociedad\\\/#breadcrumb\",\"itemListElement\":[{\"@type\":\"ListItem\",\"position\":1,\"name\":\"Portada\",\"item\":\"https:\\\/\\\/exaudi.org\\\/es\\\/\"},{\"@type\":\"ListItem\",\"position\":2,\"name\":\"Nueva nunciatura en Emiratos \u00c1rabes: La importancia de la fe en la sociedad\"}]},{\"@type\":\"WebSite\",\"@id\":\"https:\\\/\\\/exaudi.org\\\/#website\",\"url\":\"https:\\\/\\\/exaudi.org\\\/\",\"name\":\"Exaudi\",\"description\":\"News\",\"potentialAction\":[{\"@type\":\"SearchAction\",\"target\":{\"@type\":\"EntryPoint\",\"urlTemplate\":\"https:\\\/\\\/exaudi.org\\\/?s={search_term_string}\"},\"query-input\":{\"@type\":\"PropertyValueSpecification\",\"valueRequired\":true,\"valueName\":\"search_term_string\"}}],\"inLanguage\":\"es\"},{\"@type\":\"Person\",\"@id\":\"https:\\\/\\\/exaudi.org\\\/#\\\/schema\\\/person\\\/fc7b3cbb6f4d66ebcb53bf601d7b7eb1\",\"name\":\"Alba Montalvo\",\"image\":{\"@type\":\"ImageObject\",\"inLanguage\":\"es\",\"@id\":\"https:\\\/\\\/secure.gravatar.com\\\/avatar\\\/1e8c522219a5df52d143b7baf13997ffd4f1814ca862efe7af11a13849275021?s=96&d=mm&r=g\",\"url\":\"https:\\\/\\\/secure.gravatar.com\\\/avatar\\\/1e8c522219a5df52d143b7baf13997ffd4f1814ca862efe7af11a13849275021?s=96&d=mm&r=g\",\"contentUrl\":\"https:\\\/\\\/secure.gravatar.com\\\/avatar\\\/1e8c522219a5df52d143b7baf13997ffd4f1814ca862efe7af11a13849275021?s=96&d=mm&r=g\",\"caption\":\"Alba Montalvo\"},\"description\":\"Licenciada en Periodismo y M\u00e1ster en Periodismo Social. Mi trayectoria profesional ha estado siempre vinculada al \u00e1mbito de la comunicaci\u00f3n en el entorno digital. He trabajado como productora, gestora de contenidos estrat\u00e9gicos para redes y entrevistadora en la Fundaci\u00f3n Mater Mundi TV. Madrile\u00f1a de nacimiento, actualmente vivo en M\u00e1laga.\",\"url\":\"https:\\\/\\\/exaudi.org\\\/es\\\/author\\\/amontalvoexaudi-org\\\/\"}]}<\/script>\n<!-- \/ Yoast SEO plugin. -->","yoast_head_json":{"title":"Nueva nunciatura en Emiratos \u00c1rabes: La importancia de la fe en la sociedad &#8211; Exaudi","description":"Nueva nunciatura en Emiratos \u00c1rabes: La importancia de la fe en la sociedad. Discurso de monse\u00f1or Pe\u00f1a Parra.","robots":{"index":"index","follow":"follow","max-snippet":"max-snippet:-1","max-image-preview":"max-image-preview:large","max-video-preview":"max-video-preview:-1"},"canonical":"https:\/\/exaudi.org\/es\/nueva-nunciatura-en-emiratos-arabes-la-importancia-de-la-fe-en-la-sociedad\/","og_locale":"es_ES","og_type":"article","og_title":"Nueva nunciatura en Emiratos \u00c1rabes: La importancia de la fe en la sociedad &#8211; Exaudi","og_description":"Nueva nunciatura en Emiratos \u00c1rabes: La importancia de la fe en la sociedad. Discurso de monse\u00f1or Pe\u00f1a Parra.","og_url":"https:\/\/exaudi.org\/es\/nueva-nunciatura-en-emiratos-arabes-la-importancia-de-la-fe-en-la-sociedad\/","og_site_name":"Exaudi","article_publisher":"https:\/\/www.facebook.com\/ExaudiNews","article_published_time":"2022-02-04T10:09:09+00:00","article_modified_time":"2022-02-04T12:02:12+00:00","og_image":[{"width":1280,"height":720,"url":"https:\/\/exaudi.org\/wp-content\/uploads\/2022\/02\/cq5dam.thumbnail.cropped.1500.844-3.jpeg","type":"image\/jpeg"}],"author":"Alba Montalvo","twitter_card":"summary_large_image","twitter_creator":"@Exaudi_News","twitter_site":"@Exaudi_News","twitter_misc":{"Escrito por":"Alba Montalvo","Tiempo de lectura":"3 minutos"},"schema":{"@context":"https:\/\/schema.org","@graph":[{"@type":"Article","@id":"https:\/\/exaudi.org\/es\/nueva-nunciatura-en-emiratos-arabes-la-importancia-de-la-fe-en-la-sociedad\/#article","isPartOf":{"@id":"https:\/\/exaudi.org\/es\/nueva-nunciatura-en-emiratos-arabes-la-importancia-de-la-fe-en-la-sociedad\/"},"author":{"name":"Alba Montalvo","@id":"https:\/\/exaudi.org\/#\/schema\/person\/fc7b3cbb6f4d66ebcb53bf601d7b7eb1"},"headline":"Nueva nunciatura en Emiratos \u00c1rabes: La importancia de la fe en la sociedad","datePublished":"2022-02-04T10:09:09+00:00","dateModified":"2022-02-04T12:02:12+00:00","mainEntityOfPage":{"@id":"https:\/\/exaudi.org\/es\/nueva-nunciatura-en-emiratos-arabes-la-importancia-de-la-fe-en-la-sociedad\/"},"wordCount":571,"image":{"@id":"https:\/\/exaudi.org\/es\/nueva-nunciatura-en-emiratos-arabes-la-importancia-de-la-fe-en-la-sociedad\/#primaryimage"},"thumbnailUrl":"https:\/\/exaudi.org\/wp-content\/uploads\/2022\/02\/cq5dam.thumbnail.cropped.1500.844-3.jpeg","keywords":["monse\u00f1or Pe\u00f1a Parra","nunciatura en Emiratos \u00c1rabes","Trending"],"articleSection":["Vaticano"],"inLanguage":"es"},{"@type":"WebPage","@id":"https:\/\/exaudi.org\/es\/nueva-nunciatura-en-emiratos-arabes-la-importancia-de-la-fe-en-la-sociedad\/","url":"https:\/\/exaudi.org\/es\/nueva-nunciatura-en-emiratos-arabes-la-importancia-de-la-fe-en-la-sociedad\/","name":"Nueva nunciatura en Emiratos \u00c1rabes: La importancia de la fe en la sociedad &#8211; Exaudi","isPartOf":{"@id":"https:\/\/exaudi.org\/#website"},"primaryImageOfPage":{"@id":"https:\/\/exaudi.org\/es\/nueva-nunciatura-en-emiratos-arabes-la-importancia-de-la-fe-en-la-sociedad\/#primaryimage"},"image":{"@id":"https:\/\/exaudi.org\/es\/nueva-nunciatura-en-emiratos-arabes-la-importancia-de-la-fe-en-la-sociedad\/#primaryimage"},"thumbnailUrl":"https:\/\/exaudi.org\/wp-content\/uploads\/2022\/02\/cq5dam.thumbnail.cropped.1500.844-3.jpeg","datePublished":"2022-02-04T10:09:09+00:00","dateModified":"2022-02-04T12:02:12+00:00","author":{"@id":"https:\/\/exaudi.org\/#\/schema\/person\/fc7b3cbb6f4d66ebcb53bf601d7b7eb1"},"description":"Nueva nunciatura en Emiratos \u00c1rabes: La importancia de la fe en la sociedad. Discurso de monse\u00f1or Pe\u00f1a Parra.","breadcrumb":{"@id":"https:\/\/exaudi.org\/es\/nueva-nunciatura-en-emiratos-arabes-la-importancia-de-la-fe-en-la-sociedad\/#breadcrumb"},"inLanguage":"es","potentialAction":[{"@type":"ReadAction","target":["https:\/\/exaudi.org\/es\/nueva-nunciatura-en-emiratos-arabes-la-importancia-de-la-fe-en-la-sociedad\/"]}]},{"@type":"ImageObject","inLanguage":"es","@id":"https:\/\/exaudi.org\/es\/nueva-nunciatura-en-emiratos-arabes-la-importancia-de-la-fe-en-la-sociedad\/#primaryimage","url":"https:\/\/exaudi.org\/wp-content\/uploads\/2022\/02\/cq5dam.thumbnail.cropped.1500.844-3.jpeg","contentUrl":"https:\/\/exaudi.org\/wp-content\/uploads\/2022\/02\/cq5dam.thumbnail.cropped.1500.844-3.jpeg","width":1280,"height":720,"caption":"Mons. Pe\u00f1a Parra durante la inauguraci\u00f3n de la Nunciatura Apost\u00f3lica en Abu Dhabi 4 de febrero 2022 \u00a9 Vatican Media"},{"@type":"BreadcrumbList","@id":"https:\/\/exaudi.org\/es\/nueva-nunciatura-en-emiratos-arabes-la-importancia-de-la-fe-en-la-sociedad\/#breadcrumb","itemListElement":[{"@type":"ListItem","position":1,"name":"Portada","item":"https:\/\/exaudi.org\/es\/"},{"@type":"ListItem","position":2,"name":"Nueva nunciatura en Emiratos \u00c1rabes: La importancia de la fe en la sociedad"}]},{"@type":"WebSite","@id":"https:\/\/exaudi.org\/#website","url":"https:\/\/exaudi.org\/","name":"Exaudi","description":"News","potentialAction":[{"@type":"SearchAction","target":{"@type":"EntryPoint","urlTemplate":"https:\/\/exaudi.org\/?s={search_term_string}"},"query-input":{"@type":"PropertyValueSpecification","valueRequired":true,"valueName":"search_term_string"}}],"inLanguage":"es"},{"@type":"Person","@id":"https:\/\/exaudi.org\/#\/schema\/person\/fc7b3cbb6f4d66ebcb53bf601d7b7eb1","name":"Alba Montalvo","image":{"@type":"ImageObject","inLanguage":"es","@id":"https:\/\/secure.gravatar.com\/avatar\/1e8c522219a5df52d143b7baf13997ffd4f1814ca862efe7af11a13849275021?s=96&d=mm&r=g","url":"https:\/\/secure.gravatar.com\/avatar\/1e8c522219a5df52d143b7baf13997ffd4f1814ca862efe7af11a13849275021?s=96&d=mm&r=g","contentUrl":"https:\/\/secure.gravatar.com\/avatar\/1e8c522219a5df52d143b7baf13997ffd4f1814ca862efe7af11a13849275021?s=96&d=mm&r=g","caption":"Alba Montalvo"},"description":"Licenciada en Periodismo y M\u00e1ster en Periodismo Social. Mi trayectoria profesional ha estado siempre vinculada al \u00e1mbito de la comunicaci\u00f3n en el entorno digital. He trabajado como productora, gestora de contenidos estrat\u00e9gicos para redes y entrevistadora en la Fundaci\u00f3n Mater Mundi TV. Madrile\u00f1a de nacimiento, actualmente vivo en M\u00e1laga.","url":"https:\/\/exaudi.org\/es\/author\/amontalvoexaudi-org\/"}]}},"jetpack_featured_media_url":"https:\/\/exaudi.org\/wp-content\/uploads\/2022\/02\/cq5dam.thumbnail.cropped.1500.844-3.jpeg","jetpack_shortlink":"https:\/\/wp.me\/pgKjF2-dkA","_links":{"self":[{"href":"https:\/\/exaudi.org\/es\/wp-json\/wp\/v2\/posts\/51248","targetHints":{"allow":["GET"]}}],"collection":[{"href":"https:\/\/exaudi.org\/es\/wp-json\/wp\/v2\/posts"}],"about":[{"href":"https:\/\/exaudi.org\/es\/wp-json\/wp\/v2\/types\/post"}],"author":[{"embeddable":true,"href":"https:\/\/exaudi.org\/es\/wp-json\/wp\/v2\/users\/81"}],"replies":[{"embeddable":true,"href":"https:\/\/exaudi.org\/es\/wp-json\/wp\/v2\/comments?post=51248"}],"version-history":[{"count":0,"href":"https:\/\/exaudi.org\/es\/wp-json\/wp\/v2\/posts\/51248\/revisions"}],"wp:featuredmedia":[{"embeddable":true,"href":"https:\/\/exaudi.org\/es\/wp-json\/wp\/v2\/media\/51258"}],"wp:attachment":[{"href":"https:\/\/exaudi.org\/es\/wp-json\/wp\/v2\/media?parent=51248"}],"wp:term":[{"taxonomy":"category","embeddable":true,"href":"https:\/\/exaudi.org\/es\/wp-json\/wp\/v2\/categories?post=51248"},{"taxonomy":"post_tag","embeddable":true,"href":"https:\/\/exaudi.org\/es\/wp-json\/wp\/v2\/tags?post=51248"}],"curies":[{"name":"wp","href":"https:\/\/api.w.org\/{rel}","templated":true}]}}