{"id":51085,"date":"2022-02-03T09:10:39","date_gmt":"2022-02-03T08:10:39","guid":{"rendered":"https:\/\/exaudi.org\/?p=51085"},"modified":"2022-02-03T14:08:42","modified_gmt":"2022-02-03T13:08:42","slug":"irak-los-cristianos-afrontan-el-ano-con-esperanza-y-temor","status":"publish","type":"post","link":"https:\/\/exaudi.org\/es\/irak-los-cristianos-afrontan-el-ano-con-esperanza-y-temor\/","title":{"rendered":"Irak: Los cristianos afrontan el a\u00f1o con esperanza y temor"},"content":{"rendered":"<p>En Irak, los cristianos afrontan el nuevo a\u00f1o con esperanza y temor porque a pesar de que su situaci\u00f3n en la Llanura de N\u00ednive, Iraq, sigue siendo precaria, tras la expulsi\u00f3n del Estado Isl\u00e1mico, se han hecho muchos progresos en la regi\u00f3n respecto a la renovaci\u00f3n y reconstrucci\u00f3n de los hogares cristianos, as\u00ed como de las iglesias y dem\u00e1s propiedades de la Iglesia. As\u00ed ha informado una nota de la fundaci\u00f3n pontificia de <a href=\"https:\/\/www.ayudaalaiglesianecesitada.org\/\" target=\"_blank\" rel=\"noopener\">Ayuda a la Iglesia Necesitada<\/a> difundida el 21 de enero del 2022.<\/p>\n<p>La nota explica que cuatro cristianos de Qaraqosh, localidad que est\u00e1 recuperando su condici\u00f3n de ciudad cristiana m\u00e1s importante del pa\u00eds, han confiado a \u2018Ayuda a la Iglesia Necesitada\u2019 sus esperanzas y sue\u00f1os para el nuevo a\u00f1o.<\/p>\n<p>Primero lleg\u00f3 la derrota militar del Estado Isl\u00e1mico y los cristianos comenzaron a regresar a sus hogares. Luego, desafiando las amenazas del terrorismo y del COVID-19, lleg\u00f3 el papa Francisco para bendecir Iraq, que tanto ha sufrido en la \u00faltima d\u00e9cada.<\/p>\n<p><img loading=\"lazy\" decoding=\"async\" class=\"alignleft wp-image-51095 size-medium\" src=\"https:\/\/exaudi.org\/wp-content\/uploads\/2022\/02\/foto2-300x200.jpg\" alt=\"\" width=\"300\" height=\"200\" srcset=\"https:\/\/exaudi.org\/wp-content\/uploads\/2022\/02\/foto2-300x200.jpg 300w, https:\/\/exaudi.org\/wp-content\/uploads\/2022\/02\/foto2-1024x683.jpg 1024w, https:\/\/exaudi.org\/wp-content\/uploads\/2022\/02\/foto2-770x513.jpg 770w, https:\/\/exaudi.org\/wp-content\/uploads\/2022\/02\/foto2-360x240.jpg?crop=1 360w, https:\/\/exaudi.org\/wp-content\/uploads\/2022\/02\/foto2-500x333.jpg 500w, https:\/\/exaudi.org\/wp-content\/uploads\/2022\/02\/foto2-1155x770.jpg 1155w, https:\/\/exaudi.org\/wp-content\/uploads\/2022\/02\/foto2-370x247.jpg 370w, https:\/\/exaudi.org\/wp-content\/uploads\/2022\/02\/foto2-293x195.jpg 293w, https:\/\/exaudi.org\/wp-content\/uploads\/2022\/02\/foto2-1400x933.jpg 1400w, https:\/\/exaudi.org\/wp-content\/uploads\/2022\/02\/foto2-120x80.jpg 120w, https:\/\/exaudi.org\/wp-content\/uploads\/2022\/02\/foto2-240x160.jpg 240w, https:\/\/exaudi.org\/wp-content\/uploads\/2022\/02\/foto2-390x260.jpg 390w, https:\/\/exaudi.org\/wp-content\/uploads\/2022\/02\/foto2.jpg 1500w\" sizes=\"auto, (max-width: 300px) 100vw, 300px\" \/><\/p>\n<p>Durante su visita, el Papa Francisco se detuvo en Qaraqosh, en su d\u00eda la ciudad cristiana m\u00e1s importante de Iraq. Ahora, esta localidad aspira a recuperar ese estatus, pues muchos de sus antiguos residentes regresan para empezar de nuevo sus vidas en su patria ancestral.<\/p>\n<p>Con motivo del comienzo del nuevo a\u00f1o, los cristianos de Qaraqosh han confiado sus esperanzas y sue\u00f1os, tambi\u00e9n sus temores y preocupaciones, a la fundaci\u00f3n pontificia <em>Aid to the Church in Need<\/em>, que durante todo este tiempo ha desarrollado muchos proyectos para apoyar estas aspiraciones.<\/p>\n<p>El poeta y periodista Namroud Kasha recuerda que, pese a todas las dificultades, las cosas han cambiado a mejor. \u201cEl ambiente en la Navidad y en A\u00f1o Nuevo fue muy diferente al de la d\u00e9cada pasada. Hace diez a\u00f1os, las celebraciones se cancelaron debido a la situaci\u00f3n de la seguridad en Iraq, en la gobernaci\u00f3n de N\u00ednive en particular, donde los grupos terroristas estaban matando y desplazando a los cristianos\u201d.<\/p>\n<p>A pesar de los desaf\u00edos, dice, \u201cregresamos a nuestras ciudades, que estaban destruidas y sin vida. La atenci\u00f3n se centr\u00f3 en la reconstrucci\u00f3n de infraestructuras y edificios. En los \u00faltimos tres a\u00f1os se ha borrado el polvo negro que cubr\u00eda nuestras ciudades\u201d.<\/p>\n<p>Amer Shamoun es un funcionario jubilado que deposita cierta esperanza en la supervivencia del cristianismo en Iraq en el \u00e1mbito pol\u00edtico. \u201cAl comienzo de cada a\u00f1o renovamos nuestra esperanza en un futuro en el que superaremos los desaf\u00edos que amenazan nuestra identidad religiosa y nacional, as\u00ed como la identidad de nuestra tierra. As\u00ed, podremos asegurar la continuidad de la presencia cristiana en nuestro pa\u00eds\u201d, afirma.<\/p>\n<p>\u201cEsa esperanza renovada busca fortalecer pol\u00edticamente a los cristianos, de acuerdo con nuestros derechos establecidos por la Constituci\u00f3n, y activarlos sobre el terreno. Tambi\u00e9n debemos trabajar para legislar otros derechos no previstos, hasta ahora, en la Constituci\u00f3n\u201d.<\/p>\n<p>Sin embargo, para que todo esto se haga realidad es necesario que las \u201cturbulentas condiciones pol\u00edticas y de seguridad en Iraq\u201d comiencen a sosegarse y que, mediante un esfuerzo conjunto, se frene la marea de la emigraci\u00f3n. \u201cSon muchos los cristianos que han abandonado Iraq por la incertidumbre de la situaci\u00f3n y la p\u00e9rdida de confianza en el futuro. Las ra\u00edces y las semillas del cristianismo est\u00e1n en Oriente, nuestras oraciones y esperanza son que estas ra\u00edces se rieguen y nutran\u201d.<\/p>\n<p>El padre Istephanos al-Katib, p\u00e1rroco de la iglesia siro-cat\u00f3lica de San Jos\u00e9 en Qaraqosh, comparte esta preocupaci\u00f3n por la estabilidad y se\u00f1ala en particular la amenaza que representan las milicias. \u201cLa presencia continuada de milicias no estatales, que ignoran la Ley y que socavan el Estado, hace que contin\u00faen los asesinatos, los secuestros, los saqueos, los robos y la corrupci\u00f3n. Adem\u00e1s de esto, est\u00e1 el continuo deterioro de la situaci\u00f3n econ\u00f3mica, la propagaci\u00f3n del desempleo que est\u00e1 barriendo el pa\u00eds y la continua inestabilidad pol\u00edtica, social y econ\u00f3mica del pa\u00eds. Tambi\u00e9n contin\u00faa el fanatismo isl\u00e1mico, de creencias puritanas que rechazan el desarrollo, la cultura y el progreso, as\u00ed como la exclusi\u00f3n del \u201cotro\u201d, el retorno de la sociedad a \u00e9pocas pasadas y la continua e inapropiada involucraci\u00f3n de la religi\u00f3n en la pol\u00edtica y el comercio\u201d.<\/p>\n<p><img loading=\"lazy\" decoding=\"async\" class=\"size-medium wp-image-51098 alignright\" src=\"https:\/\/exaudi.org\/wp-content\/uploads\/2022\/02\/foto4-300x200.jpg\" alt=\"\" width=\"300\" height=\"200\" srcset=\"https:\/\/exaudi.org\/wp-content\/uploads\/2022\/02\/foto4-300x200.jpg 300w, https:\/\/exaudi.org\/wp-content\/uploads\/2022\/02\/foto4-1024x683.jpg 1024w, https:\/\/exaudi.org\/wp-content\/uploads\/2022\/02\/foto4-770x513.jpg 770w, https:\/\/exaudi.org\/wp-content\/uploads\/2022\/02\/foto4-360x240.jpg?crop=1 360w, https:\/\/exaudi.org\/wp-content\/uploads\/2022\/02\/foto4-500x333.jpg 500w, https:\/\/exaudi.org\/wp-content\/uploads\/2022\/02\/foto4-1155x770.jpg 1155w, https:\/\/exaudi.org\/wp-content\/uploads\/2022\/02\/foto4-370x247.jpg 370w, https:\/\/exaudi.org\/wp-content\/uploads\/2022\/02\/foto4-293x195.jpg 293w, https:\/\/exaudi.org\/wp-content\/uploads\/2022\/02\/foto4-1400x933.jpg 1400w, https:\/\/exaudi.org\/wp-content\/uploads\/2022\/02\/foto4-120x80.jpg 120w, https:\/\/exaudi.org\/wp-content\/uploads\/2022\/02\/foto4-240x160.jpg 240w, https:\/\/exaudi.org\/wp-content\/uploads\/2022\/02\/foto4-390x260.jpg 390w, https:\/\/exaudi.org\/wp-content\/uploads\/2022\/02\/foto4.jpg 1500w\" sizes=\"auto, (max-width: 300px) 100vw, 300px\" \/>La defensora de derechos humanos Amr Yalda puso mucho empe\u00f1o en los preparativos de las pasadas Navidades y se\u00f1ala que toda la ciudad hizo lo mismo. \u00a0\u201cTodo el mundo estaba preparado para recibir al Ni\u00f1o Jes\u00fas, el ambiente de celebraci\u00f3n era maravilloso y hermoso. Los creyentes compartieron su alegr\u00eda mediante diversas tradiciones como la decoraci\u00f3n de calles, hogares e iglesias y la preparaci\u00f3n de manjares especiales. Se repartieron regalos sin olvidar los rituales religiosos y los cantos lit\u00fargicos propios de la \u00e9poca, que llenan nuestros corazones de alegr\u00eda y fe\u201d.<\/p>\n<p>Sus deseos para el nuevo a\u00f1o son muchos, pero todos comienzan por la paz. \u201cCon cada celebraci\u00f3n del nacimiento de Cristo, esperamos que la paz prevalezca en nuestras ciudades. Con la paz, la mayor\u00eda de los deseos se hacen realidad, incluida la seguridad, el amor al pr\u00f3jimo y al amigo, as\u00ed como la justicia en todas sus expresiones\u201d. \u201cHay quienes est\u00e1n dispuestos a aniquilar la alegr\u00eda de nuestros mayores y j\u00f3venes con sus ideas extremistas e incendiarias. Sin embargo, nuestra fe en Jes\u00fas y su gracia ilimitada hace que los males de los extremistas que nos rodean se desvanezcan\u201d, a\u00f1ade.<\/p>\n<p>Por ahora, el hecho de que haya cristianos en Qaraqosh y que hayan podido celebrar libremente la Navidad y el A\u00f1o Nuevo es algo a tener en cuenta. No obstante, en la mente de todos est\u00e1 el temor de que regrese el odio y la destrucci\u00f3n, dominantes hace tan solo unos a\u00f1os. \u201cTengo miedo por el futuro pr\u00f3ximo, sobre todo porque esta Navidad ha coincidido con los llamamientos a la retirada de las fuerzas estadounidenses de Iraq y porque hay indicios de una crisis econ\u00f3mica\u201d, dice Amr Yalda. \u201cPedimos a Dios que no surjan tormentas demoledoras que destruyan lo que manos bondadosas y buscadores de paz han ayudado a construir\u201d.<\/p>\n<p>\u201cSolo espero que Dios proteja a nuestro pa\u00eds y a nuestro pueblo de todos los males, manteniendo los conflictos externos alejados de \u00e9l, y que nos conceda fuerza y fe para afrontar todos los retos futuros\u201d.<\/p>\n","protected":false},"excerpt":{"rendered":"<p>Se han hecho progresos con la renovaci\u00f3n y reconstrucci\u00f3n de los hogares cristianos<\/p>\n","protected":false},"author":89,"featured_media":51092,"comment_status":"closed","ping_status":"closed","sticky":false,"template":"","format":"standard","meta":{"_acf_changed":false,"_crdt_document":"","inline_featured_image":false,"footnotes":""},"categories":[86],"tags":[324,548,395],"class_list":["post-51085","post","type-post","status-publish","format-standard","has-post-thumbnail","hentry","category-iglesia-local","tag-ayuda-a-la-iglesia-necesitada","tag-cristianos","tag-irak"],"acf":[],"yoast_head":"<!-- This site is optimized with the Yoast SEO plugin v27.4 - https:\/\/yoast.com\/product\/yoast-seo-wordpress\/ -->\n<title>Irak: Los cristianos afrontan el a\u00f1o con esperanza y temor &#8211; Exaudi<\/title>\n<meta name=\"description\" content=\"Irak: Los cristianos afrontan el a\u00f1o con esperanza y temor. Se han hecho progresos con la reconstrucci\u00f3n de los hogares cristianos.\" \/>\n<meta name=\"robots\" content=\"index, follow, max-snippet:-1, max-image-preview:large, max-video-preview:-1\" \/>\n<link rel=\"canonical\" href=\"https:\/\/exaudi.org\/es\/irak-los-cristianos-afrontan-el-ano-con-esperanza-y-temor\/\" \/>\n<meta property=\"og:locale\" content=\"es_ES\" \/>\n<meta property=\"og:type\" content=\"article\" \/>\n<meta property=\"og:title\" content=\"Irak: Los cristianos afrontan el a\u00f1o con esperanza y temor &#8211; Exaudi\" \/>\n<meta property=\"og:description\" content=\"Irak: Los cristianos afrontan el a\u00f1o con esperanza y temor. Se han hecho progresos con la reconstrucci\u00f3n de los hogares cristianos.\" \/>\n<meta property=\"og:url\" content=\"https:\/\/exaudi.org\/es\/irak-los-cristianos-afrontan-el-ano-con-esperanza-y-temor\/\" \/>\n<meta property=\"og:site_name\" content=\"Exaudi\" \/>\n<meta property=\"article:publisher\" content=\"https:\/\/www.facebook.com\/ExaudiNews\" \/>\n<meta property=\"article:author\" content=\"https:\/\/www.facebook.com\/ayudaalaiglesianecesitada\/?ref=ts\" \/>\n<meta property=\"article:published_time\" content=\"2022-02-03T08:10:39+00:00\" \/>\n<meta property=\"article:modified_time\" content=\"2022-02-03T13:08:42+00:00\" \/>\n<meta property=\"og:image\" content=\"https:\/\/exaudi.org\/wp-content\/uploads\/2022\/02\/foto-portada.jpg\" \/>\n\t<meta property=\"og:image:width\" content=\"1500\" \/>\n\t<meta property=\"og:image:height\" content=\"1000\" \/>\n\t<meta property=\"og:image:type\" content=\"image\/jpeg\" \/>\n<meta name=\"author\" content=\"Ayuda a la Iglesia Necesitada\" \/>\n<meta name=\"twitter:card\" content=\"summary_large_image\" \/>\n<meta name=\"twitter:creator\" content=\"@https:\/\/x.com\/AyudaIglesNeces\" \/>\n<meta name=\"twitter:site\" content=\"@Exaudi_News\" \/>\n<meta name=\"twitter:label1\" content=\"Escrito por\" \/>\n\t<meta name=\"twitter:data1\" content=\"Ayuda a la Iglesia Necesitada\" \/>\n\t<meta name=\"twitter:label2\" content=\"Tiempo de lectura\" \/>\n\t<meta name=\"twitter:data2\" content=\"6 minutos\" \/>\n<script type=\"application\/ld+json\" class=\"yoast-schema-graph\">{\"@context\":\"https:\\\/\\\/schema.org\",\"@graph\":[{\"@type\":\"Article\",\"@id\":\"https:\\\/\\\/exaudi.org\\\/es\\\/irak-los-cristianos-afrontan-el-ano-con-esperanza-y-temor\\\/#article\",\"isPartOf\":{\"@id\":\"https:\\\/\\\/exaudi.org\\\/es\\\/irak-los-cristianos-afrontan-el-ano-con-esperanza-y-temor\\\/\"},\"author\":{\"name\":\"Ayuda a la Iglesia Necesitada\",\"@id\":\"https:\\\/\\\/exaudi.org\\\/#\\\/schema\\\/person\\\/d4906ab3b6c174ffe37d722c51c73317\"},\"headline\":\"Irak: Los cristianos afrontan el a\u00f1o con esperanza y temor\",\"datePublished\":\"2022-02-03T08:10:39+00:00\",\"dateModified\":\"2022-02-03T13:08:42+00:00\",\"mainEntityOfPage\":{\"@id\":\"https:\\\/\\\/exaudi.org\\\/es\\\/irak-los-cristianos-afrontan-el-ano-con-esperanza-y-temor\\\/\"},\"wordCount\":1124,\"image\":{\"@id\":\"https:\\\/\\\/exaudi.org\\\/es\\\/irak-los-cristianos-afrontan-el-ano-con-esperanza-y-temor\\\/#primaryimage\"},\"thumbnailUrl\":\"https:\\\/\\\/exaudi.org\\\/wp-content\\\/uploads\\\/2022\\\/02\\\/foto-portada.jpg\",\"keywords\":[\"Ayuda a la Iglesia Necesitada\",\"cristianos\",\"Irak\"],\"articleSection\":[\"Iglesia Local\"],\"inLanguage\":\"es\"},{\"@type\":\"WebPage\",\"@id\":\"https:\\\/\\\/exaudi.org\\\/es\\\/irak-los-cristianos-afrontan-el-ano-con-esperanza-y-temor\\\/\",\"url\":\"https:\\\/\\\/exaudi.org\\\/es\\\/irak-los-cristianos-afrontan-el-ano-con-esperanza-y-temor\\\/\",\"name\":\"Irak: Los cristianos afrontan el a\u00f1o con esperanza y temor &#8211; Exaudi\",\"isPartOf\":{\"@id\":\"https:\\\/\\\/exaudi.org\\\/#website\"},\"primaryImageOfPage\":{\"@id\":\"https:\\\/\\\/exaudi.org\\\/es\\\/irak-los-cristianos-afrontan-el-ano-con-esperanza-y-temor\\\/#primaryimage\"},\"image\":{\"@id\":\"https:\\\/\\\/exaudi.org\\\/es\\\/irak-los-cristianos-afrontan-el-ano-con-esperanza-y-temor\\\/#primaryimage\"},\"thumbnailUrl\":\"https:\\\/\\\/exaudi.org\\\/wp-content\\\/uploads\\\/2022\\\/02\\\/foto-portada.jpg\",\"datePublished\":\"2022-02-03T08:10:39+00:00\",\"dateModified\":\"2022-02-03T13:08:42+00:00\",\"author\":{\"@id\":\"https:\\\/\\\/exaudi.org\\\/#\\\/schema\\\/person\\\/d4906ab3b6c174ffe37d722c51c73317\"},\"description\":\"Irak: Los cristianos afrontan el a\u00f1o con esperanza y temor. Se han hecho progresos con la reconstrucci\u00f3n de los hogares cristianos.\",\"breadcrumb\":{\"@id\":\"https:\\\/\\\/exaudi.org\\\/es\\\/irak-los-cristianos-afrontan-el-ano-con-esperanza-y-temor\\\/#breadcrumb\"},\"inLanguage\":\"es\",\"potentialAction\":[{\"@type\":\"ReadAction\",\"target\":[\"https:\\\/\\\/exaudi.org\\\/es\\\/irak-los-cristianos-afrontan-el-ano-con-esperanza-y-temor\\\/\"]}]},{\"@type\":\"ImageObject\",\"inLanguage\":\"es\",\"@id\":\"https:\\\/\\\/exaudi.org\\\/es\\\/irak-los-cristianos-afrontan-el-ano-con-esperanza-y-temor\\\/#primaryimage\",\"url\":\"https:\\\/\\\/exaudi.org\\\/wp-content\\\/uploads\\\/2022\\\/02\\\/foto-portada.jpg\",\"contentUrl\":\"https:\\\/\\\/exaudi.org\\\/wp-content\\\/uploads\\\/2022\\\/02\\\/foto-portada.jpg\",\"width\":1500,\"height\":1000,\"caption\":\"El padre Istephanos al-Katib, p\u00e1rroco de la iglesia cat\u00f3lica siria de San Jos\u00e9 en Qaraqosh, representado en su iglesia \u00a9 AIN\"},{\"@type\":\"BreadcrumbList\",\"@id\":\"https:\\\/\\\/exaudi.org\\\/es\\\/irak-los-cristianos-afrontan-el-ano-con-esperanza-y-temor\\\/#breadcrumb\",\"itemListElement\":[{\"@type\":\"ListItem\",\"position\":1,\"name\":\"Portada\",\"item\":\"https:\\\/\\\/exaudi.org\\\/es\\\/\"},{\"@type\":\"ListItem\",\"position\":2,\"name\":\"Irak: Los cristianos afrontan el a\u00f1o con esperanza y temor\"}]},{\"@type\":\"WebSite\",\"@id\":\"https:\\\/\\\/exaudi.org\\\/#website\",\"url\":\"https:\\\/\\\/exaudi.org\\\/\",\"name\":\"Exaudi\",\"description\":\"News\",\"potentialAction\":[{\"@type\":\"SearchAction\",\"target\":{\"@type\":\"EntryPoint\",\"urlTemplate\":\"https:\\\/\\\/exaudi.org\\\/?s={search_term_string}\"},\"query-input\":{\"@type\":\"PropertyValueSpecification\",\"valueRequired\":true,\"valueName\":\"search_term_string\"}}],\"inLanguage\":\"es\"},{\"@type\":\"Person\",\"@id\":\"https:\\\/\\\/exaudi.org\\\/#\\\/schema\\\/person\\\/d4906ab3b6c174ffe37d722c51c73317\",\"name\":\"Ayuda a la Iglesia Necesitada\",\"image\":{\"@type\":\"ImageObject\",\"inLanguage\":\"es\",\"@id\":\"https:\\\/\\\/secure.gravatar.com\\\/avatar\\\/18b646e6575a46729bc25d1c374d5965acb9854728a2929ada390e85905160db?s=96&d=mm&r=g\",\"url\":\"https:\\\/\\\/secure.gravatar.com\\\/avatar\\\/18b646e6575a46729bc25d1c374d5965acb9854728a2929ada390e85905160db?s=96&d=mm&r=g\",\"contentUrl\":\"https:\\\/\\\/secure.gravatar.com\\\/avatar\\\/18b646e6575a46729bc25d1c374d5965acb9854728a2929ada390e85905160db?s=96&d=mm&r=g\",\"caption\":\"Ayuda a la Iglesia Necesitada\"},\"description\":\"Ayuda a la Iglesia Necesitada (ACN) es la Fundaci\u00f3n Pontificia que apoya a la Iglesia cat\u00f3lica en su labor evangelizadora en las comunidades m\u00e1s necesitadas, discriminadas y perseguidas del mundo. Cada a\u00f1o, ACN financia m\u00e1s de 5.000 proyectos pastorales y de emergencia humanitaria en m\u00e1s de 130 pa\u00edses. Cuenta con m\u00e1s de 20 oficinas en el mundo (en Espa\u00f1a desde 1965), dedicadas a informar sobre la realidad de estos cristianos; al fomento de la oraci\u00f3n, y a la recaudaci\u00f3n de fondos para la cobertura de proyectos. El 100% de los proyectos que desarrolla ACN se sostienen gracias a los donativos de personas f\u00edsicas u organizaciones que valoran la labor de la Iglesia en el mundo. La Fundaci\u00f3n no recibe subvenciones de organismos p\u00fablicos.\",\"sameAs\":[\"https:\\\/\\\/www.facebook.com\\\/ayudaalaiglesianecesitada\\\/?ref=ts\",\"https:\\\/\\\/www.instagram.com\\\/ayudaiglesianecesitada\\\/\",\"https:\\\/\\\/x.com\\\/https:\\\/\\\/x.com\\\/AyudaIglesNeces\",\"https:\\\/\\\/www.youtube.com\\\/user\\\/AINorg\"],\"url\":\"https:\\\/\\\/exaudi.org\\\/es\\\/author\\\/ayudaalaiglesianecesitada\\\/\"}]}<\/script>\n<!-- \/ Yoast SEO plugin. -->","yoast_head_json":{"title":"Irak: Los cristianos afrontan el a\u00f1o con esperanza y temor &#8211; Exaudi","description":"Irak: Los cristianos afrontan el a\u00f1o con esperanza y temor. Se han hecho progresos con la reconstrucci\u00f3n de los hogares cristianos.","robots":{"index":"index","follow":"follow","max-snippet":"max-snippet:-1","max-image-preview":"max-image-preview:large","max-video-preview":"max-video-preview:-1"},"canonical":"https:\/\/exaudi.org\/es\/irak-los-cristianos-afrontan-el-ano-con-esperanza-y-temor\/","og_locale":"es_ES","og_type":"article","og_title":"Irak: Los cristianos afrontan el a\u00f1o con esperanza y temor &#8211; Exaudi","og_description":"Irak: Los cristianos afrontan el a\u00f1o con esperanza y temor. Se han hecho progresos con la reconstrucci\u00f3n de los hogares cristianos.","og_url":"https:\/\/exaudi.org\/es\/irak-los-cristianos-afrontan-el-ano-con-esperanza-y-temor\/","og_site_name":"Exaudi","article_publisher":"https:\/\/www.facebook.com\/ExaudiNews","article_author":"https:\/\/www.facebook.com\/ayudaalaiglesianecesitada\/?ref=ts","article_published_time":"2022-02-03T08:10:39+00:00","article_modified_time":"2022-02-03T13:08:42+00:00","og_image":[{"width":1500,"height":1000,"url":"https:\/\/exaudi.org\/wp-content\/uploads\/2022\/02\/foto-portada.jpg","type":"image\/jpeg"}],"author":"Ayuda a la Iglesia Necesitada","twitter_card":"summary_large_image","twitter_creator":"@https:\/\/x.com\/AyudaIglesNeces","twitter_site":"@Exaudi_News","twitter_misc":{"Escrito por":"Ayuda a la Iglesia Necesitada","Tiempo de lectura":"6 minutos"},"schema":{"@context":"https:\/\/schema.org","@graph":[{"@type":"Article","@id":"https:\/\/exaudi.org\/es\/irak-los-cristianos-afrontan-el-ano-con-esperanza-y-temor\/#article","isPartOf":{"@id":"https:\/\/exaudi.org\/es\/irak-los-cristianos-afrontan-el-ano-con-esperanza-y-temor\/"},"author":{"name":"Ayuda a la Iglesia Necesitada","@id":"https:\/\/exaudi.org\/#\/schema\/person\/d4906ab3b6c174ffe37d722c51c73317"},"headline":"Irak: Los cristianos afrontan el a\u00f1o con esperanza y temor","datePublished":"2022-02-03T08:10:39+00:00","dateModified":"2022-02-03T13:08:42+00:00","mainEntityOfPage":{"@id":"https:\/\/exaudi.org\/es\/irak-los-cristianos-afrontan-el-ano-con-esperanza-y-temor\/"},"wordCount":1124,"image":{"@id":"https:\/\/exaudi.org\/es\/irak-los-cristianos-afrontan-el-ano-con-esperanza-y-temor\/#primaryimage"},"thumbnailUrl":"https:\/\/exaudi.org\/wp-content\/uploads\/2022\/02\/foto-portada.jpg","keywords":["Ayuda a la Iglesia Necesitada","cristianos","Irak"],"articleSection":["Iglesia Local"],"inLanguage":"es"},{"@type":"WebPage","@id":"https:\/\/exaudi.org\/es\/irak-los-cristianos-afrontan-el-ano-con-esperanza-y-temor\/","url":"https:\/\/exaudi.org\/es\/irak-los-cristianos-afrontan-el-ano-con-esperanza-y-temor\/","name":"Irak: Los cristianos afrontan el a\u00f1o con esperanza y temor &#8211; Exaudi","isPartOf":{"@id":"https:\/\/exaudi.org\/#website"},"primaryImageOfPage":{"@id":"https:\/\/exaudi.org\/es\/irak-los-cristianos-afrontan-el-ano-con-esperanza-y-temor\/#primaryimage"},"image":{"@id":"https:\/\/exaudi.org\/es\/irak-los-cristianos-afrontan-el-ano-con-esperanza-y-temor\/#primaryimage"},"thumbnailUrl":"https:\/\/exaudi.org\/wp-content\/uploads\/2022\/02\/foto-portada.jpg","datePublished":"2022-02-03T08:10:39+00:00","dateModified":"2022-02-03T13:08:42+00:00","author":{"@id":"https:\/\/exaudi.org\/#\/schema\/person\/d4906ab3b6c174ffe37d722c51c73317"},"description":"Irak: Los cristianos afrontan el a\u00f1o con esperanza y temor. Se han hecho progresos con la reconstrucci\u00f3n de los hogares cristianos.","breadcrumb":{"@id":"https:\/\/exaudi.org\/es\/irak-los-cristianos-afrontan-el-ano-con-esperanza-y-temor\/#breadcrumb"},"inLanguage":"es","potentialAction":[{"@type":"ReadAction","target":["https:\/\/exaudi.org\/es\/irak-los-cristianos-afrontan-el-ano-con-esperanza-y-temor\/"]}]},{"@type":"ImageObject","inLanguage":"es","@id":"https:\/\/exaudi.org\/es\/irak-los-cristianos-afrontan-el-ano-con-esperanza-y-temor\/#primaryimage","url":"https:\/\/exaudi.org\/wp-content\/uploads\/2022\/02\/foto-portada.jpg","contentUrl":"https:\/\/exaudi.org\/wp-content\/uploads\/2022\/02\/foto-portada.jpg","width":1500,"height":1000,"caption":"El padre Istephanos al-Katib, p\u00e1rroco de la iglesia cat\u00f3lica siria de San Jos\u00e9 en Qaraqosh, representado en su iglesia \u00a9 AIN"},{"@type":"BreadcrumbList","@id":"https:\/\/exaudi.org\/es\/irak-los-cristianos-afrontan-el-ano-con-esperanza-y-temor\/#breadcrumb","itemListElement":[{"@type":"ListItem","position":1,"name":"Portada","item":"https:\/\/exaudi.org\/es\/"},{"@type":"ListItem","position":2,"name":"Irak: Los cristianos afrontan el a\u00f1o con esperanza y temor"}]},{"@type":"WebSite","@id":"https:\/\/exaudi.org\/#website","url":"https:\/\/exaudi.org\/","name":"Exaudi","description":"News","potentialAction":[{"@type":"SearchAction","target":{"@type":"EntryPoint","urlTemplate":"https:\/\/exaudi.org\/?s={search_term_string}"},"query-input":{"@type":"PropertyValueSpecification","valueRequired":true,"valueName":"search_term_string"}}],"inLanguage":"es"},{"@type":"Person","@id":"https:\/\/exaudi.org\/#\/schema\/person\/d4906ab3b6c174ffe37d722c51c73317","name":"Ayuda a la Iglesia Necesitada","image":{"@type":"ImageObject","inLanguage":"es","@id":"https:\/\/secure.gravatar.com\/avatar\/18b646e6575a46729bc25d1c374d5965acb9854728a2929ada390e85905160db?s=96&d=mm&r=g","url":"https:\/\/secure.gravatar.com\/avatar\/18b646e6575a46729bc25d1c374d5965acb9854728a2929ada390e85905160db?s=96&d=mm&r=g","contentUrl":"https:\/\/secure.gravatar.com\/avatar\/18b646e6575a46729bc25d1c374d5965acb9854728a2929ada390e85905160db?s=96&d=mm&r=g","caption":"Ayuda a la Iglesia Necesitada"},"description":"Ayuda a la Iglesia Necesitada (ACN) es la Fundaci\u00f3n Pontificia que apoya a la Iglesia cat\u00f3lica en su labor evangelizadora en las comunidades m\u00e1s necesitadas, discriminadas y perseguidas del mundo. Cada a\u00f1o, ACN financia m\u00e1s de 5.000 proyectos pastorales y de emergencia humanitaria en m\u00e1s de 130 pa\u00edses. Cuenta con m\u00e1s de 20 oficinas en el mundo (en Espa\u00f1a desde 1965), dedicadas a informar sobre la realidad de estos cristianos; al fomento de la oraci\u00f3n, y a la recaudaci\u00f3n de fondos para la cobertura de proyectos. El 100% de los proyectos que desarrolla ACN se sostienen gracias a los donativos de personas f\u00edsicas u organizaciones que valoran la labor de la Iglesia en el mundo. La Fundaci\u00f3n no recibe subvenciones de organismos p\u00fablicos.","sameAs":["https:\/\/www.facebook.com\/ayudaalaiglesianecesitada\/?ref=ts","https:\/\/www.instagram.com\/ayudaiglesianecesitada\/","https:\/\/x.com\/https:\/\/x.com\/AyudaIglesNeces","https:\/\/www.youtube.com\/user\/AINorg"],"url":"https:\/\/exaudi.org\/es\/author\/ayudaalaiglesianecesitada\/"}]}},"jetpack_featured_media_url":"https:\/\/exaudi.org\/wp-content\/uploads\/2022\/02\/foto-portada.jpg","jetpack_shortlink":"https:\/\/wp.me\/pgKjF2-dhX","_links":{"self":[{"href":"https:\/\/exaudi.org\/es\/wp-json\/wp\/v2\/posts\/51085","targetHints":{"allow":["GET"]}}],"collection":[{"href":"https:\/\/exaudi.org\/es\/wp-json\/wp\/v2\/posts"}],"about":[{"href":"https:\/\/exaudi.org\/es\/wp-json\/wp\/v2\/types\/post"}],"author":[{"embeddable":true,"href":"https:\/\/exaudi.org\/es\/wp-json\/wp\/v2\/users\/89"}],"replies":[{"embeddable":true,"href":"https:\/\/exaudi.org\/es\/wp-json\/wp\/v2\/comments?post=51085"}],"version-history":[{"count":0,"href":"https:\/\/exaudi.org\/es\/wp-json\/wp\/v2\/posts\/51085\/revisions"}],"wp:featuredmedia":[{"embeddable":true,"href":"https:\/\/exaudi.org\/es\/wp-json\/wp\/v2\/media\/51092"}],"wp:attachment":[{"href":"https:\/\/exaudi.org\/es\/wp-json\/wp\/v2\/media?parent=51085"}],"wp:term":[{"taxonomy":"category","embeddable":true,"href":"https:\/\/exaudi.org\/es\/wp-json\/wp\/v2\/categories?post=51085"},{"taxonomy":"post_tag","embeddable":true,"href":"https:\/\/exaudi.org\/es\/wp-json\/wp\/v2\/tags?post=51085"}],"curies":[{"name":"wp","href":"https:\/\/api.w.org\/{rel}","templated":true}]}}