{"id":50863,"date":"2022-02-01T16:15:36","date_gmt":"2022-02-01T15:15:36","guid":{"rendered":"https:\/\/exaudi.org\/?p=50863"},"modified":"2022-02-02T09:00:32","modified_gmt":"2022-02-02T08:00:32","slug":"video-papa-febrero-2022-rezar-religiosas-y-consagradas","status":"publish","type":"post","link":"https:\/\/exaudi.org\/es\/video-papa-febrero-2022-rezar-religiosas-y-consagradas\/","title":{"rendered":"Video del Papa febrero 2022: Rezar por las religiosas y consagradas"},"content":{"rendered":"<p>En el\u00a0<a href=\"https:\/\/exaudi.org\/es\/video-papa-diciembre-2021-rezar-catequistas\/\">video del Papa<\/a>, que recoge la intenci\u00f3n de oraci\u00f3n que el Papa Francisco conf\u00eda a los fieles a trav\u00e9s de la\u00a0<a href=\"https:\/\/www.popesprayer.va\/es\/\">Red Mundial de Oraci\u00f3n del Papa<\/a>, de este mes de febrero de 2022, el Santo Padre pide que recemos \u201cde manera especial\u201d por las mujeres religiosas y consagradas.<\/p>\n<p>En su segunda intenci\u00f3n de oraci\u00f3n del 2022, Francisco comienza con una pregunta \u201c\u00bfQu\u00e9 ser\u00eda la Iglesia sin las religiosas y laicas consagradas?\u201d ante esto dice que \u201cno se puede entender la Iglesia sin ellas\u201d.<\/p>\n<p>Del mismo modo, el Pont\u00edfice anima a todas las consagradas a \u201cdiscernir y a elegir lo que conviene para su misi\u00f3n frente a los desaf\u00edos del mundo que estamos viviendo\u201d. Asimismo, las exhorta \u201ca seguir trabajando y hacer incidencia con los pobres, con los marginados, con todos los que est\u00e1n esclavizados por los traficantes; especialmente les pido que hagan incidencia en esto\u201d.<\/p>\n<p>\u201cY recemos para que puedan ellas mostrar la belleza del amor y la compasi\u00f3n de Dios como catequistas, te\u00f3logas, acompa\u00f1antes espirituales\u201d, ha recalcado. Igualmente, Su Santidad, las ha invitado a luchar \u201ccuando, en algunos casos, son injustamente tratadas, incluso dentro de la Iglesia; cuando su servicio que es tan grande se lo reduce a servidumbre\u201d. \u201cY a veces por hombres de la Iglesia\u201d, a\u00f1ade.<\/p>\n<p>As\u00ed, prosigue \u201cno se desanimen. Sigan dando a conocer la bondad de Dios a trav\u00e9s de las obras apost\u00f3licas que hacen. Pero sobre todo a trav\u00e9s del testimonio de consagraci\u00f3n\u201d. \u00a0Para finalizar, el Obispo de Roma reitera su invitaci\u00f3n rezar \u201cpor las mujeres religiosas y consagradas\u201d y les agradece \u201csu misi\u00f3n y valent\u00eda, para que sigan encontrando nuevas respuestas frente a los desaf\u00edos del tiempo actual\u201d.<\/p>\n<p>La Jornada por la Vida Consagrada finalizar\u00e1 el 2 de febrero con la celebraci\u00f3n eucar\u00edstica presidida por el Papa Francisco en la Bas\u00edlica de San Pedro coincidiendo con la Fiesta de la Presentaci\u00f3n del Se\u00f1or. El lema de este a\u00f1o es \u2018Caminando juntos\u2019.<\/p>\n<h2>Hay m\u00e1s de 630 mil mujeres religiosas en el mundo<\/h2>\n<p>Como indica una nota de la p\u00e1gina oficial del Video del Papa, esta edici\u00f3n cont\u00f3 con el apoyo y la colaboraci\u00f3n de la\u00a0<a href=\"http:\/\/www.internationalunionsuperiorsgeneral.org\/es\/\">Uni\u00f3n Internacional de Superioras Generales (UISG)<\/a>. Seg\u00fan las estad\u00edsticas que public\u00f3 la agencia\u00a0Fides\u00a0en el 2021, hay m\u00e1s de 630 mil mujeres religiosas en todo el mundo.<\/p>\n<p><em>\u00a0<\/em>Sor Jolanta Kafka, presidenta de la\u00a0<a href=\"http:\/\/www.internationalunionsuperiorsgeneral.org\/es\/\">UISG<\/a>, coment\u00f3 a prop\u00f3sito del\u00a0Video del Papa:\u00a0\u201cNos sentimos, como religiosas, muy animadas y llamadas por el Papa Francisco, tanto en nuestra vida comunitaria como en los retos que hoy tenemos en la misi\u00f3n. Unimos a la invitaci\u00f3n a rezar por las religiosas y consagradas del mundo con la oraci\u00f3n por todas las mujeres, los hombres, los ni\u00f1os y especialmente los j\u00f3venes que encontramos cada d\u00eda en el ministerio\u201d.<\/p>\n<p>\u201cCon ellos compartimos el dinamismo de la vocaci\u00f3n a la que estamos llamados, para participar de la alegr\u00eda del Evangelio y la esperanza en un mundo donde todos somos hermanos. Como UISG sentimos la responsabilidad de responder a las palabras del Papa Francisco para continuar con valent\u00eda y alegr\u00eda en nuestra misi\u00f3n de testimoniar la belleza de la consagraci\u00f3n: entregarse totalmente por el Reino a ejemplo de Jes\u00fas\u201d.<\/p>\n<p><iframe loading=\"lazy\" title=\"Por las religiosas y consagradas \u2013 El Video del Papa 02 \u2013 Febrero 2022\" width=\"500\" height=\"281\" src=\"https:\/\/www.youtube.com\/embed\/1O58LHyqWXk?feature=oembed\" frameborder=\"0\" allow=\"accelerometer; autoplay; clipboard-write; encrypted-media; gyroscope; picture-in-picture; web-share\" referrerpolicy=\"strict-origin-when-cross-origin\" allowfullscreen><\/iframe><\/p>\n<p>&nbsp;<\/p>\n","protected":false},"excerpt":{"rendered":"<p>Intenci\u00f3n de oraci\u00f3n que Francisco conf\u00eda a toda la Iglesia<\/p>\n","protected":false},"author":81,"featured_media":50859,"comment_status":"closed","ping_status":"closed","sticky":false,"template":"","format":"standard","meta":{"_acf_changed":false,"_crdt_document":"","inline_featured_image":false,"footnotes":""},"categories":[68],"tags":[5733,158,5732,4953,5731],"class_list":["post-50863","post","type-post","status-publish","format-standard","has-post-thumbnail","hentry","category-leon-xiv","tag-consagradas","tag-papa-francisco","tag-religiosas","tag-trending-es","tag-video-papa-febrero-2022"],"acf":[],"yoast_head":"<!-- This site is optimized with the Yoast SEO plugin v27.5 - https:\/\/yoast.com\/product\/yoast-seo-wordpress\/ -->\n<title>Video del Papa febrero 2022: Rezar por las religiosas y consagradas &#8211; Exaudi<\/title>\n<meta name=\"description\" content=\"Video del Papa febrero 2022: Rezar por las religiosas y consagradas, una intenci\u00f3n de oraci\u00f3n que Francisco conf\u00eda a toda la Iglesia.\" \/>\n<meta name=\"robots\" content=\"index, follow, max-snippet:-1, max-image-preview:large, max-video-preview:-1\" \/>\n<link rel=\"canonical\" href=\"https:\/\/exaudi.org\/es\/video-papa-febrero-2022-rezar-religiosas-y-consagradas\/\" \/>\n<meta property=\"og:locale\" content=\"es_ES\" \/>\n<meta property=\"og:type\" content=\"article\" \/>\n<meta property=\"og:title\" content=\"Video del Papa febrero 2022: Rezar por las religiosas y consagradas &#8211; Exaudi\" \/>\n<meta property=\"og:description\" content=\"Video del Papa febrero 2022: Rezar por las religiosas y consagradas, una intenci\u00f3n de oraci\u00f3n que Francisco conf\u00eda a toda la Iglesia.\" \/>\n<meta property=\"og:url\" content=\"https:\/\/exaudi.org\/es\/video-papa-febrero-2022-rezar-religiosas-y-consagradas\/\" \/>\n<meta property=\"og:site_name\" content=\"Exaudi\" \/>\n<meta property=\"article:publisher\" content=\"https:\/\/www.facebook.com\/ExaudiNews\" \/>\n<meta property=\"article:published_time\" content=\"2022-02-01T15:15:36+00:00\" \/>\n<meta property=\"article:modified_time\" content=\"2022-02-02T08:00:32+00:00\" \/>\n<meta property=\"og:image\" content=\"https:\/\/exaudi.org\/wp-content\/uploads\/2022\/02\/PapaFranciscoVidaCOnsagrada_VAticanMedia_02042019.webp\" \/>\n\t<meta property=\"og:image:width\" content=\"900\" \/>\n\t<meta property=\"og:image:height\" content=\"500\" \/>\n\t<meta property=\"og:image:type\" content=\"image\/webp\" \/>\n<meta name=\"author\" content=\"Alba Montalvo\" \/>\n<meta name=\"twitter:card\" content=\"summary_large_image\" \/>\n<meta name=\"twitter:creator\" content=\"@Exaudi_News\" \/>\n<meta name=\"twitter:site\" content=\"@Exaudi_News\" \/>\n<meta name=\"twitter:label1\" content=\"Escrito por\" \/>\n\t<meta name=\"twitter:data1\" content=\"Alba Montalvo\" \/>\n\t<meta name=\"twitter:label2\" content=\"Tiempo de lectura\" \/>\n\t<meta name=\"twitter:data2\" content=\"3 minutos\" \/>\n<script type=\"application\/ld+json\" class=\"yoast-schema-graph\">{\"@context\":\"https:\\\/\\\/schema.org\",\"@graph\":[{\"@type\":\"Article\",\"@id\":\"https:\\\/\\\/exaudi.org\\\/es\\\/video-papa-febrero-2022-rezar-religiosas-y-consagradas\\\/#article\",\"isPartOf\":{\"@id\":\"https:\\\/\\\/exaudi.org\\\/es\\\/video-papa-febrero-2022-rezar-religiosas-y-consagradas\\\/\"},\"author\":{\"name\":\"Alba Montalvo\",\"@id\":\"https:\\\/\\\/exaudi.org\\\/#\\\/schema\\\/person\\\/fc7b3cbb6f4d66ebcb53bf601d7b7eb1\"},\"headline\":\"Video del Papa febrero 2022: Rezar por las religiosas y consagradas\",\"datePublished\":\"2022-02-01T15:15:36+00:00\",\"dateModified\":\"2022-02-02T08:00:32+00:00\",\"mainEntityOfPage\":{\"@id\":\"https:\\\/\\\/exaudi.org\\\/es\\\/video-papa-febrero-2022-rezar-religiosas-y-consagradas\\\/\"},\"wordCount\":588,\"image\":{\"@id\":\"https:\\\/\\\/exaudi.org\\\/es\\\/video-papa-febrero-2022-rezar-religiosas-y-consagradas\\\/#primaryimage\"},\"thumbnailUrl\":\"https:\\\/\\\/exaudi.org\\\/wp-content\\\/uploads\\\/2022\\\/02\\\/PapaFranciscoVidaCOnsagrada_VAticanMedia_02042019.webp\",\"keywords\":[\"consagradas\",\"papa francisco\",\"religiosas\",\"Trending\",\"Video Papa febrero 2022\"],\"articleSection\":[\"Le\u00f3n XIV\"],\"inLanguage\":\"es\"},{\"@type\":\"WebPage\",\"@id\":\"https:\\\/\\\/exaudi.org\\\/es\\\/video-papa-febrero-2022-rezar-religiosas-y-consagradas\\\/\",\"url\":\"https:\\\/\\\/exaudi.org\\\/es\\\/video-papa-febrero-2022-rezar-religiosas-y-consagradas\\\/\",\"name\":\"Video del Papa febrero 2022: Rezar por las religiosas y consagradas &#8211; Exaudi\",\"isPartOf\":{\"@id\":\"https:\\\/\\\/exaudi.org\\\/#website\"},\"primaryImageOfPage\":{\"@id\":\"https:\\\/\\\/exaudi.org\\\/es\\\/video-papa-febrero-2022-rezar-religiosas-y-consagradas\\\/#primaryimage\"},\"image\":{\"@id\":\"https:\\\/\\\/exaudi.org\\\/es\\\/video-papa-febrero-2022-rezar-religiosas-y-consagradas\\\/#primaryimage\"},\"thumbnailUrl\":\"https:\\\/\\\/exaudi.org\\\/wp-content\\\/uploads\\\/2022\\\/02\\\/PapaFranciscoVidaCOnsagrada_VAticanMedia_02042019.webp\",\"datePublished\":\"2022-02-01T15:15:36+00:00\",\"dateModified\":\"2022-02-02T08:00:32+00:00\",\"author\":{\"@id\":\"https:\\\/\\\/exaudi.org\\\/#\\\/schema\\\/person\\\/fc7b3cbb6f4d66ebcb53bf601d7b7eb1\"},\"description\":\"Video del Papa febrero 2022: Rezar por las religiosas y consagradas, una intenci\u00f3n de oraci\u00f3n que Francisco conf\u00eda a toda la Iglesia.\",\"breadcrumb\":{\"@id\":\"https:\\\/\\\/exaudi.org\\\/es\\\/video-papa-febrero-2022-rezar-religiosas-y-consagradas\\\/#breadcrumb\"},\"inLanguage\":\"es\",\"potentialAction\":[{\"@type\":\"ReadAction\",\"target\":[\"https:\\\/\\\/exaudi.org\\\/es\\\/video-papa-febrero-2022-rezar-religiosas-y-consagradas\\\/\"]}]},{\"@type\":\"ImageObject\",\"inLanguage\":\"es\",\"@id\":\"https:\\\/\\\/exaudi.org\\\/es\\\/video-papa-febrero-2022-rezar-religiosas-y-consagradas\\\/#primaryimage\",\"url\":\"https:\\\/\\\/exaudi.org\\\/wp-content\\\/uploads\\\/2022\\\/02\\\/PapaFranciscoVidaCOnsagrada_VAticanMedia_02042019.webp\",\"contentUrl\":\"https:\\\/\\\/exaudi.org\\\/wp-content\\\/uploads\\\/2022\\\/02\\\/PapaFranciscoVidaCOnsagrada_VAticanMedia_02042019.webp\",\"width\":900,\"height\":500,\"caption\":\"El Papa conversa con religiosas en el Vaticano. \u00a9 Vatican Media\"},{\"@type\":\"BreadcrumbList\",\"@id\":\"https:\\\/\\\/exaudi.org\\\/es\\\/video-papa-febrero-2022-rezar-religiosas-y-consagradas\\\/#breadcrumb\",\"itemListElement\":[{\"@type\":\"ListItem\",\"position\":1,\"name\":\"Portada\",\"item\":\"https:\\\/\\\/exaudi.org\\\/es\\\/\"},{\"@type\":\"ListItem\",\"position\":2,\"name\":\"Video del Papa febrero 2022: Rezar por las religiosas y consagradas\"}]},{\"@type\":\"WebSite\",\"@id\":\"https:\\\/\\\/exaudi.org\\\/#website\",\"url\":\"https:\\\/\\\/exaudi.org\\\/\",\"name\":\"Exaudi\",\"description\":\"News\",\"potentialAction\":[{\"@type\":\"SearchAction\",\"target\":{\"@type\":\"EntryPoint\",\"urlTemplate\":\"https:\\\/\\\/exaudi.org\\\/?s={search_term_string}\"},\"query-input\":{\"@type\":\"PropertyValueSpecification\",\"valueRequired\":true,\"valueName\":\"search_term_string\"}}],\"inLanguage\":\"es\"},{\"@type\":\"Person\",\"@id\":\"https:\\\/\\\/exaudi.org\\\/#\\\/schema\\\/person\\\/fc7b3cbb6f4d66ebcb53bf601d7b7eb1\",\"name\":\"Alba Montalvo\",\"image\":{\"@type\":\"ImageObject\",\"inLanguage\":\"es\",\"@id\":\"https:\\\/\\\/secure.gravatar.com\\\/avatar\\\/1e8c522219a5df52d143b7baf13997ffd4f1814ca862efe7af11a13849275021?s=96&d=mm&r=g\",\"url\":\"https:\\\/\\\/secure.gravatar.com\\\/avatar\\\/1e8c522219a5df52d143b7baf13997ffd4f1814ca862efe7af11a13849275021?s=96&d=mm&r=g\",\"contentUrl\":\"https:\\\/\\\/secure.gravatar.com\\\/avatar\\\/1e8c522219a5df52d143b7baf13997ffd4f1814ca862efe7af11a13849275021?s=96&d=mm&r=g\",\"caption\":\"Alba Montalvo\"},\"description\":\"Licenciada en Periodismo y M\u00e1ster en Periodismo Social. Mi trayectoria profesional ha estado siempre vinculada al \u00e1mbito de la comunicaci\u00f3n en el entorno digital. He trabajado como productora, gestora de contenidos estrat\u00e9gicos para redes y entrevistadora en la Fundaci\u00f3n Mater Mundi TV. Madrile\u00f1a de nacimiento, actualmente vivo en M\u00e1laga.\",\"url\":\"https:\\\/\\\/exaudi.org\\\/es\\\/author\\\/amontalvoexaudi-org\\\/\"}]}<\/script>\n<!-- \/ Yoast SEO plugin. -->","yoast_head_json":{"title":"Video del Papa febrero 2022: Rezar por las religiosas y consagradas &#8211; Exaudi","description":"Video del Papa febrero 2022: Rezar por las religiosas y consagradas, una intenci\u00f3n de oraci\u00f3n que Francisco conf\u00eda a toda la Iglesia.","robots":{"index":"index","follow":"follow","max-snippet":"max-snippet:-1","max-image-preview":"max-image-preview:large","max-video-preview":"max-video-preview:-1"},"canonical":"https:\/\/exaudi.org\/es\/video-papa-febrero-2022-rezar-religiosas-y-consagradas\/","og_locale":"es_ES","og_type":"article","og_title":"Video del Papa febrero 2022: Rezar por las religiosas y consagradas &#8211; Exaudi","og_description":"Video del Papa febrero 2022: Rezar por las religiosas y consagradas, una intenci\u00f3n de oraci\u00f3n que Francisco conf\u00eda a toda la Iglesia.","og_url":"https:\/\/exaudi.org\/es\/video-papa-febrero-2022-rezar-religiosas-y-consagradas\/","og_site_name":"Exaudi","article_publisher":"https:\/\/www.facebook.com\/ExaudiNews","article_published_time":"2022-02-01T15:15:36+00:00","article_modified_time":"2022-02-02T08:00:32+00:00","og_image":[{"width":900,"height":500,"url":"https:\/\/exaudi.org\/wp-content\/uploads\/2022\/02\/PapaFranciscoVidaCOnsagrada_VAticanMedia_02042019.webp","type":"image\/webp"}],"author":"Alba Montalvo","twitter_card":"summary_large_image","twitter_creator":"@Exaudi_News","twitter_site":"@Exaudi_News","twitter_misc":{"Escrito por":"Alba Montalvo","Tiempo de lectura":"3 minutos"},"schema":{"@context":"https:\/\/schema.org","@graph":[{"@type":"Article","@id":"https:\/\/exaudi.org\/es\/video-papa-febrero-2022-rezar-religiosas-y-consagradas\/#article","isPartOf":{"@id":"https:\/\/exaudi.org\/es\/video-papa-febrero-2022-rezar-religiosas-y-consagradas\/"},"author":{"name":"Alba Montalvo","@id":"https:\/\/exaudi.org\/#\/schema\/person\/fc7b3cbb6f4d66ebcb53bf601d7b7eb1"},"headline":"Video del Papa febrero 2022: Rezar por las religiosas y consagradas","datePublished":"2022-02-01T15:15:36+00:00","dateModified":"2022-02-02T08:00:32+00:00","mainEntityOfPage":{"@id":"https:\/\/exaudi.org\/es\/video-papa-febrero-2022-rezar-religiosas-y-consagradas\/"},"wordCount":588,"image":{"@id":"https:\/\/exaudi.org\/es\/video-papa-febrero-2022-rezar-religiosas-y-consagradas\/#primaryimage"},"thumbnailUrl":"https:\/\/exaudi.org\/wp-content\/uploads\/2022\/02\/PapaFranciscoVidaCOnsagrada_VAticanMedia_02042019.webp","keywords":["consagradas","papa francisco","religiosas","Trending","Video Papa febrero 2022"],"articleSection":["Le\u00f3n XIV"],"inLanguage":"es"},{"@type":"WebPage","@id":"https:\/\/exaudi.org\/es\/video-papa-febrero-2022-rezar-religiosas-y-consagradas\/","url":"https:\/\/exaudi.org\/es\/video-papa-febrero-2022-rezar-religiosas-y-consagradas\/","name":"Video del Papa febrero 2022: Rezar por las religiosas y consagradas &#8211; Exaudi","isPartOf":{"@id":"https:\/\/exaudi.org\/#website"},"primaryImageOfPage":{"@id":"https:\/\/exaudi.org\/es\/video-papa-febrero-2022-rezar-religiosas-y-consagradas\/#primaryimage"},"image":{"@id":"https:\/\/exaudi.org\/es\/video-papa-febrero-2022-rezar-religiosas-y-consagradas\/#primaryimage"},"thumbnailUrl":"https:\/\/exaudi.org\/wp-content\/uploads\/2022\/02\/PapaFranciscoVidaCOnsagrada_VAticanMedia_02042019.webp","datePublished":"2022-02-01T15:15:36+00:00","dateModified":"2022-02-02T08:00:32+00:00","author":{"@id":"https:\/\/exaudi.org\/#\/schema\/person\/fc7b3cbb6f4d66ebcb53bf601d7b7eb1"},"description":"Video del Papa febrero 2022: Rezar por las religiosas y consagradas, una intenci\u00f3n de oraci\u00f3n que Francisco conf\u00eda a toda la Iglesia.","breadcrumb":{"@id":"https:\/\/exaudi.org\/es\/video-papa-febrero-2022-rezar-religiosas-y-consagradas\/#breadcrumb"},"inLanguage":"es","potentialAction":[{"@type":"ReadAction","target":["https:\/\/exaudi.org\/es\/video-papa-febrero-2022-rezar-religiosas-y-consagradas\/"]}]},{"@type":"ImageObject","inLanguage":"es","@id":"https:\/\/exaudi.org\/es\/video-papa-febrero-2022-rezar-religiosas-y-consagradas\/#primaryimage","url":"https:\/\/exaudi.org\/wp-content\/uploads\/2022\/02\/PapaFranciscoVidaCOnsagrada_VAticanMedia_02042019.webp","contentUrl":"https:\/\/exaudi.org\/wp-content\/uploads\/2022\/02\/PapaFranciscoVidaCOnsagrada_VAticanMedia_02042019.webp","width":900,"height":500,"caption":"El Papa conversa con religiosas en el Vaticano. \u00a9 Vatican Media"},{"@type":"BreadcrumbList","@id":"https:\/\/exaudi.org\/es\/video-papa-febrero-2022-rezar-religiosas-y-consagradas\/#breadcrumb","itemListElement":[{"@type":"ListItem","position":1,"name":"Portada","item":"https:\/\/exaudi.org\/es\/"},{"@type":"ListItem","position":2,"name":"Video del Papa febrero 2022: Rezar por las religiosas y consagradas"}]},{"@type":"WebSite","@id":"https:\/\/exaudi.org\/#website","url":"https:\/\/exaudi.org\/","name":"Exaudi","description":"News","potentialAction":[{"@type":"SearchAction","target":{"@type":"EntryPoint","urlTemplate":"https:\/\/exaudi.org\/?s={search_term_string}"},"query-input":{"@type":"PropertyValueSpecification","valueRequired":true,"valueName":"search_term_string"}}],"inLanguage":"es"},{"@type":"Person","@id":"https:\/\/exaudi.org\/#\/schema\/person\/fc7b3cbb6f4d66ebcb53bf601d7b7eb1","name":"Alba Montalvo","image":{"@type":"ImageObject","inLanguage":"es","@id":"https:\/\/secure.gravatar.com\/avatar\/1e8c522219a5df52d143b7baf13997ffd4f1814ca862efe7af11a13849275021?s=96&d=mm&r=g","url":"https:\/\/secure.gravatar.com\/avatar\/1e8c522219a5df52d143b7baf13997ffd4f1814ca862efe7af11a13849275021?s=96&d=mm&r=g","contentUrl":"https:\/\/secure.gravatar.com\/avatar\/1e8c522219a5df52d143b7baf13997ffd4f1814ca862efe7af11a13849275021?s=96&d=mm&r=g","caption":"Alba Montalvo"},"description":"Licenciada en Periodismo y M\u00e1ster en Periodismo Social. Mi trayectoria profesional ha estado siempre vinculada al \u00e1mbito de la comunicaci\u00f3n en el entorno digital. He trabajado como productora, gestora de contenidos estrat\u00e9gicos para redes y entrevistadora en la Fundaci\u00f3n Mater Mundi TV. Madrile\u00f1a de nacimiento, actualmente vivo en M\u00e1laga.","url":"https:\/\/exaudi.org\/es\/author\/amontalvoexaudi-org\/"}]}},"jetpack_featured_media_url":"https:\/\/exaudi.org\/wp-content\/uploads\/2022\/02\/PapaFranciscoVidaCOnsagrada_VAticanMedia_02042019.webp","jetpack_shortlink":"https:\/\/wp.me\/pgKjF2-den","_links":{"self":[{"href":"https:\/\/exaudi.org\/es\/wp-json\/wp\/v2\/posts\/50863","targetHints":{"allow":["GET"]}}],"collection":[{"href":"https:\/\/exaudi.org\/es\/wp-json\/wp\/v2\/posts"}],"about":[{"href":"https:\/\/exaudi.org\/es\/wp-json\/wp\/v2\/types\/post"}],"author":[{"embeddable":true,"href":"https:\/\/exaudi.org\/es\/wp-json\/wp\/v2\/users\/81"}],"replies":[{"embeddable":true,"href":"https:\/\/exaudi.org\/es\/wp-json\/wp\/v2\/comments?post=50863"}],"version-history":[{"count":0,"href":"https:\/\/exaudi.org\/es\/wp-json\/wp\/v2\/posts\/50863\/revisions"}],"wp:featuredmedia":[{"embeddable":true,"href":"https:\/\/exaudi.org\/es\/wp-json\/wp\/v2\/media\/50859"}],"wp:attachment":[{"href":"https:\/\/exaudi.org\/es\/wp-json\/wp\/v2\/media?parent=50863"}],"wp:term":[{"taxonomy":"category","embeddable":true,"href":"https:\/\/exaudi.org\/es\/wp-json\/wp\/v2\/categories?post=50863"},{"taxonomy":"post_tag","embeddable":true,"href":"https:\/\/exaudi.org\/es\/wp-json\/wp\/v2\/tags?post=50863"}],"curies":[{"name":"wp","href":"https:\/\/api.w.org\/{rel}","templated":true}]}}