{"id":50846,"date":"2022-02-03T09:00:09","date_gmt":"2022-02-03T08:00:09","guid":{"rendered":"https:\/\/exaudi.org\/?p=50846"},"modified":"2022-02-03T09:59:26","modified_gmt":"2022-02-03T08:59:26","slug":"eeuu-6o-congreso-nacional-de-pastoral-hispana-raices-y-alas","status":"publish","type":"post","link":"https:\/\/exaudi.org\/es\/eeuu-6o-congreso-nacional-de-pastoral-hispana-raices-y-alas\/","title":{"rendered":"EEUU: 6\u00ba Congreso Nacional de Pastoral Hispana \u2018Ra\u00edces y Alas\u2019"},"content":{"rendered":"<p>Entre el 26 y el 30 de abril tendr\u00e1 lugar el 6\u00ba Congreso Cat\u00f3lico Nacional de Pastoral Hispana de Estados Unidos, \u201cRa\u00edces y Alas\u201d, en Washington, DC.<\/p>\n<p>As\u00ed ha informado en una nota los organizadores del congreso quienes han indicado, \u00e9ste est\u00e1 organizado por el Consejo Nacional Cat\u00f3lico para el Ministerio Hispano (NCCHM, por sus siglas en ingl\u00e9s), que engloba a las principales instituciones nacionales de Pastoral Hispana en Estados Unidos.<\/p>\n<h2 class=\"p1\">Sinodalidad, liderazgo laical, femenino y juvenil<\/h2>\n<p class=\"p1\">De acuerdo a la nota de la organizaci\u00f3n, en la actualidad \u201cnos encontramos en un proceso de di\u00e1logo en la Iglesia, de sinodalidad, potenciaci\u00f3n del liderazgo laical,\u00a0femenino y juvenil, y de trabajo en conjunto. Creemos que se trata de un momento muy especial para hacer realidad la Iglesia en salida, que se encuentra a la escucha para responder a los desaf\u00edos de la \u00e9poca\u201d, han asegurado<\/p>\n<p>Del mismo modo, se ha se\u00f1alado que el congreso, tiene la particularidad de tener alcance nacional, de ser profundamente de Iglesia, y de estar organizado por el liderazgo laical con apoyo y acompa\u00f1amiento de la <a href=\"https:\/\/comunicadoressch.us20.list-manage.com\/track\/click?u=a8c5480e10dd44079a37e4e94&amp;id=017d8229d2&amp;e=9617724830\">Conferencia Episcopal de los Estados Unidos -USCCB-<\/a>\u00a0con la participaci\u00f3n de personalidades del\u00a0<a href=\"https:\/\/comunicadoressch.us20.list-manage.com\/track\/click?u=a8c5480e10dd44079a37e4e94&amp;id=4500064a39&amp;e=9617724830\">Consejo Episcopal Latinoamericano -CELAM-\u00a0<\/a>y de la\u00a0<a href=\"https:\/\/comunicadoressch.us20.list-manage.com\/track\/click?u=a8c5480e10dd44079a37e4e94&amp;id=7523e9d125&amp;e=9617724830\">Santa Sede<\/a>. La sinodalidad, han explicado, \u201cincluye a todo el pueblo de Dios en su inmensa variedad y riqueza, en un mismo esp\u00edritu\u201d.<\/p>\n<h2>Ra\u00edces y Alas: Desde la Asamblea Eclesial al S\u00ednodo de los Obispos<\/h2>\n<p>Los organizadores del congreso \u2018Ra\u00edces y Alas\u2019 recuerdan que el pasado noviembre tuvo lugar la\u00a0primera asamblea eclesial continental\u00a0de la historia. Fue organizada por el Consejo Episcopal de Latinoam\u00e9rica (CELAM) y la novedad principal es que no fue \u2018episcopal\u2019, es decir, que no estuvo dirigida especialmente para obispos, sino que abarc\u00f3 a todo el pueblo de Dios. Mil asamble\u00edstas participaron de la misma, 900 virtualmente, y 100 en forma presencial. 70 l\u00edderes nacionales de la pastoral hispana de Estados Unidos fueron asamble\u00edstas virtuales.<\/p>\n<p>La mayor\u00eda de esos l\u00edderes de Estados Unidos est\u00e1n participando hoy en la organizaci\u00f3n del congreso Ra\u00edces y Alas, que quiere recorrer el camino de la pastoral hispana en el pa\u00eds y hacer frente a sus grandes desaf\u00edos, sinti\u00e9ndose integrada a la realidad vivida en la Asamblea Eclesial de Am\u00e9rica Latina, y con la intenci\u00f3n de efectuar un aporte para que el profundo mensaje del\u00a0S\u00ednodo de los Obispos sobre Sinodalidad\u00a0se arraigue profundamente en el pueblo cat\u00f3lico y d\u00e9 abundantes frutos.<\/p>\n<p>Para finalizar, en la nota, los organizadores del congreso remiten a las palabras del Papa Francisco con la intenci\u00f3n de \u201crecorrer el camino sinodal con \u00e9l y con toda la Iglesia, siguiendo las claves sinodales propuestas por el Papa en la apertura del S\u00ednodo: comuni\u00f3n, participaci\u00f3n y misi\u00f3n.<\/p>\n<h2>Cuatro prioridades pastorales desde la sinodalidad<\/h2>\n<p>El congreso Ra\u00edces y Alas profundizar\u00e1 en cuatro prioridades pastorales desde el esp\u00edritu sinodal:<\/p>\n<ul>\n<li>Familia<\/li>\n<li>Pastoral Juvenil Hispana<\/li>\n<li>Justicia Social<\/li>\n<li>Formaci\u00f3n Pastoral<\/li>\n<\/ul>\n<h2>Pastoral de Conjunto en sinodalidad<\/h2>\n<p>\u201cEste es el momento en que el liderazgo del ministerio hispano discierna con nuestros obispos sobre las acciones que estamos llamados a realizar en respuesta a las voces del V Encuentro. Se trata de una llamada a la acci\u00f3n en un momento en el que nuestro pueblo se enfrenta a retos a\u00fan mayores. Las cosas no son iguales en nuestros ministerios, di\u00f3cesis y parroquias tras una pandemia que ha impactado severamente a las comunidades hispanas y negras. Ra\u00edces y Alas 2022 reunir\u00e1 a los l\u00edderes en la Pastoral de Conjunto, en la sinodalidad y en la oraci\u00f3n, para que juntos podamos reflexionar sobre las iniciativas pastorales necesarias para la realidad actual y actuar en consecuencia\u201d, seg\u00fan\u00a0Elisabeth Rom\u00e1n,\u00a0presidente de NCCHM y coordinadora general de Ra\u00edces y Alas.<\/p>\n<p>Sinodalidad significa en primer lugar escuchar, ir al encuentro del otro, compartir, brindarse&#8230;\u00a0Sinodalidad significa dictaminar menos y compartir decisiones. Sinodalidad significa estar abiertos al Esp\u00edritu Santo en el coraz\u00f3n propio, del otro y del pueblo. Sinodalidad implica humildad profunda, conciencia de que Dios nos habla a trav\u00e9s de las Sagradas Escrituras, de la Tradici\u00f3n de la Iglesia, de su Magisterio, y tambi\u00e9n de los signos de los tiempos. Sinodalidad implica no creer que sabemos m\u00e1s que otros. Sinodalidad exige salir de nuestra zona de confort y quebrar las barreras de nuestras estructuras que no nos permiten abrirnos a la voz de Dios en nuestros corazones.<\/p>\n<p>Para m\u00e1s informaci\u00f3n puede visitar la web.:\u00a0<a href=\"https:\/\/ncchm-us.org\/\" target=\"_blank\" rel=\"noopener\">www.ncchm-us.org<\/a><\/p>\n<p><iframe loading=\"lazy\" title=\"Ra\u00edces y Alas - 6th. National Catholic Congress on Hispanic Ministry US - Apr. 2022 - Wash DC\" width=\"500\" height=\"281\" src=\"https:\/\/www.youtube.com\/embed\/z8PLAu3CrF0?feature=oembed\" frameborder=\"0\" allow=\"accelerometer; autoplay; clipboard-write; encrypted-media; gyroscope; picture-in-picture; web-share\" referrerpolicy=\"strict-origin-when-cross-origin\" allowfullscreen><\/iframe><\/p>\n<p>&nbsp;<\/p>\n","protected":false},"excerpt":{"rendered":"<p>Se celebrar\u00e1 entre el 26 y el 30 de abril en Washington, DC<\/p>\n","protected":false},"author":15,"featured_media":50848,"comment_status":"closed","ping_status":"closed","sticky":false,"template":"","format":"standard","meta":{"_acf_changed":false,"_crdt_document":"","inline_featured_image":false,"footnotes":""},"categories":[86],"tags":[5730,4953],"class_list":["post-50846","post","type-post","status-publish","format-standard","has-post-thumbnail","hentry","category-iglesia-local","tag-6o-congreso-nacional-de-pastoral-hispana","tag-trending-es"],"acf":[],"yoast_head":"<!-- This site is optimized with the Yoast SEO plugin v27.5 - https:\/\/yoast.com\/product\/yoast-seo-wordpress\/ -->\n<title>EEUU: 6\u00ba Congreso Nacional de Pastoral Hispana \u2018Ra\u00edces y Alas\u2019 &#8211; Exaudi<\/title>\n<meta name=\"description\" content=\"EEUU: 6\u00ba Congreso Nacional de Pastoral Hispana \u2018Ra\u00edces y Alas\u2019 celebrado del 26 al 30 de abril en Washington, DC.\" \/>\n<meta name=\"robots\" content=\"index, follow, max-snippet:-1, max-image-preview:large, max-video-preview:-1\" \/>\n<link rel=\"canonical\" href=\"https:\/\/exaudi.org\/es\/eeuu-6o-congreso-nacional-de-pastoral-hispana-raices-y-alas\/\" \/>\n<meta property=\"og:locale\" content=\"es_ES\" \/>\n<meta property=\"og:type\" content=\"article\" \/>\n<meta property=\"og:title\" content=\"EEUU: 6\u00ba Congreso Nacional de Pastoral Hispana \u2018Ra\u00edces y Alas\u2019 &#8211; Exaudi\" \/>\n<meta property=\"og:description\" content=\"EEUU: 6\u00ba Congreso Nacional de Pastoral Hispana \u2018Ra\u00edces y Alas\u2019 celebrado del 26 al 30 de abril en Washington, DC.\" \/>\n<meta property=\"og:url\" content=\"https:\/\/exaudi.org\/es\/eeuu-6o-congreso-nacional-de-pastoral-hispana-raices-y-alas\/\" \/>\n<meta property=\"og:site_name\" content=\"Exaudi\" \/>\n<meta property=\"article:publisher\" content=\"https:\/\/www.facebook.com\/ExaudiNews\" \/>\n<meta property=\"article:author\" content=\"https:\/\/www.facebook.com\/ExaudiNoticias\/\" \/>\n<meta property=\"article:published_time\" content=\"2022-02-03T08:00:09+00:00\" \/>\n<meta property=\"article:modified_time\" content=\"2022-02-03T08:59:26+00:00\" \/>\n<meta property=\"og:image\" content=\"https:\/\/exaudi.org\/wp-content\/uploads\/2022\/02\/Disen\u0303o-sin-ti\u0301tulo-4.jpg\" \/>\n\t<meta property=\"og:image:width\" content=\"1500\" \/>\n\t<meta property=\"og:image:height\" content=\"1000\" \/>\n\t<meta property=\"og:image:type\" content=\"image\/jpeg\" \/>\n<meta name=\"author\" content=\"Exaudi Redacci\u00f3n\" \/>\n<meta name=\"twitter:card\" content=\"summary_large_image\" \/>\n<meta name=\"twitter:creator\" content=\"@Exaudi_noticias\" \/>\n<meta name=\"twitter:site\" content=\"@Exaudi_News\" \/>\n<meta name=\"twitter:label1\" content=\"Escrito por\" \/>\n\t<meta name=\"twitter:data1\" content=\"Exaudi Redacci\u00f3n\" \/>\n\t<meta name=\"twitter:label2\" content=\"Tiempo de lectura\" \/>\n\t<meta name=\"twitter:data2\" content=\"4 minutos\" \/>\n<script type=\"application\/ld+json\" class=\"yoast-schema-graph\">{\"@context\":\"https:\\\/\\\/schema.org\",\"@graph\":[{\"@type\":\"Article\",\"@id\":\"https:\\\/\\\/exaudi.org\\\/es\\\/eeuu-6o-congreso-nacional-de-pastoral-hispana-raices-y-alas\\\/#article\",\"isPartOf\":{\"@id\":\"https:\\\/\\\/exaudi.org\\\/es\\\/eeuu-6o-congreso-nacional-de-pastoral-hispana-raices-y-alas\\\/\"},\"author\":{\"name\":\"Exaudi Redacci\u00f3n\",\"@id\":\"https:\\\/\\\/exaudi.org\\\/#\\\/schema\\\/person\\\/f5fc8f063065e38742da7afe15f25df7\"},\"headline\":\"EEUU: 6\u00ba Congreso Nacional de Pastoral Hispana \u2018Ra\u00edces y Alas\u2019\",\"datePublished\":\"2022-02-03T08:00:09+00:00\",\"dateModified\":\"2022-02-03T08:59:26+00:00\",\"mainEntityOfPage\":{\"@id\":\"https:\\\/\\\/exaudi.org\\\/es\\\/eeuu-6o-congreso-nacional-de-pastoral-hispana-raices-y-alas\\\/\"},\"wordCount\":791,\"image\":{\"@id\":\"https:\\\/\\\/exaudi.org\\\/es\\\/eeuu-6o-congreso-nacional-de-pastoral-hispana-raices-y-alas\\\/#primaryimage\"},\"thumbnailUrl\":\"https:\\\/\\\/exaudi.org\\\/wp-content\\\/uploads\\\/2022\\\/02\\\/Disen\u0303o-sin-ti\u0301tulo-4.jpg\",\"keywords\":[\"6\u00ba Congreso Nacional de Pastoral Hispana\",\"Trending\"],\"articleSection\":[\"Iglesia Local\"],\"inLanguage\":\"es\"},{\"@type\":\"WebPage\",\"@id\":\"https:\\\/\\\/exaudi.org\\\/es\\\/eeuu-6o-congreso-nacional-de-pastoral-hispana-raices-y-alas\\\/\",\"url\":\"https:\\\/\\\/exaudi.org\\\/es\\\/eeuu-6o-congreso-nacional-de-pastoral-hispana-raices-y-alas\\\/\",\"name\":\"EEUU: 6\u00ba Congreso Nacional de Pastoral Hispana \u2018Ra\u00edces y Alas\u2019 &#8211; Exaudi\",\"isPartOf\":{\"@id\":\"https:\\\/\\\/exaudi.org\\\/#website\"},\"primaryImageOfPage\":{\"@id\":\"https:\\\/\\\/exaudi.org\\\/es\\\/eeuu-6o-congreso-nacional-de-pastoral-hispana-raices-y-alas\\\/#primaryimage\"},\"image\":{\"@id\":\"https:\\\/\\\/exaudi.org\\\/es\\\/eeuu-6o-congreso-nacional-de-pastoral-hispana-raices-y-alas\\\/#primaryimage\"},\"thumbnailUrl\":\"https:\\\/\\\/exaudi.org\\\/wp-content\\\/uploads\\\/2022\\\/02\\\/Disen\u0303o-sin-ti\u0301tulo-4.jpg\",\"datePublished\":\"2022-02-03T08:00:09+00:00\",\"dateModified\":\"2022-02-03T08:59:26+00:00\",\"author\":{\"@id\":\"https:\\\/\\\/exaudi.org\\\/#\\\/schema\\\/person\\\/f5fc8f063065e38742da7afe15f25df7\"},\"description\":\"EEUU: 6\u00ba Congreso Nacional de Pastoral Hispana \u2018Ra\u00edces y Alas\u2019 celebrado del 26 al 30 de abril en Washington, DC.\",\"breadcrumb\":{\"@id\":\"https:\\\/\\\/exaudi.org\\\/es\\\/eeuu-6o-congreso-nacional-de-pastoral-hispana-raices-y-alas\\\/#breadcrumb\"},\"inLanguage\":\"es\",\"potentialAction\":[{\"@type\":\"ReadAction\",\"target\":[\"https:\\\/\\\/exaudi.org\\\/es\\\/eeuu-6o-congreso-nacional-de-pastoral-hispana-raices-y-alas\\\/\"]}]},{\"@type\":\"ImageObject\",\"inLanguage\":\"es\",\"@id\":\"https:\\\/\\\/exaudi.org\\\/es\\\/eeuu-6o-congreso-nacional-de-pastoral-hispana-raices-y-alas\\\/#primaryimage\",\"url\":\"https:\\\/\\\/exaudi.org\\\/wp-content\\\/uploads\\\/2022\\\/02\\\/Disen\u0303o-sin-ti\u0301tulo-4.jpg\",\"contentUrl\":\"https:\\\/\\\/exaudi.org\\\/wp-content\\\/uploads\\\/2022\\\/02\\\/Disen\u0303o-sin-ti\u0301tulo-4.jpg\",\"width\":1500,\"height\":1000,\"caption\":\"Congreso Nacional de Pastoral Hispana \u2018Ra\u00edces y Alas\u2019 \u00a9 Ra\u00edces y Alas\u2019\"},{\"@type\":\"BreadcrumbList\",\"@id\":\"https:\\\/\\\/exaudi.org\\\/es\\\/eeuu-6o-congreso-nacional-de-pastoral-hispana-raices-y-alas\\\/#breadcrumb\",\"itemListElement\":[{\"@type\":\"ListItem\",\"position\":1,\"name\":\"Portada\",\"item\":\"https:\\\/\\\/exaudi.org\\\/es\\\/\"},{\"@type\":\"ListItem\",\"position\":2,\"name\":\"EEUU: 6\u00ba Congreso Nacional de Pastoral Hispana \u2018Ra\u00edces y Alas\u2019\"}]},{\"@type\":\"WebSite\",\"@id\":\"https:\\\/\\\/exaudi.org\\\/#website\",\"url\":\"https:\\\/\\\/exaudi.org\\\/\",\"name\":\"Exaudi\",\"description\":\"News\",\"potentialAction\":[{\"@type\":\"SearchAction\",\"target\":{\"@type\":\"EntryPoint\",\"urlTemplate\":\"https:\\\/\\\/exaudi.org\\\/?s={search_term_string}\"},\"query-input\":{\"@type\":\"PropertyValueSpecification\",\"valueRequired\":true,\"valueName\":\"search_term_string\"}}],\"inLanguage\":\"es\"},{\"@type\":\"Person\",\"@id\":\"https:\\\/\\\/exaudi.org\\\/#\\\/schema\\\/person\\\/f5fc8f063065e38742da7afe15f25df7\",\"name\":\"Exaudi Redacci\u00f3n\",\"image\":{\"@type\":\"ImageObject\",\"inLanguage\":\"es\",\"@id\":\"https:\\\/\\\/secure.gravatar.com\\\/avatar\\\/fe0f6a059fb68d9b3e11bc5850dd4899b1c7492091a3cb6dd9b01b56ad828be2?s=96&d=mm&r=g\",\"url\":\"https:\\\/\\\/secure.gravatar.com\\\/avatar\\\/fe0f6a059fb68d9b3e11bc5850dd4899b1c7492091a3cb6dd9b01b56ad828be2?s=96&d=mm&r=g\",\"contentUrl\":\"https:\\\/\\\/secure.gravatar.com\\\/avatar\\\/fe0f6a059fb68d9b3e11bc5850dd4899b1c7492091a3cb6dd9b01b56ad828be2?s=96&d=mm&r=g\",\"caption\":\"Exaudi Redacci\u00f3n\"},\"description\":\"\u00bfQu\u00e9 es Exaudi News? Exaudi News es un medio de comunicaci\u00f3n cat\u00f3lico internacional que informa, forma y transforma, diariamente en espa\u00f1ol, ingl\u00e9s e italiano. A trav\u00e9s de noticias, art\u00edculos de an\u00e1lisis y transmisiones en directo de los eventos del Papa, Exaudi busca fortalecer la unidad de los cristianos y contribuir a la evangelizaci\u00f3n del mundo, siempre guiados por la doctrina social de la Iglesia. Trabajamos para acercar la verdad y los valores cristianos a cada rinc\u00f3n del planeta. \u00a1Ay\u00fadanos a transformar el mundo con Exaudi! En Exaudi creemos que la evangelizaci\u00f3n y la informaci\u00f3n de calidad pueden cambiar vidas. Para continuar con nuestra misi\u00f3n y expandir nuestro alcance, necesitamos tu ayuda. Adem\u00e1s, buscamos personas comprometidas que deseen unirse a nuestro equipo. Con tu apoyo, lograremos llegar a m\u00e1s personas, difundir el mensaje de Cristo y reforzar la unidad de los cristianos. \u00bfTe unes a nuestra misi\u00f3n? Para m\u00e1s informaci\u00f3n sobre c\u00f3mo colaborar, visita Exaudi.org\\\/es o cont\u00e1ctanos directamente: info@exaudi.org Exaudi: Informa, forma y transforma.\",\"sameAs\":[\"https:\\\/\\\/www.facebook.com\\\/ExaudiNoticias\\\/\",\"https:\\\/\\\/www.instagram.com\\\/exaudi_noticias\\\/\",\"https:\\\/\\\/x.com\\\/Exaudi_noticias\",\"https:\\\/\\\/www.youtube.com\\\/@exaudicatholicnews\"],\"url\":\"https:\\\/\\\/exaudi.org\\\/es\\\/author\\\/redaccionexaudi\\\/\"}]}<\/script>\n<!-- \/ Yoast SEO plugin. -->","yoast_head_json":{"title":"EEUU: 6\u00ba Congreso Nacional de Pastoral Hispana \u2018Ra\u00edces y Alas\u2019 &#8211; Exaudi","description":"EEUU: 6\u00ba Congreso Nacional de Pastoral Hispana \u2018Ra\u00edces y Alas\u2019 celebrado del 26 al 30 de abril en Washington, DC.","robots":{"index":"index","follow":"follow","max-snippet":"max-snippet:-1","max-image-preview":"max-image-preview:large","max-video-preview":"max-video-preview:-1"},"canonical":"https:\/\/exaudi.org\/es\/eeuu-6o-congreso-nacional-de-pastoral-hispana-raices-y-alas\/","og_locale":"es_ES","og_type":"article","og_title":"EEUU: 6\u00ba Congreso Nacional de Pastoral Hispana \u2018Ra\u00edces y Alas\u2019 &#8211; Exaudi","og_description":"EEUU: 6\u00ba Congreso Nacional de Pastoral Hispana \u2018Ra\u00edces y Alas\u2019 celebrado del 26 al 30 de abril en Washington, DC.","og_url":"https:\/\/exaudi.org\/es\/eeuu-6o-congreso-nacional-de-pastoral-hispana-raices-y-alas\/","og_site_name":"Exaudi","article_publisher":"https:\/\/www.facebook.com\/ExaudiNews","article_author":"https:\/\/www.facebook.com\/ExaudiNoticias\/","article_published_time":"2022-02-03T08:00:09+00:00","article_modified_time":"2022-02-03T08:59:26+00:00","og_image":[{"width":1500,"height":1000,"url":"https:\/\/exaudi.org\/wp-content\/uploads\/2022\/02\/Disen\u0303o-sin-ti\u0301tulo-4.jpg","type":"image\/jpeg"}],"author":"Exaudi Redacci\u00f3n","twitter_card":"summary_large_image","twitter_creator":"@Exaudi_noticias","twitter_site":"@Exaudi_News","twitter_misc":{"Escrito por":"Exaudi Redacci\u00f3n","Tiempo de lectura":"4 minutos"},"schema":{"@context":"https:\/\/schema.org","@graph":[{"@type":"Article","@id":"https:\/\/exaudi.org\/es\/eeuu-6o-congreso-nacional-de-pastoral-hispana-raices-y-alas\/#article","isPartOf":{"@id":"https:\/\/exaudi.org\/es\/eeuu-6o-congreso-nacional-de-pastoral-hispana-raices-y-alas\/"},"author":{"name":"Exaudi Redacci\u00f3n","@id":"https:\/\/exaudi.org\/#\/schema\/person\/f5fc8f063065e38742da7afe15f25df7"},"headline":"EEUU: 6\u00ba Congreso Nacional de Pastoral Hispana \u2018Ra\u00edces y Alas\u2019","datePublished":"2022-02-03T08:00:09+00:00","dateModified":"2022-02-03T08:59:26+00:00","mainEntityOfPage":{"@id":"https:\/\/exaudi.org\/es\/eeuu-6o-congreso-nacional-de-pastoral-hispana-raices-y-alas\/"},"wordCount":791,"image":{"@id":"https:\/\/exaudi.org\/es\/eeuu-6o-congreso-nacional-de-pastoral-hispana-raices-y-alas\/#primaryimage"},"thumbnailUrl":"https:\/\/exaudi.org\/wp-content\/uploads\/2022\/02\/Disen\u0303o-sin-ti\u0301tulo-4.jpg","keywords":["6\u00ba Congreso Nacional de Pastoral Hispana","Trending"],"articleSection":["Iglesia Local"],"inLanguage":"es"},{"@type":"WebPage","@id":"https:\/\/exaudi.org\/es\/eeuu-6o-congreso-nacional-de-pastoral-hispana-raices-y-alas\/","url":"https:\/\/exaudi.org\/es\/eeuu-6o-congreso-nacional-de-pastoral-hispana-raices-y-alas\/","name":"EEUU: 6\u00ba Congreso Nacional de Pastoral Hispana \u2018Ra\u00edces y Alas\u2019 &#8211; Exaudi","isPartOf":{"@id":"https:\/\/exaudi.org\/#website"},"primaryImageOfPage":{"@id":"https:\/\/exaudi.org\/es\/eeuu-6o-congreso-nacional-de-pastoral-hispana-raices-y-alas\/#primaryimage"},"image":{"@id":"https:\/\/exaudi.org\/es\/eeuu-6o-congreso-nacional-de-pastoral-hispana-raices-y-alas\/#primaryimage"},"thumbnailUrl":"https:\/\/exaudi.org\/wp-content\/uploads\/2022\/02\/Disen\u0303o-sin-ti\u0301tulo-4.jpg","datePublished":"2022-02-03T08:00:09+00:00","dateModified":"2022-02-03T08:59:26+00:00","author":{"@id":"https:\/\/exaudi.org\/#\/schema\/person\/f5fc8f063065e38742da7afe15f25df7"},"description":"EEUU: 6\u00ba Congreso Nacional de Pastoral Hispana \u2018Ra\u00edces y Alas\u2019 celebrado del 26 al 30 de abril en Washington, DC.","breadcrumb":{"@id":"https:\/\/exaudi.org\/es\/eeuu-6o-congreso-nacional-de-pastoral-hispana-raices-y-alas\/#breadcrumb"},"inLanguage":"es","potentialAction":[{"@type":"ReadAction","target":["https:\/\/exaudi.org\/es\/eeuu-6o-congreso-nacional-de-pastoral-hispana-raices-y-alas\/"]}]},{"@type":"ImageObject","inLanguage":"es","@id":"https:\/\/exaudi.org\/es\/eeuu-6o-congreso-nacional-de-pastoral-hispana-raices-y-alas\/#primaryimage","url":"https:\/\/exaudi.org\/wp-content\/uploads\/2022\/02\/Disen\u0303o-sin-ti\u0301tulo-4.jpg","contentUrl":"https:\/\/exaudi.org\/wp-content\/uploads\/2022\/02\/Disen\u0303o-sin-ti\u0301tulo-4.jpg","width":1500,"height":1000,"caption":"Congreso Nacional de Pastoral Hispana \u2018Ra\u00edces y Alas\u2019 \u00a9 Ra\u00edces y Alas\u2019"},{"@type":"BreadcrumbList","@id":"https:\/\/exaudi.org\/es\/eeuu-6o-congreso-nacional-de-pastoral-hispana-raices-y-alas\/#breadcrumb","itemListElement":[{"@type":"ListItem","position":1,"name":"Portada","item":"https:\/\/exaudi.org\/es\/"},{"@type":"ListItem","position":2,"name":"EEUU: 6\u00ba Congreso Nacional de Pastoral Hispana \u2018Ra\u00edces y Alas\u2019"}]},{"@type":"WebSite","@id":"https:\/\/exaudi.org\/#website","url":"https:\/\/exaudi.org\/","name":"Exaudi","description":"News","potentialAction":[{"@type":"SearchAction","target":{"@type":"EntryPoint","urlTemplate":"https:\/\/exaudi.org\/?s={search_term_string}"},"query-input":{"@type":"PropertyValueSpecification","valueRequired":true,"valueName":"search_term_string"}}],"inLanguage":"es"},{"@type":"Person","@id":"https:\/\/exaudi.org\/#\/schema\/person\/f5fc8f063065e38742da7afe15f25df7","name":"Exaudi Redacci\u00f3n","image":{"@type":"ImageObject","inLanguage":"es","@id":"https:\/\/secure.gravatar.com\/avatar\/fe0f6a059fb68d9b3e11bc5850dd4899b1c7492091a3cb6dd9b01b56ad828be2?s=96&d=mm&r=g","url":"https:\/\/secure.gravatar.com\/avatar\/fe0f6a059fb68d9b3e11bc5850dd4899b1c7492091a3cb6dd9b01b56ad828be2?s=96&d=mm&r=g","contentUrl":"https:\/\/secure.gravatar.com\/avatar\/fe0f6a059fb68d9b3e11bc5850dd4899b1c7492091a3cb6dd9b01b56ad828be2?s=96&d=mm&r=g","caption":"Exaudi Redacci\u00f3n"},"description":"\u00bfQu\u00e9 es Exaudi News? Exaudi News es un medio de comunicaci\u00f3n cat\u00f3lico internacional que informa, forma y transforma, diariamente en espa\u00f1ol, ingl\u00e9s e italiano. A trav\u00e9s de noticias, art\u00edculos de an\u00e1lisis y transmisiones en directo de los eventos del Papa, Exaudi busca fortalecer la unidad de los cristianos y contribuir a la evangelizaci\u00f3n del mundo, siempre guiados por la doctrina social de la Iglesia. Trabajamos para acercar la verdad y los valores cristianos a cada rinc\u00f3n del planeta. \u00a1Ay\u00fadanos a transformar el mundo con Exaudi! En Exaudi creemos que la evangelizaci\u00f3n y la informaci\u00f3n de calidad pueden cambiar vidas. Para continuar con nuestra misi\u00f3n y expandir nuestro alcance, necesitamos tu ayuda. Adem\u00e1s, buscamos personas comprometidas que deseen unirse a nuestro equipo. Con tu apoyo, lograremos llegar a m\u00e1s personas, difundir el mensaje de Cristo y reforzar la unidad de los cristianos. \u00bfTe unes a nuestra misi\u00f3n? Para m\u00e1s informaci\u00f3n sobre c\u00f3mo colaborar, visita Exaudi.org\/es o cont\u00e1ctanos directamente: info@exaudi.org Exaudi: Informa, forma y transforma.","sameAs":["https:\/\/www.facebook.com\/ExaudiNoticias\/","https:\/\/www.instagram.com\/exaudi_noticias\/","https:\/\/x.com\/Exaudi_noticias","https:\/\/www.youtube.com\/@exaudicatholicnews"],"url":"https:\/\/exaudi.org\/es\/author\/redaccionexaudi\/"}]}},"jetpack_featured_media_url":"https:\/\/exaudi.org\/wp-content\/uploads\/2022\/02\/Disen\u0303o-sin-ti\u0301tulo-4.jpg","jetpack_shortlink":"https:\/\/wp.me\/pgKjF2-de6","_links":{"self":[{"href":"https:\/\/exaudi.org\/es\/wp-json\/wp\/v2\/posts\/50846","targetHints":{"allow":["GET"]}}],"collection":[{"href":"https:\/\/exaudi.org\/es\/wp-json\/wp\/v2\/posts"}],"about":[{"href":"https:\/\/exaudi.org\/es\/wp-json\/wp\/v2\/types\/post"}],"author":[{"embeddable":true,"href":"https:\/\/exaudi.org\/es\/wp-json\/wp\/v2\/users\/15"}],"replies":[{"embeddable":true,"href":"https:\/\/exaudi.org\/es\/wp-json\/wp\/v2\/comments?post=50846"}],"version-history":[{"count":0,"href":"https:\/\/exaudi.org\/es\/wp-json\/wp\/v2\/posts\/50846\/revisions"}],"wp:featuredmedia":[{"embeddable":true,"href":"https:\/\/exaudi.org\/es\/wp-json\/wp\/v2\/media\/50848"}],"wp:attachment":[{"href":"https:\/\/exaudi.org\/es\/wp-json\/wp\/v2\/media?parent=50846"}],"wp:term":[{"taxonomy":"category","embeddable":true,"href":"https:\/\/exaudi.org\/es\/wp-json\/wp\/v2\/categories?post=50846"},{"taxonomy":"post_tag","embeddable":true,"href":"https:\/\/exaudi.org\/es\/wp-json\/wp\/v2\/tags?post=50846"}],"curies":[{"name":"wp","href":"https:\/\/api.w.org\/{rel}","templated":true}]}}