{"id":50812,"date":"2022-02-01T09:52:20","date_gmt":"2022-02-01T08:52:20","guid":{"rendered":"https:\/\/exaudi.org\/?p=50812"},"modified":"2022-02-01T09:52:20","modified_gmt":"2022-02-01T08:52:20","slug":"adolescentes-con-el-papa-francisco-los-preparativos-estan-en-marcha","status":"publish","type":"post","link":"https:\/\/exaudi.org\/es\/adolescentes-con-el-papa-francisco-los-preparativos-estan-en-marcha\/","title":{"rendered":"Adolescentes con el Papa Francisco: Los preparativos est\u00e1n en marcha"},"content":{"rendered":"<p>Est\u00e1n en marcha los preparativos para la peregrinaci\u00f3n de los adolescentes a Roma y su encuentro con el Papa Francisco, previsto para el pr\u00f3ximo 18 de abril, lunes del \u00c1ngel. El 31 de enero, fiesta de san Juan Bosco, patr\u00f3n de los j\u00f3venes, ha sido elegido simb\u00f3licamente para publicar online las primeras instrucciones sobre el evento promovido por la Iglesia que est\u00e1 en Italia. El encuentro tendr\u00e1 su punto culminante en el di\u00e1logo entre los adolescentes y el Santo Padre. Le seguir\u00e1 una vigilia de oraci\u00f3n con la escucha y meditaci\u00f3n del cap\u00edtulo 21 del Evangelio de Juan.<\/p>\n<h2>Signos de esperanza para los j\u00f3venes<\/h2>\n<p>\u201cDespu\u00e9s de estos meses de vida incierta, ser\u00e1 la primera vuelta de un encuentro con el Papa en la Plaza de San Pedro, y me parece particularmente hermoso que pueda ocurrir con chicos de esa franja de edad que han sufrido mucho. Necesitamos signos de esperanza\u201d, dijo el cardenal Gualtiero Bassetti, arzobispo de Perugia-Citt\u00e0 della Pieve y presidente de la <a href=\"https:\/\/www.chiesacattolica.it\/\" target=\"_blank\" rel=\"noopener\">Conferencia Episcopal Italiana<\/a> (CEI).<\/p>\n<p>Con esta iniciativa, \u201cqueremos animar y dar signos de esperanza a los que se gastan por el crecimiento de los j\u00f3venes y a los que miran a la comunidad cristiana como depositaria de un futuro de vida que nace de la fe en Jes\u00fas resucitado\u201d, a\u00f1adi\u00f3 el padre Michele Falabretti. El director del Servicio Nacional de Pastoral Juvenil record\u00f3 que \u201cen esta l\u00f3gica, lanzamos el verano pasado y entregamos el subsidio \u2018Semilla de Viento\u2019\u201d.<\/p>\n<h2>El logotipo<\/h2>\n<p>La peregrinaci\u00f3n de los adolescentes no ser\u00e1 un simple encuentro, sino una experiencia de comuni\u00f3n fraterna. El logotipo lo explica: el ICHTUS, un pez formado por muchos c\u00edrculos azules colocados alrededor del ojo de la cruz. Con su forma vital, nadando en el mar de la historia de los hombres, surcando las olas con confianza. El color naranja de la cruz hace referencia al sol del d\u00eda de Pascua. En cambio, los c\u00edrculos azules recuerdan muchas peque\u00f1as gotas de agua, memoria del Bautismo, fuente de unidad.<\/p>\n<p>La baldosa <em>#follow me<\/em>, con el signo gr\u00e1fico # que simboliza la b\u00fasqueda, recuerda lo siguiente, es decir, la b\u00fasqueda del sentido de la propia existencia, que se renueva en la comuni\u00f3n de los hermanos con el Padre, en el Amor del Hijo.<\/p>\n<p><em>Traducci\u00f3n de Virginia M. Forrester<\/em><\/p>\n","protected":false},"excerpt":{"rendered":"<p>Cita en San Pedro el lunes del \u00c1ngel. Publicaci\u00f3n del logotipo<\/p>\n","protected":false},"author":15,"featured_media":50814,"comment_status":"closed","ping_status":"closed","sticky":false,"template":"","format":"standard","meta":{"_acf_changed":false,"_crdt_document":"","inline_featured_image":false,"footnotes":""},"categories":[100,68],"tags":[5725,698,4953],"class_list":["post-50812","post","type-post","status-publish","format-standard","has-post-thumbnail","hentry","category-jovenes","category-leon-xiv","tag-jovenes-2","tag-papa-francisco-2","tag-trending-es"],"acf":[],"yoast_head":"<!-- This site is optimized with the Yoast SEO plugin v27.4 - https:\/\/yoast.com\/product\/yoast-seo-wordpress\/ -->\n<title>Adolescentes con el Papa Francisco: Los preparativos est\u00e1n en marcha &#8211;<\/title>\n<meta name=\"description\" content=\"Adolescentes con el Papa Francisco: Los preparativos est\u00e1n en marcha para la peregrinaci\u00f3n de los adolescentes a Roma.\" \/>\n<meta name=\"robots\" content=\"index, follow, max-snippet:-1, max-image-preview:large, max-video-preview:-1\" \/>\n<link rel=\"canonical\" href=\"https:\/\/exaudi.org\/es\/adolescentes-con-el-papa-francisco-los-preparativos-estan-en-marcha\/\" \/>\n<meta property=\"og:locale\" content=\"es_ES\" \/>\n<meta property=\"og:type\" content=\"article\" \/>\n<meta property=\"og:title\" content=\"Adolescentes con el Papa Francisco: Los preparativos est\u00e1n en marcha &#8211;\" \/>\n<meta property=\"og:description\" content=\"Adolescentes con el Papa Francisco: Los preparativos est\u00e1n en marcha para la peregrinaci\u00f3n de los adolescentes a Roma.\" \/>\n<meta property=\"og:url\" content=\"https:\/\/exaudi.org\/es\/adolescentes-con-el-papa-francisco-los-preparativos-estan-en-marcha\/\" \/>\n<meta property=\"og:site_name\" content=\"Exaudi\" \/>\n<meta property=\"article:publisher\" content=\"https:\/\/www.facebook.com\/ExaudiNews\" \/>\n<meta property=\"article:author\" content=\"https:\/\/www.facebook.com\/ExaudiNoticias\/\" \/>\n<meta property=\"article:published_time\" content=\"2022-02-01T08:52:20+00:00\" \/>\n<meta property=\"og:image\" content=\"https:\/\/exaudi.org\/wp-content\/uploads\/2022\/02\/locandina_page-0001-1-1155x770-1.jpeg\" \/>\n\t<meta property=\"og:image:width\" content=\"1155\" \/>\n\t<meta property=\"og:image:height\" content=\"770\" \/>\n\t<meta property=\"og:image:type\" content=\"image\/jpeg\" \/>\n<meta name=\"author\" content=\"Exaudi Redacci\u00f3n\" \/>\n<meta name=\"twitter:card\" content=\"summary_large_image\" \/>\n<meta name=\"twitter:creator\" content=\"@Exaudi_noticias\" \/>\n<meta name=\"twitter:site\" content=\"@Exaudi_News\" \/>\n<meta name=\"twitter:label1\" content=\"Escrito por\" \/>\n\t<meta name=\"twitter:data1\" content=\"Exaudi Redacci\u00f3n\" \/>\n\t<meta name=\"twitter:label2\" content=\"Tiempo de lectura\" \/>\n\t<meta name=\"twitter:data2\" content=\"2 minutos\" \/>\n<script type=\"application\/ld+json\" class=\"yoast-schema-graph\">{\"@context\":\"https:\\\/\\\/schema.org\",\"@graph\":[{\"@type\":\"Article\",\"@id\":\"https:\\\/\\\/exaudi.org\\\/es\\\/adolescentes-con-el-papa-francisco-los-preparativos-estan-en-marcha\\\/#article\",\"isPartOf\":{\"@id\":\"https:\\\/\\\/exaudi.org\\\/es\\\/adolescentes-con-el-papa-francisco-los-preparativos-estan-en-marcha\\\/\"},\"author\":{\"name\":\"Exaudi Redacci\u00f3n\",\"@id\":\"https:\\\/\\\/exaudi.org\\\/#\\\/schema\\\/person\\\/f5fc8f063065e38742da7afe15f25df7\"},\"headline\":\"Adolescentes con el Papa Francisco: Los preparativos est\u00e1n en marcha\",\"datePublished\":\"2022-02-01T08:52:20+00:00\",\"mainEntityOfPage\":{\"@id\":\"https:\\\/\\\/exaudi.org\\\/es\\\/adolescentes-con-el-papa-francisco-los-preparativos-estan-en-marcha\\\/\"},\"wordCount\":412,\"image\":{\"@id\":\"https:\\\/\\\/exaudi.org\\\/es\\\/adolescentes-con-el-papa-francisco-los-preparativos-estan-en-marcha\\\/#primaryimage\"},\"thumbnailUrl\":\"https:\\\/\\\/exaudi.org\\\/wp-content\\\/uploads\\\/2022\\\/02\\\/locandina_page-0001-1-1155x770-1.jpeg\",\"keywords\":[\"J\u00f3venes\",\"papa francisco\",\"Trending\"],\"articleSection\":[\"J\u00f3venes\",\"Le\u00f3n XIV\"],\"inLanguage\":\"es\"},{\"@type\":\"WebPage\",\"@id\":\"https:\\\/\\\/exaudi.org\\\/es\\\/adolescentes-con-el-papa-francisco-los-preparativos-estan-en-marcha\\\/\",\"url\":\"https:\\\/\\\/exaudi.org\\\/es\\\/adolescentes-con-el-papa-francisco-los-preparativos-estan-en-marcha\\\/\",\"name\":\"Adolescentes con el Papa Francisco: Los preparativos est\u00e1n en marcha &#8211;\",\"isPartOf\":{\"@id\":\"https:\\\/\\\/exaudi.org\\\/#website\"},\"primaryImageOfPage\":{\"@id\":\"https:\\\/\\\/exaudi.org\\\/es\\\/adolescentes-con-el-papa-francisco-los-preparativos-estan-en-marcha\\\/#primaryimage\"},\"image\":{\"@id\":\"https:\\\/\\\/exaudi.org\\\/es\\\/adolescentes-con-el-papa-francisco-los-preparativos-estan-en-marcha\\\/#primaryimage\"},\"thumbnailUrl\":\"https:\\\/\\\/exaudi.org\\\/wp-content\\\/uploads\\\/2022\\\/02\\\/locandina_page-0001-1-1155x770-1.jpeg\",\"datePublished\":\"2022-02-01T08:52:20+00:00\",\"author\":{\"@id\":\"https:\\\/\\\/exaudi.org\\\/#\\\/schema\\\/person\\\/f5fc8f063065e38742da7afe15f25df7\"},\"description\":\"Adolescentes con el Papa Francisco: Los preparativos est\u00e1n en marcha para la peregrinaci\u00f3n de los adolescentes a Roma.\",\"breadcrumb\":{\"@id\":\"https:\\\/\\\/exaudi.org\\\/es\\\/adolescentes-con-el-papa-francisco-los-preparativos-estan-en-marcha\\\/#breadcrumb\"},\"inLanguage\":\"es\",\"potentialAction\":[{\"@type\":\"ReadAction\",\"target\":[\"https:\\\/\\\/exaudi.org\\\/es\\\/adolescentes-con-el-papa-francisco-los-preparativos-estan-en-marcha\\\/\"]}]},{\"@type\":\"ImageObject\",\"inLanguage\":\"es\",\"@id\":\"https:\\\/\\\/exaudi.org\\\/es\\\/adolescentes-con-el-papa-francisco-los-preparativos-estan-en-marcha\\\/#primaryimage\",\"url\":\"https:\\\/\\\/exaudi.org\\\/wp-content\\\/uploads\\\/2022\\\/02\\\/locandina_page-0001-1-1155x770-1.jpeg\",\"contentUrl\":\"https:\\\/\\\/exaudi.org\\\/wp-content\\\/uploads\\\/2022\\\/02\\\/locandina_page-0001-1-1155x770-1.jpeg\",\"width\":1155,\"height\":770,\"caption\":\"Cartel del evento\"},{\"@type\":\"BreadcrumbList\",\"@id\":\"https:\\\/\\\/exaudi.org\\\/es\\\/adolescentes-con-el-papa-francisco-los-preparativos-estan-en-marcha\\\/#breadcrumb\",\"itemListElement\":[{\"@type\":\"ListItem\",\"position\":1,\"name\":\"Portada\",\"item\":\"https:\\\/\\\/exaudi.org\\\/es\\\/\"},{\"@type\":\"ListItem\",\"position\":2,\"name\":\"Adolescentes con el Papa Francisco: Los preparativos est\u00e1n en marcha\"}]},{\"@type\":\"WebSite\",\"@id\":\"https:\\\/\\\/exaudi.org\\\/#website\",\"url\":\"https:\\\/\\\/exaudi.org\\\/\",\"name\":\"Exaudi\",\"description\":\"News\",\"potentialAction\":[{\"@type\":\"SearchAction\",\"target\":{\"@type\":\"EntryPoint\",\"urlTemplate\":\"https:\\\/\\\/exaudi.org\\\/?s={search_term_string}\"},\"query-input\":{\"@type\":\"PropertyValueSpecification\",\"valueRequired\":true,\"valueName\":\"search_term_string\"}}],\"inLanguage\":\"es\"},{\"@type\":\"Person\",\"@id\":\"https:\\\/\\\/exaudi.org\\\/#\\\/schema\\\/person\\\/f5fc8f063065e38742da7afe15f25df7\",\"name\":\"Exaudi Redacci\u00f3n\",\"image\":{\"@type\":\"ImageObject\",\"inLanguage\":\"es\",\"@id\":\"https:\\\/\\\/secure.gravatar.com\\\/avatar\\\/fe0f6a059fb68d9b3e11bc5850dd4899b1c7492091a3cb6dd9b01b56ad828be2?s=96&d=mm&r=g\",\"url\":\"https:\\\/\\\/secure.gravatar.com\\\/avatar\\\/fe0f6a059fb68d9b3e11bc5850dd4899b1c7492091a3cb6dd9b01b56ad828be2?s=96&d=mm&r=g\",\"contentUrl\":\"https:\\\/\\\/secure.gravatar.com\\\/avatar\\\/fe0f6a059fb68d9b3e11bc5850dd4899b1c7492091a3cb6dd9b01b56ad828be2?s=96&d=mm&r=g\",\"caption\":\"Exaudi Redacci\u00f3n\"},\"description\":\"\u00bfQu\u00e9 es Exaudi News? Exaudi News es un medio de comunicaci\u00f3n cat\u00f3lico internacional que informa, forma y transforma, diariamente en espa\u00f1ol, ingl\u00e9s e italiano. A trav\u00e9s de noticias, art\u00edculos de an\u00e1lisis y transmisiones en directo de los eventos del Papa, Exaudi busca fortalecer la unidad de los cristianos y contribuir a la evangelizaci\u00f3n del mundo, siempre guiados por la doctrina social de la Iglesia. Trabajamos para acercar la verdad y los valores cristianos a cada rinc\u00f3n del planeta. \u00a1Ay\u00fadanos a transformar el mundo con Exaudi! En Exaudi creemos que la evangelizaci\u00f3n y la informaci\u00f3n de calidad pueden cambiar vidas. Para continuar con nuestra misi\u00f3n y expandir nuestro alcance, necesitamos tu ayuda. Adem\u00e1s, buscamos personas comprometidas que deseen unirse a nuestro equipo. Con tu apoyo, lograremos llegar a m\u00e1s personas, difundir el mensaje de Cristo y reforzar la unidad de los cristianos. \u00bfTe unes a nuestra misi\u00f3n? Para m\u00e1s informaci\u00f3n sobre c\u00f3mo colaborar, visita Exaudi.org\\\/es o cont\u00e1ctanos directamente: info@exaudi.org Exaudi: Informa, forma y transforma.\",\"sameAs\":[\"https:\\\/\\\/www.facebook.com\\\/ExaudiNoticias\\\/\",\"https:\\\/\\\/www.instagram.com\\\/exaudi_noticias\\\/\",\"https:\\\/\\\/x.com\\\/Exaudi_noticias\",\"https:\\\/\\\/www.youtube.com\\\/@exaudicatholicnews\"],\"url\":\"https:\\\/\\\/exaudi.org\\\/es\\\/author\\\/redaccionexaudi\\\/\"}]}<\/script>\n<!-- \/ Yoast SEO plugin. -->","yoast_head_json":{"title":"Adolescentes con el Papa Francisco: Los preparativos est\u00e1n en marcha &#8211;","description":"Adolescentes con el Papa Francisco: Los preparativos est\u00e1n en marcha para la peregrinaci\u00f3n de los adolescentes a Roma.","robots":{"index":"index","follow":"follow","max-snippet":"max-snippet:-1","max-image-preview":"max-image-preview:large","max-video-preview":"max-video-preview:-1"},"canonical":"https:\/\/exaudi.org\/es\/adolescentes-con-el-papa-francisco-los-preparativos-estan-en-marcha\/","og_locale":"es_ES","og_type":"article","og_title":"Adolescentes con el Papa Francisco: Los preparativos est\u00e1n en marcha &#8211;","og_description":"Adolescentes con el Papa Francisco: Los preparativos est\u00e1n en marcha para la peregrinaci\u00f3n de los adolescentes a Roma.","og_url":"https:\/\/exaudi.org\/es\/adolescentes-con-el-papa-francisco-los-preparativos-estan-en-marcha\/","og_site_name":"Exaudi","article_publisher":"https:\/\/www.facebook.com\/ExaudiNews","article_author":"https:\/\/www.facebook.com\/ExaudiNoticias\/","article_published_time":"2022-02-01T08:52:20+00:00","og_image":[{"width":1155,"height":770,"url":"https:\/\/exaudi.org\/wp-content\/uploads\/2022\/02\/locandina_page-0001-1-1155x770-1.jpeg","type":"image\/jpeg"}],"author":"Exaudi Redacci\u00f3n","twitter_card":"summary_large_image","twitter_creator":"@Exaudi_noticias","twitter_site":"@Exaudi_News","twitter_misc":{"Escrito por":"Exaudi Redacci\u00f3n","Tiempo de lectura":"2 minutos"},"schema":{"@context":"https:\/\/schema.org","@graph":[{"@type":"Article","@id":"https:\/\/exaudi.org\/es\/adolescentes-con-el-papa-francisco-los-preparativos-estan-en-marcha\/#article","isPartOf":{"@id":"https:\/\/exaudi.org\/es\/adolescentes-con-el-papa-francisco-los-preparativos-estan-en-marcha\/"},"author":{"name":"Exaudi Redacci\u00f3n","@id":"https:\/\/exaudi.org\/#\/schema\/person\/f5fc8f063065e38742da7afe15f25df7"},"headline":"Adolescentes con el Papa Francisco: Los preparativos est\u00e1n en marcha","datePublished":"2022-02-01T08:52:20+00:00","mainEntityOfPage":{"@id":"https:\/\/exaudi.org\/es\/adolescentes-con-el-papa-francisco-los-preparativos-estan-en-marcha\/"},"wordCount":412,"image":{"@id":"https:\/\/exaudi.org\/es\/adolescentes-con-el-papa-francisco-los-preparativos-estan-en-marcha\/#primaryimage"},"thumbnailUrl":"https:\/\/exaudi.org\/wp-content\/uploads\/2022\/02\/locandina_page-0001-1-1155x770-1.jpeg","keywords":["J\u00f3venes","papa francisco","Trending"],"articleSection":["J\u00f3venes","Le\u00f3n XIV"],"inLanguage":"es"},{"@type":"WebPage","@id":"https:\/\/exaudi.org\/es\/adolescentes-con-el-papa-francisco-los-preparativos-estan-en-marcha\/","url":"https:\/\/exaudi.org\/es\/adolescentes-con-el-papa-francisco-los-preparativos-estan-en-marcha\/","name":"Adolescentes con el Papa Francisco: Los preparativos est\u00e1n en marcha &#8211;","isPartOf":{"@id":"https:\/\/exaudi.org\/#website"},"primaryImageOfPage":{"@id":"https:\/\/exaudi.org\/es\/adolescentes-con-el-papa-francisco-los-preparativos-estan-en-marcha\/#primaryimage"},"image":{"@id":"https:\/\/exaudi.org\/es\/adolescentes-con-el-papa-francisco-los-preparativos-estan-en-marcha\/#primaryimage"},"thumbnailUrl":"https:\/\/exaudi.org\/wp-content\/uploads\/2022\/02\/locandina_page-0001-1-1155x770-1.jpeg","datePublished":"2022-02-01T08:52:20+00:00","author":{"@id":"https:\/\/exaudi.org\/#\/schema\/person\/f5fc8f063065e38742da7afe15f25df7"},"description":"Adolescentes con el Papa Francisco: Los preparativos est\u00e1n en marcha para la peregrinaci\u00f3n de los adolescentes a Roma.","breadcrumb":{"@id":"https:\/\/exaudi.org\/es\/adolescentes-con-el-papa-francisco-los-preparativos-estan-en-marcha\/#breadcrumb"},"inLanguage":"es","potentialAction":[{"@type":"ReadAction","target":["https:\/\/exaudi.org\/es\/adolescentes-con-el-papa-francisco-los-preparativos-estan-en-marcha\/"]}]},{"@type":"ImageObject","inLanguage":"es","@id":"https:\/\/exaudi.org\/es\/adolescentes-con-el-papa-francisco-los-preparativos-estan-en-marcha\/#primaryimage","url":"https:\/\/exaudi.org\/wp-content\/uploads\/2022\/02\/locandina_page-0001-1-1155x770-1.jpeg","contentUrl":"https:\/\/exaudi.org\/wp-content\/uploads\/2022\/02\/locandina_page-0001-1-1155x770-1.jpeg","width":1155,"height":770,"caption":"Cartel del evento"},{"@type":"BreadcrumbList","@id":"https:\/\/exaudi.org\/es\/adolescentes-con-el-papa-francisco-los-preparativos-estan-en-marcha\/#breadcrumb","itemListElement":[{"@type":"ListItem","position":1,"name":"Portada","item":"https:\/\/exaudi.org\/es\/"},{"@type":"ListItem","position":2,"name":"Adolescentes con el Papa Francisco: Los preparativos est\u00e1n en marcha"}]},{"@type":"WebSite","@id":"https:\/\/exaudi.org\/#website","url":"https:\/\/exaudi.org\/","name":"Exaudi","description":"News","potentialAction":[{"@type":"SearchAction","target":{"@type":"EntryPoint","urlTemplate":"https:\/\/exaudi.org\/?s={search_term_string}"},"query-input":{"@type":"PropertyValueSpecification","valueRequired":true,"valueName":"search_term_string"}}],"inLanguage":"es"},{"@type":"Person","@id":"https:\/\/exaudi.org\/#\/schema\/person\/f5fc8f063065e38742da7afe15f25df7","name":"Exaudi Redacci\u00f3n","image":{"@type":"ImageObject","inLanguage":"es","@id":"https:\/\/secure.gravatar.com\/avatar\/fe0f6a059fb68d9b3e11bc5850dd4899b1c7492091a3cb6dd9b01b56ad828be2?s=96&d=mm&r=g","url":"https:\/\/secure.gravatar.com\/avatar\/fe0f6a059fb68d9b3e11bc5850dd4899b1c7492091a3cb6dd9b01b56ad828be2?s=96&d=mm&r=g","contentUrl":"https:\/\/secure.gravatar.com\/avatar\/fe0f6a059fb68d9b3e11bc5850dd4899b1c7492091a3cb6dd9b01b56ad828be2?s=96&d=mm&r=g","caption":"Exaudi Redacci\u00f3n"},"description":"\u00bfQu\u00e9 es Exaudi News? Exaudi News es un medio de comunicaci\u00f3n cat\u00f3lico internacional que informa, forma y transforma, diariamente en espa\u00f1ol, ingl\u00e9s e italiano. A trav\u00e9s de noticias, art\u00edculos de an\u00e1lisis y transmisiones en directo de los eventos del Papa, Exaudi busca fortalecer la unidad de los cristianos y contribuir a la evangelizaci\u00f3n del mundo, siempre guiados por la doctrina social de la Iglesia. Trabajamos para acercar la verdad y los valores cristianos a cada rinc\u00f3n del planeta. \u00a1Ay\u00fadanos a transformar el mundo con Exaudi! En Exaudi creemos que la evangelizaci\u00f3n y la informaci\u00f3n de calidad pueden cambiar vidas. Para continuar con nuestra misi\u00f3n y expandir nuestro alcance, necesitamos tu ayuda. Adem\u00e1s, buscamos personas comprometidas que deseen unirse a nuestro equipo. Con tu apoyo, lograremos llegar a m\u00e1s personas, difundir el mensaje de Cristo y reforzar la unidad de los cristianos. \u00bfTe unes a nuestra misi\u00f3n? Para m\u00e1s informaci\u00f3n sobre c\u00f3mo colaborar, visita Exaudi.org\/es o cont\u00e1ctanos directamente: info@exaudi.org Exaudi: Informa, forma y transforma.","sameAs":["https:\/\/www.facebook.com\/ExaudiNoticias\/","https:\/\/www.instagram.com\/exaudi_noticias\/","https:\/\/x.com\/Exaudi_noticias","https:\/\/www.youtube.com\/@exaudicatholicnews"],"url":"https:\/\/exaudi.org\/es\/author\/redaccionexaudi\/"}]}},"jetpack_featured_media_url":"https:\/\/exaudi.org\/wp-content\/uploads\/2022\/02\/locandina_page-0001-1-1155x770-1.jpeg","jetpack_shortlink":"https:\/\/wp.me\/pgKjF2-ddy","_links":{"self":[{"href":"https:\/\/exaudi.org\/es\/wp-json\/wp\/v2\/posts\/50812","targetHints":{"allow":["GET"]}}],"collection":[{"href":"https:\/\/exaudi.org\/es\/wp-json\/wp\/v2\/posts"}],"about":[{"href":"https:\/\/exaudi.org\/es\/wp-json\/wp\/v2\/types\/post"}],"author":[{"embeddable":true,"href":"https:\/\/exaudi.org\/es\/wp-json\/wp\/v2\/users\/15"}],"replies":[{"embeddable":true,"href":"https:\/\/exaudi.org\/es\/wp-json\/wp\/v2\/comments?post=50812"}],"version-history":[{"count":0,"href":"https:\/\/exaudi.org\/es\/wp-json\/wp\/v2\/posts\/50812\/revisions"}],"wp:featuredmedia":[{"embeddable":true,"href":"https:\/\/exaudi.org\/es\/wp-json\/wp\/v2\/media\/50814"}],"wp:attachment":[{"href":"https:\/\/exaudi.org\/es\/wp-json\/wp\/v2\/media?parent=50812"}],"wp:term":[{"taxonomy":"category","embeddable":true,"href":"https:\/\/exaudi.org\/es\/wp-json\/wp\/v2\/categories?post=50812"},{"taxonomy":"post_tag","embeddable":true,"href":"https:\/\/exaudi.org\/es\/wp-json\/wp\/v2\/tags?post=50812"}],"curies":[{"name":"wp","href":"https:\/\/api.w.org\/{rel}","templated":true}]}}