{"id":50745,"date":"2022-01-31T15:28:00","date_gmt":"2022-01-31T14:28:00","guid":{"rendered":"https:\/\/exaudi.org\/?p=50745"},"modified":"2022-01-31T15:43:45","modified_gmt":"2022-01-31T14:43:45","slug":"obispos-burkina-faso-autoridad-servicio-bien-comun","status":"publish","type":"post","link":"https:\/\/exaudi.org\/es\/obispos-burkina-faso-autoridad-servicio-bien-comun\/","title":{"rendered":"Obispos de Burkina Faso: La autoridad, \u201cservicio para el bien com\u00fan\u201d"},"content":{"rendered":"<p>Los obispos de <a href=\"https:\/\/exaudi.org\/es\/burkina-faso-horror-tras-masacre\/\" target=\"_blank\" rel=\"noopener\">Burkina Faso<\/a> recuerdan que \u201cla autoridad es un servicio para el bien com\u00fan\u201d despu\u00e9s de que en la noche del domingo 23 al lunes 24 de enero, un golpe de estado militar derrocara al gobierno civil. Este hecho ha sido condenado por la comunidad internacional y corre el riesgo de dejar a Burkina Faso en el aislamiento, incluso econ\u00f3mico.<\/p>\n<p>En un comunicado recibido por la <a href=\"http:\/\/www.fides.org\/es\" target=\"_blank\" rel=\"noopener\">Agencia Fides<\/a> se lee que \u201ctras la reuni\u00f3n, por iniciativa de las actuales autoridades de Burkina Faso, con varios l\u00edderes religiosos, el mi\u00e9rcoles 26 de enero de 2022, para explicar las razones que motivaron su acci\u00f3n el 24 de enero, los obispos de Burkina Faso tomamos nota de los cambios que se han producido\u201d.<\/p>\n<p>\u201cEstos cambios bruscos e inconstitucionales no est\u00e1n exentos de problemas\u201d, indican los prelados. \u201cSi el reto de la seguridad es la primera motivaci\u00f3n de estos acontecimientos, tambi\u00e9n hay que abordar otros, como el retorno de los desplazados a sus hogares, la reconciliaci\u00f3n nacional, los retos econ\u00f3micos y muchos otros que requieren la participaci\u00f3n de todos\u201d.<\/p>\n<p>De acuerdo a Fides, los militares que han tomado el poder culpan al gobierno civil de no tener una estrategia adecuada para luchar contra el terrorismo yihadista que lleva a\u00f1os haciendo estragos en zonas cada vez m\u00e1s amplias del pa\u00eds, y de no haber dotado a las fuerzas de seguridad de los medios adecuados para hacer frente a este desaf\u00edo.<\/p>\n<p>Por otro lado, como recuerdan los obispos, la inseguridad ha obligado a cerca de 1 mill\u00f3n y medio de personas a desplazarse internamente, mientras que la econom\u00eda nacional se ve gravemente afectada por la violencia y la crisis pand\u00e9mica.<\/p>\n<p>Los obispos remarcan que \u201cla autoridad es un servicio para el bien com\u00fan\u201d y que, por tanto, \u201clas nuevas autoridades deben ocuparse de la organizaci\u00f3n adecuada para satisfacer las profundas aspiraciones de nuestro pueblo. Les instamos a que garanticen a los detenidos su seguridad, integridad f\u00edsica y dignidad\u201d.<\/p>\n<p>\u201cAnte la novedad de la situaci\u00f3n nacional y los leg\u00edtimos interrogantes rec\u00edprocos, no podemos sino invitar insistentemente a la oraci\u00f3n para pedir a Dios que nos ilumine y nos d\u00e9 su Esp\u00edritu de sabidur\u00eda, para que podamos avanzar hacia una salida definitiva de la crisis y una paz duradera\u201d, exponen los obispos.<\/p>\n<p>Finalmente, pide a la \u201cSant\u00edsima Virgen Mar\u00eda, Reina de la Paz, y a san Jos\u00e9, protector de la Iglesia Universal, que acompa\u00f1en a nuestro pa\u00eds con su poderosa intercesi\u00f3n en la b\u00fasqueda de la reconciliaci\u00f3n, la justicia y la paz verdadera\u201d.<\/p>\n","protected":false},"excerpt":{"rendered":"<p>Comunicado tras golpe de Estado militar que derroc\u00f3 al gobierno civil<\/p>\n","protected":false},"author":5,"featured_media":50759,"comment_status":"closed","ping_status":"closed","sticky":false,"template":"","format":"standard","meta":{"_acf_changed":false,"_crdt_document":"","inline_featured_image":false,"footnotes":""},"categories":[86],"tags":[2906,2560],"class_list":["post-50745","post","type-post","status-publish","format-standard","has-post-thumbnail","hentry","category-iglesia-local","tag-burkina-faso-es","tag-golpe-de-estado"],"acf":[],"yoast_head":"<!-- This site is optimized with the Yoast SEO plugin v27.5 - https:\/\/yoast.com\/product\/yoast-seo-wordpress\/ -->\n<title>Obispos de Burkina Faso: La autoridad, \u201cservicio para el bien com\u00fan\u201d &#8211; Exaudi<\/title>\n<meta name=\"description\" content=\"Burkina Faso: Obispos recuerdan que \u201cla autoridad es un servicio para el bien com\u00fan\u201d despu\u00e9s de golpe de estado militar\" \/>\n<meta name=\"robots\" content=\"index, follow, max-snippet:-1, max-image-preview:large, max-video-preview:-1\" \/>\n<link rel=\"canonical\" href=\"https:\/\/exaudi.org\/es\/obispos-burkina-faso-autoridad-servicio-bien-comun\/\" \/>\n<meta property=\"og:locale\" content=\"es_ES\" \/>\n<meta property=\"og:type\" content=\"article\" \/>\n<meta property=\"og:title\" content=\"Obispos de Burkina Faso: La autoridad, \u201cservicio para el bien com\u00fan\u201d &#8211; Exaudi\" \/>\n<meta property=\"og:description\" content=\"Burkina Faso: Obispos recuerdan que \u201cla autoridad es un servicio para el bien com\u00fan\u201d despu\u00e9s de golpe de estado militar\" \/>\n<meta property=\"og:url\" content=\"https:\/\/exaudi.org\/es\/obispos-burkina-faso-autoridad-servicio-bien-comun\/\" \/>\n<meta property=\"og:site_name\" content=\"Exaudi\" \/>\n<meta property=\"article:publisher\" content=\"https:\/\/www.facebook.com\/ExaudiNews\" \/>\n<meta property=\"article:published_time\" content=\"2022-01-31T14:28:00+00:00\" \/>\n<meta property=\"article:modified_time\" content=\"2022-01-31T14:43:45+00:00\" \/>\n<meta property=\"og:image\" content=\"https:\/\/exaudi.org\/wp-content\/uploads\/2022\/01\/Obispos-de-la-Conferencia-Episcopal-de-Burkina-y-Niger.jpeg\" \/>\n\t<meta property=\"og:image:width\" content=\"1280\" \/>\n\t<meta property=\"og:image:height\" content=\"720\" \/>\n\t<meta property=\"og:image:type\" content=\"image\/jpeg\" \/>\n<meta name=\"author\" content=\"Larissa I. L\u00f3pez\" \/>\n<meta name=\"twitter:card\" content=\"summary_large_image\" \/>\n<meta name=\"twitter:creator\" content=\"@Exaudi_News\" \/>\n<meta name=\"twitter:site\" content=\"@Exaudi_News\" \/>\n<meta name=\"twitter:label1\" content=\"Escrito por\" \/>\n\t<meta name=\"twitter:data1\" content=\"Larissa I. L\u00f3pez\" \/>\n\t<meta name=\"twitter:label2\" content=\"Tiempo de lectura\" \/>\n\t<meta name=\"twitter:data2\" content=\"2 minutos\" \/>\n<script type=\"application\/ld+json\" class=\"yoast-schema-graph\">{\"@context\":\"https:\\\/\\\/schema.org\",\"@graph\":[{\"@type\":\"Article\",\"@id\":\"https:\\\/\\\/exaudi.org\\\/es\\\/obispos-burkina-faso-autoridad-servicio-bien-comun\\\/#article\",\"isPartOf\":{\"@id\":\"https:\\\/\\\/exaudi.org\\\/es\\\/obispos-burkina-faso-autoridad-servicio-bien-comun\\\/\"},\"author\":{\"name\":\"Larissa I. L\u00f3pez\",\"@id\":\"https:\\\/\\\/exaudi.org\\\/#\\\/schema\\\/person\\\/7d2f77db033c2c0929edfab6dbe8c588\"},\"headline\":\"Obispos de Burkina Faso: La autoridad, \u201cservicio para el bien com\u00fan\u201d\",\"datePublished\":\"2022-01-31T14:28:00+00:00\",\"dateModified\":\"2022-01-31T14:43:45+00:00\",\"mainEntityOfPage\":{\"@id\":\"https:\\\/\\\/exaudi.org\\\/es\\\/obispos-burkina-faso-autoridad-servicio-bien-comun\\\/\"},\"wordCount\":459,\"image\":{\"@id\":\"https:\\\/\\\/exaudi.org\\\/es\\\/obispos-burkina-faso-autoridad-servicio-bien-comun\\\/#primaryimage\"},\"thumbnailUrl\":\"https:\\\/\\\/exaudi.org\\\/wp-content\\\/uploads\\\/2022\\\/01\\\/Obispos-de-la-Conferencia-Episcopal-de-Burkina-y-Niger.jpeg\",\"keywords\":[\"burkina faso\",\"Golpe de Estado\"],\"articleSection\":[\"Iglesia Local\"],\"inLanguage\":\"es\"},{\"@type\":\"WebPage\",\"@id\":\"https:\\\/\\\/exaudi.org\\\/es\\\/obispos-burkina-faso-autoridad-servicio-bien-comun\\\/\",\"url\":\"https:\\\/\\\/exaudi.org\\\/es\\\/obispos-burkina-faso-autoridad-servicio-bien-comun\\\/\",\"name\":\"Obispos de Burkina Faso: La autoridad, \u201cservicio para el bien com\u00fan\u201d &#8211; Exaudi\",\"isPartOf\":{\"@id\":\"https:\\\/\\\/exaudi.org\\\/#website\"},\"primaryImageOfPage\":{\"@id\":\"https:\\\/\\\/exaudi.org\\\/es\\\/obispos-burkina-faso-autoridad-servicio-bien-comun\\\/#primaryimage\"},\"image\":{\"@id\":\"https:\\\/\\\/exaudi.org\\\/es\\\/obispos-burkina-faso-autoridad-servicio-bien-comun\\\/#primaryimage\"},\"thumbnailUrl\":\"https:\\\/\\\/exaudi.org\\\/wp-content\\\/uploads\\\/2022\\\/01\\\/Obispos-de-la-Conferencia-Episcopal-de-Burkina-y-Niger.jpeg\",\"datePublished\":\"2022-01-31T14:28:00+00:00\",\"dateModified\":\"2022-01-31T14:43:45+00:00\",\"author\":{\"@id\":\"https:\\\/\\\/exaudi.org\\\/#\\\/schema\\\/person\\\/7d2f77db033c2c0929edfab6dbe8c588\"},\"description\":\"Burkina Faso: Obispos recuerdan que \u201cla autoridad es un servicio para el bien com\u00fan\u201d despu\u00e9s de golpe de estado militar\",\"breadcrumb\":{\"@id\":\"https:\\\/\\\/exaudi.org\\\/es\\\/obispos-burkina-faso-autoridad-servicio-bien-comun\\\/#breadcrumb\"},\"inLanguage\":\"es\",\"potentialAction\":[{\"@type\":\"ReadAction\",\"target\":[\"https:\\\/\\\/exaudi.org\\\/es\\\/obispos-burkina-faso-autoridad-servicio-bien-comun\\\/\"]}]},{\"@type\":\"ImageObject\",\"inLanguage\":\"es\",\"@id\":\"https:\\\/\\\/exaudi.org\\\/es\\\/obispos-burkina-faso-autoridad-servicio-bien-comun\\\/#primaryimage\",\"url\":\"https:\\\/\\\/exaudi.org\\\/wp-content\\\/uploads\\\/2022\\\/01\\\/Obispos-de-la-Conferencia-Episcopal-de-Burkina-y-Niger.jpeg\",\"contentUrl\":\"https:\\\/\\\/exaudi.org\\\/wp-content\\\/uploads\\\/2022\\\/01\\\/Obispos-de-la-Conferencia-Episcopal-de-Burkina-y-Niger.jpeg\",\"width\":1280,\"height\":720,\"caption\":\"Obispos de la Conferencia Episcopal de Burkina y N\u00edger \u00a9 www.egliseduburkina.org\"},{\"@type\":\"BreadcrumbList\",\"@id\":\"https:\\\/\\\/exaudi.org\\\/es\\\/obispos-burkina-faso-autoridad-servicio-bien-comun\\\/#breadcrumb\",\"itemListElement\":[{\"@type\":\"ListItem\",\"position\":1,\"name\":\"Portada\",\"item\":\"https:\\\/\\\/exaudi.org\\\/es\\\/\"},{\"@type\":\"ListItem\",\"position\":2,\"name\":\"Obispos de Burkina Faso: La autoridad, \u201cservicio para el bien com\u00fan\u201d\"}]},{\"@type\":\"WebSite\",\"@id\":\"https:\\\/\\\/exaudi.org\\\/#website\",\"url\":\"https:\\\/\\\/exaudi.org\\\/\",\"name\":\"Exaudi\",\"description\":\"News\",\"potentialAction\":[{\"@type\":\"SearchAction\",\"target\":{\"@type\":\"EntryPoint\",\"urlTemplate\":\"https:\\\/\\\/exaudi.org\\\/?s={search_term_string}\"},\"query-input\":{\"@type\":\"PropertyValueSpecification\",\"valueRequired\":true,\"valueName\":\"search_term_string\"}}],\"inLanguage\":\"es\"},{\"@type\":\"Person\",\"@id\":\"https:\\\/\\\/exaudi.org\\\/#\\\/schema\\\/person\\\/7d2f77db033c2c0929edfab6dbe8c588\",\"name\":\"Larissa I. L\u00f3pez\",\"image\":{\"@type\":\"ImageObject\",\"inLanguage\":\"es\",\"@id\":\"https:\\\/\\\/secure.gravatar.com\\\/avatar\\\/db3ef399ff343d0bb9d25dc5198bc8ece5ac6d621eca79876697a354dabc1e3f?s=96&d=mm&r=g\",\"url\":\"https:\\\/\\\/secure.gravatar.com\\\/avatar\\\/db3ef399ff343d0bb9d25dc5198bc8ece5ac6d621eca79876697a354dabc1e3f?s=96&d=mm&r=g\",\"contentUrl\":\"https:\\\/\\\/secure.gravatar.com\\\/avatar\\\/db3ef399ff343d0bb9d25dc5198bc8ece5ac6d621eca79876697a354dabc1e3f?s=96&d=mm&r=g\",\"caption\":\"Larissa I. L\u00f3pez\"},\"description\":\"Doctora en Comunicaci\u00f3n. Mi trayectoria profesional ha transcurrido entre el \u00e1mbito de la comunicaci\u00f3n y el de la docencia. En los \u00faltimos a\u00f1os, he trabajado como coordinadora y redactora de la edici\u00f3n de ZENIT en espa\u00f1ol. Como profesora, he impartido clases en la universidad y en centros de FP y bachillerato. Cordobesa de nacimiento, tambi\u00e9n he vivido en Sevilla, Madrid y Roma\",\"url\":\"https:\\\/\\\/exaudi.org\\\/es\\\/author\\\/llopezexaudi-org\\\/\"}]}<\/script>\n<!-- \/ Yoast SEO plugin. -->","yoast_head_json":{"title":"Obispos de Burkina Faso: La autoridad, \u201cservicio para el bien com\u00fan\u201d &#8211; Exaudi","description":"Burkina Faso: Obispos recuerdan que \u201cla autoridad es un servicio para el bien com\u00fan\u201d despu\u00e9s de golpe de estado militar","robots":{"index":"index","follow":"follow","max-snippet":"max-snippet:-1","max-image-preview":"max-image-preview:large","max-video-preview":"max-video-preview:-1"},"canonical":"https:\/\/exaudi.org\/es\/obispos-burkina-faso-autoridad-servicio-bien-comun\/","og_locale":"es_ES","og_type":"article","og_title":"Obispos de Burkina Faso: La autoridad, \u201cservicio para el bien com\u00fan\u201d &#8211; Exaudi","og_description":"Burkina Faso: Obispos recuerdan que \u201cla autoridad es un servicio para el bien com\u00fan\u201d despu\u00e9s de golpe de estado militar","og_url":"https:\/\/exaudi.org\/es\/obispos-burkina-faso-autoridad-servicio-bien-comun\/","og_site_name":"Exaudi","article_publisher":"https:\/\/www.facebook.com\/ExaudiNews","article_published_time":"2022-01-31T14:28:00+00:00","article_modified_time":"2022-01-31T14:43:45+00:00","og_image":[{"width":1280,"height":720,"url":"https:\/\/exaudi.org\/wp-content\/uploads\/2022\/01\/Obispos-de-la-Conferencia-Episcopal-de-Burkina-y-Niger.jpeg","type":"image\/jpeg"}],"author":"Larissa I. L\u00f3pez","twitter_card":"summary_large_image","twitter_creator":"@Exaudi_News","twitter_site":"@Exaudi_News","twitter_misc":{"Escrito por":"Larissa I. L\u00f3pez","Tiempo de lectura":"2 minutos"},"schema":{"@context":"https:\/\/schema.org","@graph":[{"@type":"Article","@id":"https:\/\/exaudi.org\/es\/obispos-burkina-faso-autoridad-servicio-bien-comun\/#article","isPartOf":{"@id":"https:\/\/exaudi.org\/es\/obispos-burkina-faso-autoridad-servicio-bien-comun\/"},"author":{"name":"Larissa I. L\u00f3pez","@id":"https:\/\/exaudi.org\/#\/schema\/person\/7d2f77db033c2c0929edfab6dbe8c588"},"headline":"Obispos de Burkina Faso: La autoridad, \u201cservicio para el bien com\u00fan\u201d","datePublished":"2022-01-31T14:28:00+00:00","dateModified":"2022-01-31T14:43:45+00:00","mainEntityOfPage":{"@id":"https:\/\/exaudi.org\/es\/obispos-burkina-faso-autoridad-servicio-bien-comun\/"},"wordCount":459,"image":{"@id":"https:\/\/exaudi.org\/es\/obispos-burkina-faso-autoridad-servicio-bien-comun\/#primaryimage"},"thumbnailUrl":"https:\/\/exaudi.org\/wp-content\/uploads\/2022\/01\/Obispos-de-la-Conferencia-Episcopal-de-Burkina-y-Niger.jpeg","keywords":["burkina faso","Golpe de Estado"],"articleSection":["Iglesia Local"],"inLanguage":"es"},{"@type":"WebPage","@id":"https:\/\/exaudi.org\/es\/obispos-burkina-faso-autoridad-servicio-bien-comun\/","url":"https:\/\/exaudi.org\/es\/obispos-burkina-faso-autoridad-servicio-bien-comun\/","name":"Obispos de Burkina Faso: La autoridad, \u201cservicio para el bien com\u00fan\u201d &#8211; Exaudi","isPartOf":{"@id":"https:\/\/exaudi.org\/#website"},"primaryImageOfPage":{"@id":"https:\/\/exaudi.org\/es\/obispos-burkina-faso-autoridad-servicio-bien-comun\/#primaryimage"},"image":{"@id":"https:\/\/exaudi.org\/es\/obispos-burkina-faso-autoridad-servicio-bien-comun\/#primaryimage"},"thumbnailUrl":"https:\/\/exaudi.org\/wp-content\/uploads\/2022\/01\/Obispos-de-la-Conferencia-Episcopal-de-Burkina-y-Niger.jpeg","datePublished":"2022-01-31T14:28:00+00:00","dateModified":"2022-01-31T14:43:45+00:00","author":{"@id":"https:\/\/exaudi.org\/#\/schema\/person\/7d2f77db033c2c0929edfab6dbe8c588"},"description":"Burkina Faso: Obispos recuerdan que \u201cla autoridad es un servicio para el bien com\u00fan\u201d despu\u00e9s de golpe de estado militar","breadcrumb":{"@id":"https:\/\/exaudi.org\/es\/obispos-burkina-faso-autoridad-servicio-bien-comun\/#breadcrumb"},"inLanguage":"es","potentialAction":[{"@type":"ReadAction","target":["https:\/\/exaudi.org\/es\/obispos-burkina-faso-autoridad-servicio-bien-comun\/"]}]},{"@type":"ImageObject","inLanguage":"es","@id":"https:\/\/exaudi.org\/es\/obispos-burkina-faso-autoridad-servicio-bien-comun\/#primaryimage","url":"https:\/\/exaudi.org\/wp-content\/uploads\/2022\/01\/Obispos-de-la-Conferencia-Episcopal-de-Burkina-y-Niger.jpeg","contentUrl":"https:\/\/exaudi.org\/wp-content\/uploads\/2022\/01\/Obispos-de-la-Conferencia-Episcopal-de-Burkina-y-Niger.jpeg","width":1280,"height":720,"caption":"Obispos de la Conferencia Episcopal de Burkina y N\u00edger \u00a9 www.egliseduburkina.org"},{"@type":"BreadcrumbList","@id":"https:\/\/exaudi.org\/es\/obispos-burkina-faso-autoridad-servicio-bien-comun\/#breadcrumb","itemListElement":[{"@type":"ListItem","position":1,"name":"Portada","item":"https:\/\/exaudi.org\/es\/"},{"@type":"ListItem","position":2,"name":"Obispos de Burkina Faso: La autoridad, \u201cservicio para el bien com\u00fan\u201d"}]},{"@type":"WebSite","@id":"https:\/\/exaudi.org\/#website","url":"https:\/\/exaudi.org\/","name":"Exaudi","description":"News","potentialAction":[{"@type":"SearchAction","target":{"@type":"EntryPoint","urlTemplate":"https:\/\/exaudi.org\/?s={search_term_string}"},"query-input":{"@type":"PropertyValueSpecification","valueRequired":true,"valueName":"search_term_string"}}],"inLanguage":"es"},{"@type":"Person","@id":"https:\/\/exaudi.org\/#\/schema\/person\/7d2f77db033c2c0929edfab6dbe8c588","name":"Larissa I. L\u00f3pez","image":{"@type":"ImageObject","inLanguage":"es","@id":"https:\/\/secure.gravatar.com\/avatar\/db3ef399ff343d0bb9d25dc5198bc8ece5ac6d621eca79876697a354dabc1e3f?s=96&d=mm&r=g","url":"https:\/\/secure.gravatar.com\/avatar\/db3ef399ff343d0bb9d25dc5198bc8ece5ac6d621eca79876697a354dabc1e3f?s=96&d=mm&r=g","contentUrl":"https:\/\/secure.gravatar.com\/avatar\/db3ef399ff343d0bb9d25dc5198bc8ece5ac6d621eca79876697a354dabc1e3f?s=96&d=mm&r=g","caption":"Larissa I. L\u00f3pez"},"description":"Doctora en Comunicaci\u00f3n. Mi trayectoria profesional ha transcurrido entre el \u00e1mbito de la comunicaci\u00f3n y el de la docencia. En los \u00faltimos a\u00f1os, he trabajado como coordinadora y redactora de la edici\u00f3n de ZENIT en espa\u00f1ol. Como profesora, he impartido clases en la universidad y en centros de FP y bachillerato. Cordobesa de nacimiento, tambi\u00e9n he vivido en Sevilla, Madrid y Roma","url":"https:\/\/exaudi.org\/es\/author\/llopezexaudi-org\/"}]}},"jetpack_featured_media_url":"https:\/\/exaudi.org\/wp-content\/uploads\/2022\/01\/Obispos-de-la-Conferencia-Episcopal-de-Burkina-y-Niger.jpeg","jetpack_shortlink":"https:\/\/wp.me\/pgKjF2-dct","_links":{"self":[{"href":"https:\/\/exaudi.org\/es\/wp-json\/wp\/v2\/posts\/50745","targetHints":{"allow":["GET"]}}],"collection":[{"href":"https:\/\/exaudi.org\/es\/wp-json\/wp\/v2\/posts"}],"about":[{"href":"https:\/\/exaudi.org\/es\/wp-json\/wp\/v2\/types\/post"}],"author":[{"embeddable":true,"href":"https:\/\/exaudi.org\/es\/wp-json\/wp\/v2\/users\/5"}],"replies":[{"embeddable":true,"href":"https:\/\/exaudi.org\/es\/wp-json\/wp\/v2\/comments?post=50745"}],"version-history":[{"count":0,"href":"https:\/\/exaudi.org\/es\/wp-json\/wp\/v2\/posts\/50745\/revisions"}],"wp:featuredmedia":[{"embeddable":true,"href":"https:\/\/exaudi.org\/es\/wp-json\/wp\/v2\/media\/50759"}],"wp:attachment":[{"href":"https:\/\/exaudi.org\/es\/wp-json\/wp\/v2\/media?parent=50745"}],"wp:term":[{"taxonomy":"category","embeddable":true,"href":"https:\/\/exaudi.org\/es\/wp-json\/wp\/v2\/categories?post=50745"},{"taxonomy":"post_tag","embeddable":true,"href":"https:\/\/exaudi.org\/es\/wp-json\/wp\/v2\/tags?post=50745"}],"curies":[{"name":"wp","href":"https:\/\/api.w.org\/{rel}","templated":true}]}}