{"id":50705,"date":"2022-01-31T12:18:26","date_gmt":"2022-01-31T11:18:26","guid":{"rendered":"https:\/\/exaudi.org\/?p=50705"},"modified":"2022-01-31T14:13:48","modified_gmt":"2022-01-31T13:13:48","slug":"religiosa-ucrania-vivir-situaciones-en-paz","status":"publish","type":"post","link":"https:\/\/exaudi.org\/es\/religiosa-ucrania-vivir-situaciones-en-paz\/","title":{"rendered":"Religiosa en Ucrania: \u201cVivir las situaciones que nos toquen en paz\u201d"},"content":{"rendered":"<p>\u201cHay que vivir las situaciones que nos toquen en paz y no vivirlas antes de tiempo, aqu\u00ed seguiremos siempre al servicio de los m\u00e1s necesitados\u201d, ha dicho la religiosa dominica Mar\u00eda Mayo desde Ucrania en un mensaje donde ha enviado agradecimiento y tranquilidad.<\/p>\n<p>Frente a la\u00a0escalada de tensi\u00f3n que se vive en Ucrania\u00a0por la posible invasi\u00f3n de Rusia,\u00a0el Papa Francisco ha convocado una jornada de oraci\u00f3n por la paz para el pasado 26 de enero.\u00a0Desde Ucrania, la\u00a0religiosa dominica Mar\u00eda Mayo, en declaraciones al programa \u201cPerseguidos pero no olvidados\u201d de Radio Mar\u00eda y la fundaci\u00f3n pontificia\u00a0<a href=\"https:\/\/www.ayudaalaiglesianecesitada.org\/\" target=\"_blank\" rel=\"noopener\">Ayuda a la Iglesia Necesitada\u00a0<\/a>(ACN), ha mandado un mensaje de agradecimiento y tranquilidad:\u00a0\u201cMuchas gracias por las oraciones, son muy necesarias. Pero aqu\u00ed vivimos con normalidad, llevamos 8 a\u00f1os de guerra en el este del pa\u00eds y vivimos con tranquilidad este momento de tensi\u00f3n\u201d.<\/p>\n<p>Mayo habla desde Kiev, capital de Ucrania, donde una comunidad de dominicas atienden la\u00a0Casa de los Ni\u00f1os de Dim Ditey, para ni\u00f1os pobres. La religiosa lleva 10 a\u00f1os viviendo en este pa\u00eds de Europa del Este aunque antes ha vivido en otros pa\u00edses de \u00c1frica, donde tambi\u00e9n han tenido lugar otras guerras. \u201cRecuerdo que en aquel entonces las madres catequistas de la misi\u00f3n nos daban las gracias por seguir con ellos pese a la guerra.\u00a0Ahora est\u00e1 claro que no queremos irnos. Cuando llegue ese momento habr\u00e1 que volver a discernir si ponemos a los dem\u00e1s en riesgo por hacerlo.\u00a0Pero cuando lleguemos a ese puente ya cruzaremos ese r\u00edo\u201d, reconoce la religiosa.<\/p>\n<h2>Ucrania, un pa\u00eds de mayor\u00eda cristiana<\/h2>\n<p>Ucrania es un pa\u00eds de mayor\u00eda cristiana, donde\u00a0los ortodoxos suponen m\u00e1s del 70% de la poblaci\u00f3n,\u00a0seg\u00fan datos del<a href=\"https:\/\/acninternational.org\/religiousfreedomreport\/es\/reports\/ua\/\">\u00a0Informe Libertad Religiosa en el Mundo 2021<\/a>\u00a0de ACN.\u00a0Los cat\u00f3licos son solo un 10%, unos 5 millones de personas, en su mayor\u00eda son de rito bizantino\u00a0aunque tambi\u00e9n hay un peque\u00f1o grupo de cat\u00f3licos de rito latino, unos 500.000. ACN lleva ayudando a la Iglesia en Ucrania desde hace m\u00e1s de 40 a\u00f1os, antes de la ca\u00edda del comunismo.\u00a0Ha sido el segundo pa\u00eds m\u00e1s ayudado por esta fundaci\u00f3n pontificia en 2020. La ayuda es principalmente para la formaci\u00f3n del clero y la reconstrucci\u00f3n de iglesias, monasterios, seminarios y casas parroquiales, muchos de ellos fueron confiscados o destruidos durante el control sovi\u00e9tico.<\/p>\n<h2>Asistencia de Ayuda a la Iglesia Necesitada<\/h2>\n<p>La Casa de Dim Ditey\u00a0ha recibido tambi\u00e9n apoyo de ACN para la reparaci\u00f3n del tejado y m\u00e1s recientemente para la atenci\u00f3n sanitaria\u00a0de los ni\u00f1os frente al Covid-19. Mar\u00eda Mayo agradece este apoyo y resalta\u00a0\u201dsobre todo agradecemos vuestra presencia constante, no solo ahora frente a este conflicto, sino siempre dando visibilidad a Ucrania, un pa\u00eds que ha sufrido mucho en el pasado comunista pero que sigue sufriendo\u201d.<\/p>\n<p>Magda Kaczmarek, responsable de proyectos de ACN en Ucrania ve con positividad la llamada del Papa a <a href=\"https:\/\/exaudi.org\/es\/el-papa-ucrania-pueblo-sufriente-paz\/\" target=\"_blank\" rel=\"noopener\">rezar de nuevo por Ucrania<\/a>:\u00a0\u201cQueremos seguir tambi\u00e9n la llamada de los obispos ucranianos. Nuestros hermanos y hermanas siempre rezan por nosotros y ahora necesitan que les devolvamos este gran regalo\u201d. La guerra en el este de Ucrania entre el ej\u00e9rcito y los separatistas prorrusos del Donb\u00e1s ha dejado ya m\u00e1s de 10.000 muertos y 1,6 millones de desplazados.<\/p>\n<h2>Vivir en paz al servicio de los necesitados<\/h2>\n<p>Mar\u00eda Mayo concluye desde Kiev, \u201cquiero recordar lo que nos dice Jes\u00fas, \u201ccada d\u00eda tiene su af\u00e1n\u201d, hay que vivir el hoy con tranquilidad. Nuestra fundadora tambi\u00e9n nos dec\u00eda que \u201chay que vivir con calma y cada uno es necesario en el sitio y el momento en el que se encuentra\u201d.\u00a0Jes\u00fas siempre dice \u201cno teng\u00e1is miedo yo estoy con vosotros para siempre\u201d y cuando da la paz a sus ap\u00f3stoles la da mostrando sus heridas.\u00a0Yo creo que esto mismo en estas situaciones de conflicto es muy importante.\u00a0Hay que vivir las situaciones que nos toquen en paz y no vivirlas antes de tiempo, aqu\u00ed seguiremos siempre al servicio de los m\u00e1s necesitados\u201d.<\/p>\n","protected":false},"excerpt":{"rendered":"<p>La dominica Mar\u00eda Mayo ha mandado un mensaje de agradecimiento y tranquilidad<\/p>\n","protected":false},"author":89,"featured_media":50727,"comment_status":"closed","ping_status":"closed","sticky":false,"template":"","format":"standard","meta":{"_acf_changed":false,"_crdt_document":"","inline_featured_image":false,"footnotes":""},"categories":[86],"tags":[324,1235],"class_list":["post-50705","post","type-post","status-publish","format-standard","has-post-thumbnail","hentry","category-iglesia-local","tag-ayuda-a-la-iglesia-necesitada","tag-ucrania"],"acf":[],"yoast_head":"<!-- This site is optimized with the Yoast SEO plugin v27.4 - https:\/\/yoast.com\/product\/yoast-seo-wordpress\/ -->\n<title>Religiosa en Ucrania: \u201cVivir las situaciones que nos toquen en paz\u201d &#8211; Exaudi<\/title>\n<meta name=\"description\" content=\"Religiosa desde Ucrania: \u201cHay que vivir las situaciones que nos toquen en paz\u201d. Mar\u00eda Mayo ha mandado un mensaje de agradecimiento.\" \/>\n<meta name=\"robots\" content=\"index, follow, max-snippet:-1, max-image-preview:large, max-video-preview:-1\" \/>\n<link rel=\"canonical\" href=\"https:\/\/exaudi.org\/es\/religiosa-ucrania-vivir-situaciones-en-paz\/\" \/>\n<meta property=\"og:locale\" content=\"es_ES\" \/>\n<meta property=\"og:type\" content=\"article\" \/>\n<meta property=\"og:title\" content=\"Religiosa en Ucrania: \u201cVivir las situaciones que nos toquen en paz\u201d &#8211; Exaudi\" \/>\n<meta property=\"og:description\" content=\"Religiosa desde Ucrania: \u201cHay que vivir las situaciones que nos toquen en paz\u201d. Mar\u00eda Mayo ha mandado un mensaje de agradecimiento.\" \/>\n<meta property=\"og:url\" content=\"https:\/\/exaudi.org\/es\/religiosa-ucrania-vivir-situaciones-en-paz\/\" \/>\n<meta property=\"og:site_name\" content=\"Exaudi\" \/>\n<meta property=\"article:publisher\" content=\"https:\/\/www.facebook.com\/ExaudiNews\" \/>\n<meta property=\"article:author\" content=\"https:\/\/www.facebook.com\/ayudaalaiglesianecesitada\/?ref=ts\" \/>\n<meta property=\"article:published_time\" content=\"2022-01-31T11:18:26+00:00\" \/>\n<meta property=\"article:modified_time\" content=\"2022-01-31T13:13:48+00:00\" \/>\n<meta property=\"og:image\" content=\"https:\/\/exaudi.org\/wp-content\/uploads\/2022\/01\/Comunidad-de-dominicas-con-los-ninos-la-hermana-Maria-es-la-de-la-derecha-con-jersey-oscuro-745x475-1.jpg\" \/>\n\t<meta property=\"og:image:width\" content=\"745\" \/>\n\t<meta property=\"og:image:height\" content=\"475\" \/>\n\t<meta property=\"og:image:type\" content=\"image\/jpeg\" \/>\n<meta name=\"author\" content=\"Ayuda a la Iglesia Necesitada\" \/>\n<meta name=\"twitter:card\" content=\"summary_large_image\" \/>\n<meta name=\"twitter:creator\" content=\"@https:\/\/x.com\/AyudaIglesNeces\" \/>\n<meta name=\"twitter:site\" content=\"@Exaudi_News\" \/>\n<meta name=\"twitter:label1\" content=\"Escrito por\" \/>\n\t<meta name=\"twitter:data1\" content=\"Ayuda a la Iglesia Necesitada\" \/>\n\t<meta name=\"twitter:label2\" content=\"Tiempo de lectura\" \/>\n\t<meta name=\"twitter:data2\" content=\"4 minutos\" \/>\n<script type=\"application\/ld+json\" class=\"yoast-schema-graph\">{\"@context\":\"https:\\\/\\\/schema.org\",\"@graph\":[{\"@type\":\"Article\",\"@id\":\"https:\\\/\\\/exaudi.org\\\/es\\\/religiosa-ucrania-vivir-situaciones-en-paz\\\/#article\",\"isPartOf\":{\"@id\":\"https:\\\/\\\/exaudi.org\\\/es\\\/religiosa-ucrania-vivir-situaciones-en-paz\\\/\"},\"author\":{\"name\":\"Ayuda a la Iglesia Necesitada\",\"@id\":\"https:\\\/\\\/exaudi.org\\\/#\\\/schema\\\/person\\\/d4906ab3b6c174ffe37d722c51c73317\"},\"headline\":\"Religiosa en Ucrania: \u201cVivir las situaciones que nos toquen en paz\u201d\",\"datePublished\":\"2022-01-31T11:18:26+00:00\",\"dateModified\":\"2022-01-31T13:13:48+00:00\",\"mainEntityOfPage\":{\"@id\":\"https:\\\/\\\/exaudi.org\\\/es\\\/religiosa-ucrania-vivir-situaciones-en-paz\\\/\"},\"wordCount\":723,\"image\":{\"@id\":\"https:\\\/\\\/exaudi.org\\\/es\\\/religiosa-ucrania-vivir-situaciones-en-paz\\\/#primaryimage\"},\"thumbnailUrl\":\"https:\\\/\\\/exaudi.org\\\/wp-content\\\/uploads\\\/2022\\\/01\\\/Comunidad-de-dominicas-con-los-ninos-la-hermana-Maria-es-la-de-la-derecha-con-jersey-oscuro-745x475-1.jpg\",\"keywords\":[\"Ayuda a la Iglesia Necesitada\",\"Ucrania\"],\"articleSection\":[\"Iglesia Local\"],\"inLanguage\":\"es\"},{\"@type\":\"WebPage\",\"@id\":\"https:\\\/\\\/exaudi.org\\\/es\\\/religiosa-ucrania-vivir-situaciones-en-paz\\\/\",\"url\":\"https:\\\/\\\/exaudi.org\\\/es\\\/religiosa-ucrania-vivir-situaciones-en-paz\\\/\",\"name\":\"Religiosa en Ucrania: \u201cVivir las situaciones que nos toquen en paz\u201d &#8211; Exaudi\",\"isPartOf\":{\"@id\":\"https:\\\/\\\/exaudi.org\\\/#website\"},\"primaryImageOfPage\":{\"@id\":\"https:\\\/\\\/exaudi.org\\\/es\\\/religiosa-ucrania-vivir-situaciones-en-paz\\\/#primaryimage\"},\"image\":{\"@id\":\"https:\\\/\\\/exaudi.org\\\/es\\\/religiosa-ucrania-vivir-situaciones-en-paz\\\/#primaryimage\"},\"thumbnailUrl\":\"https:\\\/\\\/exaudi.org\\\/wp-content\\\/uploads\\\/2022\\\/01\\\/Comunidad-de-dominicas-con-los-ninos-la-hermana-Maria-es-la-de-la-derecha-con-jersey-oscuro-745x475-1.jpg\",\"datePublished\":\"2022-01-31T11:18:26+00:00\",\"dateModified\":\"2022-01-31T13:13:48+00:00\",\"author\":{\"@id\":\"https:\\\/\\\/exaudi.org\\\/#\\\/schema\\\/person\\\/d4906ab3b6c174ffe37d722c51c73317\"},\"description\":\"Religiosa desde Ucrania: \u201cHay que vivir las situaciones que nos toquen en paz\u201d. Mar\u00eda Mayo ha mandado un mensaje de agradecimiento.\",\"breadcrumb\":{\"@id\":\"https:\\\/\\\/exaudi.org\\\/es\\\/religiosa-ucrania-vivir-situaciones-en-paz\\\/#breadcrumb\"},\"inLanguage\":\"es\",\"potentialAction\":[{\"@type\":\"ReadAction\",\"target\":[\"https:\\\/\\\/exaudi.org\\\/es\\\/religiosa-ucrania-vivir-situaciones-en-paz\\\/\"]}]},{\"@type\":\"ImageObject\",\"inLanguage\":\"es\",\"@id\":\"https:\\\/\\\/exaudi.org\\\/es\\\/religiosa-ucrania-vivir-situaciones-en-paz\\\/#primaryimage\",\"url\":\"https:\\\/\\\/exaudi.org\\\/wp-content\\\/uploads\\\/2022\\\/01\\\/Comunidad-de-dominicas-con-los-ninos-la-hermana-Maria-es-la-de-la-derecha-con-jersey-oscuro-745x475-1.jpg\",\"contentUrl\":\"https:\\\/\\\/exaudi.org\\\/wp-content\\\/uploads\\\/2022\\\/01\\\/Comunidad-de-dominicas-con-los-ninos-la-hermana-Maria-es-la-de-la-derecha-con-jersey-oscuro-745x475-1.jpg\",\"width\":745,\"height\":475,\"caption\":\"Comunidad de dominicas con los ni\u00f1os de la casa Dim Ditey \u00a9 Mar\u00eda Mayo\"},{\"@type\":\"BreadcrumbList\",\"@id\":\"https:\\\/\\\/exaudi.org\\\/es\\\/religiosa-ucrania-vivir-situaciones-en-paz\\\/#breadcrumb\",\"itemListElement\":[{\"@type\":\"ListItem\",\"position\":1,\"name\":\"Portada\",\"item\":\"https:\\\/\\\/exaudi.org\\\/es\\\/\"},{\"@type\":\"ListItem\",\"position\":2,\"name\":\"Religiosa en Ucrania: \u201cVivir las situaciones que nos toquen en paz\u201d\"}]},{\"@type\":\"WebSite\",\"@id\":\"https:\\\/\\\/exaudi.org\\\/#website\",\"url\":\"https:\\\/\\\/exaudi.org\\\/\",\"name\":\"Exaudi\",\"description\":\"News\",\"potentialAction\":[{\"@type\":\"SearchAction\",\"target\":{\"@type\":\"EntryPoint\",\"urlTemplate\":\"https:\\\/\\\/exaudi.org\\\/?s={search_term_string}\"},\"query-input\":{\"@type\":\"PropertyValueSpecification\",\"valueRequired\":true,\"valueName\":\"search_term_string\"}}],\"inLanguage\":\"es\"},{\"@type\":\"Person\",\"@id\":\"https:\\\/\\\/exaudi.org\\\/#\\\/schema\\\/person\\\/d4906ab3b6c174ffe37d722c51c73317\",\"name\":\"Ayuda a la Iglesia Necesitada\",\"image\":{\"@type\":\"ImageObject\",\"inLanguage\":\"es\",\"@id\":\"https:\\\/\\\/secure.gravatar.com\\\/avatar\\\/18b646e6575a46729bc25d1c374d5965acb9854728a2929ada390e85905160db?s=96&d=mm&r=g\",\"url\":\"https:\\\/\\\/secure.gravatar.com\\\/avatar\\\/18b646e6575a46729bc25d1c374d5965acb9854728a2929ada390e85905160db?s=96&d=mm&r=g\",\"contentUrl\":\"https:\\\/\\\/secure.gravatar.com\\\/avatar\\\/18b646e6575a46729bc25d1c374d5965acb9854728a2929ada390e85905160db?s=96&d=mm&r=g\",\"caption\":\"Ayuda a la Iglesia Necesitada\"},\"description\":\"Ayuda a la Iglesia Necesitada (ACN) es la Fundaci\u00f3n Pontificia que apoya a la Iglesia cat\u00f3lica en su labor evangelizadora en las comunidades m\u00e1s necesitadas, discriminadas y perseguidas del mundo. Cada a\u00f1o, ACN financia m\u00e1s de 5.000 proyectos pastorales y de emergencia humanitaria en m\u00e1s de 130 pa\u00edses. Cuenta con m\u00e1s de 20 oficinas en el mundo (en Espa\u00f1a desde 1965), dedicadas a informar sobre la realidad de estos cristianos; al fomento de la oraci\u00f3n, y a la recaudaci\u00f3n de fondos para la cobertura de proyectos. El 100% de los proyectos que desarrolla ACN se sostienen gracias a los donativos de personas f\u00edsicas u organizaciones que valoran la labor de la Iglesia en el mundo. La Fundaci\u00f3n no recibe subvenciones de organismos p\u00fablicos.\",\"sameAs\":[\"https:\\\/\\\/www.facebook.com\\\/ayudaalaiglesianecesitada\\\/?ref=ts\",\"https:\\\/\\\/www.instagram.com\\\/ayudaiglesianecesitada\\\/\",\"https:\\\/\\\/x.com\\\/https:\\\/\\\/x.com\\\/AyudaIglesNeces\",\"https:\\\/\\\/www.youtube.com\\\/user\\\/AINorg\"],\"url\":\"https:\\\/\\\/exaudi.org\\\/es\\\/author\\\/ayudaalaiglesianecesitada\\\/\"}]}<\/script>\n<!-- \/ Yoast SEO plugin. -->","yoast_head_json":{"title":"Religiosa en Ucrania: \u201cVivir las situaciones que nos toquen en paz\u201d &#8211; Exaudi","description":"Religiosa desde Ucrania: \u201cHay que vivir las situaciones que nos toquen en paz\u201d. Mar\u00eda Mayo ha mandado un mensaje de agradecimiento.","robots":{"index":"index","follow":"follow","max-snippet":"max-snippet:-1","max-image-preview":"max-image-preview:large","max-video-preview":"max-video-preview:-1"},"canonical":"https:\/\/exaudi.org\/es\/religiosa-ucrania-vivir-situaciones-en-paz\/","og_locale":"es_ES","og_type":"article","og_title":"Religiosa en Ucrania: \u201cVivir las situaciones que nos toquen en paz\u201d &#8211; Exaudi","og_description":"Religiosa desde Ucrania: \u201cHay que vivir las situaciones que nos toquen en paz\u201d. Mar\u00eda Mayo ha mandado un mensaje de agradecimiento.","og_url":"https:\/\/exaudi.org\/es\/religiosa-ucrania-vivir-situaciones-en-paz\/","og_site_name":"Exaudi","article_publisher":"https:\/\/www.facebook.com\/ExaudiNews","article_author":"https:\/\/www.facebook.com\/ayudaalaiglesianecesitada\/?ref=ts","article_published_time":"2022-01-31T11:18:26+00:00","article_modified_time":"2022-01-31T13:13:48+00:00","og_image":[{"width":745,"height":475,"url":"https:\/\/exaudi.org\/wp-content\/uploads\/2022\/01\/Comunidad-de-dominicas-con-los-ninos-la-hermana-Maria-es-la-de-la-derecha-con-jersey-oscuro-745x475-1.jpg","type":"image\/jpeg"}],"author":"Ayuda a la Iglesia Necesitada","twitter_card":"summary_large_image","twitter_creator":"@https:\/\/x.com\/AyudaIglesNeces","twitter_site":"@Exaudi_News","twitter_misc":{"Escrito por":"Ayuda a la Iglesia Necesitada","Tiempo de lectura":"4 minutos"},"schema":{"@context":"https:\/\/schema.org","@graph":[{"@type":"Article","@id":"https:\/\/exaudi.org\/es\/religiosa-ucrania-vivir-situaciones-en-paz\/#article","isPartOf":{"@id":"https:\/\/exaudi.org\/es\/religiosa-ucrania-vivir-situaciones-en-paz\/"},"author":{"name":"Ayuda a la Iglesia Necesitada","@id":"https:\/\/exaudi.org\/#\/schema\/person\/d4906ab3b6c174ffe37d722c51c73317"},"headline":"Religiosa en Ucrania: \u201cVivir las situaciones que nos toquen en paz\u201d","datePublished":"2022-01-31T11:18:26+00:00","dateModified":"2022-01-31T13:13:48+00:00","mainEntityOfPage":{"@id":"https:\/\/exaudi.org\/es\/religiosa-ucrania-vivir-situaciones-en-paz\/"},"wordCount":723,"image":{"@id":"https:\/\/exaudi.org\/es\/religiosa-ucrania-vivir-situaciones-en-paz\/#primaryimage"},"thumbnailUrl":"https:\/\/exaudi.org\/wp-content\/uploads\/2022\/01\/Comunidad-de-dominicas-con-los-ninos-la-hermana-Maria-es-la-de-la-derecha-con-jersey-oscuro-745x475-1.jpg","keywords":["Ayuda a la Iglesia Necesitada","Ucrania"],"articleSection":["Iglesia Local"],"inLanguage":"es"},{"@type":"WebPage","@id":"https:\/\/exaudi.org\/es\/religiosa-ucrania-vivir-situaciones-en-paz\/","url":"https:\/\/exaudi.org\/es\/religiosa-ucrania-vivir-situaciones-en-paz\/","name":"Religiosa en Ucrania: \u201cVivir las situaciones que nos toquen en paz\u201d &#8211; Exaudi","isPartOf":{"@id":"https:\/\/exaudi.org\/#website"},"primaryImageOfPage":{"@id":"https:\/\/exaudi.org\/es\/religiosa-ucrania-vivir-situaciones-en-paz\/#primaryimage"},"image":{"@id":"https:\/\/exaudi.org\/es\/religiosa-ucrania-vivir-situaciones-en-paz\/#primaryimage"},"thumbnailUrl":"https:\/\/exaudi.org\/wp-content\/uploads\/2022\/01\/Comunidad-de-dominicas-con-los-ninos-la-hermana-Maria-es-la-de-la-derecha-con-jersey-oscuro-745x475-1.jpg","datePublished":"2022-01-31T11:18:26+00:00","dateModified":"2022-01-31T13:13:48+00:00","author":{"@id":"https:\/\/exaudi.org\/#\/schema\/person\/d4906ab3b6c174ffe37d722c51c73317"},"description":"Religiosa desde Ucrania: \u201cHay que vivir las situaciones que nos toquen en paz\u201d. Mar\u00eda Mayo ha mandado un mensaje de agradecimiento.","breadcrumb":{"@id":"https:\/\/exaudi.org\/es\/religiosa-ucrania-vivir-situaciones-en-paz\/#breadcrumb"},"inLanguage":"es","potentialAction":[{"@type":"ReadAction","target":["https:\/\/exaudi.org\/es\/religiosa-ucrania-vivir-situaciones-en-paz\/"]}]},{"@type":"ImageObject","inLanguage":"es","@id":"https:\/\/exaudi.org\/es\/religiosa-ucrania-vivir-situaciones-en-paz\/#primaryimage","url":"https:\/\/exaudi.org\/wp-content\/uploads\/2022\/01\/Comunidad-de-dominicas-con-los-ninos-la-hermana-Maria-es-la-de-la-derecha-con-jersey-oscuro-745x475-1.jpg","contentUrl":"https:\/\/exaudi.org\/wp-content\/uploads\/2022\/01\/Comunidad-de-dominicas-con-los-ninos-la-hermana-Maria-es-la-de-la-derecha-con-jersey-oscuro-745x475-1.jpg","width":745,"height":475,"caption":"Comunidad de dominicas con los ni\u00f1os de la casa Dim Ditey \u00a9 Mar\u00eda Mayo"},{"@type":"BreadcrumbList","@id":"https:\/\/exaudi.org\/es\/religiosa-ucrania-vivir-situaciones-en-paz\/#breadcrumb","itemListElement":[{"@type":"ListItem","position":1,"name":"Portada","item":"https:\/\/exaudi.org\/es\/"},{"@type":"ListItem","position":2,"name":"Religiosa en Ucrania: \u201cVivir las situaciones que nos toquen en paz\u201d"}]},{"@type":"WebSite","@id":"https:\/\/exaudi.org\/#website","url":"https:\/\/exaudi.org\/","name":"Exaudi","description":"News","potentialAction":[{"@type":"SearchAction","target":{"@type":"EntryPoint","urlTemplate":"https:\/\/exaudi.org\/?s={search_term_string}"},"query-input":{"@type":"PropertyValueSpecification","valueRequired":true,"valueName":"search_term_string"}}],"inLanguage":"es"},{"@type":"Person","@id":"https:\/\/exaudi.org\/#\/schema\/person\/d4906ab3b6c174ffe37d722c51c73317","name":"Ayuda a la Iglesia Necesitada","image":{"@type":"ImageObject","inLanguage":"es","@id":"https:\/\/secure.gravatar.com\/avatar\/18b646e6575a46729bc25d1c374d5965acb9854728a2929ada390e85905160db?s=96&d=mm&r=g","url":"https:\/\/secure.gravatar.com\/avatar\/18b646e6575a46729bc25d1c374d5965acb9854728a2929ada390e85905160db?s=96&d=mm&r=g","contentUrl":"https:\/\/secure.gravatar.com\/avatar\/18b646e6575a46729bc25d1c374d5965acb9854728a2929ada390e85905160db?s=96&d=mm&r=g","caption":"Ayuda a la Iglesia Necesitada"},"description":"Ayuda a la Iglesia Necesitada (ACN) es la Fundaci\u00f3n Pontificia que apoya a la Iglesia cat\u00f3lica en su labor evangelizadora en las comunidades m\u00e1s necesitadas, discriminadas y perseguidas del mundo. Cada a\u00f1o, ACN financia m\u00e1s de 5.000 proyectos pastorales y de emergencia humanitaria en m\u00e1s de 130 pa\u00edses. Cuenta con m\u00e1s de 20 oficinas en el mundo (en Espa\u00f1a desde 1965), dedicadas a informar sobre la realidad de estos cristianos; al fomento de la oraci\u00f3n, y a la recaudaci\u00f3n de fondos para la cobertura de proyectos. El 100% de los proyectos que desarrolla ACN se sostienen gracias a los donativos de personas f\u00edsicas u organizaciones que valoran la labor de la Iglesia en el mundo. La Fundaci\u00f3n no recibe subvenciones de organismos p\u00fablicos.","sameAs":["https:\/\/www.facebook.com\/ayudaalaiglesianecesitada\/?ref=ts","https:\/\/www.instagram.com\/ayudaiglesianecesitada\/","https:\/\/x.com\/https:\/\/x.com\/AyudaIglesNeces","https:\/\/www.youtube.com\/user\/AINorg"],"url":"https:\/\/exaudi.org\/es\/author\/ayudaalaiglesianecesitada\/"}]}},"jetpack_featured_media_url":"https:\/\/exaudi.org\/wp-content\/uploads\/2022\/01\/Comunidad-de-dominicas-con-los-ninos-la-hermana-Maria-es-la-de-la-derecha-con-jersey-oscuro-745x475-1.jpg","jetpack_shortlink":"https:\/\/wp.me\/pgKjF2-dbP","_links":{"self":[{"href":"https:\/\/exaudi.org\/es\/wp-json\/wp\/v2\/posts\/50705","targetHints":{"allow":["GET"]}}],"collection":[{"href":"https:\/\/exaudi.org\/es\/wp-json\/wp\/v2\/posts"}],"about":[{"href":"https:\/\/exaudi.org\/es\/wp-json\/wp\/v2\/types\/post"}],"author":[{"embeddable":true,"href":"https:\/\/exaudi.org\/es\/wp-json\/wp\/v2\/users\/89"}],"replies":[{"embeddable":true,"href":"https:\/\/exaudi.org\/es\/wp-json\/wp\/v2\/comments?post=50705"}],"version-history":[{"count":0,"href":"https:\/\/exaudi.org\/es\/wp-json\/wp\/v2\/posts\/50705\/revisions"}],"wp:featuredmedia":[{"embeddable":true,"href":"https:\/\/exaudi.org\/es\/wp-json\/wp\/v2\/media\/50727"}],"wp:attachment":[{"href":"https:\/\/exaudi.org\/es\/wp-json\/wp\/v2\/media?parent=50705"}],"wp:term":[{"taxonomy":"category","embeddable":true,"href":"https:\/\/exaudi.org\/es\/wp-json\/wp\/v2\/categories?post=50705"},{"taxonomy":"post_tag","embeddable":true,"href":"https:\/\/exaudi.org\/es\/wp-json\/wp\/v2\/tags?post=50705"}],"curies":[{"name":"wp","href":"https:\/\/api.w.org\/{rel}","templated":true}]}}