{"id":50694,"date":"2022-01-31T11:55:06","date_gmt":"2022-01-31T10:55:06","guid":{"rendered":"https:\/\/exaudi.org\/?p=50694"},"modified":"2022-01-31T13:39:54","modified_gmt":"2022-01-31T12:39:54","slug":"papa-gran-vision-espiritual-presente-futuro-iglesia","status":"publish","type":"post","link":"https:\/\/exaudi.org\/es\/papa-gran-vision-espiritual-presente-futuro-iglesia\/","title":{"rendered":"El Papa posee una \u201cgran visi\u00f3n espiritual del presente y futuro de la Iglesia\u201d"},"content":{"rendered":"<p>El Papa Francisco posee una \u201cgran visi\u00f3n espiritual del presente y del futuro de la Iglesia\u201d, indic\u00f3 Mons. Jes\u00fas Vidal, obispo auxiliar de Madrid, Espa\u00f1a.<\/p>\n<p>Con la presencia de los obispos de las provincias eclesi\u00e1sticas de Madrid, Toledo, Valladolid y el Ordinariato Castrense en Roma hasta el pasado s\u00e1bado, 29 de enero de 2022, concluy\u00f3 la <a href=\"https:\/\/exaudi.org\/es\/espana-obispos-comienzan-su-visita-ad-limina\/\" target=\"_blank\" rel=\"noopener\">visita\u00a0<em>ad limina<\/em><\/a>\u00a0de los prelados espa\u00f1oles.<\/p>\n<p><img loading=\"lazy\" decoding=\"async\" class=\"size-medium wp-image-50698 alignleft\" src=\"https:\/\/exaudi.org\/wp-content\/uploads\/2022\/01\/SFO4769-300x200.jpg\" alt=\"\" width=\"300\" height=\"200\" srcset=\"https:\/\/exaudi.org\/wp-content\/uploads\/2022\/01\/SFO4769-300x200.jpg 300w, https:\/\/exaudi.org\/wp-content\/uploads\/2022\/01\/SFO4769-1024x683.jpg 1024w, https:\/\/exaudi.org\/wp-content\/uploads\/2022\/01\/SFO4769-770x513.jpg 770w, https:\/\/exaudi.org\/wp-content\/uploads\/2022\/01\/SFO4769-1536x1024.jpg 1536w, https:\/\/exaudi.org\/wp-content\/uploads\/2022\/01\/SFO4769-2048x1365.jpg 2048w, https:\/\/exaudi.org\/wp-content\/uploads\/2022\/01\/SFO4769-360x240.jpg?crop=1 360w, https:\/\/exaudi.org\/wp-content\/uploads\/2022\/01\/SFO4769-500x333.jpg 500w, https:\/\/exaudi.org\/wp-content\/uploads\/2022\/01\/SFO4769-1155x770.jpg 1155w, https:\/\/exaudi.org\/wp-content\/uploads\/2022\/01\/SFO4769-370x247.jpg 370w, https:\/\/exaudi.org\/wp-content\/uploads\/2022\/01\/SFO4769-293x195.jpg 293w, https:\/\/exaudi.org\/wp-content\/uploads\/2022\/01\/SFO4769-1400x933.jpg 1400w, https:\/\/exaudi.org\/wp-content\/uploads\/2022\/01\/SFO4769-120x80.jpg 120w, https:\/\/exaudi.org\/wp-content\/uploads\/2022\/01\/SFO4769-240x160.jpg 240w, https:\/\/exaudi.org\/wp-content\/uploads\/2022\/01\/SFO4769-390x260.jpg 390w\" sizes=\"auto, (max-width: 300px) 100vw, 300px\" \/>En representaci\u00f3n de la <a href=\"https:\/\/www.archimadrid.org\/index.php\" target=\"_blank\" rel=\"noopener\">archidi\u00f3cesis de Madrid<\/a>, acudieron los obispos auxiliares monse\u00f1or Jos\u00e9 Cobo, Mons. Juan Antonio Mart\u00ednez Camino, y monse\u00f1or Jes\u00fas Vidal, adem\u00e1s del hasta ahora auxiliar monse\u00f1or Santos Montoya, obispo electo de Calahorra y La Calzada-Logro\u00f1o. El arzobispo, cardenal Carlos Osoro, no pudo acudir a esta cita por haber dado positivo por coronavirus el fin de semana anterior.<\/p>\n<h2>\u201cGran visi\u00f3n espiritual del presente y del futuro de la Iglesia\u201d<\/h2>\n<p>El viernes 28 de enero tuvo lugar el momento central de la visita, el encuentro con el Santo Padre. En conversaci\u00f3n con Infomadrid, sistema informativo de la archidi\u00f3cesis madrile\u00f1a, monse\u00f1or Vidal explic\u00f3 que fue una \u201creuni\u00f3n larga, de m\u00e1s de dos horas y media\u201d, en la que el Papa mostr\u00f3\u00a0 \u201cun tono muy acogedor, muy agradable\u201d.<\/p>\n<p>\u201cCon mucha atenci\u00f3n ha ido escuchando todas las preguntas y comentarios que le hemos ido haciendo acerca de la vida de fe en Espa\u00f1a. Se le percibe como un hombre lleno de Dios, con un grand\u00edsimo sentido com\u00fan espiritual\u201d, describi\u00f3.<\/p>\n<p><img loading=\"lazy\" decoding=\"async\" class=\"size-medium wp-image-50695 alignright\" src=\"https:\/\/exaudi.org\/wp-content\/uploads\/2022\/01\/SFO4751-300x200.jpg\" alt=\"\" width=\"300\" height=\"200\" srcset=\"https:\/\/exaudi.org\/wp-content\/uploads\/2022\/01\/SFO4751-300x200.jpg 300w, https:\/\/exaudi.org\/wp-content\/uploads\/2022\/01\/SFO4751-1024x683.jpg 1024w, https:\/\/exaudi.org\/wp-content\/uploads\/2022\/01\/SFO4751-770x513.jpg 770w, https:\/\/exaudi.org\/wp-content\/uploads\/2022\/01\/SFO4751-1536x1024.jpg 1536w, https:\/\/exaudi.org\/wp-content\/uploads\/2022\/01\/SFO4751-2048x1365.jpg 2048w, https:\/\/exaudi.org\/wp-content\/uploads\/2022\/01\/SFO4751-360x240.jpg?crop=1 360w, https:\/\/exaudi.org\/wp-content\/uploads\/2022\/01\/SFO4751-500x333.jpg 500w, https:\/\/exaudi.org\/wp-content\/uploads\/2022\/01\/SFO4751-1155x770.jpg 1155w, https:\/\/exaudi.org\/wp-content\/uploads\/2022\/01\/SFO4751-370x247.jpg 370w, https:\/\/exaudi.org\/wp-content\/uploads\/2022\/01\/SFO4751-293x195.jpg 293w, https:\/\/exaudi.org\/wp-content\/uploads\/2022\/01\/SFO4751-1400x933.jpg 1400w, https:\/\/exaudi.org\/wp-content\/uploads\/2022\/01\/SFO4751-120x80.jpg 120w, https:\/\/exaudi.org\/wp-content\/uploads\/2022\/01\/SFO4751-240x160.jpg 240w, https:\/\/exaudi.org\/wp-content\/uploads\/2022\/01\/SFO4751-390x260.jpg 390w\" sizes=\"auto, (max-width: 300px) 100vw, 300px\" \/>El prelado destac\u00f3 que Francisco posee una \u201cgran visi\u00f3n espiritual del presente y del futuro de la Iglesia\u201d. \u201cComo hace en otras intervenciones, nos ha animado a estar cercanos a Dios, cercanos entre nosotros, cercanos a los sacerdotes, cercanos al pueblo de Dios\u2026 Nos ha alentado tambi\u00e9n a continuar en el camino sinodal, para seguir profundizando en la comuni\u00f3n del pueblo de Dios\u201d, agreg\u00f3.<\/p>\n<p>Asimismo, el obispo auxiliar expuso que el Pont\u00edfice se interes\u00f3 por la salud del cardenal Osoro y dese\u00f3 su pronta recuperaci\u00f3n.<\/p>\n<p>Entre los temas concretos tratados durante la reuni\u00f3n con Su Santidad, se abordaron el de la pandemia, los j\u00f3venes y los descartados, la vida cotidiana de las di\u00f3cesis y del obispo, de evangelizaci\u00f3n, o de colonizaci\u00f3n cultural ideol\u00f3gica, seg\u00fan fuentes de la Conferencia Episcopal.<\/p>\n","protected":false},"excerpt":{"rendered":"<p>Final de la visita \u2018ad limina\u2019 de los obispos espa\u00f1oles<\/p>\n","protected":false},"author":5,"featured_media":50701,"comment_status":"closed","ping_status":"closed","sticky":false,"template":"","format":"standard","meta":{"_acf_changed":false,"_crdt_document":"","inline_featured_image":false,"footnotes":""},"categories":[68],"tags":[3089,370,1008,158,4953],"class_list":["post-50694","post","type-post","status-publish","format-standard","has-post-thumbnail","hentry","category-leon-xiv","tag-archidiocesis-de-madrid","tag-conferencia-episcopal-espanola-cee","tag-espana","tag-papa-francisco","tag-trending-es"],"acf":[],"yoast_head":"<!-- This site is optimized with the Yoast SEO plugin v27.5 - https:\/\/yoast.com\/product\/yoast-seo-wordpress\/ -->\n<title>El Papa posee una \u201cgran visi\u00f3n espiritual del presente y futuro de la Iglesia\u201d &#8211; Exaudi<\/title>\n<meta name=\"description\" content=\"El Papa Francisco posee una \u201cgran visi\u00f3n espiritual del presente y del futuro de la Iglesia\u201d, indic\u00f3 Mons. Jes\u00fas Vidal.\" \/>\n<meta name=\"robots\" content=\"index, follow, max-snippet:-1, max-image-preview:large, max-video-preview:-1\" \/>\n<link rel=\"canonical\" href=\"https:\/\/exaudi.org\/es\/papa-gran-vision-espiritual-presente-futuro-iglesia\/\" \/>\n<meta property=\"og:locale\" content=\"es_ES\" \/>\n<meta property=\"og:type\" content=\"article\" \/>\n<meta property=\"og:title\" content=\"El Papa posee una \u201cgran visi\u00f3n espiritual del presente y futuro de la Iglesia\u201d &#8211; Exaudi\" \/>\n<meta property=\"og:description\" content=\"El Papa Francisco posee una \u201cgran visi\u00f3n espiritual del presente y del futuro de la Iglesia\u201d, indic\u00f3 Mons. Jes\u00fas Vidal.\" \/>\n<meta property=\"og:url\" content=\"https:\/\/exaudi.org\/es\/papa-gran-vision-espiritual-presente-futuro-iglesia\/\" \/>\n<meta property=\"og:site_name\" content=\"Exaudi\" \/>\n<meta property=\"article:publisher\" content=\"https:\/\/www.facebook.com\/ExaudiNews\" \/>\n<meta property=\"article:published_time\" content=\"2022-01-31T10:55:06+00:00\" \/>\n<meta property=\"article:modified_time\" content=\"2022-01-31T12:39:54+00:00\" \/>\n<meta property=\"og:image\" content=\"https:\/\/exaudi.org\/wp-content\/uploads\/2022\/01\/SFO4736-scaled.jpg\" \/>\n\t<meta property=\"og:image:width\" content=\"2560\" \/>\n\t<meta property=\"og:image:height\" content=\"1707\" \/>\n\t<meta property=\"og:image:type\" content=\"image\/jpeg\" \/>\n<meta name=\"author\" content=\"Larissa I. L\u00f3pez\" \/>\n<meta name=\"twitter:card\" content=\"summary_large_image\" \/>\n<meta name=\"twitter:creator\" content=\"@Exaudi_News\" \/>\n<meta name=\"twitter:site\" content=\"@Exaudi_News\" \/>\n<meta name=\"twitter:label1\" content=\"Escrito por\" \/>\n\t<meta name=\"twitter:data1\" content=\"Larissa I. L\u00f3pez\" \/>\n\t<meta name=\"twitter:label2\" content=\"Tiempo de lectura\" \/>\n\t<meta name=\"twitter:data2\" content=\"3 minutos\" \/>\n<script type=\"application\/ld+json\" class=\"yoast-schema-graph\">{\"@context\":\"https:\\\/\\\/schema.org\",\"@graph\":[{\"@type\":\"Article\",\"@id\":\"https:\\\/\\\/exaudi.org\\\/es\\\/papa-gran-vision-espiritual-presente-futuro-iglesia\\\/#article\",\"isPartOf\":{\"@id\":\"https:\\\/\\\/exaudi.org\\\/es\\\/papa-gran-vision-espiritual-presente-futuro-iglesia\\\/\"},\"author\":{\"name\":\"Larissa I. L\u00f3pez\",\"@id\":\"https:\\\/\\\/exaudi.org\\\/#\\\/schema\\\/person\\\/7d2f77db033c2c0929edfab6dbe8c588\"},\"headline\":\"El Papa posee una \u201cgran visi\u00f3n espiritual del presente y futuro de la Iglesia\u201d\",\"datePublished\":\"2022-01-31T10:55:06+00:00\",\"dateModified\":\"2022-01-31T12:39:54+00:00\",\"mainEntityOfPage\":{\"@id\":\"https:\\\/\\\/exaudi.org\\\/es\\\/papa-gran-vision-espiritual-presente-futuro-iglesia\\\/\"},\"wordCount\":409,\"image\":{\"@id\":\"https:\\\/\\\/exaudi.org\\\/es\\\/papa-gran-vision-espiritual-presente-futuro-iglesia\\\/#primaryimage\"},\"thumbnailUrl\":\"https:\\\/\\\/exaudi.org\\\/wp-content\\\/uploads\\\/2022\\\/01\\\/SFO4736-scaled.jpg\",\"keywords\":[\"Archidi\u00f3cesis de Madrid\",\"Conferencia Episcopal Espa\u00f1ola (CEE)\",\"Espa\u00f1a\",\"papa francisco\",\"Trending\"],\"articleSection\":[\"Le\u00f3n XIV\"],\"inLanguage\":\"es\"},{\"@type\":\"WebPage\",\"@id\":\"https:\\\/\\\/exaudi.org\\\/es\\\/papa-gran-vision-espiritual-presente-futuro-iglesia\\\/\",\"url\":\"https:\\\/\\\/exaudi.org\\\/es\\\/papa-gran-vision-espiritual-presente-futuro-iglesia\\\/\",\"name\":\"El Papa posee una \u201cgran visi\u00f3n espiritual del presente y futuro de la Iglesia\u201d &#8211; Exaudi\",\"isPartOf\":{\"@id\":\"https:\\\/\\\/exaudi.org\\\/#website\"},\"primaryImageOfPage\":{\"@id\":\"https:\\\/\\\/exaudi.org\\\/es\\\/papa-gran-vision-espiritual-presente-futuro-iglesia\\\/#primaryimage\"},\"image\":{\"@id\":\"https:\\\/\\\/exaudi.org\\\/es\\\/papa-gran-vision-espiritual-presente-futuro-iglesia\\\/#primaryimage\"},\"thumbnailUrl\":\"https:\\\/\\\/exaudi.org\\\/wp-content\\\/uploads\\\/2022\\\/01\\\/SFO4736-scaled.jpg\",\"datePublished\":\"2022-01-31T10:55:06+00:00\",\"dateModified\":\"2022-01-31T12:39:54+00:00\",\"author\":{\"@id\":\"https:\\\/\\\/exaudi.org\\\/#\\\/schema\\\/person\\\/7d2f77db033c2c0929edfab6dbe8c588\"},\"description\":\"El Papa Francisco posee una \u201cgran visi\u00f3n espiritual del presente y del futuro de la Iglesia\u201d, indic\u00f3 Mons. Jes\u00fas Vidal.\",\"breadcrumb\":{\"@id\":\"https:\\\/\\\/exaudi.org\\\/es\\\/papa-gran-vision-espiritual-presente-futuro-iglesia\\\/#breadcrumb\"},\"inLanguage\":\"es\",\"potentialAction\":[{\"@type\":\"ReadAction\",\"target\":[\"https:\\\/\\\/exaudi.org\\\/es\\\/papa-gran-vision-espiritual-presente-futuro-iglesia\\\/\"]}]},{\"@type\":\"ImageObject\",\"inLanguage\":\"es\",\"@id\":\"https:\\\/\\\/exaudi.org\\\/es\\\/papa-gran-vision-espiritual-presente-futuro-iglesia\\\/#primaryimage\",\"url\":\"https:\\\/\\\/exaudi.org\\\/wp-content\\\/uploads\\\/2022\\\/01\\\/SFO4736-scaled.jpg\",\"contentUrl\":\"https:\\\/\\\/exaudi.org\\\/wp-content\\\/uploads\\\/2022\\\/01\\\/SFO4736-scaled.jpg\",\"width\":2560,\"height\":1707,\"caption\":\"Encuentro con el Papa del 4\u00ba grupo de obispos espa\u00f1oles en visita 'ad limina', 28 enero 2022 \u00a9 Vatican Media\"},{\"@type\":\"BreadcrumbList\",\"@id\":\"https:\\\/\\\/exaudi.org\\\/es\\\/papa-gran-vision-espiritual-presente-futuro-iglesia\\\/#breadcrumb\",\"itemListElement\":[{\"@type\":\"ListItem\",\"position\":1,\"name\":\"Portada\",\"item\":\"https:\\\/\\\/exaudi.org\\\/es\\\/\"},{\"@type\":\"ListItem\",\"position\":2,\"name\":\"El Papa posee una \u201cgran visi\u00f3n espiritual del presente y futuro de la Iglesia\u201d\"}]},{\"@type\":\"WebSite\",\"@id\":\"https:\\\/\\\/exaudi.org\\\/#website\",\"url\":\"https:\\\/\\\/exaudi.org\\\/\",\"name\":\"Exaudi\",\"description\":\"News\",\"potentialAction\":[{\"@type\":\"SearchAction\",\"target\":{\"@type\":\"EntryPoint\",\"urlTemplate\":\"https:\\\/\\\/exaudi.org\\\/?s={search_term_string}\"},\"query-input\":{\"@type\":\"PropertyValueSpecification\",\"valueRequired\":true,\"valueName\":\"search_term_string\"}}],\"inLanguage\":\"es\"},{\"@type\":\"Person\",\"@id\":\"https:\\\/\\\/exaudi.org\\\/#\\\/schema\\\/person\\\/7d2f77db033c2c0929edfab6dbe8c588\",\"name\":\"Larissa I. L\u00f3pez\",\"image\":{\"@type\":\"ImageObject\",\"inLanguage\":\"es\",\"@id\":\"https:\\\/\\\/secure.gravatar.com\\\/avatar\\\/db3ef399ff343d0bb9d25dc5198bc8ece5ac6d621eca79876697a354dabc1e3f?s=96&d=mm&r=g\",\"url\":\"https:\\\/\\\/secure.gravatar.com\\\/avatar\\\/db3ef399ff343d0bb9d25dc5198bc8ece5ac6d621eca79876697a354dabc1e3f?s=96&d=mm&r=g\",\"contentUrl\":\"https:\\\/\\\/secure.gravatar.com\\\/avatar\\\/db3ef399ff343d0bb9d25dc5198bc8ece5ac6d621eca79876697a354dabc1e3f?s=96&d=mm&r=g\",\"caption\":\"Larissa I. L\u00f3pez\"},\"description\":\"Doctora en Comunicaci\u00f3n. Mi trayectoria profesional ha transcurrido entre el \u00e1mbito de la comunicaci\u00f3n y el de la docencia. En los \u00faltimos a\u00f1os, he trabajado como coordinadora y redactora de la edici\u00f3n de ZENIT en espa\u00f1ol. Como profesora, he impartido clases en la universidad y en centros de FP y bachillerato. Cordobesa de nacimiento, tambi\u00e9n he vivido en Sevilla, Madrid y Roma\",\"url\":\"https:\\\/\\\/exaudi.org\\\/es\\\/author\\\/llopezexaudi-org\\\/\"}]}<\/script>\n<!-- \/ Yoast SEO plugin. -->","yoast_head_json":{"title":"El Papa posee una \u201cgran visi\u00f3n espiritual del presente y futuro de la Iglesia\u201d &#8211; Exaudi","description":"El Papa Francisco posee una \u201cgran visi\u00f3n espiritual del presente y del futuro de la Iglesia\u201d, indic\u00f3 Mons. Jes\u00fas Vidal.","robots":{"index":"index","follow":"follow","max-snippet":"max-snippet:-1","max-image-preview":"max-image-preview:large","max-video-preview":"max-video-preview:-1"},"canonical":"https:\/\/exaudi.org\/es\/papa-gran-vision-espiritual-presente-futuro-iglesia\/","og_locale":"es_ES","og_type":"article","og_title":"El Papa posee una \u201cgran visi\u00f3n espiritual del presente y futuro de la Iglesia\u201d &#8211; Exaudi","og_description":"El Papa Francisco posee una \u201cgran visi\u00f3n espiritual del presente y del futuro de la Iglesia\u201d, indic\u00f3 Mons. Jes\u00fas Vidal.","og_url":"https:\/\/exaudi.org\/es\/papa-gran-vision-espiritual-presente-futuro-iglesia\/","og_site_name":"Exaudi","article_publisher":"https:\/\/www.facebook.com\/ExaudiNews","article_published_time":"2022-01-31T10:55:06+00:00","article_modified_time":"2022-01-31T12:39:54+00:00","og_image":[{"width":2560,"height":1707,"url":"https:\/\/exaudi.org\/wp-content\/uploads\/2022\/01\/SFO4736-scaled.jpg","type":"image\/jpeg"}],"author":"Larissa I. L\u00f3pez","twitter_card":"summary_large_image","twitter_creator":"@Exaudi_News","twitter_site":"@Exaudi_News","twitter_misc":{"Escrito por":"Larissa I. L\u00f3pez","Tiempo de lectura":"3 minutos"},"schema":{"@context":"https:\/\/schema.org","@graph":[{"@type":"Article","@id":"https:\/\/exaudi.org\/es\/papa-gran-vision-espiritual-presente-futuro-iglesia\/#article","isPartOf":{"@id":"https:\/\/exaudi.org\/es\/papa-gran-vision-espiritual-presente-futuro-iglesia\/"},"author":{"name":"Larissa I. L\u00f3pez","@id":"https:\/\/exaudi.org\/#\/schema\/person\/7d2f77db033c2c0929edfab6dbe8c588"},"headline":"El Papa posee una \u201cgran visi\u00f3n espiritual del presente y futuro de la Iglesia\u201d","datePublished":"2022-01-31T10:55:06+00:00","dateModified":"2022-01-31T12:39:54+00:00","mainEntityOfPage":{"@id":"https:\/\/exaudi.org\/es\/papa-gran-vision-espiritual-presente-futuro-iglesia\/"},"wordCount":409,"image":{"@id":"https:\/\/exaudi.org\/es\/papa-gran-vision-espiritual-presente-futuro-iglesia\/#primaryimage"},"thumbnailUrl":"https:\/\/exaudi.org\/wp-content\/uploads\/2022\/01\/SFO4736-scaled.jpg","keywords":["Archidi\u00f3cesis de Madrid","Conferencia Episcopal Espa\u00f1ola (CEE)","Espa\u00f1a","papa francisco","Trending"],"articleSection":["Le\u00f3n XIV"],"inLanguage":"es"},{"@type":"WebPage","@id":"https:\/\/exaudi.org\/es\/papa-gran-vision-espiritual-presente-futuro-iglesia\/","url":"https:\/\/exaudi.org\/es\/papa-gran-vision-espiritual-presente-futuro-iglesia\/","name":"El Papa posee una \u201cgran visi\u00f3n espiritual del presente y futuro de la Iglesia\u201d &#8211; Exaudi","isPartOf":{"@id":"https:\/\/exaudi.org\/#website"},"primaryImageOfPage":{"@id":"https:\/\/exaudi.org\/es\/papa-gran-vision-espiritual-presente-futuro-iglesia\/#primaryimage"},"image":{"@id":"https:\/\/exaudi.org\/es\/papa-gran-vision-espiritual-presente-futuro-iglesia\/#primaryimage"},"thumbnailUrl":"https:\/\/exaudi.org\/wp-content\/uploads\/2022\/01\/SFO4736-scaled.jpg","datePublished":"2022-01-31T10:55:06+00:00","dateModified":"2022-01-31T12:39:54+00:00","author":{"@id":"https:\/\/exaudi.org\/#\/schema\/person\/7d2f77db033c2c0929edfab6dbe8c588"},"description":"El Papa Francisco posee una \u201cgran visi\u00f3n espiritual del presente y del futuro de la Iglesia\u201d, indic\u00f3 Mons. Jes\u00fas Vidal.","breadcrumb":{"@id":"https:\/\/exaudi.org\/es\/papa-gran-vision-espiritual-presente-futuro-iglesia\/#breadcrumb"},"inLanguage":"es","potentialAction":[{"@type":"ReadAction","target":["https:\/\/exaudi.org\/es\/papa-gran-vision-espiritual-presente-futuro-iglesia\/"]}]},{"@type":"ImageObject","inLanguage":"es","@id":"https:\/\/exaudi.org\/es\/papa-gran-vision-espiritual-presente-futuro-iglesia\/#primaryimage","url":"https:\/\/exaudi.org\/wp-content\/uploads\/2022\/01\/SFO4736-scaled.jpg","contentUrl":"https:\/\/exaudi.org\/wp-content\/uploads\/2022\/01\/SFO4736-scaled.jpg","width":2560,"height":1707,"caption":"Encuentro con el Papa del 4\u00ba grupo de obispos espa\u00f1oles en visita 'ad limina', 28 enero 2022 \u00a9 Vatican Media"},{"@type":"BreadcrumbList","@id":"https:\/\/exaudi.org\/es\/papa-gran-vision-espiritual-presente-futuro-iglesia\/#breadcrumb","itemListElement":[{"@type":"ListItem","position":1,"name":"Portada","item":"https:\/\/exaudi.org\/es\/"},{"@type":"ListItem","position":2,"name":"El Papa posee una \u201cgran visi\u00f3n espiritual del presente y futuro de la Iglesia\u201d"}]},{"@type":"WebSite","@id":"https:\/\/exaudi.org\/#website","url":"https:\/\/exaudi.org\/","name":"Exaudi","description":"News","potentialAction":[{"@type":"SearchAction","target":{"@type":"EntryPoint","urlTemplate":"https:\/\/exaudi.org\/?s={search_term_string}"},"query-input":{"@type":"PropertyValueSpecification","valueRequired":true,"valueName":"search_term_string"}}],"inLanguage":"es"},{"@type":"Person","@id":"https:\/\/exaudi.org\/#\/schema\/person\/7d2f77db033c2c0929edfab6dbe8c588","name":"Larissa I. L\u00f3pez","image":{"@type":"ImageObject","inLanguage":"es","@id":"https:\/\/secure.gravatar.com\/avatar\/db3ef399ff343d0bb9d25dc5198bc8ece5ac6d621eca79876697a354dabc1e3f?s=96&d=mm&r=g","url":"https:\/\/secure.gravatar.com\/avatar\/db3ef399ff343d0bb9d25dc5198bc8ece5ac6d621eca79876697a354dabc1e3f?s=96&d=mm&r=g","contentUrl":"https:\/\/secure.gravatar.com\/avatar\/db3ef399ff343d0bb9d25dc5198bc8ece5ac6d621eca79876697a354dabc1e3f?s=96&d=mm&r=g","caption":"Larissa I. L\u00f3pez"},"description":"Doctora en Comunicaci\u00f3n. Mi trayectoria profesional ha transcurrido entre el \u00e1mbito de la comunicaci\u00f3n y el de la docencia. En los \u00faltimos a\u00f1os, he trabajado como coordinadora y redactora de la edici\u00f3n de ZENIT en espa\u00f1ol. Como profesora, he impartido clases en la universidad y en centros de FP y bachillerato. Cordobesa de nacimiento, tambi\u00e9n he vivido en Sevilla, Madrid y Roma","url":"https:\/\/exaudi.org\/es\/author\/llopezexaudi-org\/"}]}},"jetpack_featured_media_url":"https:\/\/exaudi.org\/wp-content\/uploads\/2022\/01\/SFO4736-scaled.jpg","jetpack_shortlink":"https:\/\/wp.me\/pgKjF2-dbE","_links":{"self":[{"href":"https:\/\/exaudi.org\/es\/wp-json\/wp\/v2\/posts\/50694","targetHints":{"allow":["GET"]}}],"collection":[{"href":"https:\/\/exaudi.org\/es\/wp-json\/wp\/v2\/posts"}],"about":[{"href":"https:\/\/exaudi.org\/es\/wp-json\/wp\/v2\/types\/post"}],"author":[{"embeddable":true,"href":"https:\/\/exaudi.org\/es\/wp-json\/wp\/v2\/users\/5"}],"replies":[{"embeddable":true,"href":"https:\/\/exaudi.org\/es\/wp-json\/wp\/v2\/comments?post=50694"}],"version-history":[{"count":0,"href":"https:\/\/exaudi.org\/es\/wp-json\/wp\/v2\/posts\/50694\/revisions"}],"wp:featuredmedia":[{"embeddable":true,"href":"https:\/\/exaudi.org\/es\/wp-json\/wp\/v2\/media\/50701"}],"wp:attachment":[{"href":"https:\/\/exaudi.org\/es\/wp-json\/wp\/v2\/media?parent=50694"}],"wp:term":[{"taxonomy":"category","embeddable":true,"href":"https:\/\/exaudi.org\/es\/wp-json\/wp\/v2\/categories?post=50694"},{"taxonomy":"post_tag","embeddable":true,"href":"https:\/\/exaudi.org\/es\/wp-json\/wp\/v2\/tags?post=50694"}],"curies":[{"name":"wp","href":"https:\/\/api.w.org\/{rel}","templated":true}]}}