{"id":50662,"date":"2022-02-03T08:00:47","date_gmt":"2022-02-03T07:00:47","guid":{"rendered":"https:\/\/exaudi.org\/?p=50662"},"modified":"2022-01-31T09:47:35","modified_gmt":"2022-01-31T08:47:35","slug":"por-la-gracia-de-dios-v-domingo-ordinario","status":"publish","type":"post","link":"https:\/\/exaudi.org\/es\/por-la-gracia-de-dios-v-domingo-ordinario\/","title":{"rendered":"Por la gracia de Dios V Domingo Ordinario: Reflexi\u00f3n de Mons. Enrique D\u00edaz"},"content":{"rendered":"<p><a href=\"https:\/\/exaudi.org\/es\/author\/enriquediaz\/\" target=\"_blank\" rel=\"noopener noreferrer\">Monse\u00f1or Enrique D\u00edaz D\u00edaz<\/a> comparte con los lectores de Exaudi su reflexi\u00f3n sobre el Evangelio del pr\u00f3ximo 6 de febrero de 2022, titulado \u201cPor la gracia de Dios V Domingo Ordinario\u201d.<\/p>\n<p>***<\/p>\n<p>Isa\u00edas 6, 1-2. 3-8: \u201cAqu\u00ed estoy, Se\u00f1or, env\u00edame\u201d<\/p>\n<p>Salmo 137: \u201cCuando te invocamos, Se\u00f1or, nos escuchaste\u201d<\/p>\n<p>I Corintios 15, 1-11: \u201cEsto es lo que hemos predicado y lo que ustedes han cre\u00eddo\u201d<\/p>\n<p>San Lucas 5, 1-11: \u201cDej\u00e1ndolo todo, lo siguieron\u201d<\/p>\n<p>Hay quien frente a las crisis se siente perdido y opta por la huida, por el conformismo o por la apat\u00eda. Hay quien en medio de la crisis se hace fuerte, reconoci\u00e9ndose d\u00e9bil, adquiere fuerza no de su propia debilidad, sino de la gran misericordia que Dios nos tiene, de la grandeza del Dios Todopoderoso, del amor incondicional e infinito que Jes\u00fas ha mostrado por cada uno de nosotros. Las tres lecturas de este d\u00eda nos hablan de llamada, de vocaci\u00f3n, de invitaci\u00f3n a la construcci\u00f3n de un mundo nuevo. Y las tres remarcan que toda llamada de Dios es gratuita, es un don que Dios ha dado sin merecimiento nuestro: a Isa\u00edas le llama para que sea el cantor de su misericordia, su justicia y su gloria; a Pablo lo sorprende envi\u00e1ndolo a llevar el Evangelio por nuevos rumbos nunca imaginados; y a Pedro le cambia el rumbo de su barca y lo convierte en pescador de hombres.<\/p>\n<p>Grandes misiones sin duda alguna, grandes proyectos para cada uno de ellos, como grande es la misi\u00f3n que, a cada uno de nosotros, nos conf\u00eda. \u00bfQu\u00e9 misi\u00f3n nos ha encomendado Dios, para qu\u00e9 nos ha dado la vida, cu\u00e1l es nuestra vocaci\u00f3n? Porque Dios a cada uno de nosotros nos llama por nuestro propio nombre, nos ha dado una misi\u00f3n concreta y determinada. Todos y cada uno de nosotros debemos ser cantores de la misericordia, de la justicia y de la gloria de Dios, predicadores de su evangelio, pescadores de hombres. Debemos hacerlo con nuestra palabra y, sobre todo, con nuestra vida. La vocaci\u00f3n se manifiesta y se realiza siempre en un momento determinado, o mejor, en los sucesivos momentos determinados de nuestra vida. La vocaci\u00f3n es una respuesta actual y constante al llamado que nos hace Dios.<\/p>\n<p>Pero el d\u00eda de hoy me ha impresionado el gran contraste que remarcan cada una de las lecturas: queda manifiesta la maravillosa gloria de Dios frente a la impureza de Isa\u00edas; frente a Pablo que se considera como un aborto, el \u00faltimo de los ap\u00f3stoles e indigno de la misi\u00f3n, resplandece la gracia de Dios; y ante el pecado e indignidad reconocida de Pedro, aparece la confianza de Jes\u00fas para darle un nuevo cargo. Como si fuera indispensable reconocer la propia peque\u00f1ez, miseria y pobreza para arriesgarse en la nueva misi\u00f3n. Saber que no se es nada, sino que estamos por pura bondad de Dios. Los fracasos son m\u00e1s duros cuando nos consideramos fuertes; las ca\u00eddas duelen m\u00e1s cuando nos hab\u00edamos alzado con soberbia y la oscuridad es peor cuando s\u00f3lo nos alumbraban nuestras tinieblas. La misi\u00f3n del disc\u00edpulo consiste en confiarse plenamente a la misericordia de Dios: \u00c9l es el gran protagonista. Fiarse de Dios es trabajar sin descanso, buscando siempre el bien y la justicia, no desanim\u00e1ndonos ante los moment\u00e1neos o constantes fracasos que tengamos. La vida muchas veces es dura e injusta; no siempre el que m\u00e1s siembra es el que m\u00e1s recoge. Pero el disc\u00edpulo no debe desanimarse nunca, no debe nunca tirar la toalla; en nombre de Dios debe siempre seguir echando las redes de su trabajo y de su esfuerzo. Es como si Dios necesitara de nuestra debilidad para realizar su misi\u00f3n. Al final Dios va a llenarnos las redes y tendremos lo suficiente para nosotros mismos y a\u00fan nos sobrar\u00e1 algo para dar y compartir con los dem\u00e1s. S\u00f3lo reconoci\u00e9ndonos d\u00e9biles podremos confiar en su fuerza y decir como Pablo: \u201cPor la gracia de Dios, soy lo que soy\u201d.<\/p>\n<p>Nunca como ahora la humanidad se encuentra en la cuerda floja. Da la impresi\u00f3n que basta un peque\u00f1o detonante para que todo se venga abajo y, lo m\u00e1s triste, se percibe un sentimiento de impotencia y pesimismo que induce a la indiferencia y al fatalismo. Ante los fracasos de las propuestas econ\u00f3micas y sociales, no se encuentran caminos que ayuden a construir un mundo mejor. Cristo hoy propone un nuevo punto de partida: las personas. No partir del dinero, ni del poder, ni de la ambici\u00f3n, sino partir de lo esencial: el valor y la dignidad de las personas y de la comunidad. Ser pescador de hombres hoy, significa participar en todas las empresas que quieren evitar su perdici\u00f3n y destrucci\u00f3n.<\/p>\n<p>Ser pescador de hombres compromete en la b\u00fasqueda de una mayor igualdad, de una paz m\u00e1s estable, de un cambio total de los valores que mueven la sociedad. Ser pescador de hombres es construir con los peque\u00f1os un nuevo mundo. Jam\u00e1s podremos decirnos disc\u00edpulos de Jes\u00fas si permanecemos fuera o indiferentes ante estos movimientos de salvaci\u00f3n y liberaci\u00f3n. No seremos sus seguidores, si nos contentamos con trabajar un poco por las ma\u00f1anas. Necesitamos fatigarnos toda la noche y, despu\u00e9s de haber fracasado una y otra vez, tener los \u00e1nimos y la esperanza suficientes para remar mar adentro y lanzar nuevamente las redes. La \u00fanica forma de manifestar el amor de Dios es compartiendo este amor con todas las personas. S\u00ed, tambi\u00e9n hoy nosotros como Pedro necesitamos sacudirnos nuestras ataduras y lanzar nuevamente nuestra red \u201cconfiando s\u00f3lo en su palabra\u201d. Ciertamente reconoci\u00e9ndonos peque\u00f1os y pecadores, pero con la fuerza del Se\u00f1or.<\/p>\n<p>\u00bfCu\u00e1l ser\u00e1 nuestra vocaci\u00f3n en este momento de crisis? \u00bfC\u00f3mo mostrar coraje y valor frente a los problemas actuales confiando no en nuestras fuerzas sino en la Palabra de Jes\u00fas? \u00bfQu\u00e9 te dice Jes\u00fas en el momento actual Se\u00f1or, que tu amor incansable cuide y proteja siempre a estos hijos tuyos, que han puesto en tu Palabra toda su esperanza. Que el fracaso no nos lleve nunca a dejar de luchar y que la Resurrecci\u00f3n de tu Hijo sea el ejemplo y el modelo de toda nuestra vida.<\/p>\n<p>Am\u00e9n.<\/p>\n<audio class=\"wp-audio-shortcode\" id=\"audio-50662-1\" preload=\"none\" style=\"width: 100%;\" controls=\"controls\"><source type=\"audio\/mpeg\" src=\"https:\/\/exaudi.org\/wp-content\/uploads\/2022\/01\/6-Febrero.mp3?_=1\" \/><a href=\"https:\/\/exaudi.org\/wp-content\/uploads\/2022\/01\/6-Febrero.mp3\">https:\/\/exaudi.org\/wp-content\/uploads\/2022\/01\/6-Febrero.mp3<\/a><\/audio>\n","protected":false},"excerpt":{"rendered":"<p>La vocaci\u00f3n, una respuesta actual y constante al llamado que nos hace Dios<\/p>\n","protected":false},"author":25,"featured_media":50666,"comment_status":"closed","ping_status":"closed","sticky":false,"template":"","format":"standard","meta":{"_acf_changed":false,"_crdt_document":"","inline_featured_image":false,"footnotes":""},"categories":[96],"tags":[363,4953,5708],"class_list":["post-50662","post","type-post","status-publish","format-standard","has-post-thumbnail","hentry","category-espiritualidad","tag-monsenor-enrique-diaz","tag-trending-es","tag-v-domingo-ordinario"],"acf":[],"yoast_head":"<!-- This site is optimized with the Yoast SEO plugin v27.4 - https:\/\/yoast.com\/product\/yoast-seo-wordpress\/ -->\n<title>Por la gracia de Dios V Domingo Ordinario: Reflexi\u00f3n de Mons. Enrique D\u00edaz &#8211; Exaudi<\/title>\n<meta name=\"description\" content=\"En su reflexi\u00f3n sobre el Evangelio monse\u00f1or Enrique D\u00edaz se centra en el tema \u201cPor la gracia de Dios V Domingo Ordinario\u201d.\" \/>\n<meta name=\"robots\" content=\"index, follow, max-snippet:-1, max-image-preview:large, max-video-preview:-1\" \/>\n<link rel=\"canonical\" href=\"https:\/\/exaudi.org\/es\/por-la-gracia-de-dios-v-domingo-ordinario\/\" \/>\n<meta property=\"og:locale\" content=\"es_ES\" \/>\n<meta property=\"og:type\" content=\"article\" \/>\n<meta property=\"og:title\" content=\"Por la gracia de Dios V Domingo Ordinario: Reflexi\u00f3n de Mons. Enrique D\u00edaz &#8211; Exaudi\" \/>\n<meta property=\"og:description\" content=\"En su reflexi\u00f3n sobre el Evangelio monse\u00f1or Enrique D\u00edaz se centra en el tema \u201cPor la gracia de Dios V Domingo Ordinario\u201d.\" \/>\n<meta property=\"og:url\" content=\"https:\/\/exaudi.org\/es\/por-la-gracia-de-dios-v-domingo-ordinario\/\" \/>\n<meta property=\"og:site_name\" content=\"Exaudi\" \/>\n<meta property=\"article:publisher\" content=\"https:\/\/www.facebook.com\/ExaudiNews\" \/>\n<meta property=\"article:published_time\" content=\"2022-02-03T07:00:47+00:00\" \/>\n<meta property=\"og:image\" content=\"https:\/\/exaudi.org\/wp-content\/uploads\/2022\/01\/Disen\u0303o-sin-ti\u0301tulo-63.jpg\" \/>\n\t<meta property=\"og:image:width\" content=\"1500\" \/>\n\t<meta property=\"og:image:height\" content=\"1000\" \/>\n\t<meta property=\"og:image:type\" content=\"image\/jpeg\" \/>\n<meta name=\"author\" content=\"Enrique D\u00edaz\" \/>\n<meta name=\"twitter:card\" content=\"summary_large_image\" \/>\n<meta name=\"twitter:creator\" content=\"@Exaudi_News\" \/>\n<meta name=\"twitter:site\" content=\"@Exaudi_News\" \/>\n<meta name=\"twitter:label1\" content=\"Escrito por\" \/>\n\t<meta name=\"twitter:data1\" content=\"Enrique D\u00edaz\" \/>\n\t<meta name=\"twitter:label2\" content=\"Tiempo de lectura\" \/>\n\t<meta name=\"twitter:data2\" content=\"5 minutos\" \/>\n<script type=\"application\/ld+json\" class=\"yoast-schema-graph\">{\"@context\":\"https:\\\/\\\/schema.org\",\"@graph\":[{\"@type\":\"Article\",\"@id\":\"https:\\\/\\\/exaudi.org\\\/es\\\/por-la-gracia-de-dios-v-domingo-ordinario\\\/#article\",\"isPartOf\":{\"@id\":\"https:\\\/\\\/exaudi.org\\\/es\\\/por-la-gracia-de-dios-v-domingo-ordinario\\\/\"},\"author\":{\"name\":\"Enrique D\u00edaz\",\"@id\":\"https:\\\/\\\/exaudi.org\\\/#\\\/schema\\\/person\\\/c02ffbd10830fa375f6882f7dcf1844d\"},\"headline\":\"Por la gracia de Dios V Domingo Ordinario: Reflexi\u00f3n de Mons. Enrique D\u00edaz\",\"datePublished\":\"2022-02-03T07:00:47+00:00\",\"mainEntityOfPage\":{\"@id\":\"https:\\\/\\\/exaudi.org\\\/es\\\/por-la-gracia-de-dios-v-domingo-ordinario\\\/\"},\"wordCount\":1117,\"image\":{\"@id\":\"https:\\\/\\\/exaudi.org\\\/es\\\/por-la-gracia-de-dios-v-domingo-ordinario\\\/#primaryimage\"},\"thumbnailUrl\":\"https:\\\/\\\/exaudi.org\\\/wp-content\\\/uploads\\\/2022\\\/01\\\/Disen\u0303o-sin-ti\u0301tulo-63.jpg\",\"keywords\":[\"Monse\u00f1or Enrique D\u00edaz\",\"Trending\",\"V Domingo Ordinario\"],\"articleSection\":[\"Espiritualidad\"],\"inLanguage\":\"es\"},{\"@type\":\"WebPage\",\"@id\":\"https:\\\/\\\/exaudi.org\\\/es\\\/por-la-gracia-de-dios-v-domingo-ordinario\\\/\",\"url\":\"https:\\\/\\\/exaudi.org\\\/es\\\/por-la-gracia-de-dios-v-domingo-ordinario\\\/\",\"name\":\"Por la gracia de Dios V Domingo Ordinario: Reflexi\u00f3n de Mons. Enrique D\u00edaz &#8211; Exaudi\",\"isPartOf\":{\"@id\":\"https:\\\/\\\/exaudi.org\\\/#website\"},\"primaryImageOfPage\":{\"@id\":\"https:\\\/\\\/exaudi.org\\\/es\\\/por-la-gracia-de-dios-v-domingo-ordinario\\\/#primaryimage\"},\"image\":{\"@id\":\"https:\\\/\\\/exaudi.org\\\/es\\\/por-la-gracia-de-dios-v-domingo-ordinario\\\/#primaryimage\"},\"thumbnailUrl\":\"https:\\\/\\\/exaudi.org\\\/wp-content\\\/uploads\\\/2022\\\/01\\\/Disen\u0303o-sin-ti\u0301tulo-63.jpg\",\"datePublished\":\"2022-02-03T07:00:47+00:00\",\"author\":{\"@id\":\"https:\\\/\\\/exaudi.org\\\/#\\\/schema\\\/person\\\/c02ffbd10830fa375f6882f7dcf1844d\"},\"description\":\"En su reflexi\u00f3n sobre el Evangelio monse\u00f1or Enrique D\u00edaz se centra en el tema \u201cPor la gracia de Dios V Domingo Ordinario\u201d.\",\"breadcrumb\":{\"@id\":\"https:\\\/\\\/exaudi.org\\\/es\\\/por-la-gracia-de-dios-v-domingo-ordinario\\\/#breadcrumb\"},\"inLanguage\":\"es\",\"potentialAction\":[{\"@type\":\"ReadAction\",\"target\":[\"https:\\\/\\\/exaudi.org\\\/es\\\/por-la-gracia-de-dios-v-domingo-ordinario\\\/\"]}]},{\"@type\":\"ImageObject\",\"inLanguage\":\"es\",\"@id\":\"https:\\\/\\\/exaudi.org\\\/es\\\/por-la-gracia-de-dios-v-domingo-ordinario\\\/#primaryimage\",\"url\":\"https:\\\/\\\/exaudi.org\\\/wp-content\\\/uploads\\\/2022\\\/01\\\/Disen\u0303o-sin-ti\u0301tulo-63.jpg\",\"contentUrl\":\"https:\\\/\\\/exaudi.org\\\/wp-content\\\/uploads\\\/2022\\\/01\\\/Disen\u0303o-sin-ti\u0301tulo-63.jpg\",\"width\":1500,\"height\":1000,\"caption\":\"Persona reflexionando \u00a9 Canva\"},{\"@type\":\"BreadcrumbList\",\"@id\":\"https:\\\/\\\/exaudi.org\\\/es\\\/por-la-gracia-de-dios-v-domingo-ordinario\\\/#breadcrumb\",\"itemListElement\":[{\"@type\":\"ListItem\",\"position\":1,\"name\":\"Portada\",\"item\":\"https:\\\/\\\/exaudi.org\\\/es\\\/\"},{\"@type\":\"ListItem\",\"position\":2,\"name\":\"Por la gracia de Dios V Domingo Ordinario: Reflexi\u00f3n de Mons. Enrique D\u00edaz\"}]},{\"@type\":\"WebSite\",\"@id\":\"https:\\\/\\\/exaudi.org\\\/#website\",\"url\":\"https:\\\/\\\/exaudi.org\\\/\",\"name\":\"Exaudi\",\"description\":\"News\",\"potentialAction\":[{\"@type\":\"SearchAction\",\"target\":{\"@type\":\"EntryPoint\",\"urlTemplate\":\"https:\\\/\\\/exaudi.org\\\/?s={search_term_string}\"},\"query-input\":{\"@type\":\"PropertyValueSpecification\",\"valueRequired\":true,\"valueName\":\"search_term_string\"}}],\"inLanguage\":\"es\"},{\"@type\":\"Person\",\"@id\":\"https:\\\/\\\/exaudi.org\\\/#\\\/schema\\\/person\\\/c02ffbd10830fa375f6882f7dcf1844d\",\"name\":\"Enrique D\u00edaz\",\"image\":{\"@type\":\"ImageObject\",\"inLanguage\":\"es\",\"@id\":\"https:\\\/\\\/secure.gravatar.com\\\/avatar\\\/7ca10be5325a95d04b74082d68ba605aa69611eb0f68f47096cb1bc349873284?s=96&d=mm&r=g\",\"url\":\"https:\\\/\\\/secure.gravatar.com\\\/avatar\\\/7ca10be5325a95d04b74082d68ba605aa69611eb0f68f47096cb1bc349873284?s=96&d=mm&r=g\",\"contentUrl\":\"https:\\\/\\\/secure.gravatar.com\\\/avatar\\\/7ca10be5325a95d04b74082d68ba605aa69611eb0f68f47096cb1bc349873284?s=96&d=mm&r=g\",\"caption\":\"Enrique D\u00edaz\"},\"description\":\"Naci\u00f3 en Huandacareo, Michoac\u00e1n, M\u00e9xico, en 1952. Realiz\u00f3 sus estudios de Filosof\u00eda y Teolog\u00eda en el Seminario de Morelia. Ordenado di\u00e1cono el 22 de mayo de 1977, y presb\u00edtero el 23 de octubre del mismo a\u00f1o. Obtuvo la Licenciatura en Sagrada Escritura en el Pontificio Instituto B\u00edblico en Roma. Ha desarrollado m\u00faltiples encargos pastorales como el de capell\u00e1n de la rector\u00eda de las Tres Aves Mar\u00edas; responsable de la Pastoral B\u00edblica Diocesana y director de la Escuela B\u00edblica en Morelia; maestro de Biblia en el Seminario Conciliar de Morelia, p\u00e1rroco de la Parroquia de Nuestra Se\u00f1ora de Guadalupe, Col. Guadalupe, Morelia; o vicario episcopal para la Zona de Nuestra Se\u00f1ora de la Luz, P\u00e1tzcuaro. Ordenado obispo auxiliar de san Crist\u00f3bal de las Casas en 2003. En la Conferencia Episcopal form\u00f3 parte de las Comisiones de Biblia, Diaconado y Ministerios Laicales. Fue responsable de las Dimensiones de Ministerios Laicales, de Educaci\u00f3n y Cultura. Ha participado en encuentros latinoamericanos y mundiales sobre el Diaconado Permanente. Actualmente es el responsable de la Dimensi\u00f3n de Pastoral de la Cultura. Particip\u00f3 como Miembro del S\u00ednodo de Obispos sobre la Palabra de Dios en la Vida y Misi\u00f3n de la Iglesia en Roma, en 2008. Recibi\u00f3 el nombramiento de obispo coadjutor de San Crist\u00f3bal de las Casas en 2014. Nombrado II obispo de Irapuato el d\u00eda 11 de marzo, tom\u00f3 posesi\u00f3n el 19 de Mayo. Colabora en varias revistas y publicaciones sobre todo con la reflexi\u00f3n diaria y dominical tanto en audio como escrita.\",\"url\":\"https:\\\/\\\/exaudi.org\\\/es\\\/author\\\/enriquediaz\\\/\"}]}<\/script>\n<!-- \/ Yoast SEO plugin. -->","yoast_head_json":{"title":"Por la gracia de Dios V Domingo Ordinario: Reflexi\u00f3n de Mons. Enrique D\u00edaz &#8211; Exaudi","description":"En su reflexi\u00f3n sobre el Evangelio monse\u00f1or Enrique D\u00edaz se centra en el tema \u201cPor la gracia de Dios V Domingo Ordinario\u201d.","robots":{"index":"index","follow":"follow","max-snippet":"max-snippet:-1","max-image-preview":"max-image-preview:large","max-video-preview":"max-video-preview:-1"},"canonical":"https:\/\/exaudi.org\/es\/por-la-gracia-de-dios-v-domingo-ordinario\/","og_locale":"es_ES","og_type":"article","og_title":"Por la gracia de Dios V Domingo Ordinario: Reflexi\u00f3n de Mons. Enrique D\u00edaz &#8211; Exaudi","og_description":"En su reflexi\u00f3n sobre el Evangelio monse\u00f1or Enrique D\u00edaz se centra en el tema \u201cPor la gracia de Dios V Domingo Ordinario\u201d.","og_url":"https:\/\/exaudi.org\/es\/por-la-gracia-de-dios-v-domingo-ordinario\/","og_site_name":"Exaudi","article_publisher":"https:\/\/www.facebook.com\/ExaudiNews","article_published_time":"2022-02-03T07:00:47+00:00","og_image":[{"width":1500,"height":1000,"url":"https:\/\/exaudi.org\/wp-content\/uploads\/2022\/01\/Disen\u0303o-sin-ti\u0301tulo-63.jpg","type":"image\/jpeg"}],"author":"Enrique D\u00edaz","twitter_card":"summary_large_image","twitter_creator":"@Exaudi_News","twitter_site":"@Exaudi_News","twitter_misc":{"Escrito por":"Enrique D\u00edaz","Tiempo de lectura":"5 minutos"},"schema":{"@context":"https:\/\/schema.org","@graph":[{"@type":"Article","@id":"https:\/\/exaudi.org\/es\/por-la-gracia-de-dios-v-domingo-ordinario\/#article","isPartOf":{"@id":"https:\/\/exaudi.org\/es\/por-la-gracia-de-dios-v-domingo-ordinario\/"},"author":{"name":"Enrique D\u00edaz","@id":"https:\/\/exaudi.org\/#\/schema\/person\/c02ffbd10830fa375f6882f7dcf1844d"},"headline":"Por la gracia de Dios V Domingo Ordinario: Reflexi\u00f3n de Mons. Enrique D\u00edaz","datePublished":"2022-02-03T07:00:47+00:00","mainEntityOfPage":{"@id":"https:\/\/exaudi.org\/es\/por-la-gracia-de-dios-v-domingo-ordinario\/"},"wordCount":1117,"image":{"@id":"https:\/\/exaudi.org\/es\/por-la-gracia-de-dios-v-domingo-ordinario\/#primaryimage"},"thumbnailUrl":"https:\/\/exaudi.org\/wp-content\/uploads\/2022\/01\/Disen\u0303o-sin-ti\u0301tulo-63.jpg","keywords":["Monse\u00f1or Enrique D\u00edaz","Trending","V Domingo Ordinario"],"articleSection":["Espiritualidad"],"inLanguage":"es"},{"@type":"WebPage","@id":"https:\/\/exaudi.org\/es\/por-la-gracia-de-dios-v-domingo-ordinario\/","url":"https:\/\/exaudi.org\/es\/por-la-gracia-de-dios-v-domingo-ordinario\/","name":"Por la gracia de Dios V Domingo Ordinario: Reflexi\u00f3n de Mons. Enrique D\u00edaz &#8211; Exaudi","isPartOf":{"@id":"https:\/\/exaudi.org\/#website"},"primaryImageOfPage":{"@id":"https:\/\/exaudi.org\/es\/por-la-gracia-de-dios-v-domingo-ordinario\/#primaryimage"},"image":{"@id":"https:\/\/exaudi.org\/es\/por-la-gracia-de-dios-v-domingo-ordinario\/#primaryimage"},"thumbnailUrl":"https:\/\/exaudi.org\/wp-content\/uploads\/2022\/01\/Disen\u0303o-sin-ti\u0301tulo-63.jpg","datePublished":"2022-02-03T07:00:47+00:00","author":{"@id":"https:\/\/exaudi.org\/#\/schema\/person\/c02ffbd10830fa375f6882f7dcf1844d"},"description":"En su reflexi\u00f3n sobre el Evangelio monse\u00f1or Enrique D\u00edaz se centra en el tema \u201cPor la gracia de Dios V Domingo Ordinario\u201d.","breadcrumb":{"@id":"https:\/\/exaudi.org\/es\/por-la-gracia-de-dios-v-domingo-ordinario\/#breadcrumb"},"inLanguage":"es","potentialAction":[{"@type":"ReadAction","target":["https:\/\/exaudi.org\/es\/por-la-gracia-de-dios-v-domingo-ordinario\/"]}]},{"@type":"ImageObject","inLanguage":"es","@id":"https:\/\/exaudi.org\/es\/por-la-gracia-de-dios-v-domingo-ordinario\/#primaryimage","url":"https:\/\/exaudi.org\/wp-content\/uploads\/2022\/01\/Disen\u0303o-sin-ti\u0301tulo-63.jpg","contentUrl":"https:\/\/exaudi.org\/wp-content\/uploads\/2022\/01\/Disen\u0303o-sin-ti\u0301tulo-63.jpg","width":1500,"height":1000,"caption":"Persona reflexionando \u00a9 Canva"},{"@type":"BreadcrumbList","@id":"https:\/\/exaudi.org\/es\/por-la-gracia-de-dios-v-domingo-ordinario\/#breadcrumb","itemListElement":[{"@type":"ListItem","position":1,"name":"Portada","item":"https:\/\/exaudi.org\/es\/"},{"@type":"ListItem","position":2,"name":"Por la gracia de Dios V Domingo Ordinario: Reflexi\u00f3n de Mons. Enrique D\u00edaz"}]},{"@type":"WebSite","@id":"https:\/\/exaudi.org\/#website","url":"https:\/\/exaudi.org\/","name":"Exaudi","description":"News","potentialAction":[{"@type":"SearchAction","target":{"@type":"EntryPoint","urlTemplate":"https:\/\/exaudi.org\/?s={search_term_string}"},"query-input":{"@type":"PropertyValueSpecification","valueRequired":true,"valueName":"search_term_string"}}],"inLanguage":"es"},{"@type":"Person","@id":"https:\/\/exaudi.org\/#\/schema\/person\/c02ffbd10830fa375f6882f7dcf1844d","name":"Enrique D\u00edaz","image":{"@type":"ImageObject","inLanguage":"es","@id":"https:\/\/secure.gravatar.com\/avatar\/7ca10be5325a95d04b74082d68ba605aa69611eb0f68f47096cb1bc349873284?s=96&d=mm&r=g","url":"https:\/\/secure.gravatar.com\/avatar\/7ca10be5325a95d04b74082d68ba605aa69611eb0f68f47096cb1bc349873284?s=96&d=mm&r=g","contentUrl":"https:\/\/secure.gravatar.com\/avatar\/7ca10be5325a95d04b74082d68ba605aa69611eb0f68f47096cb1bc349873284?s=96&d=mm&r=g","caption":"Enrique D\u00edaz"},"description":"Naci\u00f3 en Huandacareo, Michoac\u00e1n, M\u00e9xico, en 1952. Realiz\u00f3 sus estudios de Filosof\u00eda y Teolog\u00eda en el Seminario de Morelia. Ordenado di\u00e1cono el 22 de mayo de 1977, y presb\u00edtero el 23 de octubre del mismo a\u00f1o. Obtuvo la Licenciatura en Sagrada Escritura en el Pontificio Instituto B\u00edblico en Roma. Ha desarrollado m\u00faltiples encargos pastorales como el de capell\u00e1n de la rector\u00eda de las Tres Aves Mar\u00edas; responsable de la Pastoral B\u00edblica Diocesana y director de la Escuela B\u00edblica en Morelia; maestro de Biblia en el Seminario Conciliar de Morelia, p\u00e1rroco de la Parroquia de Nuestra Se\u00f1ora de Guadalupe, Col. Guadalupe, Morelia; o vicario episcopal para la Zona de Nuestra Se\u00f1ora de la Luz, P\u00e1tzcuaro. Ordenado obispo auxiliar de san Crist\u00f3bal de las Casas en 2003. En la Conferencia Episcopal form\u00f3 parte de las Comisiones de Biblia, Diaconado y Ministerios Laicales. Fue responsable de las Dimensiones de Ministerios Laicales, de Educaci\u00f3n y Cultura. Ha participado en encuentros latinoamericanos y mundiales sobre el Diaconado Permanente. Actualmente es el responsable de la Dimensi\u00f3n de Pastoral de la Cultura. Particip\u00f3 como Miembro del S\u00ednodo de Obispos sobre la Palabra de Dios en la Vida y Misi\u00f3n de la Iglesia en Roma, en 2008. Recibi\u00f3 el nombramiento de obispo coadjutor de San Crist\u00f3bal de las Casas en 2014. Nombrado II obispo de Irapuato el d\u00eda 11 de marzo, tom\u00f3 posesi\u00f3n el 19 de Mayo. Colabora en varias revistas y publicaciones sobre todo con la reflexi\u00f3n diaria y dominical tanto en audio como escrita.","url":"https:\/\/exaudi.org\/es\/author\/enriquediaz\/"}]}},"jetpack_featured_media_url":"https:\/\/exaudi.org\/wp-content\/uploads\/2022\/01\/Disen\u0303o-sin-ti\u0301tulo-63.jpg","jetpack_shortlink":"https:\/\/wp.me\/pgKjF2-db8","_links":{"self":[{"href":"https:\/\/exaudi.org\/es\/wp-json\/wp\/v2\/posts\/50662","targetHints":{"allow":["GET"]}}],"collection":[{"href":"https:\/\/exaudi.org\/es\/wp-json\/wp\/v2\/posts"}],"about":[{"href":"https:\/\/exaudi.org\/es\/wp-json\/wp\/v2\/types\/post"}],"author":[{"embeddable":true,"href":"https:\/\/exaudi.org\/es\/wp-json\/wp\/v2\/users\/25"}],"replies":[{"embeddable":true,"href":"https:\/\/exaudi.org\/es\/wp-json\/wp\/v2\/comments?post=50662"}],"version-history":[{"count":0,"href":"https:\/\/exaudi.org\/es\/wp-json\/wp\/v2\/posts\/50662\/revisions"}],"wp:featuredmedia":[{"embeddable":true,"href":"https:\/\/exaudi.org\/es\/wp-json\/wp\/v2\/media\/50666"}],"wp:attachment":[{"href":"https:\/\/exaudi.org\/es\/wp-json\/wp\/v2\/media?parent=50662"}],"wp:term":[{"taxonomy":"category","embeddable":true,"href":"https:\/\/exaudi.org\/es\/wp-json\/wp\/v2\/categories?post=50662"},{"taxonomy":"post_tag","embeddable":true,"href":"https:\/\/exaudi.org\/es\/wp-json\/wp\/v2\/tags?post=50662"}],"curies":[{"name":"wp","href":"https:\/\/api.w.org\/{rel}","templated":true}]}}