{"id":50657,"date":"2022-01-31T09:32:42","date_gmt":"2022-01-31T08:32:42","guid":{"rendered":"https:\/\/exaudi.org\/?p=50657"},"modified":"2022-01-31T14:14:20","modified_gmt":"2022-01-31T13:14:20","slug":"mattarella-saludos-del-papa-y-de-la-conferencia-episcopal-italiana","status":"publish","type":"post","link":"https:\/\/exaudi.org\/es\/mattarella-saludos-del-papa-y-de-la-conferencia-episcopal-italiana\/","title":{"rendered":"Mattarella, saludos del Papa y de la Conferencia Episcopal Italiana"},"content":{"rendered":"<p>Tanto el Santo Padre como los dirigentes de la <a href=\"https:\/\/www.chiesacattolica.it\/\" target=\"_blank\" rel=\"noopener\">Conferencia Episcopal Italiana<\/a> han expresado su satisfacci\u00f3n por la reelecci\u00f3n de <a href=\"https:\/\/exaudi.org\/es\/el-papa-se-reune-con-el-presidente-de-la-republica-italiana\/\" target=\"_blank\" rel=\"noopener\">Sergio Mattarella<\/a> como presidente de la Rep\u00fablica de Italia. Inmediatamente despu\u00e9s del resultado de la octava votaci\u00f3n, que certific\u00f3 la elecci\u00f3n de Mattarella como el m\u00e1s votado de la historia de la Rep\u00fablica despu\u00e9s de Pertini, el Papa envi\u00f3 el siguiente telegrama de felicitaci\u00f3n al Jefe del Estado:<\/p>\n<h2>El telegrama del Papa<\/h2>\n<p>Deseo transmitirle mi cordial felicitaci\u00f3n por su reelecci\u00f3n para el cargo supremo de la Rep\u00fablica Italiana y expresarle mis mejores deseos para el cumplimiento de su elevada tarea, que ha aceptado con un esp\u00edritu de generosa disponibilidad. En estos tiempos marcados por la pandemia, en los que se han extendido muchas dificultades e incertidumbres, sobre todo en el \u00e1mbito laboral, y ha aumentado el miedo junto con la pobreza, lo que lleva al repliegue sobre uno mismo, vuestro servicio es a\u00fan m\u00e1s esencial para consolidar la unidad y transmitir serenidad al pa\u00eds.<\/p>\n<p>Os aseguro mis oraciones para que sig\u00e1is apoyando al querido pueblo italiano en la construcci\u00f3n de una convivencia cada vez m\u00e1s fraterna y le anim\u00e9is a afrontar el futuro con esperanza. Que los santos patronos de Italia te acompa\u00f1en e intercedan por ti.<\/p>\n<h2>Mensaje de Bassetti<\/h2>\n<p>El cardenal Gualtiero Bassetti, arzobispo de Perugia y presidente de la Conferencia Episcopal Italiana, tambi\u00e9n envi\u00f3 un c\u00e1lido mensaje a Mattarella:<\/p>\n<p>Estimado se\u00f1or presidente, la Constituci\u00f3n asigna al Jefe de Estado la tarea de representar la unidad nacional. En la legislatura de siete a\u00f1os que acaba de concluir, usted ha dado l\u00edmpido testimonio de esta prerrogativa constitucional, traducida en su Mensaje al Parlamento el d\u00eda de su juramento (3 de febrero de 2015) con la imagen efectiva de \u201c\u00e1rbitro, garante de la Constituci\u00f3n\u201d.<\/p>\n<p>Al acoger respetuosa y calurosamente su reelecci\u00f3n como presidente de la Rep\u00fablica, en virtud de una amplia mayor\u00eda de votos del Parlamento en sesi\u00f3n, expreso en nombre de la Iglesia en Italia mi deseo de que su mandato se desarrolle bajo la bandera de aquellos valores de libertad y solidaridad contenidos en la Carta Constitucional de la que usted ha sido siempre un activo y riguroso garante.<\/p>\n<p>Su ejemplo como hombre y estadista, su esp\u00edritu de servicio y sacrificio, que tambi\u00e9n ha demostrado en esta ocasi\u00f3n, son un punto de referencia para todos los ciudadanos, independientemente de sus afiliaciones y partidos pol\u00edticos.<\/p>\n<p>Estoy seguro de que en el ejercicio de su alto cargo no dejar\u00e1 de contribuir a la superaci\u00f3n de las desigualdades y fracturas que hieren el tejido de la comunidad nacional y que se ven exacerbadas por la emergencia pand\u00e9mica en curso.<\/p>\n<p>Os aseguro las oraciones de la Iglesia en Italia, confirmando la m\u00e1s leal colaboraci\u00f3n en la promoci\u00f3n de la dignidad de la persona humana y en la b\u00fasqueda del bien del pa\u00eds.<\/p>\n<p>Ya en los \u00faltimos d\u00edas, al presidir el consejo permanente de la Conferencia Episcopal Italiana, y luego en el comunicado final, Bassetti y los obispos italianos esperaban la elecci\u00f3n de una figura que pudiera desempe\u00f1ar un papel como el que ha jugado Mattarella. Por tanto, es comprensible la satisfacci\u00f3n por la confirmaci\u00f3n del presidente.<\/p>\n","protected":false},"excerpt":{"rendered":"<p>Telegrama de Francisco: Su servicio es a\u00fan m\u00e1s esencial para transmitir serenidad al pa\u00eds. La satisfacci\u00f3n de Bassetti<\/p>\n","protected":false},"author":16,"featured_media":50658,"comment_status":"closed","ping_status":"closed","sticky":false,"template":"","format":"standard","meta":{"_acf_changed":false,"_crdt_document":"","inline_featured_image":false,"footnotes":""},"categories":[68],"tags":[158,5234],"class_list":["post-50657","post","type-post","status-publish","format-standard","has-post-thumbnail","hentry","category-leon-xiv","tag-papa-francisco","tag-sergio-mattarella"],"acf":[],"yoast_head":"<!-- This site is optimized with the Yoast SEO plugin v27.4 - https:\/\/yoast.com\/product\/yoast-seo-wordpress\/ -->\n<title>Mattarella, saludos del Papa y de la Conferencia Episcopal Italiana &#8211; Exaudi<\/title>\n<meta name=\"description\" content=\"Mattarella, saludos del Papa y de la Conferencia Episcopal Italiana por la reelecci\u00f3n como presidente de la Rep\u00fablica.\" \/>\n<meta name=\"robots\" content=\"index, follow, max-snippet:-1, max-image-preview:large, max-video-preview:-1\" \/>\n<link rel=\"canonical\" href=\"https:\/\/exaudi.org\/es\/mattarella-saludos-del-papa-y-de-la-conferencia-episcopal-italiana\/\" \/>\n<meta property=\"og:locale\" content=\"es_ES\" \/>\n<meta property=\"og:type\" content=\"article\" \/>\n<meta property=\"og:title\" content=\"Mattarella, saludos del Papa y de la Conferencia Episcopal Italiana &#8211; Exaudi\" \/>\n<meta property=\"og:description\" content=\"Mattarella, saludos del Papa y de la Conferencia Episcopal Italiana por la reelecci\u00f3n como presidente de la Rep\u00fablica.\" \/>\n<meta property=\"og:url\" content=\"https:\/\/exaudi.org\/es\/mattarella-saludos-del-papa-y-de-la-conferencia-episcopal-italiana\/\" \/>\n<meta property=\"og:site_name\" content=\"Exaudi\" \/>\n<meta property=\"article:publisher\" content=\"https:\/\/www.facebook.com\/ExaudiNews\" \/>\n<meta property=\"article:published_time\" content=\"2022-01-31T08:32:42+00:00\" \/>\n<meta property=\"article:modified_time\" content=\"2022-01-31T13:14:20+00:00\" \/>\n<meta property=\"og:image\" content=\"https:\/\/exaudi.org\/wp-content\/uploads\/2022\/01\/mattarella-1155x770-1.jpeg\" \/>\n\t<meta property=\"og:image:width\" content=\"1155\" \/>\n\t<meta property=\"og:image:height\" content=\"770\" \/>\n\t<meta property=\"og:image:type\" content=\"image\/jpeg\" \/>\n<meta name=\"author\" content=\"Andrea Acali\" \/>\n<meta name=\"twitter:card\" content=\"summary_large_image\" \/>\n<meta name=\"twitter:creator\" content=\"@Exaudi_News\" \/>\n<meta name=\"twitter:site\" content=\"@Exaudi_News\" \/>\n<meta name=\"twitter:label1\" content=\"Escrito por\" \/>\n\t<meta name=\"twitter:data1\" content=\"Andrea Acali\" \/>\n\t<meta name=\"twitter:label2\" content=\"Tiempo de lectura\" \/>\n\t<meta name=\"twitter:data2\" content=\"3 minutos\" \/>\n<script type=\"application\/ld+json\" class=\"yoast-schema-graph\">{\"@context\":\"https:\\\/\\\/schema.org\",\"@graph\":[{\"@type\":\"Article\",\"@id\":\"https:\\\/\\\/exaudi.org\\\/es\\\/mattarella-saludos-del-papa-y-de-la-conferencia-episcopal-italiana\\\/#article\",\"isPartOf\":{\"@id\":\"https:\\\/\\\/exaudi.org\\\/es\\\/mattarella-saludos-del-papa-y-de-la-conferencia-episcopal-italiana\\\/\"},\"author\":{\"name\":\"Andrea Acali\",\"@id\":\"https:\\\/\\\/exaudi.org\\\/#\\\/schema\\\/person\\\/b8e8ff2fce804e1cda53a9d7b1559b58\"},\"headline\":\"Mattarella, saludos del Papa y de la Conferencia Episcopal Italiana\",\"datePublished\":\"2022-01-31T08:32:42+00:00\",\"dateModified\":\"2022-01-31T13:14:20+00:00\",\"mainEntityOfPage\":{\"@id\":\"https:\\\/\\\/exaudi.org\\\/es\\\/mattarella-saludos-del-papa-y-de-la-conferencia-episcopal-italiana\\\/\"},\"wordCount\":581,\"image\":{\"@id\":\"https:\\\/\\\/exaudi.org\\\/es\\\/mattarella-saludos-del-papa-y-de-la-conferencia-episcopal-italiana\\\/#primaryimage\"},\"thumbnailUrl\":\"https:\\\/\\\/exaudi.org\\\/wp-content\\\/uploads\\\/2022\\\/01\\\/mattarella-1155x770-1.jpeg\",\"keywords\":[\"papa francisco\",\"Sergio Mattarella\"],\"articleSection\":[\"Le\u00f3n XIV\"],\"inLanguage\":\"es\"},{\"@type\":\"WebPage\",\"@id\":\"https:\\\/\\\/exaudi.org\\\/es\\\/mattarella-saludos-del-papa-y-de-la-conferencia-episcopal-italiana\\\/\",\"url\":\"https:\\\/\\\/exaudi.org\\\/es\\\/mattarella-saludos-del-papa-y-de-la-conferencia-episcopal-italiana\\\/\",\"name\":\"Mattarella, saludos del Papa y de la Conferencia Episcopal Italiana &#8211; Exaudi\",\"isPartOf\":{\"@id\":\"https:\\\/\\\/exaudi.org\\\/#website\"},\"primaryImageOfPage\":{\"@id\":\"https:\\\/\\\/exaudi.org\\\/es\\\/mattarella-saludos-del-papa-y-de-la-conferencia-episcopal-italiana\\\/#primaryimage\"},\"image\":{\"@id\":\"https:\\\/\\\/exaudi.org\\\/es\\\/mattarella-saludos-del-papa-y-de-la-conferencia-episcopal-italiana\\\/#primaryimage\"},\"thumbnailUrl\":\"https:\\\/\\\/exaudi.org\\\/wp-content\\\/uploads\\\/2022\\\/01\\\/mattarella-1155x770-1.jpeg\",\"datePublished\":\"2022-01-31T08:32:42+00:00\",\"dateModified\":\"2022-01-31T13:14:20+00:00\",\"author\":{\"@id\":\"https:\\\/\\\/exaudi.org\\\/#\\\/schema\\\/person\\\/b8e8ff2fce804e1cda53a9d7b1559b58\"},\"description\":\"Mattarella, saludos del Papa y de la Conferencia Episcopal Italiana por la reelecci\u00f3n como presidente de la Rep\u00fablica.\",\"breadcrumb\":{\"@id\":\"https:\\\/\\\/exaudi.org\\\/es\\\/mattarella-saludos-del-papa-y-de-la-conferencia-episcopal-italiana\\\/#breadcrumb\"},\"inLanguage\":\"es\",\"potentialAction\":[{\"@type\":\"ReadAction\",\"target\":[\"https:\\\/\\\/exaudi.org\\\/es\\\/mattarella-saludos-del-papa-y-de-la-conferencia-episcopal-italiana\\\/\"]}]},{\"@type\":\"ImageObject\",\"inLanguage\":\"es\",\"@id\":\"https:\\\/\\\/exaudi.org\\\/es\\\/mattarella-saludos-del-papa-y-de-la-conferencia-episcopal-italiana\\\/#primaryimage\",\"url\":\"https:\\\/\\\/exaudi.org\\\/wp-content\\\/uploads\\\/2022\\\/01\\\/mattarella-1155x770-1.jpeg\",\"contentUrl\":\"https:\\\/\\\/exaudi.org\\\/wp-content\\\/uploads\\\/2022\\\/01\\\/mattarella-1155x770-1.jpeg\",\"width\":1155,\"height\":770,\"caption\":\"El Papa con Sergio Mattarella como presidente de la Rep\u00fablica \u00a9 Vatican Media\"},{\"@type\":\"BreadcrumbList\",\"@id\":\"https:\\\/\\\/exaudi.org\\\/es\\\/mattarella-saludos-del-papa-y-de-la-conferencia-episcopal-italiana\\\/#breadcrumb\",\"itemListElement\":[{\"@type\":\"ListItem\",\"position\":1,\"name\":\"Portada\",\"item\":\"https:\\\/\\\/exaudi.org\\\/es\\\/\"},{\"@type\":\"ListItem\",\"position\":2,\"name\":\"Mattarella, saludos del Papa y de la Conferencia Episcopal Italiana\"}]},{\"@type\":\"WebSite\",\"@id\":\"https:\\\/\\\/exaudi.org\\\/#website\",\"url\":\"https:\\\/\\\/exaudi.org\\\/\",\"name\":\"Exaudi\",\"description\":\"News\",\"potentialAction\":[{\"@type\":\"SearchAction\",\"target\":{\"@type\":\"EntryPoint\",\"urlTemplate\":\"https:\\\/\\\/exaudi.org\\\/?s={search_term_string}\"},\"query-input\":{\"@type\":\"PropertyValueSpecification\",\"valueRequired\":true,\"valueName\":\"search_term_string\"}}],\"inLanguage\":\"es\"},{\"@type\":\"Person\",\"@id\":\"https:\\\/\\\/exaudi.org\\\/#\\\/schema\\\/person\\\/b8e8ff2fce804e1cda53a9d7b1559b58\",\"name\":\"Andrea Acali\",\"image\":{\"@type\":\"ImageObject\",\"inLanguage\":\"es\",\"@id\":\"https:\\\/\\\/secure.gravatar.com\\\/avatar\\\/d4ea222b8a5a507f1fb0e11ae86fdca2e5aa45c01e90d0bf7b168dbb9cba667d?s=96&d=mm&r=g\",\"url\":\"https:\\\/\\\/secure.gravatar.com\\\/avatar\\\/d4ea222b8a5a507f1fb0e11ae86fdca2e5aa45c01e90d0bf7b168dbb9cba667d?s=96&d=mm&r=g\",\"contentUrl\":\"https:\\\/\\\/secure.gravatar.com\\\/avatar\\\/d4ea222b8a5a507f1fb0e11ae86fdca2e5aa45c01e90d0bf7b168dbb9cba667d?s=96&d=mm&r=g\",\"caption\":\"Andrea Acali\"},\"url\":\"https:\\\/\\\/exaudi.org\\\/es\\\/author\\\/dli-org\\\/\"}]}<\/script>\n<!-- \/ Yoast SEO plugin. -->","yoast_head_json":{"title":"Mattarella, saludos del Papa y de la Conferencia Episcopal Italiana &#8211; Exaudi","description":"Mattarella, saludos del Papa y de la Conferencia Episcopal Italiana por la reelecci\u00f3n como presidente de la Rep\u00fablica.","robots":{"index":"index","follow":"follow","max-snippet":"max-snippet:-1","max-image-preview":"max-image-preview:large","max-video-preview":"max-video-preview:-1"},"canonical":"https:\/\/exaudi.org\/es\/mattarella-saludos-del-papa-y-de-la-conferencia-episcopal-italiana\/","og_locale":"es_ES","og_type":"article","og_title":"Mattarella, saludos del Papa y de la Conferencia Episcopal Italiana &#8211; Exaudi","og_description":"Mattarella, saludos del Papa y de la Conferencia Episcopal Italiana por la reelecci\u00f3n como presidente de la Rep\u00fablica.","og_url":"https:\/\/exaudi.org\/es\/mattarella-saludos-del-papa-y-de-la-conferencia-episcopal-italiana\/","og_site_name":"Exaudi","article_publisher":"https:\/\/www.facebook.com\/ExaudiNews","article_published_time":"2022-01-31T08:32:42+00:00","article_modified_time":"2022-01-31T13:14:20+00:00","og_image":[{"width":1155,"height":770,"url":"https:\/\/exaudi.org\/wp-content\/uploads\/2022\/01\/mattarella-1155x770-1.jpeg","type":"image\/jpeg"}],"author":"Andrea Acali","twitter_card":"summary_large_image","twitter_creator":"@Exaudi_News","twitter_site":"@Exaudi_News","twitter_misc":{"Escrito por":"Andrea Acali","Tiempo de lectura":"3 minutos"},"schema":{"@context":"https:\/\/schema.org","@graph":[{"@type":"Article","@id":"https:\/\/exaudi.org\/es\/mattarella-saludos-del-papa-y-de-la-conferencia-episcopal-italiana\/#article","isPartOf":{"@id":"https:\/\/exaudi.org\/es\/mattarella-saludos-del-papa-y-de-la-conferencia-episcopal-italiana\/"},"author":{"name":"Andrea Acali","@id":"https:\/\/exaudi.org\/#\/schema\/person\/b8e8ff2fce804e1cda53a9d7b1559b58"},"headline":"Mattarella, saludos del Papa y de la Conferencia Episcopal Italiana","datePublished":"2022-01-31T08:32:42+00:00","dateModified":"2022-01-31T13:14:20+00:00","mainEntityOfPage":{"@id":"https:\/\/exaudi.org\/es\/mattarella-saludos-del-papa-y-de-la-conferencia-episcopal-italiana\/"},"wordCount":581,"image":{"@id":"https:\/\/exaudi.org\/es\/mattarella-saludos-del-papa-y-de-la-conferencia-episcopal-italiana\/#primaryimage"},"thumbnailUrl":"https:\/\/exaudi.org\/wp-content\/uploads\/2022\/01\/mattarella-1155x770-1.jpeg","keywords":["papa francisco","Sergio Mattarella"],"articleSection":["Le\u00f3n XIV"],"inLanguage":"es"},{"@type":"WebPage","@id":"https:\/\/exaudi.org\/es\/mattarella-saludos-del-papa-y-de-la-conferencia-episcopal-italiana\/","url":"https:\/\/exaudi.org\/es\/mattarella-saludos-del-papa-y-de-la-conferencia-episcopal-italiana\/","name":"Mattarella, saludos del Papa y de la Conferencia Episcopal Italiana &#8211; Exaudi","isPartOf":{"@id":"https:\/\/exaudi.org\/#website"},"primaryImageOfPage":{"@id":"https:\/\/exaudi.org\/es\/mattarella-saludos-del-papa-y-de-la-conferencia-episcopal-italiana\/#primaryimage"},"image":{"@id":"https:\/\/exaudi.org\/es\/mattarella-saludos-del-papa-y-de-la-conferencia-episcopal-italiana\/#primaryimage"},"thumbnailUrl":"https:\/\/exaudi.org\/wp-content\/uploads\/2022\/01\/mattarella-1155x770-1.jpeg","datePublished":"2022-01-31T08:32:42+00:00","dateModified":"2022-01-31T13:14:20+00:00","author":{"@id":"https:\/\/exaudi.org\/#\/schema\/person\/b8e8ff2fce804e1cda53a9d7b1559b58"},"description":"Mattarella, saludos del Papa y de la Conferencia Episcopal Italiana por la reelecci\u00f3n como presidente de la Rep\u00fablica.","breadcrumb":{"@id":"https:\/\/exaudi.org\/es\/mattarella-saludos-del-papa-y-de-la-conferencia-episcopal-italiana\/#breadcrumb"},"inLanguage":"es","potentialAction":[{"@type":"ReadAction","target":["https:\/\/exaudi.org\/es\/mattarella-saludos-del-papa-y-de-la-conferencia-episcopal-italiana\/"]}]},{"@type":"ImageObject","inLanguage":"es","@id":"https:\/\/exaudi.org\/es\/mattarella-saludos-del-papa-y-de-la-conferencia-episcopal-italiana\/#primaryimage","url":"https:\/\/exaudi.org\/wp-content\/uploads\/2022\/01\/mattarella-1155x770-1.jpeg","contentUrl":"https:\/\/exaudi.org\/wp-content\/uploads\/2022\/01\/mattarella-1155x770-1.jpeg","width":1155,"height":770,"caption":"El Papa con Sergio Mattarella como presidente de la Rep\u00fablica \u00a9 Vatican Media"},{"@type":"BreadcrumbList","@id":"https:\/\/exaudi.org\/es\/mattarella-saludos-del-papa-y-de-la-conferencia-episcopal-italiana\/#breadcrumb","itemListElement":[{"@type":"ListItem","position":1,"name":"Portada","item":"https:\/\/exaudi.org\/es\/"},{"@type":"ListItem","position":2,"name":"Mattarella, saludos del Papa y de la Conferencia Episcopal Italiana"}]},{"@type":"WebSite","@id":"https:\/\/exaudi.org\/#website","url":"https:\/\/exaudi.org\/","name":"Exaudi","description":"News","potentialAction":[{"@type":"SearchAction","target":{"@type":"EntryPoint","urlTemplate":"https:\/\/exaudi.org\/?s={search_term_string}"},"query-input":{"@type":"PropertyValueSpecification","valueRequired":true,"valueName":"search_term_string"}}],"inLanguage":"es"},{"@type":"Person","@id":"https:\/\/exaudi.org\/#\/schema\/person\/b8e8ff2fce804e1cda53a9d7b1559b58","name":"Andrea Acali","image":{"@type":"ImageObject","inLanguage":"es","@id":"https:\/\/secure.gravatar.com\/avatar\/d4ea222b8a5a507f1fb0e11ae86fdca2e5aa45c01e90d0bf7b168dbb9cba667d?s=96&d=mm&r=g","url":"https:\/\/secure.gravatar.com\/avatar\/d4ea222b8a5a507f1fb0e11ae86fdca2e5aa45c01e90d0bf7b168dbb9cba667d?s=96&d=mm&r=g","contentUrl":"https:\/\/secure.gravatar.com\/avatar\/d4ea222b8a5a507f1fb0e11ae86fdca2e5aa45c01e90d0bf7b168dbb9cba667d?s=96&d=mm&r=g","caption":"Andrea Acali"},"url":"https:\/\/exaudi.org\/es\/author\/dli-org\/"}]}},"jetpack_featured_media_url":"https:\/\/exaudi.org\/wp-content\/uploads\/2022\/01\/mattarella-1155x770-1.jpeg","jetpack_shortlink":"https:\/\/wp.me\/pgKjF2-db3","_links":{"self":[{"href":"https:\/\/exaudi.org\/es\/wp-json\/wp\/v2\/posts\/50657","targetHints":{"allow":["GET"]}}],"collection":[{"href":"https:\/\/exaudi.org\/es\/wp-json\/wp\/v2\/posts"}],"about":[{"href":"https:\/\/exaudi.org\/es\/wp-json\/wp\/v2\/types\/post"}],"author":[{"embeddable":true,"href":"https:\/\/exaudi.org\/es\/wp-json\/wp\/v2\/users\/16"}],"replies":[{"embeddable":true,"href":"https:\/\/exaudi.org\/es\/wp-json\/wp\/v2\/comments?post=50657"}],"version-history":[{"count":0,"href":"https:\/\/exaudi.org\/es\/wp-json\/wp\/v2\/posts\/50657\/revisions"}],"wp:featuredmedia":[{"embeddable":true,"href":"https:\/\/exaudi.org\/es\/wp-json\/wp\/v2\/media\/50658"}],"wp:attachment":[{"href":"https:\/\/exaudi.org\/es\/wp-json\/wp\/v2\/media?parent=50657"}],"wp:term":[{"taxonomy":"category","embeddable":true,"href":"https:\/\/exaudi.org\/es\/wp-json\/wp\/v2\/categories?post=50657"},{"taxonomy":"post_tag","embeddable":true,"href":"https:\/\/exaudi.org\/es\/wp-json\/wp\/v2\/tags?post=50657"}],"curies":[{"name":"wp","href":"https:\/\/api.w.org\/{rel}","templated":true}]}}