{"id":50620,"date":"2022-01-30T15:07:42","date_gmt":"2022-01-30T14:07:42","guid":{"rendered":"https:\/\/exaudi.org\/?p=50620"},"modified":"2022-01-31T00:36:49","modified_gmt":"2022-01-30T23:36:49","slug":"el-papa-se-necesita-humildad-para-encontrar-a-dios","status":"publish","type":"post","link":"https:\/\/exaudi.org\/es\/el-papa-se-necesita-humildad-para-encontrar-a-dios\/","title":{"rendered":"El Papa: \u201cSe necesita humildad para encontrar a Dios\u201d"},"content":{"rendered":"<p>\u201cSe necesita humildad para encontrar a Dios, para dejarnos encontrar por \u00c9l\u201d. As\u00ed lo dijo el Papa Francisco en el <a href=\"https:\/\/exaudi.org\/es\/jovenes-de-la-accion-catolica-reparemos-la-paz\/\" target=\"_blank\" rel=\"noopener\">\u00c1ngelus<\/a>, de este domingo, 30 de enero de 2022, comentando el pasaje del Evangelio de Lucas en el que Jes\u00fas es rechazado por sus conciudadanos.<\/p>\n<p>El Papa record\u00f3 el Evangelio de hoy, \u201cque narra la primera predicaci\u00f3n de Jes\u00fas en su propio pueblo, Nazaret. El resultado es amargo: en lugar de recibir aprobaci\u00f3n, Jes\u00fas encuentra incomprensi\u00f3n y tambi\u00e9n hostilidad\u201d. El Santo Padre a\u00f1adi\u00f3, \u201cHermanos y hermanas, tambi\u00e9n Jes\u00fas recorre el camino de los profetas: se presenta como no nos lo esperamos. No lo encuentra quien busca milagros. Solo lo encuentra, en cambio, quien acepta sus caminos y sus desaf\u00edos, sin quejas, sin sospechas, sin cr\u00edticas ni caras largas. En otras palabras, Jes\u00fas te pide que lo acojas en la realidad cotidiana que vives\u201d.<\/p>\n<p>\u201cAnte nuestras cerrazones\u201d, destac\u00f3 el Santo Padre, \u201cDios no retrocede:\u00a0<em>no pone frenos a su amor<\/em>. Ante nuestras cerrazones, \u00c9l sigue adelante. Sin embargo, se necesita una actitud de acogida que se traduzca en disponibilidad y humildad\u201d.<\/p>\n<p>El Papa Francisco invit\u00f3, \u201ca purificarnos en el r\u00edo de la disponibilidad, y en tantos y saludables ba\u00f1os de humildad. Se necesita humildad para encontrar a Dios, para dejarnos encontrar por \u00c9l\u201d.<\/p>\n<p>A continuaci\u00f3n, siguen las palabras del Papa al introducir la oraci\u00f3n mariana, ofrecidas por la <a href=\"https:\/\/www.vatican.va\/news_services\/press\/index_sp.htm\" target=\"_blank\" rel=\"noopener\">Oficina de Prensa de la Santa Sede<\/a>:<\/p>\n<p>***<\/p>\n<h4><strong>Palabras del Papa<\/strong><\/h4>\n<p><em>Queridos hermanos y hermanas, \u00a1buenos d\u00edas!<\/em><\/p>\n<p>En la liturgia de hoy, el <a href=\"https:\/\/www.sanpablo.es\/biblia-latinoamericana\/la-biblia\/nuevo-testamento\/evangelio-segun-lucas\/4\" target=\"_blank\" rel=\"noopener\">Evangelio<\/a> narra la primera predicaci\u00f3n de Jes\u00fas en su propio pueblo, Nazaret. El resultado es amargo: en lugar de recibir aprobaci\u00f3n, Jes\u00fas encuentra incomprensi\u00f3n y tambi\u00e9n hostilidad (cf.\u00a0<em>Lc<\/em>\u00a04,21-30). Sus paisanos, m\u00e1s que una palabra de verdad, quer\u00edan milagros, signos prodigiosos. El Se\u00f1or no los realiza y ellos lo rechazan, porque dicen que ya lo conocen de peque\u00f1o: es hijo de Jos\u00e9 (cf. v. 22), etc. As\u00ed, Jes\u00fas pronuncia una frase que se ha convertido en proverbio para siempre: \u201cNing\u00fan profeta es bien recibido en su tierra\u201d (v. 24).<\/p>\n<p>Estas palabras revelan que el fracaso para Jes\u00fas no fue del todo inesperado. Conoc\u00eda a su gente, conoc\u00eda el coraz\u00f3n de los suyos, sab\u00eda el riesgo que corr\u00eda, contaba con el rechazo. As\u00ed que podemos preguntarnos: pero si las cosas estaban as\u00ed, si prev\u00e9 el fracaso, \u00bfpor qu\u00e9 va a su pueblo? \u00bfPor qu\u00e9 hacer el bien a personas que no est\u00e1n dispuestas a aceptarte? Es una pregunta que nos hacemos a menudo. Pero es una pregunta que nos ayuda a entender mejor a Dios. Ante nuestras cerrazones, \u00c9l no retrocede:\u00a0<em>no pone frenos a su amor<\/em>. Ante nuestras cerrazones, \u00c9l sigue adelante. Vemos un reflejo de esto en aquellos padres que son conscientes de la ingratitud de sus hijos, pero no dejan de amarlos y hacerles el bien. Dios es as\u00ed, pero a un nivel mucho m\u00e1s alto. Y hoy tambi\u00e9n nos invita a creer en el bien, a no escatimar esfuerzos para hacer el bien.<\/p>\n<p>Sin embargo, en lo ocurrido en Nazaret encontramos algo m\u00e1s: la hostilidad hacia Jes\u00fas por parte de \u201clos suyos\u201d nos provoca: ellos no fueron acogedores&#8230; \u00bfY nosotros? Para comprobarlo, veamos los modelos de acogida que propone Jes\u00fas hoy a sus paisanos y a nosotros. Son dos extranjeros: una viuda de Sarepta de Sid\u00f3n y Naam\u00e1n, el sirio. Ambos acogieron a los profetas: la primera a El\u00edas, el segundo a Eliseo. Pero no fue una acogida f\u00e1cil, sino que pas\u00f3 por pruebas. La viuda acogi\u00f3 a El\u00edas, a pesar de la hambruna y de que el profeta era perseguido (cf.\u00a0<em>1 R<\/em>\u00a017,7-16), era un perseguido pol\u00edtico religioso. Naam\u00e1n, en cambio, a pesar de ser una persona de alt\u00edsimo nivel, acept\u00f3 la petici\u00f3n del profeta Eliseo, que lo llev\u00f3 a humillarse, a ba\u00f1arse siete veces en un r\u00edo (cf.\u00a0<em>2 R<\/em>\u00a05,1-14), como si fuera un ni\u00f1o ignorante. La viuda y Naam\u00e1n, en definitiva, aceptaron a trav\u00e9s de\u00a0<em>la disponibilidad\u00a0<\/em>y<em>\u00a0la humildad<\/em>. El modo de acoger a Dios es siempre estar dispuestos, acogerlo y ser humildes. La fe pasa por aqu\u00ed: disponibilidad y humildad. La viuda y Naam\u00e1n no rechazaron los caminos de Dios y sus profetas; fueron d\u00f3ciles, no r\u00edgidos y cerrados.<\/p>\n<p>Hermanos y hermanas, tambi\u00e9n Jes\u00fas recorre el camino de los profetas: se presenta como no nos lo esperamos. No lo encuentra quien busca milagros \u2014si nosotros buscamos milagros no encontraremos a Jes\u00fas\u2014, quien busca sensaciones nuevas, experiencias \u00edntimas, cosas extra\u00f1as; quien busca una fe hecha de poder y signos externos. No, no lo encontrar\u00e1.<strong>\u00a0<\/strong>Solo lo encuentra, en cambio, quien acepta sus caminos y sus desaf\u00edos, sin quejas, sin sospechas, sin cr\u00edticas ni caras largas. En otras palabras, Jes\u00fas te pide que lo acojas en la realidad cotidiana que vives; en la Iglesia de hoy, tal como es; en los que est\u00e1n cerca de ti cada d\u00eda, en la concreci\u00f3n de los necesitados, en los problemas de tu familia, en los padres, en los hijos, los abuelos, acoger a Dios all\u00ed. Ah\u00ed est\u00e1 \u00c9l, invit\u00e1ndonos a purificarnos en el r\u00edo de la disponibilidad, y en tantos y saludables ba\u00f1os de humildad. Se necesita humildad para encontrar a Dios, para dejarnos encontrar por \u00c9l.<\/p>\n<p>Y nosotros, \u00bfsomos acogedores, o nos parecemos a sus paisanos, que cre\u00edan saberlo todo sobre \u00c9l? \u201cYo he estudiado teolog\u00eda, hice ese curso de catequesis&#8230; Lo s\u00e9 todo sobre Jes\u00fas\u201d. S\u00ed, como un tonto&#8230; No hagas el tonto, t\u00fa no conoces a Jes\u00fas. Quiz\u00e1s, despu\u00e9s de tantos a\u00f1os como creyentes, pensamos muchas veces que conocemos bien al Se\u00f1or, con nuestras propias ideas y juicios. El riesgo es que nos acostumbremos, nos acostumbremos a Jes\u00fas. Y \u00bfc\u00f3mo nos acostumbramos? Cerr\u00e1ndonos, cerr\u00e1ndonos a sus novedades, al momento en que \u00c9l llama a la puerta y te dice algo nuevo, quiere entrar en ti. Tenemos que salir de este permanecer fijos en nuestras posiciones. El Se\u00f1or pide una mente abierta y un coraz\u00f3n sencillo. Y cuando una persona tiene una mente abierta, un coraz\u00f3n sencillo, tiene la capacidad de sorprenderse, de asombrarse. El Se\u00f1or siempre nos sorprende, \u00e9sta es la belleza del encuentro con Jes\u00fas. Que la Virgen, modelo de humildad y disponibilidad, nos muestre el camino para acoger a Jes\u00fas.<\/p>\n","protected":false},"excerpt":{"rendered":"<p>Palabras antes de la oraci\u00f3n mariana<\/p>\n","protected":false},"author":7,"featured_media":50625,"comment_status":"closed","ping_status":"closed","sticky":false,"template":"","format":"standard","meta":{"_acf_changed":false,"_crdt_document":"","inline_featured_image":false,"footnotes":""},"categories":[70],"tags":[5705,2419],"class_list":["post-50620","post","type-post","status-publish","format-standard","has-post-thumbnail","hentry","category-angelus-es","tag-angelus-30-enero-2022","tag-featured"],"acf":[],"yoast_head":"<!-- This site is optimized with the Yoast SEO plugin v27.5 - https:\/\/yoast.com\/product\/yoast-seo-wordpress\/ -->\n<title>El Papa: \u201cSe necesita humildad para encontrar a Dios\u201d &#8211; Exaudi<\/title>\n<meta name=\"description\" content=\"El Papa: \u201cSe necesita humildad para encontrar a Dios, para dejarnos encontrar por \u00c9l\u201d, ha dicho en el \u00c1ngelus, de este domingo.\" \/>\n<meta name=\"robots\" content=\"index, follow, max-snippet:-1, max-image-preview:large, max-video-preview:-1\" \/>\n<link rel=\"canonical\" href=\"https:\/\/exaudi.org\/es\/el-papa-se-necesita-humildad-para-encontrar-a-dios\/\" \/>\n<meta property=\"og:locale\" content=\"es_ES\" \/>\n<meta property=\"og:type\" content=\"article\" \/>\n<meta property=\"og:title\" content=\"El Papa: \u201cSe necesita humildad para encontrar a Dios\u201d &#8211; Exaudi\" \/>\n<meta property=\"og:description\" content=\"El Papa: \u201cSe necesita humildad para encontrar a Dios, para dejarnos encontrar por \u00c9l\u201d, ha dicho en el \u00c1ngelus, de este domingo.\" \/>\n<meta property=\"og:url\" content=\"https:\/\/exaudi.org\/es\/el-papa-se-necesita-humildad-para-encontrar-a-dios\/\" \/>\n<meta property=\"og:site_name\" content=\"Exaudi\" \/>\n<meta property=\"article:publisher\" content=\"https:\/\/www.facebook.com\/ExaudiNews\" \/>\n<meta property=\"article:published_time\" content=\"2022-01-30T14:07:42+00:00\" \/>\n<meta property=\"article:modified_time\" content=\"2022-01-30T23:36:49+00:00\" \/>\n<meta property=\"og:image\" content=\"https:\/\/exaudi.org\/wp-content\/uploads\/2022\/01\/Angelus-30-enero-2022-scaled.jpg\" \/>\n\t<meta property=\"og:image:width\" content=\"2560\" \/>\n\t<meta property=\"og:image:height\" content=\"1707\" \/>\n\t<meta property=\"og:image:type\" content=\"image\/jpeg\" \/>\n<meta name=\"author\" content=\"Raquel Anillo\" \/>\n<meta name=\"twitter:card\" content=\"summary_large_image\" \/>\n<meta name=\"twitter:creator\" content=\"@Exaudi_News\" \/>\n<meta name=\"twitter:site\" content=\"@Exaudi_News\" \/>\n<meta name=\"twitter:label1\" content=\"Escrito por\" \/>\n\t<meta name=\"twitter:data1\" content=\"Raquel Anillo\" \/>\n\t<meta name=\"twitter:label2\" content=\"Tiempo de lectura\" \/>\n\t<meta name=\"twitter:data2\" content=\"5 minutos\" \/>\n<script type=\"application\/ld+json\" class=\"yoast-schema-graph\">{\"@context\":\"https:\\\/\\\/schema.org\",\"@graph\":[{\"@type\":\"Article\",\"@id\":\"https:\\\/\\\/exaudi.org\\\/es\\\/el-papa-se-necesita-humildad-para-encontrar-a-dios\\\/#article\",\"isPartOf\":{\"@id\":\"https:\\\/\\\/exaudi.org\\\/es\\\/el-papa-se-necesita-humildad-para-encontrar-a-dios\\\/\"},\"author\":{\"name\":\"Raquel Anillo\",\"@id\":\"https:\\\/\\\/exaudi.org\\\/#\\\/schema\\\/person\\\/6ff0af358a606d657c4b1b6e0d5c85cb\"},\"headline\":\"El Papa: \u201cSe necesita humildad para encontrar a Dios\u201d\",\"datePublished\":\"2022-01-30T14:07:42+00:00\",\"dateModified\":\"2022-01-30T23:36:49+00:00\",\"mainEntityOfPage\":{\"@id\":\"https:\\\/\\\/exaudi.org\\\/es\\\/el-papa-se-necesita-humildad-para-encontrar-a-dios\\\/\"},\"wordCount\":1123,\"image\":{\"@id\":\"https:\\\/\\\/exaudi.org\\\/es\\\/el-papa-se-necesita-humildad-para-encontrar-a-dios\\\/#primaryimage\"},\"thumbnailUrl\":\"https:\\\/\\\/exaudi.org\\\/wp-content\\\/uploads\\\/2022\\\/01\\\/Angelus-30-enero-2022-scaled.jpg\",\"keywords\":[\"\u00c1ngelus 30 enero 2022\",\"Featured\"],\"articleSection\":[\"\u00c1ngelus\"],\"inLanguage\":\"es\"},{\"@type\":\"WebPage\",\"@id\":\"https:\\\/\\\/exaudi.org\\\/es\\\/el-papa-se-necesita-humildad-para-encontrar-a-dios\\\/\",\"url\":\"https:\\\/\\\/exaudi.org\\\/es\\\/el-papa-se-necesita-humildad-para-encontrar-a-dios\\\/\",\"name\":\"El Papa: \u201cSe necesita humildad para encontrar a Dios\u201d &#8211; Exaudi\",\"isPartOf\":{\"@id\":\"https:\\\/\\\/exaudi.org\\\/#website\"},\"primaryImageOfPage\":{\"@id\":\"https:\\\/\\\/exaudi.org\\\/es\\\/el-papa-se-necesita-humildad-para-encontrar-a-dios\\\/#primaryimage\"},\"image\":{\"@id\":\"https:\\\/\\\/exaudi.org\\\/es\\\/el-papa-se-necesita-humildad-para-encontrar-a-dios\\\/#primaryimage\"},\"thumbnailUrl\":\"https:\\\/\\\/exaudi.org\\\/wp-content\\\/uploads\\\/2022\\\/01\\\/Angelus-30-enero-2022-scaled.jpg\",\"datePublished\":\"2022-01-30T14:07:42+00:00\",\"dateModified\":\"2022-01-30T23:36:49+00:00\",\"author\":{\"@id\":\"https:\\\/\\\/exaudi.org\\\/#\\\/schema\\\/person\\\/6ff0af358a606d657c4b1b6e0d5c85cb\"},\"description\":\"El Papa: \u201cSe necesita humildad para encontrar a Dios, para dejarnos encontrar por \u00c9l\u201d, ha dicho en el \u00c1ngelus, de este domingo.\",\"breadcrumb\":{\"@id\":\"https:\\\/\\\/exaudi.org\\\/es\\\/el-papa-se-necesita-humildad-para-encontrar-a-dios\\\/#breadcrumb\"},\"inLanguage\":\"es\",\"potentialAction\":[{\"@type\":\"ReadAction\",\"target\":[\"https:\\\/\\\/exaudi.org\\\/es\\\/el-papa-se-necesita-humildad-para-encontrar-a-dios\\\/\"]}]},{\"@type\":\"ImageObject\",\"inLanguage\":\"es\",\"@id\":\"https:\\\/\\\/exaudi.org\\\/es\\\/el-papa-se-necesita-humildad-para-encontrar-a-dios\\\/#primaryimage\",\"url\":\"https:\\\/\\\/exaudi.org\\\/wp-content\\\/uploads\\\/2022\\\/01\\\/Angelus-30-enero-2022-scaled.jpg\",\"contentUrl\":\"https:\\\/\\\/exaudi.org\\\/wp-content\\\/uploads\\\/2022\\\/01\\\/Angelus-30-enero-2022-scaled.jpg\",\"width\":2560,\"height\":1707,\"caption\":\"\u00c1ngelus 30 enero 2022 \u00a9 Vatican Media\"},{\"@type\":\"BreadcrumbList\",\"@id\":\"https:\\\/\\\/exaudi.org\\\/es\\\/el-papa-se-necesita-humildad-para-encontrar-a-dios\\\/#breadcrumb\",\"itemListElement\":[{\"@type\":\"ListItem\",\"position\":1,\"name\":\"Portada\",\"item\":\"https:\\\/\\\/exaudi.org\\\/es\\\/\"},{\"@type\":\"ListItem\",\"position\":2,\"name\":\"El Papa: \u201cSe necesita humildad para encontrar a Dios\u201d\"}]},{\"@type\":\"WebSite\",\"@id\":\"https:\\\/\\\/exaudi.org\\\/#website\",\"url\":\"https:\\\/\\\/exaudi.org\\\/\",\"name\":\"Exaudi\",\"description\":\"News\",\"potentialAction\":[{\"@type\":\"SearchAction\",\"target\":{\"@type\":\"EntryPoint\",\"urlTemplate\":\"https:\\\/\\\/exaudi.org\\\/?s={search_term_string}\"},\"query-input\":{\"@type\":\"PropertyValueSpecification\",\"valueRequired\":true,\"valueName\":\"search_term_string\"}}],\"inLanguage\":\"es\"},{\"@type\":\"Person\",\"@id\":\"https:\\\/\\\/exaudi.org\\\/#\\\/schema\\\/person\\\/6ff0af358a606d657c4b1b6e0d5c85cb\",\"name\":\"Raquel Anillo\",\"image\":{\"@type\":\"ImageObject\",\"inLanguage\":\"es\",\"@id\":\"https:\\\/\\\/secure.gravatar.com\\\/avatar\\\/7f88757c095badfcf277fb437d860f221e7a4fb83008b887cccb1f1299f66efb?s=96&d=mm&r=g\",\"url\":\"https:\\\/\\\/secure.gravatar.com\\\/avatar\\\/7f88757c095badfcf277fb437d860f221e7a4fb83008b887cccb1f1299f66efb?s=96&d=mm&r=g\",\"contentUrl\":\"https:\\\/\\\/secure.gravatar.com\\\/avatar\\\/7f88757c095badfcf277fb437d860f221e7a4fb83008b887cccb1f1299f66efb?s=96&d=mm&r=g\",\"caption\":\"Raquel Anillo\"},\"description\":\"Casada. Comprometida con la Iglesia. Traductora e int\u00e9rprete para la Comunidad Emmanuel, especialmente para las sesiones internacionales de Paray le Monial (Francia) 1986 al 2005. Colaboradora de Zenit de 2012-2014 y de 2017-2020 como traductora.\",\"url\":\"https:\\\/\\\/exaudi.org\\\/es\\\/author\\\/ranilloexaudi-org\\\/\"}]}<\/script>\n<!-- \/ Yoast SEO plugin. -->","yoast_head_json":{"title":"El Papa: \u201cSe necesita humildad para encontrar a Dios\u201d &#8211; Exaudi","description":"El Papa: \u201cSe necesita humildad para encontrar a Dios, para dejarnos encontrar por \u00c9l\u201d, ha dicho en el \u00c1ngelus, de este domingo.","robots":{"index":"index","follow":"follow","max-snippet":"max-snippet:-1","max-image-preview":"max-image-preview:large","max-video-preview":"max-video-preview:-1"},"canonical":"https:\/\/exaudi.org\/es\/el-papa-se-necesita-humildad-para-encontrar-a-dios\/","og_locale":"es_ES","og_type":"article","og_title":"El Papa: \u201cSe necesita humildad para encontrar a Dios\u201d &#8211; Exaudi","og_description":"El Papa: \u201cSe necesita humildad para encontrar a Dios, para dejarnos encontrar por \u00c9l\u201d, ha dicho en el \u00c1ngelus, de este domingo.","og_url":"https:\/\/exaudi.org\/es\/el-papa-se-necesita-humildad-para-encontrar-a-dios\/","og_site_name":"Exaudi","article_publisher":"https:\/\/www.facebook.com\/ExaudiNews","article_published_time":"2022-01-30T14:07:42+00:00","article_modified_time":"2022-01-30T23:36:49+00:00","og_image":[{"width":2560,"height":1707,"url":"https:\/\/exaudi.org\/wp-content\/uploads\/2022\/01\/Angelus-30-enero-2022-scaled.jpg","type":"image\/jpeg"}],"author":"Raquel Anillo","twitter_card":"summary_large_image","twitter_creator":"@Exaudi_News","twitter_site":"@Exaudi_News","twitter_misc":{"Escrito por":"Raquel Anillo","Tiempo de lectura":"5 minutos"},"schema":{"@context":"https:\/\/schema.org","@graph":[{"@type":"Article","@id":"https:\/\/exaudi.org\/es\/el-papa-se-necesita-humildad-para-encontrar-a-dios\/#article","isPartOf":{"@id":"https:\/\/exaudi.org\/es\/el-papa-se-necesita-humildad-para-encontrar-a-dios\/"},"author":{"name":"Raquel Anillo","@id":"https:\/\/exaudi.org\/#\/schema\/person\/6ff0af358a606d657c4b1b6e0d5c85cb"},"headline":"El Papa: \u201cSe necesita humildad para encontrar a Dios\u201d","datePublished":"2022-01-30T14:07:42+00:00","dateModified":"2022-01-30T23:36:49+00:00","mainEntityOfPage":{"@id":"https:\/\/exaudi.org\/es\/el-papa-se-necesita-humildad-para-encontrar-a-dios\/"},"wordCount":1123,"image":{"@id":"https:\/\/exaudi.org\/es\/el-papa-se-necesita-humildad-para-encontrar-a-dios\/#primaryimage"},"thumbnailUrl":"https:\/\/exaudi.org\/wp-content\/uploads\/2022\/01\/Angelus-30-enero-2022-scaled.jpg","keywords":["\u00c1ngelus 30 enero 2022","Featured"],"articleSection":["\u00c1ngelus"],"inLanguage":"es"},{"@type":"WebPage","@id":"https:\/\/exaudi.org\/es\/el-papa-se-necesita-humildad-para-encontrar-a-dios\/","url":"https:\/\/exaudi.org\/es\/el-papa-se-necesita-humildad-para-encontrar-a-dios\/","name":"El Papa: \u201cSe necesita humildad para encontrar a Dios\u201d &#8211; Exaudi","isPartOf":{"@id":"https:\/\/exaudi.org\/#website"},"primaryImageOfPage":{"@id":"https:\/\/exaudi.org\/es\/el-papa-se-necesita-humildad-para-encontrar-a-dios\/#primaryimage"},"image":{"@id":"https:\/\/exaudi.org\/es\/el-papa-se-necesita-humildad-para-encontrar-a-dios\/#primaryimage"},"thumbnailUrl":"https:\/\/exaudi.org\/wp-content\/uploads\/2022\/01\/Angelus-30-enero-2022-scaled.jpg","datePublished":"2022-01-30T14:07:42+00:00","dateModified":"2022-01-30T23:36:49+00:00","author":{"@id":"https:\/\/exaudi.org\/#\/schema\/person\/6ff0af358a606d657c4b1b6e0d5c85cb"},"description":"El Papa: \u201cSe necesita humildad para encontrar a Dios, para dejarnos encontrar por \u00c9l\u201d, ha dicho en el \u00c1ngelus, de este domingo.","breadcrumb":{"@id":"https:\/\/exaudi.org\/es\/el-papa-se-necesita-humildad-para-encontrar-a-dios\/#breadcrumb"},"inLanguage":"es","potentialAction":[{"@type":"ReadAction","target":["https:\/\/exaudi.org\/es\/el-papa-se-necesita-humildad-para-encontrar-a-dios\/"]}]},{"@type":"ImageObject","inLanguage":"es","@id":"https:\/\/exaudi.org\/es\/el-papa-se-necesita-humildad-para-encontrar-a-dios\/#primaryimage","url":"https:\/\/exaudi.org\/wp-content\/uploads\/2022\/01\/Angelus-30-enero-2022-scaled.jpg","contentUrl":"https:\/\/exaudi.org\/wp-content\/uploads\/2022\/01\/Angelus-30-enero-2022-scaled.jpg","width":2560,"height":1707,"caption":"\u00c1ngelus 30 enero 2022 \u00a9 Vatican Media"},{"@type":"BreadcrumbList","@id":"https:\/\/exaudi.org\/es\/el-papa-se-necesita-humildad-para-encontrar-a-dios\/#breadcrumb","itemListElement":[{"@type":"ListItem","position":1,"name":"Portada","item":"https:\/\/exaudi.org\/es\/"},{"@type":"ListItem","position":2,"name":"El Papa: \u201cSe necesita humildad para encontrar a Dios\u201d"}]},{"@type":"WebSite","@id":"https:\/\/exaudi.org\/#website","url":"https:\/\/exaudi.org\/","name":"Exaudi","description":"News","potentialAction":[{"@type":"SearchAction","target":{"@type":"EntryPoint","urlTemplate":"https:\/\/exaudi.org\/?s={search_term_string}"},"query-input":{"@type":"PropertyValueSpecification","valueRequired":true,"valueName":"search_term_string"}}],"inLanguage":"es"},{"@type":"Person","@id":"https:\/\/exaudi.org\/#\/schema\/person\/6ff0af358a606d657c4b1b6e0d5c85cb","name":"Raquel Anillo","image":{"@type":"ImageObject","inLanguage":"es","@id":"https:\/\/secure.gravatar.com\/avatar\/7f88757c095badfcf277fb437d860f221e7a4fb83008b887cccb1f1299f66efb?s=96&d=mm&r=g","url":"https:\/\/secure.gravatar.com\/avatar\/7f88757c095badfcf277fb437d860f221e7a4fb83008b887cccb1f1299f66efb?s=96&d=mm&r=g","contentUrl":"https:\/\/secure.gravatar.com\/avatar\/7f88757c095badfcf277fb437d860f221e7a4fb83008b887cccb1f1299f66efb?s=96&d=mm&r=g","caption":"Raquel Anillo"},"description":"Casada. Comprometida con la Iglesia. Traductora e int\u00e9rprete para la Comunidad Emmanuel, especialmente para las sesiones internacionales de Paray le Monial (Francia) 1986 al 2005. Colaboradora de Zenit de 2012-2014 y de 2017-2020 como traductora.","url":"https:\/\/exaudi.org\/es\/author\/ranilloexaudi-org\/"}]}},"jetpack_featured_media_url":"https:\/\/exaudi.org\/wp-content\/uploads\/2022\/01\/Angelus-30-enero-2022-scaled.jpg","jetpack_shortlink":"https:\/\/wp.me\/pgKjF2-das","_links":{"self":[{"href":"https:\/\/exaudi.org\/es\/wp-json\/wp\/v2\/posts\/50620","targetHints":{"allow":["GET"]}}],"collection":[{"href":"https:\/\/exaudi.org\/es\/wp-json\/wp\/v2\/posts"}],"about":[{"href":"https:\/\/exaudi.org\/es\/wp-json\/wp\/v2\/types\/post"}],"author":[{"embeddable":true,"href":"https:\/\/exaudi.org\/es\/wp-json\/wp\/v2\/users\/7"}],"replies":[{"embeddable":true,"href":"https:\/\/exaudi.org\/es\/wp-json\/wp\/v2\/comments?post=50620"}],"version-history":[{"count":0,"href":"https:\/\/exaudi.org\/es\/wp-json\/wp\/v2\/posts\/50620\/revisions"}],"wp:featuredmedia":[{"embeddable":true,"href":"https:\/\/exaudi.org\/es\/wp-json\/wp\/v2\/media\/50625"}],"wp:attachment":[{"href":"https:\/\/exaudi.org\/es\/wp-json\/wp\/v2\/media?parent=50620"}],"wp:term":[{"taxonomy":"category","embeddable":true,"href":"https:\/\/exaudi.org\/es\/wp-json\/wp\/v2\/categories?post=50620"},{"taxonomy":"post_tag","embeddable":true,"href":"https:\/\/exaudi.org\/es\/wp-json\/wp\/v2\/tags?post=50620"}],"curies":[{"name":"wp","href":"https:\/\/api.w.org\/{rel}","templated":true}]}}