{"id":50502,"date":"2022-01-28T12:20:20","date_gmt":"2022-01-28T11:20:20","guid":{"rendered":"https:\/\/exaudi.org\/?p=50502"},"modified":"2022-01-28T15:48:21","modified_gmt":"2022-01-28T14:48:21","slug":"comunicador-cristiano-artesano-paz-buscador-de-verdad","status":"publish","type":"post","link":"https:\/\/exaudi.org\/es\/comunicador-cristiano-artesano-paz-buscador-de-verdad\/","title":{"rendered":"El comunicador cristiano, \u201cartesano de la paz y de la b\u00fasqueda de la verdad\u201d"},"content":{"rendered":"<p>El comunicador cristiano, describe el Papa Francisco, \u201chace suyo el estilo evang\u00e9lico, construye puentes, es un artesano de la paz tambi\u00e9n y sobre todo de la b\u00fasqueda de la verdad\u201d.<\/p>\n<p>Hoy, 28 de enero del 2022, el Santo Padre ha recibido en audiencia a los participantes en el encuentro promovido por el Consorcio Internacional de Medios Cat\u00f3licos <em><a href=\"https:\/\/catholic-factchecking.com\/?lang=es\" target=\"_blank\" rel=\"noopener\">Catholic fact-checking <\/a><\/em>en la Sala Clementina del Palacio Apost\u00f3lico Vaticano.<\/p>\n<h2>La responsabilidad del comunicador<\/h2>\n<p><img loading=\"lazy\" decoding=\"async\" class=\"alignleft wp-image-50508 size-medium\" src=\"https:\/\/exaudi.org\/wp-content\/uploads\/2022\/01\/cq5dam.web_.800.800-22-300x200.jpeg\" alt=\"comunicador cristiano artesano paz\" width=\"300\" height=\"200\" srcset=\"https:\/\/exaudi.org\/wp-content\/uploads\/2022\/01\/cq5dam.web_.800.800-22-300x200.jpeg 300w, https:\/\/exaudi.org\/wp-content\/uploads\/2022\/01\/cq5dam.web_.800.800-22-770x513.jpeg 770w, https:\/\/exaudi.org\/wp-content\/uploads\/2022\/01\/cq5dam.web_.800.800-22-360x240.jpeg?crop=1 360w, https:\/\/exaudi.org\/wp-content\/uploads\/2022\/01\/cq5dam.web_.800.800-22-500x333.jpeg 500w, https:\/\/exaudi.org\/wp-content\/uploads\/2022\/01\/cq5dam.web_.800.800-22-370x247.jpeg 370w, https:\/\/exaudi.org\/wp-content\/uploads\/2022\/01\/cq5dam.web_.800.800-22-293x195.jpeg 293w, https:\/\/exaudi.org\/wp-content\/uploads\/2022\/01\/cq5dam.web_.800.800-22-120x80.jpeg 120w, https:\/\/exaudi.org\/wp-content\/uploads\/2022\/01\/cq5dam.web_.800.800-22-240x160.jpeg 240w, https:\/\/exaudi.org\/wp-content\/uploads\/2022\/01\/cq5dam.web_.800.800-22-390x260.jpeg 390w, https:\/\/exaudi.org\/wp-content\/uploads\/2022\/01\/cq5dam.web_.800.800-22.jpeg 800w\" sizes=\"auto, (max-width: 300px) 100vw, 300px\" \/>En su discurso, Francisco ha remitido a <a href=\"https:\/\/exaudi.org\/es\/san-pablo-vi-29-mayo-2021\/\" target=\"_blank\" rel=\"noopener\">san Pablo VI<\/a>, en su mensaje para la Jornada de las Comunicaciones Sociales de 1972 cuando afirmaba: \u201cEl hombre moderno puede reconocer f\u00e1cilmente que muchas de sus actitudes, juicios, posturas, adhesiones y oposiciones se deben al conocimiento cada vez m\u00e1s amplio y r\u00e1pido de las opiniones y comportamientos que le han llegado a trav\u00e9s de los instrumentos de la comunicaci\u00f3n social\u201d.<\/p>\n<p>Por tanto, este trabajo, explica el Pont\u00edfice, \u201cexige rigor en el m\u00e9todo, como se\u00f1al\u00f3 Pablo VI, en el control y la evaluaci\u00f3n cr\u00edtica de las fuentes, en la fidelidad a los datos observados y en la transmisi\u00f3n integral de los mismos\u201d. Y \u201cla responsabilidad es a\u00fan m\u00e1s grave cuando el comunicador est\u00e1 llamado, como ocurre a menudo, a a\u00f1adir elementos de juicio y de orientaci\u00f3n al simple informe del hecho\u201d, a\u00f1ade.<\/p>\n<p>Pablo VI, contin\u00faa, \u201cse refer\u00eda a la comunicaci\u00f3n y a la informaci\u00f3n en general, pero sus palabras se ajustan mucho a la realidad si pensamos en cierta desinformaci\u00f3n que circula hoy por la red\u201d. De hecho, \u201cvuestro objetivo es poner de manifiesto las noticias falsas y la informaci\u00f3n parcial o enga\u00f1osa sobre las vacunas COVID-19, y comenzasteis a hacerlo mediante la creaci\u00f3n de redes en diferentes medios de comunicaci\u00f3n cat\u00f3licos y la participaci\u00f3n de varios expertos. Vuestra iniciativa comenz\u00f3 como un consorcio para <em>estar juntos para la verdad<\/em>. Y gracias, gracias por eso\u201d, remarc\u00f3,<\/p>\n<p><em>Estar juntos para la verdad, <\/em>el Sucesor de Pedro se detiene en la palabra \u201cjuntos\u201d, pues, esto, \u201cincluso en el \u00e1mbito de la informaci\u00f3n, es fundamental. La creaci\u00f3n de redes, la puesta en com\u00fan de habilidades, conocimientos y contribuciones para poder ofrecer una informaci\u00f3n adecuada, es en s\u00ed misma un primer paso\u201d. \u201cEn un tiempo herido por la pandemia y por tantas divisiones, incluso en las opiniones, el hecho de estar en la red como comunicadores cristianos es ya un mensaje\u201d, subraya.<\/p>\n<h2>La \u2018infodemia\u2019<\/h2>\n<p><img loading=\"lazy\" decoding=\"async\" class=\"alignright wp-image-50511 size-medium\" src=\"https:\/\/exaudi.org\/wp-content\/uploads\/2022\/01\/cq5dam.web_.800.800-9-2-300x200.jpeg\" alt=\"comunicador cristiano artesano paz\" width=\"300\" height=\"200\" srcset=\"https:\/\/exaudi.org\/wp-content\/uploads\/2022\/01\/cq5dam.web_.800.800-9-2-300x200.jpeg 300w, https:\/\/exaudi.org\/wp-content\/uploads\/2022\/01\/cq5dam.web_.800.800-9-2-770x513.jpeg 770w, https:\/\/exaudi.org\/wp-content\/uploads\/2022\/01\/cq5dam.web_.800.800-9-2-360x240.jpeg?crop=1 360w, https:\/\/exaudi.org\/wp-content\/uploads\/2022\/01\/cq5dam.web_.800.800-9-2-500x333.jpeg 500w, https:\/\/exaudi.org\/wp-content\/uploads\/2022\/01\/cq5dam.web_.800.800-9-2-370x247.jpeg 370w, https:\/\/exaudi.org\/wp-content\/uploads\/2022\/01\/cq5dam.web_.800.800-9-2-293x195.jpeg 293w, https:\/\/exaudi.org\/wp-content\/uploads\/2022\/01\/cq5dam.web_.800.800-9-2-120x80.jpeg 120w, https:\/\/exaudi.org\/wp-content\/uploads\/2022\/01\/cq5dam.web_.800.800-9-2-240x160.jpeg 240w, https:\/\/exaudi.org\/wp-content\/uploads\/2022\/01\/cq5dam.web_.800.800-9-2-390x260.jpeg 390w, https:\/\/exaudi.org\/wp-content\/uploads\/2022\/01\/cq5dam.web_.800.800-9-2.jpeg 800w\" sizes=\"auto, (max-width: 300px) 100vw, 300px\" \/>Igualmente, el Obispo de Roma apunta que \u201cno podemos ocultar que en este tiempo, adem\u00e1s de la pandemia, se est\u00e1 extendiendo la &#8216;infodemia&#8217;, es decir, la distorsi\u00f3n de la realidad basada en el miedo, que en la sociedad global se hace eco y comenta noticias falsificadas cuando no inventadas\u201d. As\u00ed, \u201cla proliferaci\u00f3n y superposici\u00f3n de informaciones, comentarios y opiniones supuestamente &#8216;cient\u00edficas&#8217; tambi\u00e9n puede contribuir a este clima, a menudo de forma inconsciente, y acabar confundiendo a los lectores y oyentes\u201d, agrega.<\/p>\n<p>Por eso, recuerda, \u201ces importante trabajar en red y aliarse con la investigaci\u00f3n cient\u00edfica sobre las enfermedades, que avanza y nos permite combatirlas mejor\u201d. De igual manera, \u201cestar correctamente informado, que se nos ayude a entender sobre la base de datos cient\u00edficos y no de noticias falsas, es un derecho humano\u201d. En este sentido, recalca el Pont\u00edfice, \u201chay que garantizar una informaci\u00f3n correcta sobre todo a los menos dotados, a los m\u00e1s d\u00e9biles, a los m\u00e1s vulnerables\u201d.<\/p>\n<h2>Combatir la desinformaci\u00f3n<\/h2>\n<p><img loading=\"lazy\" decoding=\"async\" class=\"size-medium wp-image-50514 alignleft\" src=\"https:\/\/exaudi.org\/wp-content\/uploads\/2022\/01\/cq5dam.web_.800.800-6-6-300x200.jpeg\" alt=\"\" width=\"300\" height=\"200\" srcset=\"https:\/\/exaudi.org\/wp-content\/uploads\/2022\/01\/cq5dam.web_.800.800-6-6-300x200.jpeg 300w, https:\/\/exaudi.org\/wp-content\/uploads\/2022\/01\/cq5dam.web_.800.800-6-6-770x513.jpeg 770w, https:\/\/exaudi.org\/wp-content\/uploads\/2022\/01\/cq5dam.web_.800.800-6-6-360x240.jpeg?crop=1 360w, https:\/\/exaudi.org\/wp-content\/uploads\/2022\/01\/cq5dam.web_.800.800-6-6-500x333.jpeg 500w, https:\/\/exaudi.org\/wp-content\/uploads\/2022\/01\/cq5dam.web_.800.800-6-6-370x247.jpeg 370w, https:\/\/exaudi.org\/wp-content\/uploads\/2022\/01\/cq5dam.web_.800.800-6-6-293x195.jpeg 293w, https:\/\/exaudi.org\/wp-content\/uploads\/2022\/01\/cq5dam.web_.800.800-6-6-120x80.jpeg 120w, https:\/\/exaudi.org\/wp-content\/uploads\/2022\/01\/cq5dam.web_.800.800-6-6-240x160.jpeg 240w, https:\/\/exaudi.org\/wp-content\/uploads\/2022\/01\/cq5dam.web_.800.800-6-6-390x260.jpeg 390w, https:\/\/exaudi.org\/wp-content\/uploads\/2022\/01\/cq5dam.web_.800.800-6-6.jpeg 800w\" sizes=\"auto, (max-width: 300px) 100vw, 300px\" \/>La otra palabra que el Obispo de Roma subraya, adem\u00e1s de \u201cjuntos\u201d, es \u201cpara\u201d. \u201cEs una palabra muy peque\u00f1a pero reveladora: nos recuerda que como cristianos estamos en contra de la injusticia y la mentira, pero siempre a favor de las personas\u201d, dice. Sobre esta cuesti\u00f3n, el Sucesor de Pedro expone que \u201caunque el objetivo de su consorcio es combatir la desinformaci\u00f3n, luchar contra las noticias falsas y la manipulaci\u00f3n de las conciencias de los m\u00e1s d\u00e9biles, nunca debemos olvidar la distinci\u00f3n fundamental entre las noticias y las personas\u201d.<\/p>\n<p>As\u00ed, el comunicador cristiano, describe el Papa, \u201chace suyo el estilo evang\u00e9lico, construye puentes, es un artesano de la paz tambi\u00e9n y sobre todo de la b\u00fasqueda de la verdad\u201d. Finalmente, Francisco subraya que \u201ctrabajar al servicio de la verdad significa, por tanto, buscar lo que fomenta la comuni\u00f3n y promueve el bien de todos, no lo que a\u00edsla, divide y se opone. No lo que lleva al conflicto\u201d.<\/p>\n<p>A continuaci\u00f3n, el discurso del Papa traducido del italiano por Exaudi.<\/p>\n<p>***<\/p>\n<h2>Discurso del Santo Padre<\/h2>\n<p>Queridos amigos, \u00a1bienvenidos!<\/p>\n<p>Les doy la bienvenida hoy para reflexionar con ustedes sobre el problema de <a href=\"https:\/\/exaudi.org\/es\/jornada-mundial-comunicaciones-sociales-2022\/\" target=\"_blank\" rel=\"noopener\">la comunicaci\u00f3n<\/a> en particular sobre el estilo de los comunicadores cristianos frente a ciertas cuestiones relacionadas con la pandemia de COVID-19. Agradezco al Sr. Montagne su presentaci\u00f3n y les saludo a todos de coraz\u00f3n.<\/p>\n<p><img loading=\"lazy\" decoding=\"async\" class=\"size-medium wp-image-50549 alignleft\" src=\"https:\/\/exaudi.org\/wp-content\/uploads\/2022\/01\/MTC0004-1-300x200.jpg\" alt=\"comunicador cristiano artesano paz\" width=\"300\" height=\"200\" srcset=\"https:\/\/exaudi.org\/wp-content\/uploads\/2022\/01\/MTC0004-1-300x200.jpg 300w, https:\/\/exaudi.org\/wp-content\/uploads\/2022\/01\/MTC0004-1-1024x683.jpg 1024w, https:\/\/exaudi.org\/wp-content\/uploads\/2022\/01\/MTC0004-1-770x513.jpg 770w, https:\/\/exaudi.org\/wp-content\/uploads\/2022\/01\/MTC0004-1-1536x1024.jpg 1536w, https:\/\/exaudi.org\/wp-content\/uploads\/2022\/01\/MTC0004-1-2048x1365.jpg 2048w, https:\/\/exaudi.org\/wp-content\/uploads\/2022\/01\/MTC0004-1-360x240.jpg?crop=1 360w, https:\/\/exaudi.org\/wp-content\/uploads\/2022\/01\/MTC0004-1-500x333.jpg 500w, https:\/\/exaudi.org\/wp-content\/uploads\/2022\/01\/MTC0004-1-1155x770.jpg 1155w, https:\/\/exaudi.org\/wp-content\/uploads\/2022\/01\/MTC0004-1-370x247.jpg 370w, https:\/\/exaudi.org\/wp-content\/uploads\/2022\/01\/MTC0004-1-293x195.jpg 293w, https:\/\/exaudi.org\/wp-content\/uploads\/2022\/01\/MTC0004-1-1400x933.jpg 1400w, https:\/\/exaudi.org\/wp-content\/uploads\/2022\/01\/MTC0004-1-120x80.jpg 120w, https:\/\/exaudi.org\/wp-content\/uploads\/2022\/01\/MTC0004-1-240x160.jpg 240w, https:\/\/exaudi.org\/wp-content\/uploads\/2022\/01\/MTC0004-1-390x260.jpg 390w\" sizes=\"auto, (max-width: 300px) 100vw, 300px\" \/>Ya san Pablo VI, en su Mensaje para la Jornada de las Comunicaciones Sociales de 1972, afirmaba: \u201cEl hombre moderno puede reconocer f\u00e1cilmente que muchas de sus actitudes, juicios, posturas, adhesiones y oposiciones se deben al conocimiento cada vez m\u00e1s amplio y r\u00e1pido de las opiniones y comportamientos que le han llegado a trav\u00e9s de los instrumentos de la comunicaci\u00f3n social\u201d. Y segu\u00eda observando: \u201cLa excelencia de la tarea del informador consiste no s\u00f3lo en anotar lo que es inmediatamente perceptible, sino tambi\u00e9n en buscar elementos de encuadre y explicaci\u00f3n sobre las causas y circunstancias de los hechos individuales que tiene que informar\u201d. Por tanto, este trabajo exige rigor en el m\u00e9todo -como se\u00f1al\u00f3 Pablo VI- \u201cen el control y la evaluaci\u00f3n cr\u00edtica de las fuentes, en la fidelidad a los datos observados y en la transmisi\u00f3n integral de los mismos\u201d.<\/p>\n<p>La responsabilidad es a\u00fan m\u00e1s grave cuando el comunicador est\u00e1 llamado, como ocurre a menudo, a a\u00f1adir elementos de juicio y de orientaci\u00f3n al simple informe del hecho\u201d. Hace un a\u00f1o, pude leer un interesante estudio sobre c\u00f3mo cambia el contenido de una historia debido a la atenci\u00f3n que presta el escritor a lo que transmite. Es interesante. Lo hizo un profesor, Simone Paganini, de la Universidad de Aquisgr\u00e1n: es interesante c\u00f3mo estudia este problema de la mutaci\u00f3n del contenido en la transmisi\u00f3n de algo.<\/p>\n<p>El papa Montini se refer\u00eda a la comunicaci\u00f3n y a la informaci\u00f3n en general, pero sus palabras se ajustan mucho a la realidad si pensamos en cierta desinformaci\u00f3n que circula hoy por la red. De hecho, vuestro objetivo es poner de manifiesto las noticias falsas y la informaci\u00f3n parcial o enga\u00f1osa sobre las vacunas COVID-19, y comenzasteis a hacerlo mediante la creaci\u00f3n de redes en diferentes medios de comunicaci\u00f3n cat\u00f3licos y la participaci\u00f3n de varios expertos. Vuestra iniciativa comenz\u00f3 como un Consorcio para <em>estar juntos para la verdad<\/em>. Y gracias, gracias por eso.<\/p>\n<p>En primer lugar, <em>juntos<\/em>. Esto, incluso en el \u00e1mbito de la informaci\u00f3n, es fundamental. La creaci\u00f3n de redes, la puesta en com\u00fan de habilidades, conocimientos y contribuciones para poder ofrecer una informaci\u00f3n adecuada, es en s\u00ed misma un primer paso. En un tiempo herido por la pandemia y por tantas divisiones -incluso en las opiniones- el hecho de estar en la red como comunicadores cristianos es ya un mensaje. Punto de partida, es un mensaje.<\/p>\n<p><img loading=\"lazy\" decoding=\"async\" class=\"size-medium wp-image-50552 alignright\" src=\"https:\/\/exaudi.org\/wp-content\/uploads\/2022\/01\/MTC6711-300x200.jpg\" alt=\"comunicador cristiano artesano paz\" width=\"300\" height=\"200\" srcset=\"https:\/\/exaudi.org\/wp-content\/uploads\/2022\/01\/MTC6711-300x200.jpg 300w, https:\/\/exaudi.org\/wp-content\/uploads\/2022\/01\/MTC6711-1024x683.jpg 1024w, https:\/\/exaudi.org\/wp-content\/uploads\/2022\/01\/MTC6711-770x513.jpg 770w, https:\/\/exaudi.org\/wp-content\/uploads\/2022\/01\/MTC6711-1536x1024.jpg 1536w, https:\/\/exaudi.org\/wp-content\/uploads\/2022\/01\/MTC6711-2048x1365.jpg 2048w, https:\/\/exaudi.org\/wp-content\/uploads\/2022\/01\/MTC6711-360x240.jpg?crop=1 360w, https:\/\/exaudi.org\/wp-content\/uploads\/2022\/01\/MTC6711-500x333.jpg 500w, https:\/\/exaudi.org\/wp-content\/uploads\/2022\/01\/MTC6711-1155x770.jpg 1155w, https:\/\/exaudi.org\/wp-content\/uploads\/2022\/01\/MTC6711-370x247.jpg 370w, https:\/\/exaudi.org\/wp-content\/uploads\/2022\/01\/MTC6711-293x195.jpg 293w, https:\/\/exaudi.org\/wp-content\/uploads\/2022\/01\/MTC6711-1400x933.jpg 1400w, https:\/\/exaudi.org\/wp-content\/uploads\/2022\/01\/MTC6711-120x80.jpg 120w, https:\/\/exaudi.org\/wp-content\/uploads\/2022\/01\/MTC6711-240x160.jpg 240w, https:\/\/exaudi.org\/wp-content\/uploads\/2022\/01\/MTC6711-390x260.jpg 390w\" sizes=\"auto, (max-width: 300px) 100vw, 300px\" \/>No podemos ocultar que en este tiempo, adem\u00e1s de la pandemia, se est\u00e1 extendiendo la \u201cinfodemia\u201d, es decir, la distorsi\u00f3n de la realidad basada en el miedo, que en la sociedad global se hace eco y comenta noticias falsificadas cuando no inventadas. La proliferaci\u00f3n y superposici\u00f3n de informaciones, comentarios y opiniones supuestamente \u201ccient\u00edficas\u201d tambi\u00e9n puede contribuir a este clima, a menudo de forma inconsciente, y acabar confundiendo a los lectores y oyentes.<\/p>\n<p>Por eso es importante trabajar en red y aliarse con la investigaci\u00f3n cient\u00edfica sobre las enfermedades, que avanza y nos permite combatirlas mejor. \u201cHay que compartir el conocimiento, hay que participar en la experiencia, hay que poner en com\u00fan la ciencia\u201d (Discurso ante la Fundaci\u00f3n Universitaria Biom\u00e9dica en el Campus Biom\u00e9dico, 18 de octubre de 2021). Esto tambi\u00e9n se aplica a las vacunas: \u201cHay una necesidad urgente de ayudar a los pa\u00edses que tienen menos, pero esto debe hacerse con planes previsores, no motivados s\u00f3lo por la prisa de las naciones ricas por estar m\u00e1s seguras. Los remedios deben ser distribuidos con dignidad, por favor, no como lamentables d\u00e1divas. Para hacer un bien real, necesitamos promover la ciencia y su aplicaci\u00f3n integral\u201d (ib\u00edd.) Por lo tanto, estar correctamente informado, que se nos ayude a entender sobre la base de datos cient\u00edficos y no de noticias falsas, es un derecho humano. Hay que garantizar una informaci\u00f3n correcta sobre todo a los menos dotados, a los m\u00e1s d\u00e9biles, a los m\u00e1s vulnerables.<\/p>\n<p>La segunda palabra, despu\u00e9s de juntos, es <em>para<\/em>: <em>juntos para<\/em>. Es una palabra muy peque\u00f1a pero reveladora: nos recuerda que como cristianos estamos en contra de la injusticia y la mentira, pero siempre a favor de las personas. Aunque el objetivo de su consorcio es combatir la desinformaci\u00f3n, luchar contra las noticias falsas y la manipulaci\u00f3n de las conciencias de los m\u00e1s d\u00e9biles, nunca debemos olvidar la distinci\u00f3n fundamental entre las noticias y las personas. Hay que combatir las noticias falsas, pero siempre hay que respetar a las personas, que a menudo se adhieren a ellas sin pleno conocimiento y responsabilidad.<\/p>\n<p><img loading=\"lazy\" decoding=\"async\" class=\"size-medium wp-image-50555 alignleft\" src=\"https:\/\/exaudi.org\/wp-content\/uploads\/2022\/01\/MTC6784-300x200.jpg\" alt=\"comunicador cristiano artesano paz\" width=\"300\" height=\"200\" srcset=\"https:\/\/exaudi.org\/wp-content\/uploads\/2022\/01\/MTC6784-300x200.jpg 300w, https:\/\/exaudi.org\/wp-content\/uploads\/2022\/01\/MTC6784-1024x683.jpg 1024w, https:\/\/exaudi.org\/wp-content\/uploads\/2022\/01\/MTC6784-770x513.jpg 770w, https:\/\/exaudi.org\/wp-content\/uploads\/2022\/01\/MTC6784-1536x1024.jpg 1536w, https:\/\/exaudi.org\/wp-content\/uploads\/2022\/01\/MTC6784-2048x1365.jpg 2048w, https:\/\/exaudi.org\/wp-content\/uploads\/2022\/01\/MTC6784-360x240.jpg?crop=1 360w, https:\/\/exaudi.org\/wp-content\/uploads\/2022\/01\/MTC6784-500x333.jpg 500w, https:\/\/exaudi.org\/wp-content\/uploads\/2022\/01\/MTC6784-1155x770.jpg 1155w, https:\/\/exaudi.org\/wp-content\/uploads\/2022\/01\/MTC6784-370x247.jpg 370w, https:\/\/exaudi.org\/wp-content\/uploads\/2022\/01\/MTC6784-293x195.jpg 293w, https:\/\/exaudi.org\/wp-content\/uploads\/2022\/01\/MTC6784-1400x933.jpg 1400w, https:\/\/exaudi.org\/wp-content\/uploads\/2022\/01\/MTC6784-120x80.jpg 120w, https:\/\/exaudi.org\/wp-content\/uploads\/2022\/01\/MTC6784-240x160.jpg 240w, https:\/\/exaudi.org\/wp-content\/uploads\/2022\/01\/MTC6784-390x260.jpg 390w\" sizes=\"auto, (max-width: 300px) 100vw, 300px\" \/>El comunicador cristiano hace suyo el estilo evang\u00e9lico, construye puentes, es un artesano de la paz tambi\u00e9n y sobre todo de la b\u00fasqueda de la verdad. Su enfoque no es de oposici\u00f3n a las personas, no adopta actitudes de superioridad, no simplifica la realidad, para no caer en un fide\u00edsmo de tipo cient\u00edfico. De hecho, la propia ciencia es un enfoque continuo para resolver problemas. La realidad es siempre m\u00e1s compleja de lo que pensamos, y debemos respetar las dudas, ansiedades y preguntas de las personas, intentando acompa\u00f1arlas sin tratarlas nunca con condescendencia. Di\u00e1logo con los dudosos.<\/p>\n<p>Como cristianos debemos ser los primeros en evitar la l\u00f3gica de la oposici\u00f3n y la simplificaci\u00f3n, tratando siempre de acercarnos, de acompa\u00f1ar, de responder de forma tranquila y razonada a las preguntas y objeciones. Intentamos trabajar por una informaci\u00f3n correcta y veraz sobre Covid-19 y las vacunas, pero sin cavar zanjas, sin hacer guetos. La pandemia nos invita a abrir los ojos a lo esencial, a lo que realmente cuenta, a la necesidad de salvarnos juntos. As\u00ed que estemos juntos a favor y nunca en contra. Juntos para.<\/p>\n<p>Y recordemos que el acceso a las vacunas y al tratamiento debe estar garantizado para todos, incluso para los m\u00e1s pobres: nos curaremos si nos curamos juntos. A este respecto, me gustar\u00eda subrayar algo que siempre he dicho: de las crisis no se sale solo; o se sale juntos, o nadie sale bien. No saldremos igual: saldremos mejor o peor. Porque la crisis nos pone en dificultades y tenemos que encontrar soluciones. Pero el problema -es una trampa psicol\u00f3gica- es cuando la crisis se convierte en conflicto y el conflicto no se puede resolver: s\u00f3lo con \u201cguerra\u201d, con distancias, con oposiciones, y esto siempre es ir hacia atr\u00e1s y no avanzar en el di\u00e1logo, en la uni\u00f3n. Nunca dejes que una crisis se convierta en un conflicto. No, es una crisis. Estamos en una crisis, intentemos salir de ella juntos.<\/p>\n<p>Finalmente, la \u00faltima reflexi\u00f3n breve es sobre la palabra verdad. No nos cansemos de verificar las noticias, de presentar los datos correctamente, de estar siempre atentos. La b\u00fasqueda de la verdad no puede plegarse a una perspectiva comercial, a los intereses de los poderosos, a los grandes intereses econ\u00f3micos. No. Estar juntos por la verdad significa tambi\u00e9n buscar un ant\u00eddoto a los algoritmos dise\u00f1ados para maximizar la rentabilidad comercial, significa promover una sociedad informada, justa, sana y sostenible. Sin un correctivo \u00e9tico, estas herramientas generan entornos de extremismo y llevan a las personas a una peligrosa radicalizaci\u00f3n, y eso es un conflicto.<\/p>\n<p>El ant\u00eddoto contra cualquier tipo de falsificaci\u00f3n es dejarse purificar por la verdad. Es cierto, la verdad purifica. Para el cristiano, la verdad nunca es s\u00f3lo un concepto sobre el juicio de las cosas, no, eso es s\u00f3lo una parte de la verdad. La verdad se refiere a toda la vida. \u201cEn la Biblia, [lleva] los significados de apoyo, solidez, confianza [&#8230;]. La verdad es aquello en lo que uno puede apoyarse para no caer. En este sentido relacional, el \u00fanico que es verdaderamente fiable y digno de confianza, en quien se puede confiar, es decir, \u201cverdadero\u201d, es el Dios vivo.<\/p>\n<p><img loading=\"lazy\" decoding=\"async\" class=\"alignright wp-image-50558 size-medium\" src=\"https:\/\/exaudi.org\/wp-content\/uploads\/2022\/01\/MTC6697-300x200.jpg\" alt=\"\" width=\"300\" height=\"200\" srcset=\"https:\/\/exaudi.org\/wp-content\/uploads\/2022\/01\/MTC6697-300x200.jpg 300w, https:\/\/exaudi.org\/wp-content\/uploads\/2022\/01\/MTC6697-1024x683.jpg 1024w, https:\/\/exaudi.org\/wp-content\/uploads\/2022\/01\/MTC6697-770x513.jpg 770w, https:\/\/exaudi.org\/wp-content\/uploads\/2022\/01\/MTC6697-1536x1024.jpg 1536w, https:\/\/exaudi.org\/wp-content\/uploads\/2022\/01\/MTC6697-2048x1365.jpg 2048w, https:\/\/exaudi.org\/wp-content\/uploads\/2022\/01\/MTC6697-360x240.jpg?crop=1 360w, https:\/\/exaudi.org\/wp-content\/uploads\/2022\/01\/MTC6697-500x333.jpg 500w, https:\/\/exaudi.org\/wp-content\/uploads\/2022\/01\/MTC6697-1155x770.jpg 1155w, https:\/\/exaudi.org\/wp-content\/uploads\/2022\/01\/MTC6697-370x247.jpg 370w, https:\/\/exaudi.org\/wp-content\/uploads\/2022\/01\/MTC6697-293x195.jpg 293w, https:\/\/exaudi.org\/wp-content\/uploads\/2022\/01\/MTC6697-1400x933.jpg 1400w, https:\/\/exaudi.org\/wp-content\/uploads\/2022\/01\/MTC6697-120x80.jpg 120w, https:\/\/exaudi.org\/wp-content\/uploads\/2022\/01\/MTC6697-240x160.jpg 240w, https:\/\/exaudi.org\/wp-content\/uploads\/2022\/01\/MTC6697-390x260.jpg 390w\" sizes=\"auto, (max-width: 300px) 100vw, 300px\" \/>Es la afirmaci\u00f3n de Jes\u00fas: \u201cYo soy la verdad\u201d (Jn 14,6). El hombre, pues, descubre y redescubre la verdad cuando la experimenta en s\u00ed mismo como fidelidad y fiabilidad de quien le ama\u201d (Mensaje para la 52\u00aa Jornada de las Comunicaciones Sociales 2018). Trabajar al servicio de la verdad significa, por tanto, buscar lo que fomenta la comuni\u00f3n y promueve el bien de todos, no lo que a\u00edsla, divide y se opone. No lo que lleva al conflicto.<\/p>\n<p>Hermanos y hermanas, en nuestras oraciones tengamos siempre presentes a las v\u00edctimas de la pandemia y a sus familias. Y tengamos en cuenta a los que, sin tener el virus, murieron al servicio de los enfermos. Son los h\u00e9roes de estos d\u00edas, tantos h\u00e9roes ocultos. Os deseo a vosotros y a vuestros compa\u00f1eros lo mejor en vuestro trabajo y os bendigo de coraz\u00f3n. Y, por favor, no os olvid\u00e9is de rezar por m\u00ed. Gracias.<\/p>\n<p><strong>\u00a9 Librer\u00eda Editora Vaticana <\/strong><\/p>\n","protected":false},"excerpt":{"rendered":"<p>Audiencia del Papa con los participantes del Consorcio Internacional de Medios Cat\u00f3licos<\/p>\n","protected":false},"author":81,"featured_media":50505,"comment_status":"closed","ping_status":"closed","sticky":false,"template":"","format":"standard","meta":{"_acf_changed":false,"_crdt_document":"","inline_featured_image":false,"footnotes":""},"categories":[124,68],"tags":[158,4953],"class_list":["post-50502","post","type-post","status-publish","format-standard","has-post-thumbnail","hentry","category-discursos","category-leon-xiv","tag-papa-francisco","tag-trending-es"],"acf":[],"yoast_head":"<!-- This site is optimized with the Yoast SEO plugin v27.4 - https:\/\/yoast.com\/product\/yoast-seo-wordpress\/ -->\n<title>El comunicador cristiano, \u201cartesano de la paz y de la b\u00fasqueda de la verdad\u201d &#8211; Exaudi<\/title>\n<meta name=\"description\" content=\"El comunicador cristiano es \u201cartesano de la paz y buscador de la verdad\u201d ha dicho al Consorcio Internacional de Medios Cat\u00f3licos.\" \/>\n<meta name=\"robots\" content=\"index, follow, max-snippet:-1, max-image-preview:large, max-video-preview:-1\" \/>\n<link rel=\"canonical\" href=\"https:\/\/exaudi.org\/es\/comunicador-cristiano-artesano-paz-buscador-de-verdad\/\" \/>\n<meta property=\"og:locale\" content=\"es_ES\" \/>\n<meta property=\"og:type\" content=\"article\" \/>\n<meta property=\"og:title\" content=\"El comunicador cristiano, \u201cartesano de la paz y de la b\u00fasqueda de la verdad\u201d &#8211; Exaudi\" \/>\n<meta property=\"og:description\" content=\"El comunicador cristiano es \u201cartesano de la paz y buscador de la verdad\u201d ha dicho al Consorcio Internacional de Medios Cat\u00f3licos.\" \/>\n<meta property=\"og:url\" content=\"https:\/\/exaudi.org\/es\/comunicador-cristiano-artesano-paz-buscador-de-verdad\/\" \/>\n<meta property=\"og:site_name\" content=\"Exaudi\" \/>\n<meta property=\"article:publisher\" content=\"https:\/\/www.facebook.com\/ExaudiNews\" \/>\n<meta property=\"article:published_time\" content=\"2022-01-28T11:20:20+00:00\" \/>\n<meta property=\"article:modified_time\" content=\"2022-01-28T14:48:21+00:00\" \/>\n<meta property=\"og:image\" content=\"https:\/\/exaudi.org\/wp-content\/uploads\/2022\/01\/cq5dam.web_.800.800-7-7.jpeg\" \/>\n\t<meta property=\"og:image:width\" content=\"800\" \/>\n\t<meta property=\"og:image:height\" content=\"533\" \/>\n\t<meta property=\"og:image:type\" content=\"image\/jpeg\" \/>\n<meta name=\"author\" content=\"Alba Montalvo\" \/>\n<meta name=\"twitter:card\" content=\"summary_large_image\" \/>\n<meta name=\"twitter:creator\" content=\"@Exaudi_News\" \/>\n<meta name=\"twitter:site\" content=\"@Exaudi_News\" \/>\n<meta name=\"twitter:label1\" content=\"Escrito por\" \/>\n\t<meta name=\"twitter:data1\" content=\"Alba Montalvo\" \/>\n\t<meta name=\"twitter:label2\" content=\"Tiempo de lectura\" \/>\n\t<meta name=\"twitter:data2\" content=\"12 minutos\" \/>\n<script type=\"application\/ld+json\" class=\"yoast-schema-graph\">{\"@context\":\"https:\\\/\\\/schema.org\",\"@graph\":[{\"@type\":\"Article\",\"@id\":\"https:\\\/\\\/exaudi.org\\\/es\\\/comunicador-cristiano-artesano-paz-buscador-de-verdad\\\/#article\",\"isPartOf\":{\"@id\":\"https:\\\/\\\/exaudi.org\\\/es\\\/comunicador-cristiano-artesano-paz-buscador-de-verdad\\\/\"},\"author\":{\"name\":\"Alba Montalvo\",\"@id\":\"https:\\\/\\\/exaudi.org\\\/#\\\/schema\\\/person\\\/fc7b3cbb6f4d66ebcb53bf601d7b7eb1\"},\"headline\":\"El comunicador cristiano, \u201cartesano de la paz y de la b\u00fasqueda de la verdad\u201d\",\"datePublished\":\"2022-01-28T11:20:20+00:00\",\"dateModified\":\"2022-01-28T14:48:21+00:00\",\"mainEntityOfPage\":{\"@id\":\"https:\\\/\\\/exaudi.org\\\/es\\\/comunicador-cristiano-artesano-paz-buscador-de-verdad\\\/\"},\"wordCount\":2379,\"image\":{\"@id\":\"https:\\\/\\\/exaudi.org\\\/es\\\/comunicador-cristiano-artesano-paz-buscador-de-verdad\\\/#primaryimage\"},\"thumbnailUrl\":\"https:\\\/\\\/exaudi.org\\\/wp-content\\\/uploads\\\/2022\\\/01\\\/cq5dam.web_.800.800-7-7.jpeg\",\"keywords\":[\"papa francisco\",\"Trending\"],\"articleSection\":[\"Discursos\",\"Le\u00f3n XIV\"],\"inLanguage\":\"es\"},{\"@type\":\"WebPage\",\"@id\":\"https:\\\/\\\/exaudi.org\\\/es\\\/comunicador-cristiano-artesano-paz-buscador-de-verdad\\\/\",\"url\":\"https:\\\/\\\/exaudi.org\\\/es\\\/comunicador-cristiano-artesano-paz-buscador-de-verdad\\\/\",\"name\":\"El comunicador cristiano, \u201cartesano de la paz y de la b\u00fasqueda de la verdad\u201d &#8211; Exaudi\",\"isPartOf\":{\"@id\":\"https:\\\/\\\/exaudi.org\\\/#website\"},\"primaryImageOfPage\":{\"@id\":\"https:\\\/\\\/exaudi.org\\\/es\\\/comunicador-cristiano-artesano-paz-buscador-de-verdad\\\/#primaryimage\"},\"image\":{\"@id\":\"https:\\\/\\\/exaudi.org\\\/es\\\/comunicador-cristiano-artesano-paz-buscador-de-verdad\\\/#primaryimage\"},\"thumbnailUrl\":\"https:\\\/\\\/exaudi.org\\\/wp-content\\\/uploads\\\/2022\\\/01\\\/cq5dam.web_.800.800-7-7.jpeg\",\"datePublished\":\"2022-01-28T11:20:20+00:00\",\"dateModified\":\"2022-01-28T14:48:21+00:00\",\"author\":{\"@id\":\"https:\\\/\\\/exaudi.org\\\/#\\\/schema\\\/person\\\/fc7b3cbb6f4d66ebcb53bf601d7b7eb1\"},\"description\":\"El comunicador cristiano es \u201cartesano de la paz y buscador de la verdad\u201d ha dicho al Consorcio Internacional de Medios Cat\u00f3licos.\",\"breadcrumb\":{\"@id\":\"https:\\\/\\\/exaudi.org\\\/es\\\/comunicador-cristiano-artesano-paz-buscador-de-verdad\\\/#breadcrumb\"},\"inLanguage\":\"es\",\"potentialAction\":[{\"@type\":\"ReadAction\",\"target\":[\"https:\\\/\\\/exaudi.org\\\/es\\\/comunicador-cristiano-artesano-paz-buscador-de-verdad\\\/\"]}]},{\"@type\":\"ImageObject\",\"inLanguage\":\"es\",\"@id\":\"https:\\\/\\\/exaudi.org\\\/es\\\/comunicador-cristiano-artesano-paz-buscador-de-verdad\\\/#primaryimage\",\"url\":\"https:\\\/\\\/exaudi.org\\\/wp-content\\\/uploads\\\/2022\\\/01\\\/cq5dam.web_.800.800-7-7.jpeg\",\"contentUrl\":\"https:\\\/\\\/exaudi.org\\\/wp-content\\\/uploads\\\/2022\\\/01\\\/cq5dam.web_.800.800-7-7.jpeg\",\"width\":800,\"height\":533,\"caption\":\"Audiencia con los participantes del Consorcio Internacional de Medios Cat\u00f3licos, 28 enero 2022 \u00a9 Vatican Media\"},{\"@type\":\"BreadcrumbList\",\"@id\":\"https:\\\/\\\/exaudi.org\\\/es\\\/comunicador-cristiano-artesano-paz-buscador-de-verdad\\\/#breadcrumb\",\"itemListElement\":[{\"@type\":\"ListItem\",\"position\":1,\"name\":\"Portada\",\"item\":\"https:\\\/\\\/exaudi.org\\\/es\\\/\"},{\"@type\":\"ListItem\",\"position\":2,\"name\":\"El comunicador cristiano, \u201cartesano de la paz y de la b\u00fasqueda de la verdad\u201d\"}]},{\"@type\":\"WebSite\",\"@id\":\"https:\\\/\\\/exaudi.org\\\/#website\",\"url\":\"https:\\\/\\\/exaudi.org\\\/\",\"name\":\"Exaudi\",\"description\":\"News\",\"potentialAction\":[{\"@type\":\"SearchAction\",\"target\":{\"@type\":\"EntryPoint\",\"urlTemplate\":\"https:\\\/\\\/exaudi.org\\\/?s={search_term_string}\"},\"query-input\":{\"@type\":\"PropertyValueSpecification\",\"valueRequired\":true,\"valueName\":\"search_term_string\"}}],\"inLanguage\":\"es\"},{\"@type\":\"Person\",\"@id\":\"https:\\\/\\\/exaudi.org\\\/#\\\/schema\\\/person\\\/fc7b3cbb6f4d66ebcb53bf601d7b7eb1\",\"name\":\"Alba Montalvo\",\"image\":{\"@type\":\"ImageObject\",\"inLanguage\":\"es\",\"@id\":\"https:\\\/\\\/secure.gravatar.com\\\/avatar\\\/1e8c522219a5df52d143b7baf13997ffd4f1814ca862efe7af11a13849275021?s=96&d=mm&r=g\",\"url\":\"https:\\\/\\\/secure.gravatar.com\\\/avatar\\\/1e8c522219a5df52d143b7baf13997ffd4f1814ca862efe7af11a13849275021?s=96&d=mm&r=g\",\"contentUrl\":\"https:\\\/\\\/secure.gravatar.com\\\/avatar\\\/1e8c522219a5df52d143b7baf13997ffd4f1814ca862efe7af11a13849275021?s=96&d=mm&r=g\",\"caption\":\"Alba Montalvo\"},\"description\":\"Licenciada en Periodismo y M\u00e1ster en Periodismo Social. Mi trayectoria profesional ha estado siempre vinculada al \u00e1mbito de la comunicaci\u00f3n en el entorno digital. He trabajado como productora, gestora de contenidos estrat\u00e9gicos para redes y entrevistadora en la Fundaci\u00f3n Mater Mundi TV. Madrile\u00f1a de nacimiento, actualmente vivo en M\u00e1laga.\",\"url\":\"https:\\\/\\\/exaudi.org\\\/es\\\/author\\\/amontalvoexaudi-org\\\/\"}]}<\/script>\n<!-- \/ Yoast SEO plugin. -->","yoast_head_json":{"title":"El comunicador cristiano, \u201cartesano de la paz y de la b\u00fasqueda de la verdad\u201d &#8211; Exaudi","description":"El comunicador cristiano es \u201cartesano de la paz y buscador de la verdad\u201d ha dicho al Consorcio Internacional de Medios Cat\u00f3licos.","robots":{"index":"index","follow":"follow","max-snippet":"max-snippet:-1","max-image-preview":"max-image-preview:large","max-video-preview":"max-video-preview:-1"},"canonical":"https:\/\/exaudi.org\/es\/comunicador-cristiano-artesano-paz-buscador-de-verdad\/","og_locale":"es_ES","og_type":"article","og_title":"El comunicador cristiano, \u201cartesano de la paz y de la b\u00fasqueda de la verdad\u201d &#8211; Exaudi","og_description":"El comunicador cristiano es \u201cartesano de la paz y buscador de la verdad\u201d ha dicho al Consorcio Internacional de Medios Cat\u00f3licos.","og_url":"https:\/\/exaudi.org\/es\/comunicador-cristiano-artesano-paz-buscador-de-verdad\/","og_site_name":"Exaudi","article_publisher":"https:\/\/www.facebook.com\/ExaudiNews","article_published_time":"2022-01-28T11:20:20+00:00","article_modified_time":"2022-01-28T14:48:21+00:00","og_image":[{"width":800,"height":533,"url":"https:\/\/exaudi.org\/wp-content\/uploads\/2022\/01\/cq5dam.web_.800.800-7-7.jpeg","type":"image\/jpeg"}],"author":"Alba Montalvo","twitter_card":"summary_large_image","twitter_creator":"@Exaudi_News","twitter_site":"@Exaudi_News","twitter_misc":{"Escrito por":"Alba Montalvo","Tiempo de lectura":"12 minutos"},"schema":{"@context":"https:\/\/schema.org","@graph":[{"@type":"Article","@id":"https:\/\/exaudi.org\/es\/comunicador-cristiano-artesano-paz-buscador-de-verdad\/#article","isPartOf":{"@id":"https:\/\/exaudi.org\/es\/comunicador-cristiano-artesano-paz-buscador-de-verdad\/"},"author":{"name":"Alba Montalvo","@id":"https:\/\/exaudi.org\/#\/schema\/person\/fc7b3cbb6f4d66ebcb53bf601d7b7eb1"},"headline":"El comunicador cristiano, \u201cartesano de la paz y de la b\u00fasqueda de la verdad\u201d","datePublished":"2022-01-28T11:20:20+00:00","dateModified":"2022-01-28T14:48:21+00:00","mainEntityOfPage":{"@id":"https:\/\/exaudi.org\/es\/comunicador-cristiano-artesano-paz-buscador-de-verdad\/"},"wordCount":2379,"image":{"@id":"https:\/\/exaudi.org\/es\/comunicador-cristiano-artesano-paz-buscador-de-verdad\/#primaryimage"},"thumbnailUrl":"https:\/\/exaudi.org\/wp-content\/uploads\/2022\/01\/cq5dam.web_.800.800-7-7.jpeg","keywords":["papa francisco","Trending"],"articleSection":["Discursos","Le\u00f3n XIV"],"inLanguage":"es"},{"@type":"WebPage","@id":"https:\/\/exaudi.org\/es\/comunicador-cristiano-artesano-paz-buscador-de-verdad\/","url":"https:\/\/exaudi.org\/es\/comunicador-cristiano-artesano-paz-buscador-de-verdad\/","name":"El comunicador cristiano, \u201cartesano de la paz y de la b\u00fasqueda de la verdad\u201d &#8211; Exaudi","isPartOf":{"@id":"https:\/\/exaudi.org\/#website"},"primaryImageOfPage":{"@id":"https:\/\/exaudi.org\/es\/comunicador-cristiano-artesano-paz-buscador-de-verdad\/#primaryimage"},"image":{"@id":"https:\/\/exaudi.org\/es\/comunicador-cristiano-artesano-paz-buscador-de-verdad\/#primaryimage"},"thumbnailUrl":"https:\/\/exaudi.org\/wp-content\/uploads\/2022\/01\/cq5dam.web_.800.800-7-7.jpeg","datePublished":"2022-01-28T11:20:20+00:00","dateModified":"2022-01-28T14:48:21+00:00","author":{"@id":"https:\/\/exaudi.org\/#\/schema\/person\/fc7b3cbb6f4d66ebcb53bf601d7b7eb1"},"description":"El comunicador cristiano es \u201cartesano de la paz y buscador de la verdad\u201d ha dicho al Consorcio Internacional de Medios Cat\u00f3licos.","breadcrumb":{"@id":"https:\/\/exaudi.org\/es\/comunicador-cristiano-artesano-paz-buscador-de-verdad\/#breadcrumb"},"inLanguage":"es","potentialAction":[{"@type":"ReadAction","target":["https:\/\/exaudi.org\/es\/comunicador-cristiano-artesano-paz-buscador-de-verdad\/"]}]},{"@type":"ImageObject","inLanguage":"es","@id":"https:\/\/exaudi.org\/es\/comunicador-cristiano-artesano-paz-buscador-de-verdad\/#primaryimage","url":"https:\/\/exaudi.org\/wp-content\/uploads\/2022\/01\/cq5dam.web_.800.800-7-7.jpeg","contentUrl":"https:\/\/exaudi.org\/wp-content\/uploads\/2022\/01\/cq5dam.web_.800.800-7-7.jpeg","width":800,"height":533,"caption":"Audiencia con los participantes del Consorcio Internacional de Medios Cat\u00f3licos, 28 enero 2022 \u00a9 Vatican Media"},{"@type":"BreadcrumbList","@id":"https:\/\/exaudi.org\/es\/comunicador-cristiano-artesano-paz-buscador-de-verdad\/#breadcrumb","itemListElement":[{"@type":"ListItem","position":1,"name":"Portada","item":"https:\/\/exaudi.org\/es\/"},{"@type":"ListItem","position":2,"name":"El comunicador cristiano, \u201cartesano de la paz y de la b\u00fasqueda de la verdad\u201d"}]},{"@type":"WebSite","@id":"https:\/\/exaudi.org\/#website","url":"https:\/\/exaudi.org\/","name":"Exaudi","description":"News","potentialAction":[{"@type":"SearchAction","target":{"@type":"EntryPoint","urlTemplate":"https:\/\/exaudi.org\/?s={search_term_string}"},"query-input":{"@type":"PropertyValueSpecification","valueRequired":true,"valueName":"search_term_string"}}],"inLanguage":"es"},{"@type":"Person","@id":"https:\/\/exaudi.org\/#\/schema\/person\/fc7b3cbb6f4d66ebcb53bf601d7b7eb1","name":"Alba Montalvo","image":{"@type":"ImageObject","inLanguage":"es","@id":"https:\/\/secure.gravatar.com\/avatar\/1e8c522219a5df52d143b7baf13997ffd4f1814ca862efe7af11a13849275021?s=96&d=mm&r=g","url":"https:\/\/secure.gravatar.com\/avatar\/1e8c522219a5df52d143b7baf13997ffd4f1814ca862efe7af11a13849275021?s=96&d=mm&r=g","contentUrl":"https:\/\/secure.gravatar.com\/avatar\/1e8c522219a5df52d143b7baf13997ffd4f1814ca862efe7af11a13849275021?s=96&d=mm&r=g","caption":"Alba Montalvo"},"description":"Licenciada en Periodismo y M\u00e1ster en Periodismo Social. Mi trayectoria profesional ha estado siempre vinculada al \u00e1mbito de la comunicaci\u00f3n en el entorno digital. He trabajado como productora, gestora de contenidos estrat\u00e9gicos para redes y entrevistadora en la Fundaci\u00f3n Mater Mundi TV. Madrile\u00f1a de nacimiento, actualmente vivo en M\u00e1laga.","url":"https:\/\/exaudi.org\/es\/author\/amontalvoexaudi-org\/"}]}},"jetpack_featured_media_url":"https:\/\/exaudi.org\/wp-content\/uploads\/2022\/01\/cq5dam.web_.800.800-7-7.jpeg","jetpack_shortlink":"https:\/\/wp.me\/pgKjF2-d8y","_links":{"self":[{"href":"https:\/\/exaudi.org\/es\/wp-json\/wp\/v2\/posts\/50502","targetHints":{"allow":["GET"]}}],"collection":[{"href":"https:\/\/exaudi.org\/es\/wp-json\/wp\/v2\/posts"}],"about":[{"href":"https:\/\/exaudi.org\/es\/wp-json\/wp\/v2\/types\/post"}],"author":[{"embeddable":true,"href":"https:\/\/exaudi.org\/es\/wp-json\/wp\/v2\/users\/81"}],"replies":[{"embeddable":true,"href":"https:\/\/exaudi.org\/es\/wp-json\/wp\/v2\/comments?post=50502"}],"version-history":[{"count":0,"href":"https:\/\/exaudi.org\/es\/wp-json\/wp\/v2\/posts\/50502\/revisions"}],"wp:featuredmedia":[{"embeddable":true,"href":"https:\/\/exaudi.org\/es\/wp-json\/wp\/v2\/media\/50505"}],"wp:attachment":[{"href":"https:\/\/exaudi.org\/es\/wp-json\/wp\/v2\/media?parent=50502"}],"wp:term":[{"taxonomy":"category","embeddable":true,"href":"https:\/\/exaudi.org\/es\/wp-json\/wp\/v2\/categories?post=50502"},{"taxonomy":"post_tag","embeddable":true,"href":"https:\/\/exaudi.org\/es\/wp-json\/wp\/v2\/tags?post=50502"}],"curies":[{"name":"wp","href":"https:\/\/api.w.org\/{rel}","templated":true}]}}