{"id":50165,"date":"2022-01-26T10:30:23","date_gmt":"2022-01-26T09:30:23","guid":{"rendered":"https:\/\/exaudi.org\/?p=50165"},"modified":"2022-01-26T16:15:45","modified_gmt":"2022-01-26T15:15:45","slug":"cardenal-arizmendi-yo-tambien-me-contagie","status":"publish","type":"post","link":"https:\/\/exaudi.org\/es\/cardenal-arizmendi-yo-tambien-me-contagie\/","title":{"rendered":"Cardenal Arizmendi: Yo tambi\u00e9n me contagi\u00e9"},"content":{"rendered":"<p>\u201cYo tambi\u00e9n me contagi\u00e9\u201d es el t\u00edtulo del art\u00edculo semanal del <a href=\"https:\/\/exaudi.org\/es\/author\/felipearizmendi\/\" target=\"_blank\" rel=\"noopener\">cardenal Felipe Arizmendi Esquivel<\/a>, obispo em\u00e9rito de San Crist\u00f3bal de Las Casas y responsable de la Doctrina de la Fe en la\u00a0<a href=\"https:\/\/www.cem.org.mx\/\" target=\"_blank\" rel=\"noopener\">Conferencia del Episcopado Mexicano (CEM)<\/a>. En \u00e9l habla c\u00f3mo recientemente ha padecido la COVID-19 y reflexiona sobre la responsabilidad, a\u00fan estando vacunados, para no exponer la salud propia y la del pr\u00f3jimo.<\/p>\n<p>***<\/p>\n<h2><strong>Mirar<\/strong><\/h2>\n<p>A pesar de haber recibido las dos dosis de la vacuna Pfizer y el refuerzo de AstraZ\u00e9neca, me contagi\u00e9 del virus SARS-COV-2. Sin embargo, gracias a las vacunas, los s\u00edntomas fueron muy leves: accesos de tos y fluido nasal. Una vez que me hicieron la prueba y sal\u00ed positivo, de inmediato inici\u00e9 el tratamiento adecuado y el aislamiento en casa. Como las otras tres personas que conviven conmigo tambi\u00e9n se contagiaron, las restricciones en el hogar fueron menores. S\u00f3lo un d\u00eda me sent\u00ed desganado y con los ojos un poco pesados. Despu\u00e9s de quince d\u00edas, la prueba result\u00f3 negativa y reinici\u00e9 mis actividades normales, con los cuidados prescritos. No s\u00e9 ni c\u00f3mo me contagi\u00e9, pues siempre he observado las recomendaciones que se nos han hecho, pero este virus aparece donde menos lo esperamos. Con todo, he comprobado lo ben\u00e9ficas que son las vacunas, pues nos evitan trastornos mayores.<\/p>\n<p>Comprendo y respeto a quienes, por diversas razones, no quieren vacunarse. Algunos, por miedo; otros, por investigaciones cient\u00edficas que atribuyen esta pandemia a consignas mundiales para el control de la poblaci\u00f3n, o por los da\u00f1os que las vacunas puedan producir, o porque algunas de \u00e9stas han utilizado fetos en sus or\u00edgenes remotos. Cuando analizan todo esto que les exponen, su conciencia les dice que no deben vacunarse. Son respetables y a nadie se debe vacunar contra su libertad. Yo conf\u00edo en otros cient\u00edficos, que nos dicen todo lo contrario. El Papa tiene unos asesores de primera calidad, y yo me f\u00edo tambi\u00e9n de ellos, sin menospreciar a los que manejan datos diferentes.<\/p>\n<p>Hay muchas personas, sin embargo, que son irresponsables y no respetan las medidas precautorias que tanto se nos han recomendado. En mi pueblo, como el \u201csem\u00e1foro verde\u201d permit\u00eda ciertas libertades, se organiz\u00f3 la fiesta patronal en honor a la Virgen de Bel\u00e9n. No se aglomeraba mucha gente en Misa, pero en el jaripeo y en los bailes, lo que menos hab\u00eda era \u201csana distancia\u201d. Algunos ya resultaron contagiados e imaginamos que hay muchos m\u00e1s, pero no lo dicen abiertamente. Nuestros pueblos quieren fiesta, sin la prudencia necesaria. Y como en el volc\u00e1n cercano cay\u00f3 algo de nieve, much\u00edsimas personas salieron a divertirse, sin demasiadas precauciones. La gente ya se cans\u00f3 de tanto encerramiento, y quiere salir. Ojal\u00e1 no haya graves consecuencias por el poco cuidado de la salud familiar y comunitaria.<\/p>\n<h2><strong>Discernir<\/strong><\/h2>\n<p>El Papa Francisco, en su discurso al Cuerpo Diplom\u00e1tico acreditado ante la Santa Sede, dijo:<\/p>\n<p>\u201cEn estos d\u00edas vemos c\u00f3mo la lucha contra la pandemia requiere a\u00fan un notable esfuerzo por parte de todos y c\u00f3mo tambi\u00e9n el nuevo a\u00f1o se presenta desafiante. El coronavirus sigue creando aislamiento social y cosechando v\u00edctimas. Al mismo tiempo, hemos podido constatar que, en los lugares donde se ha llevado adelante una campa\u00f1a de vacunaci\u00f3n eficaz, ha disminuido el riesgo de un avance grave de la enfermedad.<\/p>\n<p>Por lo tanto, es importante que se contin\u00faen los esfuerzos para inmunizar a la poblaci\u00f3n lo m\u00e1s que se pueda. Esto requiere un m\u00faltiple compromiso a nivel personal, pol\u00edtico y de la comunidad internacional en su conjunto. En primer lugar, a nivel personal. Todos tenemos la responsabilidad de cuidar de nosotros mismos y de nuestra salud, lo que se traduce tambi\u00e9n en el respeto por la salud de quien est\u00e1 cerca de nosotros. El cuidado de la salud constituye una obligaci\u00f3n moral. Lamentablemente, cada vez m\u00e1s constatamos c\u00f3mo vivimos en un mundo de fuertes contrastes ideol\u00f3gicos. Muchas veces nos dejamos influenciar por la ideolog\u00eda del momento, a menudo basada en noticias sin fundamento o en hechos poco documentados. Toda afirmaci\u00f3n ideol\u00f3gica cercena los v\u00ednculos que la raz\u00f3n humana tiene con la realidad objetiva de las cosas. En cambio, la pandemia nos impone una suerte de \u201ccura de realidad\u201d, que requiere afrontar el problema y adoptar los remedios adecuados para resolverlo. Las vacunas no son instrumentos m\u00e1gicos de curaci\u00f3n, sino que representan ciertamente, junto con los tratamientos que se est\u00e1n desarrollando, la soluci\u00f3n m\u00e1s razonable para la prevenci\u00f3n de la enfermedad.<\/p>\n<p>Por otra parte, la pol\u00edtica debe comprometerse a buscar el bien de la poblaci\u00f3n por medio de decisiones de prevenci\u00f3n e inmunizaci\u00f3n, que interpelen tambi\u00e9n a los ciudadanos para que puedan sentirse part\u00edcipes y responsables, por medio de una comunicaci\u00f3n transparente de las problem\u00e1ticas y de las medidas id\u00f3neas para afrontarlas. La falta de firmeza decisional y de claridad comunicativa genera confusi\u00f3n, crea desconfianza y amenaza la cohesi\u00f3n social, alimentando nuevas tensiones. Se instaura un \u201crelativismo social\u201d que hiere la armon\u00eda y la unidad.<\/p>\n<p>Por \u00faltimo, es necesario un compromiso global de la comunidad internacional, para que toda la poblaci\u00f3n mundial pueda acceder de la misma manera a los tratamientos m\u00e9dicos esenciales y a las vacunas. Lamentablemente, se constata con dolor que, en extensas zonas del mundo, el acceso universal a la asistencia sanitaria sigue siendo un espejismo. En un momento tan grave para toda la humanidad, reitero mi llamamiento para que los gobiernos y los entes privados implicados muestren sentido de responsabilidad, \u2026 y adopten una pol\u00edtica de desinteresada ayuda mutua, como principio clave para que el acceso a instrumentos diagn\u00f3sticos, vacunas y f\u00e1rmacos, est\u00e9 garantizado a todos\u201d (10-I-2022).<\/p>\n<h2><strong>A<\/strong><strong>ctuar<\/strong><\/h2>\n<p>Estoy convencido de la bondad de las vacunas contra la COVID-19; por ello, aconsejo que todos las reciban. Pero, aun estando vacunados, seamos responsables y no expongamos la salud propia y de los dem\u00e1s, observando las recomendaciones que al respecto se nos han hecho. Y que la oraci\u00f3n y los sacramentos nos contagien del amor misericordioso de Dios hacia nosotros y, de nosotros, hacia los dem\u00e1s. Nos salvamos o nos perdemos juntos.<\/p>\n<audio class=\"wp-audio-shortcode\" id=\"audio-50165-1\" preload=\"none\" style=\"width: 100%;\" controls=\"controls\"><source type=\"audio\/mpeg\" src=\"https:\/\/exaudi.org\/wp-content\/uploads\/2022\/01\/Articulo-26-enero.mp3?_=1\" \/><a href=\"https:\/\/exaudi.org\/wp-content\/uploads\/2022\/01\/Articulo-26-enero.mp3\">https:\/\/exaudi.org\/wp-content\/uploads\/2022\/01\/Articulo-26-enero.mp3<\/a><\/audio>\n","protected":false},"excerpt":{"rendered":"<p>Responsabilidad ante la COVID-19, a pesar de estar vacunados<\/p>\n","protected":false},"author":24,"featured_media":50170,"comment_status":"closed","ping_status":"closed","sticky":false,"template":"","format":"standard","meta":{"_acf_changed":false,"_crdt_document":"","inline_featured_image":false,"footnotes":""},"categories":[130],"tags":[3727,541,4953,954],"class_list":["post-50165","post","type-post","status-publish","format-standard","has-post-thumbnail","hentry","category-voces","tag-cardenal-felipe-arizmendi","tag-covid-19","tag-trending-es","tag-vacunas"],"acf":[],"yoast_head":"<!-- This site is optimized with the Yoast SEO plugin v27.4 - https:\/\/yoast.com\/product\/yoast-seo-wordpress\/ -->\n<title>Cardenal Arizmendi: Yo tambi\u00e9n me contagi\u00e9 &#8211; Exaudi<\/title>\n<meta name=\"description\" content=\"El\u00a0cardenal Felipe Arizmendi, obispo em\u00e9rito de San Crist\u00f3bal de Las Casas, ofrece su art\u00edculo semanal titulado \u201cYo tambi\u00e9n me contagi\u00e9\u201d\" \/>\n<meta name=\"robots\" content=\"index, follow, max-snippet:-1, max-image-preview:large, max-video-preview:-1\" \/>\n<link rel=\"canonical\" href=\"https:\/\/exaudi.org\/es\/cardenal-arizmendi-yo-tambien-me-contagie\/\" \/>\n<meta property=\"og:locale\" content=\"es_ES\" \/>\n<meta property=\"og:type\" content=\"article\" \/>\n<meta property=\"og:title\" content=\"Cardenal Arizmendi: Yo tambi\u00e9n me contagi\u00e9 &#8211; Exaudi\" \/>\n<meta property=\"og:description\" content=\"El\u00a0cardenal Felipe Arizmendi, obispo em\u00e9rito de San Crist\u00f3bal de Las Casas, ofrece su art\u00edculo semanal titulado \u201cYo tambi\u00e9n me contagi\u00e9\u201d\" \/>\n<meta property=\"og:url\" content=\"https:\/\/exaudi.org\/es\/cardenal-arizmendi-yo-tambien-me-contagie\/\" \/>\n<meta property=\"og:site_name\" content=\"Exaudi\" \/>\n<meta property=\"article:publisher\" content=\"https:\/\/www.facebook.com\/ExaudiNews\" \/>\n<meta property=\"article:published_time\" content=\"2022-01-26T09:30:23+00:00\" \/>\n<meta property=\"article:modified_time\" content=\"2022-01-26T15:15:45+00:00\" \/>\n<meta property=\"og:image\" content=\"https:\/\/exaudi.org\/wp-content\/uploads\/2022\/01\/pexels-anna-shvets-4167544-scaled.jpg\" \/>\n\t<meta property=\"og:image:width\" content=\"1707\" \/>\n\t<meta property=\"og:image:height\" content=\"2560\" \/>\n\t<meta property=\"og:image:type\" content=\"image\/jpeg\" \/>\n<meta name=\"author\" content=\"Cardenal Felipe Arizmendi\" \/>\n<meta name=\"twitter:card\" content=\"summary_large_image\" \/>\n<meta name=\"twitter:creator\" content=\"@Exaudi_News\" \/>\n<meta name=\"twitter:site\" content=\"@Exaudi_News\" \/>\n<meta name=\"twitter:label1\" content=\"Escrito por\" \/>\n\t<meta name=\"twitter:data1\" content=\"Cardenal Felipe Arizmendi\" \/>\n\t<meta name=\"twitter:label2\" content=\"Tiempo de lectura\" \/>\n\t<meta name=\"twitter:data2\" content=\"5 minutos\" \/>\n<script type=\"application\/ld+json\" class=\"yoast-schema-graph\">{\"@context\":\"https:\\\/\\\/schema.org\",\"@graph\":[{\"@type\":\"Article\",\"@id\":\"https:\\\/\\\/exaudi.org\\\/es\\\/cardenal-arizmendi-yo-tambien-me-contagie\\\/#article\",\"isPartOf\":{\"@id\":\"https:\\\/\\\/exaudi.org\\\/es\\\/cardenal-arizmendi-yo-tambien-me-contagie\\\/\"},\"author\":{\"name\":\"Cardenal Felipe Arizmendi\",\"@id\":\"https:\\\/\\\/exaudi.org\\\/#\\\/schema\\\/person\\\/c7d223f87e58f1105d044d8da1439102\"},\"headline\":\"Cardenal Arizmendi: Yo tambi\u00e9n me contagi\u00e9\",\"datePublished\":\"2022-01-26T09:30:23+00:00\",\"dateModified\":\"2022-01-26T15:15:45+00:00\",\"mainEntityOfPage\":{\"@id\":\"https:\\\/\\\/exaudi.org\\\/es\\\/cardenal-arizmendi-yo-tambien-me-contagie\\\/\"},\"wordCount\":1095,\"image\":{\"@id\":\"https:\\\/\\\/exaudi.org\\\/es\\\/cardenal-arizmendi-yo-tambien-me-contagie\\\/#primaryimage\"},\"thumbnailUrl\":\"https:\\\/\\\/exaudi.org\\\/wp-content\\\/uploads\\\/2022\\\/01\\\/pexels-anna-shvets-4167544-scaled.jpg\",\"keywords\":[\"Cardenal Felipe Arizmendi\",\"COVID-19\",\"Trending\",\"vacunas\"],\"articleSection\":[\"Voces\"],\"inLanguage\":\"es\"},{\"@type\":\"WebPage\",\"@id\":\"https:\\\/\\\/exaudi.org\\\/es\\\/cardenal-arizmendi-yo-tambien-me-contagie\\\/\",\"url\":\"https:\\\/\\\/exaudi.org\\\/es\\\/cardenal-arizmendi-yo-tambien-me-contagie\\\/\",\"name\":\"Cardenal Arizmendi: Yo tambi\u00e9n me contagi\u00e9 &#8211; Exaudi\",\"isPartOf\":{\"@id\":\"https:\\\/\\\/exaudi.org\\\/#website\"},\"primaryImageOfPage\":{\"@id\":\"https:\\\/\\\/exaudi.org\\\/es\\\/cardenal-arizmendi-yo-tambien-me-contagie\\\/#primaryimage\"},\"image\":{\"@id\":\"https:\\\/\\\/exaudi.org\\\/es\\\/cardenal-arizmendi-yo-tambien-me-contagie\\\/#primaryimage\"},\"thumbnailUrl\":\"https:\\\/\\\/exaudi.org\\\/wp-content\\\/uploads\\\/2022\\\/01\\\/pexels-anna-shvets-4167544-scaled.jpg\",\"datePublished\":\"2022-01-26T09:30:23+00:00\",\"dateModified\":\"2022-01-26T15:15:45+00:00\",\"author\":{\"@id\":\"https:\\\/\\\/exaudi.org\\\/#\\\/schema\\\/person\\\/c7d223f87e58f1105d044d8da1439102\"},\"description\":\"El\u00a0cardenal Felipe Arizmendi, obispo em\u00e9rito de San Crist\u00f3bal de Las Casas, ofrece su art\u00edculo semanal titulado \u201cYo tambi\u00e9n me contagi\u00e9\u201d\",\"breadcrumb\":{\"@id\":\"https:\\\/\\\/exaudi.org\\\/es\\\/cardenal-arizmendi-yo-tambien-me-contagie\\\/#breadcrumb\"},\"inLanguage\":\"es\",\"potentialAction\":[{\"@type\":\"ReadAction\",\"target\":[\"https:\\\/\\\/exaudi.org\\\/es\\\/cardenal-arizmendi-yo-tambien-me-contagie\\\/\"]}]},{\"@type\":\"ImageObject\",\"inLanguage\":\"es\",\"@id\":\"https:\\\/\\\/exaudi.org\\\/es\\\/cardenal-arizmendi-yo-tambien-me-contagie\\\/#primaryimage\",\"url\":\"https:\\\/\\\/exaudi.org\\\/wp-content\\\/uploads\\\/2022\\\/01\\\/pexels-anna-shvets-4167544-scaled.jpg\",\"contentUrl\":\"https:\\\/\\\/exaudi.org\\\/wp-content\\\/uploads\\\/2022\\\/01\\\/pexels-anna-shvets-4167544-scaled.jpg\",\"width\":1707,\"height\":2560,\"caption\":\"COVID-19 \u00a9 Pexels. Anna Shvets\"},{\"@type\":\"BreadcrumbList\",\"@id\":\"https:\\\/\\\/exaudi.org\\\/es\\\/cardenal-arizmendi-yo-tambien-me-contagie\\\/#breadcrumb\",\"itemListElement\":[{\"@type\":\"ListItem\",\"position\":1,\"name\":\"Portada\",\"item\":\"https:\\\/\\\/exaudi.org\\\/es\\\/\"},{\"@type\":\"ListItem\",\"position\":2,\"name\":\"Cardenal Arizmendi: Yo tambi\u00e9n me contagi\u00e9\"}]},{\"@type\":\"WebSite\",\"@id\":\"https:\\\/\\\/exaudi.org\\\/#website\",\"url\":\"https:\\\/\\\/exaudi.org\\\/\",\"name\":\"Exaudi\",\"description\":\"News\",\"potentialAction\":[{\"@type\":\"SearchAction\",\"target\":{\"@type\":\"EntryPoint\",\"urlTemplate\":\"https:\\\/\\\/exaudi.org\\\/?s={search_term_string}\"},\"query-input\":{\"@type\":\"PropertyValueSpecification\",\"valueRequired\":true,\"valueName\":\"search_term_string\"}}],\"inLanguage\":\"es\"},{\"@type\":\"Person\",\"@id\":\"https:\\\/\\\/exaudi.org\\\/#\\\/schema\\\/person\\\/c7d223f87e58f1105d044d8da1439102\",\"name\":\"Cardenal Felipe Arizmendi\",\"image\":{\"@type\":\"ImageObject\",\"inLanguage\":\"es\",\"@id\":\"https:\\\/\\\/secure.gravatar.com\\\/avatar\\\/4ffc5520d896b86d39346168903de33a17ef0f23d16de0ff45062c1ff422ed2f?s=96&d=mm&r=g\",\"url\":\"https:\\\/\\\/secure.gravatar.com\\\/avatar\\\/4ffc5520d896b86d39346168903de33a17ef0f23d16de0ff45062c1ff422ed2f?s=96&d=mm&r=g\",\"contentUrl\":\"https:\\\/\\\/secure.gravatar.com\\\/avatar\\\/4ffc5520d896b86d39346168903de33a17ef0f23d16de0ff45062c1ff422ed2f?s=96&d=mm&r=g\",\"caption\":\"Cardenal Felipe Arizmendi\"},\"description\":\"Nacido en Chiltepec el 1 de mayo de 1940. Estudi\u00f3 Humanidades y Filosof\u00eda en el Seminario de Toluca, de 1952 a 1959. Curs\u00f3 la Teolog\u00eda en la Universidad Pontificia de Salamanca, Espa\u00f1a, de 1959 a 1963, obteniendo la licenciatura en Teolog\u00eda Dogm\u00e1tica. Por su cuenta, se especializ\u00f3 en Liturgia. Fue ordenado sacerdote el 25 de agosto de 1963 en Toluca. Sirvi\u00f3 como Vicario Parroquial en tres parroquias por tres a\u00f1os y medio y fue p\u00e1rroco de una comunidad ind\u00edgena otom\u00ed, de 1967 a 1970. Fue Director Espiritual del Seminario de Toluca por diez a\u00f1os, y Rector del mismo de 1981 a 1991. El 7 de marzo de 1991, fue ordenado obispo de la di\u00f3cesis de Tapachula, donde estuvo hasta el 30 de abril del a\u00f1o 2000. El 1 de mayo del 2000, inici\u00f3 su ministerio episcopal como XLVI obispo de la di\u00f3cesis de San Crist\u00f3bal de las Casas, Chiapas, una de las di\u00f3cesis m\u00e1s antiguas de M\u00e9xico, erigida en 1539; all\u00ed sirvi\u00f3 por casi 18 a\u00f1os. Ha ocupado diversos cargos en la Conferencia del Episcopado Mexicano y en el CELAM. El 3 de noviembre de 2017, el Papa Francisco le acept\u00f3, por edad, su renuncia al servicio episcopal en esta di\u00f3cesis, que entreg\u00f3 a su sucesor el 3 de enero de 2018. Desde entonces, reside en la ciudad de Toluca. Desde 1979, escribe art\u00edculos de actualidad en varios medios religiosos y civiles. Es autor de varias publicaciones.\",\"url\":\"https:\\\/\\\/exaudi.org\\\/es\\\/author\\\/felipearizmendi\\\/\"}]}<\/script>\n<!-- \/ Yoast SEO plugin. -->","yoast_head_json":{"title":"Cardenal Arizmendi: Yo tambi\u00e9n me contagi\u00e9 &#8211; Exaudi","description":"El\u00a0cardenal Felipe Arizmendi, obispo em\u00e9rito de San Crist\u00f3bal de Las Casas, ofrece su art\u00edculo semanal titulado \u201cYo tambi\u00e9n me contagi\u00e9\u201d","robots":{"index":"index","follow":"follow","max-snippet":"max-snippet:-1","max-image-preview":"max-image-preview:large","max-video-preview":"max-video-preview:-1"},"canonical":"https:\/\/exaudi.org\/es\/cardenal-arizmendi-yo-tambien-me-contagie\/","og_locale":"es_ES","og_type":"article","og_title":"Cardenal Arizmendi: Yo tambi\u00e9n me contagi\u00e9 &#8211; Exaudi","og_description":"El\u00a0cardenal Felipe Arizmendi, obispo em\u00e9rito de San Crist\u00f3bal de Las Casas, ofrece su art\u00edculo semanal titulado \u201cYo tambi\u00e9n me contagi\u00e9\u201d","og_url":"https:\/\/exaudi.org\/es\/cardenal-arizmendi-yo-tambien-me-contagie\/","og_site_name":"Exaudi","article_publisher":"https:\/\/www.facebook.com\/ExaudiNews","article_published_time":"2022-01-26T09:30:23+00:00","article_modified_time":"2022-01-26T15:15:45+00:00","og_image":[{"width":1707,"height":2560,"url":"https:\/\/exaudi.org\/wp-content\/uploads\/2022\/01\/pexels-anna-shvets-4167544-scaled.jpg","type":"image\/jpeg"}],"author":"Cardenal Felipe Arizmendi","twitter_card":"summary_large_image","twitter_creator":"@Exaudi_News","twitter_site":"@Exaudi_News","twitter_misc":{"Escrito por":"Cardenal Felipe Arizmendi","Tiempo de lectura":"5 minutos"},"schema":{"@context":"https:\/\/schema.org","@graph":[{"@type":"Article","@id":"https:\/\/exaudi.org\/es\/cardenal-arizmendi-yo-tambien-me-contagie\/#article","isPartOf":{"@id":"https:\/\/exaudi.org\/es\/cardenal-arizmendi-yo-tambien-me-contagie\/"},"author":{"name":"Cardenal Felipe Arizmendi","@id":"https:\/\/exaudi.org\/#\/schema\/person\/c7d223f87e58f1105d044d8da1439102"},"headline":"Cardenal Arizmendi: Yo tambi\u00e9n me contagi\u00e9","datePublished":"2022-01-26T09:30:23+00:00","dateModified":"2022-01-26T15:15:45+00:00","mainEntityOfPage":{"@id":"https:\/\/exaudi.org\/es\/cardenal-arizmendi-yo-tambien-me-contagie\/"},"wordCount":1095,"image":{"@id":"https:\/\/exaudi.org\/es\/cardenal-arizmendi-yo-tambien-me-contagie\/#primaryimage"},"thumbnailUrl":"https:\/\/exaudi.org\/wp-content\/uploads\/2022\/01\/pexels-anna-shvets-4167544-scaled.jpg","keywords":["Cardenal Felipe Arizmendi","COVID-19","Trending","vacunas"],"articleSection":["Voces"],"inLanguage":"es"},{"@type":"WebPage","@id":"https:\/\/exaudi.org\/es\/cardenal-arizmendi-yo-tambien-me-contagie\/","url":"https:\/\/exaudi.org\/es\/cardenal-arizmendi-yo-tambien-me-contagie\/","name":"Cardenal Arizmendi: Yo tambi\u00e9n me contagi\u00e9 &#8211; Exaudi","isPartOf":{"@id":"https:\/\/exaudi.org\/#website"},"primaryImageOfPage":{"@id":"https:\/\/exaudi.org\/es\/cardenal-arizmendi-yo-tambien-me-contagie\/#primaryimage"},"image":{"@id":"https:\/\/exaudi.org\/es\/cardenal-arizmendi-yo-tambien-me-contagie\/#primaryimage"},"thumbnailUrl":"https:\/\/exaudi.org\/wp-content\/uploads\/2022\/01\/pexels-anna-shvets-4167544-scaled.jpg","datePublished":"2022-01-26T09:30:23+00:00","dateModified":"2022-01-26T15:15:45+00:00","author":{"@id":"https:\/\/exaudi.org\/#\/schema\/person\/c7d223f87e58f1105d044d8da1439102"},"description":"El\u00a0cardenal Felipe Arizmendi, obispo em\u00e9rito de San Crist\u00f3bal de Las Casas, ofrece su art\u00edculo semanal titulado \u201cYo tambi\u00e9n me contagi\u00e9\u201d","breadcrumb":{"@id":"https:\/\/exaudi.org\/es\/cardenal-arizmendi-yo-tambien-me-contagie\/#breadcrumb"},"inLanguage":"es","potentialAction":[{"@type":"ReadAction","target":["https:\/\/exaudi.org\/es\/cardenal-arizmendi-yo-tambien-me-contagie\/"]}]},{"@type":"ImageObject","inLanguage":"es","@id":"https:\/\/exaudi.org\/es\/cardenal-arizmendi-yo-tambien-me-contagie\/#primaryimage","url":"https:\/\/exaudi.org\/wp-content\/uploads\/2022\/01\/pexels-anna-shvets-4167544-scaled.jpg","contentUrl":"https:\/\/exaudi.org\/wp-content\/uploads\/2022\/01\/pexels-anna-shvets-4167544-scaled.jpg","width":1707,"height":2560,"caption":"COVID-19 \u00a9 Pexels. Anna Shvets"},{"@type":"BreadcrumbList","@id":"https:\/\/exaudi.org\/es\/cardenal-arizmendi-yo-tambien-me-contagie\/#breadcrumb","itemListElement":[{"@type":"ListItem","position":1,"name":"Portada","item":"https:\/\/exaudi.org\/es\/"},{"@type":"ListItem","position":2,"name":"Cardenal Arizmendi: Yo tambi\u00e9n me contagi\u00e9"}]},{"@type":"WebSite","@id":"https:\/\/exaudi.org\/#website","url":"https:\/\/exaudi.org\/","name":"Exaudi","description":"News","potentialAction":[{"@type":"SearchAction","target":{"@type":"EntryPoint","urlTemplate":"https:\/\/exaudi.org\/?s={search_term_string}"},"query-input":{"@type":"PropertyValueSpecification","valueRequired":true,"valueName":"search_term_string"}}],"inLanguage":"es"},{"@type":"Person","@id":"https:\/\/exaudi.org\/#\/schema\/person\/c7d223f87e58f1105d044d8da1439102","name":"Cardenal Felipe Arizmendi","image":{"@type":"ImageObject","inLanguage":"es","@id":"https:\/\/secure.gravatar.com\/avatar\/4ffc5520d896b86d39346168903de33a17ef0f23d16de0ff45062c1ff422ed2f?s=96&d=mm&r=g","url":"https:\/\/secure.gravatar.com\/avatar\/4ffc5520d896b86d39346168903de33a17ef0f23d16de0ff45062c1ff422ed2f?s=96&d=mm&r=g","contentUrl":"https:\/\/secure.gravatar.com\/avatar\/4ffc5520d896b86d39346168903de33a17ef0f23d16de0ff45062c1ff422ed2f?s=96&d=mm&r=g","caption":"Cardenal Felipe Arizmendi"},"description":"Nacido en Chiltepec el 1 de mayo de 1940. Estudi\u00f3 Humanidades y Filosof\u00eda en el Seminario de Toluca, de 1952 a 1959. Curs\u00f3 la Teolog\u00eda en la Universidad Pontificia de Salamanca, Espa\u00f1a, de 1959 a 1963, obteniendo la licenciatura en Teolog\u00eda Dogm\u00e1tica. Por su cuenta, se especializ\u00f3 en Liturgia. Fue ordenado sacerdote el 25 de agosto de 1963 en Toluca. Sirvi\u00f3 como Vicario Parroquial en tres parroquias por tres a\u00f1os y medio y fue p\u00e1rroco de una comunidad ind\u00edgena otom\u00ed, de 1967 a 1970. Fue Director Espiritual del Seminario de Toluca por diez a\u00f1os, y Rector del mismo de 1981 a 1991. El 7 de marzo de 1991, fue ordenado obispo de la di\u00f3cesis de Tapachula, donde estuvo hasta el 30 de abril del a\u00f1o 2000. El 1 de mayo del 2000, inici\u00f3 su ministerio episcopal como XLVI obispo de la di\u00f3cesis de San Crist\u00f3bal de las Casas, Chiapas, una de las di\u00f3cesis m\u00e1s antiguas de M\u00e9xico, erigida en 1539; all\u00ed sirvi\u00f3 por casi 18 a\u00f1os. Ha ocupado diversos cargos en la Conferencia del Episcopado Mexicano y en el CELAM. El 3 de noviembre de 2017, el Papa Francisco le acept\u00f3, por edad, su renuncia al servicio episcopal en esta di\u00f3cesis, que entreg\u00f3 a su sucesor el 3 de enero de 2018. Desde entonces, reside en la ciudad de Toluca. Desde 1979, escribe art\u00edculos de actualidad en varios medios religiosos y civiles. Es autor de varias publicaciones.","url":"https:\/\/exaudi.org\/es\/author\/felipearizmendi\/"}]}},"jetpack_featured_media_url":"https:\/\/exaudi.org\/wp-content\/uploads\/2022\/01\/pexels-anna-shvets-4167544-scaled.jpg","jetpack_shortlink":"https:\/\/wp.me\/pgKjF2-d37","_links":{"self":[{"href":"https:\/\/exaudi.org\/es\/wp-json\/wp\/v2\/posts\/50165","targetHints":{"allow":["GET"]}}],"collection":[{"href":"https:\/\/exaudi.org\/es\/wp-json\/wp\/v2\/posts"}],"about":[{"href":"https:\/\/exaudi.org\/es\/wp-json\/wp\/v2\/types\/post"}],"author":[{"embeddable":true,"href":"https:\/\/exaudi.org\/es\/wp-json\/wp\/v2\/users\/24"}],"replies":[{"embeddable":true,"href":"https:\/\/exaudi.org\/es\/wp-json\/wp\/v2\/comments?post=50165"}],"version-history":[{"count":0,"href":"https:\/\/exaudi.org\/es\/wp-json\/wp\/v2\/posts\/50165\/revisions"}],"wp:featuredmedia":[{"embeddable":true,"href":"https:\/\/exaudi.org\/es\/wp-json\/wp\/v2\/media\/50170"}],"wp:attachment":[{"href":"https:\/\/exaudi.org\/es\/wp-json\/wp\/v2\/media?parent=50165"}],"wp:term":[{"taxonomy":"category","embeddable":true,"href":"https:\/\/exaudi.org\/es\/wp-json\/wp\/v2\/categories?post=50165"},{"taxonomy":"post_tag","embeddable":true,"href":"https:\/\/exaudi.org\/es\/wp-json\/wp\/v2\/tags?post=50165"}],"curies":[{"name":"wp","href":"https:\/\/api.w.org\/{rel}","templated":true}]}}