{"id":49926,"date":"2022-01-24T09:59:07","date_gmt":"2022-01-24T08:59:07","guid":{"rendered":"https:\/\/exaudi.org\/?p=49926"},"modified":"2022-01-24T11:10:22","modified_gmt":"2022-01-24T10:10:22","slug":"la-santa-sede-concede-un-ano-jubilar-a-la-orden-de-la-visitacion","status":"publish","type":"post","link":"https:\/\/exaudi.org\/es\/la-santa-sede-concede-un-ano-jubilar-a-la-orden-de-la-visitacion\/","title":{"rendered":"La Santa Sede concede un a\u00f1o jubilar a la Orden de la Visitaci\u00f3n"},"content":{"rendered":"<p>La Santa Sede ha concedido un a\u00f1o jubilar a la\u00a0<a href=\"http:\/\/monjassalesas.blogspot.com\/p\/carisma.html\">Orden de la Visitaci\u00f3n de Santa Mar\u00eda<\/a> (Salesas), desde el 24 de enero al 28 de diciembre 2022, por el 400 aniversario de la muerte de San Francisco de Sales, fundador de las salesas y patrono de los periodistas.<\/p>\n<h2>Confesi\u00f3n sacramental, comuni\u00f3n eucar\u00edstica y oraci\u00f3n<\/h2>\n<p>De acuerdo al Decreto emitido por la Penitenciar\u00eda Apost\u00f3lica del Vaticano, \u201catendiendo a las preces enviadas por la madre Mar\u00eda Teresa Dennel, superiora del Monasterio de la Visitaci\u00f3n de Santa Mar\u00eda Virgen, de Annecy, concede la Indulgencia Plenaria con las condiciones habituales: confesi\u00f3n sacramental, comuni\u00f3n eucar\u00edstica y oraci\u00f3n por las intenciones del Santo Padre con ocasi\u00f3n de las solemnes celebraciones que se hagan en honor de san Francisco de Sales desde el d\u00eda 24 de enero hasta el d\u00eda 28 de diciembre\u201d.<\/p>\n<p>Tambi\u00e9n \u201cpodr\u00e1n aplicar, a modo de sufragio, a las almas de los fieles difuntos que est\u00e9n en el Purgatorio, a los fieles cristianos verdaderamente arrepentidos y movidos por la caridad que acudan en forma de peregrinaci\u00f3n y participen de las celebraciones que se tengan en la capilla del antedicho Monasterio o en cualquier templo de la Orden de la Visitaci\u00f3n de Santa Mar\u00eda Virgen, y all\u00ed asistan devotamente a los ritos jubilares, o, por lo menos, durante un tiempo conveniente, se dediquen a la oraci\u00f3n ante la imagen, expuesta a la p\u00fablica veneraci\u00f3n, del santo patr\u00f3n Francisco, concluyendo con el Padre Nuestro, el rezo del Credo y con oraciones a la Sant\u00edsima Virgen Mar\u00eda y a san Francisco de Sales\u201d, dice el decreto firmado en Roma, en la sede de la Penitenciar\u00eda Apost\u00f3lica, por\u00a0Mauro Cardenal Piacenza, penitenciario mayor.<\/p>\n<p>Del mismo modo, el decreto indica que \u201clos ancianos, enfermos y todos los que est\u00e9n impedidos para salir de su casa por una causa grave, podr\u00e1n igualmente conseguir la\u00a0 Indulgencia Plenaria, si rechazando todo pecado, y con intenci\u00f3n de cumplir, tan pronto les sea posible, las tres condiciones habituales, se unieran espiritualmente a las celebraciones jubilares ante cualquier imagen de San Francisco de Sales, ofreciendo a Dios misericordioso sus oraciones y dolores, o las incomodidades propias de la vida\u201d.<\/p>\n<p>As\u00ed, pues, \u201cpara que el acceso al perd\u00f3n divino, que se consigue por las llaves de la Iglesia, sea m\u00e1s f\u00e1cil por la caridad pastoral, esta Penitenciar\u00eda ruega encarecidamente, a los sacerdotes oportunamente facultados, se presten con diligencia y con celo generoso a la celebraci\u00f3n de la Penitencia\u201d, a\u00f1ade.<\/p>\n<h2><strong>La Orden de la Visitaci\u00f3n de Santa Mar\u00eda<\/strong><\/h2>\n<p>Seg\u00fan la archidi\u00f3cesis de Sevilla, la Orden de la Visitaci\u00f3n de Santa Mar\u00eda es un Instituto Religioso de vida contemplativa fundado por san Francisco de Sales y santa Juana Francisca Fr\u00e9myot de Chantal en 1610 en Annecy (Saboya, Francia). La Orden fue aprobada por la Santa Sede el 23 de abril de 1618 y erigida como tal por Pablo V el 16 de octubre del mismo a\u00f1o.<\/p>\n<p>Las religiosas est\u00e1n llamadas a vivir el Santo Evangelio siguiendo los consejos evang\u00e9licos de pobreza, castidad y obediencia, con un esp\u00edritu de profundad humildad y de dulzura con el pr\u00f3jimo.<\/p>\n<p>La Orden tiene presencia en 31 pa\u00edses y en Espa\u00f1a cuenta con 18 monasterios. Cada monasterio es aut\u00f3nomo y todos se encuentran en estrecha relaci\u00f3n de caridad a trav\u00e9s de las Federaciones, agrupaciones de monasterios con vistas a fomentar la comuni\u00f3n y ayudar en la formaci\u00f3n y necesidades espec\u00edficas.<\/p>\n","protected":false},"excerpt":{"rendered":"<p>Por el 400 aniversario de la muerte de San Francisco de Sales<\/p>\n","protected":false},"author":81,"featured_media":49947,"comment_status":"closed","ping_status":"closed","sticky":false,"template":"","format":"standard","meta":{"_acf_changed":false,"_crdt_document":"","inline_featured_image":false,"footnotes":""},"categories":[86,132],"tags":[5652,272],"class_list":["post-49926","post","type-post","status-publish","format-standard","has-post-thumbnail","hentry","category-iglesia-local","category-vaticano-es","tag-orden-de-la-visitacion-de-santa-maria","tag-vaticano-es"],"acf":[],"yoast_head":"<!-- This site is optimized with the Yoast SEO plugin v27.4 - https:\/\/yoast.com\/product\/yoast-seo-wordpress\/ -->\n<title>La Santa Sede concede un a\u00f1o jubilar a la Orden de la Visitaci\u00f3n &#8211; Exaudi<\/title>\n<meta name=\"description\" content=\"La Santa Sede concede un a\u00f1o jubilar a la Orden de la Visitaci\u00f3n,por el 400 aniversario de la muerte de San Francisco de Sales\" \/>\n<meta name=\"robots\" content=\"index, follow, max-snippet:-1, max-image-preview:large, max-video-preview:-1\" \/>\n<link rel=\"canonical\" href=\"https:\/\/exaudi.org\/es\/la-santa-sede-concede-un-ano-jubilar-a-la-orden-de-la-visitacion\/\" \/>\n<meta property=\"og:locale\" content=\"es_ES\" \/>\n<meta property=\"og:type\" content=\"article\" \/>\n<meta property=\"og:title\" content=\"La Santa Sede concede un a\u00f1o jubilar a la Orden de la Visitaci\u00f3n &#8211; Exaudi\" \/>\n<meta property=\"og:description\" content=\"La Santa Sede concede un a\u00f1o jubilar a la Orden de la Visitaci\u00f3n,por el 400 aniversario de la muerte de San Francisco de Sales\" \/>\n<meta property=\"og:url\" content=\"https:\/\/exaudi.org\/es\/la-santa-sede-concede-un-ano-jubilar-a-la-orden-de-la-visitacion\/\" \/>\n<meta property=\"og:site_name\" content=\"Exaudi\" \/>\n<meta property=\"article:publisher\" content=\"https:\/\/www.facebook.com\/ExaudiNews\" \/>\n<meta property=\"article:published_time\" content=\"2022-01-24T08:59:07+00:00\" \/>\n<meta property=\"article:modified_time\" content=\"2022-01-24T10:10:22+00:00\" \/>\n<meta property=\"og:image\" content=\"https:\/\/exaudi.org\/wp-content\/uploads\/2022\/01\/E18_0037-796x448-1.jpeg\" \/>\n\t<meta property=\"og:image:width\" content=\"796\" \/>\n\t<meta property=\"og:image:height\" content=\"448\" \/>\n\t<meta property=\"og:image:type\" content=\"image\/jpeg\" \/>\n<meta name=\"author\" content=\"Alba Montalvo\" \/>\n<meta name=\"twitter:card\" content=\"summary_large_image\" \/>\n<meta name=\"twitter:creator\" content=\"@Exaudi_News\" \/>\n<meta name=\"twitter:site\" content=\"@Exaudi_News\" \/>\n<meta name=\"twitter:label1\" content=\"Escrito por\" \/>\n\t<meta name=\"twitter:data1\" content=\"Alba Montalvo\" \/>\n\t<meta name=\"twitter:label2\" content=\"Tiempo de lectura\" \/>\n\t<meta name=\"twitter:data2\" content=\"3 minutos\" \/>\n<script type=\"application\/ld+json\" class=\"yoast-schema-graph\">{\"@context\":\"https:\\\/\\\/schema.org\",\"@graph\":[{\"@type\":\"Article\",\"@id\":\"https:\\\/\\\/exaudi.org\\\/es\\\/la-santa-sede-concede-un-ano-jubilar-a-la-orden-de-la-visitacion\\\/#article\",\"isPartOf\":{\"@id\":\"https:\\\/\\\/exaudi.org\\\/es\\\/la-santa-sede-concede-un-ano-jubilar-a-la-orden-de-la-visitacion\\\/\"},\"author\":{\"name\":\"Alba Montalvo\",\"@id\":\"https:\\\/\\\/exaudi.org\\\/#\\\/schema\\\/person\\\/fc7b3cbb6f4d66ebcb53bf601d7b7eb1\"},\"headline\":\"La Santa Sede concede un a\u00f1o jubilar a la Orden de la Visitaci\u00f3n\",\"datePublished\":\"2022-01-24T08:59:07+00:00\",\"dateModified\":\"2022-01-24T10:10:22+00:00\",\"mainEntityOfPage\":{\"@id\":\"https:\\\/\\\/exaudi.org\\\/es\\\/la-santa-sede-concede-un-ano-jubilar-a-la-orden-de-la-visitacion\\\/\"},\"wordCount\":623,\"image\":{\"@id\":\"https:\\\/\\\/exaudi.org\\\/es\\\/la-santa-sede-concede-un-ano-jubilar-a-la-orden-de-la-visitacion\\\/#primaryimage\"},\"thumbnailUrl\":\"https:\\\/\\\/exaudi.org\\\/wp-content\\\/uploads\\\/2022\\\/01\\\/E18_0037-796x448-1.jpeg\",\"keywords\":[\"Orden de la Visitaci\u00f3n de Santa Mar\u00eda\",\"Vaticano\"],\"articleSection\":[\"Iglesia Local\",\"Vaticano\"],\"inLanguage\":\"es\"},{\"@type\":\"WebPage\",\"@id\":\"https:\\\/\\\/exaudi.org\\\/es\\\/la-santa-sede-concede-un-ano-jubilar-a-la-orden-de-la-visitacion\\\/\",\"url\":\"https:\\\/\\\/exaudi.org\\\/es\\\/la-santa-sede-concede-un-ano-jubilar-a-la-orden-de-la-visitacion\\\/\",\"name\":\"La Santa Sede concede un a\u00f1o jubilar a la Orden de la Visitaci\u00f3n &#8211; Exaudi\",\"isPartOf\":{\"@id\":\"https:\\\/\\\/exaudi.org\\\/#website\"},\"primaryImageOfPage\":{\"@id\":\"https:\\\/\\\/exaudi.org\\\/es\\\/la-santa-sede-concede-un-ano-jubilar-a-la-orden-de-la-visitacion\\\/#primaryimage\"},\"image\":{\"@id\":\"https:\\\/\\\/exaudi.org\\\/es\\\/la-santa-sede-concede-un-ano-jubilar-a-la-orden-de-la-visitacion\\\/#primaryimage\"},\"thumbnailUrl\":\"https:\\\/\\\/exaudi.org\\\/wp-content\\\/uploads\\\/2022\\\/01\\\/E18_0037-796x448-1.jpeg\",\"datePublished\":\"2022-01-24T08:59:07+00:00\",\"dateModified\":\"2022-01-24T10:10:22+00:00\",\"author\":{\"@id\":\"https:\\\/\\\/exaudi.org\\\/#\\\/schema\\\/person\\\/fc7b3cbb6f4d66ebcb53bf601d7b7eb1\"},\"description\":\"La Santa Sede concede un a\u00f1o jubilar a la Orden de la Visitaci\u00f3n,por el 400 aniversario de la muerte de San Francisco de Sales\",\"breadcrumb\":{\"@id\":\"https:\\\/\\\/exaudi.org\\\/es\\\/la-santa-sede-concede-un-ano-jubilar-a-la-orden-de-la-visitacion\\\/#breadcrumb\"},\"inLanguage\":\"es\",\"potentialAction\":[{\"@type\":\"ReadAction\",\"target\":[\"https:\\\/\\\/exaudi.org\\\/es\\\/la-santa-sede-concede-un-ano-jubilar-a-la-orden-de-la-visitacion\\\/\"]}]},{\"@type\":\"ImageObject\",\"inLanguage\":\"es\",\"@id\":\"https:\\\/\\\/exaudi.org\\\/es\\\/la-santa-sede-concede-un-ano-jubilar-a-la-orden-de-la-visitacion\\\/#primaryimage\",\"url\":\"https:\\\/\\\/exaudi.org\\\/wp-content\\\/uploads\\\/2022\\\/01\\\/E18_0037-796x448-1.jpeg\",\"contentUrl\":\"https:\\\/\\\/exaudi.org\\\/wp-content\\\/uploads\\\/2022\\\/01\\\/E18_0037-796x448-1.jpeg\",\"width\":796,\"height\":448,\"caption\":\"Monasterio de la Visitaci\u00f3n \u00a9 Di\u00f3cesis de Sevilla\"},{\"@type\":\"BreadcrumbList\",\"@id\":\"https:\\\/\\\/exaudi.org\\\/es\\\/la-santa-sede-concede-un-ano-jubilar-a-la-orden-de-la-visitacion\\\/#breadcrumb\",\"itemListElement\":[{\"@type\":\"ListItem\",\"position\":1,\"name\":\"Portada\",\"item\":\"https:\\\/\\\/exaudi.org\\\/es\\\/\"},{\"@type\":\"ListItem\",\"position\":2,\"name\":\"La Santa Sede concede un a\u00f1o jubilar a la Orden de la Visitaci\u00f3n\"}]},{\"@type\":\"WebSite\",\"@id\":\"https:\\\/\\\/exaudi.org\\\/#website\",\"url\":\"https:\\\/\\\/exaudi.org\\\/\",\"name\":\"Exaudi\",\"description\":\"News\",\"potentialAction\":[{\"@type\":\"SearchAction\",\"target\":{\"@type\":\"EntryPoint\",\"urlTemplate\":\"https:\\\/\\\/exaudi.org\\\/?s={search_term_string}\"},\"query-input\":{\"@type\":\"PropertyValueSpecification\",\"valueRequired\":true,\"valueName\":\"search_term_string\"}}],\"inLanguage\":\"es\"},{\"@type\":\"Person\",\"@id\":\"https:\\\/\\\/exaudi.org\\\/#\\\/schema\\\/person\\\/fc7b3cbb6f4d66ebcb53bf601d7b7eb1\",\"name\":\"Alba Montalvo\",\"image\":{\"@type\":\"ImageObject\",\"inLanguage\":\"es\",\"@id\":\"https:\\\/\\\/secure.gravatar.com\\\/avatar\\\/1e8c522219a5df52d143b7baf13997ffd4f1814ca862efe7af11a13849275021?s=96&d=mm&r=g\",\"url\":\"https:\\\/\\\/secure.gravatar.com\\\/avatar\\\/1e8c522219a5df52d143b7baf13997ffd4f1814ca862efe7af11a13849275021?s=96&d=mm&r=g\",\"contentUrl\":\"https:\\\/\\\/secure.gravatar.com\\\/avatar\\\/1e8c522219a5df52d143b7baf13997ffd4f1814ca862efe7af11a13849275021?s=96&d=mm&r=g\",\"caption\":\"Alba Montalvo\"},\"description\":\"Licenciada en Periodismo y M\u00e1ster en Periodismo Social. Mi trayectoria profesional ha estado siempre vinculada al \u00e1mbito de la comunicaci\u00f3n en el entorno digital. He trabajado como productora, gestora de contenidos estrat\u00e9gicos para redes y entrevistadora en la Fundaci\u00f3n Mater Mundi TV. Madrile\u00f1a de nacimiento, actualmente vivo en M\u00e1laga.\",\"url\":\"https:\\\/\\\/exaudi.org\\\/es\\\/author\\\/amontalvoexaudi-org\\\/\"}]}<\/script>\n<!-- \/ Yoast SEO plugin. -->","yoast_head_json":{"title":"La Santa Sede concede un a\u00f1o jubilar a la Orden de la Visitaci\u00f3n &#8211; Exaudi","description":"La Santa Sede concede un a\u00f1o jubilar a la Orden de la Visitaci\u00f3n,por el 400 aniversario de la muerte de San Francisco de Sales","robots":{"index":"index","follow":"follow","max-snippet":"max-snippet:-1","max-image-preview":"max-image-preview:large","max-video-preview":"max-video-preview:-1"},"canonical":"https:\/\/exaudi.org\/es\/la-santa-sede-concede-un-ano-jubilar-a-la-orden-de-la-visitacion\/","og_locale":"es_ES","og_type":"article","og_title":"La Santa Sede concede un a\u00f1o jubilar a la Orden de la Visitaci\u00f3n &#8211; Exaudi","og_description":"La Santa Sede concede un a\u00f1o jubilar a la Orden de la Visitaci\u00f3n,por el 400 aniversario de la muerte de San Francisco de Sales","og_url":"https:\/\/exaudi.org\/es\/la-santa-sede-concede-un-ano-jubilar-a-la-orden-de-la-visitacion\/","og_site_name":"Exaudi","article_publisher":"https:\/\/www.facebook.com\/ExaudiNews","article_published_time":"2022-01-24T08:59:07+00:00","article_modified_time":"2022-01-24T10:10:22+00:00","og_image":[{"width":796,"height":448,"url":"https:\/\/exaudi.org\/wp-content\/uploads\/2022\/01\/E18_0037-796x448-1.jpeg","type":"image\/jpeg"}],"author":"Alba Montalvo","twitter_card":"summary_large_image","twitter_creator":"@Exaudi_News","twitter_site":"@Exaudi_News","twitter_misc":{"Escrito por":"Alba Montalvo","Tiempo de lectura":"3 minutos"},"schema":{"@context":"https:\/\/schema.org","@graph":[{"@type":"Article","@id":"https:\/\/exaudi.org\/es\/la-santa-sede-concede-un-ano-jubilar-a-la-orden-de-la-visitacion\/#article","isPartOf":{"@id":"https:\/\/exaudi.org\/es\/la-santa-sede-concede-un-ano-jubilar-a-la-orden-de-la-visitacion\/"},"author":{"name":"Alba Montalvo","@id":"https:\/\/exaudi.org\/#\/schema\/person\/fc7b3cbb6f4d66ebcb53bf601d7b7eb1"},"headline":"La Santa Sede concede un a\u00f1o jubilar a la Orden de la Visitaci\u00f3n","datePublished":"2022-01-24T08:59:07+00:00","dateModified":"2022-01-24T10:10:22+00:00","mainEntityOfPage":{"@id":"https:\/\/exaudi.org\/es\/la-santa-sede-concede-un-ano-jubilar-a-la-orden-de-la-visitacion\/"},"wordCount":623,"image":{"@id":"https:\/\/exaudi.org\/es\/la-santa-sede-concede-un-ano-jubilar-a-la-orden-de-la-visitacion\/#primaryimage"},"thumbnailUrl":"https:\/\/exaudi.org\/wp-content\/uploads\/2022\/01\/E18_0037-796x448-1.jpeg","keywords":["Orden de la Visitaci\u00f3n de Santa Mar\u00eda","Vaticano"],"articleSection":["Iglesia Local","Vaticano"],"inLanguage":"es"},{"@type":"WebPage","@id":"https:\/\/exaudi.org\/es\/la-santa-sede-concede-un-ano-jubilar-a-la-orden-de-la-visitacion\/","url":"https:\/\/exaudi.org\/es\/la-santa-sede-concede-un-ano-jubilar-a-la-orden-de-la-visitacion\/","name":"La Santa Sede concede un a\u00f1o jubilar a la Orden de la Visitaci\u00f3n &#8211; Exaudi","isPartOf":{"@id":"https:\/\/exaudi.org\/#website"},"primaryImageOfPage":{"@id":"https:\/\/exaudi.org\/es\/la-santa-sede-concede-un-ano-jubilar-a-la-orden-de-la-visitacion\/#primaryimage"},"image":{"@id":"https:\/\/exaudi.org\/es\/la-santa-sede-concede-un-ano-jubilar-a-la-orden-de-la-visitacion\/#primaryimage"},"thumbnailUrl":"https:\/\/exaudi.org\/wp-content\/uploads\/2022\/01\/E18_0037-796x448-1.jpeg","datePublished":"2022-01-24T08:59:07+00:00","dateModified":"2022-01-24T10:10:22+00:00","author":{"@id":"https:\/\/exaudi.org\/#\/schema\/person\/fc7b3cbb6f4d66ebcb53bf601d7b7eb1"},"description":"La Santa Sede concede un a\u00f1o jubilar a la Orden de la Visitaci\u00f3n,por el 400 aniversario de la muerte de San Francisco de Sales","breadcrumb":{"@id":"https:\/\/exaudi.org\/es\/la-santa-sede-concede-un-ano-jubilar-a-la-orden-de-la-visitacion\/#breadcrumb"},"inLanguage":"es","potentialAction":[{"@type":"ReadAction","target":["https:\/\/exaudi.org\/es\/la-santa-sede-concede-un-ano-jubilar-a-la-orden-de-la-visitacion\/"]}]},{"@type":"ImageObject","inLanguage":"es","@id":"https:\/\/exaudi.org\/es\/la-santa-sede-concede-un-ano-jubilar-a-la-orden-de-la-visitacion\/#primaryimage","url":"https:\/\/exaudi.org\/wp-content\/uploads\/2022\/01\/E18_0037-796x448-1.jpeg","contentUrl":"https:\/\/exaudi.org\/wp-content\/uploads\/2022\/01\/E18_0037-796x448-1.jpeg","width":796,"height":448,"caption":"Monasterio de la Visitaci\u00f3n \u00a9 Di\u00f3cesis de Sevilla"},{"@type":"BreadcrumbList","@id":"https:\/\/exaudi.org\/es\/la-santa-sede-concede-un-ano-jubilar-a-la-orden-de-la-visitacion\/#breadcrumb","itemListElement":[{"@type":"ListItem","position":1,"name":"Portada","item":"https:\/\/exaudi.org\/es\/"},{"@type":"ListItem","position":2,"name":"La Santa Sede concede un a\u00f1o jubilar a la Orden de la Visitaci\u00f3n"}]},{"@type":"WebSite","@id":"https:\/\/exaudi.org\/#website","url":"https:\/\/exaudi.org\/","name":"Exaudi","description":"News","potentialAction":[{"@type":"SearchAction","target":{"@type":"EntryPoint","urlTemplate":"https:\/\/exaudi.org\/?s={search_term_string}"},"query-input":{"@type":"PropertyValueSpecification","valueRequired":true,"valueName":"search_term_string"}}],"inLanguage":"es"},{"@type":"Person","@id":"https:\/\/exaudi.org\/#\/schema\/person\/fc7b3cbb6f4d66ebcb53bf601d7b7eb1","name":"Alba Montalvo","image":{"@type":"ImageObject","inLanguage":"es","@id":"https:\/\/secure.gravatar.com\/avatar\/1e8c522219a5df52d143b7baf13997ffd4f1814ca862efe7af11a13849275021?s=96&d=mm&r=g","url":"https:\/\/secure.gravatar.com\/avatar\/1e8c522219a5df52d143b7baf13997ffd4f1814ca862efe7af11a13849275021?s=96&d=mm&r=g","contentUrl":"https:\/\/secure.gravatar.com\/avatar\/1e8c522219a5df52d143b7baf13997ffd4f1814ca862efe7af11a13849275021?s=96&d=mm&r=g","caption":"Alba Montalvo"},"description":"Licenciada en Periodismo y M\u00e1ster en Periodismo Social. Mi trayectoria profesional ha estado siempre vinculada al \u00e1mbito de la comunicaci\u00f3n en el entorno digital. He trabajado como productora, gestora de contenidos estrat\u00e9gicos para redes y entrevistadora en la Fundaci\u00f3n Mater Mundi TV. Madrile\u00f1a de nacimiento, actualmente vivo en M\u00e1laga.","url":"https:\/\/exaudi.org\/es\/author\/amontalvoexaudi-org\/"}]}},"jetpack_featured_media_url":"https:\/\/exaudi.org\/wp-content\/uploads\/2022\/01\/E18_0037-796x448-1.jpeg","jetpack_shortlink":"https:\/\/wp.me\/pgKjF2-cZg","_links":{"self":[{"href":"https:\/\/exaudi.org\/es\/wp-json\/wp\/v2\/posts\/49926","targetHints":{"allow":["GET"]}}],"collection":[{"href":"https:\/\/exaudi.org\/es\/wp-json\/wp\/v2\/posts"}],"about":[{"href":"https:\/\/exaudi.org\/es\/wp-json\/wp\/v2\/types\/post"}],"author":[{"embeddable":true,"href":"https:\/\/exaudi.org\/es\/wp-json\/wp\/v2\/users\/81"}],"replies":[{"embeddable":true,"href":"https:\/\/exaudi.org\/es\/wp-json\/wp\/v2\/comments?post=49926"}],"version-history":[{"count":0,"href":"https:\/\/exaudi.org\/es\/wp-json\/wp\/v2\/posts\/49926\/revisions"}],"wp:featuredmedia":[{"embeddable":true,"href":"https:\/\/exaudi.org\/es\/wp-json\/wp\/v2\/media\/49947"}],"wp:attachment":[{"href":"https:\/\/exaudi.org\/es\/wp-json\/wp\/v2\/media?parent=49926"}],"wp:term":[{"taxonomy":"category","embeddable":true,"href":"https:\/\/exaudi.org\/es\/wp-json\/wp\/v2\/categories?post=49926"},{"taxonomy":"post_tag","embeddable":true,"href":"https:\/\/exaudi.org\/es\/wp-json\/wp\/v2\/tags?post=49926"}],"curies":[{"name":"wp","href":"https:\/\/api.w.org\/{rel}","templated":true}]}}