{"id":49917,"date":"2022-01-24T08:45:06","date_gmt":"2022-01-24T07:45:06","guid":{"rendered":"https:\/\/exaudi.org\/?p=49917"},"modified":"2022-01-24T11:48:13","modified_gmt":"2022-01-24T10:48:13","slug":"un-punto-de-inflexion-en-la-batalla-de-eeuu-contra-el-aborto","status":"publish","type":"post","link":"https:\/\/exaudi.org\/es\/un-punto-de-inflexion-en-la-batalla-de-eeuu-contra-el-aborto\/","title":{"rendered":"\u00bfUn punto de inflexi\u00f3n en la batalla de EEUU contra el aborto?"},"content":{"rendered":"<p>Los oradores de la Marcha anual por la Vida, celebrada en el <em>National Mall de Washington<\/em> el 21 de enero, hablaron de un probable punto de inflexi\u00f3n en la actual protesta contra el aborto legalizado en Estados Unidos, pero tambi\u00e9n instaron a la multitud a permanecer vigilante en su defensa y apoyo al movimiento provida, seg\u00fan el informe del <a href=\"https:\/\/www.catholicnews.com\/\" target=\"_blank\" rel=\"noopener\"><em>Catholic News Service<\/em> <\/a>(CNS) publicado en el <em>Catholic Standard<\/em>, peri\u00f3dico de la archidi\u00f3cesis de Washington DC.<\/p>\n<p>Los oradores de la manifestaci\u00f3n de 90 minutos, celebrada bajo un cielo nublado y con temperaturas de 20 grados, fueron l\u00edderes religiosos, miembros del congreso, defensores de la vida, incluidas mujeres que hab\u00edan abortado o estaban a punto de hacerlo, y actores.<\/p>\n<p>Muchos de los oradores reconocieron que los asistentes, abrigados con gorros y abrigos de invierno y colocados muy juntos, deb\u00edan tener fr\u00edo, pero tambi\u00e9n elogiaron su continua dedicaci\u00f3n al acudir cada a\u00f1o al evento para protestar contra la decisi\u00f3n del Tribunal Supremo de 1973 en el caso Roe contra Wade, que legaliz\u00f3 el aborto.<\/p>\n<p>Como siempre, la Marcha por la Vida atrajo protestas de algunos grupos proabortistas.<\/p>\n<p>En una declaraci\u00f3n realizada ayer, el cardenal de Washington Wilton Gregory critic\u00f3 duramente el espect\u00e1culo de luces proyectado sobre la Bas\u00edlica del Santuario Nacional de la Inmaculada Concepci\u00f3n el 20 de enero por <em>Catholics for Choice<\/em> y otros partidarios del <a href=\"https:\/\/exaudi.org\/es\/amar-vida-drama-aborto\/\" target=\"_blank\" rel=\"noopener\">aborto<\/a>. Mientras se celebraba la Vigilia Nacional de Oraci\u00f3n por la Vida en el interior del Santuario Nacional y la gente asist\u00eda a una misa y rezaba para que la gente reconociera la dignidad que Dios otorga a la vida humana en todas sus etapas, los partidarios del derecho al aborto proyectaron mensajes sobre la Torre de los Caballeros, frente a la bas\u00edlica.<\/p>\n<p>El cardenal Gregory, arzobispo de Washington, que preside el Patronato del Santuario Nacional, dijo: \u201cAquellos cuyas payasadas proyectaron palabras en el exterior del edificio de la iglesia demostraron con esas travesuras que son realmente ajenos a la Iglesia\u201d.<\/p>\n<p>Aqu\u00ed est\u00e1 el texto de la declaraci\u00f3n completa del Cardenal Gregory emitida el 21 de enero:<\/p>\n<p>\u201cLa verdadera voz de la Iglesia s\u00f3lo se encontraba dentro de la Bas\u00edlica del Santuario Nacional de la Inmaculada Concepci\u00f3n la pasada noche. All\u00ed, la gente rez\u00f3 y ofreci\u00f3 la Eucarist\u00eda pidiendo a Dios que restablezca una verdadera reverencia por toda vida humana. Aquellos cuyas payasadas proyectaron palabras en el exterior del edificio de la iglesia demostraron con esas travesuras que realmente son ajenos a la Iglesia y lo hicieron de noche &#8211; Juan 13:30\u201d.<\/p>\n<p>Jeanne Mancini, presidenta del Fondo de Educaci\u00f3n y Defensa de la Marcha por la Vida, y maestra de ceremonias de la manifestaci\u00f3n, dijo que esta era su d\u00e9cima Marcha por la Vida en el podio del evento y dijo: \u201cEstoy bastante segura de que nunca he visto una multitud tan excitada como vosotros, y estoy muy agradecida\u201d.<\/p>\n<p>El entusiasmo pod\u00eda deberse en parte a que el evento volv\u00eda a celebrarse despu\u00e9s de que el a\u00f1o pasado fuera principalmente virtual en medio de la pandemia y tras los disturbios del 6 de enero en el Capitolio de Estados Unidos. Pero para muchos, el entusiasmo se reflej\u00f3 en el mensaje de casi todos los oradores: la posibilidad de que el Tribunal Supremo revierta su decisi\u00f3n sobre el aborto este a\u00f1o.<\/p>\n<p>El representante Chris Smith, republicano de Nueva Jersey, que tambi\u00e9n se ha dirigido con frecuencia a la multitud de la marcha, les dijo que este a\u00f1o ten\u00edan \u201cnuevas esperanzas y mayores expectativas\u201d a la espera de la decisi\u00f3n del Tribunal Supremo en el caso Dobbs contra la Organizaci\u00f3n de Salud de la Mujer de Jackson.<\/p>\n<p>\u201cHoy, tras d\u00e9cadas de nobles luchas y sacrificios, tenemos la esperanza de que la violencia contra los ni\u00f1os sancionada por el gobierno y la explotaci\u00f3n de las mujeres mediante el aborto se acerque a su fin, aunque de forma muy real, la lucha por la defensa de la vida humana inocente entra ahora en una nueva fase de importancia cr\u00edtica\u201d, dijo.<\/p>\n<p>El representante, que es copresidente del Caucus Pro-Vida del Congreso y estaba rodeado en el escenario por una docena de congresistas, tambi\u00e9n se\u00f1al\u00f3 que el movimiento provida estaba \u201cen el punto de inflexi\u00f3n\u201d e inst\u00f3 a los que llevan tanto tiempo luchando por \u00e9l a \u201caprovechar la oportunidad con toda la fe y seriedad que podamos reunir.\u201d<\/p>\n<p>Dan Lipinski, ex representante dem\u00f3crata de la C\u00e1mara de Representantes por Illinois, subray\u00f3 igualmente que \u201cpase lo que pase en el Tribunal Supremo, seguiremos marchando\u201d.<\/p>\n<p>Otros l\u00edderes del Congreso tambi\u00e9n se dirigieron a la multitud a trav\u00e9s de mensajes grabados que se mostraron en pantallas Jumbotron, inst\u00e1ndoles a mantener el impulso.<\/p>\n<p>Mancini dijo a la multitud, compuesta en su mayor\u00eda por j\u00f3venes, que se alegraba de darles la bienvenida y, desvi\u00e1ndose de su discurso preparado, les aconsej\u00f3 que fueran a las tiendas de campa\u00f1a de primeros auxilios o a los autobuses de calentamiento si necesitaban entrar en calor.<\/p>\n<p>\u201cEsperamos y rezamos para que este a\u00f1o, 2022, traiga un cambio hist\u00f3rico para la vida\u201d, dijo.<\/p>\n<p>Al igual que otros oradores durante la manifestaci\u00f3n, dijo que mientras el movimiento provida espera la decisi\u00f3n en el caso Dobbs, \u201cnecesitamos su dedicaci\u00f3n m\u00e1s que nunca.\u201d<\/p>\n<p>\u201cSi Roe cae, las l\u00edneas de batalla cambiar\u00e1n, pero la lucha por la vida tendr\u00e1 que continuar\u201d, a\u00f1adi\u00f3.<\/p>\n<p>El tema de la manifestaci\u00f3n de este a\u00f1o fue \u201cLa igualdad comienza en el \u00fatero\u201d, y Mancini y otros oradores destacaron que quienes defienden la igualdad deben reconocer que \u00e9sta comienza con los no nacidos.<\/p>\n<p>Lisa Robertson, miembro del reparto de \u201cDuck Dynasty\u201d, habl\u00f3 a la multitud de sus luchas personales tras haber abortado hace varios a\u00f1os, pero tambi\u00e9n destac\u00f3 que ahora se da cuenta de que puede hablar de ello porque sabe que ha sido perdonada. Anim\u00f3 al p\u00fablico a ser tambi\u00e9n pro-adopci\u00f3n.<\/p>\n<p>Kirk Cameron, m\u00e1s conocido por su papel en la comedia de los a\u00f1os 80 <em>Growing Pains<\/em>, destac\u00f3 igualmente la bendici\u00f3n de la adopci\u00f3n, se\u00f1alando que su mujer y cuatro de sus seis hijos fueron adoptados.<\/p>\n<p>Cameron dijo que estaba orgulloso de marchar con este grupo hasta el Tribunal Supremo y les inst\u00f3 a continuar con el esp\u00edritu de la marcha cuando volvieran a sus hogares.<\/p>\n<p>El padre Mike Schmitz se hizo eco de esa misma idea, diciendo a la multitud que su sola presencia en este acto \u201cos cambia\u201d.<\/p>\n<p>El sacerdote de la Di\u00f3cesis de Duluth, Minnesota, que es un popular conferenciante cat\u00f3lico, autor y presentador del podcast \u201cLa Biblia en un a\u00f1o\u201d de <em>Ascension Press<\/em>, tuvo un gran \u00e9xito entre la multitud, que core\u00f3 \u201c\u00a1Padre Mike!\u201d despu\u00e9s de que abandonara el escenario.<\/p>\n<p>El p\u00fablico tambi\u00e9n grit\u00f3 \u201c\u00a1Katie! Katie!\u201d para Katie Shaw, una defensora de la vida con s\u00edndrome de Down que dio las gracias a sus padres por elegir la vida y dijo que le entristec\u00edan todos los amigos que podr\u00eda haber tenido que fueron abortados.<\/p>\n<p>El mitin, que siempre encabeza la marcha, comenz\u00f3 y termin\u00f3 con una oraci\u00f3n. La oraci\u00f3n de apertura fue pronunciada por el arzobispo Elpidophoros de Am\u00e9rica, un l\u00edder ortodoxo griego al que se uni\u00f3 en el escenario el arzobispo de Baltimore William E. Lori, presidente del Comit\u00e9 de los Obispos de EE.UU. para Actividades Pro-Vida.<\/p>\n<p>La oraci\u00f3n de clausura fue pronunciada por Cissie Graham Lynch, nieta del conocido ministro bautista del sur, el reverendo Billy Graham.<\/p>\n<p>Al final de la manifestaci\u00f3n, antes de que los participantes se dirigieran a la Avenida de la Constituci\u00f3n para marchar hacia el Tribunal Supremo, Mancini inst\u00f3 a los participantes a reconocer el trabajo que tiene por delante el movimiento provida y a contribuir en l\u00ednea o en cestas colocadas a lo largo de la ruta de la marcha por miembros de los Caballeros de Col\u00f3n.<\/p>\n<p>Se\u00f1al\u00f3 que Tom Hogan, uno de los miembros de la junta de la Marcha por la Vida que hab\u00eda dirigido a los manifestantes en este evento anual durante a\u00f1os, muri\u00f3 en noviembre. Dijo que estaba segura de que \u201cnos miraba desde arriba y nos manten\u00eda a raya\u201d.<\/p>\n","protected":false},"excerpt":{"rendered":"<p>Marcha Nacional por la Vida 2022<\/p>\n","protected":false},"author":4,"featured_media":49961,"comment_status":"closed","ping_status":"closed","sticky":false,"template":"","format":"standard","meta":{"_acf_changed":false,"_crdt_document":"","inline_featured_image":false,"footnotes":""},"categories":[78,86],"tags":[5651],"class_list":["post-49917","post","type-post","status-publish","format-standard","has-post-thumbnail","hentry","category-defensa-de-la-vida","category-iglesia-local","tag-marcha-nacional-por-la-vida-2022"],"acf":[],"yoast_head":"<!-- This site is optimized with the Yoast SEO plugin v27.5 - https:\/\/yoast.com\/product\/yoast-seo-wordpress\/ -->\n<title>\u00bfUn punto de inflexi\u00f3n en la batalla de EEUU contra el aborto? &#8211; Exaudi<\/title>\n<meta name=\"description\" content=\"\u00bfUn punto de inflexi\u00f3n en la batalla de EEUU contra el aborto? Marcha Nacional por la Vida 2022 Washington.\" \/>\n<meta name=\"robots\" content=\"index, follow, max-snippet:-1, max-image-preview:large, max-video-preview:-1\" \/>\n<link rel=\"canonical\" href=\"https:\/\/exaudi.org\/es\/un-punto-de-inflexion-en-la-batalla-de-eeuu-contra-el-aborto\/\" \/>\n<meta property=\"og:locale\" content=\"es_ES\" \/>\n<meta property=\"og:type\" content=\"article\" \/>\n<meta property=\"og:title\" content=\"\u00bfUn punto de inflexi\u00f3n en la batalla de EEUU contra el aborto? &#8211; Exaudi\" \/>\n<meta property=\"og:description\" content=\"\u00bfUn punto de inflexi\u00f3n en la batalla de EEUU contra el aborto? Marcha Nacional por la Vida 2022 Washington.\" \/>\n<meta property=\"og:url\" content=\"https:\/\/exaudi.org\/es\/un-punto-de-inflexion-en-la-batalla-de-eeuu-contra-el-aborto\/\" \/>\n<meta property=\"og:site_name\" content=\"Exaudi\" \/>\n<meta property=\"article:publisher\" content=\"https:\/\/www.facebook.com\/ExaudiNews\" \/>\n<meta property=\"article:published_time\" content=\"2022-01-24T07:45:06+00:00\" \/>\n<meta property=\"article:modified_time\" content=\"2022-01-24T10:48:13+00:00\" \/>\n<meta property=\"og:image\" content=\"https:\/\/exaudi.org\/wp-content\/uploads\/2022\/01\/Disen\u0303o-sin-ti\u0301tulo-50.jpg\" \/>\n\t<meta property=\"og:image:width\" content=\"1500\" \/>\n\t<meta property=\"og:image:height\" content=\"1000\" \/>\n\t<meta property=\"og:image:type\" content=\"image\/jpeg\" \/>\n<meta name=\"author\" content=\"Jim Fair\" \/>\n<meta name=\"twitter:card\" content=\"summary_large_image\" \/>\n<meta name=\"twitter:creator\" content=\"@Exaudi_News\" \/>\n<meta name=\"twitter:site\" content=\"@Exaudi_News\" \/>\n<meta name=\"twitter:label1\" content=\"Escrito por\" \/>\n\t<meta name=\"twitter:data1\" content=\"Jim Fair\" \/>\n\t<meta name=\"twitter:label2\" content=\"Tiempo de lectura\" \/>\n\t<meta name=\"twitter:data2\" content=\"7 minutos\" \/>\n<script type=\"application\/ld+json\" class=\"yoast-schema-graph\">{\"@context\":\"https:\\\/\\\/schema.org\",\"@graph\":[{\"@type\":\"Article\",\"@id\":\"https:\\\/\\\/exaudi.org\\\/es\\\/un-punto-de-inflexion-en-la-batalla-de-eeuu-contra-el-aborto\\\/#article\",\"isPartOf\":{\"@id\":\"https:\\\/\\\/exaudi.org\\\/es\\\/un-punto-de-inflexion-en-la-batalla-de-eeuu-contra-el-aborto\\\/\"},\"author\":{\"name\":\"Jim Fair\",\"@id\":\"https:\\\/\\\/exaudi.org\\\/#\\\/schema\\\/person\\\/010bdf0d65f801cd06f263d9b37ae0f4\"},\"headline\":\"\u00bfUn punto de inflexi\u00f3n en la batalla de EEUU contra el aborto?\",\"datePublished\":\"2022-01-24T07:45:06+00:00\",\"dateModified\":\"2022-01-24T10:48:13+00:00\",\"mainEntityOfPage\":{\"@id\":\"https:\\\/\\\/exaudi.org\\\/es\\\/un-punto-de-inflexion-en-la-batalla-de-eeuu-contra-el-aborto\\\/\"},\"wordCount\":1429,\"image\":{\"@id\":\"https:\\\/\\\/exaudi.org\\\/es\\\/un-punto-de-inflexion-en-la-batalla-de-eeuu-contra-el-aborto\\\/#primaryimage\"},\"thumbnailUrl\":\"https:\\\/\\\/exaudi.org\\\/wp-content\\\/uploads\\\/2022\\\/01\\\/Disen\u0303o-sin-ti\u0301tulo-50.jpg\",\"keywords\":[\"Marcha Nacional por la Vida 2022\"],\"articleSection\":[\"Defensa de la vida\",\"Iglesia Local\"],\"inLanguage\":\"es\"},{\"@type\":\"WebPage\",\"@id\":\"https:\\\/\\\/exaudi.org\\\/es\\\/un-punto-de-inflexion-en-la-batalla-de-eeuu-contra-el-aborto\\\/\",\"url\":\"https:\\\/\\\/exaudi.org\\\/es\\\/un-punto-de-inflexion-en-la-batalla-de-eeuu-contra-el-aborto\\\/\",\"name\":\"\u00bfUn punto de inflexi\u00f3n en la batalla de EEUU contra el aborto? &#8211; Exaudi\",\"isPartOf\":{\"@id\":\"https:\\\/\\\/exaudi.org\\\/#website\"},\"primaryImageOfPage\":{\"@id\":\"https:\\\/\\\/exaudi.org\\\/es\\\/un-punto-de-inflexion-en-la-batalla-de-eeuu-contra-el-aborto\\\/#primaryimage\"},\"image\":{\"@id\":\"https:\\\/\\\/exaudi.org\\\/es\\\/un-punto-de-inflexion-en-la-batalla-de-eeuu-contra-el-aborto\\\/#primaryimage\"},\"thumbnailUrl\":\"https:\\\/\\\/exaudi.org\\\/wp-content\\\/uploads\\\/2022\\\/01\\\/Disen\u0303o-sin-ti\u0301tulo-50.jpg\",\"datePublished\":\"2022-01-24T07:45:06+00:00\",\"dateModified\":\"2022-01-24T10:48:13+00:00\",\"author\":{\"@id\":\"https:\\\/\\\/exaudi.org\\\/#\\\/schema\\\/person\\\/010bdf0d65f801cd06f263d9b37ae0f4\"},\"description\":\"\u00bfUn punto de inflexi\u00f3n en la batalla de EEUU contra el aborto? Marcha Nacional por la Vida 2022 Washington.\",\"breadcrumb\":{\"@id\":\"https:\\\/\\\/exaudi.org\\\/es\\\/un-punto-de-inflexion-en-la-batalla-de-eeuu-contra-el-aborto\\\/#breadcrumb\"},\"inLanguage\":\"es\",\"potentialAction\":[{\"@type\":\"ReadAction\",\"target\":[\"https:\\\/\\\/exaudi.org\\\/es\\\/un-punto-de-inflexion-en-la-batalla-de-eeuu-contra-el-aborto\\\/\"]}]},{\"@type\":\"ImageObject\",\"inLanguage\":\"es\",\"@id\":\"https:\\\/\\\/exaudi.org\\\/es\\\/un-punto-de-inflexion-en-la-batalla-de-eeuu-contra-el-aborto\\\/#primaryimage\",\"url\":\"https:\\\/\\\/exaudi.org\\\/wp-content\\\/uploads\\\/2022\\\/01\\\/Disen\u0303o-sin-ti\u0301tulo-50.jpg\",\"contentUrl\":\"https:\\\/\\\/exaudi.org\\\/wp-content\\\/uploads\\\/2022\\\/01\\\/Disen\u0303o-sin-ti\u0301tulo-50.jpg\",\"width\":1500,\"height\":1000,\"caption\":\"Por la vida, mujer embarazada \u00a9 Canva\"},{\"@type\":\"BreadcrumbList\",\"@id\":\"https:\\\/\\\/exaudi.org\\\/es\\\/un-punto-de-inflexion-en-la-batalla-de-eeuu-contra-el-aborto\\\/#breadcrumb\",\"itemListElement\":[{\"@type\":\"ListItem\",\"position\":1,\"name\":\"Portada\",\"item\":\"https:\\\/\\\/exaudi.org\\\/es\\\/\"},{\"@type\":\"ListItem\",\"position\":2,\"name\":\"\u00bfUn punto de inflexi\u00f3n en la batalla de EEUU contra el aborto?\"}]},{\"@type\":\"WebSite\",\"@id\":\"https:\\\/\\\/exaudi.org\\\/#website\",\"url\":\"https:\\\/\\\/exaudi.org\\\/\",\"name\":\"Exaudi\",\"description\":\"News\",\"potentialAction\":[{\"@type\":\"SearchAction\",\"target\":{\"@type\":\"EntryPoint\",\"urlTemplate\":\"https:\\\/\\\/exaudi.org\\\/?s={search_term_string}\"},\"query-input\":{\"@type\":\"PropertyValueSpecification\",\"valueRequired\":true,\"valueName\":\"search_term_string\"}}],\"inLanguage\":\"es\"},{\"@type\":\"Person\",\"@id\":\"https:\\\/\\\/exaudi.org\\\/#\\\/schema\\\/person\\\/010bdf0d65f801cd06f263d9b37ae0f4\",\"name\":\"Jim Fair\",\"image\":{\"@type\":\"ImageObject\",\"inLanguage\":\"es\",\"@id\":\"https:\\\/\\\/secure.gravatar.com\\\/avatar\\\/d9e9a2d31abad3e51c5d8f0279fc9b21b66199b8a85886455445ed562fd46934?s=96&d=mm&r=g\",\"url\":\"https:\\\/\\\/secure.gravatar.com\\\/avatar\\\/d9e9a2d31abad3e51c5d8f0279fc9b21b66199b8a85886455445ed562fd46934?s=96&d=mm&r=g\",\"contentUrl\":\"https:\\\/\\\/secure.gravatar.com\\\/avatar\\\/d9e9a2d31abad3e51c5d8f0279fc9b21b66199b8a85886455445ed562fd46934?s=96&d=mm&r=g\",\"caption\":\"Jim Fair\"},\"description\":\"Jim Fair has spent the past two decades as a communicator for Catholic organizations. He is a convert to the Catholic faith and is grateful to his wife, Charmaine, for her continuing efforts to save his soul. They have a son and daughter, both happily married, and four grandchildren. Before devoting his life full-time to things Catholic, Jim enjoyed a 23-year career in various communications roles for large corporations. Before that, he worked as a newspaper reporter, photographer, and editor. He has served as president of the Chicago Public Relations Forum, chairman of the American Petroleum Institute General Committee on Communications, and a fellow of Greater Leadership Chicago. He was a member of the founding committee of the chemical industry\u2019s Responsible Care Program. Jim is an active member of St. John Vianney Parish in Northlake, Illinois, where he chairs the finance council.\",\"url\":\"https:\\\/\\\/exaudi.org\\\/es\\\/author\\\/jfairexaudi-org\\\/\"}]}<\/script>\n<!-- \/ Yoast SEO plugin. -->","yoast_head_json":{"title":"\u00bfUn punto de inflexi\u00f3n en la batalla de EEUU contra el aborto? &#8211; Exaudi","description":"\u00bfUn punto de inflexi\u00f3n en la batalla de EEUU contra el aborto? Marcha Nacional por la Vida 2022 Washington.","robots":{"index":"index","follow":"follow","max-snippet":"max-snippet:-1","max-image-preview":"max-image-preview:large","max-video-preview":"max-video-preview:-1"},"canonical":"https:\/\/exaudi.org\/es\/un-punto-de-inflexion-en-la-batalla-de-eeuu-contra-el-aborto\/","og_locale":"es_ES","og_type":"article","og_title":"\u00bfUn punto de inflexi\u00f3n en la batalla de EEUU contra el aborto? &#8211; Exaudi","og_description":"\u00bfUn punto de inflexi\u00f3n en la batalla de EEUU contra el aborto? Marcha Nacional por la Vida 2022 Washington.","og_url":"https:\/\/exaudi.org\/es\/un-punto-de-inflexion-en-la-batalla-de-eeuu-contra-el-aborto\/","og_site_name":"Exaudi","article_publisher":"https:\/\/www.facebook.com\/ExaudiNews","article_published_time":"2022-01-24T07:45:06+00:00","article_modified_time":"2022-01-24T10:48:13+00:00","og_image":[{"width":1500,"height":1000,"url":"https:\/\/exaudi.org\/wp-content\/uploads\/2022\/01\/Disen\u0303o-sin-ti\u0301tulo-50.jpg","type":"image\/jpeg"}],"author":"Jim Fair","twitter_card":"summary_large_image","twitter_creator":"@Exaudi_News","twitter_site":"@Exaudi_News","twitter_misc":{"Escrito por":"Jim Fair","Tiempo de lectura":"7 minutos"},"schema":{"@context":"https:\/\/schema.org","@graph":[{"@type":"Article","@id":"https:\/\/exaudi.org\/es\/un-punto-de-inflexion-en-la-batalla-de-eeuu-contra-el-aborto\/#article","isPartOf":{"@id":"https:\/\/exaudi.org\/es\/un-punto-de-inflexion-en-la-batalla-de-eeuu-contra-el-aborto\/"},"author":{"name":"Jim Fair","@id":"https:\/\/exaudi.org\/#\/schema\/person\/010bdf0d65f801cd06f263d9b37ae0f4"},"headline":"\u00bfUn punto de inflexi\u00f3n en la batalla de EEUU contra el aborto?","datePublished":"2022-01-24T07:45:06+00:00","dateModified":"2022-01-24T10:48:13+00:00","mainEntityOfPage":{"@id":"https:\/\/exaudi.org\/es\/un-punto-de-inflexion-en-la-batalla-de-eeuu-contra-el-aborto\/"},"wordCount":1429,"image":{"@id":"https:\/\/exaudi.org\/es\/un-punto-de-inflexion-en-la-batalla-de-eeuu-contra-el-aborto\/#primaryimage"},"thumbnailUrl":"https:\/\/exaudi.org\/wp-content\/uploads\/2022\/01\/Disen\u0303o-sin-ti\u0301tulo-50.jpg","keywords":["Marcha Nacional por la Vida 2022"],"articleSection":["Defensa de la vida","Iglesia Local"],"inLanguage":"es"},{"@type":"WebPage","@id":"https:\/\/exaudi.org\/es\/un-punto-de-inflexion-en-la-batalla-de-eeuu-contra-el-aborto\/","url":"https:\/\/exaudi.org\/es\/un-punto-de-inflexion-en-la-batalla-de-eeuu-contra-el-aborto\/","name":"\u00bfUn punto de inflexi\u00f3n en la batalla de EEUU contra el aborto? &#8211; Exaudi","isPartOf":{"@id":"https:\/\/exaudi.org\/#website"},"primaryImageOfPage":{"@id":"https:\/\/exaudi.org\/es\/un-punto-de-inflexion-en-la-batalla-de-eeuu-contra-el-aborto\/#primaryimage"},"image":{"@id":"https:\/\/exaudi.org\/es\/un-punto-de-inflexion-en-la-batalla-de-eeuu-contra-el-aborto\/#primaryimage"},"thumbnailUrl":"https:\/\/exaudi.org\/wp-content\/uploads\/2022\/01\/Disen\u0303o-sin-ti\u0301tulo-50.jpg","datePublished":"2022-01-24T07:45:06+00:00","dateModified":"2022-01-24T10:48:13+00:00","author":{"@id":"https:\/\/exaudi.org\/#\/schema\/person\/010bdf0d65f801cd06f263d9b37ae0f4"},"description":"\u00bfUn punto de inflexi\u00f3n en la batalla de EEUU contra el aborto? Marcha Nacional por la Vida 2022 Washington.","breadcrumb":{"@id":"https:\/\/exaudi.org\/es\/un-punto-de-inflexion-en-la-batalla-de-eeuu-contra-el-aborto\/#breadcrumb"},"inLanguage":"es","potentialAction":[{"@type":"ReadAction","target":["https:\/\/exaudi.org\/es\/un-punto-de-inflexion-en-la-batalla-de-eeuu-contra-el-aborto\/"]}]},{"@type":"ImageObject","inLanguage":"es","@id":"https:\/\/exaudi.org\/es\/un-punto-de-inflexion-en-la-batalla-de-eeuu-contra-el-aborto\/#primaryimage","url":"https:\/\/exaudi.org\/wp-content\/uploads\/2022\/01\/Disen\u0303o-sin-ti\u0301tulo-50.jpg","contentUrl":"https:\/\/exaudi.org\/wp-content\/uploads\/2022\/01\/Disen\u0303o-sin-ti\u0301tulo-50.jpg","width":1500,"height":1000,"caption":"Por la vida, mujer embarazada \u00a9 Canva"},{"@type":"BreadcrumbList","@id":"https:\/\/exaudi.org\/es\/un-punto-de-inflexion-en-la-batalla-de-eeuu-contra-el-aborto\/#breadcrumb","itemListElement":[{"@type":"ListItem","position":1,"name":"Portada","item":"https:\/\/exaudi.org\/es\/"},{"@type":"ListItem","position":2,"name":"\u00bfUn punto de inflexi\u00f3n en la batalla de EEUU contra el aborto?"}]},{"@type":"WebSite","@id":"https:\/\/exaudi.org\/#website","url":"https:\/\/exaudi.org\/","name":"Exaudi","description":"News","potentialAction":[{"@type":"SearchAction","target":{"@type":"EntryPoint","urlTemplate":"https:\/\/exaudi.org\/?s={search_term_string}"},"query-input":{"@type":"PropertyValueSpecification","valueRequired":true,"valueName":"search_term_string"}}],"inLanguage":"es"},{"@type":"Person","@id":"https:\/\/exaudi.org\/#\/schema\/person\/010bdf0d65f801cd06f263d9b37ae0f4","name":"Jim Fair","image":{"@type":"ImageObject","inLanguage":"es","@id":"https:\/\/secure.gravatar.com\/avatar\/d9e9a2d31abad3e51c5d8f0279fc9b21b66199b8a85886455445ed562fd46934?s=96&d=mm&r=g","url":"https:\/\/secure.gravatar.com\/avatar\/d9e9a2d31abad3e51c5d8f0279fc9b21b66199b8a85886455445ed562fd46934?s=96&d=mm&r=g","contentUrl":"https:\/\/secure.gravatar.com\/avatar\/d9e9a2d31abad3e51c5d8f0279fc9b21b66199b8a85886455445ed562fd46934?s=96&d=mm&r=g","caption":"Jim Fair"},"description":"Jim Fair has spent the past two decades as a communicator for Catholic organizations. He is a convert to the Catholic faith and is grateful to his wife, Charmaine, for her continuing efforts to save his soul. They have a son and daughter, both happily married, and four grandchildren. Before devoting his life full-time to things Catholic, Jim enjoyed a 23-year career in various communications roles for large corporations. Before that, he worked as a newspaper reporter, photographer, and editor. He has served as president of the Chicago Public Relations Forum, chairman of the American Petroleum Institute General Committee on Communications, and a fellow of Greater Leadership Chicago. He was a member of the founding committee of the chemical industry\u2019s Responsible Care Program. Jim is an active member of St. John Vianney Parish in Northlake, Illinois, where he chairs the finance council.","url":"https:\/\/exaudi.org\/es\/author\/jfairexaudi-org\/"}]}},"jetpack_featured_media_url":"https:\/\/exaudi.org\/wp-content\/uploads\/2022\/01\/Disen\u0303o-sin-ti\u0301tulo-50.jpg","jetpack_shortlink":"https:\/\/wp.me\/pgKjF2-cZ7","_links":{"self":[{"href":"https:\/\/exaudi.org\/es\/wp-json\/wp\/v2\/posts\/49917","targetHints":{"allow":["GET"]}}],"collection":[{"href":"https:\/\/exaudi.org\/es\/wp-json\/wp\/v2\/posts"}],"about":[{"href":"https:\/\/exaudi.org\/es\/wp-json\/wp\/v2\/types\/post"}],"author":[{"embeddable":true,"href":"https:\/\/exaudi.org\/es\/wp-json\/wp\/v2\/users\/4"}],"replies":[{"embeddable":true,"href":"https:\/\/exaudi.org\/es\/wp-json\/wp\/v2\/comments?post=49917"}],"version-history":[{"count":0,"href":"https:\/\/exaudi.org\/es\/wp-json\/wp\/v2\/posts\/49917\/revisions"}],"wp:featuredmedia":[{"embeddable":true,"href":"https:\/\/exaudi.org\/es\/wp-json\/wp\/v2\/media\/49961"}],"wp:attachment":[{"href":"https:\/\/exaudi.org\/es\/wp-json\/wp\/v2\/media?parent=49917"}],"wp:term":[{"taxonomy":"category","embeddable":true,"href":"https:\/\/exaudi.org\/es\/wp-json\/wp\/v2\/categories?post=49917"},{"taxonomy":"post_tag","embeddable":true,"href":"https:\/\/exaudi.org\/es\/wp-json\/wp\/v2\/tags?post=49917"}],"curies":[{"name":"wp","href":"https:\/\/api.w.org\/{rel}","templated":true}]}}