{"id":49718,"date":"2022-01-21T13:47:39","date_gmt":"2022-01-21T12:47:39","guid":{"rendered":"https:\/\/exaudi.org\/?p=49718"},"modified":"2022-01-21T13:47:39","modified_gmt":"2022-01-21T12:47:39","slug":"cuba-momento-de-oracion-en-la-comunidad-de-santegidio","status":"publish","type":"post","link":"https:\/\/exaudi.org\/es\/cuba-momento-de-oracion-en-la-comunidad-de-santegidio\/","title":{"rendered":"Cuba: Momento de oraci\u00f3n en la Comunidad de Sant&#8217;Egidio"},"content":{"rendered":"<p>El pasado 19 de enero del 2022 tuvo lugar en la Comunidad de Sant&#8217;Egidio de La Habana,(Cuba) un momento de oraci\u00f3n en el marco de la Semana de Oraci\u00f3n por la Unidad de los Cristianos 2022. As\u00ed ha informado en una nota <a href=\"https:\/\/iglesiacubana.org\/cocc\/index.php\" target=\"_blank\" rel=\"noopener\">la oficina de prensa de la conferencia de obispos<\/a>.<\/p>\n<p>De acuerdo a la nota, al espacio asistieron representantes de varias comunidades cristianas entre las que se encontraban, la Iglesia Ortodoxa Griega, la Iglesia Ortodoxa Rusa, la Iglesia Presbiteriana, el Movimiento de los Focolares y el cardenal Juan de la Caridad Garc\u00eda Rodr\u00edguez.<\/p>\n<p>Tambi\u00e9n en el acto de oraci\u00f3n, estuvieron presentes, varios fieles de la Comunidad de Sant&#8217;Egidio, as\u00ed como de otras comunidades. \u00a0El momento de oraci\u00f3n estuvo animado por el padre Fr\u00e9d\u00e9ric Comalat, quien es el actual responsable de la Comunidad de Sant&#8217;Egidio en Cuba, y diversos j\u00f3venes de esta comunidad.<\/p>\n<p>Las lecturas que acompa\u00f1aron la celebraci\u00f3n estuvieron centradas en el libro del G\u00e9nesis sobre la creaci\u00f3n. \u00a0Al finalizar el evento, como un signo de fraternidad y de compromiso en el velar por el cuidado de la casa com\u00fan, se entregaron unos peque\u00f1os frascos con plantas ornamentales donde tra\u00edan a\u00f1adido a estos, un peque\u00f1o mensaje del Papa Francisco.<\/p>\n<h2>Semana de Oraci\u00f3n por la Unidad de los Cristianos<\/h2>\n<p>Del 18 al 25 de enero, la Iglesia celebra la Semana de Oraci\u00f3n por la Unidad de los Cristianos, bajo el lema: \u201cNosotros hemos visto aparecer su estrella en el Oriente y venimos a adorarlo\u201d (Mt 2,2).<\/p>\n<p>El tema del a\u00f1o fue elegido por el Consejo de Iglesias de Pr\u00f3ximo Oriente con su sede en Beirut, L\u00edbano y el motivo de haber seleccionado este tema, se debe a todo el dolor provocado por intereses pol\u00edticos y econ\u00f3micos injustos que amenazan a esta regi\u00f3n, as\u00ed como la actual crisis sanitaria internacional como consecuencia de la grave explosi\u00f3n que devast\u00f3 a Beirut el 4 de agosto de 2020.<\/p>\n<p>En la arquidi\u00f3cesis de La Habana, la semana dio inicio el pasado 17 de enero, con una celebraci\u00f3n de apertura que tuvo lugar en la Iglesia Presbiteriana perteneciente al municipio capitalino de Centro Habana.<\/p>\n","protected":false},"excerpt":{"rendered":"<p>En el marco de la Semana de Oraci\u00f3n por la Unidad de los Cristianos 2022<\/p>\n","protected":false},"author":81,"featured_media":49719,"comment_status":"closed","ping_status":"closed","sticky":false,"template":"","format":"standard","meta":{"_acf_changed":false,"_crdt_document":"","inline_featured_image":false,"footnotes":""},"categories":[86],"tags":[5614,1033,676,5615],"class_list":["post-49718","post","type-post","status-publish","format-standard","has-post-thumbnail","hentry","category-iglesia-local","tag-comunidad-de-santegidio","tag-cuba","tag-oracion","tag-oracion-por-la-unidad-de-los-cristianos"],"acf":[],"yoast_head":"<!-- This site is optimized with the Yoast SEO plugin v27.4 - https:\/\/yoast.com\/product\/yoast-seo-wordpress\/ -->\n<title>Cuba: Momento de oraci\u00f3n en la Comunidad de Sant&#039;Egidio &#8211; Exaudi<\/title>\n<meta name=\"description\" content=\"Cuba: Momento de oraci\u00f3n en la Comunidad de Sant&#039;Egidio en el marco de la Semana de Oraci\u00f3n por la Unidad de los Cristianos 2022.\" \/>\n<meta name=\"robots\" content=\"index, follow, max-snippet:-1, max-image-preview:large, max-video-preview:-1\" \/>\n<link rel=\"canonical\" href=\"https:\/\/exaudi.org\/es\/cuba-momento-de-oracion-en-la-comunidad-de-santegidio\/\" \/>\n<meta property=\"og:locale\" content=\"es_ES\" \/>\n<meta property=\"og:type\" content=\"article\" \/>\n<meta property=\"og:title\" content=\"Cuba: Momento de oraci\u00f3n en la Comunidad de Sant&#039;Egidio &#8211; Exaudi\" \/>\n<meta property=\"og:description\" content=\"Cuba: Momento de oraci\u00f3n en la Comunidad de Sant&#039;Egidio en el marco de la Semana de Oraci\u00f3n por la Unidad de los Cristianos 2022.\" \/>\n<meta property=\"og:url\" content=\"https:\/\/exaudi.org\/es\/cuba-momento-de-oracion-en-la-comunidad-de-santegidio\/\" \/>\n<meta property=\"og:site_name\" content=\"Exaudi\" \/>\n<meta property=\"article:publisher\" content=\"https:\/\/www.facebook.com\/ExaudiNews\" \/>\n<meta property=\"article:published_time\" content=\"2022-01-21T12:47:39+00:00\" \/>\n<meta property=\"og:image\" content=\"https:\/\/exaudi.org\/wp-content\/uploads\/2022\/01\/271949942_5019185838103057_2729725783042192719_n.jpeg\" \/>\n\t<meta property=\"og:image:width\" content=\"2048\" \/>\n\t<meta property=\"og:image:height\" content=\"1536\" \/>\n\t<meta property=\"og:image:type\" content=\"image\/jpeg\" \/>\n<meta name=\"author\" content=\"Alba Montalvo\" \/>\n<meta name=\"twitter:card\" content=\"summary_large_image\" \/>\n<meta name=\"twitter:creator\" content=\"@Exaudi_News\" \/>\n<meta name=\"twitter:site\" content=\"@Exaudi_News\" \/>\n<meta name=\"twitter:label1\" content=\"Escrito por\" \/>\n\t<meta name=\"twitter:data1\" content=\"Alba Montalvo\" \/>\n\t<meta name=\"twitter:label2\" content=\"Tiempo de lectura\" \/>\n\t<meta name=\"twitter:data2\" content=\"2 minutos\" \/>\n<script type=\"application\/ld+json\" class=\"yoast-schema-graph\">{\"@context\":\"https:\\\/\\\/schema.org\",\"@graph\":[{\"@type\":\"Article\",\"@id\":\"https:\\\/\\\/exaudi.org\\\/es\\\/cuba-momento-de-oracion-en-la-comunidad-de-santegidio\\\/#article\",\"isPartOf\":{\"@id\":\"https:\\\/\\\/exaudi.org\\\/es\\\/cuba-momento-de-oracion-en-la-comunidad-de-santegidio\\\/\"},\"author\":{\"name\":\"Alba Montalvo\",\"@id\":\"https:\\\/\\\/exaudi.org\\\/#\\\/schema\\\/person\\\/fc7b3cbb6f4d66ebcb53bf601d7b7eb1\"},\"headline\":\"Cuba: Momento de oraci\u00f3n en la Comunidad de Sant&#8217;Egidio\",\"datePublished\":\"2022-01-21T12:47:39+00:00\",\"mainEntityOfPage\":{\"@id\":\"https:\\\/\\\/exaudi.org\\\/es\\\/cuba-momento-de-oracion-en-la-comunidad-de-santegidio\\\/\"},\"wordCount\":385,\"image\":{\"@id\":\"https:\\\/\\\/exaudi.org\\\/es\\\/cuba-momento-de-oracion-en-la-comunidad-de-santegidio\\\/#primaryimage\"},\"thumbnailUrl\":\"https:\\\/\\\/exaudi.org\\\/wp-content\\\/uploads\\\/2022\\\/01\\\/271949942_5019185838103057_2729725783042192719_n.jpeg\",\"keywords\":[\"Comunidad de Sant'Egidio\",\"Cuba\",\"Oraci\u00f3n\",\"Oraci\u00f3n por la Unidad de los Cristianos\"],\"articleSection\":[\"Iglesia Local\"],\"inLanguage\":\"es\"},{\"@type\":\"WebPage\",\"@id\":\"https:\\\/\\\/exaudi.org\\\/es\\\/cuba-momento-de-oracion-en-la-comunidad-de-santegidio\\\/\",\"url\":\"https:\\\/\\\/exaudi.org\\\/es\\\/cuba-momento-de-oracion-en-la-comunidad-de-santegidio\\\/\",\"name\":\"Cuba: Momento de oraci\u00f3n en la Comunidad de Sant'Egidio &#8211; Exaudi\",\"isPartOf\":{\"@id\":\"https:\\\/\\\/exaudi.org\\\/#website\"},\"primaryImageOfPage\":{\"@id\":\"https:\\\/\\\/exaudi.org\\\/es\\\/cuba-momento-de-oracion-en-la-comunidad-de-santegidio\\\/#primaryimage\"},\"image\":{\"@id\":\"https:\\\/\\\/exaudi.org\\\/es\\\/cuba-momento-de-oracion-en-la-comunidad-de-santegidio\\\/#primaryimage\"},\"thumbnailUrl\":\"https:\\\/\\\/exaudi.org\\\/wp-content\\\/uploads\\\/2022\\\/01\\\/271949942_5019185838103057_2729725783042192719_n.jpeg\",\"datePublished\":\"2022-01-21T12:47:39+00:00\",\"author\":{\"@id\":\"https:\\\/\\\/exaudi.org\\\/#\\\/schema\\\/person\\\/fc7b3cbb6f4d66ebcb53bf601d7b7eb1\"},\"description\":\"Cuba: Momento de oraci\u00f3n en la Comunidad de Sant'Egidio en el marco de la Semana de Oraci\u00f3n por la Unidad de los Cristianos 2022.\",\"breadcrumb\":{\"@id\":\"https:\\\/\\\/exaudi.org\\\/es\\\/cuba-momento-de-oracion-en-la-comunidad-de-santegidio\\\/#breadcrumb\"},\"inLanguage\":\"es\",\"potentialAction\":[{\"@type\":\"ReadAction\",\"target\":[\"https:\\\/\\\/exaudi.org\\\/es\\\/cuba-momento-de-oracion-en-la-comunidad-de-santegidio\\\/\"]}]},{\"@type\":\"ImageObject\",\"inLanguage\":\"es\",\"@id\":\"https:\\\/\\\/exaudi.org\\\/es\\\/cuba-momento-de-oracion-en-la-comunidad-de-santegidio\\\/#primaryimage\",\"url\":\"https:\\\/\\\/exaudi.org\\\/wp-content\\\/uploads\\\/2022\\\/01\\\/271949942_5019185838103057_2729725783042192719_n.jpeg\",\"contentUrl\":\"https:\\\/\\\/exaudi.org\\\/wp-content\\\/uploads\\\/2022\\\/01\\\/271949942_5019185838103057_2729725783042192719_n.jpeg\",\"width\":2048,\"height\":1536,\"caption\":\"Momento de oraci\u00f3n en la Comunidad de Sant'Egidio \u00a9 Oficina de prensa de la conferencia de obispos\"},{\"@type\":\"BreadcrumbList\",\"@id\":\"https:\\\/\\\/exaudi.org\\\/es\\\/cuba-momento-de-oracion-en-la-comunidad-de-santegidio\\\/#breadcrumb\",\"itemListElement\":[{\"@type\":\"ListItem\",\"position\":1,\"name\":\"Portada\",\"item\":\"https:\\\/\\\/exaudi.org\\\/es\\\/\"},{\"@type\":\"ListItem\",\"position\":2,\"name\":\"Cuba: Momento de oraci\u00f3n en la Comunidad de Sant&#8217;Egidio\"}]},{\"@type\":\"WebSite\",\"@id\":\"https:\\\/\\\/exaudi.org\\\/#website\",\"url\":\"https:\\\/\\\/exaudi.org\\\/\",\"name\":\"Exaudi\",\"description\":\"News\",\"potentialAction\":[{\"@type\":\"SearchAction\",\"target\":{\"@type\":\"EntryPoint\",\"urlTemplate\":\"https:\\\/\\\/exaudi.org\\\/?s={search_term_string}\"},\"query-input\":{\"@type\":\"PropertyValueSpecification\",\"valueRequired\":true,\"valueName\":\"search_term_string\"}}],\"inLanguage\":\"es\"},{\"@type\":\"Person\",\"@id\":\"https:\\\/\\\/exaudi.org\\\/#\\\/schema\\\/person\\\/fc7b3cbb6f4d66ebcb53bf601d7b7eb1\",\"name\":\"Alba Montalvo\",\"image\":{\"@type\":\"ImageObject\",\"inLanguage\":\"es\",\"@id\":\"https:\\\/\\\/secure.gravatar.com\\\/avatar\\\/1e8c522219a5df52d143b7baf13997ffd4f1814ca862efe7af11a13849275021?s=96&d=mm&r=g\",\"url\":\"https:\\\/\\\/secure.gravatar.com\\\/avatar\\\/1e8c522219a5df52d143b7baf13997ffd4f1814ca862efe7af11a13849275021?s=96&d=mm&r=g\",\"contentUrl\":\"https:\\\/\\\/secure.gravatar.com\\\/avatar\\\/1e8c522219a5df52d143b7baf13997ffd4f1814ca862efe7af11a13849275021?s=96&d=mm&r=g\",\"caption\":\"Alba Montalvo\"},\"description\":\"Licenciada en Periodismo y M\u00e1ster en Periodismo Social. Mi trayectoria profesional ha estado siempre vinculada al \u00e1mbito de la comunicaci\u00f3n en el entorno digital. He trabajado como productora, gestora de contenidos estrat\u00e9gicos para redes y entrevistadora en la Fundaci\u00f3n Mater Mundi TV. Madrile\u00f1a de nacimiento, actualmente vivo en M\u00e1laga.\",\"url\":\"https:\\\/\\\/exaudi.org\\\/es\\\/author\\\/amontalvoexaudi-org\\\/\"}]}<\/script>\n<!-- \/ Yoast SEO plugin. -->","yoast_head_json":{"title":"Cuba: Momento de oraci\u00f3n en la Comunidad de Sant'Egidio &#8211; Exaudi","description":"Cuba: Momento de oraci\u00f3n en la Comunidad de Sant'Egidio en el marco de la Semana de Oraci\u00f3n por la Unidad de los Cristianos 2022.","robots":{"index":"index","follow":"follow","max-snippet":"max-snippet:-1","max-image-preview":"max-image-preview:large","max-video-preview":"max-video-preview:-1"},"canonical":"https:\/\/exaudi.org\/es\/cuba-momento-de-oracion-en-la-comunidad-de-santegidio\/","og_locale":"es_ES","og_type":"article","og_title":"Cuba: Momento de oraci\u00f3n en la Comunidad de Sant'Egidio &#8211; Exaudi","og_description":"Cuba: Momento de oraci\u00f3n en la Comunidad de Sant'Egidio en el marco de la Semana de Oraci\u00f3n por la Unidad de los Cristianos 2022.","og_url":"https:\/\/exaudi.org\/es\/cuba-momento-de-oracion-en-la-comunidad-de-santegidio\/","og_site_name":"Exaudi","article_publisher":"https:\/\/www.facebook.com\/ExaudiNews","article_published_time":"2022-01-21T12:47:39+00:00","og_image":[{"width":2048,"height":1536,"url":"https:\/\/exaudi.org\/wp-content\/uploads\/2022\/01\/271949942_5019185838103057_2729725783042192719_n.jpeg","type":"image\/jpeg"}],"author":"Alba Montalvo","twitter_card":"summary_large_image","twitter_creator":"@Exaudi_News","twitter_site":"@Exaudi_News","twitter_misc":{"Escrito por":"Alba Montalvo","Tiempo de lectura":"2 minutos"},"schema":{"@context":"https:\/\/schema.org","@graph":[{"@type":"Article","@id":"https:\/\/exaudi.org\/es\/cuba-momento-de-oracion-en-la-comunidad-de-santegidio\/#article","isPartOf":{"@id":"https:\/\/exaudi.org\/es\/cuba-momento-de-oracion-en-la-comunidad-de-santegidio\/"},"author":{"name":"Alba Montalvo","@id":"https:\/\/exaudi.org\/#\/schema\/person\/fc7b3cbb6f4d66ebcb53bf601d7b7eb1"},"headline":"Cuba: Momento de oraci\u00f3n en la Comunidad de Sant&#8217;Egidio","datePublished":"2022-01-21T12:47:39+00:00","mainEntityOfPage":{"@id":"https:\/\/exaudi.org\/es\/cuba-momento-de-oracion-en-la-comunidad-de-santegidio\/"},"wordCount":385,"image":{"@id":"https:\/\/exaudi.org\/es\/cuba-momento-de-oracion-en-la-comunidad-de-santegidio\/#primaryimage"},"thumbnailUrl":"https:\/\/exaudi.org\/wp-content\/uploads\/2022\/01\/271949942_5019185838103057_2729725783042192719_n.jpeg","keywords":["Comunidad de Sant'Egidio","Cuba","Oraci\u00f3n","Oraci\u00f3n por la Unidad de los Cristianos"],"articleSection":["Iglesia Local"],"inLanguage":"es"},{"@type":"WebPage","@id":"https:\/\/exaudi.org\/es\/cuba-momento-de-oracion-en-la-comunidad-de-santegidio\/","url":"https:\/\/exaudi.org\/es\/cuba-momento-de-oracion-en-la-comunidad-de-santegidio\/","name":"Cuba: Momento de oraci\u00f3n en la Comunidad de Sant'Egidio &#8211; Exaudi","isPartOf":{"@id":"https:\/\/exaudi.org\/#website"},"primaryImageOfPage":{"@id":"https:\/\/exaudi.org\/es\/cuba-momento-de-oracion-en-la-comunidad-de-santegidio\/#primaryimage"},"image":{"@id":"https:\/\/exaudi.org\/es\/cuba-momento-de-oracion-en-la-comunidad-de-santegidio\/#primaryimage"},"thumbnailUrl":"https:\/\/exaudi.org\/wp-content\/uploads\/2022\/01\/271949942_5019185838103057_2729725783042192719_n.jpeg","datePublished":"2022-01-21T12:47:39+00:00","author":{"@id":"https:\/\/exaudi.org\/#\/schema\/person\/fc7b3cbb6f4d66ebcb53bf601d7b7eb1"},"description":"Cuba: Momento de oraci\u00f3n en la Comunidad de Sant'Egidio en el marco de la Semana de Oraci\u00f3n por la Unidad de los Cristianos 2022.","breadcrumb":{"@id":"https:\/\/exaudi.org\/es\/cuba-momento-de-oracion-en-la-comunidad-de-santegidio\/#breadcrumb"},"inLanguage":"es","potentialAction":[{"@type":"ReadAction","target":["https:\/\/exaudi.org\/es\/cuba-momento-de-oracion-en-la-comunidad-de-santegidio\/"]}]},{"@type":"ImageObject","inLanguage":"es","@id":"https:\/\/exaudi.org\/es\/cuba-momento-de-oracion-en-la-comunidad-de-santegidio\/#primaryimage","url":"https:\/\/exaudi.org\/wp-content\/uploads\/2022\/01\/271949942_5019185838103057_2729725783042192719_n.jpeg","contentUrl":"https:\/\/exaudi.org\/wp-content\/uploads\/2022\/01\/271949942_5019185838103057_2729725783042192719_n.jpeg","width":2048,"height":1536,"caption":"Momento de oraci\u00f3n en la Comunidad de Sant'Egidio \u00a9 Oficina de prensa de la conferencia de obispos"},{"@type":"BreadcrumbList","@id":"https:\/\/exaudi.org\/es\/cuba-momento-de-oracion-en-la-comunidad-de-santegidio\/#breadcrumb","itemListElement":[{"@type":"ListItem","position":1,"name":"Portada","item":"https:\/\/exaudi.org\/es\/"},{"@type":"ListItem","position":2,"name":"Cuba: Momento de oraci\u00f3n en la Comunidad de Sant&#8217;Egidio"}]},{"@type":"WebSite","@id":"https:\/\/exaudi.org\/#website","url":"https:\/\/exaudi.org\/","name":"Exaudi","description":"News","potentialAction":[{"@type":"SearchAction","target":{"@type":"EntryPoint","urlTemplate":"https:\/\/exaudi.org\/?s={search_term_string}"},"query-input":{"@type":"PropertyValueSpecification","valueRequired":true,"valueName":"search_term_string"}}],"inLanguage":"es"},{"@type":"Person","@id":"https:\/\/exaudi.org\/#\/schema\/person\/fc7b3cbb6f4d66ebcb53bf601d7b7eb1","name":"Alba Montalvo","image":{"@type":"ImageObject","inLanguage":"es","@id":"https:\/\/secure.gravatar.com\/avatar\/1e8c522219a5df52d143b7baf13997ffd4f1814ca862efe7af11a13849275021?s=96&d=mm&r=g","url":"https:\/\/secure.gravatar.com\/avatar\/1e8c522219a5df52d143b7baf13997ffd4f1814ca862efe7af11a13849275021?s=96&d=mm&r=g","contentUrl":"https:\/\/secure.gravatar.com\/avatar\/1e8c522219a5df52d143b7baf13997ffd4f1814ca862efe7af11a13849275021?s=96&d=mm&r=g","caption":"Alba Montalvo"},"description":"Licenciada en Periodismo y M\u00e1ster en Periodismo Social. Mi trayectoria profesional ha estado siempre vinculada al \u00e1mbito de la comunicaci\u00f3n en el entorno digital. He trabajado como productora, gestora de contenidos estrat\u00e9gicos para redes y entrevistadora en la Fundaci\u00f3n Mater Mundi TV. Madrile\u00f1a de nacimiento, actualmente vivo en M\u00e1laga.","url":"https:\/\/exaudi.org\/es\/author\/amontalvoexaudi-org\/"}]}},"jetpack_featured_media_url":"https:\/\/exaudi.org\/wp-content\/uploads\/2022\/01\/271949942_5019185838103057_2729725783042192719_n.jpeg","jetpack_shortlink":"https:\/\/wp.me\/pgKjF2-cVU","_links":{"self":[{"href":"https:\/\/exaudi.org\/es\/wp-json\/wp\/v2\/posts\/49718","targetHints":{"allow":["GET"]}}],"collection":[{"href":"https:\/\/exaudi.org\/es\/wp-json\/wp\/v2\/posts"}],"about":[{"href":"https:\/\/exaudi.org\/es\/wp-json\/wp\/v2\/types\/post"}],"author":[{"embeddable":true,"href":"https:\/\/exaudi.org\/es\/wp-json\/wp\/v2\/users\/81"}],"replies":[{"embeddable":true,"href":"https:\/\/exaudi.org\/es\/wp-json\/wp\/v2\/comments?post=49718"}],"version-history":[{"count":0,"href":"https:\/\/exaudi.org\/es\/wp-json\/wp\/v2\/posts\/49718\/revisions"}],"wp:featuredmedia":[{"embeddable":true,"href":"https:\/\/exaudi.org\/es\/wp-json\/wp\/v2\/media\/49719"}],"wp:attachment":[{"href":"https:\/\/exaudi.org\/es\/wp-json\/wp\/v2\/media?parent=49718"}],"wp:term":[{"taxonomy":"category","embeddable":true,"href":"https:\/\/exaudi.org\/es\/wp-json\/wp\/v2\/categories?post=49718"},{"taxonomy":"post_tag","embeddable":true,"href":"https:\/\/exaudi.org\/es\/wp-json\/wp\/v2\/tags?post=49718"}],"curies":[{"name":"wp","href":"https:\/\/api.w.org\/{rel}","templated":true}]}}