{"id":49685,"date":"2022-01-21T11:34:10","date_gmt":"2022-01-21T10:34:10","guid":{"rendered":"https:\/\/exaudi.org\/?p=49685"},"modified":"2022-01-23T13:45:34","modified_gmt":"2022-01-23T12:45:34","slug":"compromiso-iglesia-abusos-cuidado-rigor","status":"publish","type":"post","link":"https:\/\/exaudi.org\/es\/compromiso-iglesia-abusos-cuidado-rigor\/","title":{"rendered":"El compromiso de la Iglesia contra abusos: Cuidado y rigor"},"content":{"rendered":"<p>En la lucha contra los abusos de todo tipo, la Iglesia, \u201ccon la ayuda de Dios, prosigue con determinaci\u00f3n su compromiso de hacer justicia a las v\u00edctimas de abusos por parte de sus miembros, aplicando con especial cuidado y rigor la legislaci\u00f3n can\u00f3nica prevista\u201d, se\u00f1al\u00f3 el Papa Francisco hoy, 21 de enero de 2022, en su discurso durante la audiencia con los participantes en la plenaria de la <a href=\"https:\/\/exaudi.org\/es\/doctrina-de-la-fe-normas-sobre-delitos-reservados-actualizadas\/\" target=\"_blank\" rel=\"noopener\">Congregaci\u00f3n para la Doctrina de la Fe<\/a>.<\/p>\n<h2>Dignidad, discernimiento y fe<\/h2>\n<p><img loading=\"lazy\" decoding=\"async\" class=\"size-medium wp-image-49689 alignleft\" src=\"https:\/\/exaudi.org\/wp-content\/uploads\/2022\/01\/cq5dam.web_.800.800-2-12-300x200.jpeg\" alt=\"Reavivar aspiraci\u00f3n mundial fraternidad\" width=\"300\" height=\"200\" srcset=\"https:\/\/exaudi.org\/wp-content\/uploads\/2022\/01\/cq5dam.web_.800.800-2-12-300x200.jpeg 300w, https:\/\/exaudi.org\/wp-content\/uploads\/2022\/01\/cq5dam.web_.800.800-2-12-770x513.jpeg 770w, https:\/\/exaudi.org\/wp-content\/uploads\/2022\/01\/cq5dam.web_.800.800-2-12-360x240.jpeg?crop=1 360w, https:\/\/exaudi.org\/wp-content\/uploads\/2022\/01\/cq5dam.web_.800.800-2-12-500x333.jpeg 500w, https:\/\/exaudi.org\/wp-content\/uploads\/2022\/01\/cq5dam.web_.800.800-2-12-370x247.jpeg 370w, https:\/\/exaudi.org\/wp-content\/uploads\/2022\/01\/cq5dam.web_.800.800-2-12-293x195.jpeg 293w, https:\/\/exaudi.org\/wp-content\/uploads\/2022\/01\/cq5dam.web_.800.800-2-12-120x80.jpeg 120w, https:\/\/exaudi.org\/wp-content\/uploads\/2022\/01\/cq5dam.web_.800.800-2-12-240x160.jpeg 240w, https:\/\/exaudi.org\/wp-content\/uploads\/2022\/01\/cq5dam.web_.800.800-2-12-390x260.jpeg 390w, https:\/\/exaudi.org\/wp-content\/uploads\/2022\/01\/cq5dam.web_.800.800-2-12.jpeg 800w\" sizes=\"auto, (max-width: 300px) 100vw, 300px\" \/>En su discurso, Francisco ha querido renovar su gratitud \u201cpor su valioso servicio a la Iglesia universal en la promoci\u00f3n y salvaguarda de la integridad de la doctrina cat\u00f3lica sobre la fe y la moral. Integridad fruct\u00edfera\u201d. De este modo, el Santo Padre ha reflexionado en torno a tres palabras: dignidad, discernimiento y fe.<\/p>\n<p>Sobre la primera palabra, el Pont\u00edfice remite al comienzo de la enc\u00edclica <a href=\"https:\/\/www.vatican.va\/content\/francesco\/es\/encyclicals\/documents\/papa-francesco_20201003_enciclica-fratelli-tutti.html\" target=\"_blank\" rel=\"noopener\"><em>Fratelli Tutti<\/em><\/a>, \u201c\u2019es mi gran deseo que, en este tiempo que nos ha tocado vivir, reconociendo la dignidad de toda persona humana, podamos reavivar entre todos una aspiraci\u00f3n mundial a la fraternidad\u2019\u201d (n. 8). \u00a0\u201cSi la fraternidad es el destino que el Creador ha dise\u00f1ado para el viaje de la humanidad, el camino principal sigue siendo el del reconocimiento de la dignidad de cada persona humana\u201d, a\u00f1ade.<\/p>\n<p>Sin embargo, prosigue el Papa, \u201cen nuestra \u00e9poca, marcada por tantas tensiones sociales, pol\u00edticas e incluso sanitarias, crece la tentaci\u00f3n de considerar al otro como un extra\u00f1o o un enemigo, neg\u00e1ndole su verdadera dignidad\u201d. Sobre esta cuesti\u00f3n, \u201cla Iglesia, desde el principio de su misi\u00f3n, siempre ha proclamado y promovido el valor intangible de la dignidad humana\u201d, subraya.<\/p>\n<h2>El arte del discernimiento<\/h2>\n<p><img loading=\"lazy\" decoding=\"async\" class=\"size-medium wp-image-49692 alignright\" src=\"https:\/\/exaudi.org\/wp-content\/uploads\/2022\/01\/cq5dam.web_.800.800-4-7-300x200.jpeg\" alt=\"Reavivar aspiraci\u00f3n mundial fraternidad\" width=\"300\" height=\"200\" srcset=\"https:\/\/exaudi.org\/wp-content\/uploads\/2022\/01\/cq5dam.web_.800.800-4-7-300x200.jpeg 300w, https:\/\/exaudi.org\/wp-content\/uploads\/2022\/01\/cq5dam.web_.800.800-4-7-770x512.jpeg 770w, https:\/\/exaudi.org\/wp-content\/uploads\/2022\/01\/cq5dam.web_.800.800-4-7-360x240.jpeg?crop=1 360w, https:\/\/exaudi.org\/wp-content\/uploads\/2022\/01\/cq5dam.web_.800.800-4-7-500x333.jpeg 500w, https:\/\/exaudi.org\/wp-content\/uploads\/2022\/01\/cq5dam.web_.800.800-4-7-370x247.jpeg 370w, https:\/\/exaudi.org\/wp-content\/uploads\/2022\/01\/cq5dam.web_.800.800-4-7-293x195.jpeg 293w, https:\/\/exaudi.org\/wp-content\/uploads\/2022\/01\/cq5dam.web_.800.800-4-7-120x80.jpeg 120w, https:\/\/exaudi.org\/wp-content\/uploads\/2022\/01\/cq5dam.web_.800.800-4-7-240x160.jpeg 240w, https:\/\/exaudi.org\/wp-content\/uploads\/2022\/01\/cq5dam.web_.800.800-4-7-390x259.jpeg 390w, https:\/\/exaudi.org\/wp-content\/uploads\/2022\/01\/cq5dam.web_.800.800-4-7.jpeg 800w\" sizes=\"auto, (max-width: 300px) 100vw, 300px\" \/>Respecto a la segunda palabra, el discernimiento, Su Santidad explica que hoy en d\u00eda \u201cse pide cada vez m\u00e1s a los creyentes el arte del discernimiento\u201d. \u201cEn los tiempos cambiantes que atravesamos, mientras que por un lado los creyentes se enfrentan a cuestiones nuevas y complejas, por otro lado hay una creciente necesidad de espiritualidad que no siempre encuentra su punto de referencia en el Evangelio\u201d, agrega.<\/p>\n<p>De este modo, el ejercicio del discernimiento \u201cencuentra una aplicaci\u00f3n necesaria en la lucha contra los abusos de todo tipo. La Iglesia, con la ayuda de Dios, prosigue con determinaci\u00f3n su compromiso de hacer justicia a las v\u00edctimas de abusos por parte de sus miembros, aplicando con especial cuidado y rigor la legislaci\u00f3n can\u00f3nica prevista\u201d, se\u00f1ala el Pont\u00edfice.<\/p>\n<p>Respecto al discernimiento, Francisco tambi\u00e9n ha querido detenerse para explicar que es necesario el discernimiento en el proceso sinodal. \u201cAlgunos pueden pensar que el camino sinodal consiste en escuchar a todo el mundo, hacer una investigaci\u00f3n y dar resultados. Muchos votos, muchos votos, muchos votos&#8230; No. Un camino sinodal sin discernimiento no es un camino sinodal\u201d.<\/p>\n<h2>La fe<\/h2>\n<p><img loading=\"lazy\" decoding=\"async\" class=\"size-medium wp-image-49695 alignleft\" src=\"https:\/\/exaudi.org\/wp-content\/uploads\/2022\/01\/cq5dam.web_.800.800-6-4-300x200.jpeg\" alt=\"\" width=\"300\" height=\"200\" srcset=\"https:\/\/exaudi.org\/wp-content\/uploads\/2022\/01\/cq5dam.web_.800.800-6-4-300x200.jpeg 300w, https:\/\/exaudi.org\/wp-content\/uploads\/2022\/01\/cq5dam.web_.800.800-6-4-770x513.jpeg 770w, https:\/\/exaudi.org\/wp-content\/uploads\/2022\/01\/cq5dam.web_.800.800-6-4-360x240.jpeg?crop=1 360w, https:\/\/exaudi.org\/wp-content\/uploads\/2022\/01\/cq5dam.web_.800.800-6-4-500x333.jpeg 500w, https:\/\/exaudi.org\/wp-content\/uploads\/2022\/01\/cq5dam.web_.800.800-6-4-370x247.jpeg 370w, https:\/\/exaudi.org\/wp-content\/uploads\/2022\/01\/cq5dam.web_.800.800-6-4-293x195.jpeg 293w, https:\/\/exaudi.org\/wp-content\/uploads\/2022\/01\/cq5dam.web_.800.800-6-4-120x80.jpeg 120w, https:\/\/exaudi.org\/wp-content\/uploads\/2022\/01\/cq5dam.web_.800.800-6-4-240x160.jpeg 240w, https:\/\/exaudi.org\/wp-content\/uploads\/2022\/01\/cq5dam.web_.800.800-6-4-390x260.jpeg 390w, https:\/\/exaudi.org\/wp-content\/uploads\/2022\/01\/cq5dam.web_.800.800-6-4.jpeg 800w\" sizes=\"auto, (max-width: 300px) 100vw, 300px\" \/>La \u00faltima palabra a la que el Obispo de Roma hace referencia en su discurso es la fe. Sobre este tema, Francisco indica que \u201csu congregaci\u00f3n est\u00e1 llamada no s\u00f3lo a defender sino tambi\u00e9n a promover la fe. Sin la fe, la presencia de los creyentes en el mundo se reducir\u00eda a la de una agencia humanitaria\u201d.<\/p>\n<p>Al mismo tiempo, \u201cLa fe debe estar en el centro de la vida y la acci\u00f3n de todo bautizado. Y no una fe gen\u00e9rica o vaga, como si se tratara de un vino aguado que pierde su valor; sino una fe aut\u00e9ntica y directa, como la que quiere el Se\u00f1or cuando dice a los disc\u00edpulos: \u2018Si tuvierais fe como un grano de mostaza\u2019\u201d (Lc. 17,6).<\/p>\n<p>Para finalizar, el Sucesor de Pedro anima a que \u201cno nos conformemos con una fe tibia, habitual y de manual\u201d. \u201cCooperemos con el Esp\u00edritu Santo y cooperemos entre nosotros para que el fuego que Jes\u00fas vino a traer al mundo siga ardiendo e inflamando los corazones de todos\u201d.<\/p>\n<p>A continuaci\u00f3n, sigue el discurso del Papa Francisco traducido por Exaudi.<\/p>\n<p>***<\/p>\n<h2><strong>Discurso del Santo Padre<\/strong><\/h2>\n<p>Queridos Cardenales, queridos hermanos en el episcopado y en el sacerdocio, queridos hermanos y hermanas<\/p>\n<p>Me complace darles la bienvenida al final de los trabajos de su Asamblea Plenaria. Agradezco al Prefecto su presentaci\u00f3n y os saludo a todos, Superiores, Funcionarios y Miembros de la Congregaci\u00f3n para la Doctrina de la Fe. Renuevo mi gratitud por su valioso servicio a la Iglesia universal en la promoci\u00f3n y salvaguarda de la integridad de la doctrina cat\u00f3lica sobre la fe y la moral. Integridad fruct\u00edfera.<\/p>\n<p>En esta ocasi\u00f3n, me gustar\u00eda compartir con ustedes algunas reflexiones reunidas en torno a tres palabras: dignidad, discernimiento y fe.<\/p>\n<p>La primera palabra: dignidad. Como escrib\u00ed al comienzo de la enc\u00edclica <a href=\"https:\/\/www.vatican.va\/content\/francesco\/es\/encyclicals\/documents\/papa-francesco_20201003_enciclica-fratelli-tutti.html\" target=\"_blank\" rel=\"noopener\"><em>Fratelli Tutti<\/em><\/a>, es mi gran deseo \u201cque, en este tiempo que nos ha tocado vivir, reconociendo la dignidad de toda persona humana, podamos reavivar entre todos una aspiraci\u00f3n mundial a la fraternidad\u201d (n. 8). Si la fraternidad es el destino que el Creador ha dise\u00f1ado para el viaje de la humanidad, el camino principal sigue siendo el del reconocimiento de la dignidad de cada persona humana.<\/p>\n<p>Sin embargo, en nuestra \u00e9poca, marcada por tantas tensiones sociales, pol\u00edticas e incluso sanitarias, crece la tentaci\u00f3n de considerar al otro como un extra\u00f1o o un enemigo, neg\u00e1ndole su verdadera dignidad. Por eso, especialmente en este momento, estamos llamados a recordar, \u201cen toda ocasi\u00f3n oportuna e inoportuna\u201d (2 Tim 4,2), y siguiendo fielmente una ense\u00f1anza bimilenaria de la Iglesia, que la dignidad de todo ser humano tiene un car\u00e1cter intr\u00ednseco y es v\u00e1lida desde el momento de la concepci\u00f3n hasta la muerte natural. Precisamente la afirmaci\u00f3n de esa dignidad es el requisito previo inalienable para la protecci\u00f3n de la existencia personal y social, y tambi\u00e9n la condici\u00f3n necesaria para que se realice la fraternidad y la amistad social entre todos los pueblos de la tierra.<\/p>\n<p>La Iglesia, desde el principio de su misi\u00f3n, siempre ha proclamado y promovido el valor intangible de la dignidad humana. En efecto, el hombre es la obra maestra de la creaci\u00f3n: es deseado y amado por Dios como socio de sus planes eternos, y por su salvaci\u00f3n Jes\u00fas dio su vida hasta morir en la Cruz por cada hombre, por cada uno de nosotros.<\/p>\n<p>Les agradezco, por tanto, la reflexi\u00f3n que ha iniciado sobre el valor de la dignidad humana, teniendo en cuenta los retos que plantea la realidad actual al respecto.<\/p>\n<p>La segunda palabra es discernimiento. Hoy en d\u00eda se pide cada vez m\u00e1s a los creyentes el arte del discernimiento. En los tiempos cambiantes que atravesamos, mientras que por un lado los creyentes se enfrentan a cuestiones nuevas y complejas, por otro lado hay una creciente necesidad de espiritualidad que no siempre encuentra su punto de referencia en el Evangelio. As\u00ed, no es infrecuente que se trate de supuestos fen\u00f3menos sobrenaturales, de los que hay que dar al pueblo de Dios indicaciones seguras y s\u00f3lidas.<\/p>\n<p>El ejercicio del discernimiento encuentra una aplicaci\u00f3n necesaria en la lucha contra los abusos de todo tipo. La Iglesia, con la ayuda de Dios, prosigue con determinaci\u00f3n su compromiso de hacer justicia a las v\u00edctimas de abusos por parte de sus miembros, aplicando con especial cuidado y rigor la legislaci\u00f3n can\u00f3nica prevista. En este sentido, he actualizado recientemente las Normas sobre los delitos reservados a la Congregaci\u00f3n para la Doctrina de la Fe, con el deseo de hacer m\u00e1s incisiva la acci\u00f3n judicial. Esto no puede bastar por s\u00ed solo para frenar el fen\u00f3meno, pero es un paso necesario para restablecer la justicia, reparar el esc\u00e1ndalo y enmendar al delincuente.<\/p>\n<p>Un compromiso similar de discernimiento se expresa tambi\u00e9n en otro \u00e1mbito con el que te enfrentas a diario: la disoluci\u00f3n del v\u00ednculo matrimonial <em>in favorem fidei.<\/em> Cuando, en virtud de la potestad petrina, la Iglesia concede la disoluci\u00f3n de un v\u00ednculo matrimonial no sacramental, no se trata s\u00f3lo de poner fin can\u00f3nicamente a un matrimonio, que ya ha fracasado de hecho, sino que, en realidad, mediante este acto eminentemente pastoral pretendo siempre fomentar la fe cat\u00f3lica <em>-\u00a1in favorem fidei! &#8211;<\/em> en la nueva uni\u00f3n y en la familia, de la que este nuevo matrimonio ser\u00e1 el n\u00facleo.<\/p>\n<p>Y aqu\u00ed tambi\u00e9n me gustar\u00eda detenerme en la necesidad de discernimiento en el proceso sinodal. Algunos pueden pensar que el camino sinodal consiste en escuchar a todo el mundo, hacer una investigaci\u00f3n y dar resultados. Muchos votos, muchos votos, muchos votos&#8230; No.<\/p>\n<p>Un camino sinodal sin discernimiento no es un camino sinodal. Es necesario -en el camino sinodal- discernir continuamente opiniones, puntos de vista, reflexiones. No se puede recorrer el camino sinodal sin discernimiento. Este discernimiento es lo que har\u00e1 del S\u00ednodo un verdadero S\u00ednodo, en el que el personaje -digamos- m\u00e1s importante es el Esp\u00edritu Santo, y no un parlamento o un sondeo de opiniones que puedan realizar los medios de comunicaci\u00f3n. Por eso insisto: el discernimiento en el proceso sinodal es importante.<\/p>\n<p>La \u00faltima palabra es la fe. Vuestra congregaci\u00f3n est\u00e1 llamada no s\u00f3lo a defender sino tambi\u00e9n a promover la fe. Sin la fe, la presencia de los creyentes en el mundo se reducir\u00eda a la de una agencia humanitaria. La fe debe estar en el centro de la vida y la acci\u00f3n de todo bautizado. Y no una fe gen\u00e9rica o vaga, como si se tratara de un vino aguado que pierde su valor; sino una fe aut\u00e9ntica y directa, como la que quiere el Se\u00f1or cuando dice a los disc\u00edpulos: \u201cSi tuvierais fe como un grano de mostaza&#8230;\u201d. (Lc 17,6).<\/p>\n<p>Por ello, no debemos olvidar nunca que \u201cuna fe que no nos pone en crisis es una fe en crisis; una fe que no nos hace crecer es una fe que debe crecer; una fe que no nos cuestiona es una fe sobre la que debemos cuestionarnos; una fe que no nos anima es una fe que debe ser animada; una fe que no nos conmociona es una fe que debe ser conmocionada\u201d (Discurso a la Curia Romana, 21 de diciembre de 2017).<\/p>\n<p>No nos conformemos con una fe tibia, habitual y de manual. Cooperemos con el Esp\u00edritu Santo y cooperemos entre nosotros para que el fuego que Jes\u00fas vino a traer al mundo siga ardiendo e inflamando los corazones de todos.<\/p>\n<p>Queridos amigos, os agradezco mucho vuestro trabajo y os animo a seguir adelante con la ayuda del Se\u00f1or. Y, por favor, no os olvid\u00e9is de rezar por m\u00ed. Gracias.<\/p>\n<p><strong>\u00a9 Librer\u00eda Editora Vaticana<\/strong><\/p>\n","protected":false},"excerpt":{"rendered":"<p>Audiencia del Papa con los participantes en la plenaria de la Congregaci\u00f3n para la Doctrina de la Fe<\/p>\n","protected":false},"author":81,"featured_media":49686,"comment_status":"closed","ping_status":"closed","sticky":false,"template":"","format":"standard","meta":{"_acf_changed":false,"_crdt_document":"","inline_featured_image":false,"footnotes":""},"categories":[124,68],"tags":[168,158,4953],"class_list":["post-49685","post","type-post","status-publish","format-standard","has-post-thumbnail","hentry","category-discursos","category-leon-xiv","tag-audiencia","tag-papa-francisco","tag-trending-es"],"acf":[],"yoast_head":"<!-- This site is optimized with the Yoast SEO plugin v27.4 - https:\/\/yoast.com\/product\/yoast-seo-wordpress\/ -->\n<title>El compromiso de la Iglesia contra abusos: Cuidado y rigor &#8211; Exaudi<\/title>\n<meta name=\"description\" content=\"El Papa habla del compromiso de la Iglesia para dar justicia a las v\u00edctimas de abusos aplicando con cuidado y rigor la legislaci\u00f3n can\u00f3nica\" \/>\n<meta name=\"robots\" content=\"index, follow, max-snippet:-1, max-image-preview:large, max-video-preview:-1\" \/>\n<link rel=\"canonical\" href=\"https:\/\/exaudi.org\/es\/compromiso-iglesia-abusos-cuidado-rigor\/\" \/>\n<meta property=\"og:locale\" content=\"es_ES\" \/>\n<meta property=\"og:type\" content=\"article\" \/>\n<meta property=\"og:title\" content=\"El compromiso de la Iglesia contra abusos: Cuidado y rigor &#8211; Exaudi\" \/>\n<meta property=\"og:description\" content=\"El Papa habla del compromiso de la Iglesia para dar justicia a las v\u00edctimas de abusos aplicando con cuidado y rigor la legislaci\u00f3n can\u00f3nica\" \/>\n<meta property=\"og:url\" content=\"https:\/\/exaudi.org\/es\/compromiso-iglesia-abusos-cuidado-rigor\/\" \/>\n<meta property=\"og:site_name\" content=\"Exaudi\" \/>\n<meta property=\"article:publisher\" content=\"https:\/\/www.facebook.com\/ExaudiNews\" \/>\n<meta property=\"article:published_time\" content=\"2022-01-21T10:34:10+00:00\" \/>\n<meta property=\"article:modified_time\" content=\"2022-01-23T12:45:34+00:00\" \/>\n<meta property=\"og:image\" content=\"https:\/\/exaudi.org\/wp-content\/uploads\/2022\/01\/cq5dam.web_.800.800-1-8.jpeg\" \/>\n\t<meta property=\"og:image:width\" content=\"800\" \/>\n\t<meta property=\"og:image:height\" content=\"533\" \/>\n\t<meta property=\"og:image:type\" content=\"image\/jpeg\" \/>\n<meta name=\"author\" content=\"Alba Montalvo\" \/>\n<meta name=\"twitter:card\" content=\"summary_large_image\" \/>\n<meta name=\"twitter:creator\" content=\"@Exaudi_News\" \/>\n<meta name=\"twitter:site\" content=\"@Exaudi_News\" \/>\n<meta name=\"twitter:label1\" content=\"Escrito por\" \/>\n\t<meta name=\"twitter:data1\" content=\"Alba Montalvo\" \/>\n\t<meta name=\"twitter:label2\" content=\"Tiempo de lectura\" \/>\n\t<meta name=\"twitter:data2\" content=\"9 minutos\" \/>\n<script type=\"application\/ld+json\" class=\"yoast-schema-graph\">{\"@context\":\"https:\\\/\\\/schema.org\",\"@graph\":[{\"@type\":\"Article\",\"@id\":\"https:\\\/\\\/exaudi.org\\\/es\\\/compromiso-iglesia-abusos-cuidado-rigor\\\/#article\",\"isPartOf\":{\"@id\":\"https:\\\/\\\/exaudi.org\\\/es\\\/compromiso-iglesia-abusos-cuidado-rigor\\\/\"},\"author\":{\"name\":\"Alba Montalvo\",\"@id\":\"https:\\\/\\\/exaudi.org\\\/#\\\/schema\\\/person\\\/fc7b3cbb6f4d66ebcb53bf601d7b7eb1\"},\"headline\":\"El compromiso de la Iglesia contra abusos: Cuidado y rigor\",\"datePublished\":\"2022-01-21T10:34:10+00:00\",\"dateModified\":\"2022-01-23T12:45:34+00:00\",\"mainEntityOfPage\":{\"@id\":\"https:\\\/\\\/exaudi.org\\\/es\\\/compromiso-iglesia-abusos-cuidado-rigor\\\/\"},\"wordCount\":1829,\"image\":{\"@id\":\"https:\\\/\\\/exaudi.org\\\/es\\\/compromiso-iglesia-abusos-cuidado-rigor\\\/#primaryimage\"},\"thumbnailUrl\":\"https:\\\/\\\/exaudi.org\\\/wp-content\\\/uploads\\\/2022\\\/01\\\/cq5dam.web_.800.800-1-8.jpeg\",\"keywords\":[\"audiencia\",\"papa francisco\",\"Trending\"],\"articleSection\":[\"Discursos\",\"Le\u00f3n XIV\"],\"inLanguage\":\"es\"},{\"@type\":\"WebPage\",\"@id\":\"https:\\\/\\\/exaudi.org\\\/es\\\/compromiso-iglesia-abusos-cuidado-rigor\\\/\",\"url\":\"https:\\\/\\\/exaudi.org\\\/es\\\/compromiso-iglesia-abusos-cuidado-rigor\\\/\",\"name\":\"El compromiso de la Iglesia contra abusos: Cuidado y rigor &#8211; Exaudi\",\"isPartOf\":{\"@id\":\"https:\\\/\\\/exaudi.org\\\/#website\"},\"primaryImageOfPage\":{\"@id\":\"https:\\\/\\\/exaudi.org\\\/es\\\/compromiso-iglesia-abusos-cuidado-rigor\\\/#primaryimage\"},\"image\":{\"@id\":\"https:\\\/\\\/exaudi.org\\\/es\\\/compromiso-iglesia-abusos-cuidado-rigor\\\/#primaryimage\"},\"thumbnailUrl\":\"https:\\\/\\\/exaudi.org\\\/wp-content\\\/uploads\\\/2022\\\/01\\\/cq5dam.web_.800.800-1-8.jpeg\",\"datePublished\":\"2022-01-21T10:34:10+00:00\",\"dateModified\":\"2022-01-23T12:45:34+00:00\",\"author\":{\"@id\":\"https:\\\/\\\/exaudi.org\\\/#\\\/schema\\\/person\\\/fc7b3cbb6f4d66ebcb53bf601d7b7eb1\"},\"description\":\"El Papa habla del compromiso de la Iglesia para dar justicia a las v\u00edctimas de abusos aplicando con cuidado y rigor la legislaci\u00f3n can\u00f3nica\",\"breadcrumb\":{\"@id\":\"https:\\\/\\\/exaudi.org\\\/es\\\/compromiso-iglesia-abusos-cuidado-rigor\\\/#breadcrumb\"},\"inLanguage\":\"es\",\"potentialAction\":[{\"@type\":\"ReadAction\",\"target\":[\"https:\\\/\\\/exaudi.org\\\/es\\\/compromiso-iglesia-abusos-cuidado-rigor\\\/\"]}]},{\"@type\":\"ImageObject\",\"inLanguage\":\"es\",\"@id\":\"https:\\\/\\\/exaudi.org\\\/es\\\/compromiso-iglesia-abusos-cuidado-rigor\\\/#primaryimage\",\"url\":\"https:\\\/\\\/exaudi.org\\\/wp-content\\\/uploads\\\/2022\\\/01\\\/cq5dam.web_.800.800-1-8.jpeg\",\"contentUrl\":\"https:\\\/\\\/exaudi.org\\\/wp-content\\\/uploads\\\/2022\\\/01\\\/cq5dam.web_.800.800-1-8.jpeg\",\"width\":800,\"height\":533,\"caption\":\"Audiencia con los participantes en la plenaria de la Congregaci\u00f3n para la Doctrina de la Fe en la Sala Clementina del Vaticano, 21 enero 2022 \u00a9 Vatican Media\"},{\"@type\":\"BreadcrumbList\",\"@id\":\"https:\\\/\\\/exaudi.org\\\/es\\\/compromiso-iglesia-abusos-cuidado-rigor\\\/#breadcrumb\",\"itemListElement\":[{\"@type\":\"ListItem\",\"position\":1,\"name\":\"Portada\",\"item\":\"https:\\\/\\\/exaudi.org\\\/es\\\/\"},{\"@type\":\"ListItem\",\"position\":2,\"name\":\"El compromiso de la Iglesia contra abusos: Cuidado y rigor\"}]},{\"@type\":\"WebSite\",\"@id\":\"https:\\\/\\\/exaudi.org\\\/#website\",\"url\":\"https:\\\/\\\/exaudi.org\\\/\",\"name\":\"Exaudi\",\"description\":\"News\",\"potentialAction\":[{\"@type\":\"SearchAction\",\"target\":{\"@type\":\"EntryPoint\",\"urlTemplate\":\"https:\\\/\\\/exaudi.org\\\/?s={search_term_string}\"},\"query-input\":{\"@type\":\"PropertyValueSpecification\",\"valueRequired\":true,\"valueName\":\"search_term_string\"}}],\"inLanguage\":\"es\"},{\"@type\":\"Person\",\"@id\":\"https:\\\/\\\/exaudi.org\\\/#\\\/schema\\\/person\\\/fc7b3cbb6f4d66ebcb53bf601d7b7eb1\",\"name\":\"Alba Montalvo\",\"image\":{\"@type\":\"ImageObject\",\"inLanguage\":\"es\",\"@id\":\"https:\\\/\\\/secure.gravatar.com\\\/avatar\\\/1e8c522219a5df52d143b7baf13997ffd4f1814ca862efe7af11a13849275021?s=96&d=mm&r=g\",\"url\":\"https:\\\/\\\/secure.gravatar.com\\\/avatar\\\/1e8c522219a5df52d143b7baf13997ffd4f1814ca862efe7af11a13849275021?s=96&d=mm&r=g\",\"contentUrl\":\"https:\\\/\\\/secure.gravatar.com\\\/avatar\\\/1e8c522219a5df52d143b7baf13997ffd4f1814ca862efe7af11a13849275021?s=96&d=mm&r=g\",\"caption\":\"Alba Montalvo\"},\"description\":\"Licenciada en Periodismo y M\u00e1ster en Periodismo Social. Mi trayectoria profesional ha estado siempre vinculada al \u00e1mbito de la comunicaci\u00f3n en el entorno digital. He trabajado como productora, gestora de contenidos estrat\u00e9gicos para redes y entrevistadora en la Fundaci\u00f3n Mater Mundi TV. Madrile\u00f1a de nacimiento, actualmente vivo en M\u00e1laga.\",\"url\":\"https:\\\/\\\/exaudi.org\\\/es\\\/author\\\/amontalvoexaudi-org\\\/\"}]}<\/script>\n<!-- \/ Yoast SEO plugin. -->","yoast_head_json":{"title":"El compromiso de la Iglesia contra abusos: Cuidado y rigor &#8211; Exaudi","description":"El Papa habla del compromiso de la Iglesia para dar justicia a las v\u00edctimas de abusos aplicando con cuidado y rigor la legislaci\u00f3n can\u00f3nica","robots":{"index":"index","follow":"follow","max-snippet":"max-snippet:-1","max-image-preview":"max-image-preview:large","max-video-preview":"max-video-preview:-1"},"canonical":"https:\/\/exaudi.org\/es\/compromiso-iglesia-abusos-cuidado-rigor\/","og_locale":"es_ES","og_type":"article","og_title":"El compromiso de la Iglesia contra abusos: Cuidado y rigor &#8211; Exaudi","og_description":"El Papa habla del compromiso de la Iglesia para dar justicia a las v\u00edctimas de abusos aplicando con cuidado y rigor la legislaci\u00f3n can\u00f3nica","og_url":"https:\/\/exaudi.org\/es\/compromiso-iglesia-abusos-cuidado-rigor\/","og_site_name":"Exaudi","article_publisher":"https:\/\/www.facebook.com\/ExaudiNews","article_published_time":"2022-01-21T10:34:10+00:00","article_modified_time":"2022-01-23T12:45:34+00:00","og_image":[{"width":800,"height":533,"url":"https:\/\/exaudi.org\/wp-content\/uploads\/2022\/01\/cq5dam.web_.800.800-1-8.jpeg","type":"image\/jpeg"}],"author":"Alba Montalvo","twitter_card":"summary_large_image","twitter_creator":"@Exaudi_News","twitter_site":"@Exaudi_News","twitter_misc":{"Escrito por":"Alba Montalvo","Tiempo de lectura":"9 minutos"},"schema":{"@context":"https:\/\/schema.org","@graph":[{"@type":"Article","@id":"https:\/\/exaudi.org\/es\/compromiso-iglesia-abusos-cuidado-rigor\/#article","isPartOf":{"@id":"https:\/\/exaudi.org\/es\/compromiso-iglesia-abusos-cuidado-rigor\/"},"author":{"name":"Alba Montalvo","@id":"https:\/\/exaudi.org\/#\/schema\/person\/fc7b3cbb6f4d66ebcb53bf601d7b7eb1"},"headline":"El compromiso de la Iglesia contra abusos: Cuidado y rigor","datePublished":"2022-01-21T10:34:10+00:00","dateModified":"2022-01-23T12:45:34+00:00","mainEntityOfPage":{"@id":"https:\/\/exaudi.org\/es\/compromiso-iglesia-abusos-cuidado-rigor\/"},"wordCount":1829,"image":{"@id":"https:\/\/exaudi.org\/es\/compromiso-iglesia-abusos-cuidado-rigor\/#primaryimage"},"thumbnailUrl":"https:\/\/exaudi.org\/wp-content\/uploads\/2022\/01\/cq5dam.web_.800.800-1-8.jpeg","keywords":["audiencia","papa francisco","Trending"],"articleSection":["Discursos","Le\u00f3n XIV"],"inLanguage":"es"},{"@type":"WebPage","@id":"https:\/\/exaudi.org\/es\/compromiso-iglesia-abusos-cuidado-rigor\/","url":"https:\/\/exaudi.org\/es\/compromiso-iglesia-abusos-cuidado-rigor\/","name":"El compromiso de la Iglesia contra abusos: Cuidado y rigor &#8211; Exaudi","isPartOf":{"@id":"https:\/\/exaudi.org\/#website"},"primaryImageOfPage":{"@id":"https:\/\/exaudi.org\/es\/compromiso-iglesia-abusos-cuidado-rigor\/#primaryimage"},"image":{"@id":"https:\/\/exaudi.org\/es\/compromiso-iglesia-abusos-cuidado-rigor\/#primaryimage"},"thumbnailUrl":"https:\/\/exaudi.org\/wp-content\/uploads\/2022\/01\/cq5dam.web_.800.800-1-8.jpeg","datePublished":"2022-01-21T10:34:10+00:00","dateModified":"2022-01-23T12:45:34+00:00","author":{"@id":"https:\/\/exaudi.org\/#\/schema\/person\/fc7b3cbb6f4d66ebcb53bf601d7b7eb1"},"description":"El Papa habla del compromiso de la Iglesia para dar justicia a las v\u00edctimas de abusos aplicando con cuidado y rigor la legislaci\u00f3n can\u00f3nica","breadcrumb":{"@id":"https:\/\/exaudi.org\/es\/compromiso-iglesia-abusos-cuidado-rigor\/#breadcrumb"},"inLanguage":"es","potentialAction":[{"@type":"ReadAction","target":["https:\/\/exaudi.org\/es\/compromiso-iglesia-abusos-cuidado-rigor\/"]}]},{"@type":"ImageObject","inLanguage":"es","@id":"https:\/\/exaudi.org\/es\/compromiso-iglesia-abusos-cuidado-rigor\/#primaryimage","url":"https:\/\/exaudi.org\/wp-content\/uploads\/2022\/01\/cq5dam.web_.800.800-1-8.jpeg","contentUrl":"https:\/\/exaudi.org\/wp-content\/uploads\/2022\/01\/cq5dam.web_.800.800-1-8.jpeg","width":800,"height":533,"caption":"Audiencia con los participantes en la plenaria de la Congregaci\u00f3n para la Doctrina de la Fe en la Sala Clementina del Vaticano, 21 enero 2022 \u00a9 Vatican Media"},{"@type":"BreadcrumbList","@id":"https:\/\/exaudi.org\/es\/compromiso-iglesia-abusos-cuidado-rigor\/#breadcrumb","itemListElement":[{"@type":"ListItem","position":1,"name":"Portada","item":"https:\/\/exaudi.org\/es\/"},{"@type":"ListItem","position":2,"name":"El compromiso de la Iglesia contra abusos: Cuidado y rigor"}]},{"@type":"WebSite","@id":"https:\/\/exaudi.org\/#website","url":"https:\/\/exaudi.org\/","name":"Exaudi","description":"News","potentialAction":[{"@type":"SearchAction","target":{"@type":"EntryPoint","urlTemplate":"https:\/\/exaudi.org\/?s={search_term_string}"},"query-input":{"@type":"PropertyValueSpecification","valueRequired":true,"valueName":"search_term_string"}}],"inLanguage":"es"},{"@type":"Person","@id":"https:\/\/exaudi.org\/#\/schema\/person\/fc7b3cbb6f4d66ebcb53bf601d7b7eb1","name":"Alba Montalvo","image":{"@type":"ImageObject","inLanguage":"es","@id":"https:\/\/secure.gravatar.com\/avatar\/1e8c522219a5df52d143b7baf13997ffd4f1814ca862efe7af11a13849275021?s=96&d=mm&r=g","url":"https:\/\/secure.gravatar.com\/avatar\/1e8c522219a5df52d143b7baf13997ffd4f1814ca862efe7af11a13849275021?s=96&d=mm&r=g","contentUrl":"https:\/\/secure.gravatar.com\/avatar\/1e8c522219a5df52d143b7baf13997ffd4f1814ca862efe7af11a13849275021?s=96&d=mm&r=g","caption":"Alba Montalvo"},"description":"Licenciada en Periodismo y M\u00e1ster en Periodismo Social. Mi trayectoria profesional ha estado siempre vinculada al \u00e1mbito de la comunicaci\u00f3n en el entorno digital. He trabajado como productora, gestora de contenidos estrat\u00e9gicos para redes y entrevistadora en la Fundaci\u00f3n Mater Mundi TV. Madrile\u00f1a de nacimiento, actualmente vivo en M\u00e1laga.","url":"https:\/\/exaudi.org\/es\/author\/amontalvoexaudi-org\/"}]}},"jetpack_featured_media_url":"https:\/\/exaudi.org\/wp-content\/uploads\/2022\/01\/cq5dam.web_.800.800-1-8.jpeg","jetpack_shortlink":"https:\/\/wp.me\/pgKjF2-cVn","_links":{"self":[{"href":"https:\/\/exaudi.org\/es\/wp-json\/wp\/v2\/posts\/49685","targetHints":{"allow":["GET"]}}],"collection":[{"href":"https:\/\/exaudi.org\/es\/wp-json\/wp\/v2\/posts"}],"about":[{"href":"https:\/\/exaudi.org\/es\/wp-json\/wp\/v2\/types\/post"}],"author":[{"embeddable":true,"href":"https:\/\/exaudi.org\/es\/wp-json\/wp\/v2\/users\/81"}],"replies":[{"embeddable":true,"href":"https:\/\/exaudi.org\/es\/wp-json\/wp\/v2\/comments?post=49685"}],"version-history":[{"count":0,"href":"https:\/\/exaudi.org\/es\/wp-json\/wp\/v2\/posts\/49685\/revisions"}],"wp:featuredmedia":[{"embeddable":true,"href":"https:\/\/exaudi.org\/es\/wp-json\/wp\/v2\/media\/49686"}],"wp:attachment":[{"href":"https:\/\/exaudi.org\/es\/wp-json\/wp\/v2\/media?parent=49685"}],"wp:term":[{"taxonomy":"category","embeddable":true,"href":"https:\/\/exaudi.org\/es\/wp-json\/wp\/v2\/categories?post=49685"},{"taxonomy":"post_tag","embeddable":true,"href":"https:\/\/exaudi.org\/es\/wp-json\/wp\/v2\/tags?post=49685"}],"curies":[{"name":"wp","href":"https:\/\/api.w.org\/{rel}","templated":true}]}}