{"id":49583,"date":"2022-01-27T10:00:09","date_gmt":"2022-01-27T09:00:09","guid":{"rendered":"https:\/\/exaudi.org\/?p=49583"},"modified":"2022-01-27T11:34:02","modified_gmt":"2022-01-27T10:34:02","slug":"una-iglesia-que-debe-servir-a-la-comunidad","status":"publish","type":"post","link":"https:\/\/exaudi.org\/es\/una-iglesia-que-debe-servir-a-la-comunidad\/","title":{"rendered":"Una Iglesia que debe servir a la comunidad"},"content":{"rendered":"<p>El <a href=\"https:\/\/exaudi.org\/es\/author\/jyate\/\" target=\"_blank\" rel=\"noopener\">padre Jairo Yate<\/a>, sacerdote y juez instructor en la\u00a0<a href=\"https:\/\/notasamablesalapalabra.blogspot.com\/\" target=\"_blank\" rel=\"noopener\">di\u00f3cesis de Ibagu\u00e9<\/a>, Colombia, ofrece esta reflexi\u00f3n sobre la importancia del servir a la comunidad en la Iglesia, a trav\u00e9s de las palabras del Papa Francisco y de la Sagrada Escritura.<\/p>\n<p>***<\/p>\n<h2><strong>El cristiano existe para servir<\/strong><\/h2>\n<p>El Papa san Pablo VI ense\u00f1aba que la \u201cprincipal responsabilidad de la Iglesia es el servicio a la Verdad\u201d. El Papa Francisco, por su parte, explica en la <a href=\"https:\/\/www.vatican.va\/content\/francesco\/es\/cotidie\/2018\/documents\/papa-francesco-cotidie_20180426_cristiano-para-servir.html\" target=\"_blank\" rel=\"noopener\">homil\u00eda en la Casa Santa Marta del 26 de abril 2018<\/a>, que \u201cJes\u00fas nos ense\u00f1a el servicio, como camino del cristiano\u201d. De hecho, \u201cel cristiano existe para servir, no para ser servido\u201d. Y es una regla que vale \u201ctoda la vida\u201d. Todo est\u00e1 encerrado ah\u00ed: de hecho, \u201cmuchos hombres y mujeres en la historia\u201d, que se lo han \u201ctomado en serio\u201d, han dejado \u201crastro de verdaderos cristianos: de amor y de servicio\u201d.<\/p>\n<p>Durante la \u00faltima cena, por tanto, el Se\u00f1or dej\u00f3 los dos mandamientos del amor y del servicio y despu\u00e9s \u201cuna advertencia\u201d \u201cVosotros deb\u00e9is amar como siervos, deb\u00e9is servir, porque sois siervos\u201d. Y la explicaci\u00f3n de estas palabras, \u201ces tambi\u00e9n una regla de vida: \u201cEn verdad, en verdad os digo: un siervo no es m\u00e1s grande que su patr\u00f3n, ni un invitado es m\u00e1s grande que quien lo ha mandado\u201d.<\/p>\n<p>Es decir: \u201cVosotros podr\u00e9is celebrar la Eucarist\u00eda, vosotros pod\u00e9is servir, pero enviados por m\u00ed, mandados por m\u00ed. Vosotros no sois m\u00e1s grandes que yo\u201d.<\/p>\n<p>Afirma el Papa Francisco que el m\u00e1s grande en la Iglesia es el que sirve no el que tiene m\u00e1s t\u00edtulos. No se puede vivir el Evangelio haciendo compromisos, de lo contrario se termina en el esp\u00edritu del mundo, que apunta al dominio de los dem\u00e1s y es \u201cenemigo de Dios\u201d, sino que hay que elegir el camino del servicio.\u00a0 \u201cEl que quiere ser el primero, debe hacerse el \u00faltimo de todos y el servidor de todos\u201d.<\/p>\n<h2><strong>\u201cCamino, servicio y gratuidad\u201d<\/strong><\/h2>\n<p>\u201cCamino, servicio, gratuidad\u201d, destaca el Pont\u00edfice en la homil\u00eda de Santa Marta del 11 de junio de 2015. \u00a0\u201cCamino como un env\u00edo para anunciar. Servicio: la vida del cristiano no es para s\u00ed mismo, sino para los dem\u00e1s, como fue la vida de Jes\u00fas. Y \u201cgratuidad. Nuestra esperanza est\u00e1 en Jesucristo que nos env\u00eda as\u00ed una esperanza que no decepciona jam\u00e1s\u201d.<\/p>\n<p>\u201cUn disc\u00edpulo que no sirve a los dem\u00e1s no es cristiano\u201d, a\u00f1ade. \u201cEl disc\u00edpulo debe hacer lo que Jes\u00fas ha predicado en aquellas dos columnas del cristianismo: las Bienaventuranzas y despu\u00e9s el &#8216;protocolo&#8217; sobre el que seremos juzgados\u201d. Estas \u201cson el marco del servicio evang\u00e9lico\u201d:\u00a0\u201csi un disc\u00edpulo no camina para servir no sirve para caminar.\u00a0Si su vida no es para el servicio, no sirve para vivir, como cristiano\u201d<\/p>\n<p>El Papa habla tambi\u00e9n de la \u201cgratuidad\u201d, de servir gratuitamente y advierte del peligro de las riquezas. \u201cGratuitamente han recibido, gratuitamente den\u201d, es la admonici\u00f3n de Jes\u00fas.\u00a0 \u201cEl camino del servicio es gratuito \u2014 porque hemos recibido la salvaci\u00f3n gratuitamente, pura gracia: ninguno de nosotros ha comprado la salvaci\u00f3n, ninguno de nosotros la ha merecido.\u00a0 Es pura gracia del Padre en Jesucristo, en el sacrificio de Jesucristo\u201d<\/p>\n<p>\u201cEs triste cuando se encuentran comunidades cristianas, sean parroquias, congregaciones religiosas, di\u00f3cesis, que se olvidan de la gratuidad, porque detr\u00e1s de esto est\u00e1 el enga\u00f1o (de presumir) que la salvaci\u00f3n viene de las riquezas, del poder humano\u201d.<\/p>\n<h2><strong>El servicio tiene base en la Sagrada Escritura <\/strong><\/h2>\n<p>\u201cEl que quiera ser grande entre ustedes, debe servir a los dem\u00e1s\u201d (Mateo 20, 26).<\/p>\n<p>\u00bfDe cu\u00e1l servicio nos habla la Sagrada Biblia? Dice el hermeneuta b\u00edblico: Los servidores de Cristo son en primer lugar los servidores de la Palabra: \u201cperseveraremos en la oraci\u00f3n y en el ministerio de la Palabra\u201d (Hechos 6, 4).<\/p>\n<p><strong>Los que anuncian el Evangelio cumpliendo as\u00ed un servicio sagrado<\/strong>. Romanos 15, 16: \u201cde ser ministro de Cristo Jes\u00fas entre los paganos; mi tarea sagrada consiste en anunciar el evangelio de Dios, para que la ofrenda de los paganos sea agradable a Dios, consagrada por el Esp\u00edritu Santo\u201d. Colosenses 1,23 Filipenses 2,22, \u201ccon toda humildad\u201d, y si es preciso \u201cen l\u00e1grimas y en medio de las pruebas, Hechos 20,19.<\/p>\n<p><strong>Los que sirven a la comunidad, como lo hacen en particular los di\u00e1conos<\/strong>. Hechos 6,1-4: \u00a0\u201cLos Doce reunieron la asamblea de los disc\u00edpulos y les dijeron: \u2018No es correcto que nosotros descuidemos la Palabra de Dios por hacernos cargo de las mesas. Por lo tanto, hermanos, elijan entre ustedes a siete hombres de buena fama, llenos del Esp\u00edritu y de sabidur\u00eda; les confiaremos esta tarea, mientras que nosotros nos dedicaremos de lleno a la oraci\u00f3n y al ministerio de la Palabra\u2019\u201d.<\/p>\n<p>San Pablo ense\u00f1a en qu\u00e9 condiciones este servicio ser\u00e1 digno del Se\u00f1or. Romanos 12,7.9-13: \u201cSi eres di\u00e1cono, cumple tu misi\u00f3n; si eres maestro, ense\u00f1a; Si eres predicador, s\u00e9 capaz de animar a los dem\u00e1s; si te corresponde la asistencia, da con la mano abierta; si eres dirigente, act\u00faa con dedicaci\u00f3n; si ayudas a los que sufren, mu\u00e9strate sonriente.\u201d<\/p>\n<p>\u201cQue el amor sea sincero. Aborrezcan el mal y procuren todo lo bueno. Que entre ustedes el amor fraterno sea verdadero cari\u00f1o, y adel\u00e1ntense al otro en el respeto mutuo. Sean diligentes, y no flojos. Sean fervorosos en el Esp\u00edritu y sirvan al se\u00f1or. Tengan esperanza y sean alegres. Sean pacientes en las pruebas y oren sin cesar. Compartan con los hermanos necesitados, y sepan acoger a los que est\u00e9n de paso.\u201d<\/p>\n<p>Sirven a Dios como hijos y no como esclavos, (G\u00e1latas 4).<\/p>\n","protected":false},"excerpt":{"rendered":"<p>El cristiano existe para servir<\/p>\n","protected":false},"author":75,"featured_media":49584,"comment_status":"closed","ping_status":"closed","sticky":false,"template":"","format":"standard","meta":{"_acf_changed":false,"_crdt_document":"","inline_featured_image":false,"footnotes":""},"categories":[72],"tags":[5594,449,158,5198,5593,4953],"class_list":["post-49583","post","type-post","status-publish","format-standard","has-post-thumbnail","hentry","category-analisis","tag-comunidad","tag-iglesia-catolica","tag-papa-francisco","tag-sagrada-escritura","tag-servicio","tag-trending-es"],"acf":[],"yoast_head":"<!-- This site is optimized with the Yoast SEO plugin v27.4 - https:\/\/yoast.com\/product\/yoast-seo-wordpress\/ -->\n<title>Una Iglesia que debe servir a la comunidad &#8211; Exaudi<\/title>\n<meta name=\"description\" content=\"El padre Jairo Yate, sacerdote y juez instructor ofrece esta reflexi\u00f3n sobre la importancia del servir a la comunidad en la Iglesia\" \/>\n<meta name=\"robots\" content=\"index, follow, max-snippet:-1, max-image-preview:large, max-video-preview:-1\" \/>\n<link rel=\"canonical\" href=\"https:\/\/exaudi.org\/es\/una-iglesia-que-debe-servir-a-la-comunidad\/\" \/>\n<meta property=\"og:locale\" content=\"es_ES\" \/>\n<meta property=\"og:type\" content=\"article\" \/>\n<meta property=\"og:title\" content=\"Una Iglesia que debe servir a la comunidad &#8211; Exaudi\" \/>\n<meta property=\"og:description\" content=\"El padre Jairo Yate, sacerdote y juez instructor ofrece esta reflexi\u00f3n sobre la importancia del servir a la comunidad en la Iglesia\" \/>\n<meta property=\"og:url\" content=\"https:\/\/exaudi.org\/es\/una-iglesia-que-debe-servir-a-la-comunidad\/\" \/>\n<meta property=\"og:site_name\" content=\"Exaudi\" \/>\n<meta property=\"article:publisher\" content=\"https:\/\/www.facebook.com\/ExaudiNews\" \/>\n<meta property=\"article:published_time\" content=\"2022-01-27T09:00:09+00:00\" \/>\n<meta property=\"article:modified_time\" content=\"2022-01-27T10:34:02+00:00\" \/>\n<meta property=\"og:image\" content=\"https:\/\/exaudi.org\/wp-content\/uploads\/2022\/01\/cardaniepb-1579267418600-cathopic-scaled.jpg\" \/>\n\t<meta property=\"og:image:width\" content=\"2560\" \/>\n\t<meta property=\"og:image:height\" content=\"2048\" \/>\n\t<meta property=\"og:image:type\" content=\"image\/jpeg\" \/>\n<meta name=\"author\" content=\"Jairo Yate\" \/>\n<meta name=\"twitter:card\" content=\"summary_large_image\" \/>\n<meta name=\"twitter:creator\" content=\"@Exaudi_News\" \/>\n<meta name=\"twitter:site\" content=\"@Exaudi_News\" \/>\n<meta name=\"twitter:label1\" content=\"Escrito por\" \/>\n\t<meta name=\"twitter:data1\" content=\"Jairo Yate\" \/>\n\t<meta name=\"twitter:label2\" content=\"Tiempo de lectura\" \/>\n\t<meta name=\"twitter:data2\" content=\"5 minutos\" \/>\n<script type=\"application\/ld+json\" class=\"yoast-schema-graph\">{\"@context\":\"https:\\\/\\\/schema.org\",\"@graph\":[{\"@type\":\"Article\",\"@id\":\"https:\\\/\\\/exaudi.org\\\/es\\\/una-iglesia-que-debe-servir-a-la-comunidad\\\/#article\",\"isPartOf\":{\"@id\":\"https:\\\/\\\/exaudi.org\\\/es\\\/una-iglesia-que-debe-servir-a-la-comunidad\\\/\"},\"author\":{\"name\":\"Jairo Yate\",\"@id\":\"https:\\\/\\\/exaudi.org\\\/#\\\/schema\\\/person\\\/0a445e18eeda8a4169db2546dec04b44\"},\"headline\":\"Una Iglesia que debe servir a la comunidad\",\"datePublished\":\"2022-01-27T09:00:09+00:00\",\"dateModified\":\"2022-01-27T10:34:02+00:00\",\"mainEntityOfPage\":{\"@id\":\"https:\\\/\\\/exaudi.org\\\/es\\\/una-iglesia-que-debe-servir-a-la-comunidad\\\/\"},\"wordCount\":977,\"image\":{\"@id\":\"https:\\\/\\\/exaudi.org\\\/es\\\/una-iglesia-que-debe-servir-a-la-comunidad\\\/#primaryimage\"},\"thumbnailUrl\":\"https:\\\/\\\/exaudi.org\\\/wp-content\\\/uploads\\\/2022\\\/01\\\/cardaniepb-1579267418600-cathopic-scaled.jpg\",\"keywords\":[\"Comunidad\",\"Iglesia cat\u00f3lica\",\"papa francisco\",\"Sagrada Escritura\",\"Servicio\",\"Trending\"],\"articleSection\":[\"An\u00e1lisis\"],\"inLanguage\":\"es\"},{\"@type\":\"WebPage\",\"@id\":\"https:\\\/\\\/exaudi.org\\\/es\\\/una-iglesia-que-debe-servir-a-la-comunidad\\\/\",\"url\":\"https:\\\/\\\/exaudi.org\\\/es\\\/una-iglesia-que-debe-servir-a-la-comunidad\\\/\",\"name\":\"Una Iglesia que debe servir a la comunidad &#8211; Exaudi\",\"isPartOf\":{\"@id\":\"https:\\\/\\\/exaudi.org\\\/#website\"},\"primaryImageOfPage\":{\"@id\":\"https:\\\/\\\/exaudi.org\\\/es\\\/una-iglesia-que-debe-servir-a-la-comunidad\\\/#primaryimage\"},\"image\":{\"@id\":\"https:\\\/\\\/exaudi.org\\\/es\\\/una-iglesia-que-debe-servir-a-la-comunidad\\\/#primaryimage\"},\"thumbnailUrl\":\"https:\\\/\\\/exaudi.org\\\/wp-content\\\/uploads\\\/2022\\\/01\\\/cardaniepb-1579267418600-cathopic-scaled.jpg\",\"datePublished\":\"2022-01-27T09:00:09+00:00\",\"dateModified\":\"2022-01-27T10:34:02+00:00\",\"author\":{\"@id\":\"https:\\\/\\\/exaudi.org\\\/#\\\/schema\\\/person\\\/0a445e18eeda8a4169db2546dec04b44\"},\"description\":\"El padre Jairo Yate, sacerdote y juez instructor ofrece esta reflexi\u00f3n sobre la importancia del servir a la comunidad en la Iglesia\",\"breadcrumb\":{\"@id\":\"https:\\\/\\\/exaudi.org\\\/es\\\/una-iglesia-que-debe-servir-a-la-comunidad\\\/#breadcrumb\"},\"inLanguage\":\"es\",\"potentialAction\":[{\"@type\":\"ReadAction\",\"target\":[\"https:\\\/\\\/exaudi.org\\\/es\\\/una-iglesia-que-debe-servir-a-la-comunidad\\\/\"]}]},{\"@type\":\"ImageObject\",\"inLanguage\":\"es\",\"@id\":\"https:\\\/\\\/exaudi.org\\\/es\\\/una-iglesia-que-debe-servir-a-la-comunidad\\\/#primaryimage\",\"url\":\"https:\\\/\\\/exaudi.org\\\/wp-content\\\/uploads\\\/2022\\\/01\\\/cardaniepb-1579267418600-cathopic-scaled.jpg\",\"contentUrl\":\"https:\\\/\\\/exaudi.org\\\/wp-content\\\/uploads\\\/2022\\\/01\\\/cardaniepb-1579267418600-cathopic-scaled.jpg\",\"width\":2560,\"height\":2048,\"caption\":\"Servicio a la comunidad en la Iglesia \u00a9 Cathopic. Carlos Daniel\"},{\"@type\":\"BreadcrumbList\",\"@id\":\"https:\\\/\\\/exaudi.org\\\/es\\\/una-iglesia-que-debe-servir-a-la-comunidad\\\/#breadcrumb\",\"itemListElement\":[{\"@type\":\"ListItem\",\"position\":1,\"name\":\"Portada\",\"item\":\"https:\\\/\\\/exaudi.org\\\/es\\\/\"},{\"@type\":\"ListItem\",\"position\":2,\"name\":\"Una Iglesia que debe servir a la comunidad\"}]},{\"@type\":\"WebSite\",\"@id\":\"https:\\\/\\\/exaudi.org\\\/#website\",\"url\":\"https:\\\/\\\/exaudi.org\\\/\",\"name\":\"Exaudi\",\"description\":\"News\",\"potentialAction\":[{\"@type\":\"SearchAction\",\"target\":{\"@type\":\"EntryPoint\",\"urlTemplate\":\"https:\\\/\\\/exaudi.org\\\/?s={search_term_string}\"},\"query-input\":{\"@type\":\"PropertyValueSpecification\",\"valueRequired\":true,\"valueName\":\"search_term_string\"}}],\"inLanguage\":\"es\"},{\"@type\":\"Person\",\"@id\":\"https:\\\/\\\/exaudi.org\\\/#\\\/schema\\\/person\\\/0a445e18eeda8a4169db2546dec04b44\",\"name\":\"Jairo Yate\",\"image\":{\"@type\":\"ImageObject\",\"inLanguage\":\"es\",\"@id\":\"https:\\\/\\\/secure.gravatar.com\\\/avatar\\\/ebf148b228fd57b990e025e8ebec5910efc8cda0a662cd217e736dd113fd728f?s=96&d=mm&r=g\",\"url\":\"https:\\\/\\\/secure.gravatar.com\\\/avatar\\\/ebf148b228fd57b990e025e8ebec5910efc8cda0a662cd217e736dd113fd728f?s=96&d=mm&r=g\",\"contentUrl\":\"https:\\\/\\\/secure.gravatar.com\\\/avatar\\\/ebf148b228fd57b990e025e8ebec5910efc8cda0a662cd217e736dd113fd728f?s=96&d=mm&r=g\",\"caption\":\"Jairo Yate\"},\"description\":\"El padre Jairo Yate Ram\u00edrez fue ordenado sacerdote el 23 de Noviembre 1985, incardinado a la arquidi\u00f3cesis de Ibagu\u00e9, Colombia. Licenciado en Teolog\u00eda Moral por Universidad Santa Croce, Roma, Italia. Diplomado en Derecho Can\u00f3nico. Juez Instructor Tribunal Eclesi\u00e1stico y Notario, arquidi\u00f3cesis de Ibagu\u00e9\",\"url\":\"https:\\\/\\\/exaudi.org\\\/es\\\/author\\\/jyate\\\/\"}]}<\/script>\n<!-- \/ Yoast SEO plugin. -->","yoast_head_json":{"title":"Una Iglesia que debe servir a la comunidad &#8211; Exaudi","description":"El padre Jairo Yate, sacerdote y juez instructor ofrece esta reflexi\u00f3n sobre la importancia del servir a la comunidad en la Iglesia","robots":{"index":"index","follow":"follow","max-snippet":"max-snippet:-1","max-image-preview":"max-image-preview:large","max-video-preview":"max-video-preview:-1"},"canonical":"https:\/\/exaudi.org\/es\/una-iglesia-que-debe-servir-a-la-comunidad\/","og_locale":"es_ES","og_type":"article","og_title":"Una Iglesia que debe servir a la comunidad &#8211; Exaudi","og_description":"El padre Jairo Yate, sacerdote y juez instructor ofrece esta reflexi\u00f3n sobre la importancia del servir a la comunidad en la Iglesia","og_url":"https:\/\/exaudi.org\/es\/una-iglesia-que-debe-servir-a-la-comunidad\/","og_site_name":"Exaudi","article_publisher":"https:\/\/www.facebook.com\/ExaudiNews","article_published_time":"2022-01-27T09:00:09+00:00","article_modified_time":"2022-01-27T10:34:02+00:00","og_image":[{"width":2560,"height":2048,"url":"https:\/\/exaudi.org\/wp-content\/uploads\/2022\/01\/cardaniepb-1579267418600-cathopic-scaled.jpg","type":"image\/jpeg"}],"author":"Jairo Yate","twitter_card":"summary_large_image","twitter_creator":"@Exaudi_News","twitter_site":"@Exaudi_News","twitter_misc":{"Escrito por":"Jairo Yate","Tiempo de lectura":"5 minutos"},"schema":{"@context":"https:\/\/schema.org","@graph":[{"@type":"Article","@id":"https:\/\/exaudi.org\/es\/una-iglesia-que-debe-servir-a-la-comunidad\/#article","isPartOf":{"@id":"https:\/\/exaudi.org\/es\/una-iglesia-que-debe-servir-a-la-comunidad\/"},"author":{"name":"Jairo Yate","@id":"https:\/\/exaudi.org\/#\/schema\/person\/0a445e18eeda8a4169db2546dec04b44"},"headline":"Una Iglesia que debe servir a la comunidad","datePublished":"2022-01-27T09:00:09+00:00","dateModified":"2022-01-27T10:34:02+00:00","mainEntityOfPage":{"@id":"https:\/\/exaudi.org\/es\/una-iglesia-que-debe-servir-a-la-comunidad\/"},"wordCount":977,"image":{"@id":"https:\/\/exaudi.org\/es\/una-iglesia-que-debe-servir-a-la-comunidad\/#primaryimage"},"thumbnailUrl":"https:\/\/exaudi.org\/wp-content\/uploads\/2022\/01\/cardaniepb-1579267418600-cathopic-scaled.jpg","keywords":["Comunidad","Iglesia cat\u00f3lica","papa francisco","Sagrada Escritura","Servicio","Trending"],"articleSection":["An\u00e1lisis"],"inLanguage":"es"},{"@type":"WebPage","@id":"https:\/\/exaudi.org\/es\/una-iglesia-que-debe-servir-a-la-comunidad\/","url":"https:\/\/exaudi.org\/es\/una-iglesia-que-debe-servir-a-la-comunidad\/","name":"Una Iglesia que debe servir a la comunidad &#8211; Exaudi","isPartOf":{"@id":"https:\/\/exaudi.org\/#website"},"primaryImageOfPage":{"@id":"https:\/\/exaudi.org\/es\/una-iglesia-que-debe-servir-a-la-comunidad\/#primaryimage"},"image":{"@id":"https:\/\/exaudi.org\/es\/una-iglesia-que-debe-servir-a-la-comunidad\/#primaryimage"},"thumbnailUrl":"https:\/\/exaudi.org\/wp-content\/uploads\/2022\/01\/cardaniepb-1579267418600-cathopic-scaled.jpg","datePublished":"2022-01-27T09:00:09+00:00","dateModified":"2022-01-27T10:34:02+00:00","author":{"@id":"https:\/\/exaudi.org\/#\/schema\/person\/0a445e18eeda8a4169db2546dec04b44"},"description":"El padre Jairo Yate, sacerdote y juez instructor ofrece esta reflexi\u00f3n sobre la importancia del servir a la comunidad en la Iglesia","breadcrumb":{"@id":"https:\/\/exaudi.org\/es\/una-iglesia-que-debe-servir-a-la-comunidad\/#breadcrumb"},"inLanguage":"es","potentialAction":[{"@type":"ReadAction","target":["https:\/\/exaudi.org\/es\/una-iglesia-que-debe-servir-a-la-comunidad\/"]}]},{"@type":"ImageObject","inLanguage":"es","@id":"https:\/\/exaudi.org\/es\/una-iglesia-que-debe-servir-a-la-comunidad\/#primaryimage","url":"https:\/\/exaudi.org\/wp-content\/uploads\/2022\/01\/cardaniepb-1579267418600-cathopic-scaled.jpg","contentUrl":"https:\/\/exaudi.org\/wp-content\/uploads\/2022\/01\/cardaniepb-1579267418600-cathopic-scaled.jpg","width":2560,"height":2048,"caption":"Servicio a la comunidad en la Iglesia \u00a9 Cathopic. Carlos Daniel"},{"@type":"BreadcrumbList","@id":"https:\/\/exaudi.org\/es\/una-iglesia-que-debe-servir-a-la-comunidad\/#breadcrumb","itemListElement":[{"@type":"ListItem","position":1,"name":"Portada","item":"https:\/\/exaudi.org\/es\/"},{"@type":"ListItem","position":2,"name":"Una Iglesia que debe servir a la comunidad"}]},{"@type":"WebSite","@id":"https:\/\/exaudi.org\/#website","url":"https:\/\/exaudi.org\/","name":"Exaudi","description":"News","potentialAction":[{"@type":"SearchAction","target":{"@type":"EntryPoint","urlTemplate":"https:\/\/exaudi.org\/?s={search_term_string}"},"query-input":{"@type":"PropertyValueSpecification","valueRequired":true,"valueName":"search_term_string"}}],"inLanguage":"es"},{"@type":"Person","@id":"https:\/\/exaudi.org\/#\/schema\/person\/0a445e18eeda8a4169db2546dec04b44","name":"Jairo Yate","image":{"@type":"ImageObject","inLanguage":"es","@id":"https:\/\/secure.gravatar.com\/avatar\/ebf148b228fd57b990e025e8ebec5910efc8cda0a662cd217e736dd113fd728f?s=96&d=mm&r=g","url":"https:\/\/secure.gravatar.com\/avatar\/ebf148b228fd57b990e025e8ebec5910efc8cda0a662cd217e736dd113fd728f?s=96&d=mm&r=g","contentUrl":"https:\/\/secure.gravatar.com\/avatar\/ebf148b228fd57b990e025e8ebec5910efc8cda0a662cd217e736dd113fd728f?s=96&d=mm&r=g","caption":"Jairo Yate"},"description":"El padre Jairo Yate Ram\u00edrez fue ordenado sacerdote el 23 de Noviembre 1985, incardinado a la arquidi\u00f3cesis de Ibagu\u00e9, Colombia. Licenciado en Teolog\u00eda Moral por Universidad Santa Croce, Roma, Italia. Diplomado en Derecho Can\u00f3nico. Juez Instructor Tribunal Eclesi\u00e1stico y Notario, arquidi\u00f3cesis de Ibagu\u00e9","url":"https:\/\/exaudi.org\/es\/author\/jyate\/"}]}},"jetpack_featured_media_url":"https:\/\/exaudi.org\/wp-content\/uploads\/2022\/01\/cardaniepb-1579267418600-cathopic-scaled.jpg","jetpack_shortlink":"https:\/\/wp.me\/pgKjF2-cTJ","_links":{"self":[{"href":"https:\/\/exaudi.org\/es\/wp-json\/wp\/v2\/posts\/49583","targetHints":{"allow":["GET"]}}],"collection":[{"href":"https:\/\/exaudi.org\/es\/wp-json\/wp\/v2\/posts"}],"about":[{"href":"https:\/\/exaudi.org\/es\/wp-json\/wp\/v2\/types\/post"}],"author":[{"embeddable":true,"href":"https:\/\/exaudi.org\/es\/wp-json\/wp\/v2\/users\/75"}],"replies":[{"embeddable":true,"href":"https:\/\/exaudi.org\/es\/wp-json\/wp\/v2\/comments?post=49583"}],"version-history":[{"count":0,"href":"https:\/\/exaudi.org\/es\/wp-json\/wp\/v2\/posts\/49583\/revisions"}],"wp:featuredmedia":[{"embeddable":true,"href":"https:\/\/exaudi.org\/es\/wp-json\/wp\/v2\/media\/49584"}],"wp:attachment":[{"href":"https:\/\/exaudi.org\/es\/wp-json\/wp\/v2\/media?parent=49583"}],"wp:term":[{"taxonomy":"category","embeddable":true,"href":"https:\/\/exaudi.org\/es\/wp-json\/wp\/v2\/categories?post=49583"},{"taxonomy":"post_tag","embeddable":true,"href":"https:\/\/exaudi.org\/es\/wp-json\/wp\/v2\/tags?post=49583"}],"curies":[{"name":"wp","href":"https:\/\/api.w.org\/{rel}","templated":true}]}}