{"id":49579,"date":"2022-01-24T08:00:52","date_gmt":"2022-01-24T07:00:52","guid":{"rendered":"https:\/\/exaudi.org\/?p=49579"},"modified":"2022-01-24T11:08:19","modified_gmt":"2022-01-24T10:08:19","slug":"teologia-para-millennials-australia-vs-djokovic","status":"publish","type":"post","link":"https:\/\/exaudi.org\/es\/teologia-para-millennials-australia-vs-djokovic\/","title":{"rendered":"Teolog\u00eda para Millennials: Australia vs Djokovic"},"content":{"rendered":"<p>Hoy, lunes 24 de enero de 2022, en \u201c<a href=\"https:\/\/teologiaparamillennials.com\/\">Teolog\u00eda para Millennials<\/a>\u201d, el sacerdote mexicano\u00a0<a href=\"https:\/\/exaudi.org\/es\/author\/padremarioarroyo\/\">Mario Arroyo Mart\u00ednez<\/a>, comparte con los lectores de Exaudi su art\u00edculo semanal titulado \u201cAustralia vs Djokovic\u201d.<\/p>\n<p>***<\/p>\n<p>La reciente deportaci\u00f3n del tenista n\u00famero 1 del mundo da mucho material para reflexionar. Hay muchos temas \u00e9ticos involucrados en este caso: la objeci\u00f3n de conciencia, la libre autodeterminaci\u00f3n, la seguridad social, la ejemplaridad. Digamos que el contencioso Djokovic vs Australia es una nueva concreci\u00f3n del cl\u00e1sico conflicto entre \u00e9tica de la convicci\u00f3n y \u00e9tica de la responsabilidad, y tambi\u00e9n un caso muy claro donde chocan la \u00e9tica personal con la \u00e9tica pol\u00edtica. Vamos a intentar desenmara\u00f1ar un poco esta complicada madeja moral.<\/p>\n<p>Primero de todo, mi reconocimiento a Djokovic, pues con esta firme determinaci\u00f3n de defender su conciencia, por encima de un torneo, del cual era el campe\u00f3n defensor, por encima de mantenerse en el primer lugar mundial de la ATP, por encima del jugoso premio al que renuncia, nos muestra el invaluable valor de la conciencia. Es testigo de c\u00f3mo la fidelidad a la propia conciencia est\u00e1 por encima de cualquier galard\u00f3n humano y, en ese aspecto, es inspirador como persona, tanto como lo es en cuanto deportista.<\/p>\n<p>No significa esto que la actitud de Djokovic sea la correcta; es decir, que lo adecuado sea ser anti-vacunas. Significa que la conciencia es el sagrario del hombre y no debe ser violada por ning\u00fan poder pol\u00edtico ni, en este caso, sanitario. Muy bien puede ser una actitud err\u00f3nea en su materialidad \u2013lo correcto ser\u00eda vacunarse-, pero la autoridad pol\u00edtica debe respetar la integridad de la conciencia, aunque corra el riesgo de estar equivocada. Es algo an\u00e1logo a lo que sucede con las transfusiones de sangre en los Testigos de Jehov\u00e1, \u00bfdebemos aplic\u00e1rselas, por su bien, aunque ellos no lo quieran? La comparaci\u00f3n no es del todo pertinente, porque hay un dejo de irracionalidad en el no aceptar transfusiones, mientras que ser anti-vacunas no necesariamente obedece a una actitud il\u00f3gica. Pero el tema de fondo es el respeto a las libres determinaciones de la conciencia.<\/p>\n<p>Ahora bien, Djokovic tiene derecho a no vacunarse, es una libre terminaci\u00f3n que ha tomado en conciencia y debe ser respetada. Pero tambi\u00e9n, el gobierno australiano tiene derecho a establecer que en Australia solo entran personas vacunadas. Es claro el enfrentamiento entre la \u00e9tica personal de Djokovic y la \u00e9tica pol\u00edtica de Australia. No es aqu\u00ed el lugar para desarrollar las semejanzas y diferencias entre ambas \u00e9ticas, pero s\u00ed cabe afirmar que no son lo mismo, o que lo \u00e9tico personalmente hablando no es ipso facto correcto pol\u00edticamente hablando y viceversa. Se enfrentan la \u00e9tica de la convicci\u00f3n de Djokovic con la \u00e9tica de la responsabilidad del gobierno australiano, que ha desestimado hacer una excepci\u00f3n en el caso del tenista, tambi\u00e9n por el car\u00e1cter ejemplar de la norma. No s\u00f3lo ser\u00eda permitir simplemente que una persona no vacunada entre al pa\u00eds para defender su t\u00edtulo de tenis, sino el mensaje que transmite: un gran l\u00edder y modelo que se opone a las vacunas y que se salta impunemente las reglas que rigen para todas las dem\u00e1s personas en Australia.<\/p>\n<p>Como se ve, hay una colisi\u00f3n entre las dos \u00e9ticas, entre los dos derechos, el derecho de Djokovic a seguir su propia conciencia y el de la autoridad australiana de decidir las condiciones requeridas para entrar en el pa\u00eds. \u00bfQu\u00e9 se hace usualmente cuando hay un conflicto de derechos? Se mira cual de ambos tiene la precedencia; y aqu\u00ed es donde puede radicar la parte m\u00e1s compleja del contencioso Djokovic vs Australia. \u00bfQu\u00e9 debe primar? \u00bfLa autodeterminaci\u00f3n de una persona, el no sufrir vejaciones por causa de su conciencia o la seguridad sanitaria de un pa\u00eds y su derecho a imponer reglas? No debemos olvidar tampoco el car\u00e1cter ejemplar, en ambos sentidos, que tiene la toma de cualquier decisi\u00f3n.<\/p>\n<p>Pienso que aqu\u00ed cabe hacer una distinci\u00f3n. Prevalecer\u00eda el derecho de Djokovic si fuera obligado a actuar en contra de su conciencia. Pienso que ning\u00fan poder pol\u00edtico tiene la autoridad para obligar a actuar en contra de la conciencia sana de alguien. Pero Djokovic no ha sido obligado a actuar en contra de su conciencia, simplemente se ha limitado a pagar las consecuencias de su propia determinaci\u00f3n, un valor alto y por eso lo reconocemos, pero tambi\u00e9n aceptamos el derecho que el gobierno de Australia tiene de poner requisitos para entrar en su territorio.<\/p>\n","protected":false},"excerpt":{"rendered":"<p>Hay muchos temas \u00e9ticos involucrados en este caso<\/p>\n","protected":false},"author":22,"featured_media":49580,"comment_status":"closed","ping_status":"closed","sticky":false,"template":"","format":"standard","meta":{"_acf_changed":false,"_crdt_document":"","inline_featured_image":false,"footnotes":""},"categories":[130],"tags":[5592,459,4953],"class_list":["post-49579","post","type-post","status-publish","format-standard","has-post-thumbnail","hentry","category-voces","tag-djokovic","tag-teologia-para-millennials","tag-trending-es"],"acf":[],"yoast_head":"<!-- This site is optimized with the Yoast SEO plugin v27.4 - https:\/\/yoast.com\/product\/yoast-seo-wordpress\/ -->\n<title>Teolog\u00eda para Millennials: Australia vs Djokovic &#8211; Exaudi<\/title>\n<meta name=\"description\" content=\"El padre Mario Arroyo ofrece su art\u00edculo semanal titulado \u201cAustralia vs Djokovic\u201d donde reflexiona sobre la deportaci\u00f3n del tenista.\" \/>\n<meta name=\"robots\" content=\"index, follow, max-snippet:-1, max-image-preview:large, max-video-preview:-1\" \/>\n<link rel=\"canonical\" href=\"https:\/\/exaudi.org\/es\/teologia-para-millennials-australia-vs-djokovic\/\" \/>\n<meta property=\"og:locale\" content=\"es_ES\" \/>\n<meta property=\"og:type\" content=\"article\" \/>\n<meta property=\"og:title\" content=\"Teolog\u00eda para Millennials: Australia vs Djokovic &#8211; Exaudi\" \/>\n<meta property=\"og:description\" content=\"El padre Mario Arroyo ofrece su art\u00edculo semanal titulado \u201cAustralia vs Djokovic\u201d donde reflexiona sobre la deportaci\u00f3n del tenista.\" \/>\n<meta property=\"og:url\" content=\"https:\/\/exaudi.org\/es\/teologia-para-millennials-australia-vs-djokovic\/\" \/>\n<meta property=\"og:site_name\" content=\"Exaudi\" \/>\n<meta property=\"article:publisher\" content=\"https:\/\/www.facebook.com\/ExaudiNews\" \/>\n<meta property=\"article:published_time\" content=\"2022-01-24T07:00:52+00:00\" \/>\n<meta property=\"article:modified_time\" content=\"2022-01-24T10:08:19+00:00\" \/>\n<meta property=\"og:image\" content=\"https:\/\/exaudi.org\/wp-content\/uploads\/2022\/01\/Disen\u0303o-sin-ti\u0301tulo-32.jpg\" \/>\n\t<meta property=\"og:image:width\" content=\"1500\" \/>\n\t<meta property=\"og:image:height\" content=\"1000\" \/>\n\t<meta property=\"og:image:type\" content=\"image\/jpeg\" \/>\n<meta name=\"author\" content=\"Mario Arroyo\" \/>\n<meta name=\"twitter:card\" content=\"summary_large_image\" \/>\n<meta name=\"twitter:creator\" content=\"@Exaudi_News\" \/>\n<meta name=\"twitter:site\" content=\"@Exaudi_News\" \/>\n<meta name=\"twitter:label1\" content=\"Escrito por\" \/>\n\t<meta name=\"twitter:data1\" content=\"Mario Arroyo\" \/>\n\t<meta name=\"twitter:label2\" content=\"Tiempo de lectura\" \/>\n\t<meta name=\"twitter:data2\" content=\"4 minutos\" \/>\n<script type=\"application\/ld+json\" class=\"yoast-schema-graph\">{\"@context\":\"https:\\\/\\\/schema.org\",\"@graph\":[{\"@type\":\"Article\",\"@id\":\"https:\\\/\\\/exaudi.org\\\/es\\\/teologia-para-millennials-australia-vs-djokovic\\\/#article\",\"isPartOf\":{\"@id\":\"https:\\\/\\\/exaudi.org\\\/es\\\/teologia-para-millennials-australia-vs-djokovic\\\/\"},\"author\":{\"name\":\"Mario Arroyo\",\"@id\":\"https:\\\/\\\/exaudi.org\\\/#\\\/schema\\\/person\\\/2195e6e643f4a07a343345d49e4e6985\"},\"headline\":\"Teolog\u00eda para Millennials: Australia vs Djokovic\",\"datePublished\":\"2022-01-24T07:00:52+00:00\",\"dateModified\":\"2022-01-24T10:08:19+00:00\",\"mainEntityOfPage\":{\"@id\":\"https:\\\/\\\/exaudi.org\\\/es\\\/teologia-para-millennials-australia-vs-djokovic\\\/\"},\"wordCount\":794,\"image\":{\"@id\":\"https:\\\/\\\/exaudi.org\\\/es\\\/teologia-para-millennials-australia-vs-djokovic\\\/#primaryimage\"},\"thumbnailUrl\":\"https:\\\/\\\/exaudi.org\\\/wp-content\\\/uploads\\\/2022\\\/01\\\/Disen\u0303o-sin-ti\u0301tulo-32.jpg\",\"keywords\":[\"Djokovic\",\"Teolog\u00eda para Millennials\",\"Trending\"],\"articleSection\":[\"Voces\"],\"inLanguage\":\"es\"},{\"@type\":\"WebPage\",\"@id\":\"https:\\\/\\\/exaudi.org\\\/es\\\/teologia-para-millennials-australia-vs-djokovic\\\/\",\"url\":\"https:\\\/\\\/exaudi.org\\\/es\\\/teologia-para-millennials-australia-vs-djokovic\\\/\",\"name\":\"Teolog\u00eda para Millennials: Australia vs Djokovic &#8211; Exaudi\",\"isPartOf\":{\"@id\":\"https:\\\/\\\/exaudi.org\\\/#website\"},\"primaryImageOfPage\":{\"@id\":\"https:\\\/\\\/exaudi.org\\\/es\\\/teologia-para-millennials-australia-vs-djokovic\\\/#primaryimage\"},\"image\":{\"@id\":\"https:\\\/\\\/exaudi.org\\\/es\\\/teologia-para-millennials-australia-vs-djokovic\\\/#primaryimage\"},\"thumbnailUrl\":\"https:\\\/\\\/exaudi.org\\\/wp-content\\\/uploads\\\/2022\\\/01\\\/Disen\u0303o-sin-ti\u0301tulo-32.jpg\",\"datePublished\":\"2022-01-24T07:00:52+00:00\",\"dateModified\":\"2022-01-24T10:08:19+00:00\",\"author\":{\"@id\":\"https:\\\/\\\/exaudi.org\\\/#\\\/schema\\\/person\\\/2195e6e643f4a07a343345d49e4e6985\"},\"description\":\"El padre Mario Arroyo ofrece su art\u00edculo semanal titulado \u201cAustralia vs Djokovic\u201d donde reflexiona sobre la deportaci\u00f3n del tenista.\",\"breadcrumb\":{\"@id\":\"https:\\\/\\\/exaudi.org\\\/es\\\/teologia-para-millennials-australia-vs-djokovic\\\/#breadcrumb\"},\"inLanguage\":\"es\",\"potentialAction\":[{\"@type\":\"ReadAction\",\"target\":[\"https:\\\/\\\/exaudi.org\\\/es\\\/teologia-para-millennials-australia-vs-djokovic\\\/\"]}]},{\"@type\":\"ImageObject\",\"inLanguage\":\"es\",\"@id\":\"https:\\\/\\\/exaudi.org\\\/es\\\/teologia-para-millennials-australia-vs-djokovic\\\/#primaryimage\",\"url\":\"https:\\\/\\\/exaudi.org\\\/wp-content\\\/uploads\\\/2022\\\/01\\\/Disen\u0303o-sin-ti\u0301tulo-32.jpg\",\"contentUrl\":\"https:\\\/\\\/exaudi.org\\\/wp-content\\\/uploads\\\/2022\\\/01\\\/Disen\u0303o-sin-ti\u0301tulo-32.jpg\",\"width\":1500,\"height\":1000,\"caption\":\"Partido de tenis \u00a9 Canva\"},{\"@type\":\"BreadcrumbList\",\"@id\":\"https:\\\/\\\/exaudi.org\\\/es\\\/teologia-para-millennials-australia-vs-djokovic\\\/#breadcrumb\",\"itemListElement\":[{\"@type\":\"ListItem\",\"position\":1,\"name\":\"Portada\",\"item\":\"https:\\\/\\\/exaudi.org\\\/es\\\/\"},{\"@type\":\"ListItem\",\"position\":2,\"name\":\"Teolog\u00eda para Millennials: Australia vs Djokovic\"}]},{\"@type\":\"WebSite\",\"@id\":\"https:\\\/\\\/exaudi.org\\\/#website\",\"url\":\"https:\\\/\\\/exaudi.org\\\/\",\"name\":\"Exaudi\",\"description\":\"News\",\"potentialAction\":[{\"@type\":\"SearchAction\",\"target\":{\"@type\":\"EntryPoint\",\"urlTemplate\":\"https:\\\/\\\/exaudi.org\\\/?s={search_term_string}\"},\"query-input\":{\"@type\":\"PropertyValueSpecification\",\"valueRequired\":true,\"valueName\":\"search_term_string\"}}],\"inLanguage\":\"es\"},{\"@type\":\"Person\",\"@id\":\"https:\\\/\\\/exaudi.org\\\/#\\\/schema\\\/person\\\/2195e6e643f4a07a343345d49e4e6985\",\"name\":\"Mario Arroyo\",\"image\":{\"@type\":\"ImageObject\",\"inLanguage\":\"es\",\"@id\":\"https:\\\/\\\/secure.gravatar.com\\\/avatar\\\/0e2dddc1d3bf207409f5b4d542cef9a9955ad497448376a1621fcb1df592d137?s=96&d=mm&r=g\",\"url\":\"https:\\\/\\\/secure.gravatar.com\\\/avatar\\\/0e2dddc1d3bf207409f5b4d542cef9a9955ad497448376a1621fcb1df592d137?s=96&d=mm&r=g\",\"contentUrl\":\"https:\\\/\\\/secure.gravatar.com\\\/avatar\\\/0e2dddc1d3bf207409f5b4d542cef9a9955ad497448376a1621fcb1df592d137?s=96&d=mm&r=g\",\"caption\":\"Mario Arroyo\"},\"description\":\"Licenciado en Filosof\u00eda por la Universidad Panamericana, M\u00e9xico 1996, ostenta el bachiller en Teolog\u00eda por la Pontificia Universidad de la Santa Cruz, Roma 1999. Doctor en Filosof\u00eda por la Pontificia Universidad de la Santa Cruz, Roma 2002. Ordenado sacerdote en Torreciudad, Espa\u00f1a, en 2002. Autor de: Poder, Dinero y Santidad, Lima 2012; Ciencia y Fe. Un equilibrio posible, UCSS, Lima 2015; Ciencia y Fe. Situaci\u00f3n actual, Facultad de Teolog\u00eda Pontificia y Civil de Lima, Lima 2016; La Iglesia y los Homosexuales. Un falso conflicto, Facultad de Teolog\u00eda Pontificia y Civil de Lima, Lima 2017. Coautor de Dios Busca al Hombre, CDSCO, Lima 2013; Neurona mata esp\u00edritu, Amazon, Lima 2018; Teolog\u00eda para Millennials, Amazon, Lima 2018. El padre Mario es columnista de los portales peruanos Cr\u00f3nica Viva, La abeja y Lucidez, as\u00ed como de los peri\u00f3dicos mexicanos Mural, Expreso, del portal mexicano Vox Fides y de ZENIT. Capell\u00e1n de la Universidad de Piura, Campus de Lima durante los cursos 2017 y 2018. Actualmente, profesor de Teolog\u00eda en la Universidad Panamericana, Ciudad de M\u00e9xico.\",\"url\":\"https:\\\/\\\/exaudi.org\\\/es\\\/author\\\/padremarioarroyo\\\/\"}]}<\/script>\n<!-- \/ Yoast SEO plugin. -->","yoast_head_json":{"title":"Teolog\u00eda para Millennials: Australia vs Djokovic &#8211; Exaudi","description":"El padre Mario Arroyo ofrece su art\u00edculo semanal titulado \u201cAustralia vs Djokovic\u201d donde reflexiona sobre la deportaci\u00f3n del tenista.","robots":{"index":"index","follow":"follow","max-snippet":"max-snippet:-1","max-image-preview":"max-image-preview:large","max-video-preview":"max-video-preview:-1"},"canonical":"https:\/\/exaudi.org\/es\/teologia-para-millennials-australia-vs-djokovic\/","og_locale":"es_ES","og_type":"article","og_title":"Teolog\u00eda para Millennials: Australia vs Djokovic &#8211; Exaudi","og_description":"El padre Mario Arroyo ofrece su art\u00edculo semanal titulado \u201cAustralia vs Djokovic\u201d donde reflexiona sobre la deportaci\u00f3n del tenista.","og_url":"https:\/\/exaudi.org\/es\/teologia-para-millennials-australia-vs-djokovic\/","og_site_name":"Exaudi","article_publisher":"https:\/\/www.facebook.com\/ExaudiNews","article_published_time":"2022-01-24T07:00:52+00:00","article_modified_time":"2022-01-24T10:08:19+00:00","og_image":[{"width":1500,"height":1000,"url":"https:\/\/exaudi.org\/wp-content\/uploads\/2022\/01\/Disen\u0303o-sin-ti\u0301tulo-32.jpg","type":"image\/jpeg"}],"author":"Mario Arroyo","twitter_card":"summary_large_image","twitter_creator":"@Exaudi_News","twitter_site":"@Exaudi_News","twitter_misc":{"Escrito por":"Mario Arroyo","Tiempo de lectura":"4 minutos"},"schema":{"@context":"https:\/\/schema.org","@graph":[{"@type":"Article","@id":"https:\/\/exaudi.org\/es\/teologia-para-millennials-australia-vs-djokovic\/#article","isPartOf":{"@id":"https:\/\/exaudi.org\/es\/teologia-para-millennials-australia-vs-djokovic\/"},"author":{"name":"Mario Arroyo","@id":"https:\/\/exaudi.org\/#\/schema\/person\/2195e6e643f4a07a343345d49e4e6985"},"headline":"Teolog\u00eda para Millennials: Australia vs Djokovic","datePublished":"2022-01-24T07:00:52+00:00","dateModified":"2022-01-24T10:08:19+00:00","mainEntityOfPage":{"@id":"https:\/\/exaudi.org\/es\/teologia-para-millennials-australia-vs-djokovic\/"},"wordCount":794,"image":{"@id":"https:\/\/exaudi.org\/es\/teologia-para-millennials-australia-vs-djokovic\/#primaryimage"},"thumbnailUrl":"https:\/\/exaudi.org\/wp-content\/uploads\/2022\/01\/Disen\u0303o-sin-ti\u0301tulo-32.jpg","keywords":["Djokovic","Teolog\u00eda para Millennials","Trending"],"articleSection":["Voces"],"inLanguage":"es"},{"@type":"WebPage","@id":"https:\/\/exaudi.org\/es\/teologia-para-millennials-australia-vs-djokovic\/","url":"https:\/\/exaudi.org\/es\/teologia-para-millennials-australia-vs-djokovic\/","name":"Teolog\u00eda para Millennials: Australia vs Djokovic &#8211; Exaudi","isPartOf":{"@id":"https:\/\/exaudi.org\/#website"},"primaryImageOfPage":{"@id":"https:\/\/exaudi.org\/es\/teologia-para-millennials-australia-vs-djokovic\/#primaryimage"},"image":{"@id":"https:\/\/exaudi.org\/es\/teologia-para-millennials-australia-vs-djokovic\/#primaryimage"},"thumbnailUrl":"https:\/\/exaudi.org\/wp-content\/uploads\/2022\/01\/Disen\u0303o-sin-ti\u0301tulo-32.jpg","datePublished":"2022-01-24T07:00:52+00:00","dateModified":"2022-01-24T10:08:19+00:00","author":{"@id":"https:\/\/exaudi.org\/#\/schema\/person\/2195e6e643f4a07a343345d49e4e6985"},"description":"El padre Mario Arroyo ofrece su art\u00edculo semanal titulado \u201cAustralia vs Djokovic\u201d donde reflexiona sobre la deportaci\u00f3n del tenista.","breadcrumb":{"@id":"https:\/\/exaudi.org\/es\/teologia-para-millennials-australia-vs-djokovic\/#breadcrumb"},"inLanguage":"es","potentialAction":[{"@type":"ReadAction","target":["https:\/\/exaudi.org\/es\/teologia-para-millennials-australia-vs-djokovic\/"]}]},{"@type":"ImageObject","inLanguage":"es","@id":"https:\/\/exaudi.org\/es\/teologia-para-millennials-australia-vs-djokovic\/#primaryimage","url":"https:\/\/exaudi.org\/wp-content\/uploads\/2022\/01\/Disen\u0303o-sin-ti\u0301tulo-32.jpg","contentUrl":"https:\/\/exaudi.org\/wp-content\/uploads\/2022\/01\/Disen\u0303o-sin-ti\u0301tulo-32.jpg","width":1500,"height":1000,"caption":"Partido de tenis \u00a9 Canva"},{"@type":"BreadcrumbList","@id":"https:\/\/exaudi.org\/es\/teologia-para-millennials-australia-vs-djokovic\/#breadcrumb","itemListElement":[{"@type":"ListItem","position":1,"name":"Portada","item":"https:\/\/exaudi.org\/es\/"},{"@type":"ListItem","position":2,"name":"Teolog\u00eda para Millennials: Australia vs Djokovic"}]},{"@type":"WebSite","@id":"https:\/\/exaudi.org\/#website","url":"https:\/\/exaudi.org\/","name":"Exaudi","description":"News","potentialAction":[{"@type":"SearchAction","target":{"@type":"EntryPoint","urlTemplate":"https:\/\/exaudi.org\/?s={search_term_string}"},"query-input":{"@type":"PropertyValueSpecification","valueRequired":true,"valueName":"search_term_string"}}],"inLanguage":"es"},{"@type":"Person","@id":"https:\/\/exaudi.org\/#\/schema\/person\/2195e6e643f4a07a343345d49e4e6985","name":"Mario Arroyo","image":{"@type":"ImageObject","inLanguage":"es","@id":"https:\/\/secure.gravatar.com\/avatar\/0e2dddc1d3bf207409f5b4d542cef9a9955ad497448376a1621fcb1df592d137?s=96&d=mm&r=g","url":"https:\/\/secure.gravatar.com\/avatar\/0e2dddc1d3bf207409f5b4d542cef9a9955ad497448376a1621fcb1df592d137?s=96&d=mm&r=g","contentUrl":"https:\/\/secure.gravatar.com\/avatar\/0e2dddc1d3bf207409f5b4d542cef9a9955ad497448376a1621fcb1df592d137?s=96&d=mm&r=g","caption":"Mario Arroyo"},"description":"Licenciado en Filosof\u00eda por la Universidad Panamericana, M\u00e9xico 1996, ostenta el bachiller en Teolog\u00eda por la Pontificia Universidad de la Santa Cruz, Roma 1999. Doctor en Filosof\u00eda por la Pontificia Universidad de la Santa Cruz, Roma 2002. Ordenado sacerdote en Torreciudad, Espa\u00f1a, en 2002. Autor de: Poder, Dinero y Santidad, Lima 2012; Ciencia y Fe. Un equilibrio posible, UCSS, Lima 2015; Ciencia y Fe. Situaci\u00f3n actual, Facultad de Teolog\u00eda Pontificia y Civil de Lima, Lima 2016; La Iglesia y los Homosexuales. Un falso conflicto, Facultad de Teolog\u00eda Pontificia y Civil de Lima, Lima 2017. Coautor de Dios Busca al Hombre, CDSCO, Lima 2013; Neurona mata esp\u00edritu, Amazon, Lima 2018; Teolog\u00eda para Millennials, Amazon, Lima 2018. El padre Mario es columnista de los portales peruanos Cr\u00f3nica Viva, La abeja y Lucidez, as\u00ed como de los peri\u00f3dicos mexicanos Mural, Expreso, del portal mexicano Vox Fides y de ZENIT. Capell\u00e1n de la Universidad de Piura, Campus de Lima durante los cursos 2017 y 2018. Actualmente, profesor de Teolog\u00eda en la Universidad Panamericana, Ciudad de M\u00e9xico.","url":"https:\/\/exaudi.org\/es\/author\/padremarioarroyo\/"}]}},"jetpack_featured_media_url":"https:\/\/exaudi.org\/wp-content\/uploads\/2022\/01\/Disen\u0303o-sin-ti\u0301tulo-32.jpg","jetpack_shortlink":"https:\/\/wp.me\/pgKjF2-cTF","_links":{"self":[{"href":"https:\/\/exaudi.org\/es\/wp-json\/wp\/v2\/posts\/49579","targetHints":{"allow":["GET"]}}],"collection":[{"href":"https:\/\/exaudi.org\/es\/wp-json\/wp\/v2\/posts"}],"about":[{"href":"https:\/\/exaudi.org\/es\/wp-json\/wp\/v2\/types\/post"}],"author":[{"embeddable":true,"href":"https:\/\/exaudi.org\/es\/wp-json\/wp\/v2\/users\/22"}],"replies":[{"embeddable":true,"href":"https:\/\/exaudi.org\/es\/wp-json\/wp\/v2\/comments?post=49579"}],"version-history":[{"count":0,"href":"https:\/\/exaudi.org\/es\/wp-json\/wp\/v2\/posts\/49579\/revisions"}],"wp:featuredmedia":[{"embeddable":true,"href":"https:\/\/exaudi.org\/es\/wp-json\/wp\/v2\/media\/49580"}],"wp:attachment":[{"href":"https:\/\/exaudi.org\/es\/wp-json\/wp\/v2\/media?parent=49579"}],"wp:term":[{"taxonomy":"category","embeddable":true,"href":"https:\/\/exaudi.org\/es\/wp-json\/wp\/v2\/categories?post=49579"},{"taxonomy":"post_tag","embeddable":true,"href":"https:\/\/exaudi.org\/es\/wp-json\/wp\/v2\/tags?post=49579"}],"curies":[{"name":"wp","href":"https:\/\/api.w.org\/{rel}","templated":true}]}}