{"id":49575,"date":"2022-01-23T08:00:18","date_gmt":"2022-01-23T07:00:18","guid":{"rendered":"https:\/\/exaudi.org\/?p=49575"},"modified":"2022-01-23T11:06:36","modified_gmt":"2022-01-23T10:06:36","slug":"hoy-se-cumple-esta-escritura-comentario-del-padre-jorge-miro","status":"publish","type":"post","link":"https:\/\/exaudi.org\/es\/hoy-se-cumple-esta-escritura-comentario-del-padre-jorge-miro\/","title":{"rendered":"Hoy se cumple esta Escritura: Comentario del padre Jorge Mir\u00f3"},"content":{"rendered":"<p><a href=\"https:\/\/exaudi.org\/es\/author\/jorgemiro\/\">El padre Jorge Mir\u00f3<\/a> comparte con los lectores de Exaudi su comentario sobre el Evangelio de hoy, 23 de enero de 2022 titulado \u201cHoy se cumple esta Escritura\u201d.<\/p>\n<p>***<\/p>\n<p>La Palabra de Dios es el centro de la liturgia de hoy: Tus palabras, Se\u00f1or, son esp\u00edritu y vida, hemos cantado en el Salmo. Hoy celebramos el domingo de la Palabra de Dios, establecido para celebrar y acoger cada vez mejor el don que Dios nos ha dado y da cada d\u00eda de su Palabra a su Pueblo <em>(Francisco, 26-I-2020). <\/em>La liturgia nos invita a escuchar con gozo la Palabra de Dios. Palabra que nos muestra el camino de la salvaci\u00f3n.<\/p>\n<p>Dios nos habla por medio de su Palabra, que es palabra de vida, de amor, de salvaci\u00f3n. Nosotros recibimos la Palabra en la Iglesia. Acoger confiadamente la Palabra de Dios y vivir en la Iglesia son dos pilares b\u00e1sicos en la vida del cristiano: nadie puede tener a Dios por padre si no tiene a la Iglesia por madre <em>(San Cipriano).<\/em><\/p>\n<p>Las lecturas presentan tres personajes. Primero, Esdras, que convoca a la comunidad para que escuche la <a href=\"https:\/\/exaudi.org\/es\/el-papa-presidira-celebracion-del-iii-domingo-palabra-dios\/\" target=\"_blank\" rel=\"noopener\">Palabra de Dios<\/a> y haga fiesta. Esta Palabra, escuchada con o\u00eddo atento y acogida con un coraz\u00f3n humilde da fruto: hace brotar l\u00e1grimas de aut\u00e9ntica conversi\u00f3n. Pero l\u00e1grimas compungidas que no llevan a la desesperaci\u00f3n sino a la alegr\u00eda agradecida de experimentar la salvaci\u00f3n gratuita que Dios nos regala.<\/p>\n<p>Despu\u00e9s, Pablo nos muestra c\u00f3mo la Palabra nos congrega como pueblo de Dios, y nos explica que Cristo y nosotros formamos un solo cuerpo. Jes\u00fas te llama a vivir la fe en la Iglesia. No hemos sido creados para la soledad, sino para la relaci\u00f3n, la comuni\u00f3n y la donaci\u00f3n. En la Iglesia todos tenemos un compromiso y una tarea. Y, hoy, la Palabra de Dios te invita a tomar conciencia de tu papel en la Iglesia: t\u00fa eres importante, porque t\u00fa eres Iglesia. Todos los carismas, todos los dones que el Esp\u00edritu te ha dado son necesarios.<\/p>\n<p>Necesarios no para lucirte y acabar rob\u00e1ndole la gloria a Dios. Necesarios para la misi\u00f3n que el Se\u00f1or te encomienda. No la que t\u00fa proyectas, sino la que el Se\u00f1or te encomienda. La comparaci\u00f3n de la Iglesia con el cuerpo ilumina la relaci\u00f3n \u00edntima entre la Iglesia y Cristo. No est\u00e1 solamente reunida en torno a \u00c9l: siempre est\u00e1 unificada en \u00c9l, en su Cuerpo. Los creyentes que responden a la Palabra de Dios y se hacen miembros del Cuerpo de Cristo, quedan estrechamente unidos a Cristo.<\/p>\n<p>Pero la unidad del cuerpo no ha abolido la diversidad de los miembros: En la construcci\u00f3n del Cuerpo de Cristo existe una diversidad de miembros y de funciones. Es el mismo Esp\u00edritu el que, seg\u00fan su riqueza y las necesidades de los ministerios, distribuye sus diversos dones para el bien de la Iglesia <em>(cf. Catecismo 789-791).<\/em><\/p>\n<p>La Iglesia prolonga en la historia la presencia del Se\u00f1or resucitado, especialmente mediante los sacramentos, la Palabra de Dios, los carismas y los ministerios distribuidos en la comunidad. Por eso, precisamente en Cristo y en el Esp\u00edritu la Iglesia es una y santa, es decir, una \u00edntima comuni\u00f3n que trasciende las capacidades humanas y las sostiene<em> (cf. Benedicto XVI, \u00c1ngelus, 24-I-2010).<\/em><\/p>\n<p>Finalmente, Jes\u00fas, en la sinagoga de Nazaret, comienza su predicaci\u00f3n anunciando a sus paisanos que en \u00e9l se cumplen las antiguas profec\u00edas sobre el Mes\u00edas esperado. \u00c9l, ungido por el Esp\u00edritu Santo, ha sido enviado a evangelizar a los pobres, a proclamar a los cautivos la libertad, y a los ciegos, la vista; a poner en libertad a los oprimidos; a proclamar el a\u00f1o de gracia del Se\u00f1or. Esta escena es como el programa de lo que va a ser el ministerio de Jes\u00fas. Tambi\u00e9n anuncia el camino futuro de la Iglesia.<\/p>\n<p>El hoy, proclamado por Cristo aquel d\u00eda, vale para todos los tiempos y nos anuncia que Jesucristo es el Se\u00f1or, el Salvador, y que su palabra tiene poder: Jes\u00fas volvi\u00f3 a Galilea, con la fuerza del Esp\u00edritu. Es una palabra eficaz que se cumple en el coraz\u00f3n del que la acoge. Si hoy escuchas la voz del Se\u00f1or, no dejes que se endurezca tu coraz\u00f3n. Si crees, \u00a1ver\u00e1s la gloria de Dios!<\/p>\n<p>\u00a1Animo! \u00a1Acepta el reto! Dios te quiere unido con amor a la Iglesia, Dios te quiere trabajando en ella, con ella y por ella. Dios quiere que seas un cristiano vivo d\u00f3cil al Esp\u00edritu. \u00bfTe animas?<\/p>\n","protected":false},"excerpt":{"rendered":"<p>Hoy celebramos el domingo de la Palabra de Dios<\/p>\n","protected":false},"author":20,"featured_media":49576,"comment_status":"closed","ping_status":"closed","sticky":false,"template":"","format":"standard","meta":{"_acf_changed":false,"_crdt_document":"","inline_featured_image":false,"footnotes":""},"categories":[96],"tags":[5248,5567],"class_list":["post-49575","post","type-post","status-publish","format-standard","has-post-thumbnail","hentry","category-espiritualidad","tag-comentario-padre-jorge-miro","tag-domingo-de-la-palabra-de-dios"],"acf":[],"yoast_head":"<!-- This site is optimized with the Yoast SEO plugin v27.5 - https:\/\/yoast.com\/product\/yoast-seo-wordpress\/ -->\n<title>Hoy se cumple esta Escritura: Comentario del padre Jorge Mir\u00f3 &#8211; Exaudi<\/title>\n<meta name=\"description\" content=\"El padre Jorge Mir\u00f3 comparte con los lectores de Exaudi su comentario sobre el Evangelio titulado \u201cHoy se cumple esta Escritura\u201d.\" \/>\n<meta name=\"robots\" content=\"index, follow, max-snippet:-1, max-image-preview:large, max-video-preview:-1\" \/>\n<link rel=\"canonical\" href=\"https:\/\/exaudi.org\/es\/hoy-se-cumple-esta-escritura-comentario-del-padre-jorge-miro\/\" \/>\n<meta property=\"og:locale\" content=\"es_ES\" \/>\n<meta property=\"og:type\" content=\"article\" \/>\n<meta property=\"og:title\" content=\"Hoy se cumple esta Escritura: Comentario del padre Jorge Mir\u00f3 &#8211; Exaudi\" \/>\n<meta property=\"og:description\" content=\"El padre Jorge Mir\u00f3 comparte con los lectores de Exaudi su comentario sobre el Evangelio titulado \u201cHoy se cumple esta Escritura\u201d.\" \/>\n<meta property=\"og:url\" content=\"https:\/\/exaudi.org\/es\/hoy-se-cumple-esta-escritura-comentario-del-padre-jorge-miro\/\" \/>\n<meta property=\"og:site_name\" content=\"Exaudi\" \/>\n<meta property=\"article:publisher\" content=\"https:\/\/www.facebook.com\/ExaudiNews\" \/>\n<meta property=\"article:published_time\" content=\"2022-01-23T07:00:18+00:00\" \/>\n<meta property=\"article:modified_time\" content=\"2022-01-23T10:06:36+00:00\" \/>\n<meta property=\"og:image\" content=\"https:\/\/exaudi.org\/wp-content\/uploads\/2022\/01\/Disen\u0303o-sin-ti\u0301tulo-31.jpg\" \/>\n\t<meta property=\"og:image:width\" content=\"1500\" \/>\n\t<meta property=\"og:image:height\" content=\"1000\" \/>\n\t<meta property=\"og:image:type\" content=\"image\/jpeg\" \/>\n<meta name=\"author\" content=\"Jorge Mir\u00f3\" \/>\n<meta name=\"twitter:card\" content=\"summary_large_image\" \/>\n<meta name=\"twitter:creator\" content=\"@Exaudi_News\" \/>\n<meta name=\"twitter:site\" content=\"@Exaudi_News\" \/>\n<meta name=\"twitter:label1\" content=\"Escrito por\" \/>\n\t<meta name=\"twitter:data1\" content=\"Jorge Mir\u00f3\" \/>\n\t<meta name=\"twitter:label2\" content=\"Tiempo de lectura\" \/>\n\t<meta name=\"twitter:data2\" content=\"4 minutos\" \/>\n<script type=\"application\/ld+json\" class=\"yoast-schema-graph\">{\"@context\":\"https:\\\/\\\/schema.org\",\"@graph\":[{\"@type\":\"Article\",\"@id\":\"https:\\\/\\\/exaudi.org\\\/es\\\/hoy-se-cumple-esta-escritura-comentario-del-padre-jorge-miro\\\/#article\",\"isPartOf\":{\"@id\":\"https:\\\/\\\/exaudi.org\\\/es\\\/hoy-se-cumple-esta-escritura-comentario-del-padre-jorge-miro\\\/\"},\"author\":{\"name\":\"Jorge Mir\u00f3\",\"@id\":\"https:\\\/\\\/exaudi.org\\\/#\\\/schema\\\/person\\\/a258c56b05e63b2b367bdca29e0ed3e3\"},\"headline\":\"Hoy se cumple esta Escritura: Comentario del padre Jorge Mir\u00f3\",\"datePublished\":\"2022-01-23T07:00:18+00:00\",\"dateModified\":\"2022-01-23T10:06:36+00:00\",\"mainEntityOfPage\":{\"@id\":\"https:\\\/\\\/exaudi.org\\\/es\\\/hoy-se-cumple-esta-escritura-comentario-del-padre-jorge-miro\\\/\"},\"wordCount\":798,\"image\":{\"@id\":\"https:\\\/\\\/exaudi.org\\\/es\\\/hoy-se-cumple-esta-escritura-comentario-del-padre-jorge-miro\\\/#primaryimage\"},\"thumbnailUrl\":\"https:\\\/\\\/exaudi.org\\\/wp-content\\\/uploads\\\/2022\\\/01\\\/Disen\u0303o-sin-ti\u0301tulo-31.jpg\",\"keywords\":[\"Comentario padre Jorge Mir\u00f3\",\"Domingo de la Palabra de Dios\"],\"articleSection\":[\"Espiritualidad\"],\"inLanguage\":\"es\"},{\"@type\":\"WebPage\",\"@id\":\"https:\\\/\\\/exaudi.org\\\/es\\\/hoy-se-cumple-esta-escritura-comentario-del-padre-jorge-miro\\\/\",\"url\":\"https:\\\/\\\/exaudi.org\\\/es\\\/hoy-se-cumple-esta-escritura-comentario-del-padre-jorge-miro\\\/\",\"name\":\"Hoy se cumple esta Escritura: Comentario del padre Jorge Mir\u00f3 &#8211; Exaudi\",\"isPartOf\":{\"@id\":\"https:\\\/\\\/exaudi.org\\\/#website\"},\"primaryImageOfPage\":{\"@id\":\"https:\\\/\\\/exaudi.org\\\/es\\\/hoy-se-cumple-esta-escritura-comentario-del-padre-jorge-miro\\\/#primaryimage\"},\"image\":{\"@id\":\"https:\\\/\\\/exaudi.org\\\/es\\\/hoy-se-cumple-esta-escritura-comentario-del-padre-jorge-miro\\\/#primaryimage\"},\"thumbnailUrl\":\"https:\\\/\\\/exaudi.org\\\/wp-content\\\/uploads\\\/2022\\\/01\\\/Disen\u0303o-sin-ti\u0301tulo-31.jpg\",\"datePublished\":\"2022-01-23T07:00:18+00:00\",\"dateModified\":\"2022-01-23T10:06:36+00:00\",\"author\":{\"@id\":\"https:\\\/\\\/exaudi.org\\\/#\\\/schema\\\/person\\\/a258c56b05e63b2b367bdca29e0ed3e3\"},\"description\":\"El padre Jorge Mir\u00f3 comparte con los lectores de Exaudi su comentario sobre el Evangelio titulado \u201cHoy se cumple esta Escritura\u201d.\",\"breadcrumb\":{\"@id\":\"https:\\\/\\\/exaudi.org\\\/es\\\/hoy-se-cumple-esta-escritura-comentario-del-padre-jorge-miro\\\/#breadcrumb\"},\"inLanguage\":\"es\",\"potentialAction\":[{\"@type\":\"ReadAction\",\"target\":[\"https:\\\/\\\/exaudi.org\\\/es\\\/hoy-se-cumple-esta-escritura-comentario-del-padre-jorge-miro\\\/\"]}]},{\"@type\":\"ImageObject\",\"inLanguage\":\"es\",\"@id\":\"https:\\\/\\\/exaudi.org\\\/es\\\/hoy-se-cumple-esta-escritura-comentario-del-padre-jorge-miro\\\/#primaryimage\",\"url\":\"https:\\\/\\\/exaudi.org\\\/wp-content\\\/uploads\\\/2022\\\/01\\\/Disen\u0303o-sin-ti\u0301tulo-31.jpg\",\"contentUrl\":\"https:\\\/\\\/exaudi.org\\\/wp-content\\\/uploads\\\/2022\\\/01\\\/Disen\u0303o-sin-ti\u0301tulo-31.jpg\",\"width\":1500,\"height\":1000,\"caption\":\"La palabra de Dios \u00a9 Canva\"},{\"@type\":\"BreadcrumbList\",\"@id\":\"https:\\\/\\\/exaudi.org\\\/es\\\/hoy-se-cumple-esta-escritura-comentario-del-padre-jorge-miro\\\/#breadcrumb\",\"itemListElement\":[{\"@type\":\"ListItem\",\"position\":1,\"name\":\"Portada\",\"item\":\"https:\\\/\\\/exaudi.org\\\/es\\\/\"},{\"@type\":\"ListItem\",\"position\":2,\"name\":\"Hoy se cumple esta Escritura: Comentario del padre Jorge Mir\u00f3\"}]},{\"@type\":\"WebSite\",\"@id\":\"https:\\\/\\\/exaudi.org\\\/#website\",\"url\":\"https:\\\/\\\/exaudi.org\\\/\",\"name\":\"Exaudi\",\"description\":\"News\",\"potentialAction\":[{\"@type\":\"SearchAction\",\"target\":{\"@type\":\"EntryPoint\",\"urlTemplate\":\"https:\\\/\\\/exaudi.org\\\/?s={search_term_string}\"},\"query-input\":{\"@type\":\"PropertyValueSpecification\",\"valueRequired\":true,\"valueName\":\"search_term_string\"}}],\"inLanguage\":\"es\"},{\"@type\":\"Person\",\"@id\":\"https:\\\/\\\/exaudi.org\\\/#\\\/schema\\\/person\\\/a258c56b05e63b2b367bdca29e0ed3e3\",\"name\":\"Jorge Mir\u00f3\",\"image\":{\"@type\":\"ImageObject\",\"inLanguage\":\"es\",\"@id\":\"https:\\\/\\\/secure.gravatar.com\\\/avatar\\\/f5ea26c436669b01b7b02124bf13596df002525d6f392707d301543be365bd44?s=96&d=mm&r=g\",\"url\":\"https:\\\/\\\/secure.gravatar.com\\\/avatar\\\/f5ea26c436669b01b7b02124bf13596df002525d6f392707d301543be365bd44?s=96&d=mm&r=g\",\"contentUrl\":\"https:\\\/\\\/secure.gravatar.com\\\/avatar\\\/f5ea26c436669b01b7b02124bf13596df002525d6f392707d301543be365bd44?s=96&d=mm&r=g\",\"caption\":\"Jorge Mir\u00f3\"},\"description\":\"Sacerdote de la archidi\u00f3cesis de Valencia y profesor en la Facultad de Ciencias Jur\u00eddicas, Econ\u00f3micas y Sociales de la Universidad Cat\u00f3lica de Valencia\",\"url\":\"https:\\\/\\\/exaudi.org\\\/es\\\/author\\\/jorgemiro\\\/\"}]}<\/script>\n<!-- \/ Yoast SEO plugin. -->","yoast_head_json":{"title":"Hoy se cumple esta Escritura: Comentario del padre Jorge Mir\u00f3 &#8211; Exaudi","description":"El padre Jorge Mir\u00f3 comparte con los lectores de Exaudi su comentario sobre el Evangelio titulado \u201cHoy se cumple esta Escritura\u201d.","robots":{"index":"index","follow":"follow","max-snippet":"max-snippet:-1","max-image-preview":"max-image-preview:large","max-video-preview":"max-video-preview:-1"},"canonical":"https:\/\/exaudi.org\/es\/hoy-se-cumple-esta-escritura-comentario-del-padre-jorge-miro\/","og_locale":"es_ES","og_type":"article","og_title":"Hoy se cumple esta Escritura: Comentario del padre Jorge Mir\u00f3 &#8211; Exaudi","og_description":"El padre Jorge Mir\u00f3 comparte con los lectores de Exaudi su comentario sobre el Evangelio titulado \u201cHoy se cumple esta Escritura\u201d.","og_url":"https:\/\/exaudi.org\/es\/hoy-se-cumple-esta-escritura-comentario-del-padre-jorge-miro\/","og_site_name":"Exaudi","article_publisher":"https:\/\/www.facebook.com\/ExaudiNews","article_published_time":"2022-01-23T07:00:18+00:00","article_modified_time":"2022-01-23T10:06:36+00:00","og_image":[{"width":1500,"height":1000,"url":"https:\/\/exaudi.org\/wp-content\/uploads\/2022\/01\/Disen\u0303o-sin-ti\u0301tulo-31.jpg","type":"image\/jpeg"}],"author":"Jorge Mir\u00f3","twitter_card":"summary_large_image","twitter_creator":"@Exaudi_News","twitter_site":"@Exaudi_News","twitter_misc":{"Escrito por":"Jorge Mir\u00f3","Tiempo de lectura":"4 minutos"},"schema":{"@context":"https:\/\/schema.org","@graph":[{"@type":"Article","@id":"https:\/\/exaudi.org\/es\/hoy-se-cumple-esta-escritura-comentario-del-padre-jorge-miro\/#article","isPartOf":{"@id":"https:\/\/exaudi.org\/es\/hoy-se-cumple-esta-escritura-comentario-del-padre-jorge-miro\/"},"author":{"name":"Jorge Mir\u00f3","@id":"https:\/\/exaudi.org\/#\/schema\/person\/a258c56b05e63b2b367bdca29e0ed3e3"},"headline":"Hoy se cumple esta Escritura: Comentario del padre Jorge Mir\u00f3","datePublished":"2022-01-23T07:00:18+00:00","dateModified":"2022-01-23T10:06:36+00:00","mainEntityOfPage":{"@id":"https:\/\/exaudi.org\/es\/hoy-se-cumple-esta-escritura-comentario-del-padre-jorge-miro\/"},"wordCount":798,"image":{"@id":"https:\/\/exaudi.org\/es\/hoy-se-cumple-esta-escritura-comentario-del-padre-jorge-miro\/#primaryimage"},"thumbnailUrl":"https:\/\/exaudi.org\/wp-content\/uploads\/2022\/01\/Disen\u0303o-sin-ti\u0301tulo-31.jpg","keywords":["Comentario padre Jorge Mir\u00f3","Domingo de la Palabra de Dios"],"articleSection":["Espiritualidad"],"inLanguage":"es"},{"@type":"WebPage","@id":"https:\/\/exaudi.org\/es\/hoy-se-cumple-esta-escritura-comentario-del-padre-jorge-miro\/","url":"https:\/\/exaudi.org\/es\/hoy-se-cumple-esta-escritura-comentario-del-padre-jorge-miro\/","name":"Hoy se cumple esta Escritura: Comentario del padre Jorge Mir\u00f3 &#8211; Exaudi","isPartOf":{"@id":"https:\/\/exaudi.org\/#website"},"primaryImageOfPage":{"@id":"https:\/\/exaudi.org\/es\/hoy-se-cumple-esta-escritura-comentario-del-padre-jorge-miro\/#primaryimage"},"image":{"@id":"https:\/\/exaudi.org\/es\/hoy-se-cumple-esta-escritura-comentario-del-padre-jorge-miro\/#primaryimage"},"thumbnailUrl":"https:\/\/exaudi.org\/wp-content\/uploads\/2022\/01\/Disen\u0303o-sin-ti\u0301tulo-31.jpg","datePublished":"2022-01-23T07:00:18+00:00","dateModified":"2022-01-23T10:06:36+00:00","author":{"@id":"https:\/\/exaudi.org\/#\/schema\/person\/a258c56b05e63b2b367bdca29e0ed3e3"},"description":"El padre Jorge Mir\u00f3 comparte con los lectores de Exaudi su comentario sobre el Evangelio titulado \u201cHoy se cumple esta Escritura\u201d.","breadcrumb":{"@id":"https:\/\/exaudi.org\/es\/hoy-se-cumple-esta-escritura-comentario-del-padre-jorge-miro\/#breadcrumb"},"inLanguage":"es","potentialAction":[{"@type":"ReadAction","target":["https:\/\/exaudi.org\/es\/hoy-se-cumple-esta-escritura-comentario-del-padre-jorge-miro\/"]}]},{"@type":"ImageObject","inLanguage":"es","@id":"https:\/\/exaudi.org\/es\/hoy-se-cumple-esta-escritura-comentario-del-padre-jorge-miro\/#primaryimage","url":"https:\/\/exaudi.org\/wp-content\/uploads\/2022\/01\/Disen\u0303o-sin-ti\u0301tulo-31.jpg","contentUrl":"https:\/\/exaudi.org\/wp-content\/uploads\/2022\/01\/Disen\u0303o-sin-ti\u0301tulo-31.jpg","width":1500,"height":1000,"caption":"La palabra de Dios \u00a9 Canva"},{"@type":"BreadcrumbList","@id":"https:\/\/exaudi.org\/es\/hoy-se-cumple-esta-escritura-comentario-del-padre-jorge-miro\/#breadcrumb","itemListElement":[{"@type":"ListItem","position":1,"name":"Portada","item":"https:\/\/exaudi.org\/es\/"},{"@type":"ListItem","position":2,"name":"Hoy se cumple esta Escritura: Comentario del padre Jorge Mir\u00f3"}]},{"@type":"WebSite","@id":"https:\/\/exaudi.org\/#website","url":"https:\/\/exaudi.org\/","name":"Exaudi","description":"News","potentialAction":[{"@type":"SearchAction","target":{"@type":"EntryPoint","urlTemplate":"https:\/\/exaudi.org\/?s={search_term_string}"},"query-input":{"@type":"PropertyValueSpecification","valueRequired":true,"valueName":"search_term_string"}}],"inLanguage":"es"},{"@type":"Person","@id":"https:\/\/exaudi.org\/#\/schema\/person\/a258c56b05e63b2b367bdca29e0ed3e3","name":"Jorge Mir\u00f3","image":{"@type":"ImageObject","inLanguage":"es","@id":"https:\/\/secure.gravatar.com\/avatar\/f5ea26c436669b01b7b02124bf13596df002525d6f392707d301543be365bd44?s=96&d=mm&r=g","url":"https:\/\/secure.gravatar.com\/avatar\/f5ea26c436669b01b7b02124bf13596df002525d6f392707d301543be365bd44?s=96&d=mm&r=g","contentUrl":"https:\/\/secure.gravatar.com\/avatar\/f5ea26c436669b01b7b02124bf13596df002525d6f392707d301543be365bd44?s=96&d=mm&r=g","caption":"Jorge Mir\u00f3"},"description":"Sacerdote de la archidi\u00f3cesis de Valencia y profesor en la Facultad de Ciencias Jur\u00eddicas, Econ\u00f3micas y Sociales de la Universidad Cat\u00f3lica de Valencia","url":"https:\/\/exaudi.org\/es\/author\/jorgemiro\/"}]}},"jetpack_featured_media_url":"https:\/\/exaudi.org\/wp-content\/uploads\/2022\/01\/Disen\u0303o-sin-ti\u0301tulo-31.jpg","jetpack_shortlink":"https:\/\/wp.me\/pgKjF2-cTB","_links":{"self":[{"href":"https:\/\/exaudi.org\/es\/wp-json\/wp\/v2\/posts\/49575","targetHints":{"allow":["GET"]}}],"collection":[{"href":"https:\/\/exaudi.org\/es\/wp-json\/wp\/v2\/posts"}],"about":[{"href":"https:\/\/exaudi.org\/es\/wp-json\/wp\/v2\/types\/post"}],"author":[{"embeddable":true,"href":"https:\/\/exaudi.org\/es\/wp-json\/wp\/v2\/users\/20"}],"replies":[{"embeddable":true,"href":"https:\/\/exaudi.org\/es\/wp-json\/wp\/v2\/comments?post=49575"}],"version-history":[{"count":0,"href":"https:\/\/exaudi.org\/es\/wp-json\/wp\/v2\/posts\/49575\/revisions"}],"wp:featuredmedia":[{"embeddable":true,"href":"https:\/\/exaudi.org\/es\/wp-json\/wp\/v2\/media\/49576"}],"wp:attachment":[{"href":"https:\/\/exaudi.org\/es\/wp-json\/wp\/v2\/media?parent=49575"}],"wp:term":[{"taxonomy":"category","embeddable":true,"href":"https:\/\/exaudi.org\/es\/wp-json\/wp\/v2\/categories?post=49575"},{"taxonomy":"post_tag","embeddable":true,"href":"https:\/\/exaudi.org\/es\/wp-json\/wp\/v2\/tags?post=49575"}],"curies":[{"name":"wp","href":"https:\/\/api.w.org\/{rel}","templated":true}]}}