{"id":49567,"date":"2022-01-20T11:25:25","date_gmt":"2022-01-20T10:25:25","guid":{"rendered":"https:\/\/exaudi.org\/?p=49567"},"modified":"2022-01-20T12:18:09","modified_gmt":"2022-01-20T11:18:09","slug":"libano-oraciones-por-la-unidad-de-los-cristianos-desde-oriente-medio","status":"publish","type":"post","link":"https:\/\/exaudi.org\/es\/libano-oraciones-por-la-unidad-de-los-cristianos-desde-oriente-medio\/","title":{"rendered":"L\u00edbano: Oraciones por la unidad de los cristianos desde Oriente Medio"},"content":{"rendered":"<p>Llegan a L\u00edbano oraciones por la unidad de los cristianos desde Oriente Medio a trav\u00e9s de folletos propuestos a las Iglesias y comunidades eclesiales de todo el mundo con el siguiente t\u00edtulo: \u201cNosotros hemos visto aparecer su estrella en el Oriente y venimos a adorarlo\u201d. El t\u00edtulo del folleto anuncia la celebraci\u00f3n de liturgias y encuentros con motivo de la Semana de Oraci\u00f3n por la Unidad de los Cristianos de 2022 que se celebra del 18 al 25 de enero.<\/p>\n<p>As\u00ed ha informado una nota de la agencia Fides difundida el 19 de enero del 2022 donde explica c\u00f3mo este a\u00f1o, las lecturas y las oraciones contenidas en el folleto se refieren a la Epifan\u00eda de Cristo y al viaje de los Magos que vinieron de Oriente a Bel\u00e9n para adorar al Ni\u00f1o Jes\u00fas. \u00a0Han sido preparadas a petici\u00f3n del Consejo Pontificio para la Promoci\u00f3n de la <a href=\"https:\/\/exaudi.org\/es\/orar-por-la-unidad-de-los-cristianos-orar-por-el-sinodo\/\" target=\"_blank\" rel=\"noopener\">Unidad de los cristianos<\/a> por un grupo de te\u00f3logos pertenecientes a diferentes comunidades eclesiales de Oriente Medio, bajo la coordinaci\u00f3n del <a href=\"https:\/\/www.mecc.org\/mecc\/2021\/7\/16\/el-consejo-de-iglesias-del-oriente-medio-de-la-supervivencia-al-desarrollo\" target=\"_blank\" rel=\"noopener\">Consejo de Iglesias de Pr\u00f3ximo Oriente<\/a> (en ingl\u00e9s: <em>Middle East Council of Churches<\/em> &#8211; MECC), con sede en Beirut.<\/p>\n<p>De acuerdo al mismo medio, se describe que la singularidad del tema elegido y las sugerencias para la oraci\u00f3n que los textos ofrecen al camino ecum\u00e9nico en esta fase hist\u00f3rica se pueden notar en toda su riqueza si se tiene en cuenta su matriz medioriental.<\/p>\n<p>El sacerdote y te\u00f3logo greco-melquita liban\u00e9s Gabriel Hachem, miembro de la Comisi\u00f3n Teol\u00f3gica Internacional, que tambi\u00e9n ha participado en los trabajos del equipo encargado de preparar los textos de la Semana de Oraci\u00f3n por la Unidad de los Cristianos, que acaba de comenzar, lo atestigua con toda la fuerza de su pasi\u00f3n por los asuntos de los cristianos \u00e1rabes.<\/p>\n<p>\u201cCon la adoraci\u00f3n de los Reyes Magos y luego con el Bautismo de Jes\u00fas en el Jord\u00e1n -se\u00f1ala el padre Gaby en conversaci\u00f3n con la Agencia Fides- comienza la teofan\u00eda, la manifestaci\u00f3n ante los hombres del misterio divino, la Revelaci\u00f3n del misterio de la Trinidad\u201d. \u201cAs\u00ed que, ah\u00ed est\u00e1 el comienzo de la proclamaci\u00f3n del Evangelio de Dios anunciando la buena nueva del Reino. Es el momento hist\u00f3rico en el que se manifiesta la \u2018Oiconom\u00eda\u2019, la promesa y el plan de salvaci\u00f3n divinos, y comienza a cumplirse. La luz de Dios comienza a \u2018incorporarse\u2019 en cada cristiano, en el momento en que es bautizado: \u2018Y la luz de Cristo viene de Oriente: Cristo es nuestro Oriente, nuestra luz, nuestro sol\u2019\u201d.<\/p>\n<p>\u201cEl mensaje que con los textos preparados para la semana de oraci\u00f3n quieren enviar al mundo, y en primer lugar a los cristianos de Oriente Medio\u201d &#8211; continua el te\u00f3logo liban\u00e9s, a\u00f1adiendo consideraciones esclarecedoras sobre el presente de las comunidades cristianas de Oriente Medio -, \u201ces un mensaje de esperanza: la luz de Cristo sigue brillando en el mundo, tambi\u00e9n en Oriente Medio, incluso en estos tiempos dif\u00edciles\u201d. \u201cY la vocaci\u00f3n de los cristianos de Oriente Medio no es quejarse de esta situaci\u00f3n. Es recordar al mundo, y en primer lugar a los cristianos de Oriente Medio, que son los portadores de la Santa Tradici\u00f3n, de la Tradici\u00f3n Apost\u00f3lica\u201d.<\/p>\n<p>\u201cDurante este largo tiempo de dos mil a\u00f1os, estamos aqu\u00ed, y estamos llamados a llevar esta Tradici\u00f3n Apost\u00f3lica con nuestros cuerpos y almas, anunciando el Evangelio. No somos s\u00f3lo personas miserables que necesitan ser rescatadas y ayudadas. No somos s\u00f3lo personas necesitadas. Tenemos una misi\u00f3n\u201d. Jes\u00fas -leemos en la introducci\u00f3n de los textos de la Semana de Oraci\u00f3n por la Unidad de los Cristianos 2022- \u201ces la Luz que vino a nuestras tinieblas cuando, por el poder del Esp\u00edritu Santo, se encarn\u00f3 en el seno de la Virgen Mar\u00eda y se hizo Hombre\u201d.<\/p>\n<p>Y los Magos, que siguieron la estrella hasta Bel\u00e9n, han representado siempre para muchos comentaristas \u201cun s\u00edmbolo de la diversidad de los pueblos entonces conocidos, y un signo de la universalidad de la llamada divina\u201d. El segundo aspecto que recorre los textos preparados para la actual semana de oraci\u00f3n por la unidad de los cristianos -subraya el padre Gabriel- \u201ces precisamente lo que yo llamar\u00eda \u2018escatol\u00f3gico\u2019: la Adoraci\u00f3n de los Reyes Magos nos recuerda la llamada universal a la salvaci\u00f3n\u201d.<\/p>\n<p>\u201cPor ello, en los textos ofrecidos tambi\u00e9n se hace referencia al di\u00e1logo con creyentes de diferentes comunidades religiosas y al sufrimiento de los pobres en todo el mundo. Los cristianos estamos llamados a convertirnos para todos en este \u2018mensaje escatol\u00f3gico\u2019 dirigido a todo ser humano, reflejando en nuestra vida la luz de Cristo y la vida misma del misterio divino\u201d.<\/p>\n<p>Por eso, concluye el sacerdote liban\u00e9s, \u201cel tercer elemento que destacan los textos para la oraci\u00f3n ecum\u00e9nica es precisamente el reconocimiento de la liturgia como fuente de la vida cristiana: \u00bfC\u00f3mo podemos convertirnos en sacramento de la luz de Cristo en este mundo? Esto s\u00f3lo es posible a trav\u00e9s de la liturgia, que da la gracia. En Oriente no tenemos teolog\u00eda fuera de la liturgia. Tampoco tenemos moral fuera de la liturgia\u201d.<\/p>\n<p>Mientras que en Occidente las comunidades cristianas celebran la Navidad con gran solemnidad &#8211; se lee en la introducci\u00f3n de los textos de la Semana de Oraci\u00f3n por la Unidad de los Cristianos 2022 -, para muchos cristianos de Oriente, \u201cla fiesta m\u00e1s antigua y principal es la Epifan\u00eda, es decir, cuando la salvaci\u00f3n de Dios se revel\u00f3 a las naciones desde Bel\u00e9n y el Jord\u00e1n. Esta acentuaci\u00f3n de la teofan\u00eda, es decir, de la manifestaci\u00f3n es, en cierto modo, el tesoro que los cristianos de Oriente Medio pueden ofrecer a sus hermanos de todo el mundo\u201d.<\/p>\n","protected":false},"excerpt":{"rendered":"<p>A trav\u00e9s de folletos propuestos a las Iglesias y comunidades eclesiales de todo el mundo<\/p>\n","protected":false},"author":15,"featured_media":49569,"comment_status":"closed","ping_status":"closed","sticky":false,"template":"","format":"standard","meta":{"_acf_changed":false,"_crdt_document":"","inline_featured_image":false,"footnotes":""},"categories":[86],"tags":[408,5591,4953],"class_list":["post-49567","post","type-post","status-publish","format-standard","has-post-thumbnail","hentry","category-iglesia-local","tag-libano","tag-semana-de-oracion-por-la-unidad-de-los-cristianos-en-2022","tag-trending-es"],"acf":[],"yoast_head":"<!-- This site is optimized with the Yoast SEO plugin v27.4 - https:\/\/yoast.com\/product\/yoast-seo-wordpress\/ -->\n<title>L\u00edbano: Oraciones por la unidad de los cristianos desde Oriente Medio &#8211; Exaudi<\/title>\n<meta name=\"description\" content=\"L\u00edbano: Llegan oraciones por la unidad de los cristianos desde Oriente Medio a trav\u00e9s de folletos propuestos a las Iglesias de todo el mundo.\" \/>\n<meta name=\"robots\" content=\"index, follow, max-snippet:-1, max-image-preview:large, max-video-preview:-1\" \/>\n<link rel=\"canonical\" href=\"https:\/\/exaudi.org\/es\/libano-oraciones-por-la-unidad-de-los-cristianos-desde-oriente-medio\/\" \/>\n<meta property=\"og:locale\" content=\"es_ES\" \/>\n<meta property=\"og:type\" content=\"article\" \/>\n<meta property=\"og:title\" content=\"L\u00edbano: Oraciones por la unidad de los cristianos desde Oriente Medio &#8211; Exaudi\" \/>\n<meta property=\"og:description\" content=\"L\u00edbano: Llegan oraciones por la unidad de los cristianos desde Oriente Medio a trav\u00e9s de folletos propuestos a las Iglesias de todo el mundo.\" \/>\n<meta property=\"og:url\" content=\"https:\/\/exaudi.org\/es\/libano-oraciones-por-la-unidad-de-los-cristianos-desde-oriente-medio\/\" \/>\n<meta property=\"og:site_name\" content=\"Exaudi\" \/>\n<meta property=\"article:publisher\" content=\"https:\/\/www.facebook.com\/ExaudiNews\" \/>\n<meta property=\"article:author\" content=\"https:\/\/www.facebook.com\/ExaudiNoticias\/\" \/>\n<meta property=\"article:published_time\" content=\"2022-01-20T10:25:25+00:00\" \/>\n<meta property=\"article:modified_time\" content=\"2022-01-20T11:18:09+00:00\" \/>\n<meta property=\"og:image\" content=\"https:\/\/exaudi.org\/wp-content\/uploads\/2022\/01\/Disen\u0303o-sin-ti\u0301tulo-30.jpg\" \/>\n\t<meta property=\"og:image:width\" content=\"1500\" \/>\n\t<meta property=\"og:image:height\" content=\"1000\" \/>\n\t<meta property=\"og:image:type\" content=\"image\/jpeg\" \/>\n<meta name=\"author\" content=\"Exaudi Redacci\u00f3n\" \/>\n<meta name=\"twitter:card\" content=\"summary_large_image\" \/>\n<meta name=\"twitter:creator\" content=\"@Exaudi_noticias\" \/>\n<meta name=\"twitter:site\" content=\"@Exaudi_News\" \/>\n<meta name=\"twitter:label1\" content=\"Escrito por\" \/>\n\t<meta name=\"twitter:data1\" content=\"Exaudi Redacci\u00f3n\" \/>\n\t<meta name=\"twitter:label2\" content=\"Tiempo de lectura\" \/>\n\t<meta name=\"twitter:data2\" content=\"5 minutos\" \/>\n<script type=\"application\/ld+json\" class=\"yoast-schema-graph\">{\"@context\":\"https:\\\/\\\/schema.org\",\"@graph\":[{\"@type\":\"Article\",\"@id\":\"https:\\\/\\\/exaudi.org\\\/es\\\/libano-oraciones-por-la-unidad-de-los-cristianos-desde-oriente-medio\\\/#article\",\"isPartOf\":{\"@id\":\"https:\\\/\\\/exaudi.org\\\/es\\\/libano-oraciones-por-la-unidad-de-los-cristianos-desde-oriente-medio\\\/\"},\"author\":{\"name\":\"Exaudi Redacci\u00f3n\",\"@id\":\"https:\\\/\\\/exaudi.org\\\/#\\\/schema\\\/person\\\/f5fc8f063065e38742da7afe15f25df7\"},\"headline\":\"L\u00edbano: Oraciones por la unidad de los cristianos desde Oriente Medio\",\"datePublished\":\"2022-01-20T10:25:25+00:00\",\"dateModified\":\"2022-01-20T11:18:09+00:00\",\"mainEntityOfPage\":{\"@id\":\"https:\\\/\\\/exaudi.org\\\/es\\\/libano-oraciones-por-la-unidad-de-los-cristianos-desde-oriente-medio\\\/\"},\"wordCount\":1017,\"image\":{\"@id\":\"https:\\\/\\\/exaudi.org\\\/es\\\/libano-oraciones-por-la-unidad-de-los-cristianos-desde-oriente-medio\\\/#primaryimage\"},\"thumbnailUrl\":\"https:\\\/\\\/exaudi.org\\\/wp-content\\\/uploads\\\/2022\\\/01\\\/Disen\u0303o-sin-ti\u0301tulo-30.jpg\",\"keywords\":[\"L\u00edbano\",\"Semana de Oraci\u00f3n por la Unidad de los Cristianos en 2022\",\"Trending\"],\"articleSection\":[\"Iglesia Local\"],\"inLanguage\":\"es\"},{\"@type\":\"WebPage\",\"@id\":\"https:\\\/\\\/exaudi.org\\\/es\\\/libano-oraciones-por-la-unidad-de-los-cristianos-desde-oriente-medio\\\/\",\"url\":\"https:\\\/\\\/exaudi.org\\\/es\\\/libano-oraciones-por-la-unidad-de-los-cristianos-desde-oriente-medio\\\/\",\"name\":\"L\u00edbano: Oraciones por la unidad de los cristianos desde Oriente Medio &#8211; Exaudi\",\"isPartOf\":{\"@id\":\"https:\\\/\\\/exaudi.org\\\/#website\"},\"primaryImageOfPage\":{\"@id\":\"https:\\\/\\\/exaudi.org\\\/es\\\/libano-oraciones-por-la-unidad-de-los-cristianos-desde-oriente-medio\\\/#primaryimage\"},\"image\":{\"@id\":\"https:\\\/\\\/exaudi.org\\\/es\\\/libano-oraciones-por-la-unidad-de-los-cristianos-desde-oriente-medio\\\/#primaryimage\"},\"thumbnailUrl\":\"https:\\\/\\\/exaudi.org\\\/wp-content\\\/uploads\\\/2022\\\/01\\\/Disen\u0303o-sin-ti\u0301tulo-30.jpg\",\"datePublished\":\"2022-01-20T10:25:25+00:00\",\"dateModified\":\"2022-01-20T11:18:09+00:00\",\"author\":{\"@id\":\"https:\\\/\\\/exaudi.org\\\/#\\\/schema\\\/person\\\/f5fc8f063065e38742da7afe15f25df7\"},\"description\":\"L\u00edbano: Llegan oraciones por la unidad de los cristianos desde Oriente Medio a trav\u00e9s de folletos propuestos a las Iglesias de todo el mundo.\",\"breadcrumb\":{\"@id\":\"https:\\\/\\\/exaudi.org\\\/es\\\/libano-oraciones-por-la-unidad-de-los-cristianos-desde-oriente-medio\\\/#breadcrumb\"},\"inLanguage\":\"es\",\"potentialAction\":[{\"@type\":\"ReadAction\",\"target\":[\"https:\\\/\\\/exaudi.org\\\/es\\\/libano-oraciones-por-la-unidad-de-los-cristianos-desde-oriente-medio\\\/\"]}]},{\"@type\":\"ImageObject\",\"inLanguage\":\"es\",\"@id\":\"https:\\\/\\\/exaudi.org\\\/es\\\/libano-oraciones-por-la-unidad-de-los-cristianos-desde-oriente-medio\\\/#primaryimage\",\"url\":\"https:\\\/\\\/exaudi.org\\\/wp-content\\\/uploads\\\/2022\\\/01\\\/Disen\u0303o-sin-ti\u0301tulo-30.jpg\",\"contentUrl\":\"https:\\\/\\\/exaudi.org\\\/wp-content\\\/uploads\\\/2022\\\/01\\\/Disen\u0303o-sin-ti\u0301tulo-30.jpg\",\"width\":1500,\"height\":1000,\"caption\":\"Unidad de los cristianos \u00a9 Canva\"},{\"@type\":\"BreadcrumbList\",\"@id\":\"https:\\\/\\\/exaudi.org\\\/es\\\/libano-oraciones-por-la-unidad-de-los-cristianos-desde-oriente-medio\\\/#breadcrumb\",\"itemListElement\":[{\"@type\":\"ListItem\",\"position\":1,\"name\":\"Portada\",\"item\":\"https:\\\/\\\/exaudi.org\\\/es\\\/\"},{\"@type\":\"ListItem\",\"position\":2,\"name\":\"L\u00edbano: Oraciones por la unidad de los cristianos desde Oriente Medio\"}]},{\"@type\":\"WebSite\",\"@id\":\"https:\\\/\\\/exaudi.org\\\/#website\",\"url\":\"https:\\\/\\\/exaudi.org\\\/\",\"name\":\"Exaudi\",\"description\":\"News\",\"potentialAction\":[{\"@type\":\"SearchAction\",\"target\":{\"@type\":\"EntryPoint\",\"urlTemplate\":\"https:\\\/\\\/exaudi.org\\\/?s={search_term_string}\"},\"query-input\":{\"@type\":\"PropertyValueSpecification\",\"valueRequired\":true,\"valueName\":\"search_term_string\"}}],\"inLanguage\":\"es\"},{\"@type\":\"Person\",\"@id\":\"https:\\\/\\\/exaudi.org\\\/#\\\/schema\\\/person\\\/f5fc8f063065e38742da7afe15f25df7\",\"name\":\"Exaudi Redacci\u00f3n\",\"image\":{\"@type\":\"ImageObject\",\"inLanguage\":\"es\",\"@id\":\"https:\\\/\\\/secure.gravatar.com\\\/avatar\\\/fe0f6a059fb68d9b3e11bc5850dd4899b1c7492091a3cb6dd9b01b56ad828be2?s=96&d=mm&r=g\",\"url\":\"https:\\\/\\\/secure.gravatar.com\\\/avatar\\\/fe0f6a059fb68d9b3e11bc5850dd4899b1c7492091a3cb6dd9b01b56ad828be2?s=96&d=mm&r=g\",\"contentUrl\":\"https:\\\/\\\/secure.gravatar.com\\\/avatar\\\/fe0f6a059fb68d9b3e11bc5850dd4899b1c7492091a3cb6dd9b01b56ad828be2?s=96&d=mm&r=g\",\"caption\":\"Exaudi Redacci\u00f3n\"},\"description\":\"\u00bfQu\u00e9 es Exaudi News? Exaudi News es un medio de comunicaci\u00f3n cat\u00f3lico internacional que informa, forma y transforma, diariamente en espa\u00f1ol, ingl\u00e9s e italiano. A trav\u00e9s de noticias, art\u00edculos de an\u00e1lisis y transmisiones en directo de los eventos del Papa, Exaudi busca fortalecer la unidad de los cristianos y contribuir a la evangelizaci\u00f3n del mundo, siempre guiados por la doctrina social de la Iglesia. Trabajamos para acercar la verdad y los valores cristianos a cada rinc\u00f3n del planeta. \u00a1Ay\u00fadanos a transformar el mundo con Exaudi! En Exaudi creemos que la evangelizaci\u00f3n y la informaci\u00f3n de calidad pueden cambiar vidas. Para continuar con nuestra misi\u00f3n y expandir nuestro alcance, necesitamos tu ayuda. Adem\u00e1s, buscamos personas comprometidas que deseen unirse a nuestro equipo. Con tu apoyo, lograremos llegar a m\u00e1s personas, difundir el mensaje de Cristo y reforzar la unidad de los cristianos. \u00bfTe unes a nuestra misi\u00f3n? Para m\u00e1s informaci\u00f3n sobre c\u00f3mo colaborar, visita Exaudi.org\\\/es o cont\u00e1ctanos directamente: info@exaudi.org Exaudi: Informa, forma y transforma.\",\"sameAs\":[\"https:\\\/\\\/www.facebook.com\\\/ExaudiNoticias\\\/\",\"https:\\\/\\\/www.instagram.com\\\/exaudi_noticias\\\/\",\"https:\\\/\\\/x.com\\\/Exaudi_noticias\",\"https:\\\/\\\/www.youtube.com\\\/@exaudicatholicnews\"],\"url\":\"https:\\\/\\\/exaudi.org\\\/es\\\/author\\\/redaccionexaudi\\\/\"}]}<\/script>\n<!-- \/ Yoast SEO plugin. -->","yoast_head_json":{"title":"L\u00edbano: Oraciones por la unidad de los cristianos desde Oriente Medio &#8211; Exaudi","description":"L\u00edbano: Llegan oraciones por la unidad de los cristianos desde Oriente Medio a trav\u00e9s de folletos propuestos a las Iglesias de todo el mundo.","robots":{"index":"index","follow":"follow","max-snippet":"max-snippet:-1","max-image-preview":"max-image-preview:large","max-video-preview":"max-video-preview:-1"},"canonical":"https:\/\/exaudi.org\/es\/libano-oraciones-por-la-unidad-de-los-cristianos-desde-oriente-medio\/","og_locale":"es_ES","og_type":"article","og_title":"L\u00edbano: Oraciones por la unidad de los cristianos desde Oriente Medio &#8211; Exaudi","og_description":"L\u00edbano: Llegan oraciones por la unidad de los cristianos desde Oriente Medio a trav\u00e9s de folletos propuestos a las Iglesias de todo el mundo.","og_url":"https:\/\/exaudi.org\/es\/libano-oraciones-por-la-unidad-de-los-cristianos-desde-oriente-medio\/","og_site_name":"Exaudi","article_publisher":"https:\/\/www.facebook.com\/ExaudiNews","article_author":"https:\/\/www.facebook.com\/ExaudiNoticias\/","article_published_time":"2022-01-20T10:25:25+00:00","article_modified_time":"2022-01-20T11:18:09+00:00","og_image":[{"width":1500,"height":1000,"url":"https:\/\/exaudi.org\/wp-content\/uploads\/2022\/01\/Disen\u0303o-sin-ti\u0301tulo-30.jpg","type":"image\/jpeg"}],"author":"Exaudi Redacci\u00f3n","twitter_card":"summary_large_image","twitter_creator":"@Exaudi_noticias","twitter_site":"@Exaudi_News","twitter_misc":{"Escrito por":"Exaudi Redacci\u00f3n","Tiempo de lectura":"5 minutos"},"schema":{"@context":"https:\/\/schema.org","@graph":[{"@type":"Article","@id":"https:\/\/exaudi.org\/es\/libano-oraciones-por-la-unidad-de-los-cristianos-desde-oriente-medio\/#article","isPartOf":{"@id":"https:\/\/exaudi.org\/es\/libano-oraciones-por-la-unidad-de-los-cristianos-desde-oriente-medio\/"},"author":{"name":"Exaudi Redacci\u00f3n","@id":"https:\/\/exaudi.org\/#\/schema\/person\/f5fc8f063065e38742da7afe15f25df7"},"headline":"L\u00edbano: Oraciones por la unidad de los cristianos desde Oriente Medio","datePublished":"2022-01-20T10:25:25+00:00","dateModified":"2022-01-20T11:18:09+00:00","mainEntityOfPage":{"@id":"https:\/\/exaudi.org\/es\/libano-oraciones-por-la-unidad-de-los-cristianos-desde-oriente-medio\/"},"wordCount":1017,"image":{"@id":"https:\/\/exaudi.org\/es\/libano-oraciones-por-la-unidad-de-los-cristianos-desde-oriente-medio\/#primaryimage"},"thumbnailUrl":"https:\/\/exaudi.org\/wp-content\/uploads\/2022\/01\/Disen\u0303o-sin-ti\u0301tulo-30.jpg","keywords":["L\u00edbano","Semana de Oraci\u00f3n por la Unidad de los Cristianos en 2022","Trending"],"articleSection":["Iglesia Local"],"inLanguage":"es"},{"@type":"WebPage","@id":"https:\/\/exaudi.org\/es\/libano-oraciones-por-la-unidad-de-los-cristianos-desde-oriente-medio\/","url":"https:\/\/exaudi.org\/es\/libano-oraciones-por-la-unidad-de-los-cristianos-desde-oriente-medio\/","name":"L\u00edbano: Oraciones por la unidad de los cristianos desde Oriente Medio &#8211; Exaudi","isPartOf":{"@id":"https:\/\/exaudi.org\/#website"},"primaryImageOfPage":{"@id":"https:\/\/exaudi.org\/es\/libano-oraciones-por-la-unidad-de-los-cristianos-desde-oriente-medio\/#primaryimage"},"image":{"@id":"https:\/\/exaudi.org\/es\/libano-oraciones-por-la-unidad-de-los-cristianos-desde-oriente-medio\/#primaryimage"},"thumbnailUrl":"https:\/\/exaudi.org\/wp-content\/uploads\/2022\/01\/Disen\u0303o-sin-ti\u0301tulo-30.jpg","datePublished":"2022-01-20T10:25:25+00:00","dateModified":"2022-01-20T11:18:09+00:00","author":{"@id":"https:\/\/exaudi.org\/#\/schema\/person\/f5fc8f063065e38742da7afe15f25df7"},"description":"L\u00edbano: Llegan oraciones por la unidad de los cristianos desde Oriente Medio a trav\u00e9s de folletos propuestos a las Iglesias de todo el mundo.","breadcrumb":{"@id":"https:\/\/exaudi.org\/es\/libano-oraciones-por-la-unidad-de-los-cristianos-desde-oriente-medio\/#breadcrumb"},"inLanguage":"es","potentialAction":[{"@type":"ReadAction","target":["https:\/\/exaudi.org\/es\/libano-oraciones-por-la-unidad-de-los-cristianos-desde-oriente-medio\/"]}]},{"@type":"ImageObject","inLanguage":"es","@id":"https:\/\/exaudi.org\/es\/libano-oraciones-por-la-unidad-de-los-cristianos-desde-oriente-medio\/#primaryimage","url":"https:\/\/exaudi.org\/wp-content\/uploads\/2022\/01\/Disen\u0303o-sin-ti\u0301tulo-30.jpg","contentUrl":"https:\/\/exaudi.org\/wp-content\/uploads\/2022\/01\/Disen\u0303o-sin-ti\u0301tulo-30.jpg","width":1500,"height":1000,"caption":"Unidad de los cristianos \u00a9 Canva"},{"@type":"BreadcrumbList","@id":"https:\/\/exaudi.org\/es\/libano-oraciones-por-la-unidad-de-los-cristianos-desde-oriente-medio\/#breadcrumb","itemListElement":[{"@type":"ListItem","position":1,"name":"Portada","item":"https:\/\/exaudi.org\/es\/"},{"@type":"ListItem","position":2,"name":"L\u00edbano: Oraciones por la unidad de los cristianos desde Oriente Medio"}]},{"@type":"WebSite","@id":"https:\/\/exaudi.org\/#website","url":"https:\/\/exaudi.org\/","name":"Exaudi","description":"News","potentialAction":[{"@type":"SearchAction","target":{"@type":"EntryPoint","urlTemplate":"https:\/\/exaudi.org\/?s={search_term_string}"},"query-input":{"@type":"PropertyValueSpecification","valueRequired":true,"valueName":"search_term_string"}}],"inLanguage":"es"},{"@type":"Person","@id":"https:\/\/exaudi.org\/#\/schema\/person\/f5fc8f063065e38742da7afe15f25df7","name":"Exaudi Redacci\u00f3n","image":{"@type":"ImageObject","inLanguage":"es","@id":"https:\/\/secure.gravatar.com\/avatar\/fe0f6a059fb68d9b3e11bc5850dd4899b1c7492091a3cb6dd9b01b56ad828be2?s=96&d=mm&r=g","url":"https:\/\/secure.gravatar.com\/avatar\/fe0f6a059fb68d9b3e11bc5850dd4899b1c7492091a3cb6dd9b01b56ad828be2?s=96&d=mm&r=g","contentUrl":"https:\/\/secure.gravatar.com\/avatar\/fe0f6a059fb68d9b3e11bc5850dd4899b1c7492091a3cb6dd9b01b56ad828be2?s=96&d=mm&r=g","caption":"Exaudi Redacci\u00f3n"},"description":"\u00bfQu\u00e9 es Exaudi News? Exaudi News es un medio de comunicaci\u00f3n cat\u00f3lico internacional que informa, forma y transforma, diariamente en espa\u00f1ol, ingl\u00e9s e italiano. A trav\u00e9s de noticias, art\u00edculos de an\u00e1lisis y transmisiones en directo de los eventos del Papa, Exaudi busca fortalecer la unidad de los cristianos y contribuir a la evangelizaci\u00f3n del mundo, siempre guiados por la doctrina social de la Iglesia. Trabajamos para acercar la verdad y los valores cristianos a cada rinc\u00f3n del planeta. \u00a1Ay\u00fadanos a transformar el mundo con Exaudi! En Exaudi creemos que la evangelizaci\u00f3n y la informaci\u00f3n de calidad pueden cambiar vidas. Para continuar con nuestra misi\u00f3n y expandir nuestro alcance, necesitamos tu ayuda. Adem\u00e1s, buscamos personas comprometidas que deseen unirse a nuestro equipo. Con tu apoyo, lograremos llegar a m\u00e1s personas, difundir el mensaje de Cristo y reforzar la unidad de los cristianos. \u00bfTe unes a nuestra misi\u00f3n? Para m\u00e1s informaci\u00f3n sobre c\u00f3mo colaborar, visita Exaudi.org\/es o cont\u00e1ctanos directamente: info@exaudi.org Exaudi: Informa, forma y transforma.","sameAs":["https:\/\/www.facebook.com\/ExaudiNoticias\/","https:\/\/www.instagram.com\/exaudi_noticias\/","https:\/\/x.com\/Exaudi_noticias","https:\/\/www.youtube.com\/@exaudicatholicnews"],"url":"https:\/\/exaudi.org\/es\/author\/redaccionexaudi\/"}]}},"jetpack_featured_media_url":"https:\/\/exaudi.org\/wp-content\/uploads\/2022\/01\/Disen\u0303o-sin-ti\u0301tulo-30.jpg","jetpack_shortlink":"https:\/\/wp.me\/pgKjF2-cTt","_links":{"self":[{"href":"https:\/\/exaudi.org\/es\/wp-json\/wp\/v2\/posts\/49567","targetHints":{"allow":["GET"]}}],"collection":[{"href":"https:\/\/exaudi.org\/es\/wp-json\/wp\/v2\/posts"}],"about":[{"href":"https:\/\/exaudi.org\/es\/wp-json\/wp\/v2\/types\/post"}],"author":[{"embeddable":true,"href":"https:\/\/exaudi.org\/es\/wp-json\/wp\/v2\/users\/15"}],"replies":[{"embeddable":true,"href":"https:\/\/exaudi.org\/es\/wp-json\/wp\/v2\/comments?post=49567"}],"version-history":[{"count":0,"href":"https:\/\/exaudi.org\/es\/wp-json\/wp\/v2\/posts\/49567\/revisions"}],"wp:featuredmedia":[{"embeddable":true,"href":"https:\/\/exaudi.org\/es\/wp-json\/wp\/v2\/media\/49569"}],"wp:attachment":[{"href":"https:\/\/exaudi.org\/es\/wp-json\/wp\/v2\/media?parent=49567"}],"wp:term":[{"taxonomy":"category","embeddable":true,"href":"https:\/\/exaudi.org\/es\/wp-json\/wp\/v2\/categories?post=49567"},{"taxonomy":"post_tag","embeddable":true,"href":"https:\/\/exaudi.org\/es\/wp-json\/wp\/v2\/tags?post=49567"}],"curies":[{"name":"wp","href":"https:\/\/api.w.org\/{rel}","templated":true}]}}