{"id":4955,"date":"2021-03-07T17:30:16","date_gmt":"2021-03-07T16:30:16","guid":{"rendered":"https:\/\/exaudi.org\/?p=4955"},"modified":"2021-03-08T15:31:55","modified_gmt":"2021-03-08T14:31:55","slug":"andrea-tornielli-editorial-papa-martires-cristianos-irak","status":"publish","type":"post","link":"https:\/\/exaudi.org\/es\/andrea-tornielli-editorial-papa-martires-cristianos-irak\/","title":{"rendered":"Andrea Tornielli: La caricia del Papa a los m\u00e1rtires cristianos de Irak"},"content":{"rendered":"<p>A continuaci\u00f3n, compartimos el editorial de <a href=\"https:\/\/exaudi.org\/es\/author\/andreatornielli\/\" target=\"_blank\" rel=\"noopener noreferrer\">Andrea Tornielli<\/a>, director editorial del\u00a0<a href=\"https:\/\/www.comunicazione.va\/en.html\" target=\"_blank\" rel=\"noopener noreferrer\">Dicasterio para la Comunicaci\u00f3n<\/a> del Vaticano, titulado \u201cLa caricia del Papa a los m\u00e1rtires cristianos en Irak\u201d, publicado hoy, 7 de marzo de 2021 en <a href=\"https:\/\/www.vaticannews.va\/es.html\" target=\"_blank\" rel=\"noopener noreferrer\">Vatican News<\/a>.<\/p>\n<p>***<\/p>\n<p>Si la visita a Ur de los Caldeos tuvo un valor simb\u00f3lico para todo Oriente Medio y el mundo, las etapas del Papa hoy en Mosul y Qaraqosh, en el \u00faltimo d\u00eda completo de este hist\u00f3rico viaje a Iraq, el m\u00e1s importante del pontificado, tienen el valor del testimonio.<\/p>\n<p>En la zona m\u00e1s cristiana del pa\u00eds, miles de familias han tenido que abandonar sus hogares y todo lo que ten\u00edan ante la furia del fanatismo. La gran iglesia de la Inmaculada Concepci\u00f3n que acogi\u00f3 a Francisco se hab\u00eda convertido en una base de adiestramiento del ISIS.<\/p>\n<div>\n<aside class=\"article__readmore\">\n<div class=\"teaser--labelEvidence teaser teaser--type-video \">\n<article>\n<div class=\"teaser__contentWrapper\">\n<h4 class=\"teaser__title\"><strong>\u201cLa Iglesia en Irak est\u00e1 muy viva\u201d<\/strong><\/h4>\n<\/div>\n<\/article>\n<\/div>\n<\/aside>\n<\/div>\n<p>Una estatua de San Jos\u00e9 medio destruida dio la bienvenida al Sucesor de Pedro, que vino a confirmar a estas comunidades en la fe, pero tambi\u00e9n a ser \u00e9l mismo confirmado, por su testimonio hasta el derramamiento de sangre.<\/p>\n<p>\u00abIncluso en medio de la devastaci\u00f3n del terrorismo y de la guerra, podemos ver, con los ojos de la fe, el triunfo de la vida sobre la muerte\u00bb, dijo Francisco, invitando a \u00abrestaurar no s\u00f3lo los edificios, sino ante todo, los v\u00ednculos que unen a las comunidades y a las familias, a los j\u00f3venes y a los ancianos.\u00bb<\/p>\n<p>La guerra, el terrorismo, el odio, han dejado profundas heridas en los corazones, no s\u00f3lo escombros, capiteles desgarrados e im\u00e1genes de la Virgen Mar\u00eda con cabezas cortadas. El Papa record\u00f3 que el perd\u00f3n \u00abes necesario para permanecer en el amor, para permanecer cristianos\u00bb.<\/p>\n<p>El abrazo a los cristianos que junto a otros conciudadanos han sufrido persecuci\u00f3n, unido al otro abrazo de j\u00fabilo del estadio de Erbil, la ciudad donde muchos de ellos se refugiaron huyendo del ISIS; son el sello de una visita que todos hab\u00edan desaconsejado hacer al Papa.<\/p>\n<p>Pero el Obispo de la Iglesia de Roma, nacido de la sangre de los m\u00e1rtires, no pod\u00eda defraudar a estos hijos suyos. Y afront\u00f3 todos los riesgos para llevarles su caricia.<\/p>\n","protected":false},"excerpt":{"rendered":"<p>Editorial en Vatican News<\/p>\n","protected":false},"author":28,"featured_media":4961,"comment_status":"closed","ping_status":"closed","sticky":false,"template":"","format":"standard","meta":{"_acf_changed":false,"_crdt_document":"","inline_featured_image":false,"footnotes":""},"categories":[132,126,130],"tags":[504,553,554,555,327],"class_list":["post-4955","post","type-post","status-publish","format-standard","has-post-thumbnail","hentry","category-vaticano-es","category-viajes-papales","category-voces","tag-7-de-marzo-de-2021","tag-andrea-tornielli","tag-dicasterio-para-la-comunicacion-del-vaticano","tag-editorial","tag-viaje-a-irak-2021"],"acf":[],"yoast_head":"<!-- This site is optimized with the Yoast SEO plugin v27.5 - https:\/\/yoast.com\/product\/yoast-seo-wordpress\/ -->\n<title>Andrea Tornielli: La caricia del Papa a los m\u00e1rtires cristianos de Irak<\/title>\n<meta name=\"description\" content=\"Editorial de Andrea Tornielli, director editorial del\u00a0Dicasterio para la Comunicaci\u00f3n del Vaticano, sobre el Viaje del Papa a Irak en marzo.\" \/>\n<meta name=\"robots\" content=\"index, follow, max-snippet:-1, max-image-preview:large, max-video-preview:-1\" \/>\n<link rel=\"canonical\" href=\"https:\/\/exaudi.org\/es\/andrea-tornielli-editorial-papa-martires-cristianos-irak\/\" \/>\n<meta property=\"og:locale\" content=\"es_ES\" \/>\n<meta property=\"og:type\" content=\"article\" \/>\n<meta property=\"og:title\" content=\"Andrea Tornielli: La caricia del Papa a los m\u00e1rtires cristianos de Irak\" \/>\n<meta property=\"og:description\" content=\"Editorial de Andrea Tornielli, director editorial del\u00a0Dicasterio para la Comunicaci\u00f3n del Vaticano, sobre el Viaje del Papa a Irak en marzo.\" \/>\n<meta property=\"og:url\" content=\"https:\/\/exaudi.org\/es\/andrea-tornielli-editorial-papa-martires-cristianos-irak\/\" \/>\n<meta property=\"og:site_name\" content=\"Exaudi\" \/>\n<meta property=\"article:publisher\" content=\"https:\/\/www.facebook.com\/ExaudiNews\" \/>\n<meta property=\"article:published_time\" content=\"2021-03-07T16:30:16+00:00\" \/>\n<meta property=\"article:modified_time\" content=\"2021-03-08T14:31:55+00:00\" \/>\n<meta property=\"og:image\" content=\"https:\/\/exaudi.org\/wp-content\/uploads\/2021\/03\/cq5dam.web_.800.800-16.jpeg\" \/>\n\t<meta property=\"og:image:width\" content=\"800\" \/>\n\t<meta property=\"og:image:height\" content=\"533\" \/>\n\t<meta property=\"og:image:type\" content=\"image\/jpeg\" \/>\n<meta name=\"author\" content=\"Andrea Tornielli\" \/>\n<meta name=\"twitter:card\" content=\"summary_large_image\" \/>\n<meta name=\"twitter:creator\" content=\"@Exaudi_News\" \/>\n<meta name=\"twitter:site\" content=\"@Exaudi_News\" \/>\n<meta name=\"twitter:label1\" content=\"Escrito por\" \/>\n\t<meta name=\"twitter:data1\" content=\"Andrea Tornielli\" \/>\n\t<meta name=\"twitter:label2\" content=\"Tiempo de lectura\" \/>\n\t<meta name=\"twitter:data2\" content=\"2 minutos\" \/>\n<script type=\"application\/ld+json\" class=\"yoast-schema-graph\">{\"@context\":\"https:\\\/\\\/schema.org\",\"@graph\":[{\"@type\":\"Article\",\"@id\":\"https:\\\/\\\/exaudi.org\\\/es\\\/andrea-tornielli-editorial-papa-martires-cristianos-irak\\\/#article\",\"isPartOf\":{\"@id\":\"https:\\\/\\\/exaudi.org\\\/es\\\/andrea-tornielli-editorial-papa-martires-cristianos-irak\\\/\"},\"author\":{\"name\":\"Andrea Tornielli\",\"@id\":\"https:\\\/\\\/exaudi.org\\\/#\\\/schema\\\/person\\\/905112555d98e40d0a5cb5f6c333525d\"},\"headline\":\"Andrea Tornielli: La caricia del Papa a los m\u00e1rtires cristianos de Irak\",\"datePublished\":\"2021-03-07T16:30:16+00:00\",\"dateModified\":\"2021-03-08T14:31:55+00:00\",\"mainEntityOfPage\":{\"@id\":\"https:\\\/\\\/exaudi.org\\\/es\\\/andrea-tornielli-editorial-papa-martires-cristianos-irak\\\/\"},\"wordCount\":396,\"image\":{\"@id\":\"https:\\\/\\\/exaudi.org\\\/es\\\/andrea-tornielli-editorial-papa-martires-cristianos-irak\\\/#primaryimage\"},\"thumbnailUrl\":\"https:\\\/\\\/exaudi.org\\\/wp-content\\\/uploads\\\/2021\\\/03\\\/cq5dam.web_.800.800-16.jpeg\",\"keywords\":[\"7 de marzo de 2021\",\"Andrea Tornielli\",\"Dicasterio para la Comunicaci\u00f3n del Vaticano\",\"Editorial\",\"Viaje a Irak 2021\"],\"articleSection\":[\"Vaticano\",\"Viajes Papales\",\"Voces\"],\"inLanguage\":\"es\"},{\"@type\":\"WebPage\",\"@id\":\"https:\\\/\\\/exaudi.org\\\/es\\\/andrea-tornielli-editorial-papa-martires-cristianos-irak\\\/\",\"url\":\"https:\\\/\\\/exaudi.org\\\/es\\\/andrea-tornielli-editorial-papa-martires-cristianos-irak\\\/\",\"name\":\"Andrea Tornielli: La caricia del Papa a los m\u00e1rtires cristianos de Irak\",\"isPartOf\":{\"@id\":\"https:\\\/\\\/exaudi.org\\\/#website\"},\"primaryImageOfPage\":{\"@id\":\"https:\\\/\\\/exaudi.org\\\/es\\\/andrea-tornielli-editorial-papa-martires-cristianos-irak\\\/#primaryimage\"},\"image\":{\"@id\":\"https:\\\/\\\/exaudi.org\\\/es\\\/andrea-tornielli-editorial-papa-martires-cristianos-irak\\\/#primaryimage\"},\"thumbnailUrl\":\"https:\\\/\\\/exaudi.org\\\/wp-content\\\/uploads\\\/2021\\\/03\\\/cq5dam.web_.800.800-16.jpeg\",\"datePublished\":\"2021-03-07T16:30:16+00:00\",\"dateModified\":\"2021-03-08T14:31:55+00:00\",\"author\":{\"@id\":\"https:\\\/\\\/exaudi.org\\\/#\\\/schema\\\/person\\\/905112555d98e40d0a5cb5f6c333525d\"},\"description\":\"Editorial de Andrea Tornielli, director editorial del\u00a0Dicasterio para la Comunicaci\u00f3n del Vaticano, sobre el Viaje del Papa a Irak en marzo.\",\"breadcrumb\":{\"@id\":\"https:\\\/\\\/exaudi.org\\\/es\\\/andrea-tornielli-editorial-papa-martires-cristianos-irak\\\/#breadcrumb\"},\"inLanguage\":\"es\",\"potentialAction\":[{\"@type\":\"ReadAction\",\"target\":[\"https:\\\/\\\/exaudi.org\\\/es\\\/andrea-tornielli-editorial-papa-martires-cristianos-irak\\\/\"]}]},{\"@type\":\"ImageObject\",\"inLanguage\":\"es\",\"@id\":\"https:\\\/\\\/exaudi.org\\\/es\\\/andrea-tornielli-editorial-papa-martires-cristianos-irak\\\/#primaryimage\",\"url\":\"https:\\\/\\\/exaudi.org\\\/wp-content\\\/uploads\\\/2021\\\/03\\\/cq5dam.web_.800.800-16.jpeg\",\"contentUrl\":\"https:\\\/\\\/exaudi.org\\\/wp-content\\\/uploads\\\/2021\\\/03\\\/cq5dam.web_.800.800-16.jpeg\",\"width\":800,\"height\":533,\"caption\":\"El Papa en su visita a la comunidad de Qaraqosh \u00a9 Vatican Media\"},{\"@type\":\"BreadcrumbList\",\"@id\":\"https:\\\/\\\/exaudi.org\\\/es\\\/andrea-tornielli-editorial-papa-martires-cristianos-irak\\\/#breadcrumb\",\"itemListElement\":[{\"@type\":\"ListItem\",\"position\":1,\"name\":\"Portada\",\"item\":\"https:\\\/\\\/exaudi.org\\\/es\\\/\"},{\"@type\":\"ListItem\",\"position\":2,\"name\":\"Andrea Tornielli: La caricia del Papa a los m\u00e1rtires cristianos de Irak\"}]},{\"@type\":\"WebSite\",\"@id\":\"https:\\\/\\\/exaudi.org\\\/#website\",\"url\":\"https:\\\/\\\/exaudi.org\\\/\",\"name\":\"Exaudi\",\"description\":\"News\",\"potentialAction\":[{\"@type\":\"SearchAction\",\"target\":{\"@type\":\"EntryPoint\",\"urlTemplate\":\"https:\\\/\\\/exaudi.org\\\/?s={search_term_string}\"},\"query-input\":{\"@type\":\"PropertyValueSpecification\",\"valueRequired\":true,\"valueName\":\"search_term_string\"}}],\"inLanguage\":\"es\"},{\"@type\":\"Person\",\"@id\":\"https:\\\/\\\/exaudi.org\\\/#\\\/schema\\\/person\\\/905112555d98e40d0a5cb5f6c333525d\",\"name\":\"Andrea Tornielli\",\"image\":{\"@type\":\"ImageObject\",\"inLanguage\":\"es\",\"@id\":\"https:\\\/\\\/secure.gravatar.com\\\/avatar\\\/a7c31b8d7949cbeb65f3b15b84ede68404db375542f9df44f41df8977a667834?s=96&d=mm&r=g\",\"url\":\"https:\\\/\\\/secure.gravatar.com\\\/avatar\\\/a7c31b8d7949cbeb65f3b15b84ede68404db375542f9df44f41df8977a667834?s=96&d=mm&r=g\",\"contentUrl\":\"https:\\\/\\\/secure.gravatar.com\\\/avatar\\\/a7c31b8d7949cbeb65f3b15b84ede68404db375542f9df44f41df8977a667834?s=96&d=mm&r=g\",\"caption\":\"Andrea Tornielli\"},\"description\":\"Director editorial del Dicasterio para la Comunicaci\u00f3n del Vaticano. Se gradu\u00f3 en Historia de la Lengua Griega en la Universidad de Padua. Redactor de la revista 30 Giorni, de 1992 a 1996. A partir de ese a\u00f1o, trabaj\u00f3 para el peri\u00f3dico Il Giornale hasta2011. En abril de 2011 pas\u00f3 al peri\u00f3dico La Stampa, all\u00ed ejerci\u00f3 como coordinador el sitio web de Vatican Insider. Colaborador con diferentes secciones internacionales, se ocupa del blog \u201cPalacios Sacros\u201d dedicado a la informaci\u00f3n vaticana (www.andreatornielli.it). Escritor de unos 50 t\u00edtulos entre libros y ensayos dedicados a la historia de la Iglesia, muchos de ellos traducidos a distintos idiomas.\",\"url\":\"https:\\\/\\\/exaudi.org\\\/es\\\/author\\\/andreatornielli\\\/\"}]}<\/script>\n<!-- \/ Yoast SEO plugin. -->","yoast_head_json":{"title":"Andrea Tornielli: La caricia del Papa a los m\u00e1rtires cristianos de Irak","description":"Editorial de Andrea Tornielli, director editorial del\u00a0Dicasterio para la Comunicaci\u00f3n del Vaticano, sobre el Viaje del Papa a Irak en marzo.","robots":{"index":"index","follow":"follow","max-snippet":"max-snippet:-1","max-image-preview":"max-image-preview:large","max-video-preview":"max-video-preview:-1"},"canonical":"https:\/\/exaudi.org\/es\/andrea-tornielli-editorial-papa-martires-cristianos-irak\/","og_locale":"es_ES","og_type":"article","og_title":"Andrea Tornielli: La caricia del Papa a los m\u00e1rtires cristianos de Irak","og_description":"Editorial de Andrea Tornielli, director editorial del\u00a0Dicasterio para la Comunicaci\u00f3n del Vaticano, sobre el Viaje del Papa a Irak en marzo.","og_url":"https:\/\/exaudi.org\/es\/andrea-tornielli-editorial-papa-martires-cristianos-irak\/","og_site_name":"Exaudi","article_publisher":"https:\/\/www.facebook.com\/ExaudiNews","article_published_time":"2021-03-07T16:30:16+00:00","article_modified_time":"2021-03-08T14:31:55+00:00","og_image":[{"width":800,"height":533,"url":"https:\/\/exaudi.org\/wp-content\/uploads\/2021\/03\/cq5dam.web_.800.800-16.jpeg","type":"image\/jpeg"}],"author":"Andrea Tornielli","twitter_card":"summary_large_image","twitter_creator":"@Exaudi_News","twitter_site":"@Exaudi_News","twitter_misc":{"Escrito por":"Andrea Tornielli","Tiempo de lectura":"2 minutos"},"schema":{"@context":"https:\/\/schema.org","@graph":[{"@type":"Article","@id":"https:\/\/exaudi.org\/es\/andrea-tornielli-editorial-papa-martires-cristianos-irak\/#article","isPartOf":{"@id":"https:\/\/exaudi.org\/es\/andrea-tornielli-editorial-papa-martires-cristianos-irak\/"},"author":{"name":"Andrea Tornielli","@id":"https:\/\/exaudi.org\/#\/schema\/person\/905112555d98e40d0a5cb5f6c333525d"},"headline":"Andrea Tornielli: La caricia del Papa a los m\u00e1rtires cristianos de Irak","datePublished":"2021-03-07T16:30:16+00:00","dateModified":"2021-03-08T14:31:55+00:00","mainEntityOfPage":{"@id":"https:\/\/exaudi.org\/es\/andrea-tornielli-editorial-papa-martires-cristianos-irak\/"},"wordCount":396,"image":{"@id":"https:\/\/exaudi.org\/es\/andrea-tornielli-editorial-papa-martires-cristianos-irak\/#primaryimage"},"thumbnailUrl":"https:\/\/exaudi.org\/wp-content\/uploads\/2021\/03\/cq5dam.web_.800.800-16.jpeg","keywords":["7 de marzo de 2021","Andrea Tornielli","Dicasterio para la Comunicaci\u00f3n del Vaticano","Editorial","Viaje a Irak 2021"],"articleSection":["Vaticano","Viajes Papales","Voces"],"inLanguage":"es"},{"@type":"WebPage","@id":"https:\/\/exaudi.org\/es\/andrea-tornielli-editorial-papa-martires-cristianos-irak\/","url":"https:\/\/exaudi.org\/es\/andrea-tornielli-editorial-papa-martires-cristianos-irak\/","name":"Andrea Tornielli: La caricia del Papa a los m\u00e1rtires cristianos de Irak","isPartOf":{"@id":"https:\/\/exaudi.org\/#website"},"primaryImageOfPage":{"@id":"https:\/\/exaudi.org\/es\/andrea-tornielli-editorial-papa-martires-cristianos-irak\/#primaryimage"},"image":{"@id":"https:\/\/exaudi.org\/es\/andrea-tornielli-editorial-papa-martires-cristianos-irak\/#primaryimage"},"thumbnailUrl":"https:\/\/exaudi.org\/wp-content\/uploads\/2021\/03\/cq5dam.web_.800.800-16.jpeg","datePublished":"2021-03-07T16:30:16+00:00","dateModified":"2021-03-08T14:31:55+00:00","author":{"@id":"https:\/\/exaudi.org\/#\/schema\/person\/905112555d98e40d0a5cb5f6c333525d"},"description":"Editorial de Andrea Tornielli, director editorial del\u00a0Dicasterio para la Comunicaci\u00f3n del Vaticano, sobre el Viaje del Papa a Irak en marzo.","breadcrumb":{"@id":"https:\/\/exaudi.org\/es\/andrea-tornielli-editorial-papa-martires-cristianos-irak\/#breadcrumb"},"inLanguage":"es","potentialAction":[{"@type":"ReadAction","target":["https:\/\/exaudi.org\/es\/andrea-tornielli-editorial-papa-martires-cristianos-irak\/"]}]},{"@type":"ImageObject","inLanguage":"es","@id":"https:\/\/exaudi.org\/es\/andrea-tornielli-editorial-papa-martires-cristianos-irak\/#primaryimage","url":"https:\/\/exaudi.org\/wp-content\/uploads\/2021\/03\/cq5dam.web_.800.800-16.jpeg","contentUrl":"https:\/\/exaudi.org\/wp-content\/uploads\/2021\/03\/cq5dam.web_.800.800-16.jpeg","width":800,"height":533,"caption":"El Papa en su visita a la comunidad de Qaraqosh \u00a9 Vatican Media"},{"@type":"BreadcrumbList","@id":"https:\/\/exaudi.org\/es\/andrea-tornielli-editorial-papa-martires-cristianos-irak\/#breadcrumb","itemListElement":[{"@type":"ListItem","position":1,"name":"Portada","item":"https:\/\/exaudi.org\/es\/"},{"@type":"ListItem","position":2,"name":"Andrea Tornielli: La caricia del Papa a los m\u00e1rtires cristianos de Irak"}]},{"@type":"WebSite","@id":"https:\/\/exaudi.org\/#website","url":"https:\/\/exaudi.org\/","name":"Exaudi","description":"News","potentialAction":[{"@type":"SearchAction","target":{"@type":"EntryPoint","urlTemplate":"https:\/\/exaudi.org\/?s={search_term_string}"},"query-input":{"@type":"PropertyValueSpecification","valueRequired":true,"valueName":"search_term_string"}}],"inLanguage":"es"},{"@type":"Person","@id":"https:\/\/exaudi.org\/#\/schema\/person\/905112555d98e40d0a5cb5f6c333525d","name":"Andrea Tornielli","image":{"@type":"ImageObject","inLanguage":"es","@id":"https:\/\/secure.gravatar.com\/avatar\/a7c31b8d7949cbeb65f3b15b84ede68404db375542f9df44f41df8977a667834?s=96&d=mm&r=g","url":"https:\/\/secure.gravatar.com\/avatar\/a7c31b8d7949cbeb65f3b15b84ede68404db375542f9df44f41df8977a667834?s=96&d=mm&r=g","contentUrl":"https:\/\/secure.gravatar.com\/avatar\/a7c31b8d7949cbeb65f3b15b84ede68404db375542f9df44f41df8977a667834?s=96&d=mm&r=g","caption":"Andrea Tornielli"},"description":"Director editorial del Dicasterio para la Comunicaci\u00f3n del Vaticano. Se gradu\u00f3 en Historia de la Lengua Griega en la Universidad de Padua. Redactor de la revista 30 Giorni, de 1992 a 1996. A partir de ese a\u00f1o, trabaj\u00f3 para el peri\u00f3dico Il Giornale hasta2011. En abril de 2011 pas\u00f3 al peri\u00f3dico La Stampa, all\u00ed ejerci\u00f3 como coordinador el sitio web de Vatican Insider. Colaborador con diferentes secciones internacionales, se ocupa del blog \u201cPalacios Sacros\u201d dedicado a la informaci\u00f3n vaticana (www.andreatornielli.it). Escritor de unos 50 t\u00edtulos entre libros y ensayos dedicados a la historia de la Iglesia, muchos de ellos traducidos a distintos idiomas.","url":"https:\/\/exaudi.org\/es\/author\/andreatornielli\/"}]}},"jetpack_featured_media_url":"https:\/\/exaudi.org\/wp-content\/uploads\/2021\/03\/cq5dam.web_.800.800-16.jpeg","jetpack_shortlink":"https:\/\/wp.me\/pgKjF2-1hV","_links":{"self":[{"href":"https:\/\/exaudi.org\/es\/wp-json\/wp\/v2\/posts\/4955","targetHints":{"allow":["GET"]}}],"collection":[{"href":"https:\/\/exaudi.org\/es\/wp-json\/wp\/v2\/posts"}],"about":[{"href":"https:\/\/exaudi.org\/es\/wp-json\/wp\/v2\/types\/post"}],"author":[{"embeddable":true,"href":"https:\/\/exaudi.org\/es\/wp-json\/wp\/v2\/users\/28"}],"replies":[{"embeddable":true,"href":"https:\/\/exaudi.org\/es\/wp-json\/wp\/v2\/comments?post=4955"}],"version-history":[{"count":0,"href":"https:\/\/exaudi.org\/es\/wp-json\/wp\/v2\/posts\/4955\/revisions"}],"wp:featuredmedia":[{"embeddable":true,"href":"https:\/\/exaudi.org\/es\/wp-json\/wp\/v2\/media\/4961"}],"wp:attachment":[{"href":"https:\/\/exaudi.org\/es\/wp-json\/wp\/v2\/media?parent=4955"}],"wp:term":[{"taxonomy":"category","embeddable":true,"href":"https:\/\/exaudi.org\/es\/wp-json\/wp\/v2\/categories?post=4955"},{"taxonomy":"post_tag","embeddable":true,"href":"https:\/\/exaudi.org\/es\/wp-json\/wp\/v2\/tags?post=4955"}],"curies":[{"name":"wp","href":"https:\/\/api.w.org\/{rel}","templated":true}]}}