{"id":49545,"date":"2022-01-20T10:22:42","date_gmt":"2022-01-20T09:22:42","guid":{"rendered":"https:\/\/exaudi.org\/?p=49545"},"modified":"2022-01-20T11:54:32","modified_gmt":"2022-01-20T10:54:32","slug":"lideres-catolicas-dialogo-internacional-teorias-genero","status":"publish","type":"post","link":"https:\/\/exaudi.org\/es\/lideres-catolicas-dialogo-internacional-teorias-genero\/","title":{"rendered":"L\u00edderes cat\u00f3licas: Di\u00e1logo internacional sobre teor\u00edas de g\u00e9nero"},"content":{"rendered":"<p>La Red Internacional de Mujeres de la Academia Latinoamericana de <a href=\"https:\/\/exaudi.org\/es\/dia-mujer-manifiesto-lideres-catolicas-america-europa\/\">L\u00edderes Cat\u00f3licas<\/a> convoca al Primer Di\u00e1logo Internacional entre mujeres cat\u00f3licas sobre teor\u00edas de g\u00e9nero y la identidad cat\u00f3lica.<\/p>\n<p>El evento, que tendr\u00e1 lugar el 27 de enero del 2022 en formato online, contar\u00e1 con la experta cat\u00f3lica Marta Rodr\u00edguez, informa una nota de <a href=\"https:\/\/www.liderescatolicos.net\/\">la Academia Latinoamericana de L\u00edderes Cat\u00f3licos<\/a>.<\/p>\n<p>Marta fue la jefa de la secci\u00f3n Mujer del Dicasterio Laicos, Vida y Familia de la Santa Sede; es consagrada del movimiento <em>Regnum Christi<\/em>, Bioeticista, fil\u00f3sofa y doctora en Antropolog\u00eda por la Universidad Pontificia Gregoriana. Acaba de publicar su tesis doctoral sobre las ra\u00edces filos\u00f3ficas de la teor\u00eda de g\u00e9nero. Es parte del comit\u00e9 directivo de la revista Mujer, Iglesia y Mundo de <em>L\u2019Osservatore Romano<\/em>.<\/p>\n<p>La Academia de L\u00edderes Cat\u00f3licos es un centro de formaci\u00f3n y pensamiento internacional presidido por el Cardenal Carlos Aguiar Retes, que tiene como uno de sus objetivos, ser \u201clugar de convocaci\u00f3n y casa com\u00fan, de reflexiones compartidas, di\u00e1logos abiertos e iniciativas comunes, para todos los cat\u00f3licos que manifiestan la exigencia y necesidad de crecer en la fe, de profundizar una mirada cristiana sobre la realidad, de testimoniarla con coherencia en el debate p\u00fablico y de inculturar sus contenidos como contribuci\u00f3n original en la dial\u00e9ctica democr\u00e1tica ciudadana\u201d.<\/p>\n<p>Para ello, crea, promueve e impulsa la formaci\u00f3n de redes internacionales formadas por cat\u00f3licos en algunos de los temas que tienen una importancia estrat\u00e9gica, como son los l\u00edderes pol\u00edticos, l\u00edderes populares o mujeres l\u00edderes. Bajo esa consideraci\u00f3n se constituy\u00f3 la Red Internacional de Mujeres Cat\u00f3licas para un nuevo feminismo, cuya misi\u00f3n es promover, elaborar e implementar reflexiones y acciones concretas para un nuevo feminismo en el contexto actual, a partir del Magisterio Social de la Iglesia Cat\u00f3lica, destinado a todos los hombres y mujeres de buena voluntad.<\/p>\n<p>La Red Internacional de Mujeres es presidida por Alejandra Segura, quien es adem\u00e1s consejera para Am\u00e9rica Latina y el Caribe de la Universidad de Notre Dame USA; quien ha impulsado estos Di\u00e1logos Internacionales entre mujeres como un espacio peri\u00f3dico para que mujeres de distintas realidades dialoguen temas centrales para un nuevo feminismo y el rol femenino en la sociedad y la Iglesia con varios de los principales referentes internacionales del pensamiento social de la Iglesia sobre la mujer.<\/p>\n<p>El primer Di\u00e1logo de este a\u00f1o esta dedicado al tema \u2018Teor\u00edas de G\u00e9nero e Identidad Cat\u00f3lica\u2019 el cual busca responder a inquietudes como \u00bfCu\u00e1l es la mirada de la Iglesia sobre el g\u00e9nero?, \u00bfEs lo mismo teor\u00edas de g\u00e9nero que ideolog\u00eda de g\u00e9nero?, \u00bfc\u00f3mo se puede acompa\u00f1ar pastoralmente?<\/p>\n<p>Marta Rodr\u00edguez anticipa: \u201cNo es lo mismo perspectiva que ideolog\u00eda de g\u00e9nero. La categor\u00eda de g\u00e9nero es una categor\u00eda \u00fatil para el an\u00e1lisis cultural, porque permite distinguir las caracter\u00edsticas y matices que cada cultura ha asociado al ser hombre y el ser mujer. Sexo y g\u00e9nero se pueden distinguir, pero no separar (<a href=\"https:\/\/exaudi.org\/es\/exhortacion-apostolica-postsinodal-amoris-laetitia-papa-francisco-texto-completo\/\" target=\"_blank\" rel=\"noopener\"><em>Amoris Laetitia<\/em> 56<\/a>). Estos son temas delicados, que buscaremos afrontar con rigor durante el di\u00e1logo\u201d.<\/p>\n<p>La Academia Latinoamericana de L\u00edderes Cat\u00f3licos es un centro de formaci\u00f3n internacional con presencia en 9 pa\u00edses de Am\u00e9rica Latina cuya misi\u00f3n es formar l\u00edderes desde una perspectiva cat\u00f3lica, arraigados en la fe de la Iglesia, para transformar el mundo social, pol\u00edtico y econ\u00f3mico a la luz de la Doctrina Social de la Iglesia.<\/p>\n<p>Para participar del di\u00e1logo, puede inscribirse en esta <a href=\"http:\/\/www.liderescatolicos.net\/dialogosdemujeres\/\">web<\/a>.<\/p>\n<p>El horario de este evento es:<\/p>\n<p>10:30 a 12:30 horas M\u00e9xico y Centroam\u00e9rica.<\/p>\n<p>11:30 a 13:30 horas Colombia, Ecuador, Per\u00fa, Panam\u00e1, Washington.<\/p>\n<p>12:30 a 14:30 horas Venezuela y Bolivia.<\/p>\n<p>13:30 a 15:30 horas Argentina, Brasil, Chile, Uruguay.<\/p>\n<p>16:30 a 18:30 horas Portugal.<\/p>\n<p>17:30 a 19:30 horas Espa\u00f1a, Italia y Guinea Ecuatorial.<\/p>\n","protected":false},"excerpt":{"rendered":"<p>Con Marta Rodr\u00edguez, fil\u00f3sofa y doctora en Antropolog\u00eda, ex jefa de la secci\u00f3n Mujer del Dicasterio Laicos, Vida y Familia <\/p>\n","protected":false},"author":15,"featured_media":49572,"comment_status":"closed","ping_status":"closed","sticky":false,"template":"","format":"standard","meta":{"_acf_changed":false,"_crdt_document":"","inline_featured_image":false,"footnotes":""},"categories":[84],"tags":[765,5590,5589],"class_list":["post-49545","post","type-post","status-publish","format-standard","has-post-thumbnail","hentry","category-eventos-internacionales","tag-academia-de-lideres-catolicos","tag-mujeres-catolicas","tag-red-internacional-de-mujeres-de-la-academia-latinoamericana-de-lideres-catolicas"],"acf":[],"yoast_head":"<!-- This site is optimized with the Yoast SEO plugin v27.5 - https:\/\/yoast.com\/product\/yoast-seo-wordpress\/ -->\n<title>L\u00edderes cat\u00f3licas: Di\u00e1logo internacional sobre teor\u00edas de g\u00e9nero &#8211; Exaudi<\/title>\n<meta name=\"description\" content=\"Red Internacional de Mujeres de la Academia Latinoamericana de L\u00edderes Cat\u00f3licas convoca al I Di\u00e1logo Internacional sobre teor\u00edas de g\u00e9nero\" \/>\n<meta name=\"robots\" content=\"index, follow, max-snippet:-1, max-image-preview:large, max-video-preview:-1\" \/>\n<link rel=\"canonical\" href=\"https:\/\/exaudi.org\/es\/lideres-catolicas-dialogo-internacional-teorias-genero\/\" \/>\n<meta property=\"og:locale\" content=\"es_ES\" \/>\n<meta property=\"og:type\" content=\"article\" \/>\n<meta property=\"og:title\" content=\"L\u00edderes cat\u00f3licas: Di\u00e1logo internacional sobre teor\u00edas de g\u00e9nero &#8211; Exaudi\" \/>\n<meta property=\"og:description\" content=\"Red Internacional de Mujeres de la Academia Latinoamericana de L\u00edderes Cat\u00f3licas convoca al I Di\u00e1logo Internacional sobre teor\u00edas de g\u00e9nero\" \/>\n<meta property=\"og:url\" content=\"https:\/\/exaudi.org\/es\/lideres-catolicas-dialogo-internacional-teorias-genero\/\" \/>\n<meta property=\"og:site_name\" content=\"Exaudi\" \/>\n<meta property=\"article:publisher\" content=\"https:\/\/www.facebook.com\/ExaudiNews\" \/>\n<meta property=\"article:author\" content=\"https:\/\/www.facebook.com\/ExaudiNoticias\/\" \/>\n<meta property=\"article:published_time\" content=\"2022-01-20T09:22:42+00:00\" \/>\n<meta property=\"article:modified_time\" content=\"2022-01-20T10:54:32+00:00\" \/>\n<meta property=\"og:image\" content=\"https:\/\/exaudi.org\/wp-content\/uploads\/2022\/01\/El-Papa-con-algunas-mujeres.webp\" \/>\n\t<meta property=\"og:image:width\" content=\"900\" \/>\n\t<meta property=\"og:image:height\" content=\"500\" \/>\n\t<meta property=\"og:image:type\" content=\"image\/webp\" \/>\n<meta name=\"author\" content=\"Exaudi Redacci\u00f3n\" \/>\n<meta name=\"twitter:card\" content=\"summary_large_image\" \/>\n<meta name=\"twitter:creator\" content=\"@Exaudi_noticias\" \/>\n<meta name=\"twitter:site\" content=\"@Exaudi_News\" \/>\n<meta name=\"twitter:label1\" content=\"Escrito por\" \/>\n\t<meta name=\"twitter:data1\" content=\"Exaudi Redacci\u00f3n\" \/>\n\t<meta name=\"twitter:label2\" content=\"Tiempo de lectura\" \/>\n\t<meta name=\"twitter:data2\" content=\"3 minutos\" \/>\n<script type=\"application\/ld+json\" class=\"yoast-schema-graph\">{\"@context\":\"https:\\\/\\\/schema.org\",\"@graph\":[{\"@type\":\"Article\",\"@id\":\"https:\\\/\\\/exaudi.org\\\/es\\\/lideres-catolicas-dialogo-internacional-teorias-genero\\\/#article\",\"isPartOf\":{\"@id\":\"https:\\\/\\\/exaudi.org\\\/es\\\/lideres-catolicas-dialogo-internacional-teorias-genero\\\/\"},\"author\":{\"name\":\"Exaudi Redacci\u00f3n\",\"@id\":\"https:\\\/\\\/exaudi.org\\\/#\\\/schema\\\/person\\\/f5fc8f063065e38742da7afe15f25df7\"},\"headline\":\"L\u00edderes cat\u00f3licas: Di\u00e1logo internacional sobre teor\u00edas de g\u00e9nero\",\"datePublished\":\"2022-01-20T09:22:42+00:00\",\"dateModified\":\"2022-01-20T10:54:32+00:00\",\"mainEntityOfPage\":{\"@id\":\"https:\\\/\\\/exaudi.org\\\/es\\\/lideres-catolicas-dialogo-internacional-teorias-genero\\\/\"},\"wordCount\":683,\"image\":{\"@id\":\"https:\\\/\\\/exaudi.org\\\/es\\\/lideres-catolicas-dialogo-internacional-teorias-genero\\\/#primaryimage\"},\"thumbnailUrl\":\"https:\\\/\\\/exaudi.org\\\/wp-content\\\/uploads\\\/2022\\\/01\\\/El-Papa-con-algunas-mujeres.webp\",\"keywords\":[\"Academia de L\u00edderes Cat\u00f3licos\",\"mujeres cat\u00f3licas\",\"Red Internacional de Mujeres de la Academia Latinoamericana de L\u00edderes Cat\u00f3licas\"],\"articleSection\":[\"Eventos internacionales\"],\"inLanguage\":\"es\"},{\"@type\":\"WebPage\",\"@id\":\"https:\\\/\\\/exaudi.org\\\/es\\\/lideres-catolicas-dialogo-internacional-teorias-genero\\\/\",\"url\":\"https:\\\/\\\/exaudi.org\\\/es\\\/lideres-catolicas-dialogo-internacional-teorias-genero\\\/\",\"name\":\"L\u00edderes cat\u00f3licas: Di\u00e1logo internacional sobre teor\u00edas de g\u00e9nero &#8211; Exaudi\",\"isPartOf\":{\"@id\":\"https:\\\/\\\/exaudi.org\\\/#website\"},\"primaryImageOfPage\":{\"@id\":\"https:\\\/\\\/exaudi.org\\\/es\\\/lideres-catolicas-dialogo-internacional-teorias-genero\\\/#primaryimage\"},\"image\":{\"@id\":\"https:\\\/\\\/exaudi.org\\\/es\\\/lideres-catolicas-dialogo-internacional-teorias-genero\\\/#primaryimage\"},\"thumbnailUrl\":\"https:\\\/\\\/exaudi.org\\\/wp-content\\\/uploads\\\/2022\\\/01\\\/El-Papa-con-algunas-mujeres.webp\",\"datePublished\":\"2022-01-20T09:22:42+00:00\",\"dateModified\":\"2022-01-20T10:54:32+00:00\",\"author\":{\"@id\":\"https:\\\/\\\/exaudi.org\\\/#\\\/schema\\\/person\\\/f5fc8f063065e38742da7afe15f25df7\"},\"description\":\"Red Internacional de Mujeres de la Academia Latinoamericana de L\u00edderes Cat\u00f3licas convoca al I Di\u00e1logo Internacional sobre teor\u00edas de g\u00e9nero\",\"breadcrumb\":{\"@id\":\"https:\\\/\\\/exaudi.org\\\/es\\\/lideres-catolicas-dialogo-internacional-teorias-genero\\\/#breadcrumb\"},\"inLanguage\":\"es\",\"potentialAction\":[{\"@type\":\"ReadAction\",\"target\":[\"https:\\\/\\\/exaudi.org\\\/es\\\/lideres-catolicas-dialogo-internacional-teorias-genero\\\/\"]}]},{\"@type\":\"ImageObject\",\"inLanguage\":\"es\",\"@id\":\"https:\\\/\\\/exaudi.org\\\/es\\\/lideres-catolicas-dialogo-internacional-teorias-genero\\\/#primaryimage\",\"url\":\"https:\\\/\\\/exaudi.org\\\/wp-content\\\/uploads\\\/2022\\\/01\\\/El-Papa-con-algunas-mujeres.webp\",\"contentUrl\":\"https:\\\/\\\/exaudi.org\\\/wp-content\\\/uploads\\\/2022\\\/01\\\/El-Papa-con-algunas-mujeres.webp\",\"width\":900,\"height\":500,\"caption\":\"El Papa con algunas mujeres \u00a9 Vatican Media\"},{\"@type\":\"BreadcrumbList\",\"@id\":\"https:\\\/\\\/exaudi.org\\\/es\\\/lideres-catolicas-dialogo-internacional-teorias-genero\\\/#breadcrumb\",\"itemListElement\":[{\"@type\":\"ListItem\",\"position\":1,\"name\":\"Portada\",\"item\":\"https:\\\/\\\/exaudi.org\\\/es\\\/\"},{\"@type\":\"ListItem\",\"position\":2,\"name\":\"L\u00edderes cat\u00f3licas: Di\u00e1logo internacional sobre teor\u00edas de g\u00e9nero\"}]},{\"@type\":\"WebSite\",\"@id\":\"https:\\\/\\\/exaudi.org\\\/#website\",\"url\":\"https:\\\/\\\/exaudi.org\\\/\",\"name\":\"Exaudi\",\"description\":\"News\",\"potentialAction\":[{\"@type\":\"SearchAction\",\"target\":{\"@type\":\"EntryPoint\",\"urlTemplate\":\"https:\\\/\\\/exaudi.org\\\/?s={search_term_string}\"},\"query-input\":{\"@type\":\"PropertyValueSpecification\",\"valueRequired\":true,\"valueName\":\"search_term_string\"}}],\"inLanguage\":\"es\"},{\"@type\":\"Person\",\"@id\":\"https:\\\/\\\/exaudi.org\\\/#\\\/schema\\\/person\\\/f5fc8f063065e38742da7afe15f25df7\",\"name\":\"Exaudi Redacci\u00f3n\",\"image\":{\"@type\":\"ImageObject\",\"inLanguage\":\"es\",\"@id\":\"https:\\\/\\\/secure.gravatar.com\\\/avatar\\\/fe0f6a059fb68d9b3e11bc5850dd4899b1c7492091a3cb6dd9b01b56ad828be2?s=96&d=mm&r=g\",\"url\":\"https:\\\/\\\/secure.gravatar.com\\\/avatar\\\/fe0f6a059fb68d9b3e11bc5850dd4899b1c7492091a3cb6dd9b01b56ad828be2?s=96&d=mm&r=g\",\"contentUrl\":\"https:\\\/\\\/secure.gravatar.com\\\/avatar\\\/fe0f6a059fb68d9b3e11bc5850dd4899b1c7492091a3cb6dd9b01b56ad828be2?s=96&d=mm&r=g\",\"caption\":\"Exaudi Redacci\u00f3n\"},\"description\":\"\u00bfQu\u00e9 es Exaudi News? Exaudi News es un medio de comunicaci\u00f3n cat\u00f3lico internacional que informa, forma y transforma, diariamente en espa\u00f1ol, ingl\u00e9s e italiano. A trav\u00e9s de noticias, art\u00edculos de an\u00e1lisis y transmisiones en directo de los eventos del Papa, Exaudi busca fortalecer la unidad de los cristianos y contribuir a la evangelizaci\u00f3n del mundo, siempre guiados por la doctrina social de la Iglesia. Trabajamos para acercar la verdad y los valores cristianos a cada rinc\u00f3n del planeta. \u00a1Ay\u00fadanos a transformar el mundo con Exaudi! En Exaudi creemos que la evangelizaci\u00f3n y la informaci\u00f3n de calidad pueden cambiar vidas. Para continuar con nuestra misi\u00f3n y expandir nuestro alcance, necesitamos tu ayuda. Adem\u00e1s, buscamos personas comprometidas que deseen unirse a nuestro equipo. Con tu apoyo, lograremos llegar a m\u00e1s personas, difundir el mensaje de Cristo y reforzar la unidad de los cristianos. \u00bfTe unes a nuestra misi\u00f3n? Para m\u00e1s informaci\u00f3n sobre c\u00f3mo colaborar, visita Exaudi.org\\\/es o cont\u00e1ctanos directamente: info@exaudi.org Exaudi: Informa, forma y transforma.\",\"sameAs\":[\"https:\\\/\\\/www.facebook.com\\\/ExaudiNoticias\\\/\",\"https:\\\/\\\/www.instagram.com\\\/exaudi_noticias\\\/\",\"https:\\\/\\\/x.com\\\/Exaudi_noticias\",\"https:\\\/\\\/www.youtube.com\\\/@exaudicatholicnews\"],\"url\":\"https:\\\/\\\/exaudi.org\\\/es\\\/author\\\/redaccionexaudi\\\/\"}]}<\/script>\n<!-- \/ Yoast SEO plugin. -->","yoast_head_json":{"title":"L\u00edderes cat\u00f3licas: Di\u00e1logo internacional sobre teor\u00edas de g\u00e9nero &#8211; Exaudi","description":"Red Internacional de Mujeres de la Academia Latinoamericana de L\u00edderes Cat\u00f3licas convoca al I Di\u00e1logo Internacional sobre teor\u00edas de g\u00e9nero","robots":{"index":"index","follow":"follow","max-snippet":"max-snippet:-1","max-image-preview":"max-image-preview:large","max-video-preview":"max-video-preview:-1"},"canonical":"https:\/\/exaudi.org\/es\/lideres-catolicas-dialogo-internacional-teorias-genero\/","og_locale":"es_ES","og_type":"article","og_title":"L\u00edderes cat\u00f3licas: Di\u00e1logo internacional sobre teor\u00edas de g\u00e9nero &#8211; Exaudi","og_description":"Red Internacional de Mujeres de la Academia Latinoamericana de L\u00edderes Cat\u00f3licas convoca al I Di\u00e1logo Internacional sobre teor\u00edas de g\u00e9nero","og_url":"https:\/\/exaudi.org\/es\/lideres-catolicas-dialogo-internacional-teorias-genero\/","og_site_name":"Exaudi","article_publisher":"https:\/\/www.facebook.com\/ExaudiNews","article_author":"https:\/\/www.facebook.com\/ExaudiNoticias\/","article_published_time":"2022-01-20T09:22:42+00:00","article_modified_time":"2022-01-20T10:54:32+00:00","og_image":[{"width":900,"height":500,"url":"https:\/\/exaudi.org\/wp-content\/uploads\/2022\/01\/El-Papa-con-algunas-mujeres.webp","type":"image\/webp"}],"author":"Exaudi Redacci\u00f3n","twitter_card":"summary_large_image","twitter_creator":"@Exaudi_noticias","twitter_site":"@Exaudi_News","twitter_misc":{"Escrito por":"Exaudi Redacci\u00f3n","Tiempo de lectura":"3 minutos"},"schema":{"@context":"https:\/\/schema.org","@graph":[{"@type":"Article","@id":"https:\/\/exaudi.org\/es\/lideres-catolicas-dialogo-internacional-teorias-genero\/#article","isPartOf":{"@id":"https:\/\/exaudi.org\/es\/lideres-catolicas-dialogo-internacional-teorias-genero\/"},"author":{"name":"Exaudi Redacci\u00f3n","@id":"https:\/\/exaudi.org\/#\/schema\/person\/f5fc8f063065e38742da7afe15f25df7"},"headline":"L\u00edderes cat\u00f3licas: Di\u00e1logo internacional sobre teor\u00edas de g\u00e9nero","datePublished":"2022-01-20T09:22:42+00:00","dateModified":"2022-01-20T10:54:32+00:00","mainEntityOfPage":{"@id":"https:\/\/exaudi.org\/es\/lideres-catolicas-dialogo-internacional-teorias-genero\/"},"wordCount":683,"image":{"@id":"https:\/\/exaudi.org\/es\/lideres-catolicas-dialogo-internacional-teorias-genero\/#primaryimage"},"thumbnailUrl":"https:\/\/exaudi.org\/wp-content\/uploads\/2022\/01\/El-Papa-con-algunas-mujeres.webp","keywords":["Academia de L\u00edderes Cat\u00f3licos","mujeres cat\u00f3licas","Red Internacional de Mujeres de la Academia Latinoamericana de L\u00edderes Cat\u00f3licas"],"articleSection":["Eventos internacionales"],"inLanguage":"es"},{"@type":"WebPage","@id":"https:\/\/exaudi.org\/es\/lideres-catolicas-dialogo-internacional-teorias-genero\/","url":"https:\/\/exaudi.org\/es\/lideres-catolicas-dialogo-internacional-teorias-genero\/","name":"L\u00edderes cat\u00f3licas: Di\u00e1logo internacional sobre teor\u00edas de g\u00e9nero &#8211; Exaudi","isPartOf":{"@id":"https:\/\/exaudi.org\/#website"},"primaryImageOfPage":{"@id":"https:\/\/exaudi.org\/es\/lideres-catolicas-dialogo-internacional-teorias-genero\/#primaryimage"},"image":{"@id":"https:\/\/exaudi.org\/es\/lideres-catolicas-dialogo-internacional-teorias-genero\/#primaryimage"},"thumbnailUrl":"https:\/\/exaudi.org\/wp-content\/uploads\/2022\/01\/El-Papa-con-algunas-mujeres.webp","datePublished":"2022-01-20T09:22:42+00:00","dateModified":"2022-01-20T10:54:32+00:00","author":{"@id":"https:\/\/exaudi.org\/#\/schema\/person\/f5fc8f063065e38742da7afe15f25df7"},"description":"Red Internacional de Mujeres de la Academia Latinoamericana de L\u00edderes Cat\u00f3licas convoca al I Di\u00e1logo Internacional sobre teor\u00edas de g\u00e9nero","breadcrumb":{"@id":"https:\/\/exaudi.org\/es\/lideres-catolicas-dialogo-internacional-teorias-genero\/#breadcrumb"},"inLanguage":"es","potentialAction":[{"@type":"ReadAction","target":["https:\/\/exaudi.org\/es\/lideres-catolicas-dialogo-internacional-teorias-genero\/"]}]},{"@type":"ImageObject","inLanguage":"es","@id":"https:\/\/exaudi.org\/es\/lideres-catolicas-dialogo-internacional-teorias-genero\/#primaryimage","url":"https:\/\/exaudi.org\/wp-content\/uploads\/2022\/01\/El-Papa-con-algunas-mujeres.webp","contentUrl":"https:\/\/exaudi.org\/wp-content\/uploads\/2022\/01\/El-Papa-con-algunas-mujeres.webp","width":900,"height":500,"caption":"El Papa con algunas mujeres \u00a9 Vatican Media"},{"@type":"BreadcrumbList","@id":"https:\/\/exaudi.org\/es\/lideres-catolicas-dialogo-internacional-teorias-genero\/#breadcrumb","itemListElement":[{"@type":"ListItem","position":1,"name":"Portada","item":"https:\/\/exaudi.org\/es\/"},{"@type":"ListItem","position":2,"name":"L\u00edderes cat\u00f3licas: Di\u00e1logo internacional sobre teor\u00edas de g\u00e9nero"}]},{"@type":"WebSite","@id":"https:\/\/exaudi.org\/#website","url":"https:\/\/exaudi.org\/","name":"Exaudi","description":"News","potentialAction":[{"@type":"SearchAction","target":{"@type":"EntryPoint","urlTemplate":"https:\/\/exaudi.org\/?s={search_term_string}"},"query-input":{"@type":"PropertyValueSpecification","valueRequired":true,"valueName":"search_term_string"}}],"inLanguage":"es"},{"@type":"Person","@id":"https:\/\/exaudi.org\/#\/schema\/person\/f5fc8f063065e38742da7afe15f25df7","name":"Exaudi Redacci\u00f3n","image":{"@type":"ImageObject","inLanguage":"es","@id":"https:\/\/secure.gravatar.com\/avatar\/fe0f6a059fb68d9b3e11bc5850dd4899b1c7492091a3cb6dd9b01b56ad828be2?s=96&d=mm&r=g","url":"https:\/\/secure.gravatar.com\/avatar\/fe0f6a059fb68d9b3e11bc5850dd4899b1c7492091a3cb6dd9b01b56ad828be2?s=96&d=mm&r=g","contentUrl":"https:\/\/secure.gravatar.com\/avatar\/fe0f6a059fb68d9b3e11bc5850dd4899b1c7492091a3cb6dd9b01b56ad828be2?s=96&d=mm&r=g","caption":"Exaudi Redacci\u00f3n"},"description":"\u00bfQu\u00e9 es Exaudi News? Exaudi News es un medio de comunicaci\u00f3n cat\u00f3lico internacional que informa, forma y transforma, diariamente en espa\u00f1ol, ingl\u00e9s e italiano. A trav\u00e9s de noticias, art\u00edculos de an\u00e1lisis y transmisiones en directo de los eventos del Papa, Exaudi busca fortalecer la unidad de los cristianos y contribuir a la evangelizaci\u00f3n del mundo, siempre guiados por la doctrina social de la Iglesia. Trabajamos para acercar la verdad y los valores cristianos a cada rinc\u00f3n del planeta. \u00a1Ay\u00fadanos a transformar el mundo con Exaudi! En Exaudi creemos que la evangelizaci\u00f3n y la informaci\u00f3n de calidad pueden cambiar vidas. Para continuar con nuestra misi\u00f3n y expandir nuestro alcance, necesitamos tu ayuda. Adem\u00e1s, buscamos personas comprometidas que deseen unirse a nuestro equipo. Con tu apoyo, lograremos llegar a m\u00e1s personas, difundir el mensaje de Cristo y reforzar la unidad de los cristianos. \u00bfTe unes a nuestra misi\u00f3n? Para m\u00e1s informaci\u00f3n sobre c\u00f3mo colaborar, visita Exaudi.org\/es o cont\u00e1ctanos directamente: info@exaudi.org Exaudi: Informa, forma y transforma.","sameAs":["https:\/\/www.facebook.com\/ExaudiNoticias\/","https:\/\/www.instagram.com\/exaudi_noticias\/","https:\/\/x.com\/Exaudi_noticias","https:\/\/www.youtube.com\/@exaudicatholicnews"],"url":"https:\/\/exaudi.org\/es\/author\/redaccionexaudi\/"}]}},"jetpack_featured_media_url":"https:\/\/exaudi.org\/wp-content\/uploads\/2022\/01\/El-Papa-con-algunas-mujeres.webp","jetpack_shortlink":"https:\/\/wp.me\/pgKjF2-cT7","_links":{"self":[{"href":"https:\/\/exaudi.org\/es\/wp-json\/wp\/v2\/posts\/49545","targetHints":{"allow":["GET"]}}],"collection":[{"href":"https:\/\/exaudi.org\/es\/wp-json\/wp\/v2\/posts"}],"about":[{"href":"https:\/\/exaudi.org\/es\/wp-json\/wp\/v2\/types\/post"}],"author":[{"embeddable":true,"href":"https:\/\/exaudi.org\/es\/wp-json\/wp\/v2\/users\/15"}],"replies":[{"embeddable":true,"href":"https:\/\/exaudi.org\/es\/wp-json\/wp\/v2\/comments?post=49545"}],"version-history":[{"count":0,"href":"https:\/\/exaudi.org\/es\/wp-json\/wp\/v2\/posts\/49545\/revisions"}],"wp:featuredmedia":[{"embeddable":true,"href":"https:\/\/exaudi.org\/es\/wp-json\/wp\/v2\/media\/49572"}],"wp:attachment":[{"href":"https:\/\/exaudi.org\/es\/wp-json\/wp\/v2\/media?parent=49545"}],"wp:term":[{"taxonomy":"category","embeddable":true,"href":"https:\/\/exaudi.org\/es\/wp-json\/wp\/v2\/categories?post=49545"},{"taxonomy":"post_tag","embeddable":true,"href":"https:\/\/exaudi.org\/es\/wp-json\/wp\/v2\/tags?post=49545"}],"curies":[{"name":"wp","href":"https:\/\/api.w.org\/{rel}","templated":true}]}}