{"id":49360,"date":"2022-01-18T16:25:53","date_gmt":"2022-01-18T15:25:53","guid":{"rendered":"https:\/\/exaudi.org\/?p=49360"},"modified":"2022-01-19T10:57:29","modified_gmt":"2022-01-19T09:57:29","slug":"union-europea-obispos-felicitan-nueva-presidenta-parlamento-europeo","status":"publish","type":"post","link":"https:\/\/exaudi.org\/es\/union-europea-obispos-felicitan-nueva-presidenta-parlamento-europeo\/","title":{"rendered":"Uni\u00f3n Europea: Obispos felicitan a nueva presidenta del Parlamento Europeo"},"content":{"rendered":"<p>Los obispos de la Uni\u00f3n Europea han felicitado a Roberta Metsola, elegida presidenta del Parlamento Europeo hoy, martes 18 de enero de 2022.<\/p>\n<p>En un comunicado, el presidente de la <a href=\"http:\/\/www.comece.eu\/\" target=\"_blank\" rel=\"noopener\">Comisi\u00f3n de las Conferencias Episcopales de la Uni\u00f3n Europea (COMECE)<\/a>, el cardenal Jean-Claude Hollerich ha expresado en nombre de todos los obispos su \u201csincera felicitaci\u00f3n a Roberta Metsola por su elecci\u00f3n como presidenta del Parlamento Europeo\u201d.<\/p>\n<p>Del mismo modo, el prelado ha se\u00f1alado que \u201cya hemos tenido la oportunidad de trabajar con ella y reconocemos sus cualidades: es una persona brillante que, sin duda, sabr\u00e1 desempe\u00f1ar de manera excelente este importante papel institucional\u201d.<\/p>\n<p>Por \u00faltimo, ha indicado que esperan \u201cseguir colaborando por el bien com\u00fan, acercando las instituciones p\u00fablicas a los ciudadanos europeos, haciendo a los j\u00f3venes protagonistas de la pol\u00edtica europea y promoviendo pol\u00edticas centradas en la persona, la familia y la comunidad\u201d.<\/p>\n<h2>Roberta Metsola<\/h2>\n<p>Seg\u00fan la web de Roberta Metsola en el Parlamento Europeo, naci\u00f3 el 18 de enero de 1979. Hija de Rita y Geoffrey, es la mayor de tres hijos. Creci\u00f3 en la ciudad costera de G\u017cira, en Malta. Roberta se cas\u00f3 con Ukko Metsola, un finland\u00e9s, el 1 de octubre de 2005. Son padres de cuatro ni\u00f1os: Luca, Alec, Marc y Kristian. Es madre de cuatro ni\u00f1os: el mayor es ahora un adolescente y el menor tiene cuatro a\u00f1os.<\/p>\n<p>Roberta atribuye el refer\u00e9ndum sobre la adhesi\u00f3n de Malta a la Uni\u00f3n Europea como el catalizador de su activismo. En 2002, Roberta fue nombrada Secretaria General de la organizaci\u00f3n de Estudiantes Dem\u00f3cratas Europeos, funci\u00f3n que desempe\u00f1\u00f3 mientras cursaba un doctorado en Derecho en la Universidad de Malta. Se gradu\u00f3 en 2003, el mismo a\u00f1o en que Malta decidi\u00f3 entrar en la Uni\u00f3n Europea. Siempre ha defendido la pol\u00edtica de la moderaci\u00f3n frente al extremismo, la pol\u00edtica basada en la verdad, la justicia y la correcci\u00f3n, la pol\u00edtica basada en hechos y no en identidades\u00bb.<\/p>\n<p>Ampli\u00f3 sus estudios de Derecho Europeo en el Colegio de Europa de Brujas. Esto se uni\u00f3 a un hito importante en su carrera pol\u00edtica: su primera campa\u00f1a electoral. A los 25 a\u00f1os, mientras a\u00fan estudiaba, Roberta se present\u00f3 a las primeras elecciones al Parlamento Europeo de Malta. No fue elegida. Fue elegida por primera vez como eurodiputada por Malta y Gozo en 2013, siendo reelegida en 2014 y 2019. Roberta es tambi\u00e9n la jefa de la Delegaci\u00f3n del <em>Partit Nazzjonalista<\/em> (PN) dentro del Grupo del Partido Popular Europeo en el Parlamento Europeo. Es abogada de profesi\u00f3n, especializada en Derecho y Pol\u00edtica Europea.<\/p>\n","protected":false},"excerpt":{"rendered":"<p>Roberta Metsola<\/p>\n","protected":false},"author":81,"featured_media":49389,"comment_status":"closed","ping_status":"closed","sticky":false,"template":"","format":"standard","meta":{"_acf_changed":false,"_crdt_document":"","inline_featured_image":false,"footnotes":""},"categories":[84],"tags":[5570,5571],"class_list":["post-49360","post","type-post","status-publish","format-standard","has-post-thumbnail","hentry","category-eventos-internacionales","tag-comision-de-las-conferencias-episcopales-de-la-union-europea","tag-roberta-metsola"],"acf":[],"yoast_head":"<!-- This site is optimized with the Yoast SEO plugin v27.4 - https:\/\/yoast.com\/product\/yoast-seo-wordpress\/ -->\n<title>Uni\u00f3n Europea: Obispos felicitan a nueva presidenta del Parlamento Europeo &#8211; Exaudi<\/title>\n<meta name=\"description\" content=\"Uni\u00f3n Europea: Obispos felicitan a la nueva presidenta del Parlamento Europeo, Roberta Metsola elegida presidenta hoy 18 de enero 2022.\" \/>\n<meta name=\"robots\" content=\"index, follow, max-snippet:-1, max-image-preview:large, max-video-preview:-1\" \/>\n<link rel=\"canonical\" href=\"https:\/\/exaudi.org\/es\/union-europea-obispos-felicitan-nueva-presidenta-parlamento-europeo\/\" \/>\n<meta property=\"og:locale\" content=\"es_ES\" \/>\n<meta property=\"og:type\" content=\"article\" \/>\n<meta property=\"og:title\" content=\"Uni\u00f3n Europea: Obispos felicitan a nueva presidenta del Parlamento Europeo &#8211; Exaudi\" \/>\n<meta property=\"og:description\" content=\"Uni\u00f3n Europea: Obispos felicitan a la nueva presidenta del Parlamento Europeo, Roberta Metsola elegida presidenta hoy 18 de enero 2022.\" \/>\n<meta property=\"og:url\" content=\"https:\/\/exaudi.org\/es\/union-europea-obispos-felicitan-nueva-presidenta-parlamento-europeo\/\" \/>\n<meta property=\"og:site_name\" content=\"Exaudi\" \/>\n<meta property=\"article:publisher\" content=\"https:\/\/www.facebook.com\/ExaudiNews\" \/>\n<meta property=\"article:published_time\" content=\"2022-01-18T15:25:53+00:00\" \/>\n<meta property=\"article:modified_time\" content=\"2022-01-19T09:57:29+00:00\" \/>\n<meta property=\"og:image\" content=\"https:\/\/exaudi.org\/wp-content\/uploads\/2022\/01\/roberta-metsola.jpg\" \/>\n\t<meta property=\"og:image:width\" content=\"767\" \/>\n\t<meta property=\"og:image:height\" content=\"431\" \/>\n\t<meta property=\"og:image:type\" content=\"image\/jpeg\" \/>\n<meta name=\"author\" content=\"Alba Montalvo\" \/>\n<meta name=\"twitter:card\" content=\"summary_large_image\" \/>\n<meta name=\"twitter:creator\" content=\"@Exaudi_News\" \/>\n<meta name=\"twitter:site\" content=\"@Exaudi_News\" \/>\n<meta name=\"twitter:label1\" content=\"Escrito por\" \/>\n\t<meta name=\"twitter:data1\" content=\"Alba Montalvo\" \/>\n\t<meta name=\"twitter:label2\" content=\"Tiempo de lectura\" \/>\n\t<meta name=\"twitter:data2\" content=\"2 minutos\" \/>\n<script type=\"application\/ld+json\" class=\"yoast-schema-graph\">{\"@context\":\"https:\\\/\\\/schema.org\",\"@graph\":[{\"@type\":\"Article\",\"@id\":\"https:\\\/\\\/exaudi.org\\\/es\\\/union-europea-obispos-felicitan-nueva-presidenta-parlamento-europeo\\\/#article\",\"isPartOf\":{\"@id\":\"https:\\\/\\\/exaudi.org\\\/es\\\/union-europea-obispos-felicitan-nueva-presidenta-parlamento-europeo\\\/\"},\"author\":{\"name\":\"Alba Montalvo\",\"@id\":\"https:\\\/\\\/exaudi.org\\\/#\\\/schema\\\/person\\\/fc7b3cbb6f4d66ebcb53bf601d7b7eb1\"},\"headline\":\"Uni\u00f3n Europea: Obispos felicitan a nueva presidenta del Parlamento Europeo\",\"datePublished\":\"2022-01-18T15:25:53+00:00\",\"dateModified\":\"2022-01-19T09:57:29+00:00\",\"mainEntityOfPage\":{\"@id\":\"https:\\\/\\\/exaudi.org\\\/es\\\/union-europea-obispos-felicitan-nueva-presidenta-parlamento-europeo\\\/\"},\"wordCount\":458,\"image\":{\"@id\":\"https:\\\/\\\/exaudi.org\\\/es\\\/union-europea-obispos-felicitan-nueva-presidenta-parlamento-europeo\\\/#primaryimage\"},\"thumbnailUrl\":\"https:\\\/\\\/exaudi.org\\\/wp-content\\\/uploads\\\/2022\\\/01\\\/roberta-metsola.jpg\",\"keywords\":[\"Comisi\u00f3n de las Conferencias Episcopales de la Uni\u00f3n Europea\",\"Roberta Metsola\"],\"articleSection\":[\"Eventos internacionales\"],\"inLanguage\":\"es\"},{\"@type\":\"WebPage\",\"@id\":\"https:\\\/\\\/exaudi.org\\\/es\\\/union-europea-obispos-felicitan-nueva-presidenta-parlamento-europeo\\\/\",\"url\":\"https:\\\/\\\/exaudi.org\\\/es\\\/union-europea-obispos-felicitan-nueva-presidenta-parlamento-europeo\\\/\",\"name\":\"Uni\u00f3n Europea: Obispos felicitan a nueva presidenta del Parlamento Europeo &#8211; Exaudi\",\"isPartOf\":{\"@id\":\"https:\\\/\\\/exaudi.org\\\/#website\"},\"primaryImageOfPage\":{\"@id\":\"https:\\\/\\\/exaudi.org\\\/es\\\/union-europea-obispos-felicitan-nueva-presidenta-parlamento-europeo\\\/#primaryimage\"},\"image\":{\"@id\":\"https:\\\/\\\/exaudi.org\\\/es\\\/union-europea-obispos-felicitan-nueva-presidenta-parlamento-europeo\\\/#primaryimage\"},\"thumbnailUrl\":\"https:\\\/\\\/exaudi.org\\\/wp-content\\\/uploads\\\/2022\\\/01\\\/roberta-metsola.jpg\",\"datePublished\":\"2022-01-18T15:25:53+00:00\",\"dateModified\":\"2022-01-19T09:57:29+00:00\",\"author\":{\"@id\":\"https:\\\/\\\/exaudi.org\\\/#\\\/schema\\\/person\\\/fc7b3cbb6f4d66ebcb53bf601d7b7eb1\"},\"description\":\"Uni\u00f3n Europea: Obispos felicitan a la nueva presidenta del Parlamento Europeo, Roberta Metsola elegida presidenta hoy 18 de enero 2022.\",\"breadcrumb\":{\"@id\":\"https:\\\/\\\/exaudi.org\\\/es\\\/union-europea-obispos-felicitan-nueva-presidenta-parlamento-europeo\\\/#breadcrumb\"},\"inLanguage\":\"es\",\"potentialAction\":[{\"@type\":\"ReadAction\",\"target\":[\"https:\\\/\\\/exaudi.org\\\/es\\\/union-europea-obispos-felicitan-nueva-presidenta-parlamento-europeo\\\/\"]}]},{\"@type\":\"ImageObject\",\"inLanguage\":\"es\",\"@id\":\"https:\\\/\\\/exaudi.org\\\/es\\\/union-europea-obispos-felicitan-nueva-presidenta-parlamento-europeo\\\/#primaryimage\",\"url\":\"https:\\\/\\\/exaudi.org\\\/wp-content\\\/uploads\\\/2022\\\/01\\\/roberta-metsola.jpg\",\"contentUrl\":\"https:\\\/\\\/exaudi.org\\\/wp-content\\\/uploads\\\/2022\\\/01\\\/roberta-metsola.jpg\",\"width\":767,\"height\":431,\"caption\":\"Roberta Metsola, presidenta del Parlamento Europeo \u00a9 Consejo Europeo\"},{\"@type\":\"BreadcrumbList\",\"@id\":\"https:\\\/\\\/exaudi.org\\\/es\\\/union-europea-obispos-felicitan-nueva-presidenta-parlamento-europeo\\\/#breadcrumb\",\"itemListElement\":[{\"@type\":\"ListItem\",\"position\":1,\"name\":\"Portada\",\"item\":\"https:\\\/\\\/exaudi.org\\\/es\\\/\"},{\"@type\":\"ListItem\",\"position\":2,\"name\":\"Uni\u00f3n Europea: Obispos felicitan a nueva presidenta del Parlamento Europeo\"}]},{\"@type\":\"WebSite\",\"@id\":\"https:\\\/\\\/exaudi.org\\\/#website\",\"url\":\"https:\\\/\\\/exaudi.org\\\/\",\"name\":\"Exaudi\",\"description\":\"News\",\"potentialAction\":[{\"@type\":\"SearchAction\",\"target\":{\"@type\":\"EntryPoint\",\"urlTemplate\":\"https:\\\/\\\/exaudi.org\\\/?s={search_term_string}\"},\"query-input\":{\"@type\":\"PropertyValueSpecification\",\"valueRequired\":true,\"valueName\":\"search_term_string\"}}],\"inLanguage\":\"es\"},{\"@type\":\"Person\",\"@id\":\"https:\\\/\\\/exaudi.org\\\/#\\\/schema\\\/person\\\/fc7b3cbb6f4d66ebcb53bf601d7b7eb1\",\"name\":\"Alba Montalvo\",\"image\":{\"@type\":\"ImageObject\",\"inLanguage\":\"es\",\"@id\":\"https:\\\/\\\/secure.gravatar.com\\\/avatar\\\/1e8c522219a5df52d143b7baf13997ffd4f1814ca862efe7af11a13849275021?s=96&d=mm&r=g\",\"url\":\"https:\\\/\\\/secure.gravatar.com\\\/avatar\\\/1e8c522219a5df52d143b7baf13997ffd4f1814ca862efe7af11a13849275021?s=96&d=mm&r=g\",\"contentUrl\":\"https:\\\/\\\/secure.gravatar.com\\\/avatar\\\/1e8c522219a5df52d143b7baf13997ffd4f1814ca862efe7af11a13849275021?s=96&d=mm&r=g\",\"caption\":\"Alba Montalvo\"},\"description\":\"Licenciada en Periodismo y M\u00e1ster en Periodismo Social. Mi trayectoria profesional ha estado siempre vinculada al \u00e1mbito de la comunicaci\u00f3n en el entorno digital. He trabajado como productora, gestora de contenidos estrat\u00e9gicos para redes y entrevistadora en la Fundaci\u00f3n Mater Mundi TV. Madrile\u00f1a de nacimiento, actualmente vivo en M\u00e1laga.\",\"url\":\"https:\\\/\\\/exaudi.org\\\/es\\\/author\\\/amontalvoexaudi-org\\\/\"}]}<\/script>\n<!-- \/ Yoast SEO plugin. -->","yoast_head_json":{"title":"Uni\u00f3n Europea: Obispos felicitan a nueva presidenta del Parlamento Europeo &#8211; Exaudi","description":"Uni\u00f3n Europea: Obispos felicitan a la nueva presidenta del Parlamento Europeo, Roberta Metsola elegida presidenta hoy 18 de enero 2022.","robots":{"index":"index","follow":"follow","max-snippet":"max-snippet:-1","max-image-preview":"max-image-preview:large","max-video-preview":"max-video-preview:-1"},"canonical":"https:\/\/exaudi.org\/es\/union-europea-obispos-felicitan-nueva-presidenta-parlamento-europeo\/","og_locale":"es_ES","og_type":"article","og_title":"Uni\u00f3n Europea: Obispos felicitan a nueva presidenta del Parlamento Europeo &#8211; Exaudi","og_description":"Uni\u00f3n Europea: Obispos felicitan a la nueva presidenta del Parlamento Europeo, Roberta Metsola elegida presidenta hoy 18 de enero 2022.","og_url":"https:\/\/exaudi.org\/es\/union-europea-obispos-felicitan-nueva-presidenta-parlamento-europeo\/","og_site_name":"Exaudi","article_publisher":"https:\/\/www.facebook.com\/ExaudiNews","article_published_time":"2022-01-18T15:25:53+00:00","article_modified_time":"2022-01-19T09:57:29+00:00","og_image":[{"width":767,"height":431,"url":"https:\/\/exaudi.org\/wp-content\/uploads\/2022\/01\/roberta-metsola.jpg","type":"image\/jpeg"}],"author":"Alba Montalvo","twitter_card":"summary_large_image","twitter_creator":"@Exaudi_News","twitter_site":"@Exaudi_News","twitter_misc":{"Escrito por":"Alba Montalvo","Tiempo de lectura":"2 minutos"},"schema":{"@context":"https:\/\/schema.org","@graph":[{"@type":"Article","@id":"https:\/\/exaudi.org\/es\/union-europea-obispos-felicitan-nueva-presidenta-parlamento-europeo\/#article","isPartOf":{"@id":"https:\/\/exaudi.org\/es\/union-europea-obispos-felicitan-nueva-presidenta-parlamento-europeo\/"},"author":{"name":"Alba Montalvo","@id":"https:\/\/exaudi.org\/#\/schema\/person\/fc7b3cbb6f4d66ebcb53bf601d7b7eb1"},"headline":"Uni\u00f3n Europea: Obispos felicitan a nueva presidenta del Parlamento Europeo","datePublished":"2022-01-18T15:25:53+00:00","dateModified":"2022-01-19T09:57:29+00:00","mainEntityOfPage":{"@id":"https:\/\/exaudi.org\/es\/union-europea-obispos-felicitan-nueva-presidenta-parlamento-europeo\/"},"wordCount":458,"image":{"@id":"https:\/\/exaudi.org\/es\/union-europea-obispos-felicitan-nueva-presidenta-parlamento-europeo\/#primaryimage"},"thumbnailUrl":"https:\/\/exaudi.org\/wp-content\/uploads\/2022\/01\/roberta-metsola.jpg","keywords":["Comisi\u00f3n de las Conferencias Episcopales de la Uni\u00f3n Europea","Roberta Metsola"],"articleSection":["Eventos internacionales"],"inLanguage":"es"},{"@type":"WebPage","@id":"https:\/\/exaudi.org\/es\/union-europea-obispos-felicitan-nueva-presidenta-parlamento-europeo\/","url":"https:\/\/exaudi.org\/es\/union-europea-obispos-felicitan-nueva-presidenta-parlamento-europeo\/","name":"Uni\u00f3n Europea: Obispos felicitan a nueva presidenta del Parlamento Europeo &#8211; Exaudi","isPartOf":{"@id":"https:\/\/exaudi.org\/#website"},"primaryImageOfPage":{"@id":"https:\/\/exaudi.org\/es\/union-europea-obispos-felicitan-nueva-presidenta-parlamento-europeo\/#primaryimage"},"image":{"@id":"https:\/\/exaudi.org\/es\/union-europea-obispos-felicitan-nueva-presidenta-parlamento-europeo\/#primaryimage"},"thumbnailUrl":"https:\/\/exaudi.org\/wp-content\/uploads\/2022\/01\/roberta-metsola.jpg","datePublished":"2022-01-18T15:25:53+00:00","dateModified":"2022-01-19T09:57:29+00:00","author":{"@id":"https:\/\/exaudi.org\/#\/schema\/person\/fc7b3cbb6f4d66ebcb53bf601d7b7eb1"},"description":"Uni\u00f3n Europea: Obispos felicitan a la nueva presidenta del Parlamento Europeo, Roberta Metsola elegida presidenta hoy 18 de enero 2022.","breadcrumb":{"@id":"https:\/\/exaudi.org\/es\/union-europea-obispos-felicitan-nueva-presidenta-parlamento-europeo\/#breadcrumb"},"inLanguage":"es","potentialAction":[{"@type":"ReadAction","target":["https:\/\/exaudi.org\/es\/union-europea-obispos-felicitan-nueva-presidenta-parlamento-europeo\/"]}]},{"@type":"ImageObject","inLanguage":"es","@id":"https:\/\/exaudi.org\/es\/union-europea-obispos-felicitan-nueva-presidenta-parlamento-europeo\/#primaryimage","url":"https:\/\/exaudi.org\/wp-content\/uploads\/2022\/01\/roberta-metsola.jpg","contentUrl":"https:\/\/exaudi.org\/wp-content\/uploads\/2022\/01\/roberta-metsola.jpg","width":767,"height":431,"caption":"Roberta Metsola, presidenta del Parlamento Europeo \u00a9 Consejo Europeo"},{"@type":"BreadcrumbList","@id":"https:\/\/exaudi.org\/es\/union-europea-obispos-felicitan-nueva-presidenta-parlamento-europeo\/#breadcrumb","itemListElement":[{"@type":"ListItem","position":1,"name":"Portada","item":"https:\/\/exaudi.org\/es\/"},{"@type":"ListItem","position":2,"name":"Uni\u00f3n Europea: Obispos felicitan a nueva presidenta del Parlamento Europeo"}]},{"@type":"WebSite","@id":"https:\/\/exaudi.org\/#website","url":"https:\/\/exaudi.org\/","name":"Exaudi","description":"News","potentialAction":[{"@type":"SearchAction","target":{"@type":"EntryPoint","urlTemplate":"https:\/\/exaudi.org\/?s={search_term_string}"},"query-input":{"@type":"PropertyValueSpecification","valueRequired":true,"valueName":"search_term_string"}}],"inLanguage":"es"},{"@type":"Person","@id":"https:\/\/exaudi.org\/#\/schema\/person\/fc7b3cbb6f4d66ebcb53bf601d7b7eb1","name":"Alba Montalvo","image":{"@type":"ImageObject","inLanguage":"es","@id":"https:\/\/secure.gravatar.com\/avatar\/1e8c522219a5df52d143b7baf13997ffd4f1814ca862efe7af11a13849275021?s=96&d=mm&r=g","url":"https:\/\/secure.gravatar.com\/avatar\/1e8c522219a5df52d143b7baf13997ffd4f1814ca862efe7af11a13849275021?s=96&d=mm&r=g","contentUrl":"https:\/\/secure.gravatar.com\/avatar\/1e8c522219a5df52d143b7baf13997ffd4f1814ca862efe7af11a13849275021?s=96&d=mm&r=g","caption":"Alba Montalvo"},"description":"Licenciada en Periodismo y M\u00e1ster en Periodismo Social. Mi trayectoria profesional ha estado siempre vinculada al \u00e1mbito de la comunicaci\u00f3n en el entorno digital. He trabajado como productora, gestora de contenidos estrat\u00e9gicos para redes y entrevistadora en la Fundaci\u00f3n Mater Mundi TV. Madrile\u00f1a de nacimiento, actualmente vivo en M\u00e1laga.","url":"https:\/\/exaudi.org\/es\/author\/amontalvoexaudi-org\/"}]}},"jetpack_featured_media_url":"https:\/\/exaudi.org\/wp-content\/uploads\/2022\/01\/roberta-metsola.jpg","jetpack_shortlink":"https:\/\/wp.me\/pgKjF2-cQ8","_links":{"self":[{"href":"https:\/\/exaudi.org\/es\/wp-json\/wp\/v2\/posts\/49360","targetHints":{"allow":["GET"]}}],"collection":[{"href":"https:\/\/exaudi.org\/es\/wp-json\/wp\/v2\/posts"}],"about":[{"href":"https:\/\/exaudi.org\/es\/wp-json\/wp\/v2\/types\/post"}],"author":[{"embeddable":true,"href":"https:\/\/exaudi.org\/es\/wp-json\/wp\/v2\/users\/81"}],"replies":[{"embeddable":true,"href":"https:\/\/exaudi.org\/es\/wp-json\/wp\/v2\/comments?post=49360"}],"version-history":[{"count":0,"href":"https:\/\/exaudi.org\/es\/wp-json\/wp\/v2\/posts\/49360\/revisions"}],"wp:featuredmedia":[{"embeddable":true,"href":"https:\/\/exaudi.org\/es\/wp-json\/wp\/v2\/media\/49389"}],"wp:attachment":[{"href":"https:\/\/exaudi.org\/es\/wp-json\/wp\/v2\/media?parent=49360"}],"wp:term":[{"taxonomy":"category","embeddable":true,"href":"https:\/\/exaudi.org\/es\/wp-json\/wp\/v2\/categories?post=49360"},{"taxonomy":"post_tag","embeddable":true,"href":"https:\/\/exaudi.org\/es\/wp-json\/wp\/v2\/tags?post=49360"}],"curies":[{"name":"wp","href":"https:\/\/api.w.org\/{rel}","templated":true}]}}