{"id":49356,"date":"2022-01-18T16:19:05","date_gmt":"2022-01-18T15:19:05","guid":{"rendered":"https:\/\/exaudi.org\/?p=49356"},"modified":"2022-01-18T17:21:36","modified_gmt":"2022-01-18T16:21:36","slug":"el-cardenal-parolin-y-mons-pena-dan-positivo-a-covid-19","status":"publish","type":"post","link":"https:\/\/exaudi.org\/es\/el-cardenal-parolin-y-mons-pena-dan-positivo-a-covid-19\/","title":{"rendered":"El cardenal Parolin y monse\u00f1or Pe\u00f1a dan positivo a COVID-19"},"content":{"rendered":"<p>El cardenal Pietro Parolin, secretario de Estado del Vaticano y monse\u00f1or Edgar Pe\u00f1a Parra, sustituto de Asuntos Generales, han dado positivo en las pruebas de COVID-19.<\/p>\n<p>Ambos prelados, que han recibido la pauta completa de vacunaci\u00f3n, son colaboradores estrechos del Papa Francisco en el Gobierno de la Santa Sede (<a href=\"https:\/\/www.vatican.va\/roman_curia\/secretariat_state\/index_sp.htm\" target=\"_blank\" rel=\"noopener\">Secretar\u00eda de Estado del Vaticano<\/a>) y tienen contacto asiduamente con el Santo Padre. No obstante, la Oficina de Prensa del Vaticano no ha especificado si esta circunstancia se ha dado en los \u00faltimos d\u00edas.<\/p>\n<p>Seg\u00fan informa la Santa Sede, el secretario de Estado tiene s\u00edntomas leves, mientras que el sustituto est\u00e1 asintom\u00e1tico. Los dos se encuentran en aislamiento voluntario en sus respectivos apartamentos.<\/p>\n<p>Las <a href=\"https:\/\/exaudi.org\/es\/vaticano-nuevas-disposiciones-anti-covid-para-entrar\/\" target=\"_blank\" rel=\"noopener\">nuevas medidas contra la COVID-19<\/a> del Vaticano establecen que el personal que no disponga de un pasaporte sanitario v\u00e1lido que demuestre exclusivamente que ha sido vacunado o que se ha recuperado del virus no podr\u00e1 entrar en el lugar de trabajo. Estas normas tambi\u00e9n competen a los empleados externos, al personal de empresas externas, a los visitantes y a los usuarios. El uso de la m\u00e1scarilla FFP2 o KN95 tambi\u00e9n es obligatorio en todos los lugares cerrados.<\/p>\n<p>De acuerdo al decreto general firmado por el cardenal Parolin el pasado mes de diciembre, estas medidas \u201cse han decidido en vista de la continuaci\u00f3n y el empeoramiento de la actual situaci\u00f3n de emergencia sanitaria y de la necesidad de adoptar medidas adecuadas para contrarrestarla y garantizar el desarrollo seguro de las actividades\u201d.<\/p>\n","protected":false},"excerpt":{"rendered":"<p>El primero con \u201cs\u00edntomas leves\u201d y el segundo asintom\u00e1tico<\/p>\n","protected":false},"author":5,"featured_media":49362,"comment_status":"closed","ping_status":"closed","sticky":false,"template":"","format":"standard","meta":{"_acf_changed":false,"_crdt_document":"","inline_featured_image":false,"footnotes":""},"categories":[132],"tags":[1187,541,5569,4953],"class_list":["post-49356","post","type-post","status-publish","format-standard","has-post-thumbnail","hentry","category-vaticano-es","tag-cardenal-pietro-parolin","tag-covid-19","tag-monsenor-edgar-pena-parra","tag-trending-es"],"acf":[],"yoast_head":"<!-- This site is optimized with the Yoast SEO plugin v27.4 - https:\/\/yoast.com\/product\/yoast-seo-wordpress\/ -->\n<title>El cardenal Parolin y monse\u00f1or Pe\u00f1a dan positivo a COVID-19 &#8211; Exaudi<\/title>\n<meta name=\"description\" content=\"El cardenal Parolin, secretario de Estado del Vaticano y monse\u00f1or Pe\u00f1a Parra, sustituto, han dado positivo en las pruebas de COVID-19\" \/>\n<meta name=\"robots\" content=\"index, follow, max-snippet:-1, max-image-preview:large, max-video-preview:-1\" \/>\n<link rel=\"canonical\" href=\"https:\/\/exaudi.org\/es\/el-cardenal-parolin-y-mons-pena-dan-positivo-a-covid-19\/\" \/>\n<meta property=\"og:locale\" content=\"es_ES\" \/>\n<meta property=\"og:type\" content=\"article\" \/>\n<meta property=\"og:title\" content=\"El cardenal Parolin y monse\u00f1or Pe\u00f1a dan positivo a COVID-19 &#8211; Exaudi\" \/>\n<meta property=\"og:description\" content=\"El cardenal Parolin, secretario de Estado del Vaticano y monse\u00f1or Pe\u00f1a Parra, sustituto, han dado positivo en las pruebas de COVID-19\" \/>\n<meta property=\"og:url\" content=\"https:\/\/exaudi.org\/es\/el-cardenal-parolin-y-mons-pena-dan-positivo-a-covid-19\/\" \/>\n<meta property=\"og:site_name\" content=\"Exaudi\" \/>\n<meta property=\"article:publisher\" content=\"https:\/\/www.facebook.com\/ExaudiNews\" \/>\n<meta property=\"article:published_time\" content=\"2022-01-18T15:19:05+00:00\" \/>\n<meta property=\"article:modified_time\" content=\"2022-01-18T16:21:36+00:00\" \/>\n<meta property=\"og:image\" content=\"https:\/\/exaudi.org\/wp-content\/uploads\/2022\/01\/cathopic_1486413456351008.jpg\" \/>\n\t<meta property=\"og:image:width\" content=\"2256\" \/>\n\t<meta property=\"og:image:height\" content=\"1504\" \/>\n\t<meta property=\"og:image:type\" content=\"image\/jpeg\" \/>\n<meta name=\"author\" content=\"Larissa I. L\u00f3pez\" \/>\n<meta name=\"twitter:card\" content=\"summary_large_image\" \/>\n<meta name=\"twitter:creator\" content=\"@Exaudi_News\" \/>\n<meta name=\"twitter:site\" content=\"@Exaudi_News\" \/>\n<meta name=\"twitter:label1\" content=\"Escrito por\" \/>\n\t<meta name=\"twitter:data1\" content=\"Larissa I. L\u00f3pez\" \/>\n\t<meta name=\"twitter:label2\" content=\"Tiempo de lectura\" \/>\n\t<meta name=\"twitter:data2\" content=\"2 minutos\" \/>\n<script type=\"application\/ld+json\" class=\"yoast-schema-graph\">{\"@context\":\"https:\\\/\\\/schema.org\",\"@graph\":[{\"@type\":\"Article\",\"@id\":\"https:\\\/\\\/exaudi.org\\\/es\\\/el-cardenal-parolin-y-mons-pena-dan-positivo-a-covid-19\\\/#article\",\"isPartOf\":{\"@id\":\"https:\\\/\\\/exaudi.org\\\/es\\\/el-cardenal-parolin-y-mons-pena-dan-positivo-a-covid-19\\\/\"},\"author\":{\"name\":\"Larissa I. L\u00f3pez\",\"@id\":\"https:\\\/\\\/exaudi.org\\\/#\\\/schema\\\/person\\\/7d2f77db033c2c0929edfab6dbe8c588\"},\"headline\":\"El cardenal Parolin y monse\u00f1or Pe\u00f1a dan positivo a COVID-19\",\"datePublished\":\"2022-01-18T15:19:05+00:00\",\"dateModified\":\"2022-01-18T16:21:36+00:00\",\"mainEntityOfPage\":{\"@id\":\"https:\\\/\\\/exaudi.org\\\/es\\\/el-cardenal-parolin-y-mons-pena-dan-positivo-a-covid-19\\\/\"},\"wordCount\":269,\"image\":{\"@id\":\"https:\\\/\\\/exaudi.org\\\/es\\\/el-cardenal-parolin-y-mons-pena-dan-positivo-a-covid-19\\\/#primaryimage\"},\"thumbnailUrl\":\"https:\\\/\\\/exaudi.org\\\/wp-content\\\/uploads\\\/2022\\\/01\\\/cathopic_1486413456351008.jpg\",\"keywords\":[\"Cardenal Pietro Parolin\",\"COVID-19\",\"Monse\u00f1or Edgar Pe\u00f1a Parra\",\"Trending\"],\"articleSection\":[\"Vaticano\"],\"inLanguage\":\"es\"},{\"@type\":\"WebPage\",\"@id\":\"https:\\\/\\\/exaudi.org\\\/es\\\/el-cardenal-parolin-y-mons-pena-dan-positivo-a-covid-19\\\/\",\"url\":\"https:\\\/\\\/exaudi.org\\\/es\\\/el-cardenal-parolin-y-mons-pena-dan-positivo-a-covid-19\\\/\",\"name\":\"El cardenal Parolin y monse\u00f1or Pe\u00f1a dan positivo a COVID-19 &#8211; Exaudi\",\"isPartOf\":{\"@id\":\"https:\\\/\\\/exaudi.org\\\/#website\"},\"primaryImageOfPage\":{\"@id\":\"https:\\\/\\\/exaudi.org\\\/es\\\/el-cardenal-parolin-y-mons-pena-dan-positivo-a-covid-19\\\/#primaryimage\"},\"image\":{\"@id\":\"https:\\\/\\\/exaudi.org\\\/es\\\/el-cardenal-parolin-y-mons-pena-dan-positivo-a-covid-19\\\/#primaryimage\"},\"thumbnailUrl\":\"https:\\\/\\\/exaudi.org\\\/wp-content\\\/uploads\\\/2022\\\/01\\\/cathopic_1486413456351008.jpg\",\"datePublished\":\"2022-01-18T15:19:05+00:00\",\"dateModified\":\"2022-01-18T16:21:36+00:00\",\"author\":{\"@id\":\"https:\\\/\\\/exaudi.org\\\/#\\\/schema\\\/person\\\/7d2f77db033c2c0929edfab6dbe8c588\"},\"description\":\"El cardenal Parolin, secretario de Estado del Vaticano y monse\u00f1or Pe\u00f1a Parra, sustituto, han dado positivo en las pruebas de COVID-19\",\"breadcrumb\":{\"@id\":\"https:\\\/\\\/exaudi.org\\\/es\\\/el-cardenal-parolin-y-mons-pena-dan-positivo-a-covid-19\\\/#breadcrumb\"},\"inLanguage\":\"es\",\"potentialAction\":[{\"@type\":\"ReadAction\",\"target\":[\"https:\\\/\\\/exaudi.org\\\/es\\\/el-cardenal-parolin-y-mons-pena-dan-positivo-a-covid-19\\\/\"]}]},{\"@type\":\"ImageObject\",\"inLanguage\":\"es\",\"@id\":\"https:\\\/\\\/exaudi.org\\\/es\\\/el-cardenal-parolin-y-mons-pena-dan-positivo-a-covid-19\\\/#primaryimage\",\"url\":\"https:\\\/\\\/exaudi.org\\\/wp-content\\\/uploads\\\/2022\\\/01\\\/cathopic_1486413456351008.jpg\",\"contentUrl\":\"https:\\\/\\\/exaudi.org\\\/wp-content\\\/uploads\\\/2022\\\/01\\\/cathopic_1486413456351008.jpg\",\"width\":2256,\"height\":1504,\"caption\":\"Vaticano \u00a9 Cathopic. Sonia Trujillo G.\"},{\"@type\":\"BreadcrumbList\",\"@id\":\"https:\\\/\\\/exaudi.org\\\/es\\\/el-cardenal-parolin-y-mons-pena-dan-positivo-a-covid-19\\\/#breadcrumb\",\"itemListElement\":[{\"@type\":\"ListItem\",\"position\":1,\"name\":\"Portada\",\"item\":\"https:\\\/\\\/exaudi.org\\\/es\\\/\"},{\"@type\":\"ListItem\",\"position\":2,\"name\":\"El cardenal Parolin y monse\u00f1or Pe\u00f1a dan positivo a COVID-19\"}]},{\"@type\":\"WebSite\",\"@id\":\"https:\\\/\\\/exaudi.org\\\/#website\",\"url\":\"https:\\\/\\\/exaudi.org\\\/\",\"name\":\"Exaudi\",\"description\":\"News\",\"potentialAction\":[{\"@type\":\"SearchAction\",\"target\":{\"@type\":\"EntryPoint\",\"urlTemplate\":\"https:\\\/\\\/exaudi.org\\\/?s={search_term_string}\"},\"query-input\":{\"@type\":\"PropertyValueSpecification\",\"valueRequired\":true,\"valueName\":\"search_term_string\"}}],\"inLanguage\":\"es\"},{\"@type\":\"Person\",\"@id\":\"https:\\\/\\\/exaudi.org\\\/#\\\/schema\\\/person\\\/7d2f77db033c2c0929edfab6dbe8c588\",\"name\":\"Larissa I. L\u00f3pez\",\"image\":{\"@type\":\"ImageObject\",\"inLanguage\":\"es\",\"@id\":\"https:\\\/\\\/secure.gravatar.com\\\/avatar\\\/db3ef399ff343d0bb9d25dc5198bc8ece5ac6d621eca79876697a354dabc1e3f?s=96&d=mm&r=g\",\"url\":\"https:\\\/\\\/secure.gravatar.com\\\/avatar\\\/db3ef399ff343d0bb9d25dc5198bc8ece5ac6d621eca79876697a354dabc1e3f?s=96&d=mm&r=g\",\"contentUrl\":\"https:\\\/\\\/secure.gravatar.com\\\/avatar\\\/db3ef399ff343d0bb9d25dc5198bc8ece5ac6d621eca79876697a354dabc1e3f?s=96&d=mm&r=g\",\"caption\":\"Larissa I. L\u00f3pez\"},\"description\":\"Doctora en Comunicaci\u00f3n. Mi trayectoria profesional ha transcurrido entre el \u00e1mbito de la comunicaci\u00f3n y el de la docencia. En los \u00faltimos a\u00f1os, he trabajado como coordinadora y redactora de la edici\u00f3n de ZENIT en espa\u00f1ol. Como profesora, he impartido clases en la universidad y en centros de FP y bachillerato. Cordobesa de nacimiento, tambi\u00e9n he vivido en Sevilla, Madrid y Roma\",\"url\":\"https:\\\/\\\/exaudi.org\\\/es\\\/author\\\/llopezexaudi-org\\\/\"}]}<\/script>\n<!-- \/ Yoast SEO plugin. -->","yoast_head_json":{"title":"El cardenal Parolin y monse\u00f1or Pe\u00f1a dan positivo a COVID-19 &#8211; Exaudi","description":"El cardenal Parolin, secretario de Estado del Vaticano y monse\u00f1or Pe\u00f1a Parra, sustituto, han dado positivo en las pruebas de COVID-19","robots":{"index":"index","follow":"follow","max-snippet":"max-snippet:-1","max-image-preview":"max-image-preview:large","max-video-preview":"max-video-preview:-1"},"canonical":"https:\/\/exaudi.org\/es\/el-cardenal-parolin-y-mons-pena-dan-positivo-a-covid-19\/","og_locale":"es_ES","og_type":"article","og_title":"El cardenal Parolin y monse\u00f1or Pe\u00f1a dan positivo a COVID-19 &#8211; Exaudi","og_description":"El cardenal Parolin, secretario de Estado del Vaticano y monse\u00f1or Pe\u00f1a Parra, sustituto, han dado positivo en las pruebas de COVID-19","og_url":"https:\/\/exaudi.org\/es\/el-cardenal-parolin-y-mons-pena-dan-positivo-a-covid-19\/","og_site_name":"Exaudi","article_publisher":"https:\/\/www.facebook.com\/ExaudiNews","article_published_time":"2022-01-18T15:19:05+00:00","article_modified_time":"2022-01-18T16:21:36+00:00","og_image":[{"width":2256,"height":1504,"url":"https:\/\/exaudi.org\/wp-content\/uploads\/2022\/01\/cathopic_1486413456351008.jpg","type":"image\/jpeg"}],"author":"Larissa I. L\u00f3pez","twitter_card":"summary_large_image","twitter_creator":"@Exaudi_News","twitter_site":"@Exaudi_News","twitter_misc":{"Escrito por":"Larissa I. L\u00f3pez","Tiempo de lectura":"2 minutos"},"schema":{"@context":"https:\/\/schema.org","@graph":[{"@type":"Article","@id":"https:\/\/exaudi.org\/es\/el-cardenal-parolin-y-mons-pena-dan-positivo-a-covid-19\/#article","isPartOf":{"@id":"https:\/\/exaudi.org\/es\/el-cardenal-parolin-y-mons-pena-dan-positivo-a-covid-19\/"},"author":{"name":"Larissa I. L\u00f3pez","@id":"https:\/\/exaudi.org\/#\/schema\/person\/7d2f77db033c2c0929edfab6dbe8c588"},"headline":"El cardenal Parolin y monse\u00f1or Pe\u00f1a dan positivo a COVID-19","datePublished":"2022-01-18T15:19:05+00:00","dateModified":"2022-01-18T16:21:36+00:00","mainEntityOfPage":{"@id":"https:\/\/exaudi.org\/es\/el-cardenal-parolin-y-mons-pena-dan-positivo-a-covid-19\/"},"wordCount":269,"image":{"@id":"https:\/\/exaudi.org\/es\/el-cardenal-parolin-y-mons-pena-dan-positivo-a-covid-19\/#primaryimage"},"thumbnailUrl":"https:\/\/exaudi.org\/wp-content\/uploads\/2022\/01\/cathopic_1486413456351008.jpg","keywords":["Cardenal Pietro Parolin","COVID-19","Monse\u00f1or Edgar Pe\u00f1a Parra","Trending"],"articleSection":["Vaticano"],"inLanguage":"es"},{"@type":"WebPage","@id":"https:\/\/exaudi.org\/es\/el-cardenal-parolin-y-mons-pena-dan-positivo-a-covid-19\/","url":"https:\/\/exaudi.org\/es\/el-cardenal-parolin-y-mons-pena-dan-positivo-a-covid-19\/","name":"El cardenal Parolin y monse\u00f1or Pe\u00f1a dan positivo a COVID-19 &#8211; Exaudi","isPartOf":{"@id":"https:\/\/exaudi.org\/#website"},"primaryImageOfPage":{"@id":"https:\/\/exaudi.org\/es\/el-cardenal-parolin-y-mons-pena-dan-positivo-a-covid-19\/#primaryimage"},"image":{"@id":"https:\/\/exaudi.org\/es\/el-cardenal-parolin-y-mons-pena-dan-positivo-a-covid-19\/#primaryimage"},"thumbnailUrl":"https:\/\/exaudi.org\/wp-content\/uploads\/2022\/01\/cathopic_1486413456351008.jpg","datePublished":"2022-01-18T15:19:05+00:00","dateModified":"2022-01-18T16:21:36+00:00","author":{"@id":"https:\/\/exaudi.org\/#\/schema\/person\/7d2f77db033c2c0929edfab6dbe8c588"},"description":"El cardenal Parolin, secretario de Estado del Vaticano y monse\u00f1or Pe\u00f1a Parra, sustituto, han dado positivo en las pruebas de COVID-19","breadcrumb":{"@id":"https:\/\/exaudi.org\/es\/el-cardenal-parolin-y-mons-pena-dan-positivo-a-covid-19\/#breadcrumb"},"inLanguage":"es","potentialAction":[{"@type":"ReadAction","target":["https:\/\/exaudi.org\/es\/el-cardenal-parolin-y-mons-pena-dan-positivo-a-covid-19\/"]}]},{"@type":"ImageObject","inLanguage":"es","@id":"https:\/\/exaudi.org\/es\/el-cardenal-parolin-y-mons-pena-dan-positivo-a-covid-19\/#primaryimage","url":"https:\/\/exaudi.org\/wp-content\/uploads\/2022\/01\/cathopic_1486413456351008.jpg","contentUrl":"https:\/\/exaudi.org\/wp-content\/uploads\/2022\/01\/cathopic_1486413456351008.jpg","width":2256,"height":1504,"caption":"Vaticano \u00a9 Cathopic. Sonia Trujillo G."},{"@type":"BreadcrumbList","@id":"https:\/\/exaudi.org\/es\/el-cardenal-parolin-y-mons-pena-dan-positivo-a-covid-19\/#breadcrumb","itemListElement":[{"@type":"ListItem","position":1,"name":"Portada","item":"https:\/\/exaudi.org\/es\/"},{"@type":"ListItem","position":2,"name":"El cardenal Parolin y monse\u00f1or Pe\u00f1a dan positivo a COVID-19"}]},{"@type":"WebSite","@id":"https:\/\/exaudi.org\/#website","url":"https:\/\/exaudi.org\/","name":"Exaudi","description":"News","potentialAction":[{"@type":"SearchAction","target":{"@type":"EntryPoint","urlTemplate":"https:\/\/exaudi.org\/?s={search_term_string}"},"query-input":{"@type":"PropertyValueSpecification","valueRequired":true,"valueName":"search_term_string"}}],"inLanguage":"es"},{"@type":"Person","@id":"https:\/\/exaudi.org\/#\/schema\/person\/7d2f77db033c2c0929edfab6dbe8c588","name":"Larissa I. L\u00f3pez","image":{"@type":"ImageObject","inLanguage":"es","@id":"https:\/\/secure.gravatar.com\/avatar\/db3ef399ff343d0bb9d25dc5198bc8ece5ac6d621eca79876697a354dabc1e3f?s=96&d=mm&r=g","url":"https:\/\/secure.gravatar.com\/avatar\/db3ef399ff343d0bb9d25dc5198bc8ece5ac6d621eca79876697a354dabc1e3f?s=96&d=mm&r=g","contentUrl":"https:\/\/secure.gravatar.com\/avatar\/db3ef399ff343d0bb9d25dc5198bc8ece5ac6d621eca79876697a354dabc1e3f?s=96&d=mm&r=g","caption":"Larissa I. L\u00f3pez"},"description":"Doctora en Comunicaci\u00f3n. Mi trayectoria profesional ha transcurrido entre el \u00e1mbito de la comunicaci\u00f3n y el de la docencia. En los \u00faltimos a\u00f1os, he trabajado como coordinadora y redactora de la edici\u00f3n de ZENIT en espa\u00f1ol. Como profesora, he impartido clases en la universidad y en centros de FP y bachillerato. Cordobesa de nacimiento, tambi\u00e9n he vivido en Sevilla, Madrid y Roma","url":"https:\/\/exaudi.org\/es\/author\/llopezexaudi-org\/"}]}},"jetpack_featured_media_url":"https:\/\/exaudi.org\/wp-content\/uploads\/2022\/01\/cathopic_1486413456351008.jpg","jetpack_shortlink":"https:\/\/wp.me\/pgKjF2-cQ4","_links":{"self":[{"href":"https:\/\/exaudi.org\/es\/wp-json\/wp\/v2\/posts\/49356","targetHints":{"allow":["GET"]}}],"collection":[{"href":"https:\/\/exaudi.org\/es\/wp-json\/wp\/v2\/posts"}],"about":[{"href":"https:\/\/exaudi.org\/es\/wp-json\/wp\/v2\/types\/post"}],"author":[{"embeddable":true,"href":"https:\/\/exaudi.org\/es\/wp-json\/wp\/v2\/users\/5"}],"replies":[{"embeddable":true,"href":"https:\/\/exaudi.org\/es\/wp-json\/wp\/v2\/comments?post=49356"}],"version-history":[{"count":0,"href":"https:\/\/exaudi.org\/es\/wp-json\/wp\/v2\/posts\/49356\/revisions"}],"wp:featuredmedia":[{"embeddable":true,"href":"https:\/\/exaudi.org\/es\/wp-json\/wp\/v2\/media\/49362"}],"wp:attachment":[{"href":"https:\/\/exaudi.org\/es\/wp-json\/wp\/v2\/media?parent=49356"}],"wp:term":[{"taxonomy":"category","embeddable":true,"href":"https:\/\/exaudi.org\/es\/wp-json\/wp\/v2\/categories?post=49356"},{"taxonomy":"post_tag","embeddable":true,"href":"https:\/\/exaudi.org\/es\/wp-json\/wp\/v2\/tags?post=49356"}],"curies":[{"name":"wp","href":"https:\/\/api.w.org\/{rel}","templated":true}]}}