{"id":49351,"date":"2022-01-23T08:00:30","date_gmt":"2022-01-23T07:00:30","guid":{"rendered":"https:\/\/exaudi.org\/?p=49351"},"modified":"2022-01-23T11:10:07","modified_gmt":"2022-01-23T10:10:07","slug":"domingo-de-la-palabra-de-dios","status":"publish","type":"post","link":"https:\/\/exaudi.org\/es\/domingo-de-la-palabra-de-dios\/","title":{"rendered":"Domingo de la Palabra de Dios"},"content":{"rendered":"<p>El <a href=\"https:\/\/exaudi.org\/es\/author\/rafaelmosteyrin\/\">sacerdote Rafael de Mosteyr\u00edn <\/a>ofrece este art\u00edculo sobre la celebraci\u00f3n del domingo de la Palabra de Dios, el III del tiempo ordinario, como ocurre hoy.<\/p>\n<p>***<\/p>\n<p>El Papa Francisco instituy\u00f3 la jornada denominada \u201cDomingo de la Palabra de Dios\u201d en 2019. Desde entonces, cada a\u00f1o, tiene lugar el III Domingo del Tiempo Ordinario. En 2022 ser\u00e1 el pr\u00f3ximo 23 de enero. La finalidad es considerar expresamente la importancia de la Palabra de Dios. Podemos recordar, en este sentido, que la Sagrada Escritura es el mensaje de Dios al hombre, y que espera una respuesta personal de cada uno de los cristianos.<\/p>\n<p>\u00bfQu\u00e9 quiere decir que es un mensaje?\u00a0 Quisiera recordar una an\u00e9cdota que contaba el papa Juan Pablo I \u2013que <a href=\"https:\/\/exaudi.org\/es\/juan-pablo-i-beatificado-4-septiembre-2022\/\" target=\"_blank\" rel=\"noopener\">en septiembre ser\u00e1 beatificado<\/a>&#8211; de sus a\u00f1os como patriarca de Venecia. Explicaba que algunos sacerdotes ancianos, acostumbrados a predicadores notables como sus predecesores, le criticaban un poco por la sencillez e ingenuidad de los ejemplos, que desarrollaba en su predicaci\u00f3n. Pero \u00e9l contestaba a esto diciendo: \u201cLa Palabra de Dios no es m\u00e1s que una carta. Mi madre, cuando el cartero le tra\u00eda una carta de mi padre, que trabajaba en Alemania, la abr\u00eda con ansia, la le\u00eda y rele\u00eda; luego, corr\u00eda a contestarla y enseguida la echaba al buz\u00f3n. Esto es la Palabra de Dios, la carta de una persona que se ama, que se espera; la leemos para hacerla nuestra y contestamos enseguida\u201d. Es necesario por tanto entenderla bien, para contestar correctamente.<\/p>\n<p>Por tanto, es necesario conocer bien el contexto de las palabras de la Biblia, para saber exactamente qu\u00e9 nos quiere decir Dios. Como explica el te\u00f3logo Francisco Varo, en su libro <em>Sabes leer la Biblia<\/em>, los relatos b\u00edblicos no son como una fotograf\u00eda de los acontecimientos de la historia, en los que Dios intervino. Son m\u00e1s bien como el retrato que ha realizado un gran pintor. No es lo mismo una fotograf\u00eda que un retrato. La Biblia no ofrece la visi\u00f3n superficial que aparece a simple vista, como la que podr\u00eda captar una fotograf\u00eda instant\u00e1nea, sino que dibuja los caracteres de las personas y resalta matices en los acontecimientos.<\/p>\n<p>La Biblia es como un retrato pintado en un cuadro. Transmite, a partir de unos signos m\u00e1s o menos figurativos, una informaci\u00f3n real de los acontecimientos, que la que obtuvieron los testigos presenciales. Aunque a veces los detalles narrados no sean calco de la realidad, ayudan a ofrecer una imagen m\u00e1s aut\u00e9ntica de lo sucedido que si hicieran un calco minucioso de los hechos. La Biblia cuenta una interpretaci\u00f3n autorizada, escrita bajo la inspiraci\u00f3n del Esp\u00edritu Santo, de las intervenciones salvadoras de Dios en favor de los hombres. En definitiva, la Biblia es un libro escrito con palabras humanas, pero a trav\u00e9s de las cuales se escucha la Palabra de Dios. Dios nos muestra que es Camino, la Verdad y la Vida. A la vez que espera de cada uno que le amemos sobre todas las cosas y que nos amemos unos a otros.<\/p>\n","protected":false},"excerpt":{"rendered":"<p>El Papa Francisco instituy\u00f3 esta jornada el 30 de septiembre de 2019<\/p>\n","protected":false},"author":21,"featured_media":49352,"comment_status":"closed","ping_status":"closed","sticky":false,"template":"","format":"standard","meta":{"_acf_changed":false,"_crdt_document":"","inline_featured_image":false,"footnotes":""},"categories":[96],"tags":[5567,5568,4953],"class_list":["post-49351","post","type-post","status-publish","format-standard","has-post-thumbnail","hentry","category-espiritualidad","tag-domingo-de-la-palabra-de-dios","tag-rafael-de-mosteyrin","tag-trending-es"],"acf":[],"yoast_head":"<!-- This site is optimized with the Yoast SEO plugin v27.5 - https:\/\/yoast.com\/product\/yoast-seo-wordpress\/ -->\n<title>Domingo de la Palabra de Dios &#8211; Exaudi<\/title>\n<meta name=\"description\" content=\"El sacerdote Rafael de Mosteyr\u00edn ofrece este art\u00edculo sobre la celebraci\u00f3n de la Palabra de Dios hoy domingo 23 de enero del 2022.\" \/>\n<meta name=\"robots\" content=\"index, follow, max-snippet:-1, max-image-preview:large, max-video-preview:-1\" \/>\n<link rel=\"canonical\" href=\"https:\/\/exaudi.org\/es\/domingo-de-la-palabra-de-dios\/\" \/>\n<meta property=\"og:locale\" content=\"es_ES\" \/>\n<meta property=\"og:type\" content=\"article\" \/>\n<meta property=\"og:title\" content=\"Domingo de la Palabra de Dios &#8211; Exaudi\" \/>\n<meta property=\"og:description\" content=\"El sacerdote Rafael de Mosteyr\u00edn ofrece este art\u00edculo sobre la celebraci\u00f3n de la Palabra de Dios hoy domingo 23 de enero del 2022.\" \/>\n<meta property=\"og:url\" content=\"https:\/\/exaudi.org\/es\/domingo-de-la-palabra-de-dios\/\" \/>\n<meta property=\"og:site_name\" content=\"Exaudi\" \/>\n<meta property=\"article:publisher\" content=\"https:\/\/www.facebook.com\/ExaudiNews\" \/>\n<meta property=\"article:published_time\" content=\"2022-01-23T07:00:30+00:00\" \/>\n<meta property=\"article:modified_time\" content=\"2022-01-23T10:10:07+00:00\" \/>\n<meta property=\"og:image\" content=\"https:\/\/exaudi.org\/wp-content\/uploads\/2022\/01\/palabra-dios.jpg\" \/>\n\t<meta property=\"og:image:width\" content=\"1500\" \/>\n\t<meta property=\"og:image:height\" content=\"1000\" \/>\n\t<meta property=\"og:image:type\" content=\"image\/jpeg\" \/>\n<meta name=\"author\" content=\"Rafael Mosteyr\u00edn\" \/>\n<meta name=\"twitter:card\" content=\"summary_large_image\" \/>\n<meta name=\"twitter:creator\" content=\"@Exaudi_News\" \/>\n<meta name=\"twitter:site\" content=\"@Exaudi_News\" \/>\n<meta name=\"twitter:label1\" content=\"Escrito por\" \/>\n\t<meta name=\"twitter:data1\" content=\"Rafael Mosteyr\u00edn\" \/>\n\t<meta name=\"twitter:label2\" content=\"Tiempo de lectura\" \/>\n\t<meta name=\"twitter:data2\" content=\"3 minutos\" \/>\n<script type=\"application\/ld+json\" class=\"yoast-schema-graph\">{\"@context\":\"https:\\\/\\\/schema.org\",\"@graph\":[{\"@type\":\"Article\",\"@id\":\"https:\\\/\\\/exaudi.org\\\/es\\\/domingo-de-la-palabra-de-dios\\\/#article\",\"isPartOf\":{\"@id\":\"https:\\\/\\\/exaudi.org\\\/es\\\/domingo-de-la-palabra-de-dios\\\/\"},\"author\":{\"name\":\"Rafael Mosteyr\u00edn\",\"@id\":\"https:\\\/\\\/exaudi.org\\\/#\\\/schema\\\/person\\\/f353f945f5324dc163c4081b5aa12fcb\"},\"headline\":\"Domingo de la Palabra de Dios\",\"datePublished\":\"2022-01-23T07:00:30+00:00\",\"dateModified\":\"2022-01-23T10:10:07+00:00\",\"mainEntityOfPage\":{\"@id\":\"https:\\\/\\\/exaudi.org\\\/es\\\/domingo-de-la-palabra-de-dios\\\/\"},\"wordCount\":532,\"image\":{\"@id\":\"https:\\\/\\\/exaudi.org\\\/es\\\/domingo-de-la-palabra-de-dios\\\/#primaryimage\"},\"thumbnailUrl\":\"https:\\\/\\\/exaudi.org\\\/wp-content\\\/uploads\\\/2022\\\/01\\\/palabra-dios.jpg\",\"keywords\":[\"Domingo de la Palabra de Dios\",\"Rafael de Mosteyr\u00edn\",\"Trending\"],\"articleSection\":[\"Espiritualidad\"],\"inLanguage\":\"es\"},{\"@type\":\"WebPage\",\"@id\":\"https:\\\/\\\/exaudi.org\\\/es\\\/domingo-de-la-palabra-de-dios\\\/\",\"url\":\"https:\\\/\\\/exaudi.org\\\/es\\\/domingo-de-la-palabra-de-dios\\\/\",\"name\":\"Domingo de la Palabra de Dios &#8211; Exaudi\",\"isPartOf\":{\"@id\":\"https:\\\/\\\/exaudi.org\\\/#website\"},\"primaryImageOfPage\":{\"@id\":\"https:\\\/\\\/exaudi.org\\\/es\\\/domingo-de-la-palabra-de-dios\\\/#primaryimage\"},\"image\":{\"@id\":\"https:\\\/\\\/exaudi.org\\\/es\\\/domingo-de-la-palabra-de-dios\\\/#primaryimage\"},\"thumbnailUrl\":\"https:\\\/\\\/exaudi.org\\\/wp-content\\\/uploads\\\/2022\\\/01\\\/palabra-dios.jpg\",\"datePublished\":\"2022-01-23T07:00:30+00:00\",\"dateModified\":\"2022-01-23T10:10:07+00:00\",\"author\":{\"@id\":\"https:\\\/\\\/exaudi.org\\\/#\\\/schema\\\/person\\\/f353f945f5324dc163c4081b5aa12fcb\"},\"description\":\"El sacerdote Rafael de Mosteyr\u00edn ofrece este art\u00edculo sobre la celebraci\u00f3n de la Palabra de Dios hoy domingo 23 de enero del 2022.\",\"breadcrumb\":{\"@id\":\"https:\\\/\\\/exaudi.org\\\/es\\\/domingo-de-la-palabra-de-dios\\\/#breadcrumb\"},\"inLanguage\":\"es\",\"potentialAction\":[{\"@type\":\"ReadAction\",\"target\":[\"https:\\\/\\\/exaudi.org\\\/es\\\/domingo-de-la-palabra-de-dios\\\/\"]}]},{\"@type\":\"ImageObject\",\"inLanguage\":\"es\",\"@id\":\"https:\\\/\\\/exaudi.org\\\/es\\\/domingo-de-la-palabra-de-dios\\\/#primaryimage\",\"url\":\"https:\\\/\\\/exaudi.org\\\/wp-content\\\/uploads\\\/2022\\\/01\\\/palabra-dios.jpg\",\"contentUrl\":\"https:\\\/\\\/exaudi.org\\\/wp-content\\\/uploads\\\/2022\\\/01\\\/palabra-dios.jpg\",\"width\":1500,\"height\":1000,\"caption\":\"Palabra de Dios \u00a9 Canva\"},{\"@type\":\"BreadcrumbList\",\"@id\":\"https:\\\/\\\/exaudi.org\\\/es\\\/domingo-de-la-palabra-de-dios\\\/#breadcrumb\",\"itemListElement\":[{\"@type\":\"ListItem\",\"position\":1,\"name\":\"Portada\",\"item\":\"https:\\\/\\\/exaudi.org\\\/es\\\/\"},{\"@type\":\"ListItem\",\"position\":2,\"name\":\"Domingo de la Palabra de Dios\"}]},{\"@type\":\"WebSite\",\"@id\":\"https:\\\/\\\/exaudi.org\\\/#website\",\"url\":\"https:\\\/\\\/exaudi.org\\\/\",\"name\":\"Exaudi\",\"description\":\"News\",\"potentialAction\":[{\"@type\":\"SearchAction\",\"target\":{\"@type\":\"EntryPoint\",\"urlTemplate\":\"https:\\\/\\\/exaudi.org\\\/?s={search_term_string}\"},\"query-input\":{\"@type\":\"PropertyValueSpecification\",\"valueRequired\":true,\"valueName\":\"search_term_string\"}}],\"inLanguage\":\"es\"},{\"@type\":\"Person\",\"@id\":\"https:\\\/\\\/exaudi.org\\\/#\\\/schema\\\/person\\\/f353f945f5324dc163c4081b5aa12fcb\",\"name\":\"Rafael Mosteyr\u00edn\",\"image\":{\"@type\":\"ImageObject\",\"inLanguage\":\"es\",\"@id\":\"https:\\\/\\\/secure.gravatar.com\\\/avatar\\\/27281f36e8c6433071aa858f3ba7cb1231e54d489be779f5b4d512db37f4128b?s=96&d=mm&r=g\",\"url\":\"https:\\\/\\\/secure.gravatar.com\\\/avatar\\\/27281f36e8c6433071aa858f3ba7cb1231e54d489be779f5b4d512db37f4128b?s=96&d=mm&r=g\",\"contentUrl\":\"https:\\\/\\\/secure.gravatar.com\\\/avatar\\\/27281f36e8c6433071aa858f3ba7cb1231e54d489be779f5b4d512db37f4128b?s=96&d=mm&r=g\",\"caption\":\"Rafael Mosteyr\u00edn\"},\"description\":\"Nacido en 1973 en Sevilla, y ordenado sacerdote en 2014 en Roma. Desde entonces he vivido en Barcelona y Sevilla, con estancias de colaboraci\u00f3n en Oberammergau (Alemania) y Huancavelica (Per\u00fa). Actualmente estoy en Sevilla, en la Iglesia del Se\u00f1or san Jos\u00e9 y en el colegio Ribamar.\",\"url\":\"https:\\\/\\\/exaudi.org\\\/es\\\/author\\\/rafaelmosteyrin\\\/\"}]}<\/script>\n<!-- \/ Yoast SEO plugin. -->","yoast_head_json":{"title":"Domingo de la Palabra de Dios &#8211; Exaudi","description":"El sacerdote Rafael de Mosteyr\u00edn ofrece este art\u00edculo sobre la celebraci\u00f3n de la Palabra de Dios hoy domingo 23 de enero del 2022.","robots":{"index":"index","follow":"follow","max-snippet":"max-snippet:-1","max-image-preview":"max-image-preview:large","max-video-preview":"max-video-preview:-1"},"canonical":"https:\/\/exaudi.org\/es\/domingo-de-la-palabra-de-dios\/","og_locale":"es_ES","og_type":"article","og_title":"Domingo de la Palabra de Dios &#8211; Exaudi","og_description":"El sacerdote Rafael de Mosteyr\u00edn ofrece este art\u00edculo sobre la celebraci\u00f3n de la Palabra de Dios hoy domingo 23 de enero del 2022.","og_url":"https:\/\/exaudi.org\/es\/domingo-de-la-palabra-de-dios\/","og_site_name":"Exaudi","article_publisher":"https:\/\/www.facebook.com\/ExaudiNews","article_published_time":"2022-01-23T07:00:30+00:00","article_modified_time":"2022-01-23T10:10:07+00:00","og_image":[{"width":1500,"height":1000,"url":"https:\/\/exaudi.org\/wp-content\/uploads\/2022\/01\/palabra-dios.jpg","type":"image\/jpeg"}],"author":"Rafael Mosteyr\u00edn","twitter_card":"summary_large_image","twitter_creator":"@Exaudi_News","twitter_site":"@Exaudi_News","twitter_misc":{"Escrito por":"Rafael Mosteyr\u00edn","Tiempo de lectura":"3 minutos"},"schema":{"@context":"https:\/\/schema.org","@graph":[{"@type":"Article","@id":"https:\/\/exaudi.org\/es\/domingo-de-la-palabra-de-dios\/#article","isPartOf":{"@id":"https:\/\/exaudi.org\/es\/domingo-de-la-palabra-de-dios\/"},"author":{"name":"Rafael Mosteyr\u00edn","@id":"https:\/\/exaudi.org\/#\/schema\/person\/f353f945f5324dc163c4081b5aa12fcb"},"headline":"Domingo de la Palabra de Dios","datePublished":"2022-01-23T07:00:30+00:00","dateModified":"2022-01-23T10:10:07+00:00","mainEntityOfPage":{"@id":"https:\/\/exaudi.org\/es\/domingo-de-la-palabra-de-dios\/"},"wordCount":532,"image":{"@id":"https:\/\/exaudi.org\/es\/domingo-de-la-palabra-de-dios\/#primaryimage"},"thumbnailUrl":"https:\/\/exaudi.org\/wp-content\/uploads\/2022\/01\/palabra-dios.jpg","keywords":["Domingo de la Palabra de Dios","Rafael de Mosteyr\u00edn","Trending"],"articleSection":["Espiritualidad"],"inLanguage":"es"},{"@type":"WebPage","@id":"https:\/\/exaudi.org\/es\/domingo-de-la-palabra-de-dios\/","url":"https:\/\/exaudi.org\/es\/domingo-de-la-palabra-de-dios\/","name":"Domingo de la Palabra de Dios &#8211; Exaudi","isPartOf":{"@id":"https:\/\/exaudi.org\/#website"},"primaryImageOfPage":{"@id":"https:\/\/exaudi.org\/es\/domingo-de-la-palabra-de-dios\/#primaryimage"},"image":{"@id":"https:\/\/exaudi.org\/es\/domingo-de-la-palabra-de-dios\/#primaryimage"},"thumbnailUrl":"https:\/\/exaudi.org\/wp-content\/uploads\/2022\/01\/palabra-dios.jpg","datePublished":"2022-01-23T07:00:30+00:00","dateModified":"2022-01-23T10:10:07+00:00","author":{"@id":"https:\/\/exaudi.org\/#\/schema\/person\/f353f945f5324dc163c4081b5aa12fcb"},"description":"El sacerdote Rafael de Mosteyr\u00edn ofrece este art\u00edculo sobre la celebraci\u00f3n de la Palabra de Dios hoy domingo 23 de enero del 2022.","breadcrumb":{"@id":"https:\/\/exaudi.org\/es\/domingo-de-la-palabra-de-dios\/#breadcrumb"},"inLanguage":"es","potentialAction":[{"@type":"ReadAction","target":["https:\/\/exaudi.org\/es\/domingo-de-la-palabra-de-dios\/"]}]},{"@type":"ImageObject","inLanguage":"es","@id":"https:\/\/exaudi.org\/es\/domingo-de-la-palabra-de-dios\/#primaryimage","url":"https:\/\/exaudi.org\/wp-content\/uploads\/2022\/01\/palabra-dios.jpg","contentUrl":"https:\/\/exaudi.org\/wp-content\/uploads\/2022\/01\/palabra-dios.jpg","width":1500,"height":1000,"caption":"Palabra de Dios \u00a9 Canva"},{"@type":"BreadcrumbList","@id":"https:\/\/exaudi.org\/es\/domingo-de-la-palabra-de-dios\/#breadcrumb","itemListElement":[{"@type":"ListItem","position":1,"name":"Portada","item":"https:\/\/exaudi.org\/es\/"},{"@type":"ListItem","position":2,"name":"Domingo de la Palabra de Dios"}]},{"@type":"WebSite","@id":"https:\/\/exaudi.org\/#website","url":"https:\/\/exaudi.org\/","name":"Exaudi","description":"News","potentialAction":[{"@type":"SearchAction","target":{"@type":"EntryPoint","urlTemplate":"https:\/\/exaudi.org\/?s={search_term_string}"},"query-input":{"@type":"PropertyValueSpecification","valueRequired":true,"valueName":"search_term_string"}}],"inLanguage":"es"},{"@type":"Person","@id":"https:\/\/exaudi.org\/#\/schema\/person\/f353f945f5324dc163c4081b5aa12fcb","name":"Rafael Mosteyr\u00edn","image":{"@type":"ImageObject","inLanguage":"es","@id":"https:\/\/secure.gravatar.com\/avatar\/27281f36e8c6433071aa858f3ba7cb1231e54d489be779f5b4d512db37f4128b?s=96&d=mm&r=g","url":"https:\/\/secure.gravatar.com\/avatar\/27281f36e8c6433071aa858f3ba7cb1231e54d489be779f5b4d512db37f4128b?s=96&d=mm&r=g","contentUrl":"https:\/\/secure.gravatar.com\/avatar\/27281f36e8c6433071aa858f3ba7cb1231e54d489be779f5b4d512db37f4128b?s=96&d=mm&r=g","caption":"Rafael Mosteyr\u00edn"},"description":"Nacido en 1973 en Sevilla, y ordenado sacerdote en 2014 en Roma. Desde entonces he vivido en Barcelona y Sevilla, con estancias de colaboraci\u00f3n en Oberammergau (Alemania) y Huancavelica (Per\u00fa). Actualmente estoy en Sevilla, en la Iglesia del Se\u00f1or san Jos\u00e9 y en el colegio Ribamar.","url":"https:\/\/exaudi.org\/es\/author\/rafaelmosteyrin\/"}]}},"jetpack_featured_media_url":"https:\/\/exaudi.org\/wp-content\/uploads\/2022\/01\/palabra-dios.jpg","jetpack_shortlink":"https:\/\/wp.me\/pgKjF2-cPZ","_links":{"self":[{"href":"https:\/\/exaudi.org\/es\/wp-json\/wp\/v2\/posts\/49351","targetHints":{"allow":["GET"]}}],"collection":[{"href":"https:\/\/exaudi.org\/es\/wp-json\/wp\/v2\/posts"}],"about":[{"href":"https:\/\/exaudi.org\/es\/wp-json\/wp\/v2\/types\/post"}],"author":[{"embeddable":true,"href":"https:\/\/exaudi.org\/es\/wp-json\/wp\/v2\/users\/21"}],"replies":[{"embeddable":true,"href":"https:\/\/exaudi.org\/es\/wp-json\/wp\/v2\/comments?post=49351"}],"version-history":[{"count":0,"href":"https:\/\/exaudi.org\/es\/wp-json\/wp\/v2\/posts\/49351\/revisions"}],"wp:featuredmedia":[{"embeddable":true,"href":"https:\/\/exaudi.org\/es\/wp-json\/wp\/v2\/media\/49352"}],"wp:attachment":[{"href":"https:\/\/exaudi.org\/es\/wp-json\/wp\/v2\/media?parent=49351"}],"wp:term":[{"taxonomy":"category","embeddable":true,"href":"https:\/\/exaudi.org\/es\/wp-json\/wp\/v2\/categories?post=49351"},{"taxonomy":"post_tag","embeddable":true,"href":"https:\/\/exaudi.org\/es\/wp-json\/wp\/v2\/tags?post=49351"}],"curies":[{"name":"wp","href":"https:\/\/api.w.org\/{rel}","templated":true}]}}