{"id":49346,"date":"2022-01-18T12:39:21","date_gmt":"2022-01-18T11:39:21","guid":{"rendered":"https:\/\/exaudi.org\/?p=49346"},"modified":"2022-01-18T17:10:15","modified_gmt":"2022-01-18T16:10:15","slug":"el-papa-envia-100-mil-euros-para-ayudar-a-filipinas","status":"publish","type":"post","link":"https:\/\/exaudi.org\/es\/el-papa-envia-100-mil-euros-para-ayudar-a-filipinas\/","title":{"rendered":"El Papa env\u00eda 100 mil euros para ayudar a Filipinas"},"content":{"rendered":"<p>El Papa Francisco env\u00eda 100 mil euros para ayudar al pueblo de Filipinas azotado por el tif\u00f3n Rai y destina la misma cantidad en favor de la emergencia migratoria generada en la frontera entre Polonia y Bielorrusia, informa un comunicado del <a href=\"https:\/\/www.humandevelopment.va\/es.html\" target=\"_blank\" rel=\"noopener\">Dicasterio para el Servicio del Desarrollo Humano Integral<\/a> hoy, 18 de enero de 2022.<\/p>\n<p>De acuerdo al mismo, \u201ctras el tif\u00f3n Rai, que azot\u00f3 Filipinas con extraordinaria vehemencia, afectando a &#8211; seg\u00fan fuentes de las Naciones Unidas- alrededor de 8 millones de personas en 11 regiones, y causando grandes da\u00f1os materiales, el Papa Francisco ha decidido enviar una contribuci\u00f3n inicial de 100.000 euros para el alivio de la poblaci\u00f3n, a trav\u00e9s del <a href=\"https:\/\/www.humandevelopment.va\/es.html\" target=\"_blank\" rel=\"noopener\">Dicasterio para el Servicio del Desarrollo Humano Integral<\/a>\u201d.<\/p>\n<p>De acuerdo al mismo, en colaboraci\u00f3n con la Nunciatura Apost\u00f3lica en Filipinas, \u201cesta suma se enviar\u00e1 a la Iglesia local y se destinar\u00e1 a las di\u00f3cesis m\u00e1s afectadas por la cat\u00e1strofe para que la utilicen en obras de asistencia\u201d. Este gesto pretende \u201cser una expresi\u00f3n inmediata del sentimiento de cercan\u00eda espiritual y de aliento paternal del Santo Padre hacia las personas y territorios afectados, manifestado al margen del <a href=\"https:\/\/exaudi.org\/es\/cercania-del-papa-con-filipinas-golpeada-por-tifon\/\" target=\"_blank\" rel=\"noopener\">\u00c1ngelus en la plaza de San Pedro el domingo 19 de diciembre de 202<\/a>1, con la invocaci\u00f3n de la protecci\u00f3n de la Virgen\u201d.<\/p>\n<p>Esta contribuci\u00f3n, \u201cque acompa\u00f1a a la oraci\u00f3n de apoyo a la querida poblaci\u00f3n filipina, forma parte de la ayuda que se est\u00e1 activando en toda la Iglesia cat\u00f3lica y en la que participan, adem\u00e1s de varias Conferencias Episcopales, numerosas organizaciones caritativas\u201d, se lee en el texto.<\/p>\n<h2><strong>Ayuda a migrantes entre Polonia y Bielorrusia<\/strong><\/h2>\n<p>Adem\u00e1s, el Santo Padre \u201ctambi\u00e9n ha decidido enviar una contribuci\u00f3n de 100.000 euros en favor de los grupos de migrantes varados entre Polonia y Bielorrusia y en ayuda a Caritas Polska para hacer frente a la emergencia migratoria en la frontera entre ambos pa\u00edses, debido a la situaci\u00f3n de conflicto que dura ya m\u00e1s de 10 a\u00f1os\u201d.<\/p>\n<h2><strong>Palabras del Papa en el \u00c1ngelus<\/strong><\/h2>\n<p>Efectivamente, el pasado 19 de diciembre, Francisco expres\u00f3 su cercan\u00eda \u201ca la poblaci\u00f3n de Filipinas golpeada por un fuerte tif\u00f3n, que ha destruido muchas casas\u201d. Y pidi\u00f3 \u201cque el Santo Ni\u00f1o lleve consolaci\u00f3n y esperanza a las familias en mayor dificultad; \u00a1y a todos nosotros nos inspire ayudas concretas!\u201d. \u201cLa primera ayuda concreta es la oraci\u00f3n, y las otras ayudas\u201d, resalt\u00f3.<\/p>\n","protected":false},"excerpt":{"rendered":"<p>Y otros 100. 000 para migrantes varados entre Polonia y Bielorrusia<\/p>\n","protected":false},"author":5,"featured_media":49348,"comment_status":"closed","ping_status":"closed","sticky":false,"template":"","format":"standard","meta":{"_acf_changed":false,"_crdt_document":"","inline_featured_image":false,"footnotes":""},"categories":[68],"tags":[4865,1427,158,2425,4953],"class_list":["post-49346","post","type-post","status-publish","format-standard","has-post-thumbnail","hentry","category-leon-xiv","tag-bielorrusia","tag-filipinas","tag-papa-francisco","tag-polonia-es","tag-trending-es"],"acf":[],"yoast_head":"<!-- This site is optimized with the Yoast SEO plugin v27.5 - https:\/\/yoast.com\/product\/yoast-seo-wordpress\/ -->\n<title>El Papa env\u00eda 100 mil euros para ayudar a Filipinas &#8211; Exaudi<\/title>\n<meta name=\"description\" content=\"Tras el tif\u00f3n en Filipinas el Papa Francisco env\u00eda 100 mil euros para ayudar aliviar a la poblaci\u00f3n afectada\" \/>\n<meta name=\"robots\" content=\"index, follow, max-snippet:-1, max-image-preview:large, max-video-preview:-1\" \/>\n<link rel=\"canonical\" href=\"https:\/\/exaudi.org\/es\/el-papa-envia-100-mil-euros-para-ayudar-a-filipinas\/\" \/>\n<meta property=\"og:locale\" content=\"es_ES\" \/>\n<meta property=\"og:type\" content=\"article\" \/>\n<meta property=\"og:title\" content=\"El Papa env\u00eda 100 mil euros para ayudar a Filipinas &#8211; Exaudi\" \/>\n<meta property=\"og:description\" content=\"Tras el tif\u00f3n en Filipinas el Papa Francisco env\u00eda 100 mil euros para ayudar aliviar a la poblaci\u00f3n afectada\" \/>\n<meta property=\"og:url\" content=\"https:\/\/exaudi.org\/es\/el-papa-envia-100-mil-euros-para-ayudar-a-filipinas\/\" \/>\n<meta property=\"og:site_name\" content=\"Exaudi\" \/>\n<meta property=\"article:publisher\" content=\"https:\/\/www.facebook.com\/ExaudiNews\" \/>\n<meta property=\"article:published_time\" content=\"2022-01-18T11:39:21+00:00\" \/>\n<meta property=\"article:modified_time\" content=\"2022-01-18T16:10:15+00:00\" \/>\n<meta property=\"og:image\" content=\"https:\/\/exaudi.org\/wp-content\/uploads\/2022\/01\/Papa-Francisco.jpeg\" \/>\n\t<meta property=\"og:image:width\" content=\"1280\" \/>\n\t<meta property=\"og:image:height\" content=\"720\" \/>\n\t<meta property=\"og:image:type\" content=\"image\/jpeg\" \/>\n<meta name=\"author\" content=\"Larissa I. L\u00f3pez\" \/>\n<meta name=\"twitter:card\" content=\"summary_large_image\" \/>\n<meta name=\"twitter:creator\" content=\"@Exaudi_News\" \/>\n<meta name=\"twitter:site\" content=\"@Exaudi_News\" \/>\n<meta name=\"twitter:label1\" content=\"Escrito por\" \/>\n\t<meta name=\"twitter:data1\" content=\"Larissa I. L\u00f3pez\" \/>\n\t<meta name=\"twitter:label2\" content=\"Tiempo de lectura\" \/>\n\t<meta name=\"twitter:data2\" content=\"2 minutos\" \/>\n<script type=\"application\/ld+json\" class=\"yoast-schema-graph\">{\"@context\":\"https:\\\/\\\/schema.org\",\"@graph\":[{\"@type\":\"Article\",\"@id\":\"https:\\\/\\\/exaudi.org\\\/es\\\/el-papa-envia-100-mil-euros-para-ayudar-a-filipinas\\\/#article\",\"isPartOf\":{\"@id\":\"https:\\\/\\\/exaudi.org\\\/es\\\/el-papa-envia-100-mil-euros-para-ayudar-a-filipinas\\\/\"},\"author\":{\"name\":\"Larissa I. L\u00f3pez\",\"@id\":\"https:\\\/\\\/exaudi.org\\\/#\\\/schema\\\/person\\\/7d2f77db033c2c0929edfab6dbe8c588\"},\"headline\":\"El Papa env\u00eda 100 mil euros para ayudar a Filipinas\",\"datePublished\":\"2022-01-18T11:39:21+00:00\",\"dateModified\":\"2022-01-18T16:10:15+00:00\",\"mainEntityOfPage\":{\"@id\":\"https:\\\/\\\/exaudi.org\\\/es\\\/el-papa-envia-100-mil-euros-para-ayudar-a-filipinas\\\/\"},\"wordCount\":424,\"image\":{\"@id\":\"https:\\\/\\\/exaudi.org\\\/es\\\/el-papa-envia-100-mil-euros-para-ayudar-a-filipinas\\\/#primaryimage\"},\"thumbnailUrl\":\"https:\\\/\\\/exaudi.org\\\/wp-content\\\/uploads\\\/2022\\\/01\\\/Papa-Francisco.jpeg\",\"keywords\":[\"Bielorrusia\",\"Filipinas\",\"papa francisco\",\"Polonia\",\"Trending\"],\"articleSection\":[\"Le\u00f3n XIV\"],\"inLanguage\":\"es\"},{\"@type\":\"WebPage\",\"@id\":\"https:\\\/\\\/exaudi.org\\\/es\\\/el-papa-envia-100-mil-euros-para-ayudar-a-filipinas\\\/\",\"url\":\"https:\\\/\\\/exaudi.org\\\/es\\\/el-papa-envia-100-mil-euros-para-ayudar-a-filipinas\\\/\",\"name\":\"El Papa env\u00eda 100 mil euros para ayudar a Filipinas &#8211; Exaudi\",\"isPartOf\":{\"@id\":\"https:\\\/\\\/exaudi.org\\\/#website\"},\"primaryImageOfPage\":{\"@id\":\"https:\\\/\\\/exaudi.org\\\/es\\\/el-papa-envia-100-mil-euros-para-ayudar-a-filipinas\\\/#primaryimage\"},\"image\":{\"@id\":\"https:\\\/\\\/exaudi.org\\\/es\\\/el-papa-envia-100-mil-euros-para-ayudar-a-filipinas\\\/#primaryimage\"},\"thumbnailUrl\":\"https:\\\/\\\/exaudi.org\\\/wp-content\\\/uploads\\\/2022\\\/01\\\/Papa-Francisco.jpeg\",\"datePublished\":\"2022-01-18T11:39:21+00:00\",\"dateModified\":\"2022-01-18T16:10:15+00:00\",\"author\":{\"@id\":\"https:\\\/\\\/exaudi.org\\\/#\\\/schema\\\/person\\\/7d2f77db033c2c0929edfab6dbe8c588\"},\"description\":\"Tras el tif\u00f3n en Filipinas el Papa Francisco env\u00eda 100 mil euros para ayudar aliviar a la poblaci\u00f3n afectada\",\"breadcrumb\":{\"@id\":\"https:\\\/\\\/exaudi.org\\\/es\\\/el-papa-envia-100-mil-euros-para-ayudar-a-filipinas\\\/#breadcrumb\"},\"inLanguage\":\"es\",\"potentialAction\":[{\"@type\":\"ReadAction\",\"target\":[\"https:\\\/\\\/exaudi.org\\\/es\\\/el-papa-envia-100-mil-euros-para-ayudar-a-filipinas\\\/\"]}]},{\"@type\":\"ImageObject\",\"inLanguage\":\"es\",\"@id\":\"https:\\\/\\\/exaudi.org\\\/es\\\/el-papa-envia-100-mil-euros-para-ayudar-a-filipinas\\\/#primaryimage\",\"url\":\"https:\\\/\\\/exaudi.org\\\/wp-content\\\/uploads\\\/2022\\\/01\\\/Papa-Francisco.jpeg\",\"contentUrl\":\"https:\\\/\\\/exaudi.org\\\/wp-content\\\/uploads\\\/2022\\\/01\\\/Papa-Francisco.jpeg\",\"width\":1280,\"height\":720,\"caption\":\"Papa Francisco \u00a9 Vatican Media\"},{\"@type\":\"BreadcrumbList\",\"@id\":\"https:\\\/\\\/exaudi.org\\\/es\\\/el-papa-envia-100-mil-euros-para-ayudar-a-filipinas\\\/#breadcrumb\",\"itemListElement\":[{\"@type\":\"ListItem\",\"position\":1,\"name\":\"Portada\",\"item\":\"https:\\\/\\\/exaudi.org\\\/es\\\/\"},{\"@type\":\"ListItem\",\"position\":2,\"name\":\"El Papa env\u00eda 100 mil euros para ayudar a Filipinas\"}]},{\"@type\":\"WebSite\",\"@id\":\"https:\\\/\\\/exaudi.org\\\/#website\",\"url\":\"https:\\\/\\\/exaudi.org\\\/\",\"name\":\"Exaudi\",\"description\":\"News\",\"potentialAction\":[{\"@type\":\"SearchAction\",\"target\":{\"@type\":\"EntryPoint\",\"urlTemplate\":\"https:\\\/\\\/exaudi.org\\\/?s={search_term_string}\"},\"query-input\":{\"@type\":\"PropertyValueSpecification\",\"valueRequired\":true,\"valueName\":\"search_term_string\"}}],\"inLanguage\":\"es\"},{\"@type\":\"Person\",\"@id\":\"https:\\\/\\\/exaudi.org\\\/#\\\/schema\\\/person\\\/7d2f77db033c2c0929edfab6dbe8c588\",\"name\":\"Larissa I. L\u00f3pez\",\"image\":{\"@type\":\"ImageObject\",\"inLanguage\":\"es\",\"@id\":\"https:\\\/\\\/secure.gravatar.com\\\/avatar\\\/db3ef399ff343d0bb9d25dc5198bc8ece5ac6d621eca79876697a354dabc1e3f?s=96&d=mm&r=g\",\"url\":\"https:\\\/\\\/secure.gravatar.com\\\/avatar\\\/db3ef399ff343d0bb9d25dc5198bc8ece5ac6d621eca79876697a354dabc1e3f?s=96&d=mm&r=g\",\"contentUrl\":\"https:\\\/\\\/secure.gravatar.com\\\/avatar\\\/db3ef399ff343d0bb9d25dc5198bc8ece5ac6d621eca79876697a354dabc1e3f?s=96&d=mm&r=g\",\"caption\":\"Larissa I. L\u00f3pez\"},\"description\":\"Doctora en Comunicaci\u00f3n. Mi trayectoria profesional ha transcurrido entre el \u00e1mbito de la comunicaci\u00f3n y el de la docencia. En los \u00faltimos a\u00f1os, he trabajado como coordinadora y redactora de la edici\u00f3n de ZENIT en espa\u00f1ol. Como profesora, he impartido clases en la universidad y en centros de FP y bachillerato. Cordobesa de nacimiento, tambi\u00e9n he vivido en Sevilla, Madrid y Roma\",\"url\":\"https:\\\/\\\/exaudi.org\\\/es\\\/author\\\/llopezexaudi-org\\\/\"}]}<\/script>\n<!-- \/ Yoast SEO plugin. -->","yoast_head_json":{"title":"El Papa env\u00eda 100 mil euros para ayudar a Filipinas &#8211; Exaudi","description":"Tras el tif\u00f3n en Filipinas el Papa Francisco env\u00eda 100 mil euros para ayudar aliviar a la poblaci\u00f3n afectada","robots":{"index":"index","follow":"follow","max-snippet":"max-snippet:-1","max-image-preview":"max-image-preview:large","max-video-preview":"max-video-preview:-1"},"canonical":"https:\/\/exaudi.org\/es\/el-papa-envia-100-mil-euros-para-ayudar-a-filipinas\/","og_locale":"es_ES","og_type":"article","og_title":"El Papa env\u00eda 100 mil euros para ayudar a Filipinas &#8211; Exaudi","og_description":"Tras el tif\u00f3n en Filipinas el Papa Francisco env\u00eda 100 mil euros para ayudar aliviar a la poblaci\u00f3n afectada","og_url":"https:\/\/exaudi.org\/es\/el-papa-envia-100-mil-euros-para-ayudar-a-filipinas\/","og_site_name":"Exaudi","article_publisher":"https:\/\/www.facebook.com\/ExaudiNews","article_published_time":"2022-01-18T11:39:21+00:00","article_modified_time":"2022-01-18T16:10:15+00:00","og_image":[{"width":1280,"height":720,"url":"https:\/\/exaudi.org\/wp-content\/uploads\/2022\/01\/Papa-Francisco.jpeg","type":"image\/jpeg"}],"author":"Larissa I. L\u00f3pez","twitter_card":"summary_large_image","twitter_creator":"@Exaudi_News","twitter_site":"@Exaudi_News","twitter_misc":{"Escrito por":"Larissa I. L\u00f3pez","Tiempo de lectura":"2 minutos"},"schema":{"@context":"https:\/\/schema.org","@graph":[{"@type":"Article","@id":"https:\/\/exaudi.org\/es\/el-papa-envia-100-mil-euros-para-ayudar-a-filipinas\/#article","isPartOf":{"@id":"https:\/\/exaudi.org\/es\/el-papa-envia-100-mil-euros-para-ayudar-a-filipinas\/"},"author":{"name":"Larissa I. L\u00f3pez","@id":"https:\/\/exaudi.org\/#\/schema\/person\/7d2f77db033c2c0929edfab6dbe8c588"},"headline":"El Papa env\u00eda 100 mil euros para ayudar a Filipinas","datePublished":"2022-01-18T11:39:21+00:00","dateModified":"2022-01-18T16:10:15+00:00","mainEntityOfPage":{"@id":"https:\/\/exaudi.org\/es\/el-papa-envia-100-mil-euros-para-ayudar-a-filipinas\/"},"wordCount":424,"image":{"@id":"https:\/\/exaudi.org\/es\/el-papa-envia-100-mil-euros-para-ayudar-a-filipinas\/#primaryimage"},"thumbnailUrl":"https:\/\/exaudi.org\/wp-content\/uploads\/2022\/01\/Papa-Francisco.jpeg","keywords":["Bielorrusia","Filipinas","papa francisco","Polonia","Trending"],"articleSection":["Le\u00f3n XIV"],"inLanguage":"es"},{"@type":"WebPage","@id":"https:\/\/exaudi.org\/es\/el-papa-envia-100-mil-euros-para-ayudar-a-filipinas\/","url":"https:\/\/exaudi.org\/es\/el-papa-envia-100-mil-euros-para-ayudar-a-filipinas\/","name":"El Papa env\u00eda 100 mil euros para ayudar a Filipinas &#8211; Exaudi","isPartOf":{"@id":"https:\/\/exaudi.org\/#website"},"primaryImageOfPage":{"@id":"https:\/\/exaudi.org\/es\/el-papa-envia-100-mil-euros-para-ayudar-a-filipinas\/#primaryimage"},"image":{"@id":"https:\/\/exaudi.org\/es\/el-papa-envia-100-mil-euros-para-ayudar-a-filipinas\/#primaryimage"},"thumbnailUrl":"https:\/\/exaudi.org\/wp-content\/uploads\/2022\/01\/Papa-Francisco.jpeg","datePublished":"2022-01-18T11:39:21+00:00","dateModified":"2022-01-18T16:10:15+00:00","author":{"@id":"https:\/\/exaudi.org\/#\/schema\/person\/7d2f77db033c2c0929edfab6dbe8c588"},"description":"Tras el tif\u00f3n en Filipinas el Papa Francisco env\u00eda 100 mil euros para ayudar aliviar a la poblaci\u00f3n afectada","breadcrumb":{"@id":"https:\/\/exaudi.org\/es\/el-papa-envia-100-mil-euros-para-ayudar-a-filipinas\/#breadcrumb"},"inLanguage":"es","potentialAction":[{"@type":"ReadAction","target":["https:\/\/exaudi.org\/es\/el-papa-envia-100-mil-euros-para-ayudar-a-filipinas\/"]}]},{"@type":"ImageObject","inLanguage":"es","@id":"https:\/\/exaudi.org\/es\/el-papa-envia-100-mil-euros-para-ayudar-a-filipinas\/#primaryimage","url":"https:\/\/exaudi.org\/wp-content\/uploads\/2022\/01\/Papa-Francisco.jpeg","contentUrl":"https:\/\/exaudi.org\/wp-content\/uploads\/2022\/01\/Papa-Francisco.jpeg","width":1280,"height":720,"caption":"Papa Francisco \u00a9 Vatican Media"},{"@type":"BreadcrumbList","@id":"https:\/\/exaudi.org\/es\/el-papa-envia-100-mil-euros-para-ayudar-a-filipinas\/#breadcrumb","itemListElement":[{"@type":"ListItem","position":1,"name":"Portada","item":"https:\/\/exaudi.org\/es\/"},{"@type":"ListItem","position":2,"name":"El Papa env\u00eda 100 mil euros para ayudar a Filipinas"}]},{"@type":"WebSite","@id":"https:\/\/exaudi.org\/#website","url":"https:\/\/exaudi.org\/","name":"Exaudi","description":"News","potentialAction":[{"@type":"SearchAction","target":{"@type":"EntryPoint","urlTemplate":"https:\/\/exaudi.org\/?s={search_term_string}"},"query-input":{"@type":"PropertyValueSpecification","valueRequired":true,"valueName":"search_term_string"}}],"inLanguage":"es"},{"@type":"Person","@id":"https:\/\/exaudi.org\/#\/schema\/person\/7d2f77db033c2c0929edfab6dbe8c588","name":"Larissa I. L\u00f3pez","image":{"@type":"ImageObject","inLanguage":"es","@id":"https:\/\/secure.gravatar.com\/avatar\/db3ef399ff343d0bb9d25dc5198bc8ece5ac6d621eca79876697a354dabc1e3f?s=96&d=mm&r=g","url":"https:\/\/secure.gravatar.com\/avatar\/db3ef399ff343d0bb9d25dc5198bc8ece5ac6d621eca79876697a354dabc1e3f?s=96&d=mm&r=g","contentUrl":"https:\/\/secure.gravatar.com\/avatar\/db3ef399ff343d0bb9d25dc5198bc8ece5ac6d621eca79876697a354dabc1e3f?s=96&d=mm&r=g","caption":"Larissa I. L\u00f3pez"},"description":"Doctora en Comunicaci\u00f3n. Mi trayectoria profesional ha transcurrido entre el \u00e1mbito de la comunicaci\u00f3n y el de la docencia. En los \u00faltimos a\u00f1os, he trabajado como coordinadora y redactora de la edici\u00f3n de ZENIT en espa\u00f1ol. Como profesora, he impartido clases en la universidad y en centros de FP y bachillerato. Cordobesa de nacimiento, tambi\u00e9n he vivido en Sevilla, Madrid y Roma","url":"https:\/\/exaudi.org\/es\/author\/llopezexaudi-org\/"}]}},"jetpack_featured_media_url":"https:\/\/exaudi.org\/wp-content\/uploads\/2022\/01\/Papa-Francisco.jpeg","jetpack_shortlink":"https:\/\/wp.me\/pgKjF2-cPU","_links":{"self":[{"href":"https:\/\/exaudi.org\/es\/wp-json\/wp\/v2\/posts\/49346","targetHints":{"allow":["GET"]}}],"collection":[{"href":"https:\/\/exaudi.org\/es\/wp-json\/wp\/v2\/posts"}],"about":[{"href":"https:\/\/exaudi.org\/es\/wp-json\/wp\/v2\/types\/post"}],"author":[{"embeddable":true,"href":"https:\/\/exaudi.org\/es\/wp-json\/wp\/v2\/users\/5"}],"replies":[{"embeddable":true,"href":"https:\/\/exaudi.org\/es\/wp-json\/wp\/v2\/comments?post=49346"}],"version-history":[{"count":0,"href":"https:\/\/exaudi.org\/es\/wp-json\/wp\/v2\/posts\/49346\/revisions"}],"wp:featuredmedia":[{"embeddable":true,"href":"https:\/\/exaudi.org\/es\/wp-json\/wp\/v2\/media\/49348"}],"wp:attachment":[{"href":"https:\/\/exaudi.org\/es\/wp-json\/wp\/v2\/media?parent=49346"}],"wp:term":[{"taxonomy":"category","embeddable":true,"href":"https:\/\/exaudi.org\/es\/wp-json\/wp\/v2\/categories?post=49346"},{"taxonomy":"post_tag","embeddable":true,"href":"https:\/\/exaudi.org\/es\/wp-json\/wp\/v2\/tags?post=49346"}],"curies":[{"name":"wp","href":"https:\/\/api.w.org\/{rel}","templated":true}]}}