{"id":49236,"date":"2022-01-17T13:27:41","date_gmt":"2022-01-17T12:27:41","guid":{"rendered":"https:\/\/exaudi.org\/?p=49236"},"modified":"2022-01-17T15:56:07","modified_gmt":"2022-01-17T14:56:07","slug":"orar-por-la-unidad-de-los-cristianos-orar-por-el-sinodo","status":"publish","type":"post","link":"https:\/\/exaudi.org\/es\/orar-por-la-unidad-de-los-cristianos-orar-por-el-sinodo\/","title":{"rendered":"Orar por la unidad de los cristianos, orar por el s\u00ednodo"},"content":{"rendered":"<p>Para la pr\u00f3xima Semana de Oraci\u00f3n por la Unidad de los Cristianos 2022, del 18 al 25 de enero, el cardenal Mario Grech y el cardenal Kurt Koch invitan a todos los cristianos a orar por la unidad y a seguir caminando juntos informa un comunicado del <a href=\"http:\/\/www.christianunity.va\/content\/unitacristiani\/it.html\" target=\"_blank\" rel=\"noopener\">Pontificio Consejo para la Promoci\u00f3n de la Unidad de los Cristianos<\/a> y el <a href=\"https:\/\/www.synod.va\/es.html\" target=\"_blank\" rel=\"noopener\">S\u00ednodo de los Obispos<\/a>.<\/p>\n<p>En una <a href=\"https:\/\/www.synod.va\/content\/dam\/synod\/news\/2021-10-29_ecumenism\/SP-Ecumenism.pdf\" target=\"_blank\" rel=\"noopener\">carta conjunta<\/a> enviada el 28 de octubre de 2021 a todos los obispos responsables del ecumenismo, el cardenal Koch, presidente del Pontificio Consejo para la Promoci\u00f3n de la Unidad de los Cristianos, y el cardenal Grech, secretario general del S\u00ednodo de los Obispos, presentaron sugerencias para implementar la dimensi\u00f3n ecum\u00e9nica del <a href=\"https:\/\/exaudi.org\/es\/como-se-articula-el-camino-sinodal-en-las-diocesis-2\/\" target=\"_blank\" rel=\"noopener\">proceso sinodal en las iglesias locales<\/a>. \u201cDe hecho, tanto la sinodalidad como el ecumenismo son procesos que nos invitan a caminar juntos\u201d, escribieron los dos cardenales.<\/p>\n<p>La <a href=\"http:\/\/www.christianunity.va\/content\/dam\/unitacristiani\/Settimana%20di%20preghiera%20per%20unit%C3%A0\/2022\/2022%20ES%20SOUC.pdf\" target=\"_blank\" rel=\"noopener\">Semana de Oraci\u00f3n por la Unidad de los Cristianos 2022, <\/a>preparada por el Consejo de Iglesias de Pr\u00f3ximo Oriente, bajo el lema \u201cNosotros hemos visto aparecer su estrella en el oriente y hemos venido a rendirle homenaje\u201d (Mt 2,2), ofrece una buena oportunidad para orar con todos los cristianos para que el S\u00ednodo se desarrolle en un esp\u00edritu ecum\u00e9nico.<\/p>\n<p>Al reflexionar sobre el tema, los dos cardenales afirman: \u201cComo los Reyes Magos, tambi\u00e9n los cristianos caminan juntos (<em>synodos<\/em>) guiados por la misma luz celestial y enfrent\u00e1ndose a las mismas tinieblas del mundo. Tambi\u00e9n ellos est\u00e1n llamados a adorar juntos a Jes\u00fas y a abrir sus tesoros. Conscientes de nuestra necesidad de ser acompa\u00f1ados por nuestros hermanos y hermanas en Cristo y de sus muchos dones, les pedimos que caminen con nosotros durante estos dos a\u00f1os y rogamos sinceramente que Cristo nos lleve m\u00e1s cerca de \u00c9l y que as\u00ed nos acerquemos unos a otros\u201d.<\/p>\n<p>Por ello, la Secretar\u00eda General del S\u00ednodo de los Obispos y el Pontificio Consejo para la Promoci\u00f3n de la Unidad de los Cristianos se complacen en ofrecer esta oraci\u00f3n, inspirada en el tema de la Semana 2022, que podr\u00eda sumarse a las dem\u00e1s intenciones propuestas:<\/p>\n<p>Padre celestial,<\/p>\n<p>como los Reyes Magos fueron a Bel\u00e9n guiados por la estrella,<\/p>\n<p>que tu luz celestial gu\u00ede tambi\u00e9n a la Iglesia cat\u00f3lica durante este tiempo sinodal, para que camine junto con todos los cristianos.<\/p>\n<p>Como los Reyes Magos estaban unidos en su adoraci\u00f3n a Cristo, ac\u00e9rcanos a tu Hijo, para que estando m\u00e1s cerca unos de otros,<\/p>\n<p>seamos un signo de la unidad que deseas para tu Iglesia y para toda la creaci\u00f3n.<\/p>\n<p>Te lo pedimos por Cristo nuestro Se\u00f1or.<\/p>\n<p>Am\u00e9n.<\/p>\n","protected":false},"excerpt":{"rendered":"<p>Oraci\u00f3n especial para la Semana de Oraci\u00f3n por la Unidad de los Cristianos 2022<\/p>\n","protected":false},"author":15,"featured_media":49237,"comment_status":"closed","ping_status":"closed","sticky":false,"template":"","format":"standard","meta":{"_acf_changed":false,"_crdt_document":"","inline_featured_image":false,"footnotes":""},"categories":[140],"tags":[4896,2737,432,5554,2429,4953],"class_list":["post-49236","post","type-post","status-publish","format-standard","has-post-thumbnail","hentry","category-ecumenismo-y-dialogo-interreligioso","tag-4896","tag-ecumenismo","tag-pontificio-consejo-para-la-promocion-de-la-unidad-de-los-cristianos","tag-semana-por-la-unidad-de-los-cristianos","tag-sinodo-de-los-obispos","tag-trending-es"],"acf":[],"yoast_head":"<!-- This site is optimized with the Yoast SEO plugin v27.4 - https:\/\/yoast.com\/product\/yoast-seo-wordpress\/ -->\n<title>Orar por la unidad de los cristianos, orar por el s\u00ednodo &#8211; Exaudi<\/title>\n<meta name=\"description\" content=\"En la Semana de Oraci\u00f3n por la Unidad de los Cristianos, el cardenal Grech y el cardenal Koch invitan a los cristianos a orar por la unidad\" \/>\n<meta name=\"robots\" content=\"index, follow, max-snippet:-1, max-image-preview:large, max-video-preview:-1\" \/>\n<link rel=\"canonical\" href=\"https:\/\/exaudi.org\/es\/orar-por-la-unidad-de-los-cristianos-orar-por-el-sinodo\/\" \/>\n<meta property=\"og:locale\" content=\"es_ES\" \/>\n<meta property=\"og:type\" content=\"article\" \/>\n<meta property=\"og:title\" content=\"Orar por la unidad de los cristianos, orar por el s\u00ednodo &#8211; Exaudi\" \/>\n<meta property=\"og:description\" content=\"En la Semana de Oraci\u00f3n por la Unidad de los Cristianos, el cardenal Grech y el cardenal Koch invitan a los cristianos a orar por la unidad\" \/>\n<meta property=\"og:url\" content=\"https:\/\/exaudi.org\/es\/orar-por-la-unidad-de-los-cristianos-orar-por-el-sinodo\/\" \/>\n<meta property=\"og:site_name\" content=\"Exaudi\" \/>\n<meta property=\"article:publisher\" content=\"https:\/\/www.facebook.com\/ExaudiNews\" \/>\n<meta property=\"article:author\" content=\"https:\/\/www.facebook.com\/ExaudiNoticias\/\" \/>\n<meta property=\"article:published_time\" content=\"2022-01-17T12:27:41+00:00\" \/>\n<meta property=\"article:modified_time\" content=\"2022-01-17T14:56:07+00:00\" \/>\n<meta property=\"og:image\" content=\"https:\/\/exaudi.org\/wp-content\/uploads\/2022\/01\/El-Papa-con-representantes-cristianos.jpeg\" \/>\n\t<meta property=\"og:image:width\" content=\"1280\" \/>\n\t<meta property=\"og:image:height\" content=\"720\" \/>\n\t<meta property=\"og:image:type\" content=\"image\/jpeg\" \/>\n<meta name=\"author\" content=\"Exaudi Redacci\u00f3n\" \/>\n<meta name=\"twitter:card\" content=\"summary_large_image\" \/>\n<meta name=\"twitter:creator\" content=\"@Exaudi_noticias\" \/>\n<meta name=\"twitter:site\" content=\"@Exaudi_News\" \/>\n<meta name=\"twitter:label1\" content=\"Escrito por\" \/>\n\t<meta name=\"twitter:data1\" content=\"Exaudi Redacci\u00f3n\" \/>\n\t<meta name=\"twitter:label2\" content=\"Tiempo de lectura\" \/>\n\t<meta name=\"twitter:data2\" content=\"2 minutos\" \/>\n<script type=\"application\/ld+json\" class=\"yoast-schema-graph\">{\"@context\":\"https:\\\/\\\/schema.org\",\"@graph\":[{\"@type\":\"Article\",\"@id\":\"https:\\\/\\\/exaudi.org\\\/es\\\/orar-por-la-unidad-de-los-cristianos-orar-por-el-sinodo\\\/#article\",\"isPartOf\":{\"@id\":\"https:\\\/\\\/exaudi.org\\\/es\\\/orar-por-la-unidad-de-los-cristianos-orar-por-el-sinodo\\\/\"},\"author\":{\"name\":\"Exaudi Redacci\u00f3n\",\"@id\":\"https:\\\/\\\/exaudi.org\\\/#\\\/schema\\\/person\\\/f5fc8f063065e38742da7afe15f25df7\"},\"headline\":\"Orar por la unidad de los cristianos, orar por el s\u00ednodo\",\"datePublished\":\"2022-01-17T12:27:41+00:00\",\"dateModified\":\"2022-01-17T14:56:07+00:00\",\"mainEntityOfPage\":{\"@id\":\"https:\\\/\\\/exaudi.org\\\/es\\\/orar-por-la-unidad-de-los-cristianos-orar-por-el-sinodo\\\/\"},\"wordCount\":466,\"image\":{\"@id\":\"https:\\\/\\\/exaudi.org\\\/es\\\/orar-por-la-unidad-de-los-cristianos-orar-por-el-sinodo\\\/#primaryimage\"},\"thumbnailUrl\":\"https:\\\/\\\/exaudi.org\\\/wp-content\\\/uploads\\\/2022\\\/01\\\/El-Papa-con-representantes-cristianos.jpeg\",\"keywords\":[\"2022\",\"Ecumenismo\",\"Pontificio Consejo para la Promoci\u00f3n de la Unidad de los Cristianos\",\"Semana por la Unidad de los Cristianos\",\"S\u00ednodo de los obispos\",\"Trending\"],\"articleSection\":[\"Ecumenismo y Di\u00e1logo interreligioso\"],\"inLanguage\":\"es\"},{\"@type\":\"WebPage\",\"@id\":\"https:\\\/\\\/exaudi.org\\\/es\\\/orar-por-la-unidad-de-los-cristianos-orar-por-el-sinodo\\\/\",\"url\":\"https:\\\/\\\/exaudi.org\\\/es\\\/orar-por-la-unidad-de-los-cristianos-orar-por-el-sinodo\\\/\",\"name\":\"Orar por la unidad de los cristianos, orar por el s\u00ednodo &#8211; Exaudi\",\"isPartOf\":{\"@id\":\"https:\\\/\\\/exaudi.org\\\/#website\"},\"primaryImageOfPage\":{\"@id\":\"https:\\\/\\\/exaudi.org\\\/es\\\/orar-por-la-unidad-de-los-cristianos-orar-por-el-sinodo\\\/#primaryimage\"},\"image\":{\"@id\":\"https:\\\/\\\/exaudi.org\\\/es\\\/orar-por-la-unidad-de-los-cristianos-orar-por-el-sinodo\\\/#primaryimage\"},\"thumbnailUrl\":\"https:\\\/\\\/exaudi.org\\\/wp-content\\\/uploads\\\/2022\\\/01\\\/El-Papa-con-representantes-cristianos.jpeg\",\"datePublished\":\"2022-01-17T12:27:41+00:00\",\"dateModified\":\"2022-01-17T14:56:07+00:00\",\"author\":{\"@id\":\"https:\\\/\\\/exaudi.org\\\/#\\\/schema\\\/person\\\/f5fc8f063065e38742da7afe15f25df7\"},\"description\":\"En la Semana de Oraci\u00f3n por la Unidad de los Cristianos, el cardenal Grech y el cardenal Koch invitan a los cristianos a orar por la unidad\",\"breadcrumb\":{\"@id\":\"https:\\\/\\\/exaudi.org\\\/es\\\/orar-por-la-unidad-de-los-cristianos-orar-por-el-sinodo\\\/#breadcrumb\"},\"inLanguage\":\"es\",\"potentialAction\":[{\"@type\":\"ReadAction\",\"target\":[\"https:\\\/\\\/exaudi.org\\\/es\\\/orar-por-la-unidad-de-los-cristianos-orar-por-el-sinodo\\\/\"]}]},{\"@type\":\"ImageObject\",\"inLanguage\":\"es\",\"@id\":\"https:\\\/\\\/exaudi.org\\\/es\\\/orar-por-la-unidad-de-los-cristianos-orar-por-el-sinodo\\\/#primaryimage\",\"url\":\"https:\\\/\\\/exaudi.org\\\/wp-content\\\/uploads\\\/2022\\\/01\\\/El-Papa-con-representantes-cristianos.jpeg\",\"contentUrl\":\"https:\\\/\\\/exaudi.org\\\/wp-content\\\/uploads\\\/2022\\\/01\\\/El-Papa-con-representantes-cristianos.jpeg\",\"width\":1280,\"height\":720,\"caption\":\"El Papa con representantes cristianos \u00a9 Vatican Media\"},{\"@type\":\"BreadcrumbList\",\"@id\":\"https:\\\/\\\/exaudi.org\\\/es\\\/orar-por-la-unidad-de-los-cristianos-orar-por-el-sinodo\\\/#breadcrumb\",\"itemListElement\":[{\"@type\":\"ListItem\",\"position\":1,\"name\":\"Portada\",\"item\":\"https:\\\/\\\/exaudi.org\\\/es\\\/\"},{\"@type\":\"ListItem\",\"position\":2,\"name\":\"Orar por la unidad de los cristianos, orar por el s\u00ednodo\"}]},{\"@type\":\"WebSite\",\"@id\":\"https:\\\/\\\/exaudi.org\\\/#website\",\"url\":\"https:\\\/\\\/exaudi.org\\\/\",\"name\":\"Exaudi\",\"description\":\"News\",\"potentialAction\":[{\"@type\":\"SearchAction\",\"target\":{\"@type\":\"EntryPoint\",\"urlTemplate\":\"https:\\\/\\\/exaudi.org\\\/?s={search_term_string}\"},\"query-input\":{\"@type\":\"PropertyValueSpecification\",\"valueRequired\":true,\"valueName\":\"search_term_string\"}}],\"inLanguage\":\"es\"},{\"@type\":\"Person\",\"@id\":\"https:\\\/\\\/exaudi.org\\\/#\\\/schema\\\/person\\\/f5fc8f063065e38742da7afe15f25df7\",\"name\":\"Exaudi Redacci\u00f3n\",\"image\":{\"@type\":\"ImageObject\",\"inLanguage\":\"es\",\"@id\":\"https:\\\/\\\/secure.gravatar.com\\\/avatar\\\/fe0f6a059fb68d9b3e11bc5850dd4899b1c7492091a3cb6dd9b01b56ad828be2?s=96&d=mm&r=g\",\"url\":\"https:\\\/\\\/secure.gravatar.com\\\/avatar\\\/fe0f6a059fb68d9b3e11bc5850dd4899b1c7492091a3cb6dd9b01b56ad828be2?s=96&d=mm&r=g\",\"contentUrl\":\"https:\\\/\\\/secure.gravatar.com\\\/avatar\\\/fe0f6a059fb68d9b3e11bc5850dd4899b1c7492091a3cb6dd9b01b56ad828be2?s=96&d=mm&r=g\",\"caption\":\"Exaudi Redacci\u00f3n\"},\"description\":\"\u00bfQu\u00e9 es Exaudi News? Exaudi News es un medio de comunicaci\u00f3n cat\u00f3lico internacional que informa, forma y transforma, diariamente en espa\u00f1ol, ingl\u00e9s e italiano. A trav\u00e9s de noticias, art\u00edculos de an\u00e1lisis y transmisiones en directo de los eventos del Papa, Exaudi busca fortalecer la unidad de los cristianos y contribuir a la evangelizaci\u00f3n del mundo, siempre guiados por la doctrina social de la Iglesia. Trabajamos para acercar la verdad y los valores cristianos a cada rinc\u00f3n del planeta. \u00a1Ay\u00fadanos a transformar el mundo con Exaudi! En Exaudi creemos que la evangelizaci\u00f3n y la informaci\u00f3n de calidad pueden cambiar vidas. Para continuar con nuestra misi\u00f3n y expandir nuestro alcance, necesitamos tu ayuda. Adem\u00e1s, buscamos personas comprometidas que deseen unirse a nuestro equipo. Con tu apoyo, lograremos llegar a m\u00e1s personas, difundir el mensaje de Cristo y reforzar la unidad de los cristianos. \u00bfTe unes a nuestra misi\u00f3n? Para m\u00e1s informaci\u00f3n sobre c\u00f3mo colaborar, visita Exaudi.org\\\/es o cont\u00e1ctanos directamente: info@exaudi.org Exaudi: Informa, forma y transforma.\",\"sameAs\":[\"https:\\\/\\\/www.facebook.com\\\/ExaudiNoticias\\\/\",\"https:\\\/\\\/www.instagram.com\\\/exaudi_noticias\\\/\",\"https:\\\/\\\/x.com\\\/Exaudi_noticias\",\"https:\\\/\\\/www.youtube.com\\\/@exaudicatholicnews\"],\"url\":\"https:\\\/\\\/exaudi.org\\\/es\\\/author\\\/redaccionexaudi\\\/\"}]}<\/script>\n<!-- \/ Yoast SEO plugin. -->","yoast_head_json":{"title":"Orar por la unidad de los cristianos, orar por el s\u00ednodo &#8211; Exaudi","description":"En la Semana de Oraci\u00f3n por la Unidad de los Cristianos, el cardenal Grech y el cardenal Koch invitan a los cristianos a orar por la unidad","robots":{"index":"index","follow":"follow","max-snippet":"max-snippet:-1","max-image-preview":"max-image-preview:large","max-video-preview":"max-video-preview:-1"},"canonical":"https:\/\/exaudi.org\/es\/orar-por-la-unidad-de-los-cristianos-orar-por-el-sinodo\/","og_locale":"es_ES","og_type":"article","og_title":"Orar por la unidad de los cristianos, orar por el s\u00ednodo &#8211; Exaudi","og_description":"En la Semana de Oraci\u00f3n por la Unidad de los Cristianos, el cardenal Grech y el cardenal Koch invitan a los cristianos a orar por la unidad","og_url":"https:\/\/exaudi.org\/es\/orar-por-la-unidad-de-los-cristianos-orar-por-el-sinodo\/","og_site_name":"Exaudi","article_publisher":"https:\/\/www.facebook.com\/ExaudiNews","article_author":"https:\/\/www.facebook.com\/ExaudiNoticias\/","article_published_time":"2022-01-17T12:27:41+00:00","article_modified_time":"2022-01-17T14:56:07+00:00","og_image":[{"width":1280,"height":720,"url":"https:\/\/exaudi.org\/wp-content\/uploads\/2022\/01\/El-Papa-con-representantes-cristianos.jpeg","type":"image\/jpeg"}],"author":"Exaudi Redacci\u00f3n","twitter_card":"summary_large_image","twitter_creator":"@Exaudi_noticias","twitter_site":"@Exaudi_News","twitter_misc":{"Escrito por":"Exaudi Redacci\u00f3n","Tiempo de lectura":"2 minutos"},"schema":{"@context":"https:\/\/schema.org","@graph":[{"@type":"Article","@id":"https:\/\/exaudi.org\/es\/orar-por-la-unidad-de-los-cristianos-orar-por-el-sinodo\/#article","isPartOf":{"@id":"https:\/\/exaudi.org\/es\/orar-por-la-unidad-de-los-cristianos-orar-por-el-sinodo\/"},"author":{"name":"Exaudi Redacci\u00f3n","@id":"https:\/\/exaudi.org\/#\/schema\/person\/f5fc8f063065e38742da7afe15f25df7"},"headline":"Orar por la unidad de los cristianos, orar por el s\u00ednodo","datePublished":"2022-01-17T12:27:41+00:00","dateModified":"2022-01-17T14:56:07+00:00","mainEntityOfPage":{"@id":"https:\/\/exaudi.org\/es\/orar-por-la-unidad-de-los-cristianos-orar-por-el-sinodo\/"},"wordCount":466,"image":{"@id":"https:\/\/exaudi.org\/es\/orar-por-la-unidad-de-los-cristianos-orar-por-el-sinodo\/#primaryimage"},"thumbnailUrl":"https:\/\/exaudi.org\/wp-content\/uploads\/2022\/01\/El-Papa-con-representantes-cristianos.jpeg","keywords":["2022","Ecumenismo","Pontificio Consejo para la Promoci\u00f3n de la Unidad de los Cristianos","Semana por la Unidad de los Cristianos","S\u00ednodo de los obispos","Trending"],"articleSection":["Ecumenismo y Di\u00e1logo interreligioso"],"inLanguage":"es"},{"@type":"WebPage","@id":"https:\/\/exaudi.org\/es\/orar-por-la-unidad-de-los-cristianos-orar-por-el-sinodo\/","url":"https:\/\/exaudi.org\/es\/orar-por-la-unidad-de-los-cristianos-orar-por-el-sinodo\/","name":"Orar por la unidad de los cristianos, orar por el s\u00ednodo &#8211; Exaudi","isPartOf":{"@id":"https:\/\/exaudi.org\/#website"},"primaryImageOfPage":{"@id":"https:\/\/exaudi.org\/es\/orar-por-la-unidad-de-los-cristianos-orar-por-el-sinodo\/#primaryimage"},"image":{"@id":"https:\/\/exaudi.org\/es\/orar-por-la-unidad-de-los-cristianos-orar-por-el-sinodo\/#primaryimage"},"thumbnailUrl":"https:\/\/exaudi.org\/wp-content\/uploads\/2022\/01\/El-Papa-con-representantes-cristianos.jpeg","datePublished":"2022-01-17T12:27:41+00:00","dateModified":"2022-01-17T14:56:07+00:00","author":{"@id":"https:\/\/exaudi.org\/#\/schema\/person\/f5fc8f063065e38742da7afe15f25df7"},"description":"En la Semana de Oraci\u00f3n por la Unidad de los Cristianos, el cardenal Grech y el cardenal Koch invitan a los cristianos a orar por la unidad","breadcrumb":{"@id":"https:\/\/exaudi.org\/es\/orar-por-la-unidad-de-los-cristianos-orar-por-el-sinodo\/#breadcrumb"},"inLanguage":"es","potentialAction":[{"@type":"ReadAction","target":["https:\/\/exaudi.org\/es\/orar-por-la-unidad-de-los-cristianos-orar-por-el-sinodo\/"]}]},{"@type":"ImageObject","inLanguage":"es","@id":"https:\/\/exaudi.org\/es\/orar-por-la-unidad-de-los-cristianos-orar-por-el-sinodo\/#primaryimage","url":"https:\/\/exaudi.org\/wp-content\/uploads\/2022\/01\/El-Papa-con-representantes-cristianos.jpeg","contentUrl":"https:\/\/exaudi.org\/wp-content\/uploads\/2022\/01\/El-Papa-con-representantes-cristianos.jpeg","width":1280,"height":720,"caption":"El Papa con representantes cristianos \u00a9 Vatican Media"},{"@type":"BreadcrumbList","@id":"https:\/\/exaudi.org\/es\/orar-por-la-unidad-de-los-cristianos-orar-por-el-sinodo\/#breadcrumb","itemListElement":[{"@type":"ListItem","position":1,"name":"Portada","item":"https:\/\/exaudi.org\/es\/"},{"@type":"ListItem","position":2,"name":"Orar por la unidad de los cristianos, orar por el s\u00ednodo"}]},{"@type":"WebSite","@id":"https:\/\/exaudi.org\/#website","url":"https:\/\/exaudi.org\/","name":"Exaudi","description":"News","potentialAction":[{"@type":"SearchAction","target":{"@type":"EntryPoint","urlTemplate":"https:\/\/exaudi.org\/?s={search_term_string}"},"query-input":{"@type":"PropertyValueSpecification","valueRequired":true,"valueName":"search_term_string"}}],"inLanguage":"es"},{"@type":"Person","@id":"https:\/\/exaudi.org\/#\/schema\/person\/f5fc8f063065e38742da7afe15f25df7","name":"Exaudi Redacci\u00f3n","image":{"@type":"ImageObject","inLanguage":"es","@id":"https:\/\/secure.gravatar.com\/avatar\/fe0f6a059fb68d9b3e11bc5850dd4899b1c7492091a3cb6dd9b01b56ad828be2?s=96&d=mm&r=g","url":"https:\/\/secure.gravatar.com\/avatar\/fe0f6a059fb68d9b3e11bc5850dd4899b1c7492091a3cb6dd9b01b56ad828be2?s=96&d=mm&r=g","contentUrl":"https:\/\/secure.gravatar.com\/avatar\/fe0f6a059fb68d9b3e11bc5850dd4899b1c7492091a3cb6dd9b01b56ad828be2?s=96&d=mm&r=g","caption":"Exaudi Redacci\u00f3n"},"description":"\u00bfQu\u00e9 es Exaudi News? Exaudi News es un medio de comunicaci\u00f3n cat\u00f3lico internacional que informa, forma y transforma, diariamente en espa\u00f1ol, ingl\u00e9s e italiano. A trav\u00e9s de noticias, art\u00edculos de an\u00e1lisis y transmisiones en directo de los eventos del Papa, Exaudi busca fortalecer la unidad de los cristianos y contribuir a la evangelizaci\u00f3n del mundo, siempre guiados por la doctrina social de la Iglesia. Trabajamos para acercar la verdad y los valores cristianos a cada rinc\u00f3n del planeta. \u00a1Ay\u00fadanos a transformar el mundo con Exaudi! En Exaudi creemos que la evangelizaci\u00f3n y la informaci\u00f3n de calidad pueden cambiar vidas. Para continuar con nuestra misi\u00f3n y expandir nuestro alcance, necesitamos tu ayuda. Adem\u00e1s, buscamos personas comprometidas que deseen unirse a nuestro equipo. Con tu apoyo, lograremos llegar a m\u00e1s personas, difundir el mensaje de Cristo y reforzar la unidad de los cristianos. \u00bfTe unes a nuestra misi\u00f3n? Para m\u00e1s informaci\u00f3n sobre c\u00f3mo colaborar, visita Exaudi.org\/es o cont\u00e1ctanos directamente: info@exaudi.org Exaudi: Informa, forma y transforma.","sameAs":["https:\/\/www.facebook.com\/ExaudiNoticias\/","https:\/\/www.instagram.com\/exaudi_noticias\/","https:\/\/x.com\/Exaudi_noticias","https:\/\/www.youtube.com\/@exaudicatholicnews"],"url":"https:\/\/exaudi.org\/es\/author\/redaccionexaudi\/"}]}},"jetpack_featured_media_url":"https:\/\/exaudi.org\/wp-content\/uploads\/2022\/01\/El-Papa-con-representantes-cristianos.jpeg","jetpack_shortlink":"https:\/\/wp.me\/pgKjF2-cO8","_links":{"self":[{"href":"https:\/\/exaudi.org\/es\/wp-json\/wp\/v2\/posts\/49236","targetHints":{"allow":["GET"]}}],"collection":[{"href":"https:\/\/exaudi.org\/es\/wp-json\/wp\/v2\/posts"}],"about":[{"href":"https:\/\/exaudi.org\/es\/wp-json\/wp\/v2\/types\/post"}],"author":[{"embeddable":true,"href":"https:\/\/exaudi.org\/es\/wp-json\/wp\/v2\/users\/15"}],"replies":[{"embeddable":true,"href":"https:\/\/exaudi.org\/es\/wp-json\/wp\/v2\/comments?post=49236"}],"version-history":[{"count":0,"href":"https:\/\/exaudi.org\/es\/wp-json\/wp\/v2\/posts\/49236\/revisions"}],"wp:featuredmedia":[{"embeddable":true,"href":"https:\/\/exaudi.org\/es\/wp-json\/wp\/v2\/media\/49237"}],"wp:attachment":[{"href":"https:\/\/exaudi.org\/es\/wp-json\/wp\/v2\/media?parent=49236"}],"wp:term":[{"taxonomy":"category","embeddable":true,"href":"https:\/\/exaudi.org\/es\/wp-json\/wp\/v2\/categories?post=49236"},{"taxonomy":"post_tag","embeddable":true,"href":"https:\/\/exaudi.org\/es\/wp-json\/wp\/v2\/tags?post=49236"}],"curies":[{"name":"wp","href":"https:\/\/api.w.org\/{rel}","templated":true}]}}