{"id":49203,"date":"2022-01-17T10:00:09","date_gmt":"2022-01-17T09:00:09","guid":{"rendered":"https:\/\/exaudi.org\/?p=49203"},"modified":"2022-01-17T12:30:57","modified_gmt":"2022-01-17T11:30:57","slug":"obispos-panama-comprometidos-sinodalidad","status":"publish","type":"post","link":"https:\/\/exaudi.org\/es\/obispos-panama-comprometidos-sinodalidad\/","title":{"rendered":"Panam\u00e1: Obispos finalizan Asamblea comprometidos con la sinodalidad"},"content":{"rendered":"<p>Los Obispos de Panam\u00e1 han finalizado la 216\u00aa Asamblea Ordinaria Anual celebrada y en la que han emitido un comunicado donde ponen en perspectiva los desaf\u00edos pastorales, teniendo como horizonte el actual proceso sinodal en desarrollo tanto con la <a href=\"https:\/\/exaudi.org\/es\/la-asamblea-eclesial-es-un-ejemplo-para-la-iglesia-y-la-humanidad\/\" target=\"_blank\" rel=\"noopener\">Asamblea Eclesial<\/a> como con el S\u00ednodo de la sinodalidad.<\/p>\n<p>De acuerdo al citado comunicado de la <a href=\"https:\/\/iglesia.org.pa\/\" target=\"_blank\" rel=\"noopener\">Conferencia Episcopal Paname\u00f1a<\/a>, difundido el 14 de enero del 2022, los obispos paname\u00f1os han querido compartir con el pueblo de Panam\u00e1, \u201cnuestra esperanza, compromiso e iluminaci\u00f3n ante los desaf\u00edos que nos plantean la realidad de la Iglesia y la sociedad\u201d.<\/p>\n<h2>Realidad eclesial<\/h2>\n<p>El episcopado manifiesta su \u201cprofunda gratitud a monse\u00f1or Luciano Russo, quien ha sido destinado para representar al Santo Padre Francisco, en el hermano pa\u00eds de Uruguay\u201d \u201cDurante su estad\u00eda en Panam\u00e1, como nuncio apost\u00f3lico, nos hizo sentir su cercan\u00eda fraterna y la del Vicario de Cristo. Estamos seguros de que en su nueva misi\u00f3n tendr\u00e1 muchas bendiciones y frutos para gloria de Dios\u201d, han dicho.<\/p>\n<p>Sobre la Asamblea Eclesial y el S\u00ednodo han se\u00f1alado que \u201cla Iglesia cat\u00f3lica a nivel universal est\u00e1 viviendo un proceso de revisi\u00f3n y renovaci\u00f3n para responder, a la luz del Evangelio, a los desaf\u00edos del tercer milenio, a trav\u00e9s de una metodolog\u00eda de escucha activa, de participaci\u00f3n y de inclusi\u00f3n. Este proceso es un camino preparatorio hacia el S\u00ednodo de Obispos que tendr\u00e1 lugar en Roma, en el 2023\u201d.<\/p>\n<p>De este modo, este S\u00ednodo tiene como tema central la sinodalidad, \u201cque significa \u2018caminar juntos\u2019, un t\u00e9rmino y una experiencia, que no son nuevos en la Iglesia. La m\u00e1s reciente experiencia en sinodalidad, la hemos vivido en la Primera Asamblea Eclesial Continental, concluida en noviembre del 2021, que nos ha permitido asumir compromisos concretos en Am\u00e9rica Latina y El Caribe, y en cada Iglesia Particular, para acompa\u00f1ar a nuestros pueblos en sus luchas, sue\u00f1os y esperanzas\u201d.<\/p>\n<h2>Experiencia sinodal<\/h2>\n<p>En este sentido, \u201cnuestro mayor esfuerzo en Panam\u00e1, para vivir la experiencia sinodal a plenitud, ser\u00e1 ser una Iglesia en salida; crear espacios de participaci\u00f3n y escucha, donde todos, sin excepci\u00f3n, a\u00fan los que no son creyentes y la gente de buena voluntad, puedan decirnos c\u00f3mo ven a la Iglesia, qu\u00e9 esperan, qu\u00e9 les preocupa, y c\u00f3mo quieren que Ella los acompa\u00f1e\u201d, han asegurado.<\/p>\n<p>En la nota\u00a0 tambi\u00e9n exponen que \u201cla sinodalidad no es s\u00f3lo religiosa, sino tambi\u00e9n social, porque el proyecto de Dios es la fraternidad universal en comuni\u00f3n con \u00c9l\u201d. Por ello, este proceso sinodal \u201cno termina con un documento o un evento en el 2023, sino que es una estilo permanente de ser Iglesia donde cada bautizado, consciente de su compromiso cristiano, asume y cumple su rol en la construcci\u00f3n de un mundo m\u00e1s humano, solidario, fraterno y en paz\u201d, a\u00f1aden.<\/p>\n<h2>Camino a Lisboa 2023<\/h2>\n<p>Sobre la JMJ de Lisboa 2023 indican que \u201cnuestro pa\u00eds hemos iniciado el itinerario de preparaci\u00f3n hacia la pr\u00f3xima Jornada Mundial de la Juventud (JMJ) que se realizar\u00e1 en Lisboa en el 2023, animada bajo el lema \u2018Mar\u00eda se levant\u00f3 y parti\u00f3 sin demora\u2019 (Lc 1, 39)\u201d<\/p>\n<p>\u201cLa JMJ es un tiempo oportuno para que los j\u00f3venes redescubran su rol, como protagonistas de las grandes transformaciones que requiere la Iglesia y la sociedad, pero esto no lo pueden hacer solos; deben prepararse y hacerlo de la mano de la comunidad cristiana, de los adultos mayores y en el encuentro personal con Cristo\u201d.<\/p>\n<p>Respecto a la realidad social del pa\u00eds los obispos aseguran que \u201ctodos conocemos los problemas y debilidades que tenemos para hacer de Panam\u00e1 el pa\u00eds que nos merecemos, donde la equidad, la justicia y el desarrollo lleguen a todos, sin distinci\u00f3n. Pero tambi\u00e9n hemos de hacer evidente las grandes fortalezas con las que contamos para hacer posible un proyecto pa\u00eds, que sobrepase los gobiernos\u201d.<\/p>\n<p>Por ello, \u201cpara gestionar un proyecto pa\u00eds que, de paso al proceso de renovaci\u00f3n de Panam\u00e1, que nos permita ser mejores ciudadanos, mejores personas, en justicia y equidad, es necesario romper con la l\u00f3gica dominante, los an\u00e1lisis sectorizados, para encontrar las soluciones adecuadas e inclusivas\u201d, han subrayado.<\/p>\n<h2>Seguridad ciudadana y narcotr\u00e1fico<\/h2>\n<p>La seguridad ciudadana y el narcotr\u00e1fico ha sido otro de los temas resaltados en el comunicado el que el los obispos paname\u00f1os han apuntado a que \u201ccontrarrestar el narcotr\u00e1fico y la violencia requiere un esfuerzo de todos. Eliminar sus causas, como es el empobrecimiento de grandes sectores del pueblo paname\u00f1o, especialmente la juventud, a quienes se les ha robado la esperanza, la oportunidad de educarse, de entretenerse sanamente, de trabajar dignamente, situaci\u00f3n que los hace vulnerables y en ocasiones los hacen ceder frente a estos males sociales\u201d.<\/p>\n<p>Del mismo modo han reconocido el avance en los Derechos del Ni\u00f1o y la Ni\u00f1a considerando que la aprobaci\u00f3n de la Ley 567, \u201cque establece garant\u00edas para la protecci\u00f3n de los ni\u00f1os, ni\u00f1as y adolescentes, nos permitir\u00e1 que como sociedad avancemos en la protecci\u00f3n y cuidado del don m\u00e1s valioso de nuestra naci\u00f3n que es la ni\u00f1ez y la adolescencia\u201d.<\/p>\n<p>Para finalizar, el purpurado exhorta a que al comenzar este a\u00f1o 2022 y ante las situaciones de divisi\u00f3n, polarizaci\u00f3n, de intriga, desinformaci\u00f3n que existen en los diversos ambientes, no olvidemos \u201cque nos ha nacido el Salvador del mundo\u201d. \u201c\u2018El pueblo que caminaba en tinieblas vio una luz grande\u2019 (Is 9, 1)\u201d. \u201cJes\u00fas es la luz que ilumina nuestro camino, no estamos solos. Coloquemos todos nuestros sue\u00f1os, anhelos y esperanzas a sus pies y trabajemos unidos para renovar el mundo y Panam\u00e1\u201d, han concluido en su mensaje.<\/p>\n","protected":false},"excerpt":{"rendered":"<p>Comunicado tras la 216\u00aa Asamblea Ordinaria Anual<\/p>\n","protected":false},"author":81,"featured_media":49204,"comment_status":"closed","ping_status":"closed","sticky":false,"template":"","format":"standard","meta":{"_acf_changed":false,"_crdt_document":"","inline_featured_image":false,"footnotes":""},"categories":[86],"tags":[5553,5552,1287,4953],"class_list":["post-49203","post","type-post","status-publish","format-standard","has-post-thumbnail","hentry","category-iglesia-local","tag-asamblea-ordinaria-anual","tag-obispos-de-panama","tag-panama","tag-trending-es"],"acf":[],"yoast_head":"<!-- This site is optimized with the Yoast SEO plugin v27.5 - https:\/\/yoast.com\/product\/yoast-seo-wordpress\/ -->\n<title>Panam\u00e1: Obispos finalizan Asamblea comprometidos con la sinodalidad &#8211; Exaudi<\/title>\n<meta name=\"description\" content=\"Panam\u00e1: Obispos finalizan Asamblea comprometidos con la sinodalidad tras la 216\u00aa Asamblea Ordinaria Anual celebrada del 10 al 14 de enero.\" \/>\n<meta name=\"robots\" content=\"index, follow, max-snippet:-1, max-image-preview:large, max-video-preview:-1\" \/>\n<link rel=\"canonical\" href=\"https:\/\/exaudi.org\/es\/obispos-panama-comprometidos-sinodalidad\/\" \/>\n<meta property=\"og:locale\" content=\"es_ES\" \/>\n<meta property=\"og:type\" content=\"article\" \/>\n<meta property=\"og:title\" content=\"Panam\u00e1: Obispos finalizan Asamblea comprometidos con la sinodalidad &#8211; Exaudi\" \/>\n<meta property=\"og:description\" content=\"Panam\u00e1: Obispos finalizan Asamblea comprometidos con la sinodalidad tras la 216\u00aa Asamblea Ordinaria Anual celebrada del 10 al 14 de enero.\" \/>\n<meta property=\"og:url\" content=\"https:\/\/exaudi.org\/es\/obispos-panama-comprometidos-sinodalidad\/\" \/>\n<meta property=\"og:site_name\" content=\"Exaudi\" \/>\n<meta property=\"article:publisher\" content=\"https:\/\/www.facebook.com\/ExaudiNews\" \/>\n<meta property=\"article:published_time\" content=\"2022-01-17T09:00:09+00:00\" \/>\n<meta property=\"article:modified_time\" content=\"2022-01-17T11:30:57+00:00\" \/>\n<meta property=\"og:image\" content=\"https:\/\/exaudi.org\/wp-content\/uploads\/2022\/01\/WhatsApp-Image-2022-01-14-at-9.17.09-AM.jpeg\" \/>\n\t<meta property=\"og:image:width\" content=\"1600\" \/>\n\t<meta property=\"og:image:height\" content=\"901\" \/>\n\t<meta property=\"og:image:type\" content=\"image\/jpeg\" \/>\n<meta name=\"author\" content=\"Alba Montalvo\" \/>\n<meta name=\"twitter:card\" content=\"summary_large_image\" \/>\n<meta name=\"twitter:creator\" content=\"@Exaudi_News\" \/>\n<meta name=\"twitter:site\" content=\"@Exaudi_News\" \/>\n<meta name=\"twitter:label1\" content=\"Escrito por\" \/>\n\t<meta name=\"twitter:data1\" content=\"Alba Montalvo\" \/>\n\t<meta name=\"twitter:label2\" content=\"Tiempo de lectura\" \/>\n\t<meta name=\"twitter:data2\" content=\"5 minutos\" \/>\n<script type=\"application\/ld+json\" class=\"yoast-schema-graph\">{\"@context\":\"https:\\\/\\\/schema.org\",\"@graph\":[{\"@type\":\"Article\",\"@id\":\"https:\\\/\\\/exaudi.org\\\/es\\\/obispos-panama-comprometidos-sinodalidad\\\/#article\",\"isPartOf\":{\"@id\":\"https:\\\/\\\/exaudi.org\\\/es\\\/obispos-panama-comprometidos-sinodalidad\\\/\"},\"author\":{\"name\":\"Alba Montalvo\",\"@id\":\"https:\\\/\\\/exaudi.org\\\/#\\\/schema\\\/person\\\/fc7b3cbb6f4d66ebcb53bf601d7b7eb1\"},\"headline\":\"Panam\u00e1: Obispos finalizan Asamblea comprometidos con la sinodalidad\",\"datePublished\":\"2022-01-17T09:00:09+00:00\",\"dateModified\":\"2022-01-17T11:30:57+00:00\",\"mainEntityOfPage\":{\"@id\":\"https:\\\/\\\/exaudi.org\\\/es\\\/obispos-panama-comprometidos-sinodalidad\\\/\"},\"wordCount\":979,\"image\":{\"@id\":\"https:\\\/\\\/exaudi.org\\\/es\\\/obispos-panama-comprometidos-sinodalidad\\\/#primaryimage\"},\"thumbnailUrl\":\"https:\\\/\\\/exaudi.org\\\/wp-content\\\/uploads\\\/2022\\\/01\\\/WhatsApp-Image-2022-01-14-at-9.17.09-AM.jpeg\",\"keywords\":[\"Asamblea Ordinaria Anual\",\"Obispos de Panam\u00e1\",\"Panam\u00e1\",\"Trending\"],\"articleSection\":[\"Iglesia Local\"],\"inLanguage\":\"es\"},{\"@type\":\"WebPage\",\"@id\":\"https:\\\/\\\/exaudi.org\\\/es\\\/obispos-panama-comprometidos-sinodalidad\\\/\",\"url\":\"https:\\\/\\\/exaudi.org\\\/es\\\/obispos-panama-comprometidos-sinodalidad\\\/\",\"name\":\"Panam\u00e1: Obispos finalizan Asamblea comprometidos con la sinodalidad &#8211; Exaudi\",\"isPartOf\":{\"@id\":\"https:\\\/\\\/exaudi.org\\\/#website\"},\"primaryImageOfPage\":{\"@id\":\"https:\\\/\\\/exaudi.org\\\/es\\\/obispos-panama-comprometidos-sinodalidad\\\/#primaryimage\"},\"image\":{\"@id\":\"https:\\\/\\\/exaudi.org\\\/es\\\/obispos-panama-comprometidos-sinodalidad\\\/#primaryimage\"},\"thumbnailUrl\":\"https:\\\/\\\/exaudi.org\\\/wp-content\\\/uploads\\\/2022\\\/01\\\/WhatsApp-Image-2022-01-14-at-9.17.09-AM.jpeg\",\"datePublished\":\"2022-01-17T09:00:09+00:00\",\"dateModified\":\"2022-01-17T11:30:57+00:00\",\"author\":{\"@id\":\"https:\\\/\\\/exaudi.org\\\/#\\\/schema\\\/person\\\/fc7b3cbb6f4d66ebcb53bf601d7b7eb1\"},\"description\":\"Panam\u00e1: Obispos finalizan Asamblea comprometidos con la sinodalidad tras la 216\u00aa Asamblea Ordinaria Anual celebrada del 10 al 14 de enero.\",\"breadcrumb\":{\"@id\":\"https:\\\/\\\/exaudi.org\\\/es\\\/obispos-panama-comprometidos-sinodalidad\\\/#breadcrumb\"},\"inLanguage\":\"es\",\"potentialAction\":[{\"@type\":\"ReadAction\",\"target\":[\"https:\\\/\\\/exaudi.org\\\/es\\\/obispos-panama-comprometidos-sinodalidad\\\/\"]}]},{\"@type\":\"ImageObject\",\"inLanguage\":\"es\",\"@id\":\"https:\\\/\\\/exaudi.org\\\/es\\\/obispos-panama-comprometidos-sinodalidad\\\/#primaryimage\",\"url\":\"https:\\\/\\\/exaudi.org\\\/wp-content\\\/uploads\\\/2022\\\/01\\\/WhatsApp-Image-2022-01-14-at-9.17.09-AM.jpeg\",\"contentUrl\":\"https:\\\/\\\/exaudi.org\\\/wp-content\\\/uploads\\\/2022\\\/01\\\/WhatsApp-Image-2022-01-14-at-9.17.09-AM.jpeg\",\"width\":1600,\"height\":901,\"caption\":\"Obispos paname\u00f1os \u00a9 Conferencia Episcopal de Panam\u00e1\"},{\"@type\":\"BreadcrumbList\",\"@id\":\"https:\\\/\\\/exaudi.org\\\/es\\\/obispos-panama-comprometidos-sinodalidad\\\/#breadcrumb\",\"itemListElement\":[{\"@type\":\"ListItem\",\"position\":1,\"name\":\"Portada\",\"item\":\"https:\\\/\\\/exaudi.org\\\/es\\\/\"},{\"@type\":\"ListItem\",\"position\":2,\"name\":\"Panam\u00e1: Obispos finalizan Asamblea comprometidos con la sinodalidad\"}]},{\"@type\":\"WebSite\",\"@id\":\"https:\\\/\\\/exaudi.org\\\/#website\",\"url\":\"https:\\\/\\\/exaudi.org\\\/\",\"name\":\"Exaudi\",\"description\":\"News\",\"potentialAction\":[{\"@type\":\"SearchAction\",\"target\":{\"@type\":\"EntryPoint\",\"urlTemplate\":\"https:\\\/\\\/exaudi.org\\\/?s={search_term_string}\"},\"query-input\":{\"@type\":\"PropertyValueSpecification\",\"valueRequired\":true,\"valueName\":\"search_term_string\"}}],\"inLanguage\":\"es\"},{\"@type\":\"Person\",\"@id\":\"https:\\\/\\\/exaudi.org\\\/#\\\/schema\\\/person\\\/fc7b3cbb6f4d66ebcb53bf601d7b7eb1\",\"name\":\"Alba Montalvo\",\"image\":{\"@type\":\"ImageObject\",\"inLanguage\":\"es\",\"@id\":\"https:\\\/\\\/secure.gravatar.com\\\/avatar\\\/1e8c522219a5df52d143b7baf13997ffd4f1814ca862efe7af11a13849275021?s=96&d=mm&r=g\",\"url\":\"https:\\\/\\\/secure.gravatar.com\\\/avatar\\\/1e8c522219a5df52d143b7baf13997ffd4f1814ca862efe7af11a13849275021?s=96&d=mm&r=g\",\"contentUrl\":\"https:\\\/\\\/secure.gravatar.com\\\/avatar\\\/1e8c522219a5df52d143b7baf13997ffd4f1814ca862efe7af11a13849275021?s=96&d=mm&r=g\",\"caption\":\"Alba Montalvo\"},\"description\":\"Licenciada en Periodismo y M\u00e1ster en Periodismo Social. Mi trayectoria profesional ha estado siempre vinculada al \u00e1mbito de la comunicaci\u00f3n en el entorno digital. He trabajado como productora, gestora de contenidos estrat\u00e9gicos para redes y entrevistadora en la Fundaci\u00f3n Mater Mundi TV. Madrile\u00f1a de nacimiento, actualmente vivo en M\u00e1laga.\",\"url\":\"https:\\\/\\\/exaudi.org\\\/es\\\/author\\\/amontalvoexaudi-org\\\/\"}]}<\/script>\n<!-- \/ Yoast SEO plugin. -->","yoast_head_json":{"title":"Panam\u00e1: Obispos finalizan Asamblea comprometidos con la sinodalidad &#8211; Exaudi","description":"Panam\u00e1: Obispos finalizan Asamblea comprometidos con la sinodalidad tras la 216\u00aa Asamblea Ordinaria Anual celebrada del 10 al 14 de enero.","robots":{"index":"index","follow":"follow","max-snippet":"max-snippet:-1","max-image-preview":"max-image-preview:large","max-video-preview":"max-video-preview:-1"},"canonical":"https:\/\/exaudi.org\/es\/obispos-panama-comprometidos-sinodalidad\/","og_locale":"es_ES","og_type":"article","og_title":"Panam\u00e1: Obispos finalizan Asamblea comprometidos con la sinodalidad &#8211; Exaudi","og_description":"Panam\u00e1: Obispos finalizan Asamblea comprometidos con la sinodalidad tras la 216\u00aa Asamblea Ordinaria Anual celebrada del 10 al 14 de enero.","og_url":"https:\/\/exaudi.org\/es\/obispos-panama-comprometidos-sinodalidad\/","og_site_name":"Exaudi","article_publisher":"https:\/\/www.facebook.com\/ExaudiNews","article_published_time":"2022-01-17T09:00:09+00:00","article_modified_time":"2022-01-17T11:30:57+00:00","og_image":[{"width":1600,"height":901,"url":"https:\/\/exaudi.org\/wp-content\/uploads\/2022\/01\/WhatsApp-Image-2022-01-14-at-9.17.09-AM.jpeg","type":"image\/jpeg"}],"author":"Alba Montalvo","twitter_card":"summary_large_image","twitter_creator":"@Exaudi_News","twitter_site":"@Exaudi_News","twitter_misc":{"Escrito por":"Alba Montalvo","Tiempo de lectura":"5 minutos"},"schema":{"@context":"https:\/\/schema.org","@graph":[{"@type":"Article","@id":"https:\/\/exaudi.org\/es\/obispos-panama-comprometidos-sinodalidad\/#article","isPartOf":{"@id":"https:\/\/exaudi.org\/es\/obispos-panama-comprometidos-sinodalidad\/"},"author":{"name":"Alba Montalvo","@id":"https:\/\/exaudi.org\/#\/schema\/person\/fc7b3cbb6f4d66ebcb53bf601d7b7eb1"},"headline":"Panam\u00e1: Obispos finalizan Asamblea comprometidos con la sinodalidad","datePublished":"2022-01-17T09:00:09+00:00","dateModified":"2022-01-17T11:30:57+00:00","mainEntityOfPage":{"@id":"https:\/\/exaudi.org\/es\/obispos-panama-comprometidos-sinodalidad\/"},"wordCount":979,"image":{"@id":"https:\/\/exaudi.org\/es\/obispos-panama-comprometidos-sinodalidad\/#primaryimage"},"thumbnailUrl":"https:\/\/exaudi.org\/wp-content\/uploads\/2022\/01\/WhatsApp-Image-2022-01-14-at-9.17.09-AM.jpeg","keywords":["Asamblea Ordinaria Anual","Obispos de Panam\u00e1","Panam\u00e1","Trending"],"articleSection":["Iglesia Local"],"inLanguage":"es"},{"@type":"WebPage","@id":"https:\/\/exaudi.org\/es\/obispos-panama-comprometidos-sinodalidad\/","url":"https:\/\/exaudi.org\/es\/obispos-panama-comprometidos-sinodalidad\/","name":"Panam\u00e1: Obispos finalizan Asamblea comprometidos con la sinodalidad &#8211; Exaudi","isPartOf":{"@id":"https:\/\/exaudi.org\/#website"},"primaryImageOfPage":{"@id":"https:\/\/exaudi.org\/es\/obispos-panama-comprometidos-sinodalidad\/#primaryimage"},"image":{"@id":"https:\/\/exaudi.org\/es\/obispos-panama-comprometidos-sinodalidad\/#primaryimage"},"thumbnailUrl":"https:\/\/exaudi.org\/wp-content\/uploads\/2022\/01\/WhatsApp-Image-2022-01-14-at-9.17.09-AM.jpeg","datePublished":"2022-01-17T09:00:09+00:00","dateModified":"2022-01-17T11:30:57+00:00","author":{"@id":"https:\/\/exaudi.org\/#\/schema\/person\/fc7b3cbb6f4d66ebcb53bf601d7b7eb1"},"description":"Panam\u00e1: Obispos finalizan Asamblea comprometidos con la sinodalidad tras la 216\u00aa Asamblea Ordinaria Anual celebrada del 10 al 14 de enero.","breadcrumb":{"@id":"https:\/\/exaudi.org\/es\/obispos-panama-comprometidos-sinodalidad\/#breadcrumb"},"inLanguage":"es","potentialAction":[{"@type":"ReadAction","target":["https:\/\/exaudi.org\/es\/obispos-panama-comprometidos-sinodalidad\/"]}]},{"@type":"ImageObject","inLanguage":"es","@id":"https:\/\/exaudi.org\/es\/obispos-panama-comprometidos-sinodalidad\/#primaryimage","url":"https:\/\/exaudi.org\/wp-content\/uploads\/2022\/01\/WhatsApp-Image-2022-01-14-at-9.17.09-AM.jpeg","contentUrl":"https:\/\/exaudi.org\/wp-content\/uploads\/2022\/01\/WhatsApp-Image-2022-01-14-at-9.17.09-AM.jpeg","width":1600,"height":901,"caption":"Obispos paname\u00f1os \u00a9 Conferencia Episcopal de Panam\u00e1"},{"@type":"BreadcrumbList","@id":"https:\/\/exaudi.org\/es\/obispos-panama-comprometidos-sinodalidad\/#breadcrumb","itemListElement":[{"@type":"ListItem","position":1,"name":"Portada","item":"https:\/\/exaudi.org\/es\/"},{"@type":"ListItem","position":2,"name":"Panam\u00e1: Obispos finalizan Asamblea comprometidos con la sinodalidad"}]},{"@type":"WebSite","@id":"https:\/\/exaudi.org\/#website","url":"https:\/\/exaudi.org\/","name":"Exaudi","description":"News","potentialAction":[{"@type":"SearchAction","target":{"@type":"EntryPoint","urlTemplate":"https:\/\/exaudi.org\/?s={search_term_string}"},"query-input":{"@type":"PropertyValueSpecification","valueRequired":true,"valueName":"search_term_string"}}],"inLanguage":"es"},{"@type":"Person","@id":"https:\/\/exaudi.org\/#\/schema\/person\/fc7b3cbb6f4d66ebcb53bf601d7b7eb1","name":"Alba Montalvo","image":{"@type":"ImageObject","inLanguage":"es","@id":"https:\/\/secure.gravatar.com\/avatar\/1e8c522219a5df52d143b7baf13997ffd4f1814ca862efe7af11a13849275021?s=96&d=mm&r=g","url":"https:\/\/secure.gravatar.com\/avatar\/1e8c522219a5df52d143b7baf13997ffd4f1814ca862efe7af11a13849275021?s=96&d=mm&r=g","contentUrl":"https:\/\/secure.gravatar.com\/avatar\/1e8c522219a5df52d143b7baf13997ffd4f1814ca862efe7af11a13849275021?s=96&d=mm&r=g","caption":"Alba Montalvo"},"description":"Licenciada en Periodismo y M\u00e1ster en Periodismo Social. Mi trayectoria profesional ha estado siempre vinculada al \u00e1mbito de la comunicaci\u00f3n en el entorno digital. He trabajado como productora, gestora de contenidos estrat\u00e9gicos para redes y entrevistadora en la Fundaci\u00f3n Mater Mundi TV. Madrile\u00f1a de nacimiento, actualmente vivo en M\u00e1laga.","url":"https:\/\/exaudi.org\/es\/author\/amontalvoexaudi-org\/"}]}},"jetpack_featured_media_url":"https:\/\/exaudi.org\/wp-content\/uploads\/2022\/01\/WhatsApp-Image-2022-01-14-at-9.17.09-AM.jpeg","jetpack_shortlink":"https:\/\/wp.me\/pgKjF2-cNB","_links":{"self":[{"href":"https:\/\/exaudi.org\/es\/wp-json\/wp\/v2\/posts\/49203","targetHints":{"allow":["GET"]}}],"collection":[{"href":"https:\/\/exaudi.org\/es\/wp-json\/wp\/v2\/posts"}],"about":[{"href":"https:\/\/exaudi.org\/es\/wp-json\/wp\/v2\/types\/post"}],"author":[{"embeddable":true,"href":"https:\/\/exaudi.org\/es\/wp-json\/wp\/v2\/users\/81"}],"replies":[{"embeddable":true,"href":"https:\/\/exaudi.org\/es\/wp-json\/wp\/v2\/comments?post=49203"}],"version-history":[{"count":0,"href":"https:\/\/exaudi.org\/es\/wp-json\/wp\/v2\/posts\/49203\/revisions"}],"wp:featuredmedia":[{"embeddable":true,"href":"https:\/\/exaudi.org\/es\/wp-json\/wp\/v2\/media\/49204"}],"wp:attachment":[{"href":"https:\/\/exaudi.org\/es\/wp-json\/wp\/v2\/media?parent=49203"}],"wp:term":[{"taxonomy":"category","embeddable":true,"href":"https:\/\/exaudi.org\/es\/wp-json\/wp\/v2\/categories?post=49203"},{"taxonomy":"post_tag","embeddable":true,"href":"https:\/\/exaudi.org\/es\/wp-json\/wp\/v2\/tags?post=49203"}],"curies":[{"name":"wp","href":"https:\/\/api.w.org\/{rel}","templated":true}]}}