{"id":49152,"date":"2022-01-16T12:42:50","date_gmt":"2022-01-16T11:42:50","guid":{"rendered":"https:\/\/exaudi.org\/?p=49152"},"modified":"2022-01-16T17:16:04","modified_gmt":"2022-01-16T16:16:04","slug":"el-papa-conservar-los-pequenos-detalles-del-amor","status":"publish","type":"post","link":"https:\/\/exaudi.org\/es\/el-papa-conservar-los-pequenos-detalles-del-amor\/","title":{"rendered":"El Papa: Conservar los peque\u00f1os detalles del amor"},"content":{"rendered":"<p>Este s\u00e1bado, 15 de enero de 2022, en la sala Clementina, el Santo Padre recibi\u00f3 en audiencia a los participantes en el Cap\u00edtulo General de la Orden de Cl\u00e9rigos Regulares Teatinos.<\/p>\n<p>El Papa resalt\u00f3 que \u201cLa comunidad que conserva los peque\u00f1os detalles del amor, donde los miembros se cuidan unos a otros y constituyen un espacio abierto y evangelizador, es el lugar de la presencia del Resucitado que la santifica seg\u00fan el designio del Padre\u201d<\/p>\n<p>Publicamos a continuaci\u00f3n el discurso que el Papa dirigi\u00f3 a los presentes durante el encuentro:<\/p>\n<p>***<\/p>\n<h4><strong>Discurso del Santo Padre<\/strong><\/h4>\n<p>Queridos hermanos, \u00a1bienvenidos!<\/p>\n<p>Os doy la bienvenida con motivo de vuestro Cap\u00edtulo General: el 164\u00ba.\u00a0\u00a1Cu\u00e1nto progreso hay detr\u00e1s de este 164, cu\u00e1nto camino recorrido con la providencia de Dios!\u00a0\u00a1Y cu\u00e1n grande debe ser entonces la gratitud!<\/p>\n<p>Agradezco al Superior General sus palabras y le deseo una buena continuaci\u00f3n del servicio en el que fue confirmado.<\/p>\n<p>En el tema que gu\u00eda vuestro trabajo en estos d\u00edas, la palabra que se destaca es\u00a0<em>misi\u00f3n<\/em>: \u201cTeatinos para la misi\u00f3n\u2026\u201d.\u00a0Aprecio esta elecci\u00f3n, en sinton\u00eda con la orientaci\u00f3n fundamental de la Iglesia, en la que el Se\u00f1or resucitado imprimi\u00f3 el dinamismo de, \u201csalida\u201d para la evangelizaci\u00f3n que implica a todo cristiano y a toda comunidad (cf.\u00a0<a href=\"https:\/\/www.vatican.va\/content\/francesco\/it\/apost_exhortations\/documents\/papa-francesco_esortazione-ap_20131124_evangelii-gaudium.html#I._Una_Chiesa_in_uscita\"><em>Evangelii gaudium<\/em>, 20<\/a>).\u00a0La misi\u00f3n tambi\u00e9n inspir\u00f3 la redacci\u00f3n del nuevo documento para la Curia romana.\u00a0Para vosotros, en particular, este dinamismo se combina con el carisma de san Cayetano Thiene y de los cofundadores, que podemos resumir como una\u00a0<em>fraternidad sacerdotal apost\u00f3lica<\/em>, fuertemente enraizada en la vida espiritual y en la caridad concreta con los necesitados.<\/p>\n<p>En la vida de san Cayetano -como en la de muchos otros santos- nos llama la atenci\u00f3n ver c\u00f3mo en cierto punto se produce un \u201csalto cualitativo\u201d que, en t\u00e9rminos b\u00edblicos, llamar\u00edamos m\u00e1s bien una \u201cvocaci\u00f3n dentro de la vocaci\u00f3n\u201d, o una \u201csegunda conversi\u00f3n\u201d.\u00a0Se trata del paso de una vida ya buena y estimada a una vida santa, llena de ese \u201cm\u00e1s\u201d que viene del Esp\u00edritu Santo.\u00a0Este salto cualitativo es lo que hace crecer no s\u00f3lo la vida personal de ese hombre o mujer, sino tambi\u00e9n la vida de la Iglesia.\u00a0Esto es lo que, en cierto sentido, la \u201creforma\u201d, purific\u00e1ndola y realzando su belleza evang\u00e9lica.<\/p>\n<p>Podemos y debemos referirnos siempre a este testimonio, a este \u201cEvangelio vivo\u201d para avanzar en nuestro camino personal y comunitario, sabiendo muy bien que \u201cno es posible que un cristiano piense en su misi\u00f3n en la tierra sin concebirla como camino de santidad\u201d (Exhort. ap.\u00a0<a href=\"https:\/\/www.vatican.va\/content\/francesco\/it\/apost_exhortations\/documents\/papa-francesco_esortazione-ap_20180319_gaudete-et-exsultate.html#La_tua_missione_in_Cristo\"><em>Gaudete et exsultate<\/em>\u00a0, 19<\/a>\u00a0).\u00a0San Gaetano Thiene tambi\u00e9n nos muestra que \u201c<em>cada santo es una misi\u00f3n\u201d<\/em>.\u00a0Cada santo y santa es \u201cun proyecto del Padre para reflejar y encarnar, en un momento espec\u00edfico de la historia, un aspecto del Evangelio\u201d (\u00a0<em><a href=\"https:\/\/www.vatican.va\/content\/francesco\/it\/apost_exhortations\/documents\/papa-francesco_esortazione-ap_20180319_gaudete-et-exsultate.html#La_tua_missione_in_Cristo\">ib<\/a>id<\/em>\u00a0.).<\/p>\n<p>Y lo que se nos pide no es tanto imitar en sentido literal -a quien todos debemos imitar en realidad es Jesucristo-, sino asumir de ese santo el \u201cm\u00e9todo\u201d, por as\u00ed decirlo, el dinamismo espiritual con el que, vivi\u00f3 el Evangelio, para intentar traducirlo a nuestro contexto actual.\u00a0Esto es tambi\u00e9n lo que os hab\u00e9is propuesto con el objetivo general de vuestro Cap\u00edtulo.\u00a0Cito: \u201cActualizar el carisma teatino, para responder a los desaf\u00edos actuales a partir de nuestra identidad\u201d.<\/p>\n<p>Y\u00a0el primer objetivo espec\u00edfico apunta a la\u00a0<em>identidad.\u00a0<\/em>Por supuesto, no tengo que ense\u00f1arte nada sobre esto.\u00a0S\u00f3lo quisiera subrayar un aspecto esencial del testimonio de san Cayetano: la reforma debe empezar\u00a0<em>por uno mismo<\/em>.\u00a0Cuando vino a Roma para trabajar en la curia papal, se dio cuenta de la lamentable degradaci\u00f3n espiritual y moral generalizada.\u00a0Es la mundanalidad, la ra\u00edz siempre est\u00e1 ah\u00ed, la mundanalidad que causa la degradaci\u00f3n espiritual y moral.\u00a0Y mientras ejerc\u00eda su oficio, frecuentaba el oratorio del Amor Divino, cultivando la oraci\u00f3n y la formaci\u00f3n espiritual;\u00a0y luego fue a un hospital para asistir a los enfermos.\u00a0Este es el camino: empezar por uno mismo para vivir el Evangelio con mayor profundidad y coherencia.\u00a0Todos los santos nos muestran este camino.\u00a0Ellos son los verdaderos reformadores de la Iglesia.\u00a0O m\u00e1s bien: es el Esp\u00edritu Santo quien forma y reforma la Iglesia, y lo hace a trav\u00e9s de la Palabra de Dios y a trav\u00e9s de los santos, que ponen en pr\u00e1ctica la Palabra en sus vidas.\u00a0Empieza siempre por ti mismo.<\/p>\n<p>Su segundo objetivo espec\u00edfico es la\u00a0<em>comuni\u00f3n<\/em>.\u00a0Tambi\u00e9n aqu\u00ed, mirando a San Caetano, vemos que el Esp\u00edritu no lo empuj\u00f3 a ir solo, a recorrer un camino individual.\u00a0No. Lo llam\u00f3 a formar una comunidad de cl\u00e9rigos regulares, a vivir el Evangelio seg\u00fan el modo de vida de los Ap\u00f3stoles.\u00a0En la Exhortaci\u00f3n Apost\u00f3lica\u00a0<em><a href=\"https:\/\/www.vatican.va\/content\/francesco\/it\/apost_exhortations\/documents\/papa-francesco_esortazione-ap_20180319_gaudete-et-exsultate.html\">Gaudete et exsultate<\/a><\/em>\u00a0\u00a0-que recomiendo volver a leer, \u00a1siempre har\u00e1 bien!\u00a0Me hace bien leerlo, porque uno se olvida de lo que escribi\u00f3 para los dem\u00e1s &#8211; record\u00e9 algunas \u201csantas comunidades\u201d que \u201cvivieron heroicamente el Evangelio\u201d (n.\u00a0<a href=\"https:\/\/www.vatican.va\/content\/francesco\/it\/apost_exhortations\/documents\/papa-francesco_esortazione-ap_20180319_gaudete-et-exsultate.html#In_comunit%C3%A0\">141<\/a>).\u00a0Y a ellos ciertamente podr\u00edamos agregar el de sus co-fundadores.\u00a0Pero habitualmente en las familias y comunidades religiosas la vida cristiana se compone de muchos gestos cotidianos.\u00a0\u201cLa comunidad que conserva los peque\u00f1os detalles del amor, donde los miembros se cuidan unos a otros y constituyen un espacio abierto y evangelizador, es el lugar de la presencia del Resucitado que la santifica seg\u00fan el designio del Padre\u201d (\u00a0<em>ibid.<\/em>,\u00a0<a href=\"https:\/\/www.vatican.va\/content\/francesco\/it\/apost_exhortations\/documents\/papa-francesco_esortazione-ap_20180319_gaudete-et-exsultate.html#In_comunit%C3%A0\">145<\/a>\u00a0).\u00a0Ah\u00ed hay una frase que quiero enfatizar:\u00a0<em>Los miembros se cuidan entre todos<\/em>. Hermanos, la mayor plaga en una congregaci\u00f3n religiosa, en una comunidad religiosa, es cuando los hermanos no se cuidan entre s\u00ed, es m\u00e1s, cuando empieza la ch\u00e1chara. Por favor, descarte todas las formas de charla. Sed hombres consagrados, hombres del Evangelio, pero hombres. Si tienes algo en contra del otro, ten \u201cpantalones\u201d para dec\u00edrselo en la cara, decirle cosas en la cara o callarte. O ese otro criterio, d\u00edselo a los que pueden remediarlo, es decir, a los superiores. Pero no hag\u00e1is grupos peque\u00f1os, porque esta es la espiritualidad de la \u201ccarcoma\u201d, que hace decaer la fuerza de una comunidad religiosa. Sin charlataner\u00eda por favor.<\/p>\n<p>Y, finalmente, el tercer objetivo que os propon\u00e9is es precisamente la\u00a0<em>misi\u00f3n<\/em>: \u201cDiscernir los signos de los tiempos para anunciar y vivir el Reino de Dios entre los hombres\u201d.\u00a0Seg\u00fan el carisma fundacional, vuestra misi\u00f3n no es\u00a0<em>ad gentes<\/em>.\u00a0San Cayetano evangeliz\u00f3 Roma, Venecia, N\u00e1poles, y lo hizo sobre todo a trav\u00e9s del testimonio de vida y de las obras de misericordia, practicando el gran \u201cprotocolo\u201d que Jes\u00fas nos dej\u00f3 con la par\u00e1bola del juicio final, Mateo 25 (vv. 31). -46).\u00a0\u00c9l y sus compa\u00f1eros han servido y alimentado esa Iglesia que es un \u201chospital de campa\u00f1a\u201d que se necesita incluso hoy.\u00a0Os animo a seguir sus pasos, con docilidad al Esp\u00edritu, sin esquemas r\u00edgidos &#8211; cuidado con la rigidez, porque la rigidez es una perversi\u00f3n que viene precisamente del clericalismo, es otra cosa mala, y bajo toda rigidez hay podredumbre, &#8211; siempre-, pero firmemente en las cosas esenciales: oraci\u00f3n, adoraci\u00f3n, vida com\u00fan, caridad fraterna, pobreza y servicio a los pobres.\u00a0Todo ello con un coraz\u00f3n apost\u00f3lico, con la inquietud buena y evang\u00e9lica de buscar ante todo el Reino de Dios.<\/p>\n<p>Queridos hermanos, como sab\u00e9is, entre las ciudades evangelizadas por San Gaetano tambi\u00e9n est\u00e1 Buenos Aires.\u00a0La fiesta de San Cayetano, el 7 de agosto, tiene all\u00ed una gran participaci\u00f3n popular.\u00a0La gente lo venera y reza como \u201cpatr\u00f3n del pan y del trabajo\u201d.\u00a0A su intercesi\u00f3n y a la de Nuestra Se\u00f1ora encomiendo vuestro camino.\u00a0Os bendigo de coraz\u00f3n a vosotros, a todos vuestros hermanos y a vuestro compromiso de comuni\u00f3n y misi\u00f3n.\u00a0Y por favor, no os olvid\u00e9is de orar por m\u00ed.\u00a0\u00a1Gracias!<\/p>\n<p>He pedido traer aqu\u00ed un breve estudio realizado recientemente por un Nuncio Apost\u00f3lico sobre chismes.\u00a0Se me ocurri\u00f3 despu\u00e9s de este discurso.\u00a0Creo que ser\u00eda bueno para todos llevarse una copia a casa, \u00a1gratis!<\/p>\n<p><strong>\u00a9 Librer\u00eda Editora Vaticana<\/strong><\/p>\n","protected":false},"excerpt":{"rendered":"<p>En el Cap\u00edtulo General 164 de los Teatinos<\/p>\n","protected":false},"author":15,"featured_media":49153,"comment_status":"closed","ping_status":"closed","sticky":false,"template":"","format":"standard","meta":{"_acf_changed":false,"_crdt_document":"","inline_featured_image":false,"footnotes":""},"categories":[68],"tags":[5549,4953],"class_list":["post-49152","post","type-post","status-publish","format-standard","has-post-thumbnail","hentry","category-leon-xiv","tag-audiencia-clerigos-teatinos","tag-trending-es"],"acf":[],"yoast_head":"<!-- This site is optimized with the Yoast SEO plugin v27.5 - https:\/\/yoast.com\/product\/yoast-seo-wordpress\/ -->\n<title>El Papa: Conservar los peque\u00f1os detalles del amor &#8211; Exaudi<\/title>\n<meta name=\"robots\" content=\"index, follow, max-snippet:-1, max-image-preview:large, max-video-preview:-1\" \/>\n<link rel=\"canonical\" href=\"https:\/\/exaudi.org\/es\/el-papa-conservar-los-pequenos-detalles-del-amor\/\" \/>\n<meta property=\"og:locale\" content=\"es_ES\" \/>\n<meta property=\"og:type\" content=\"article\" \/>\n<meta property=\"og:title\" content=\"El Papa: Conservar los peque\u00f1os detalles del amor &#8211; Exaudi\" \/>\n<meta property=\"og:description\" content=\"En el Cap\u00edtulo General 164 de los Teatinos\" \/>\n<meta property=\"og:url\" content=\"https:\/\/exaudi.org\/es\/el-papa-conservar-los-pequenos-detalles-del-amor\/\" \/>\n<meta property=\"og:site_name\" content=\"Exaudi\" \/>\n<meta property=\"article:publisher\" content=\"https:\/\/www.facebook.com\/ExaudiNews\" \/>\n<meta property=\"article:author\" content=\"https:\/\/www.facebook.com\/ExaudiNoticias\/\" \/>\n<meta property=\"article:published_time\" content=\"2022-01-16T11:42:50+00:00\" \/>\n<meta property=\"article:modified_time\" content=\"2022-01-16T16:16:04+00:00\" \/>\n<meta property=\"og:image\" content=\"https:\/\/exaudi.org\/wp-content\/uploads\/2022\/01\/Clerigos-teatianos.jpeg\" \/>\n\t<meta property=\"og:image:width\" content=\"1500\" \/>\n\t<meta property=\"og:image:height\" content=\"999\" \/>\n\t<meta property=\"og:image:type\" content=\"image\/jpeg\" \/>\n<meta name=\"author\" content=\"Exaudi Redacci\u00f3n\" \/>\n<meta name=\"twitter:card\" content=\"summary_large_image\" \/>\n<meta name=\"twitter:creator\" content=\"@Exaudi_noticias\" \/>\n<meta name=\"twitter:site\" content=\"@Exaudi_News\" \/>\n<meta name=\"twitter:label1\" content=\"Escrito por\" \/>\n\t<meta name=\"twitter:data1\" content=\"Exaudi Redacci\u00f3n\" \/>\n\t<meta name=\"twitter:label2\" content=\"Tiempo de lectura\" \/>\n\t<meta name=\"twitter:data2\" content=\"6 minutos\" \/>\n<script type=\"application\/ld+json\" class=\"yoast-schema-graph\">{\"@context\":\"https:\\\/\\\/schema.org\",\"@graph\":[{\"@type\":\"Article\",\"@id\":\"https:\\\/\\\/exaudi.org\\\/es\\\/el-papa-conservar-los-pequenos-detalles-del-amor\\\/#article\",\"isPartOf\":{\"@id\":\"https:\\\/\\\/exaudi.org\\\/es\\\/el-papa-conservar-los-pequenos-detalles-del-amor\\\/\"},\"author\":{\"name\":\"Exaudi Redacci\u00f3n\",\"@id\":\"https:\\\/\\\/exaudi.org\\\/#\\\/schema\\\/person\\\/f5fc8f063065e38742da7afe15f25df7\"},\"headline\":\"El Papa: Conservar los peque\u00f1os detalles del amor\",\"datePublished\":\"2022-01-16T11:42:50+00:00\",\"dateModified\":\"2022-01-16T16:16:04+00:00\",\"mainEntityOfPage\":{\"@id\":\"https:\\\/\\\/exaudi.org\\\/es\\\/el-papa-conservar-los-pequenos-detalles-del-amor\\\/\"},\"wordCount\":1412,\"image\":{\"@id\":\"https:\\\/\\\/exaudi.org\\\/es\\\/el-papa-conservar-los-pequenos-detalles-del-amor\\\/#primaryimage\"},\"thumbnailUrl\":\"https:\\\/\\\/exaudi.org\\\/wp-content\\\/uploads\\\/2022\\\/01\\\/Clerigos-teatianos.jpeg\",\"keywords\":[\"Audiencia Cl\u00e9rigos Teatinos\",\"Trending\"],\"articleSection\":[\"Le\u00f3n XIV\"],\"inLanguage\":\"es\"},{\"@type\":\"WebPage\",\"@id\":\"https:\\\/\\\/exaudi.org\\\/es\\\/el-papa-conservar-los-pequenos-detalles-del-amor\\\/\",\"url\":\"https:\\\/\\\/exaudi.org\\\/es\\\/el-papa-conservar-los-pequenos-detalles-del-amor\\\/\",\"name\":\"El Papa: Conservar los peque\u00f1os detalles del amor &#8211; Exaudi\",\"isPartOf\":{\"@id\":\"https:\\\/\\\/exaudi.org\\\/#website\"},\"primaryImageOfPage\":{\"@id\":\"https:\\\/\\\/exaudi.org\\\/es\\\/el-papa-conservar-los-pequenos-detalles-del-amor\\\/#primaryimage\"},\"image\":{\"@id\":\"https:\\\/\\\/exaudi.org\\\/es\\\/el-papa-conservar-los-pequenos-detalles-del-amor\\\/#primaryimage\"},\"thumbnailUrl\":\"https:\\\/\\\/exaudi.org\\\/wp-content\\\/uploads\\\/2022\\\/01\\\/Clerigos-teatianos.jpeg\",\"datePublished\":\"2022-01-16T11:42:50+00:00\",\"dateModified\":\"2022-01-16T16:16:04+00:00\",\"author\":{\"@id\":\"https:\\\/\\\/exaudi.org\\\/#\\\/schema\\\/person\\\/f5fc8f063065e38742da7afe15f25df7\"},\"breadcrumb\":{\"@id\":\"https:\\\/\\\/exaudi.org\\\/es\\\/el-papa-conservar-los-pequenos-detalles-del-amor\\\/#breadcrumb\"},\"inLanguage\":\"es\",\"potentialAction\":[{\"@type\":\"ReadAction\",\"target\":[\"https:\\\/\\\/exaudi.org\\\/es\\\/el-papa-conservar-los-pequenos-detalles-del-amor\\\/\"]}]},{\"@type\":\"ImageObject\",\"inLanguage\":\"es\",\"@id\":\"https:\\\/\\\/exaudi.org\\\/es\\\/el-papa-conservar-los-pequenos-detalles-del-amor\\\/#primaryimage\",\"url\":\"https:\\\/\\\/exaudi.org\\\/wp-content\\\/uploads\\\/2022\\\/01\\\/Clerigos-teatianos.jpeg\",\"contentUrl\":\"https:\\\/\\\/exaudi.org\\\/wp-content\\\/uploads\\\/2022\\\/01\\\/Clerigos-teatianos.jpeg\",\"width\":1500,\"height\":999,\"caption\":\"Audiencia del Papa a los Clerigos teatinos \u00a9 Vatican Media\"},{\"@type\":\"BreadcrumbList\",\"@id\":\"https:\\\/\\\/exaudi.org\\\/es\\\/el-papa-conservar-los-pequenos-detalles-del-amor\\\/#breadcrumb\",\"itemListElement\":[{\"@type\":\"ListItem\",\"position\":1,\"name\":\"Portada\",\"item\":\"https:\\\/\\\/exaudi.org\\\/es\\\/\"},{\"@type\":\"ListItem\",\"position\":2,\"name\":\"El Papa: Conservar los peque\u00f1os detalles del amor\"}]},{\"@type\":\"WebSite\",\"@id\":\"https:\\\/\\\/exaudi.org\\\/#website\",\"url\":\"https:\\\/\\\/exaudi.org\\\/\",\"name\":\"Exaudi\",\"description\":\"News\",\"potentialAction\":[{\"@type\":\"SearchAction\",\"target\":{\"@type\":\"EntryPoint\",\"urlTemplate\":\"https:\\\/\\\/exaudi.org\\\/?s={search_term_string}\"},\"query-input\":{\"@type\":\"PropertyValueSpecification\",\"valueRequired\":true,\"valueName\":\"search_term_string\"}}],\"inLanguage\":\"es\"},{\"@type\":\"Person\",\"@id\":\"https:\\\/\\\/exaudi.org\\\/#\\\/schema\\\/person\\\/f5fc8f063065e38742da7afe15f25df7\",\"name\":\"Exaudi Redacci\u00f3n\",\"image\":{\"@type\":\"ImageObject\",\"inLanguage\":\"es\",\"@id\":\"https:\\\/\\\/secure.gravatar.com\\\/avatar\\\/fe0f6a059fb68d9b3e11bc5850dd4899b1c7492091a3cb6dd9b01b56ad828be2?s=96&d=mm&r=g\",\"url\":\"https:\\\/\\\/secure.gravatar.com\\\/avatar\\\/fe0f6a059fb68d9b3e11bc5850dd4899b1c7492091a3cb6dd9b01b56ad828be2?s=96&d=mm&r=g\",\"contentUrl\":\"https:\\\/\\\/secure.gravatar.com\\\/avatar\\\/fe0f6a059fb68d9b3e11bc5850dd4899b1c7492091a3cb6dd9b01b56ad828be2?s=96&d=mm&r=g\",\"caption\":\"Exaudi Redacci\u00f3n\"},\"description\":\"\u00bfQu\u00e9 es Exaudi News? Exaudi News es un medio de comunicaci\u00f3n cat\u00f3lico internacional que informa, forma y transforma, diariamente en espa\u00f1ol, ingl\u00e9s e italiano. A trav\u00e9s de noticias, art\u00edculos de an\u00e1lisis y transmisiones en directo de los eventos del Papa, Exaudi busca fortalecer la unidad de los cristianos y contribuir a la evangelizaci\u00f3n del mundo, siempre guiados por la doctrina social de la Iglesia. Trabajamos para acercar la verdad y los valores cristianos a cada rinc\u00f3n del planeta. \u00a1Ay\u00fadanos a transformar el mundo con Exaudi! En Exaudi creemos que la evangelizaci\u00f3n y la informaci\u00f3n de calidad pueden cambiar vidas. Para continuar con nuestra misi\u00f3n y expandir nuestro alcance, necesitamos tu ayuda. Adem\u00e1s, buscamos personas comprometidas que deseen unirse a nuestro equipo. Con tu apoyo, lograremos llegar a m\u00e1s personas, difundir el mensaje de Cristo y reforzar la unidad de los cristianos. \u00bfTe unes a nuestra misi\u00f3n? Para m\u00e1s informaci\u00f3n sobre c\u00f3mo colaborar, visita Exaudi.org\\\/es o cont\u00e1ctanos directamente: info@exaudi.org Exaudi: Informa, forma y transforma.\",\"sameAs\":[\"https:\\\/\\\/www.facebook.com\\\/ExaudiNoticias\\\/\",\"https:\\\/\\\/www.instagram.com\\\/exaudi_noticias\\\/\",\"https:\\\/\\\/x.com\\\/Exaudi_noticias\",\"https:\\\/\\\/www.youtube.com\\\/@exaudicatholicnews\"],\"url\":\"https:\\\/\\\/exaudi.org\\\/es\\\/author\\\/redaccionexaudi\\\/\"}]}<\/script>\n<!-- \/ Yoast SEO plugin. -->","yoast_head_json":{"title":"El Papa: Conservar los peque\u00f1os detalles del amor &#8211; Exaudi","robots":{"index":"index","follow":"follow","max-snippet":"max-snippet:-1","max-image-preview":"max-image-preview:large","max-video-preview":"max-video-preview:-1"},"canonical":"https:\/\/exaudi.org\/es\/el-papa-conservar-los-pequenos-detalles-del-amor\/","og_locale":"es_ES","og_type":"article","og_title":"El Papa: Conservar los peque\u00f1os detalles del amor &#8211; Exaudi","og_description":"En el Cap\u00edtulo General 164 de los Teatinos","og_url":"https:\/\/exaudi.org\/es\/el-papa-conservar-los-pequenos-detalles-del-amor\/","og_site_name":"Exaudi","article_publisher":"https:\/\/www.facebook.com\/ExaudiNews","article_author":"https:\/\/www.facebook.com\/ExaudiNoticias\/","article_published_time":"2022-01-16T11:42:50+00:00","article_modified_time":"2022-01-16T16:16:04+00:00","og_image":[{"width":1500,"height":999,"url":"https:\/\/exaudi.org\/wp-content\/uploads\/2022\/01\/Clerigos-teatianos.jpeg","type":"image\/jpeg"}],"author":"Exaudi Redacci\u00f3n","twitter_card":"summary_large_image","twitter_creator":"@Exaudi_noticias","twitter_site":"@Exaudi_News","twitter_misc":{"Escrito por":"Exaudi Redacci\u00f3n","Tiempo de lectura":"6 minutos"},"schema":{"@context":"https:\/\/schema.org","@graph":[{"@type":"Article","@id":"https:\/\/exaudi.org\/es\/el-papa-conservar-los-pequenos-detalles-del-amor\/#article","isPartOf":{"@id":"https:\/\/exaudi.org\/es\/el-papa-conservar-los-pequenos-detalles-del-amor\/"},"author":{"name":"Exaudi Redacci\u00f3n","@id":"https:\/\/exaudi.org\/#\/schema\/person\/f5fc8f063065e38742da7afe15f25df7"},"headline":"El Papa: Conservar los peque\u00f1os detalles del amor","datePublished":"2022-01-16T11:42:50+00:00","dateModified":"2022-01-16T16:16:04+00:00","mainEntityOfPage":{"@id":"https:\/\/exaudi.org\/es\/el-papa-conservar-los-pequenos-detalles-del-amor\/"},"wordCount":1412,"image":{"@id":"https:\/\/exaudi.org\/es\/el-papa-conservar-los-pequenos-detalles-del-amor\/#primaryimage"},"thumbnailUrl":"https:\/\/exaudi.org\/wp-content\/uploads\/2022\/01\/Clerigos-teatianos.jpeg","keywords":["Audiencia Cl\u00e9rigos Teatinos","Trending"],"articleSection":["Le\u00f3n XIV"],"inLanguage":"es"},{"@type":"WebPage","@id":"https:\/\/exaudi.org\/es\/el-papa-conservar-los-pequenos-detalles-del-amor\/","url":"https:\/\/exaudi.org\/es\/el-papa-conservar-los-pequenos-detalles-del-amor\/","name":"El Papa: Conservar los peque\u00f1os detalles del amor &#8211; Exaudi","isPartOf":{"@id":"https:\/\/exaudi.org\/#website"},"primaryImageOfPage":{"@id":"https:\/\/exaudi.org\/es\/el-papa-conservar-los-pequenos-detalles-del-amor\/#primaryimage"},"image":{"@id":"https:\/\/exaudi.org\/es\/el-papa-conservar-los-pequenos-detalles-del-amor\/#primaryimage"},"thumbnailUrl":"https:\/\/exaudi.org\/wp-content\/uploads\/2022\/01\/Clerigos-teatianos.jpeg","datePublished":"2022-01-16T11:42:50+00:00","dateModified":"2022-01-16T16:16:04+00:00","author":{"@id":"https:\/\/exaudi.org\/#\/schema\/person\/f5fc8f063065e38742da7afe15f25df7"},"breadcrumb":{"@id":"https:\/\/exaudi.org\/es\/el-papa-conservar-los-pequenos-detalles-del-amor\/#breadcrumb"},"inLanguage":"es","potentialAction":[{"@type":"ReadAction","target":["https:\/\/exaudi.org\/es\/el-papa-conservar-los-pequenos-detalles-del-amor\/"]}]},{"@type":"ImageObject","inLanguage":"es","@id":"https:\/\/exaudi.org\/es\/el-papa-conservar-los-pequenos-detalles-del-amor\/#primaryimage","url":"https:\/\/exaudi.org\/wp-content\/uploads\/2022\/01\/Clerigos-teatianos.jpeg","contentUrl":"https:\/\/exaudi.org\/wp-content\/uploads\/2022\/01\/Clerigos-teatianos.jpeg","width":1500,"height":999,"caption":"Audiencia del Papa a los Clerigos teatinos \u00a9 Vatican Media"},{"@type":"BreadcrumbList","@id":"https:\/\/exaudi.org\/es\/el-papa-conservar-los-pequenos-detalles-del-amor\/#breadcrumb","itemListElement":[{"@type":"ListItem","position":1,"name":"Portada","item":"https:\/\/exaudi.org\/es\/"},{"@type":"ListItem","position":2,"name":"El Papa: Conservar los peque\u00f1os detalles del amor"}]},{"@type":"WebSite","@id":"https:\/\/exaudi.org\/#website","url":"https:\/\/exaudi.org\/","name":"Exaudi","description":"News","potentialAction":[{"@type":"SearchAction","target":{"@type":"EntryPoint","urlTemplate":"https:\/\/exaudi.org\/?s={search_term_string}"},"query-input":{"@type":"PropertyValueSpecification","valueRequired":true,"valueName":"search_term_string"}}],"inLanguage":"es"},{"@type":"Person","@id":"https:\/\/exaudi.org\/#\/schema\/person\/f5fc8f063065e38742da7afe15f25df7","name":"Exaudi Redacci\u00f3n","image":{"@type":"ImageObject","inLanguage":"es","@id":"https:\/\/secure.gravatar.com\/avatar\/fe0f6a059fb68d9b3e11bc5850dd4899b1c7492091a3cb6dd9b01b56ad828be2?s=96&d=mm&r=g","url":"https:\/\/secure.gravatar.com\/avatar\/fe0f6a059fb68d9b3e11bc5850dd4899b1c7492091a3cb6dd9b01b56ad828be2?s=96&d=mm&r=g","contentUrl":"https:\/\/secure.gravatar.com\/avatar\/fe0f6a059fb68d9b3e11bc5850dd4899b1c7492091a3cb6dd9b01b56ad828be2?s=96&d=mm&r=g","caption":"Exaudi Redacci\u00f3n"},"description":"\u00bfQu\u00e9 es Exaudi News? Exaudi News es un medio de comunicaci\u00f3n cat\u00f3lico internacional que informa, forma y transforma, diariamente en espa\u00f1ol, ingl\u00e9s e italiano. A trav\u00e9s de noticias, art\u00edculos de an\u00e1lisis y transmisiones en directo de los eventos del Papa, Exaudi busca fortalecer la unidad de los cristianos y contribuir a la evangelizaci\u00f3n del mundo, siempre guiados por la doctrina social de la Iglesia. Trabajamos para acercar la verdad y los valores cristianos a cada rinc\u00f3n del planeta. \u00a1Ay\u00fadanos a transformar el mundo con Exaudi! En Exaudi creemos que la evangelizaci\u00f3n y la informaci\u00f3n de calidad pueden cambiar vidas. Para continuar con nuestra misi\u00f3n y expandir nuestro alcance, necesitamos tu ayuda. Adem\u00e1s, buscamos personas comprometidas que deseen unirse a nuestro equipo. Con tu apoyo, lograremos llegar a m\u00e1s personas, difundir el mensaje de Cristo y reforzar la unidad de los cristianos. \u00bfTe unes a nuestra misi\u00f3n? Para m\u00e1s informaci\u00f3n sobre c\u00f3mo colaborar, visita Exaudi.org\/es o cont\u00e1ctanos directamente: info@exaudi.org Exaudi: Informa, forma y transforma.","sameAs":["https:\/\/www.facebook.com\/ExaudiNoticias\/","https:\/\/www.instagram.com\/exaudi_noticias\/","https:\/\/x.com\/Exaudi_noticias","https:\/\/www.youtube.com\/@exaudicatholicnews"],"url":"https:\/\/exaudi.org\/es\/author\/redaccionexaudi\/"}]}},"jetpack_featured_media_url":"https:\/\/exaudi.org\/wp-content\/uploads\/2022\/01\/Clerigos-teatianos.jpeg","jetpack_shortlink":"https:\/\/wp.me\/pgKjF2-cMM","_links":{"self":[{"href":"https:\/\/exaudi.org\/es\/wp-json\/wp\/v2\/posts\/49152","targetHints":{"allow":["GET"]}}],"collection":[{"href":"https:\/\/exaudi.org\/es\/wp-json\/wp\/v2\/posts"}],"about":[{"href":"https:\/\/exaudi.org\/es\/wp-json\/wp\/v2\/types\/post"}],"author":[{"embeddable":true,"href":"https:\/\/exaudi.org\/es\/wp-json\/wp\/v2\/users\/15"}],"replies":[{"embeddable":true,"href":"https:\/\/exaudi.org\/es\/wp-json\/wp\/v2\/comments?post=49152"}],"version-history":[{"count":0,"href":"https:\/\/exaudi.org\/es\/wp-json\/wp\/v2\/posts\/49152\/revisions"}],"wp:featuredmedia":[{"embeddable":true,"href":"https:\/\/exaudi.org\/es\/wp-json\/wp\/v2\/media\/49153"}],"wp:attachment":[{"href":"https:\/\/exaudi.org\/es\/wp-json\/wp\/v2\/media?parent=49152"}],"wp:term":[{"taxonomy":"category","embeddable":true,"href":"https:\/\/exaudi.org\/es\/wp-json\/wp\/v2\/categories?post=49152"},{"taxonomy":"post_tag","embeddable":true,"href":"https:\/\/exaudi.org\/es\/wp-json\/wp\/v2\/tags?post=49152"}],"curies":[{"name":"wp","href":"https:\/\/api.w.org\/{rel}","templated":true}]}}