{"id":49103,"date":"2022-01-14T13:19:29","date_gmt":"2022-01-14T12:19:29","guid":{"rendered":"https:\/\/exaudi.org\/?p=49103"},"modified":"2022-01-14T22:43:23","modified_gmt":"2022-01-14T21:43:23","slug":"peregrinos-de-esperanza-es-el-lema-del-proximo-jubileo-de-2025","status":"publish","type":"post","link":"https:\/\/exaudi.org\/es\/peregrinos-de-esperanza-es-el-lema-del-proximo-jubileo-de-2025\/","title":{"rendered":"\u201cPeregrinos de esperanza\u201d, lema del pr\u00f3ximo Jubileo de 2025"},"content":{"rendered":"<p>\u201cPeregrinos de esperanza\u201d es el lema del pr\u00f3ximo Jubileo de 2025. Este fue aprobado el pasado 3 de enero en la audiencia que el Papa Francisco mantuvo con Mons. Rino Fisichella, presidente del <a href=\"http:\/\/www.pcpne.va\/content\/pcpne\/es.html\" target=\"_blank\" rel=\"noopener\">Consejo Pontificio para la Nueva Evangelizaci\u00f3n<\/a>.<\/p>\n<p>El propio Fisichella lo confirm\u00f3 en una entrevista con la emisora Telepace difundida por Vatican News. Seg\u00fan el prelado, los t\u00e9rminos elegidos para el lema de este A\u00f1o Santo hacen referencia a un tema clave del pontificado de Francisco, ya que el propio Pont\u00edfice se define como \u201cperegrino\u201d en sus viajes.<\/p>\n<h2><strong>Preparativos<\/strong><\/h2>\n<p>El <a href=\"https:\/\/exaudi.org\/es\/el-papa-francisco-convoca-ano-santo-para-2025\/\" target=\"_blank\" rel=\"noopener\">26 de diciembre de 2021<\/a> la Santa Sede inform\u00f3 que Su Santidad confi\u00f3 al Consejo Pontificio para la Promoci\u00f3n de la Nueva Evangelizaci\u00f3n la coordinaci\u00f3n de la preparaci\u00f3n del A\u00f1o Santo 2025. Con respecto a la organizaci\u00f3n del mismo, Mons. Fisichella apunta que en estos dos a\u00f1os \u201chay muchos trabajos que realizar\u201d. Asimismo, destaca que es necesario tener un \u201cs\u00f3lido impacto preparatorio\u201d y crear una m\u00e1quina organizativa eficiente.<\/p>\n<p>\u201cPara activarlo completamente, estoy esperando nuevas indicaciones del Papa\u201d, aclar\u00f3, aunque los trabajos ya han comenzado. Una de las prioridades es la acogida de peregrinos y fieles, pues se espera que muchos est\u00e9n en Roma durante el A\u00f1o Santo. Del mismo modo, se espera que en los pr\u00f3ximos dos a\u00f1os la pandemia de coronavirus no influya en el desarrollo de las actividades.<\/p>\n<p>Finalmente, el presidente del Consejo Pontificio confirm\u00f3 que \u201clos contactos con el Ayuntamiento de Roma, la Regi\u00f3n del Lacio y el Gobierno italiano est\u00e1n en curso, para que todo se desarrolle con total seguridad y de acuerdo con la capacidad de acogida que la ciudad siempre ha garantizado\u201d.<\/p>\n<h2><strong>Exposici\u00f3n \u201c100 pesebres en el Vaticano\u201d<\/strong><\/h2>\n<p>De acuerdo al medio vaticano, Mons. Fisichella tambi\u00e9n se refiri\u00f3 en la entrevista \u00a0a los buenos resultados obtenidos por la exposici\u00f3n <a href=\"https:\/\/exaudi.org\/es\/iv-edicion-de-100-pesebres-en-el-vaticano\/\" target=\"_blank\" rel=\"noopener\">\u201c100 pesebres en el Vaticano\u201d<\/a>, que tuvo lugar en Navidad en la plaza de San Pedro, hasta el 9 de enero.<\/p>\n<p>Seg\u00fan el prelado, se trat\u00f3 de \u201cuna gran obra de evangelizaci\u00f3n\u201d, algo confirmado por el n\u00famero de admisiones certificadas: 190.416 admisiones en total. Esta es una participaci\u00f3n muy elevada que confirma la atenci\u00f3n de la gente a ese \u201csigno admirable\u201d, tal como lo llam\u00f3 el Papa Francisco en su carta apost\u00f3lica de 2019.<\/p>\n<p>Asimismo, el prelado describe que muchos ni\u00f1os, j\u00f3venes y familias admiraron las obras expuestas, y, confirmando que el pesebre inaugurado por san Francisco en Greccio en 1223 sigue siendo una costumbre viva que representa nuestros or\u00edgenes, nuestra identidad y nuestra cultura. Una riqueza de tradiciones a la que no podemos renunciar.<\/p>\n","protected":false},"excerpt":{"rendered":"<p>Seg\u00fan Mons. Fisichella, presidente del Consejo Pontificio para la Nueva Evangelizaci\u00f3n<\/p>\n","protected":false},"author":5,"featured_media":49107,"comment_status":"closed","ping_status":"closed","sticky":false,"template":"","format":"standard","meta":{"_acf_changed":false,"_crdt_document":"","inline_featured_image":false,"footnotes":""},"categories":[132],"tags":[5544,4229,158,4953],"class_list":["post-49103","post","type-post","status-publish","format-standard","has-post-thumbnail","hentry","category-vaticano-es","tag-consejo-pontificio-para-la-nueva-evangelizacion","tag-monsenor-rino-fisichella","tag-papa-francisco","tag-trending-es"],"acf":[],"yoast_head":"<!-- This site is optimized with the Yoast SEO plugin v27.5 - https:\/\/yoast.com\/product\/yoast-seo-wordpress\/ -->\n<title>\u201cPeregrinos de esperanza\u201d, lema del pr\u00f3ximo Jubileo de 2025 &#8211; Exaudi<\/title>\n<meta name=\"description\" content=\"\u201cPeregrinos de esperanza\u201d es el lema del pr\u00f3ximo Jubileo de 2025, aprobado el 3 de enero en la audiencia del Papa con Mons. Rino Fisichella,\" \/>\n<meta name=\"robots\" content=\"index, follow, max-snippet:-1, max-image-preview:large, max-video-preview:-1\" \/>\n<link rel=\"canonical\" href=\"https:\/\/exaudi.org\/es\/peregrinos-de-esperanza-es-el-lema-del-proximo-jubileo-de-2025\/\" \/>\n<meta property=\"og:locale\" content=\"es_ES\" \/>\n<meta property=\"og:type\" content=\"article\" \/>\n<meta property=\"og:title\" content=\"\u201cPeregrinos de esperanza\u201d, lema del pr\u00f3ximo Jubileo de 2025 &#8211; Exaudi\" \/>\n<meta property=\"og:description\" content=\"\u201cPeregrinos de esperanza\u201d es el lema del pr\u00f3ximo Jubileo de 2025, aprobado el 3 de enero en la audiencia del Papa con Mons. Rino Fisichella,\" \/>\n<meta property=\"og:url\" content=\"https:\/\/exaudi.org\/es\/peregrinos-de-esperanza-es-el-lema-del-proximo-jubileo-de-2025\/\" \/>\n<meta property=\"og:site_name\" content=\"Exaudi\" \/>\n<meta property=\"article:publisher\" content=\"https:\/\/www.facebook.com\/ExaudiNews\" \/>\n<meta property=\"article:published_time\" content=\"2022-01-14T12:19:29+00:00\" \/>\n<meta property=\"article:modified_time\" content=\"2022-01-14T21:43:23+00:00\" \/>\n<meta property=\"og:image\" content=\"https:\/\/exaudi.org\/wp-content\/uploads\/2022\/01\/El-Papa-Franciso-abre-la-Puerta-Santa-de-la-catedral-de-Banghi.jpeg\" \/>\n\t<meta property=\"og:image:width\" content=\"1500\" \/>\n\t<meta property=\"og:image:height\" content=\"844\" \/>\n\t<meta property=\"og:image:type\" content=\"image\/jpeg\" \/>\n<meta name=\"author\" content=\"Larissa I. L\u00f3pez\" \/>\n<meta name=\"twitter:card\" content=\"summary_large_image\" \/>\n<meta name=\"twitter:creator\" content=\"@Exaudi_News\" \/>\n<meta name=\"twitter:site\" content=\"@Exaudi_News\" \/>\n<meta name=\"twitter:label1\" content=\"Escrito por\" \/>\n\t<meta name=\"twitter:data1\" content=\"Larissa I. L\u00f3pez\" \/>\n\t<meta name=\"twitter:label2\" content=\"Tiempo de lectura\" \/>\n\t<meta name=\"twitter:data2\" content=\"2 minutos\" \/>\n<script type=\"application\/ld+json\" class=\"yoast-schema-graph\">{\"@context\":\"https:\\\/\\\/schema.org\",\"@graph\":[{\"@type\":\"Article\",\"@id\":\"https:\\\/\\\/exaudi.org\\\/es\\\/peregrinos-de-esperanza-es-el-lema-del-proximo-jubileo-de-2025\\\/#article\",\"isPartOf\":{\"@id\":\"https:\\\/\\\/exaudi.org\\\/es\\\/peregrinos-de-esperanza-es-el-lema-del-proximo-jubileo-de-2025\\\/\"},\"author\":{\"name\":\"Larissa I. L\u00f3pez\",\"@id\":\"https:\\\/\\\/exaudi.org\\\/#\\\/schema\\\/person\\\/7d2f77db033c2c0929edfab6dbe8c588\"},\"headline\":\"\u201cPeregrinos de esperanza\u201d, lema del pr\u00f3ximo Jubileo de 2025\",\"datePublished\":\"2022-01-14T12:19:29+00:00\",\"dateModified\":\"2022-01-14T21:43:23+00:00\",\"mainEntityOfPage\":{\"@id\":\"https:\\\/\\\/exaudi.org\\\/es\\\/peregrinos-de-esperanza-es-el-lema-del-proximo-jubileo-de-2025\\\/\"},\"wordCount\":453,\"image\":{\"@id\":\"https:\\\/\\\/exaudi.org\\\/es\\\/peregrinos-de-esperanza-es-el-lema-del-proximo-jubileo-de-2025\\\/#primaryimage\"},\"thumbnailUrl\":\"https:\\\/\\\/exaudi.org\\\/wp-content\\\/uploads\\\/2022\\\/01\\\/El-Papa-Franciso-abre-la-Puerta-Santa-de-la-catedral-de-Banghi.jpeg\",\"keywords\":[\"Consejo Pontificio para la Nueva Evangelizaci\u00f3n\",\"Monse\u00f1or Rino Fisichella\",\"papa francisco\",\"Trending\"],\"articleSection\":[\"Vaticano\"],\"inLanguage\":\"es\"},{\"@type\":\"WebPage\",\"@id\":\"https:\\\/\\\/exaudi.org\\\/es\\\/peregrinos-de-esperanza-es-el-lema-del-proximo-jubileo-de-2025\\\/\",\"url\":\"https:\\\/\\\/exaudi.org\\\/es\\\/peregrinos-de-esperanza-es-el-lema-del-proximo-jubileo-de-2025\\\/\",\"name\":\"\u201cPeregrinos de esperanza\u201d, lema del pr\u00f3ximo Jubileo de 2025 &#8211; Exaudi\",\"isPartOf\":{\"@id\":\"https:\\\/\\\/exaudi.org\\\/#website\"},\"primaryImageOfPage\":{\"@id\":\"https:\\\/\\\/exaudi.org\\\/es\\\/peregrinos-de-esperanza-es-el-lema-del-proximo-jubileo-de-2025\\\/#primaryimage\"},\"image\":{\"@id\":\"https:\\\/\\\/exaudi.org\\\/es\\\/peregrinos-de-esperanza-es-el-lema-del-proximo-jubileo-de-2025\\\/#primaryimage\"},\"thumbnailUrl\":\"https:\\\/\\\/exaudi.org\\\/wp-content\\\/uploads\\\/2022\\\/01\\\/El-Papa-Franciso-abre-la-Puerta-Santa-de-la-catedral-de-Banghi.jpeg\",\"datePublished\":\"2022-01-14T12:19:29+00:00\",\"dateModified\":\"2022-01-14T21:43:23+00:00\",\"author\":{\"@id\":\"https:\\\/\\\/exaudi.org\\\/#\\\/schema\\\/person\\\/7d2f77db033c2c0929edfab6dbe8c588\"},\"description\":\"\u201cPeregrinos de esperanza\u201d es el lema del pr\u00f3ximo Jubileo de 2025, aprobado el 3 de enero en la audiencia del Papa con Mons. Rino Fisichella,\",\"breadcrumb\":{\"@id\":\"https:\\\/\\\/exaudi.org\\\/es\\\/peregrinos-de-esperanza-es-el-lema-del-proximo-jubileo-de-2025\\\/#breadcrumb\"},\"inLanguage\":\"es\",\"potentialAction\":[{\"@type\":\"ReadAction\",\"target\":[\"https:\\\/\\\/exaudi.org\\\/es\\\/peregrinos-de-esperanza-es-el-lema-del-proximo-jubileo-de-2025\\\/\"]}]},{\"@type\":\"ImageObject\",\"inLanguage\":\"es\",\"@id\":\"https:\\\/\\\/exaudi.org\\\/es\\\/peregrinos-de-esperanza-es-el-lema-del-proximo-jubileo-de-2025\\\/#primaryimage\",\"url\":\"https:\\\/\\\/exaudi.org\\\/wp-content\\\/uploads\\\/2022\\\/01\\\/El-Papa-Franciso-abre-la-Puerta-Santa-de-la-catedral-de-Banghi.jpeg\",\"contentUrl\":\"https:\\\/\\\/exaudi.org\\\/wp-content\\\/uploads\\\/2022\\\/01\\\/El-Papa-Franciso-abre-la-Puerta-Santa-de-la-catedral-de-Banghi.jpeg\",\"width\":1500,\"height\":844,\"caption\":\"El Papa Franciso abre la Puerta Santa de la catedral de Banghi \u00a9 Vatican Media\"},{\"@type\":\"BreadcrumbList\",\"@id\":\"https:\\\/\\\/exaudi.org\\\/es\\\/peregrinos-de-esperanza-es-el-lema-del-proximo-jubileo-de-2025\\\/#breadcrumb\",\"itemListElement\":[{\"@type\":\"ListItem\",\"position\":1,\"name\":\"Portada\",\"item\":\"https:\\\/\\\/exaudi.org\\\/es\\\/\"},{\"@type\":\"ListItem\",\"position\":2,\"name\":\"\u201cPeregrinos de esperanza\u201d, lema del pr\u00f3ximo Jubileo de 2025\"}]},{\"@type\":\"WebSite\",\"@id\":\"https:\\\/\\\/exaudi.org\\\/#website\",\"url\":\"https:\\\/\\\/exaudi.org\\\/\",\"name\":\"Exaudi\",\"description\":\"News\",\"potentialAction\":[{\"@type\":\"SearchAction\",\"target\":{\"@type\":\"EntryPoint\",\"urlTemplate\":\"https:\\\/\\\/exaudi.org\\\/?s={search_term_string}\"},\"query-input\":{\"@type\":\"PropertyValueSpecification\",\"valueRequired\":true,\"valueName\":\"search_term_string\"}}],\"inLanguage\":\"es\"},{\"@type\":\"Person\",\"@id\":\"https:\\\/\\\/exaudi.org\\\/#\\\/schema\\\/person\\\/7d2f77db033c2c0929edfab6dbe8c588\",\"name\":\"Larissa I. L\u00f3pez\",\"image\":{\"@type\":\"ImageObject\",\"inLanguage\":\"es\",\"@id\":\"https:\\\/\\\/secure.gravatar.com\\\/avatar\\\/db3ef399ff343d0bb9d25dc5198bc8ece5ac6d621eca79876697a354dabc1e3f?s=96&d=mm&r=g\",\"url\":\"https:\\\/\\\/secure.gravatar.com\\\/avatar\\\/db3ef399ff343d0bb9d25dc5198bc8ece5ac6d621eca79876697a354dabc1e3f?s=96&d=mm&r=g\",\"contentUrl\":\"https:\\\/\\\/secure.gravatar.com\\\/avatar\\\/db3ef399ff343d0bb9d25dc5198bc8ece5ac6d621eca79876697a354dabc1e3f?s=96&d=mm&r=g\",\"caption\":\"Larissa I. L\u00f3pez\"},\"description\":\"Doctora en Comunicaci\u00f3n. Mi trayectoria profesional ha transcurrido entre el \u00e1mbito de la comunicaci\u00f3n y el de la docencia. En los \u00faltimos a\u00f1os, he trabajado como coordinadora y redactora de la edici\u00f3n de ZENIT en espa\u00f1ol. Como profesora, he impartido clases en la universidad y en centros de FP y bachillerato. Cordobesa de nacimiento, tambi\u00e9n he vivido en Sevilla, Madrid y Roma\",\"url\":\"https:\\\/\\\/exaudi.org\\\/es\\\/author\\\/llopezexaudi-org\\\/\"}]}<\/script>\n<!-- \/ Yoast SEO plugin. -->","yoast_head_json":{"title":"\u201cPeregrinos de esperanza\u201d, lema del pr\u00f3ximo Jubileo de 2025 &#8211; Exaudi","description":"\u201cPeregrinos de esperanza\u201d es el lema del pr\u00f3ximo Jubileo de 2025, aprobado el 3 de enero en la audiencia del Papa con Mons. Rino Fisichella,","robots":{"index":"index","follow":"follow","max-snippet":"max-snippet:-1","max-image-preview":"max-image-preview:large","max-video-preview":"max-video-preview:-1"},"canonical":"https:\/\/exaudi.org\/es\/peregrinos-de-esperanza-es-el-lema-del-proximo-jubileo-de-2025\/","og_locale":"es_ES","og_type":"article","og_title":"\u201cPeregrinos de esperanza\u201d, lema del pr\u00f3ximo Jubileo de 2025 &#8211; Exaudi","og_description":"\u201cPeregrinos de esperanza\u201d es el lema del pr\u00f3ximo Jubileo de 2025, aprobado el 3 de enero en la audiencia del Papa con Mons. Rino Fisichella,","og_url":"https:\/\/exaudi.org\/es\/peregrinos-de-esperanza-es-el-lema-del-proximo-jubileo-de-2025\/","og_site_name":"Exaudi","article_publisher":"https:\/\/www.facebook.com\/ExaudiNews","article_published_time":"2022-01-14T12:19:29+00:00","article_modified_time":"2022-01-14T21:43:23+00:00","og_image":[{"width":1500,"height":844,"url":"https:\/\/exaudi.org\/wp-content\/uploads\/2022\/01\/El-Papa-Franciso-abre-la-Puerta-Santa-de-la-catedral-de-Banghi.jpeg","type":"image\/jpeg"}],"author":"Larissa I. L\u00f3pez","twitter_card":"summary_large_image","twitter_creator":"@Exaudi_News","twitter_site":"@Exaudi_News","twitter_misc":{"Escrito por":"Larissa I. L\u00f3pez","Tiempo de lectura":"2 minutos"},"schema":{"@context":"https:\/\/schema.org","@graph":[{"@type":"Article","@id":"https:\/\/exaudi.org\/es\/peregrinos-de-esperanza-es-el-lema-del-proximo-jubileo-de-2025\/#article","isPartOf":{"@id":"https:\/\/exaudi.org\/es\/peregrinos-de-esperanza-es-el-lema-del-proximo-jubileo-de-2025\/"},"author":{"name":"Larissa I. L\u00f3pez","@id":"https:\/\/exaudi.org\/#\/schema\/person\/7d2f77db033c2c0929edfab6dbe8c588"},"headline":"\u201cPeregrinos de esperanza\u201d, lema del pr\u00f3ximo Jubileo de 2025","datePublished":"2022-01-14T12:19:29+00:00","dateModified":"2022-01-14T21:43:23+00:00","mainEntityOfPage":{"@id":"https:\/\/exaudi.org\/es\/peregrinos-de-esperanza-es-el-lema-del-proximo-jubileo-de-2025\/"},"wordCount":453,"image":{"@id":"https:\/\/exaudi.org\/es\/peregrinos-de-esperanza-es-el-lema-del-proximo-jubileo-de-2025\/#primaryimage"},"thumbnailUrl":"https:\/\/exaudi.org\/wp-content\/uploads\/2022\/01\/El-Papa-Franciso-abre-la-Puerta-Santa-de-la-catedral-de-Banghi.jpeg","keywords":["Consejo Pontificio para la Nueva Evangelizaci\u00f3n","Monse\u00f1or Rino Fisichella","papa francisco","Trending"],"articleSection":["Vaticano"],"inLanguage":"es"},{"@type":"WebPage","@id":"https:\/\/exaudi.org\/es\/peregrinos-de-esperanza-es-el-lema-del-proximo-jubileo-de-2025\/","url":"https:\/\/exaudi.org\/es\/peregrinos-de-esperanza-es-el-lema-del-proximo-jubileo-de-2025\/","name":"\u201cPeregrinos de esperanza\u201d, lema del pr\u00f3ximo Jubileo de 2025 &#8211; Exaudi","isPartOf":{"@id":"https:\/\/exaudi.org\/#website"},"primaryImageOfPage":{"@id":"https:\/\/exaudi.org\/es\/peregrinos-de-esperanza-es-el-lema-del-proximo-jubileo-de-2025\/#primaryimage"},"image":{"@id":"https:\/\/exaudi.org\/es\/peregrinos-de-esperanza-es-el-lema-del-proximo-jubileo-de-2025\/#primaryimage"},"thumbnailUrl":"https:\/\/exaudi.org\/wp-content\/uploads\/2022\/01\/El-Papa-Franciso-abre-la-Puerta-Santa-de-la-catedral-de-Banghi.jpeg","datePublished":"2022-01-14T12:19:29+00:00","dateModified":"2022-01-14T21:43:23+00:00","author":{"@id":"https:\/\/exaudi.org\/#\/schema\/person\/7d2f77db033c2c0929edfab6dbe8c588"},"description":"\u201cPeregrinos de esperanza\u201d es el lema del pr\u00f3ximo Jubileo de 2025, aprobado el 3 de enero en la audiencia del Papa con Mons. Rino Fisichella,","breadcrumb":{"@id":"https:\/\/exaudi.org\/es\/peregrinos-de-esperanza-es-el-lema-del-proximo-jubileo-de-2025\/#breadcrumb"},"inLanguage":"es","potentialAction":[{"@type":"ReadAction","target":["https:\/\/exaudi.org\/es\/peregrinos-de-esperanza-es-el-lema-del-proximo-jubileo-de-2025\/"]}]},{"@type":"ImageObject","inLanguage":"es","@id":"https:\/\/exaudi.org\/es\/peregrinos-de-esperanza-es-el-lema-del-proximo-jubileo-de-2025\/#primaryimage","url":"https:\/\/exaudi.org\/wp-content\/uploads\/2022\/01\/El-Papa-Franciso-abre-la-Puerta-Santa-de-la-catedral-de-Banghi.jpeg","contentUrl":"https:\/\/exaudi.org\/wp-content\/uploads\/2022\/01\/El-Papa-Franciso-abre-la-Puerta-Santa-de-la-catedral-de-Banghi.jpeg","width":1500,"height":844,"caption":"El Papa Franciso abre la Puerta Santa de la catedral de Banghi \u00a9 Vatican Media"},{"@type":"BreadcrumbList","@id":"https:\/\/exaudi.org\/es\/peregrinos-de-esperanza-es-el-lema-del-proximo-jubileo-de-2025\/#breadcrumb","itemListElement":[{"@type":"ListItem","position":1,"name":"Portada","item":"https:\/\/exaudi.org\/es\/"},{"@type":"ListItem","position":2,"name":"\u201cPeregrinos de esperanza\u201d, lema del pr\u00f3ximo Jubileo de 2025"}]},{"@type":"WebSite","@id":"https:\/\/exaudi.org\/#website","url":"https:\/\/exaudi.org\/","name":"Exaudi","description":"News","potentialAction":[{"@type":"SearchAction","target":{"@type":"EntryPoint","urlTemplate":"https:\/\/exaudi.org\/?s={search_term_string}"},"query-input":{"@type":"PropertyValueSpecification","valueRequired":true,"valueName":"search_term_string"}}],"inLanguage":"es"},{"@type":"Person","@id":"https:\/\/exaudi.org\/#\/schema\/person\/7d2f77db033c2c0929edfab6dbe8c588","name":"Larissa I. L\u00f3pez","image":{"@type":"ImageObject","inLanguage":"es","@id":"https:\/\/secure.gravatar.com\/avatar\/db3ef399ff343d0bb9d25dc5198bc8ece5ac6d621eca79876697a354dabc1e3f?s=96&d=mm&r=g","url":"https:\/\/secure.gravatar.com\/avatar\/db3ef399ff343d0bb9d25dc5198bc8ece5ac6d621eca79876697a354dabc1e3f?s=96&d=mm&r=g","contentUrl":"https:\/\/secure.gravatar.com\/avatar\/db3ef399ff343d0bb9d25dc5198bc8ece5ac6d621eca79876697a354dabc1e3f?s=96&d=mm&r=g","caption":"Larissa I. L\u00f3pez"},"description":"Doctora en Comunicaci\u00f3n. Mi trayectoria profesional ha transcurrido entre el \u00e1mbito de la comunicaci\u00f3n y el de la docencia. En los \u00faltimos a\u00f1os, he trabajado como coordinadora y redactora de la edici\u00f3n de ZENIT en espa\u00f1ol. Como profesora, he impartido clases en la universidad y en centros de FP y bachillerato. Cordobesa de nacimiento, tambi\u00e9n he vivido en Sevilla, Madrid y Roma","url":"https:\/\/exaudi.org\/es\/author\/llopezexaudi-org\/"}]}},"jetpack_featured_media_url":"https:\/\/exaudi.org\/wp-content\/uploads\/2022\/01\/El-Papa-Franciso-abre-la-Puerta-Santa-de-la-catedral-de-Banghi.jpeg","jetpack_shortlink":"https:\/\/wp.me\/pgKjF2-cLZ","_links":{"self":[{"href":"https:\/\/exaudi.org\/es\/wp-json\/wp\/v2\/posts\/49103","targetHints":{"allow":["GET"]}}],"collection":[{"href":"https:\/\/exaudi.org\/es\/wp-json\/wp\/v2\/posts"}],"about":[{"href":"https:\/\/exaudi.org\/es\/wp-json\/wp\/v2\/types\/post"}],"author":[{"embeddable":true,"href":"https:\/\/exaudi.org\/es\/wp-json\/wp\/v2\/users\/5"}],"replies":[{"embeddable":true,"href":"https:\/\/exaudi.org\/es\/wp-json\/wp\/v2\/comments?post=49103"}],"version-history":[{"count":0,"href":"https:\/\/exaudi.org\/es\/wp-json\/wp\/v2\/posts\/49103\/revisions"}],"wp:featuredmedia":[{"embeddable":true,"href":"https:\/\/exaudi.org\/es\/wp-json\/wp\/v2\/media\/49107"}],"wp:attachment":[{"href":"https:\/\/exaudi.org\/es\/wp-json\/wp\/v2\/media?parent=49103"}],"wp:term":[{"taxonomy":"category","embeddable":true,"href":"https:\/\/exaudi.org\/es\/wp-json\/wp\/v2\/categories?post=49103"},{"taxonomy":"post_tag","embeddable":true,"href":"https:\/\/exaudi.org\/es\/wp-json\/wp\/v2\/tags?post=49103"}],"curies":[{"name":"wp","href":"https:\/\/api.w.org\/{rel}","templated":true}]}}