{"id":49085,"date":"2022-01-14T11:46:06","date_gmt":"2022-01-14T10:46:06","guid":{"rendered":"https:\/\/exaudi.org\/?p=49085"},"modified":"2022-01-14T11:51:21","modified_gmt":"2022-01-14T10:51:21","slug":"voluntariado-pastoral-penitenciaria-obra-misericordia","status":"publish","type":"post","link":"https:\/\/exaudi.org\/es\/voluntariado-pastoral-penitenciaria-obra-misericordia\/","title":{"rendered":"Voluntariado en Pastoral Penitenciaria, \u201cobra de misericordia\u201d"},"content":{"rendered":"<p>A trav\u00e9s del voluntariado en la Pastoral Penitenciaria \u201cayudamos a los internos, pero ellos nos ayudan a nosotros, porque es una actividad de escucha y acompa\u00f1amiento, que nos ayuda a ser m\u00e1s emp\u00e1ticos con las personas que sufren y es tambi\u00e9n una obra de misericordia. &#8216;Estuve en la c\u00e1rcel y vinisteis a verme&#8217;\u201d.<\/p>\n<p>Estas son palabras de Salvador y Piedad matrimonio voluntario de la Pastoral Penitenciaria del Centro penitenciario de Alboc\u00e0sser, Castell\u00f3n, Espa\u00f1a, publicado en en el n\u00ba 3 \u00a0de su bolet\u00edn informativo que precisamente se llama VINISTEIS.<\/p>\n<p>Tal y como explican en la <a href=\"https:\/\/www.pastoralpenitenciariacastellon.es\/\" target=\"_blank\" rel=\"noopener\">web de Pastoral Penitenciaria<\/a> de la di\u00f3cesis de Castell\u00f3n esta actividad constituye \u201cla acci\u00f3n evangelizadora de la Iglesia dirigida a las personas que viven encarceladas o relacionadas con el mundo penitenciario. Es la presencia de la Iglesia que asume la opci\u00f3n preferencial por los pobres, reconociendo en los destinatarios de la Pastoral Penitenciaria a Cristo que sufre; y hace suyos los sufrimientos de estos hermanos\u201d.<\/p>\n<p>***<\/p>\n<p>Somos Salvador y Piedad, un matrimonio voluntario de la Pastoral Penitenciaria que residimos en Benicarl\u00f3, tenemos dos hijos, estamos jubilados, por edad Salvador y Piedad por enfermedad. Nuestras profesiones eran comercial de veh\u00edculos Salvador y Piedad oficial de la Administraci\u00f3n de Justicia. Siempre hab\u00edamos colaborado con distintas asociaciones, pero no juntos como actualmente, que gracias a que Piedad tiene movilidad reducida, colaboramos en el programa UNE-t en la pastoral penitenciaria.<\/p>\n<p><strong>Ten\u00e9is una amplia experiencia como voluntarios en el mundo penitenciario \u00bfpod\u00e9is resumirla?<\/strong><\/p>\n<p>Desde hace seis a\u00f1os estamos colaborando juntos como voluntarios del programa UNE-t en el Centro Penitenciario de Alboc\u00e0sser, pero con anterioridad, Salvador fue muchos a\u00f1os al Centro Penitenciario de Castell\u00f3n a acompa\u00f1ar a internos y Piedad antes de la enfermedad que padece, entraba, junto con otros voluntarios, en el Centro Penitenciario de Alboc\u00e0sser colaborando en el programa Rac\u00f3 de la Pau, que consist\u00eda en mantener una reuni\u00f3n quincenal con varios internos, dentro del Centro, comenzando la reuni\u00f3n con un texto de la Palabra y dando lugar a profundizar sobre una parte del Evangelio y los problemas cotidianos, escuchando sus opiniones. Tambi\u00e9n Piedad durante muchos a\u00f1os, acercaba al Centro quincenalmente en su veh\u00edculo, a familiares que ten\u00edan comunicaci\u00f3n con alg\u00fan interno y as\u00ed tambi\u00e9n pod\u00edan desahogarse de la situaci\u00f3n que viv\u00edan.<\/p>\n<p><strong>En la Pastoral Penitenciaria, est\u00e1is comprometidos con el programa UNE-t, \u00bfpod\u00e9is explicar en qu\u00e9 consiste?<\/strong><\/p>\n<p>El programa UNE-t consiste en tener una comunicaci\u00f3n mensual por cristales, de una duraci\u00f3n de 45 minutos, con un interno del Centro que nos es asignado por el Capell\u00e1n del Centro, Mn. Jordi Mas.<\/p>\n<p><strong>\u00bfComo est\u00e1is ayudando a reconstruir la vida del interno que ten\u00e9is asignado?<\/strong><\/p>\n<p>Hasta marzo de este a\u00f1o 2021 y desde hace unos cuatro a\u00f1os, acompa\u00f1\u00e1bamos a un interno que sali\u00f3 en libertad ese mes. Al principio estaba muy depresivo, muy disgustado por el da\u00f1o que hab\u00eda hecho a su familia y no se perdonaba, poco a poco y hablando con \u00e9l fue trabajando su actitud, se puso en contacto con su familia y con la ayuda del capell\u00e1n, de asistir a la eucarist\u00eda, con nuestras conversaciones y que le cambiaron de m\u00f3dulo, mejor\u00f3 su estado de \u00e1nimo y siempre dec\u00eda que gracias a la Palabra de Jesucristo hab\u00eda cambiado y hab\u00eda conocido el mejor camino, que ahora viv\u00eda en paz, consigo mismo y con la sociedad.<\/p>\n<p>Desde entonces no hemos ido al Centro por no encontrarse bien Salvador, esperemos que pronto vaya mejorando de su dolencia.<\/p>\n<p><strong>\u00bfQu\u00e9 le dir\u00edais a alguna persona que se est\u00e9 planteando participar en este voluntariado?<\/strong><\/p>\n<p>Que no tenga dudas, que es un voluntariado que ayudamos a los internos, pero ellos nos ayudan a nosotros, porque es una actividad de escucha y acompa\u00f1amiento, que nos ayuda a ser m\u00e1s emp\u00e1ticos con las personas que sufren y es tambi\u00e9n una obra de misericordia \u201cEstuve en la c\u00e1rcel y vinisteis a verme\u201d.<\/p>\n","protected":false},"excerpt":{"rendered":"<p>Testimonio de Salvador y Piedad, matrimonio voluntario en el centro penitenciario de Alboc\u00e0sser<\/p>\n","protected":false},"author":15,"featured_media":49086,"comment_status":"closed","ping_status":"closed","sticky":false,"template":"","format":"standard","meta":{"_acf_changed":false,"_crdt_document":"","inline_featured_image":false,"footnotes":""},"categories":[98],"tags":[3592,5543,4953],"class_list":["post-49085","post","type-post","status-publish","format-standard","has-post-thumbnail","hentry","category-testimonios","tag-misericordia-es","tag-pastoral-penitenciaria","tag-trending-es"],"acf":[],"yoast_head":"<!-- This site is optimized with the Yoast SEO plugin v27.4 - https:\/\/yoast.com\/product\/yoast-seo-wordpress\/ -->\n<title>Voluntariado en Pastoral Penitenciaria, \u201cobra de misericordia\u201d &#8211; Exaudi<\/title>\n<meta name=\"description\" content=\"El voluntariado en la Pastoral Penitenciaria, obra de misericordia: Testimonio de Piedad y Salvador, matrimonio voluntario\" \/>\n<meta name=\"robots\" content=\"index, follow, max-snippet:-1, max-image-preview:large, max-video-preview:-1\" \/>\n<link rel=\"canonical\" href=\"https:\/\/exaudi.org\/es\/voluntariado-pastoral-penitenciaria-obra-misericordia\/\" \/>\n<meta property=\"og:locale\" content=\"es_ES\" \/>\n<meta property=\"og:type\" content=\"article\" \/>\n<meta property=\"og:title\" content=\"Voluntariado en Pastoral Penitenciaria, \u201cobra de misericordia\u201d &#8211; Exaudi\" \/>\n<meta property=\"og:description\" content=\"El voluntariado en la Pastoral Penitenciaria, obra de misericordia: Testimonio de Piedad y Salvador, matrimonio voluntario\" \/>\n<meta property=\"og:url\" content=\"https:\/\/exaudi.org\/es\/voluntariado-pastoral-penitenciaria-obra-misericordia\/\" \/>\n<meta property=\"og:site_name\" content=\"Exaudi\" \/>\n<meta property=\"article:publisher\" content=\"https:\/\/www.facebook.com\/ExaudiNews\" \/>\n<meta property=\"article:author\" content=\"https:\/\/www.facebook.com\/ExaudiNoticias\/\" \/>\n<meta property=\"article:published_time\" content=\"2022-01-14T10:46:06+00:00\" \/>\n<meta property=\"article:modified_time\" content=\"2022-01-14T10:51:21+00:00\" \/>\n<meta property=\"og:image\" content=\"https:\/\/exaudi.org\/wp-content\/uploads\/2022\/01\/IMG-20170910-WA0026.jpg\" \/>\n\t<meta property=\"og:image:width\" content=\"861\" \/>\n\t<meta property=\"og:image:height\" content=\"1024\" \/>\n\t<meta property=\"og:image:type\" content=\"image\/jpeg\" \/>\n<meta name=\"author\" content=\"Exaudi Redacci\u00f3n\" \/>\n<meta name=\"twitter:card\" content=\"summary_large_image\" \/>\n<meta name=\"twitter:creator\" content=\"@Exaudi_noticias\" \/>\n<meta name=\"twitter:site\" content=\"@Exaudi_News\" \/>\n<meta name=\"twitter:label1\" content=\"Escrito por\" \/>\n\t<meta name=\"twitter:data1\" content=\"Exaudi Redacci\u00f3n\" \/>\n\t<meta name=\"twitter:label2\" content=\"Tiempo de lectura\" \/>\n\t<meta name=\"twitter:data2\" content=\"3 minutos\" \/>\n<script type=\"application\/ld+json\" class=\"yoast-schema-graph\">{\"@context\":\"https:\\\/\\\/schema.org\",\"@graph\":[{\"@type\":\"Article\",\"@id\":\"https:\\\/\\\/exaudi.org\\\/es\\\/voluntariado-pastoral-penitenciaria-obra-misericordia\\\/#article\",\"isPartOf\":{\"@id\":\"https:\\\/\\\/exaudi.org\\\/es\\\/voluntariado-pastoral-penitenciaria-obra-misericordia\\\/\"},\"author\":{\"name\":\"Exaudi Redacci\u00f3n\",\"@id\":\"https:\\\/\\\/exaudi.org\\\/#\\\/schema\\\/person\\\/f5fc8f063065e38742da7afe15f25df7\"},\"headline\":\"Voluntariado en Pastoral Penitenciaria, \u201cobra de misericordia\u201d\",\"datePublished\":\"2022-01-14T10:46:06+00:00\",\"dateModified\":\"2022-01-14T10:51:21+00:00\",\"mainEntityOfPage\":{\"@id\":\"https:\\\/\\\/exaudi.org\\\/es\\\/voluntariado-pastoral-penitenciaria-obra-misericordia\\\/\"},\"wordCount\":701,\"image\":{\"@id\":\"https:\\\/\\\/exaudi.org\\\/es\\\/voluntariado-pastoral-penitenciaria-obra-misericordia\\\/#primaryimage\"},\"thumbnailUrl\":\"https:\\\/\\\/exaudi.org\\\/wp-content\\\/uploads\\\/2022\\\/01\\\/IMG-20170910-WA0026.jpg\",\"keywords\":[\"misericordia\",\"Pastoral Penitenciaria\",\"Trending\"],\"articleSection\":[\"Testimonios\"],\"inLanguage\":\"es\"},{\"@type\":\"WebPage\",\"@id\":\"https:\\\/\\\/exaudi.org\\\/es\\\/voluntariado-pastoral-penitenciaria-obra-misericordia\\\/\",\"url\":\"https:\\\/\\\/exaudi.org\\\/es\\\/voluntariado-pastoral-penitenciaria-obra-misericordia\\\/\",\"name\":\"Voluntariado en Pastoral Penitenciaria, \u201cobra de misericordia\u201d &#8211; Exaudi\",\"isPartOf\":{\"@id\":\"https:\\\/\\\/exaudi.org\\\/#website\"},\"primaryImageOfPage\":{\"@id\":\"https:\\\/\\\/exaudi.org\\\/es\\\/voluntariado-pastoral-penitenciaria-obra-misericordia\\\/#primaryimage\"},\"image\":{\"@id\":\"https:\\\/\\\/exaudi.org\\\/es\\\/voluntariado-pastoral-penitenciaria-obra-misericordia\\\/#primaryimage\"},\"thumbnailUrl\":\"https:\\\/\\\/exaudi.org\\\/wp-content\\\/uploads\\\/2022\\\/01\\\/IMG-20170910-WA0026.jpg\",\"datePublished\":\"2022-01-14T10:46:06+00:00\",\"dateModified\":\"2022-01-14T10:51:21+00:00\",\"author\":{\"@id\":\"https:\\\/\\\/exaudi.org\\\/#\\\/schema\\\/person\\\/f5fc8f063065e38742da7afe15f25df7\"},\"description\":\"El voluntariado en la Pastoral Penitenciaria, obra de misericordia: Testimonio de Piedad y Salvador, matrimonio voluntario\",\"breadcrumb\":{\"@id\":\"https:\\\/\\\/exaudi.org\\\/es\\\/voluntariado-pastoral-penitenciaria-obra-misericordia\\\/#breadcrumb\"},\"inLanguage\":\"es\",\"potentialAction\":[{\"@type\":\"ReadAction\",\"target\":[\"https:\\\/\\\/exaudi.org\\\/es\\\/voluntariado-pastoral-penitenciaria-obra-misericordia\\\/\"]}]},{\"@type\":\"ImageObject\",\"inLanguage\":\"es\",\"@id\":\"https:\\\/\\\/exaudi.org\\\/es\\\/voluntariado-pastoral-penitenciaria-obra-misericordia\\\/#primaryimage\",\"url\":\"https:\\\/\\\/exaudi.org\\\/wp-content\\\/uploads\\\/2022\\\/01\\\/IMG-20170910-WA0026.jpg\",\"contentUrl\":\"https:\\\/\\\/exaudi.org\\\/wp-content\\\/uploads\\\/2022\\\/01\\\/IMG-20170910-WA0026.jpg\",\"width\":861,\"height\":1024,\"caption\":\"Salvador y Piedad, voluntarios en la Pastoral Penitenciaria \u00a9 VINISTEIS\"},{\"@type\":\"BreadcrumbList\",\"@id\":\"https:\\\/\\\/exaudi.org\\\/es\\\/voluntariado-pastoral-penitenciaria-obra-misericordia\\\/#breadcrumb\",\"itemListElement\":[{\"@type\":\"ListItem\",\"position\":1,\"name\":\"Portada\",\"item\":\"https:\\\/\\\/exaudi.org\\\/es\\\/\"},{\"@type\":\"ListItem\",\"position\":2,\"name\":\"Voluntariado en Pastoral Penitenciaria, \u201cobra de misericordia\u201d\"}]},{\"@type\":\"WebSite\",\"@id\":\"https:\\\/\\\/exaudi.org\\\/#website\",\"url\":\"https:\\\/\\\/exaudi.org\\\/\",\"name\":\"Exaudi\",\"description\":\"News\",\"potentialAction\":[{\"@type\":\"SearchAction\",\"target\":{\"@type\":\"EntryPoint\",\"urlTemplate\":\"https:\\\/\\\/exaudi.org\\\/?s={search_term_string}\"},\"query-input\":{\"@type\":\"PropertyValueSpecification\",\"valueRequired\":true,\"valueName\":\"search_term_string\"}}],\"inLanguage\":\"es\"},{\"@type\":\"Person\",\"@id\":\"https:\\\/\\\/exaudi.org\\\/#\\\/schema\\\/person\\\/f5fc8f063065e38742da7afe15f25df7\",\"name\":\"Exaudi Redacci\u00f3n\",\"image\":{\"@type\":\"ImageObject\",\"inLanguage\":\"es\",\"@id\":\"https:\\\/\\\/secure.gravatar.com\\\/avatar\\\/fe0f6a059fb68d9b3e11bc5850dd4899b1c7492091a3cb6dd9b01b56ad828be2?s=96&d=mm&r=g\",\"url\":\"https:\\\/\\\/secure.gravatar.com\\\/avatar\\\/fe0f6a059fb68d9b3e11bc5850dd4899b1c7492091a3cb6dd9b01b56ad828be2?s=96&d=mm&r=g\",\"contentUrl\":\"https:\\\/\\\/secure.gravatar.com\\\/avatar\\\/fe0f6a059fb68d9b3e11bc5850dd4899b1c7492091a3cb6dd9b01b56ad828be2?s=96&d=mm&r=g\",\"caption\":\"Exaudi Redacci\u00f3n\"},\"description\":\"\u00bfQu\u00e9 es Exaudi News? Exaudi News es un medio de comunicaci\u00f3n cat\u00f3lico internacional que informa, forma y transforma, diariamente en espa\u00f1ol, ingl\u00e9s e italiano. A trav\u00e9s de noticias, art\u00edculos de an\u00e1lisis y transmisiones en directo de los eventos del Papa, Exaudi busca fortalecer la unidad de los cristianos y contribuir a la evangelizaci\u00f3n del mundo, siempre guiados por la doctrina social de la Iglesia. Trabajamos para acercar la verdad y los valores cristianos a cada rinc\u00f3n del planeta. \u00a1Ay\u00fadanos a transformar el mundo con Exaudi! En Exaudi creemos que la evangelizaci\u00f3n y la informaci\u00f3n de calidad pueden cambiar vidas. Para continuar con nuestra misi\u00f3n y expandir nuestro alcance, necesitamos tu ayuda. Adem\u00e1s, buscamos personas comprometidas que deseen unirse a nuestro equipo. Con tu apoyo, lograremos llegar a m\u00e1s personas, difundir el mensaje de Cristo y reforzar la unidad de los cristianos. \u00bfTe unes a nuestra misi\u00f3n? Para m\u00e1s informaci\u00f3n sobre c\u00f3mo colaborar, visita Exaudi.org\\\/es o cont\u00e1ctanos directamente: info@exaudi.org Exaudi: Informa, forma y transforma.\",\"sameAs\":[\"https:\\\/\\\/www.facebook.com\\\/ExaudiNoticias\\\/\",\"https:\\\/\\\/www.instagram.com\\\/exaudi_noticias\\\/\",\"https:\\\/\\\/x.com\\\/Exaudi_noticias\",\"https:\\\/\\\/www.youtube.com\\\/@exaudicatholicnews\"],\"url\":\"https:\\\/\\\/exaudi.org\\\/es\\\/author\\\/redaccionexaudi\\\/\"}]}<\/script>\n<!-- \/ Yoast SEO plugin. -->","yoast_head_json":{"title":"Voluntariado en Pastoral Penitenciaria, \u201cobra de misericordia\u201d &#8211; Exaudi","description":"El voluntariado en la Pastoral Penitenciaria, obra de misericordia: Testimonio de Piedad y Salvador, matrimonio voluntario","robots":{"index":"index","follow":"follow","max-snippet":"max-snippet:-1","max-image-preview":"max-image-preview:large","max-video-preview":"max-video-preview:-1"},"canonical":"https:\/\/exaudi.org\/es\/voluntariado-pastoral-penitenciaria-obra-misericordia\/","og_locale":"es_ES","og_type":"article","og_title":"Voluntariado en Pastoral Penitenciaria, \u201cobra de misericordia\u201d &#8211; Exaudi","og_description":"El voluntariado en la Pastoral Penitenciaria, obra de misericordia: Testimonio de Piedad y Salvador, matrimonio voluntario","og_url":"https:\/\/exaudi.org\/es\/voluntariado-pastoral-penitenciaria-obra-misericordia\/","og_site_name":"Exaudi","article_publisher":"https:\/\/www.facebook.com\/ExaudiNews","article_author":"https:\/\/www.facebook.com\/ExaudiNoticias\/","article_published_time":"2022-01-14T10:46:06+00:00","article_modified_time":"2022-01-14T10:51:21+00:00","og_image":[{"width":861,"height":1024,"url":"https:\/\/exaudi.org\/wp-content\/uploads\/2022\/01\/IMG-20170910-WA0026.jpg","type":"image\/jpeg"}],"author":"Exaudi Redacci\u00f3n","twitter_card":"summary_large_image","twitter_creator":"@Exaudi_noticias","twitter_site":"@Exaudi_News","twitter_misc":{"Escrito por":"Exaudi Redacci\u00f3n","Tiempo de lectura":"3 minutos"},"schema":{"@context":"https:\/\/schema.org","@graph":[{"@type":"Article","@id":"https:\/\/exaudi.org\/es\/voluntariado-pastoral-penitenciaria-obra-misericordia\/#article","isPartOf":{"@id":"https:\/\/exaudi.org\/es\/voluntariado-pastoral-penitenciaria-obra-misericordia\/"},"author":{"name":"Exaudi Redacci\u00f3n","@id":"https:\/\/exaudi.org\/#\/schema\/person\/f5fc8f063065e38742da7afe15f25df7"},"headline":"Voluntariado en Pastoral Penitenciaria, \u201cobra de misericordia\u201d","datePublished":"2022-01-14T10:46:06+00:00","dateModified":"2022-01-14T10:51:21+00:00","mainEntityOfPage":{"@id":"https:\/\/exaudi.org\/es\/voluntariado-pastoral-penitenciaria-obra-misericordia\/"},"wordCount":701,"image":{"@id":"https:\/\/exaudi.org\/es\/voluntariado-pastoral-penitenciaria-obra-misericordia\/#primaryimage"},"thumbnailUrl":"https:\/\/exaudi.org\/wp-content\/uploads\/2022\/01\/IMG-20170910-WA0026.jpg","keywords":["misericordia","Pastoral Penitenciaria","Trending"],"articleSection":["Testimonios"],"inLanguage":"es"},{"@type":"WebPage","@id":"https:\/\/exaudi.org\/es\/voluntariado-pastoral-penitenciaria-obra-misericordia\/","url":"https:\/\/exaudi.org\/es\/voluntariado-pastoral-penitenciaria-obra-misericordia\/","name":"Voluntariado en Pastoral Penitenciaria, \u201cobra de misericordia\u201d &#8211; Exaudi","isPartOf":{"@id":"https:\/\/exaudi.org\/#website"},"primaryImageOfPage":{"@id":"https:\/\/exaudi.org\/es\/voluntariado-pastoral-penitenciaria-obra-misericordia\/#primaryimage"},"image":{"@id":"https:\/\/exaudi.org\/es\/voluntariado-pastoral-penitenciaria-obra-misericordia\/#primaryimage"},"thumbnailUrl":"https:\/\/exaudi.org\/wp-content\/uploads\/2022\/01\/IMG-20170910-WA0026.jpg","datePublished":"2022-01-14T10:46:06+00:00","dateModified":"2022-01-14T10:51:21+00:00","author":{"@id":"https:\/\/exaudi.org\/#\/schema\/person\/f5fc8f063065e38742da7afe15f25df7"},"description":"El voluntariado en la Pastoral Penitenciaria, obra de misericordia: Testimonio de Piedad y Salvador, matrimonio voluntario","breadcrumb":{"@id":"https:\/\/exaudi.org\/es\/voluntariado-pastoral-penitenciaria-obra-misericordia\/#breadcrumb"},"inLanguage":"es","potentialAction":[{"@type":"ReadAction","target":["https:\/\/exaudi.org\/es\/voluntariado-pastoral-penitenciaria-obra-misericordia\/"]}]},{"@type":"ImageObject","inLanguage":"es","@id":"https:\/\/exaudi.org\/es\/voluntariado-pastoral-penitenciaria-obra-misericordia\/#primaryimage","url":"https:\/\/exaudi.org\/wp-content\/uploads\/2022\/01\/IMG-20170910-WA0026.jpg","contentUrl":"https:\/\/exaudi.org\/wp-content\/uploads\/2022\/01\/IMG-20170910-WA0026.jpg","width":861,"height":1024,"caption":"Salvador y Piedad, voluntarios en la Pastoral Penitenciaria \u00a9 VINISTEIS"},{"@type":"BreadcrumbList","@id":"https:\/\/exaudi.org\/es\/voluntariado-pastoral-penitenciaria-obra-misericordia\/#breadcrumb","itemListElement":[{"@type":"ListItem","position":1,"name":"Portada","item":"https:\/\/exaudi.org\/es\/"},{"@type":"ListItem","position":2,"name":"Voluntariado en Pastoral Penitenciaria, \u201cobra de misericordia\u201d"}]},{"@type":"WebSite","@id":"https:\/\/exaudi.org\/#website","url":"https:\/\/exaudi.org\/","name":"Exaudi","description":"News","potentialAction":[{"@type":"SearchAction","target":{"@type":"EntryPoint","urlTemplate":"https:\/\/exaudi.org\/?s={search_term_string}"},"query-input":{"@type":"PropertyValueSpecification","valueRequired":true,"valueName":"search_term_string"}}],"inLanguage":"es"},{"@type":"Person","@id":"https:\/\/exaudi.org\/#\/schema\/person\/f5fc8f063065e38742da7afe15f25df7","name":"Exaudi Redacci\u00f3n","image":{"@type":"ImageObject","inLanguage":"es","@id":"https:\/\/secure.gravatar.com\/avatar\/fe0f6a059fb68d9b3e11bc5850dd4899b1c7492091a3cb6dd9b01b56ad828be2?s=96&d=mm&r=g","url":"https:\/\/secure.gravatar.com\/avatar\/fe0f6a059fb68d9b3e11bc5850dd4899b1c7492091a3cb6dd9b01b56ad828be2?s=96&d=mm&r=g","contentUrl":"https:\/\/secure.gravatar.com\/avatar\/fe0f6a059fb68d9b3e11bc5850dd4899b1c7492091a3cb6dd9b01b56ad828be2?s=96&d=mm&r=g","caption":"Exaudi Redacci\u00f3n"},"description":"\u00bfQu\u00e9 es Exaudi News? Exaudi News es un medio de comunicaci\u00f3n cat\u00f3lico internacional que informa, forma y transforma, diariamente en espa\u00f1ol, ingl\u00e9s e italiano. A trav\u00e9s de noticias, art\u00edculos de an\u00e1lisis y transmisiones en directo de los eventos del Papa, Exaudi busca fortalecer la unidad de los cristianos y contribuir a la evangelizaci\u00f3n del mundo, siempre guiados por la doctrina social de la Iglesia. Trabajamos para acercar la verdad y los valores cristianos a cada rinc\u00f3n del planeta. \u00a1Ay\u00fadanos a transformar el mundo con Exaudi! En Exaudi creemos que la evangelizaci\u00f3n y la informaci\u00f3n de calidad pueden cambiar vidas. Para continuar con nuestra misi\u00f3n y expandir nuestro alcance, necesitamos tu ayuda. Adem\u00e1s, buscamos personas comprometidas que deseen unirse a nuestro equipo. Con tu apoyo, lograremos llegar a m\u00e1s personas, difundir el mensaje de Cristo y reforzar la unidad de los cristianos. \u00bfTe unes a nuestra misi\u00f3n? Para m\u00e1s informaci\u00f3n sobre c\u00f3mo colaborar, visita Exaudi.org\/es o cont\u00e1ctanos directamente: info@exaudi.org Exaudi: Informa, forma y transforma.","sameAs":["https:\/\/www.facebook.com\/ExaudiNoticias\/","https:\/\/www.instagram.com\/exaudi_noticias\/","https:\/\/x.com\/Exaudi_noticias","https:\/\/www.youtube.com\/@exaudicatholicnews"],"url":"https:\/\/exaudi.org\/es\/author\/redaccionexaudi\/"}]}},"jetpack_featured_media_url":"https:\/\/exaudi.org\/wp-content\/uploads\/2022\/01\/IMG-20170910-WA0026.jpg","jetpack_shortlink":"https:\/\/wp.me\/pgKjF2-cLH","_links":{"self":[{"href":"https:\/\/exaudi.org\/es\/wp-json\/wp\/v2\/posts\/49085","targetHints":{"allow":["GET"]}}],"collection":[{"href":"https:\/\/exaudi.org\/es\/wp-json\/wp\/v2\/posts"}],"about":[{"href":"https:\/\/exaudi.org\/es\/wp-json\/wp\/v2\/types\/post"}],"author":[{"embeddable":true,"href":"https:\/\/exaudi.org\/es\/wp-json\/wp\/v2\/users\/15"}],"replies":[{"embeddable":true,"href":"https:\/\/exaudi.org\/es\/wp-json\/wp\/v2\/comments?post=49085"}],"version-history":[{"count":0,"href":"https:\/\/exaudi.org\/es\/wp-json\/wp\/v2\/posts\/49085\/revisions"}],"wp:featuredmedia":[{"embeddable":true,"href":"https:\/\/exaudi.org\/es\/wp-json\/wp\/v2\/media\/49086"}],"wp:attachment":[{"href":"https:\/\/exaudi.org\/es\/wp-json\/wp\/v2\/media?parent=49085"}],"wp:term":[{"taxonomy":"category","embeddable":true,"href":"https:\/\/exaudi.org\/es\/wp-json\/wp\/v2\/categories?post=49085"},{"taxonomy":"post_tag","embeddable":true,"href":"https:\/\/exaudi.org\/es\/wp-json\/wp\/v2\/tags?post=49085"}],"curies":[{"name":"wp","href":"https:\/\/api.w.org\/{rel}","templated":true}]}}