{"id":49077,"date":"2022-01-14T11:03:02","date_gmt":"2022-01-14T10:03:02","guid":{"rendered":"https:\/\/exaudi.org\/?p=49077"},"modified":"2022-01-14T13:38:30","modified_gmt":"2022-01-14T12:38:30","slug":"venezuela-obispos-llaman-a-refundar-la-nacion-desde-la-ciudadania","status":"publish","type":"post","link":"https:\/\/exaudi.org\/es\/venezuela-obispos-llaman-a-refundar-la-nacion-desde-la-ciudadania\/","title":{"rendered":"Venezuela: Obispos llaman a refundar la naci\u00f3n desde la ciudadan\u00eda"},"content":{"rendered":"<p>Los obispos de Venezuela llaman a refundar la naci\u00f3n desde la ciudadan\u00eda en la Exhortaci\u00f3n pastoral que han emitido en el marco de la <a href=\"https:\/\/exaudi.org\/es\/venezuela-obispos-finalizan\/\" target=\"_blank\" rel=\"noopener\">117\u00aa Asamblea Ordinaria Plenaria<\/a>\u00a0en la que han puesto en perspectiva los desaf\u00edos pastorales y eclesiales del pa\u00eds. As\u00ed la informado la <a href=\"https:\/\/conferenciaepiscopalvenezolana.com\/\" target=\"_blank\" rel=\"noopener\">Conferencia Episcopal Venezolana<\/a> (CEV) en una nota difundida el 13 de enero del 2022.<\/p>\n<p>Seg\u00fan informa el propio episcopado venezolano, monse\u00f1or Jes\u00fas Gonz\u00e1lez de Z\u00e1rate fue el responsable de hacer lectura de la Exhortaci\u00f3n, la cual inicia con un breve resumen de los temas atendidos durante la 117\u00aa Asamblea CEV, y contin\u00faa en una descripci\u00f3n de las circunstancias en las que se encuentra sumido el pa\u00eds, en especial durante el tiempo de pandemia.<\/p>\n<p>\u201cNos encontramos como pa\u00eds en una grave crisis global y democr\u00e1tica; el ser humano con su dignidad, principalmente la persona pobre, es colocada a un lado por el r\u00e9gimen pol\u00edtico, para dar relevancia a un sistema ideol\u00f3gico excluyente, perdi\u00e9ndose el sentido de la democracia como poder del pueblo\u201d, se\u00f1ala el texto.<\/p>\n<h2><strong>Democracia debilitada<\/strong><\/h2>\n<p>En el documento emitido, los arzobispos y obispos de Venezuela subrayan tres realidades espec\u00edficas en la \u201cdolorosa situaci\u00f3n del pa\u00eds\u201d: \u201cel desmantelamiento de las instituciones democr\u00e1ticas y de las empresas del Estado\u201d, \u201cel dram\u00e1tico \u00e9xodo debido a la emigraci\u00f3n forzada de cerca de seis millones de compatriotas expatriados por falta de oportunidades de desarrollo en el pa\u00eds\u201d y \u201cla pobreza de la gran mayor\u00eda de nuestro pueblo, con particular acento en la desnutrici\u00f3n de la infancia y las situaciones de injusticias que viven las personas de avanzada edad\u201d, y a\u00f1aden que, adem\u00e1s de estos aspectos, \u201cest\u00e1n los da\u00f1os psicol\u00f3gicos, morales y espirituales que experimentan los venezolanos en el drama que estamos viviendo\u201d.<\/p>\n<p>Por otro lado, se\u00f1alan que \u201chay un objetivo de fondo: convertir al ser humano, creado por Dios como ser libre y responsable, en simple ejecutor de centros idol\u00e1tricos de poder\u201d. Expresan que \u201clo que est\u00e1 verdaderamente en juego, en medio de todo este deterioro, es la persona humana en la plenitud de su vocaci\u00f3n. Cuando una ideolog\u00eda se antepone como un sistema de poder, que violenta los derechos humanos y rechaza la dignidad de la persona, genera injusticia y violencia institucional\u201d.<\/p>\n<p>Asimismo, los obispos resaltan en la nota, los sucesos acaecidos durante las elecciones del 21 de noviembre, as\u00ed como lo ocurrido con las elecciones en el estado Barinas. \u201cLos resultados del d\u00eda domingo 9 de enero son una demostraci\u00f3n de cu\u00e1n necesario es reconocer y aceptar que estamos frente a un cambio en Venezuela, que pasa por la necesidad del encuentro y del entendimiento, para construir un pa\u00eds libre de la opresi\u00f3n y del deterioro al que ha sido sometido\u201d.<\/p>\n<p>En ese sentido, el episcopado venezolano invita a todos, y principalmente a las nuevas autoridades regionales y municipales electas, \u201ca atender las ingentes necesidades de las comunidades, para eso fueron elegidos, que su pol\u00edtica no sea el sost\u00e9n de una ideolog\u00eda, sino de la vida de los m\u00e1s pobres, es decir, la construcci\u00f3n del bien com\u00fan\u201d.<\/p>\n<h2><strong>Iglesia sinodal<\/strong><\/h2>\n<p>\u201cComo Iglesia, estamos viviendo la experiencia de caminar juntos. Uno de los elementos fundamentales en este proceso es promover la escucha\u201d, destacan los obispos. Una Iglesia sinodal, explican, \u201ces una Iglesia que se centra en la misi\u00f3n, en el compromiso desde la fe para humanizar la vida del pueblo y hacer m\u00e1s visible la presencia de Dios en la historia\u201d, y agregan \u201cde ah\u00ed que como Iglesia seguimos el compromiso de acompa\u00f1ar al pueblo en el resguardo de su dignidad y en la construcci\u00f3n del bien com\u00fan, participando en procesos de reflexi\u00f3n sobre la nueva sociedad que queremos construir o refundar con la participaci\u00f3n de todos\u201d.<\/p>\n<p>Asimismo, los obispos han manifestado su deseo de motivar a todos los sectores del pa\u00eds \u201ca asumir su compromiso hist\u00f3rico con Venezuela, para seguir trabajando por la comuni\u00f3n, la paz y el bienestar material y espiritual de nuestro pueblo (\u2026) la sociedad civil, desde sus comunidades e instituciones, debe asumir el reto protag\u00f3nico del momento con procesos de movilizaci\u00f3n, discernimiento y acciones creativas en la b\u00fasqueda del bien com\u00fan construido desde los valores cristianos y humanos. Que nadie se sienta excluido de este llamado por el bien de la familia y el pueblo\u201d.<\/p>\n<p>En la exhortaci\u00f3n, adem\u00e1s explican que la \u201crefundaci\u00f3n de la naci\u00f3n\u201d implica la inclusi\u00f3n de los desfavorecidos, recuperar la convivencia fraterna, la promoci\u00f3n del di\u00e1logo; realizar negociaciones claras y justas en favor del pueblo; promover la familia y la educaci\u00f3n, as\u00ed como \u201crenovar los partidos pol\u00edticos y los liderazgos que no han permitido un discernimiento pol\u00edtico centrado en las exigencias actuales\u201d, todo esto, puntualizan, \u201chaciendo uso de los mecanismos previstos en la Constituci\u00f3n Nacional y las leyes\u201d.<\/p>\n<h2><strong>Refundar la naci\u00f3n<\/strong><\/h2>\n<p>Durante la ronda de preguntas con los periodistas presentes en la rueda de prensa, monse\u00f1or Gonz\u00e1lez de Z\u00e1rate expres\u00f3 que \u201cel llamado que hacemos es que todos como responsables del pa\u00eds participemos\u201d y que \u201clas instituciones sociales y no solo los partidos pol\u00edticos, se conviertan en actores de esta renovaci\u00f3n que necesitamos\u201d.<\/p>\n<p>A\u00f1adi\u00f3 que \u201cla Iglesia siempre ha apostado por el di\u00e1logo\u201d pero que tambi\u00e9n han sido \u201cmuy expl\u00edcitas\u201d sus intervenciones para decir que \u201cno se trata de cualquier di\u00e1logo, no se trata simplemente de compartir palabras e informaciones; el di\u00e1logo debe tener unos objetivos concretos, debe hacerse a trav\u00e9s de un camino serio en la b\u00fasqueda de logros que den respuesta a las necesidades del pa\u00eds\u201d.<\/p>\n<p>En cuanto a la pandemia, indic\u00f3 que \u201chasta el momento no se ha implicado a las sociedades cient\u00edficas que pudieran ayudar a dar respuesta a las circunstancias\u201d y que \u201cla actitud de la Iglesia siempre ha sido de colaboraci\u00f3n en lo que podemos ayudar\u201d.<\/p>\n<p>Por su parte, monse\u00f1or Ra\u00fal Biord, secretario general de la CEV, destac\u00f3 la sinodalidad como v\u00eda para la reconstrucci\u00f3n social. \u201cEl Papa Francisco nos ha invitado a este camino sinodal que significa escuchar al pueblo de Dios, desde las bases\u201d, puntualiz\u00f3, expresando que no se puede esperar que la resoluci\u00f3n de los problemas que aquejan al pa\u00eds se de den forma centralizada, sino que es desde abajo, desde los ciudadanos, que es posible generar el esperado cambio. Finalmente, record\u00f3 que el objetivo de toda negociaci\u00f3n \u201ces el bien com\u00fan\u201d.<\/p>\n","protected":false},"excerpt":{"rendered":"<p>Exhortaci\u00f3n pastoral del episcopado venezolano<\/p>\n","protected":false},"author":15,"featured_media":49078,"comment_status":"closed","ping_status":"closed","sticky":false,"template":"","format":"standard","meta":{"_acf_changed":false,"_crdt_document":"","inline_featured_image":false,"footnotes":""},"categories":[86],"tags":[1186,4953,966],"class_list":["post-49077","post","type-post","status-publish","format-standard","has-post-thumbnail","hentry","category-iglesia-local","tag-conferencia-episcopal-venezolana","tag-trending-es","tag-venezuela"],"acf":[],"yoast_head":"<!-- This site is optimized with the Yoast SEO plugin v27.5 - https:\/\/yoast.com\/product\/yoast-seo-wordpress\/ -->\n<title>Venezuela: Obispos llaman a refundar la naci\u00f3n desde la ciudadan\u00eda &#8211; Exaudi<\/title>\n<meta name=\"description\" content=\"Los obispos de Venezuela llaman a refundar la naci\u00f3n desde la ciudadan\u00eda en la Exhortaci\u00f3n pastoral que han emitido.\" \/>\n<meta name=\"robots\" content=\"index, follow, max-snippet:-1, max-image-preview:large, max-video-preview:-1\" \/>\n<link rel=\"canonical\" href=\"https:\/\/exaudi.org\/es\/venezuela-obispos-llaman-a-refundar-la-nacion-desde-la-ciudadania\/\" \/>\n<meta property=\"og:locale\" content=\"es_ES\" \/>\n<meta property=\"og:type\" content=\"article\" \/>\n<meta property=\"og:title\" content=\"Venezuela: Obispos llaman a refundar la naci\u00f3n desde la ciudadan\u00eda &#8211; Exaudi\" \/>\n<meta property=\"og:description\" content=\"Los obispos de Venezuela llaman a refundar la naci\u00f3n desde la ciudadan\u00eda en la Exhortaci\u00f3n pastoral que han emitido.\" \/>\n<meta property=\"og:url\" content=\"https:\/\/exaudi.org\/es\/venezuela-obispos-llaman-a-refundar-la-nacion-desde-la-ciudadania\/\" \/>\n<meta property=\"og:site_name\" content=\"Exaudi\" \/>\n<meta property=\"article:publisher\" content=\"https:\/\/www.facebook.com\/ExaudiNews\" \/>\n<meta property=\"article:author\" content=\"https:\/\/www.facebook.com\/ExaudiNoticias\/\" \/>\n<meta property=\"article:published_time\" content=\"2022-01-14T10:03:02+00:00\" \/>\n<meta property=\"article:modified_time\" content=\"2022-01-14T12:38:30+00:00\" \/>\n<meta property=\"og:image\" content=\"https:\/\/exaudi.org\/wp-content\/uploads\/2022\/01\/Disen\u0303o-sin-ti\u0301tulo-24.jpg\" \/>\n\t<meta property=\"og:image:width\" content=\"1500\" \/>\n\t<meta property=\"og:image:height\" content=\"1000\" \/>\n\t<meta property=\"og:image:type\" content=\"image\/jpeg\" \/>\n<meta name=\"author\" content=\"Exaudi Redacci\u00f3n\" \/>\n<meta name=\"twitter:card\" content=\"summary_large_image\" \/>\n<meta name=\"twitter:creator\" content=\"@Exaudi_noticias\" \/>\n<meta name=\"twitter:site\" content=\"@Exaudi_News\" \/>\n<meta name=\"twitter:label1\" content=\"Escrito por\" \/>\n\t<meta name=\"twitter:data1\" content=\"Exaudi Redacci\u00f3n\" \/>\n\t<meta name=\"twitter:label2\" content=\"Tiempo de lectura\" \/>\n\t<meta name=\"twitter:data2\" content=\"5 minutos\" \/>\n<script type=\"application\/ld+json\" class=\"yoast-schema-graph\">{\"@context\":\"https:\\\/\\\/schema.org\",\"@graph\":[{\"@type\":\"Article\",\"@id\":\"https:\\\/\\\/exaudi.org\\\/es\\\/venezuela-obispos-llaman-a-refundar-la-nacion-desde-la-ciudadania\\\/#article\",\"isPartOf\":{\"@id\":\"https:\\\/\\\/exaudi.org\\\/es\\\/venezuela-obispos-llaman-a-refundar-la-nacion-desde-la-ciudadania\\\/\"},\"author\":{\"name\":\"Exaudi Redacci\u00f3n\",\"@id\":\"https:\\\/\\\/exaudi.org\\\/#\\\/schema\\\/person\\\/f5fc8f063065e38742da7afe15f25df7\"},\"headline\":\"Venezuela: Obispos llaman a refundar la naci\u00f3n desde la ciudadan\u00eda\",\"datePublished\":\"2022-01-14T10:03:02+00:00\",\"dateModified\":\"2022-01-14T12:38:30+00:00\",\"mainEntityOfPage\":{\"@id\":\"https:\\\/\\\/exaudi.org\\\/es\\\/venezuela-obispos-llaman-a-refundar-la-nacion-desde-la-ciudadania\\\/\"},\"wordCount\":1138,\"image\":{\"@id\":\"https:\\\/\\\/exaudi.org\\\/es\\\/venezuela-obispos-llaman-a-refundar-la-nacion-desde-la-ciudadania\\\/#primaryimage\"},\"thumbnailUrl\":\"https:\\\/\\\/exaudi.org\\\/wp-content\\\/uploads\\\/2022\\\/01\\\/Disen\u0303o-sin-ti\u0301tulo-24.jpg\",\"keywords\":[\"Conferencia Episcopal Venezolana\",\"Trending\",\"Venezuela\"],\"articleSection\":[\"Iglesia Local\"],\"inLanguage\":\"es\"},{\"@type\":\"WebPage\",\"@id\":\"https:\\\/\\\/exaudi.org\\\/es\\\/venezuela-obispos-llaman-a-refundar-la-nacion-desde-la-ciudadania\\\/\",\"url\":\"https:\\\/\\\/exaudi.org\\\/es\\\/venezuela-obispos-llaman-a-refundar-la-nacion-desde-la-ciudadania\\\/\",\"name\":\"Venezuela: Obispos llaman a refundar la naci\u00f3n desde la ciudadan\u00eda &#8211; Exaudi\",\"isPartOf\":{\"@id\":\"https:\\\/\\\/exaudi.org\\\/#website\"},\"primaryImageOfPage\":{\"@id\":\"https:\\\/\\\/exaudi.org\\\/es\\\/venezuela-obispos-llaman-a-refundar-la-nacion-desde-la-ciudadania\\\/#primaryimage\"},\"image\":{\"@id\":\"https:\\\/\\\/exaudi.org\\\/es\\\/venezuela-obispos-llaman-a-refundar-la-nacion-desde-la-ciudadania\\\/#primaryimage\"},\"thumbnailUrl\":\"https:\\\/\\\/exaudi.org\\\/wp-content\\\/uploads\\\/2022\\\/01\\\/Disen\u0303o-sin-ti\u0301tulo-24.jpg\",\"datePublished\":\"2022-01-14T10:03:02+00:00\",\"dateModified\":\"2022-01-14T12:38:30+00:00\",\"author\":{\"@id\":\"https:\\\/\\\/exaudi.org\\\/#\\\/schema\\\/person\\\/f5fc8f063065e38742da7afe15f25df7\"},\"description\":\"Los obispos de Venezuela llaman a refundar la naci\u00f3n desde la ciudadan\u00eda en la Exhortaci\u00f3n pastoral que han emitido.\",\"breadcrumb\":{\"@id\":\"https:\\\/\\\/exaudi.org\\\/es\\\/venezuela-obispos-llaman-a-refundar-la-nacion-desde-la-ciudadania\\\/#breadcrumb\"},\"inLanguage\":\"es\",\"potentialAction\":[{\"@type\":\"ReadAction\",\"target\":[\"https:\\\/\\\/exaudi.org\\\/es\\\/venezuela-obispos-llaman-a-refundar-la-nacion-desde-la-ciudadania\\\/\"]}]},{\"@type\":\"ImageObject\",\"inLanguage\":\"es\",\"@id\":\"https:\\\/\\\/exaudi.org\\\/es\\\/venezuela-obispos-llaman-a-refundar-la-nacion-desde-la-ciudadania\\\/#primaryimage\",\"url\":\"https:\\\/\\\/exaudi.org\\\/wp-content\\\/uploads\\\/2022\\\/01\\\/Disen\u0303o-sin-ti\u0301tulo-24.jpg\",\"contentUrl\":\"https:\\\/\\\/exaudi.org\\\/wp-content\\\/uploads\\\/2022\\\/01\\\/Disen\u0303o-sin-ti\u0301tulo-24.jpg\",\"width\":1500,\"height\":1000,\"caption\":\"117\u00aa Asamblea Ordinaria Plenaria de la Conferencia Episcopal Venezolana (CEV) \u00a9 CEV\"},{\"@type\":\"BreadcrumbList\",\"@id\":\"https:\\\/\\\/exaudi.org\\\/es\\\/venezuela-obispos-llaman-a-refundar-la-nacion-desde-la-ciudadania\\\/#breadcrumb\",\"itemListElement\":[{\"@type\":\"ListItem\",\"position\":1,\"name\":\"Portada\",\"item\":\"https:\\\/\\\/exaudi.org\\\/es\\\/\"},{\"@type\":\"ListItem\",\"position\":2,\"name\":\"Venezuela: Obispos llaman a refundar la naci\u00f3n desde la ciudadan\u00eda\"}]},{\"@type\":\"WebSite\",\"@id\":\"https:\\\/\\\/exaudi.org\\\/#website\",\"url\":\"https:\\\/\\\/exaudi.org\\\/\",\"name\":\"Exaudi\",\"description\":\"News\",\"potentialAction\":[{\"@type\":\"SearchAction\",\"target\":{\"@type\":\"EntryPoint\",\"urlTemplate\":\"https:\\\/\\\/exaudi.org\\\/?s={search_term_string}\"},\"query-input\":{\"@type\":\"PropertyValueSpecification\",\"valueRequired\":true,\"valueName\":\"search_term_string\"}}],\"inLanguage\":\"es\"},{\"@type\":\"Person\",\"@id\":\"https:\\\/\\\/exaudi.org\\\/#\\\/schema\\\/person\\\/f5fc8f063065e38742da7afe15f25df7\",\"name\":\"Exaudi Redacci\u00f3n\",\"image\":{\"@type\":\"ImageObject\",\"inLanguage\":\"es\",\"@id\":\"https:\\\/\\\/secure.gravatar.com\\\/avatar\\\/fe0f6a059fb68d9b3e11bc5850dd4899b1c7492091a3cb6dd9b01b56ad828be2?s=96&d=mm&r=g\",\"url\":\"https:\\\/\\\/secure.gravatar.com\\\/avatar\\\/fe0f6a059fb68d9b3e11bc5850dd4899b1c7492091a3cb6dd9b01b56ad828be2?s=96&d=mm&r=g\",\"contentUrl\":\"https:\\\/\\\/secure.gravatar.com\\\/avatar\\\/fe0f6a059fb68d9b3e11bc5850dd4899b1c7492091a3cb6dd9b01b56ad828be2?s=96&d=mm&r=g\",\"caption\":\"Exaudi Redacci\u00f3n\"},\"description\":\"\u00bfQu\u00e9 es Exaudi News? Exaudi News es un medio de comunicaci\u00f3n cat\u00f3lico internacional que informa, forma y transforma, diariamente en espa\u00f1ol, ingl\u00e9s e italiano. A trav\u00e9s de noticias, art\u00edculos de an\u00e1lisis y transmisiones en directo de los eventos del Papa, Exaudi busca fortalecer la unidad de los cristianos y contribuir a la evangelizaci\u00f3n del mundo, siempre guiados por la doctrina social de la Iglesia. Trabajamos para acercar la verdad y los valores cristianos a cada rinc\u00f3n del planeta. \u00a1Ay\u00fadanos a transformar el mundo con Exaudi! En Exaudi creemos que la evangelizaci\u00f3n y la informaci\u00f3n de calidad pueden cambiar vidas. Para continuar con nuestra misi\u00f3n y expandir nuestro alcance, necesitamos tu ayuda. Adem\u00e1s, buscamos personas comprometidas que deseen unirse a nuestro equipo. Con tu apoyo, lograremos llegar a m\u00e1s personas, difundir el mensaje de Cristo y reforzar la unidad de los cristianos. \u00bfTe unes a nuestra misi\u00f3n? Para m\u00e1s informaci\u00f3n sobre c\u00f3mo colaborar, visita Exaudi.org\\\/es o cont\u00e1ctanos directamente: info@exaudi.org Exaudi: Informa, forma y transforma.\",\"sameAs\":[\"https:\\\/\\\/www.facebook.com\\\/ExaudiNoticias\\\/\",\"https:\\\/\\\/www.instagram.com\\\/exaudi_noticias\\\/\",\"https:\\\/\\\/x.com\\\/Exaudi_noticias\",\"https:\\\/\\\/www.youtube.com\\\/@exaudicatholicnews\"],\"url\":\"https:\\\/\\\/exaudi.org\\\/es\\\/author\\\/redaccionexaudi\\\/\"}]}<\/script>\n<!-- \/ Yoast SEO plugin. -->","yoast_head_json":{"title":"Venezuela: Obispos llaman a refundar la naci\u00f3n desde la ciudadan\u00eda &#8211; Exaudi","description":"Los obispos de Venezuela llaman a refundar la naci\u00f3n desde la ciudadan\u00eda en la Exhortaci\u00f3n pastoral que han emitido.","robots":{"index":"index","follow":"follow","max-snippet":"max-snippet:-1","max-image-preview":"max-image-preview:large","max-video-preview":"max-video-preview:-1"},"canonical":"https:\/\/exaudi.org\/es\/venezuela-obispos-llaman-a-refundar-la-nacion-desde-la-ciudadania\/","og_locale":"es_ES","og_type":"article","og_title":"Venezuela: Obispos llaman a refundar la naci\u00f3n desde la ciudadan\u00eda &#8211; Exaudi","og_description":"Los obispos de Venezuela llaman a refundar la naci\u00f3n desde la ciudadan\u00eda en la Exhortaci\u00f3n pastoral que han emitido.","og_url":"https:\/\/exaudi.org\/es\/venezuela-obispos-llaman-a-refundar-la-nacion-desde-la-ciudadania\/","og_site_name":"Exaudi","article_publisher":"https:\/\/www.facebook.com\/ExaudiNews","article_author":"https:\/\/www.facebook.com\/ExaudiNoticias\/","article_published_time":"2022-01-14T10:03:02+00:00","article_modified_time":"2022-01-14T12:38:30+00:00","og_image":[{"width":1500,"height":1000,"url":"https:\/\/exaudi.org\/wp-content\/uploads\/2022\/01\/Disen\u0303o-sin-ti\u0301tulo-24.jpg","type":"image\/jpeg"}],"author":"Exaudi Redacci\u00f3n","twitter_card":"summary_large_image","twitter_creator":"@Exaudi_noticias","twitter_site":"@Exaudi_News","twitter_misc":{"Escrito por":"Exaudi Redacci\u00f3n","Tiempo de lectura":"5 minutos"},"schema":{"@context":"https:\/\/schema.org","@graph":[{"@type":"Article","@id":"https:\/\/exaudi.org\/es\/venezuela-obispos-llaman-a-refundar-la-nacion-desde-la-ciudadania\/#article","isPartOf":{"@id":"https:\/\/exaudi.org\/es\/venezuela-obispos-llaman-a-refundar-la-nacion-desde-la-ciudadania\/"},"author":{"name":"Exaudi Redacci\u00f3n","@id":"https:\/\/exaudi.org\/#\/schema\/person\/f5fc8f063065e38742da7afe15f25df7"},"headline":"Venezuela: Obispos llaman a refundar la naci\u00f3n desde la ciudadan\u00eda","datePublished":"2022-01-14T10:03:02+00:00","dateModified":"2022-01-14T12:38:30+00:00","mainEntityOfPage":{"@id":"https:\/\/exaudi.org\/es\/venezuela-obispos-llaman-a-refundar-la-nacion-desde-la-ciudadania\/"},"wordCount":1138,"image":{"@id":"https:\/\/exaudi.org\/es\/venezuela-obispos-llaman-a-refundar-la-nacion-desde-la-ciudadania\/#primaryimage"},"thumbnailUrl":"https:\/\/exaudi.org\/wp-content\/uploads\/2022\/01\/Disen\u0303o-sin-ti\u0301tulo-24.jpg","keywords":["Conferencia Episcopal Venezolana","Trending","Venezuela"],"articleSection":["Iglesia Local"],"inLanguage":"es"},{"@type":"WebPage","@id":"https:\/\/exaudi.org\/es\/venezuela-obispos-llaman-a-refundar-la-nacion-desde-la-ciudadania\/","url":"https:\/\/exaudi.org\/es\/venezuela-obispos-llaman-a-refundar-la-nacion-desde-la-ciudadania\/","name":"Venezuela: Obispos llaman a refundar la naci\u00f3n desde la ciudadan\u00eda &#8211; Exaudi","isPartOf":{"@id":"https:\/\/exaudi.org\/#website"},"primaryImageOfPage":{"@id":"https:\/\/exaudi.org\/es\/venezuela-obispos-llaman-a-refundar-la-nacion-desde-la-ciudadania\/#primaryimage"},"image":{"@id":"https:\/\/exaudi.org\/es\/venezuela-obispos-llaman-a-refundar-la-nacion-desde-la-ciudadania\/#primaryimage"},"thumbnailUrl":"https:\/\/exaudi.org\/wp-content\/uploads\/2022\/01\/Disen\u0303o-sin-ti\u0301tulo-24.jpg","datePublished":"2022-01-14T10:03:02+00:00","dateModified":"2022-01-14T12:38:30+00:00","author":{"@id":"https:\/\/exaudi.org\/#\/schema\/person\/f5fc8f063065e38742da7afe15f25df7"},"description":"Los obispos de Venezuela llaman a refundar la naci\u00f3n desde la ciudadan\u00eda en la Exhortaci\u00f3n pastoral que han emitido.","breadcrumb":{"@id":"https:\/\/exaudi.org\/es\/venezuela-obispos-llaman-a-refundar-la-nacion-desde-la-ciudadania\/#breadcrumb"},"inLanguage":"es","potentialAction":[{"@type":"ReadAction","target":["https:\/\/exaudi.org\/es\/venezuela-obispos-llaman-a-refundar-la-nacion-desde-la-ciudadania\/"]}]},{"@type":"ImageObject","inLanguage":"es","@id":"https:\/\/exaudi.org\/es\/venezuela-obispos-llaman-a-refundar-la-nacion-desde-la-ciudadania\/#primaryimage","url":"https:\/\/exaudi.org\/wp-content\/uploads\/2022\/01\/Disen\u0303o-sin-ti\u0301tulo-24.jpg","contentUrl":"https:\/\/exaudi.org\/wp-content\/uploads\/2022\/01\/Disen\u0303o-sin-ti\u0301tulo-24.jpg","width":1500,"height":1000,"caption":"117\u00aa Asamblea Ordinaria Plenaria de la Conferencia Episcopal Venezolana (CEV) \u00a9 CEV"},{"@type":"BreadcrumbList","@id":"https:\/\/exaudi.org\/es\/venezuela-obispos-llaman-a-refundar-la-nacion-desde-la-ciudadania\/#breadcrumb","itemListElement":[{"@type":"ListItem","position":1,"name":"Portada","item":"https:\/\/exaudi.org\/es\/"},{"@type":"ListItem","position":2,"name":"Venezuela: Obispos llaman a refundar la naci\u00f3n desde la ciudadan\u00eda"}]},{"@type":"WebSite","@id":"https:\/\/exaudi.org\/#website","url":"https:\/\/exaudi.org\/","name":"Exaudi","description":"News","potentialAction":[{"@type":"SearchAction","target":{"@type":"EntryPoint","urlTemplate":"https:\/\/exaudi.org\/?s={search_term_string}"},"query-input":{"@type":"PropertyValueSpecification","valueRequired":true,"valueName":"search_term_string"}}],"inLanguage":"es"},{"@type":"Person","@id":"https:\/\/exaudi.org\/#\/schema\/person\/f5fc8f063065e38742da7afe15f25df7","name":"Exaudi Redacci\u00f3n","image":{"@type":"ImageObject","inLanguage":"es","@id":"https:\/\/secure.gravatar.com\/avatar\/fe0f6a059fb68d9b3e11bc5850dd4899b1c7492091a3cb6dd9b01b56ad828be2?s=96&d=mm&r=g","url":"https:\/\/secure.gravatar.com\/avatar\/fe0f6a059fb68d9b3e11bc5850dd4899b1c7492091a3cb6dd9b01b56ad828be2?s=96&d=mm&r=g","contentUrl":"https:\/\/secure.gravatar.com\/avatar\/fe0f6a059fb68d9b3e11bc5850dd4899b1c7492091a3cb6dd9b01b56ad828be2?s=96&d=mm&r=g","caption":"Exaudi Redacci\u00f3n"},"description":"\u00bfQu\u00e9 es Exaudi News? Exaudi News es un medio de comunicaci\u00f3n cat\u00f3lico internacional que informa, forma y transforma, diariamente en espa\u00f1ol, ingl\u00e9s e italiano. A trav\u00e9s de noticias, art\u00edculos de an\u00e1lisis y transmisiones en directo de los eventos del Papa, Exaudi busca fortalecer la unidad de los cristianos y contribuir a la evangelizaci\u00f3n del mundo, siempre guiados por la doctrina social de la Iglesia. Trabajamos para acercar la verdad y los valores cristianos a cada rinc\u00f3n del planeta. \u00a1Ay\u00fadanos a transformar el mundo con Exaudi! En Exaudi creemos que la evangelizaci\u00f3n y la informaci\u00f3n de calidad pueden cambiar vidas. Para continuar con nuestra misi\u00f3n y expandir nuestro alcance, necesitamos tu ayuda. Adem\u00e1s, buscamos personas comprometidas que deseen unirse a nuestro equipo. Con tu apoyo, lograremos llegar a m\u00e1s personas, difundir el mensaje de Cristo y reforzar la unidad de los cristianos. \u00bfTe unes a nuestra misi\u00f3n? Para m\u00e1s informaci\u00f3n sobre c\u00f3mo colaborar, visita Exaudi.org\/es o cont\u00e1ctanos directamente: info@exaudi.org Exaudi: Informa, forma y transforma.","sameAs":["https:\/\/www.facebook.com\/ExaudiNoticias\/","https:\/\/www.instagram.com\/exaudi_noticias\/","https:\/\/x.com\/Exaudi_noticias","https:\/\/www.youtube.com\/@exaudicatholicnews"],"url":"https:\/\/exaudi.org\/es\/author\/redaccionexaudi\/"}]}},"jetpack_featured_media_url":"https:\/\/exaudi.org\/wp-content\/uploads\/2022\/01\/Disen\u0303o-sin-ti\u0301tulo-24.jpg","jetpack_shortlink":"https:\/\/wp.me\/pgKjF2-cLz","_links":{"self":[{"href":"https:\/\/exaudi.org\/es\/wp-json\/wp\/v2\/posts\/49077","targetHints":{"allow":["GET"]}}],"collection":[{"href":"https:\/\/exaudi.org\/es\/wp-json\/wp\/v2\/posts"}],"about":[{"href":"https:\/\/exaudi.org\/es\/wp-json\/wp\/v2\/types\/post"}],"author":[{"embeddable":true,"href":"https:\/\/exaudi.org\/es\/wp-json\/wp\/v2\/users\/15"}],"replies":[{"embeddable":true,"href":"https:\/\/exaudi.org\/es\/wp-json\/wp\/v2\/comments?post=49077"}],"version-history":[{"count":0,"href":"https:\/\/exaudi.org\/es\/wp-json\/wp\/v2\/posts\/49077\/revisions"}],"wp:featuredmedia":[{"embeddable":true,"href":"https:\/\/exaudi.org\/es\/wp-json\/wp\/v2\/media\/49078"}],"wp:attachment":[{"href":"https:\/\/exaudi.org\/es\/wp-json\/wp\/v2\/media?parent=49077"}],"wp:term":[{"taxonomy":"category","embeddable":true,"href":"https:\/\/exaudi.org\/es\/wp-json\/wp\/v2\/categories?post=49077"},{"taxonomy":"post_tag","embeddable":true,"href":"https:\/\/exaudi.org\/es\/wp-json\/wp\/v2\/tags?post=49077"}],"curies":[{"name":"wp","href":"https:\/\/api.w.org\/{rel}","templated":true}]}}