{"id":48949,"date":"2022-01-13T09:24:14","date_gmt":"2022-01-13T08:24:14","guid":{"rendered":"https:\/\/exaudi.org\/?p=48949"},"modified":"2022-01-13T10:20:07","modified_gmt":"2022-01-13T09:20:07","slug":"estados-unidos-9-dias-por-la-vida-une-a-los-catolicos-del-pais","status":"publish","type":"post","link":"https:\/\/exaudi.org\/es\/estados-unidos-9-dias-por-la-vida-une-a-los-catolicos-del-pais\/","title":{"rendered":"Estados Unidos: \u20189 D\u00edas por la Vida\u2019 une a cat\u00f3licos del pa\u00eds"},"content":{"rendered":"<p>En Estados Unidos, los cat\u00f3licos de todo el pa\u00eds se preparan para rezar \u20189 D\u00edas por la Vida\u2019, la novena anual pro-vida que comienza este a\u00f1o el 19 de enero. As\u00ed ha informado en una nota la <a href=\"https:\/\/www.usccb.org\/\">Conferencia de Obispos Cat\u00f3licos de Estados Unidos (USCCB)<\/a>.<\/p>\n<p>En la nota se informa que en la Iglesia Cat\u00f3lica, una \u201cnovena\u201d consiste en oraciones o acciones durante nueve d\u00edas consecutivos. Esta novena pro-vida es una oportunidad para el recuerdo y la sanaci\u00f3n en conmemoraci\u00f3n del aniversario de\u00a0<em>Roe v. Wade<\/em>, la decisi\u00f3n de la Corte Suprema que legaliz\u00f3 el aborto en Estados Unidos.<\/p>\n<p>Auspiciada por el Comit\u00e9 de Actividades Pro-Vida de la Conferencia de Obispos Cat\u00f3licos de Estados Unidos, la novena 9 D\u00edas por la Vida se inici\u00f3 en el 2013 con motivo del 40 aniversario de la decisi\u00f3n\u00a0<em>Roe v. Wade<\/em>. Este es el d\u00e9cimo a\u00f1o que se realiza la novena. La intenci\u00f3n general de la novena es el fin del aborto. Cada intenci\u00f3n diaria destaca un tema relacionado y va acompa\u00f1ada de una reflexi\u00f3n, informaci\u00f3n educativa y acciones diarias sugeridas.<\/p>\n<p>La novena incluye la\u00a0<a href=\"https:\/\/u7061146.ct.sendgrid.net\/ls\/click?upn=4tNED-2FM8iDZJQyQ53jATUex-2FtnnYsA44RyoNU-2FVbWM5-2B1rBk9AITnZyCrkVdnRj-2B25FcvChhbCL0eNp7wqaAuztb6MUsDCUNCFX15kZ0QbPciKjLHSuVkfFEnetIYomMaComUZRGdr8nxD6bcu9IZw-3D-3D9fb-_qgS9KXrecRr33w291gesgOphN1F1Vk6LlWNHnXJ-2BaL9ang8DVq0sNpzA-2FO5Wc3tzRJ88UIOVhcAv6sGUr7lLBWaBzZtiBiokJ6MbkiBs-2BCV7KB1j1bNwpFPy7ZFNceu15RI0xTQPbBdMyHVm0a-2BKCuyob4bQ3-2BSZiR6DfR56wclJVgy2hSf9D5AacHyXrW2s2V2gs37DGGz6pwvIWrxuNxoYRh51HvBpWb1rkeVGolTRD3FWXP32OwUlNXrjIZTEyHq4oMvzQjQg60Rtmk1jNaaZtpaezsRUUyWClbMDQkHsUxfLzhZAIV-2FZFyrwUrEVH9BeYe8F1-2Fh9CN-2FGTZpmEw-3D-3D\" data-saferedirecturl=\"https:\/\/www.google.com\/url?q=https:\/\/u7061146.ct.sendgrid.net\/ls\/click?upn%3D4tNED-2FM8iDZJQyQ53jATUex-2FtnnYsA44RyoNU-2FVbWM5-2B1rBk9AITnZyCrkVdnRj-2B25FcvChhbCL0eNp7wqaAuztb6MUsDCUNCFX15kZ0QbPciKjLHSuVkfFEnetIYomMaComUZRGdr8nxD6bcu9IZw-3D-3D9fb-_qgS9KXrecRr33w291gesgOphN1F1Vk6LlWNHnXJ-2BaL9ang8DVq0sNpzA-2FO5Wc3tzRJ88UIOVhcAv6sGUr7lLBWaBzZtiBiokJ6MbkiBs-2BCV7KB1j1bNwpFPy7ZFNceu15RI0xTQPbBdMyHVm0a-2BKCuyob4bQ3-2BSZiR6DfR56wclJVgy2hSf9D5AacHyXrW2s2V2gs37DGGz6pwvIWrxuNxoYRh51HvBpWb1rkeVGolTRD3FWXP32OwUlNXrjIZTEyHq4oMvzQjQg60Rtmk1jNaaZtpaezsRUUyWClbMDQkHsUxfLzhZAIV-2FZFyrwUrEVH9BeYe8F1-2Fh9CN-2FGTZpmEw-3D-3D&amp;source=gmail&amp;ust=1642147338275000&amp;usg=AOvVaw1soljIsq5MXnFavGWiEkWE\">Jornada Anual de Oraci\u00f3n por la Protecci\u00f3n Legal de los Ni\u00f1os por Nacer\u00a0<\/a>que se llevar\u00e1 a cabo el 22 de enero. Todas las personas que lo deseen pueden registrarse en\u00a0<a href=\"https:\/\/u7061146.ct.sendgrid.net\/ls\/click?upn=4tNED-2FM8iDZJQyQ53jATUbSPmi4el1MB8Q2Jm20XyTt920CdUUUK3XSKI1hsyVG99NH6_qgS9KXrecRr33w291gesgOphN1F1Vk6LlWNHnXJ-2BaL9ang8DVq0sNpzA-2FO5Wc3tzRJ88UIOVhcAv6sGUr7lLBWaBzZtiBiokJ6MbkiBs-2BCV7KB1j1bNwpFPy7ZFNceu15RI0xTQPbBdMyHVm0a-2BKCuyob4bQ3-2BSZiR6DfR56wclJVgy2hSf9D5AacHyXrW2sI0AAWEe-2Fu65jGcUpPKxf7-2BnYBYqVvdm7kP9tCYd3f6s8ImeiLC4A2IAhwz7Xb6syVptiHAvkvVaxCNSUs6bBFbbJ39HbK4demQFAks8hVH4rq8Kj-2Faf-2FaSumV9mnVreTvoWCeU0X5L9kY2lrTmoNZRxo3GUhBj8s4-2BT-2F-2BDFL6-2Fo-3D\" data-saferedirecturl=\"https:\/\/www.google.com\/url?q=https:\/\/u7061146.ct.sendgrid.net\/ls\/click?upn%3D4tNED-2FM8iDZJQyQ53jATUbSPmi4el1MB8Q2Jm20XyTt920CdUUUK3XSKI1hsyVG99NH6_qgS9KXrecRr33w291gesgOphN1F1Vk6LlWNHnXJ-2BaL9ang8DVq0sNpzA-2FO5Wc3tzRJ88UIOVhcAv6sGUr7lLBWaBzZtiBiokJ6MbkiBs-2BCV7KB1j1bNwpFPy7ZFNceu15RI0xTQPbBdMyHVm0a-2BKCuyob4bQ3-2BSZiR6DfR56wclJVgy2hSf9D5AacHyXrW2sI0AAWEe-2Fu65jGcUpPKxf7-2BnYBYqVvdm7kP9tCYd3f6s8ImeiLC4A2IAhwz7Xb6syVptiHAvkvVaxCNSUs6bBFbbJ39HbK4demQFAks8hVH4rq8Kj-2Faf-2FaSumV9mnVreTvoWCeU0X5L9kY2lrTmoNZRxo3GUhBj8s4-2BT-2F-2BDFL6-2Fo-3D&amp;source=gmail&amp;ust=1642147338275000&amp;usg=AOvVaw2dTa8myw5ThjF3AwKVTOAH\">9daysforlife.com<\/a>. De este modo, los participantes podr\u00e1n recibir la novena en ingl\u00e9s o en espa\u00f1ol v\u00eda correo electr\u00f3nico, texto mensaje o acceder a ella en Internet. Del mismo modo, quienes lo deseen pueden compartir sus testimonios pro-vida e invitar a sus seguidores a orar en las redes sociales con la etiqueta #9DaysforLife.<\/p>\n<p>Adem\u00e1s la plataforma web pone a disposici\u00f3n un\u00a0<a href=\"https:\/\/u7061146.ct.sendgrid.net\/ls\/click?upn=4tNED-2FM8iDZJQyQ53jATUbC5-2FkQX3lMJNYyIf8sN7OsDZXx8t1J775HYQxkHpiBRG9fW7PGE6h4nTBlQDDoDZw-3D-3DpH6J_qgS9KXrecRr33w291gesgOphN1F1Vk6LlWNHnXJ-2BaL9ang8DVq0sNpzA-2FO5Wc3tzRJ88UIOVhcAv6sGUr7lLBWaBzZtiBiokJ6MbkiBs-2BCV7KB1j1bNwpFPy7ZFNceu15RI0xTQPbBdMyHVm0a-2BKCuyob4bQ3-2BSZiR6DfR56wclJVgy2hSf9D5AacHyXrW2soa67MzLPvezVgnv2-2BoQ9KwvJaaFsuLtLSH6lYSUaMSbyAJaADSjxSDB-2FVwPYLQDmh8sdCRc-2FW9-2BboeqAEFYRPh8JmEKqMyK1OV0kicIj6LgGNd-2B1ShJNRhdQUkES6gFJj-2FQgOC-2BAcs1UFXEOukC76RiaKFd08cjoMZTdrbmiYlI-3D\" data-saferedirecturl=\"https:\/\/www.google.com\/url?q=https:\/\/u7061146.ct.sendgrid.net\/ls\/click?upn%3D4tNED-2FM8iDZJQyQ53jATUbC5-2FkQX3lMJNYyIf8sN7OsDZXx8t1J775HYQxkHpiBRG9fW7PGE6h4nTBlQDDoDZw-3D-3DpH6J_qgS9KXrecRr33w291gesgOphN1F1Vk6LlWNHnXJ-2BaL9ang8DVq0sNpzA-2FO5Wc3tzRJ88UIOVhcAv6sGUr7lLBWaBzZtiBiokJ6MbkiBs-2BCV7KB1j1bNwpFPy7ZFNceu15RI0xTQPbBdMyHVm0a-2BKCuyob4bQ3-2BSZiR6DfR56wclJVgy2hSf9D5AacHyXrW2soa67MzLPvezVgnv2-2BoQ9KwvJaaFsuLtLSH6lYSUaMSbyAJaADSjxSDB-2FVwPYLQDmh8sdCRc-2FW9-2BboeqAEFYRPh8JmEKqMyK1OV0kicIj6LgGNd-2B1ShJNRhdQUkES6gFJj-2FQgOC-2BAcs1UFXEOukC76RiaKFd08cjoMZTdrbmiYlI-3D&amp;source=gmail&amp;ust=1642147338275000&amp;usg=AOvVaw28f90rlnQqVFJXk0n_hgVN\">kit de recursos<\/a>\u00a0donde se presentan las intenciones y reflexiones de oraciones\u00a0diarias, entre otros materiales. Para obtener informaci\u00f3n adicional y actualizaciones durante la novena, por favor s\u00edganos en\u00a0Twitter,\u00a0Facebook\u00a0e\u00a0Instagram.<\/p>\n","protected":false},"excerpt":{"rendered":"<p>En oraci\u00f3n por la protecci\u00f3n de la vida<\/p>\n","protected":false},"author":15,"featured_media":48969,"comment_status":"closed","ping_status":"closed","sticky":false,"template":"","format":"standard","meta":{"_acf_changed":false,"_crdt_document":"","inline_featured_image":false,"footnotes":""},"categories":[78],"tags":[5529,4953],"class_list":["post-48949","post","type-post","status-publish","format-standard","has-post-thumbnail","hentry","category-defensa-de-la-vida","tag-9-dias-por-la-vida","tag-trending-es"],"acf":[],"yoast_head":"<!-- This site is optimized with the Yoast SEO plugin v27.5 - https:\/\/yoast.com\/product\/yoast-seo-wordpress\/ -->\n<title>Estados Unidos: \u20189 D\u00edas por la Vida\u2019 une a cat\u00f3licos del pa\u00eds &#8211; Exaudi<\/title>\n<meta name=\"description\" content=\"En Estados Unidos, los cat\u00f3licos de todo el pa\u00eds se preparan para rezar \u20189 D\u00edas por la Vida\u2019, la novena anual pro-vida.\" \/>\n<meta name=\"robots\" content=\"index, follow, max-snippet:-1, max-image-preview:large, max-video-preview:-1\" \/>\n<link rel=\"canonical\" href=\"https:\/\/exaudi.org\/es\/estados-unidos-9-dias-por-la-vida-une-a-los-catolicos-del-pais\/\" \/>\n<meta property=\"og:locale\" content=\"es_ES\" \/>\n<meta property=\"og:type\" content=\"article\" \/>\n<meta property=\"og:title\" content=\"Estados Unidos: \u20189 D\u00edas por la Vida\u2019 une a cat\u00f3licos del pa\u00eds &#8211; Exaudi\" \/>\n<meta property=\"og:description\" content=\"En Estados Unidos, los cat\u00f3licos de todo el pa\u00eds se preparan para rezar \u20189 D\u00edas por la Vida\u2019, la novena anual pro-vida.\" \/>\n<meta property=\"og:url\" content=\"https:\/\/exaudi.org\/es\/estados-unidos-9-dias-por-la-vida-une-a-los-catolicos-del-pais\/\" \/>\n<meta property=\"og:site_name\" content=\"Exaudi\" \/>\n<meta property=\"article:publisher\" content=\"https:\/\/www.facebook.com\/ExaudiNews\" \/>\n<meta property=\"article:author\" content=\"https:\/\/www.facebook.com\/ExaudiNoticias\/\" \/>\n<meta property=\"article:published_time\" content=\"2022-01-13T08:24:14+00:00\" \/>\n<meta property=\"article:modified_time\" content=\"2022-01-13T09:20:07+00:00\" \/>\n<meta property=\"og:image\" content=\"https:\/\/exaudi.org\/wp-content\/uploads\/2022\/01\/Disen\u0303o-sin-ti\u0301tulo-20.jpg\" \/>\n\t<meta property=\"og:image:width\" content=\"1500\" \/>\n\t<meta property=\"og:image:height\" content=\"1000\" \/>\n\t<meta property=\"og:image:type\" content=\"image\/jpeg\" \/>\n<meta name=\"author\" content=\"Exaudi Redacci\u00f3n\" \/>\n<meta name=\"twitter:card\" content=\"summary_large_image\" \/>\n<meta name=\"twitter:creator\" content=\"@Exaudi_noticias\" \/>\n<meta name=\"twitter:site\" content=\"@Exaudi_News\" \/>\n<meta name=\"twitter:label1\" content=\"Escrito por\" \/>\n\t<meta name=\"twitter:data1\" content=\"Exaudi Redacci\u00f3n\" \/>\n\t<meta name=\"twitter:label2\" content=\"Tiempo de lectura\" \/>\n\t<meta name=\"twitter:data2\" content=\"2 minutos\" \/>\n<script type=\"application\/ld+json\" class=\"yoast-schema-graph\">{\"@context\":\"https:\\\/\\\/schema.org\",\"@graph\":[{\"@type\":\"Article\",\"@id\":\"https:\\\/\\\/exaudi.org\\\/es\\\/estados-unidos-9-dias-por-la-vida-une-a-los-catolicos-del-pais\\\/#article\",\"isPartOf\":{\"@id\":\"https:\\\/\\\/exaudi.org\\\/es\\\/estados-unidos-9-dias-por-la-vida-une-a-los-catolicos-del-pais\\\/\"},\"author\":{\"name\":\"Exaudi Redacci\u00f3n\",\"@id\":\"https:\\\/\\\/exaudi.org\\\/#\\\/schema\\\/person\\\/f5fc8f063065e38742da7afe15f25df7\"},\"headline\":\"Estados Unidos: \u20189 D\u00edas por la Vida\u2019 une a cat\u00f3licos del pa\u00eds\",\"datePublished\":\"2022-01-13T08:24:14+00:00\",\"dateModified\":\"2022-01-13T09:20:07+00:00\",\"mainEntityOfPage\":{\"@id\":\"https:\\\/\\\/exaudi.org\\\/es\\\/estados-unidos-9-dias-por-la-vida-une-a-los-catolicos-del-pais\\\/\"},\"wordCount\":347,\"image\":{\"@id\":\"https:\\\/\\\/exaudi.org\\\/es\\\/estados-unidos-9-dias-por-la-vida-une-a-los-catolicos-del-pais\\\/#primaryimage\"},\"thumbnailUrl\":\"https:\\\/\\\/exaudi.org\\\/wp-content\\\/uploads\\\/2022\\\/01\\\/Disen\u0303o-sin-ti\u0301tulo-20.jpg\",\"keywords\":[\"9 D\u00edas por la Vida\",\"Trending\"],\"articleSection\":[\"Defensa de la vida\"],\"inLanguage\":\"es\"},{\"@type\":\"WebPage\",\"@id\":\"https:\\\/\\\/exaudi.org\\\/es\\\/estados-unidos-9-dias-por-la-vida-une-a-los-catolicos-del-pais\\\/\",\"url\":\"https:\\\/\\\/exaudi.org\\\/es\\\/estados-unidos-9-dias-por-la-vida-une-a-los-catolicos-del-pais\\\/\",\"name\":\"Estados Unidos: \u20189 D\u00edas por la Vida\u2019 une a cat\u00f3licos del pa\u00eds &#8211; Exaudi\",\"isPartOf\":{\"@id\":\"https:\\\/\\\/exaudi.org\\\/#website\"},\"primaryImageOfPage\":{\"@id\":\"https:\\\/\\\/exaudi.org\\\/es\\\/estados-unidos-9-dias-por-la-vida-une-a-los-catolicos-del-pais\\\/#primaryimage\"},\"image\":{\"@id\":\"https:\\\/\\\/exaudi.org\\\/es\\\/estados-unidos-9-dias-por-la-vida-une-a-los-catolicos-del-pais\\\/#primaryimage\"},\"thumbnailUrl\":\"https:\\\/\\\/exaudi.org\\\/wp-content\\\/uploads\\\/2022\\\/01\\\/Disen\u0303o-sin-ti\u0301tulo-20.jpg\",\"datePublished\":\"2022-01-13T08:24:14+00:00\",\"dateModified\":\"2022-01-13T09:20:07+00:00\",\"author\":{\"@id\":\"https:\\\/\\\/exaudi.org\\\/#\\\/schema\\\/person\\\/f5fc8f063065e38742da7afe15f25df7\"},\"description\":\"En Estados Unidos, los cat\u00f3licos de todo el pa\u00eds se preparan para rezar \u20189 D\u00edas por la Vida\u2019, la novena anual pro-vida.\",\"breadcrumb\":{\"@id\":\"https:\\\/\\\/exaudi.org\\\/es\\\/estados-unidos-9-dias-por-la-vida-une-a-los-catolicos-del-pais\\\/#breadcrumb\"},\"inLanguage\":\"es\",\"potentialAction\":[{\"@type\":\"ReadAction\",\"target\":[\"https:\\\/\\\/exaudi.org\\\/es\\\/estados-unidos-9-dias-por-la-vida-une-a-los-catolicos-del-pais\\\/\"]}]},{\"@type\":\"ImageObject\",\"inLanguage\":\"es\",\"@id\":\"https:\\\/\\\/exaudi.org\\\/es\\\/estados-unidos-9-dias-por-la-vida-une-a-los-catolicos-del-pais\\\/#primaryimage\",\"url\":\"https:\\\/\\\/exaudi.org\\\/wp-content\\\/uploads\\\/2022\\\/01\\\/Disen\u0303o-sin-ti\u0301tulo-20.jpg\",\"contentUrl\":\"https:\\\/\\\/exaudi.org\\\/wp-content\\\/uploads\\\/2022\\\/01\\\/Disen\u0303o-sin-ti\u0301tulo-20.jpg\",\"width\":1500,\"height\":1000,\"caption\":\"Rezar por la vida \u00a9 Cathopic\"},{\"@type\":\"BreadcrumbList\",\"@id\":\"https:\\\/\\\/exaudi.org\\\/es\\\/estados-unidos-9-dias-por-la-vida-une-a-los-catolicos-del-pais\\\/#breadcrumb\",\"itemListElement\":[{\"@type\":\"ListItem\",\"position\":1,\"name\":\"Portada\",\"item\":\"https:\\\/\\\/exaudi.org\\\/es\\\/\"},{\"@type\":\"ListItem\",\"position\":2,\"name\":\"Estados Unidos: \u20189 D\u00edas por la Vida\u2019 une a cat\u00f3licos del pa\u00eds\"}]},{\"@type\":\"WebSite\",\"@id\":\"https:\\\/\\\/exaudi.org\\\/#website\",\"url\":\"https:\\\/\\\/exaudi.org\\\/\",\"name\":\"Exaudi\",\"description\":\"News\",\"potentialAction\":[{\"@type\":\"SearchAction\",\"target\":{\"@type\":\"EntryPoint\",\"urlTemplate\":\"https:\\\/\\\/exaudi.org\\\/?s={search_term_string}\"},\"query-input\":{\"@type\":\"PropertyValueSpecification\",\"valueRequired\":true,\"valueName\":\"search_term_string\"}}],\"inLanguage\":\"es\"},{\"@type\":\"Person\",\"@id\":\"https:\\\/\\\/exaudi.org\\\/#\\\/schema\\\/person\\\/f5fc8f063065e38742da7afe15f25df7\",\"name\":\"Exaudi Redacci\u00f3n\",\"image\":{\"@type\":\"ImageObject\",\"inLanguage\":\"es\",\"@id\":\"https:\\\/\\\/secure.gravatar.com\\\/avatar\\\/fe0f6a059fb68d9b3e11bc5850dd4899b1c7492091a3cb6dd9b01b56ad828be2?s=96&d=mm&r=g\",\"url\":\"https:\\\/\\\/secure.gravatar.com\\\/avatar\\\/fe0f6a059fb68d9b3e11bc5850dd4899b1c7492091a3cb6dd9b01b56ad828be2?s=96&d=mm&r=g\",\"contentUrl\":\"https:\\\/\\\/secure.gravatar.com\\\/avatar\\\/fe0f6a059fb68d9b3e11bc5850dd4899b1c7492091a3cb6dd9b01b56ad828be2?s=96&d=mm&r=g\",\"caption\":\"Exaudi Redacci\u00f3n\"},\"description\":\"\u00bfQu\u00e9 es Exaudi News? Exaudi News es un medio de comunicaci\u00f3n cat\u00f3lico internacional que informa, forma y transforma, diariamente en espa\u00f1ol, ingl\u00e9s e italiano. A trav\u00e9s de noticias, art\u00edculos de an\u00e1lisis y transmisiones en directo de los eventos del Papa, Exaudi busca fortalecer la unidad de los cristianos y contribuir a la evangelizaci\u00f3n del mundo, siempre guiados por la doctrina social de la Iglesia. Trabajamos para acercar la verdad y los valores cristianos a cada rinc\u00f3n del planeta. \u00a1Ay\u00fadanos a transformar el mundo con Exaudi! En Exaudi creemos que la evangelizaci\u00f3n y la informaci\u00f3n de calidad pueden cambiar vidas. Para continuar con nuestra misi\u00f3n y expandir nuestro alcance, necesitamos tu ayuda. Adem\u00e1s, buscamos personas comprometidas que deseen unirse a nuestro equipo. Con tu apoyo, lograremos llegar a m\u00e1s personas, difundir el mensaje de Cristo y reforzar la unidad de los cristianos. \u00bfTe unes a nuestra misi\u00f3n? Para m\u00e1s informaci\u00f3n sobre c\u00f3mo colaborar, visita Exaudi.org\\\/es o cont\u00e1ctanos directamente: info@exaudi.org Exaudi: Informa, forma y transforma.\",\"sameAs\":[\"https:\\\/\\\/www.facebook.com\\\/ExaudiNoticias\\\/\",\"https:\\\/\\\/www.instagram.com\\\/exaudi_noticias\\\/\",\"https:\\\/\\\/x.com\\\/Exaudi_noticias\",\"https:\\\/\\\/www.youtube.com\\\/@exaudicatholicnews\"],\"url\":\"https:\\\/\\\/exaudi.org\\\/es\\\/author\\\/redaccionexaudi\\\/\"}]}<\/script>\n<!-- \/ Yoast SEO plugin. -->","yoast_head_json":{"title":"Estados Unidos: \u20189 D\u00edas por la Vida\u2019 une a cat\u00f3licos del pa\u00eds &#8211; Exaudi","description":"En Estados Unidos, los cat\u00f3licos de todo el pa\u00eds se preparan para rezar \u20189 D\u00edas por la Vida\u2019, la novena anual pro-vida.","robots":{"index":"index","follow":"follow","max-snippet":"max-snippet:-1","max-image-preview":"max-image-preview:large","max-video-preview":"max-video-preview:-1"},"canonical":"https:\/\/exaudi.org\/es\/estados-unidos-9-dias-por-la-vida-une-a-los-catolicos-del-pais\/","og_locale":"es_ES","og_type":"article","og_title":"Estados Unidos: \u20189 D\u00edas por la Vida\u2019 une a cat\u00f3licos del pa\u00eds &#8211; Exaudi","og_description":"En Estados Unidos, los cat\u00f3licos de todo el pa\u00eds se preparan para rezar \u20189 D\u00edas por la Vida\u2019, la novena anual pro-vida.","og_url":"https:\/\/exaudi.org\/es\/estados-unidos-9-dias-por-la-vida-une-a-los-catolicos-del-pais\/","og_site_name":"Exaudi","article_publisher":"https:\/\/www.facebook.com\/ExaudiNews","article_author":"https:\/\/www.facebook.com\/ExaudiNoticias\/","article_published_time":"2022-01-13T08:24:14+00:00","article_modified_time":"2022-01-13T09:20:07+00:00","og_image":[{"width":1500,"height":1000,"url":"https:\/\/exaudi.org\/wp-content\/uploads\/2022\/01\/Disen\u0303o-sin-ti\u0301tulo-20.jpg","type":"image\/jpeg"}],"author":"Exaudi Redacci\u00f3n","twitter_card":"summary_large_image","twitter_creator":"@Exaudi_noticias","twitter_site":"@Exaudi_News","twitter_misc":{"Escrito por":"Exaudi Redacci\u00f3n","Tiempo de lectura":"2 minutos"},"schema":{"@context":"https:\/\/schema.org","@graph":[{"@type":"Article","@id":"https:\/\/exaudi.org\/es\/estados-unidos-9-dias-por-la-vida-une-a-los-catolicos-del-pais\/#article","isPartOf":{"@id":"https:\/\/exaudi.org\/es\/estados-unidos-9-dias-por-la-vida-une-a-los-catolicos-del-pais\/"},"author":{"name":"Exaudi Redacci\u00f3n","@id":"https:\/\/exaudi.org\/#\/schema\/person\/f5fc8f063065e38742da7afe15f25df7"},"headline":"Estados Unidos: \u20189 D\u00edas por la Vida\u2019 une a cat\u00f3licos del pa\u00eds","datePublished":"2022-01-13T08:24:14+00:00","dateModified":"2022-01-13T09:20:07+00:00","mainEntityOfPage":{"@id":"https:\/\/exaudi.org\/es\/estados-unidos-9-dias-por-la-vida-une-a-los-catolicos-del-pais\/"},"wordCount":347,"image":{"@id":"https:\/\/exaudi.org\/es\/estados-unidos-9-dias-por-la-vida-une-a-los-catolicos-del-pais\/#primaryimage"},"thumbnailUrl":"https:\/\/exaudi.org\/wp-content\/uploads\/2022\/01\/Disen\u0303o-sin-ti\u0301tulo-20.jpg","keywords":["9 D\u00edas por la Vida","Trending"],"articleSection":["Defensa de la vida"],"inLanguage":"es"},{"@type":"WebPage","@id":"https:\/\/exaudi.org\/es\/estados-unidos-9-dias-por-la-vida-une-a-los-catolicos-del-pais\/","url":"https:\/\/exaudi.org\/es\/estados-unidos-9-dias-por-la-vida-une-a-los-catolicos-del-pais\/","name":"Estados Unidos: \u20189 D\u00edas por la Vida\u2019 une a cat\u00f3licos del pa\u00eds &#8211; Exaudi","isPartOf":{"@id":"https:\/\/exaudi.org\/#website"},"primaryImageOfPage":{"@id":"https:\/\/exaudi.org\/es\/estados-unidos-9-dias-por-la-vida-une-a-los-catolicos-del-pais\/#primaryimage"},"image":{"@id":"https:\/\/exaudi.org\/es\/estados-unidos-9-dias-por-la-vida-une-a-los-catolicos-del-pais\/#primaryimage"},"thumbnailUrl":"https:\/\/exaudi.org\/wp-content\/uploads\/2022\/01\/Disen\u0303o-sin-ti\u0301tulo-20.jpg","datePublished":"2022-01-13T08:24:14+00:00","dateModified":"2022-01-13T09:20:07+00:00","author":{"@id":"https:\/\/exaudi.org\/#\/schema\/person\/f5fc8f063065e38742da7afe15f25df7"},"description":"En Estados Unidos, los cat\u00f3licos de todo el pa\u00eds se preparan para rezar \u20189 D\u00edas por la Vida\u2019, la novena anual pro-vida.","breadcrumb":{"@id":"https:\/\/exaudi.org\/es\/estados-unidos-9-dias-por-la-vida-une-a-los-catolicos-del-pais\/#breadcrumb"},"inLanguage":"es","potentialAction":[{"@type":"ReadAction","target":["https:\/\/exaudi.org\/es\/estados-unidos-9-dias-por-la-vida-une-a-los-catolicos-del-pais\/"]}]},{"@type":"ImageObject","inLanguage":"es","@id":"https:\/\/exaudi.org\/es\/estados-unidos-9-dias-por-la-vida-une-a-los-catolicos-del-pais\/#primaryimage","url":"https:\/\/exaudi.org\/wp-content\/uploads\/2022\/01\/Disen\u0303o-sin-ti\u0301tulo-20.jpg","contentUrl":"https:\/\/exaudi.org\/wp-content\/uploads\/2022\/01\/Disen\u0303o-sin-ti\u0301tulo-20.jpg","width":1500,"height":1000,"caption":"Rezar por la vida \u00a9 Cathopic"},{"@type":"BreadcrumbList","@id":"https:\/\/exaudi.org\/es\/estados-unidos-9-dias-por-la-vida-une-a-los-catolicos-del-pais\/#breadcrumb","itemListElement":[{"@type":"ListItem","position":1,"name":"Portada","item":"https:\/\/exaudi.org\/es\/"},{"@type":"ListItem","position":2,"name":"Estados Unidos: \u20189 D\u00edas por la Vida\u2019 une a cat\u00f3licos del pa\u00eds"}]},{"@type":"WebSite","@id":"https:\/\/exaudi.org\/#website","url":"https:\/\/exaudi.org\/","name":"Exaudi","description":"News","potentialAction":[{"@type":"SearchAction","target":{"@type":"EntryPoint","urlTemplate":"https:\/\/exaudi.org\/?s={search_term_string}"},"query-input":{"@type":"PropertyValueSpecification","valueRequired":true,"valueName":"search_term_string"}}],"inLanguage":"es"},{"@type":"Person","@id":"https:\/\/exaudi.org\/#\/schema\/person\/f5fc8f063065e38742da7afe15f25df7","name":"Exaudi Redacci\u00f3n","image":{"@type":"ImageObject","inLanguage":"es","@id":"https:\/\/secure.gravatar.com\/avatar\/fe0f6a059fb68d9b3e11bc5850dd4899b1c7492091a3cb6dd9b01b56ad828be2?s=96&d=mm&r=g","url":"https:\/\/secure.gravatar.com\/avatar\/fe0f6a059fb68d9b3e11bc5850dd4899b1c7492091a3cb6dd9b01b56ad828be2?s=96&d=mm&r=g","contentUrl":"https:\/\/secure.gravatar.com\/avatar\/fe0f6a059fb68d9b3e11bc5850dd4899b1c7492091a3cb6dd9b01b56ad828be2?s=96&d=mm&r=g","caption":"Exaudi Redacci\u00f3n"},"description":"\u00bfQu\u00e9 es Exaudi News? Exaudi News es un medio de comunicaci\u00f3n cat\u00f3lico internacional que informa, forma y transforma, diariamente en espa\u00f1ol, ingl\u00e9s e italiano. A trav\u00e9s de noticias, art\u00edculos de an\u00e1lisis y transmisiones en directo de los eventos del Papa, Exaudi busca fortalecer la unidad de los cristianos y contribuir a la evangelizaci\u00f3n del mundo, siempre guiados por la doctrina social de la Iglesia. Trabajamos para acercar la verdad y los valores cristianos a cada rinc\u00f3n del planeta. \u00a1Ay\u00fadanos a transformar el mundo con Exaudi! En Exaudi creemos que la evangelizaci\u00f3n y la informaci\u00f3n de calidad pueden cambiar vidas. Para continuar con nuestra misi\u00f3n y expandir nuestro alcance, necesitamos tu ayuda. Adem\u00e1s, buscamos personas comprometidas que deseen unirse a nuestro equipo. Con tu apoyo, lograremos llegar a m\u00e1s personas, difundir el mensaje de Cristo y reforzar la unidad de los cristianos. \u00bfTe unes a nuestra misi\u00f3n? Para m\u00e1s informaci\u00f3n sobre c\u00f3mo colaborar, visita Exaudi.org\/es o cont\u00e1ctanos directamente: info@exaudi.org Exaudi: Informa, forma y transforma.","sameAs":["https:\/\/www.facebook.com\/ExaudiNoticias\/","https:\/\/www.instagram.com\/exaudi_noticias\/","https:\/\/x.com\/Exaudi_noticias","https:\/\/www.youtube.com\/@exaudicatholicnews"],"url":"https:\/\/exaudi.org\/es\/author\/redaccionexaudi\/"}]}},"jetpack_featured_media_url":"https:\/\/exaudi.org\/wp-content\/uploads\/2022\/01\/Disen\u0303o-sin-ti\u0301tulo-20.jpg","jetpack_shortlink":"https:\/\/wp.me\/pgKjF2-cJv","_links":{"self":[{"href":"https:\/\/exaudi.org\/es\/wp-json\/wp\/v2\/posts\/48949","targetHints":{"allow":["GET"]}}],"collection":[{"href":"https:\/\/exaudi.org\/es\/wp-json\/wp\/v2\/posts"}],"about":[{"href":"https:\/\/exaudi.org\/es\/wp-json\/wp\/v2\/types\/post"}],"author":[{"embeddable":true,"href":"https:\/\/exaudi.org\/es\/wp-json\/wp\/v2\/users\/15"}],"replies":[{"embeddable":true,"href":"https:\/\/exaudi.org\/es\/wp-json\/wp\/v2\/comments?post=48949"}],"version-history":[{"count":0,"href":"https:\/\/exaudi.org\/es\/wp-json\/wp\/v2\/posts\/48949\/revisions"}],"wp:featuredmedia":[{"embeddable":true,"href":"https:\/\/exaudi.org\/es\/wp-json\/wp\/v2\/media\/48969"}],"wp:attachment":[{"href":"https:\/\/exaudi.org\/es\/wp-json\/wp\/v2\/media?parent=48949"}],"wp:term":[{"taxonomy":"category","embeddable":true,"href":"https:\/\/exaudi.org\/es\/wp-json\/wp\/v2\/categories?post=48949"},{"taxonomy":"post_tag","embeddable":true,"href":"https:\/\/exaudi.org\/es\/wp-json\/wp\/v2\/tags?post=48949"}],"curies":[{"name":"wp","href":"https:\/\/api.w.org\/{rel}","templated":true}]}}