{"id":48814,"date":"2022-01-12T09:51:59","date_gmt":"2022-01-12T08:51:59","guid":{"rendered":"https:\/\/exaudi.org\/?p=48814"},"modified":"2022-01-12T09:51:59","modified_gmt":"2022-01-12T08:51:59","slug":"cardenal-arizmendi-invierno-demografico","status":"publish","type":"post","link":"https:\/\/exaudi.org\/es\/cardenal-arizmendi-invierno-demografico\/","title":{"rendered":"Cardenal Arizmendi: Invierno demogr\u00e1fico"},"content":{"rendered":"<p>El\u00a0<a href=\"https:\/\/exaudi.wpengine.com\/es\/author\/felipearizmendi\/\" target=\"_blank\" rel=\"noopener\">cardenal Felipe Arizmendi Esquivel<\/a>, obispo em\u00e9rito de San Crist\u00f3bal de Las Casas y responsable de la Doctrina de la Fe en la\u00a0<a href=\"https:\/\/www.cem.org.mx\/\" target=\"_blank\" rel=\"noopener\">Conferencia del Episcopado Mexicano (CEM)<\/a>, ofrece a los lectores de Exaudi su art\u00edculo semanal titulado \u201cInvierno demogr\u00e1fico\u201d.<\/p>\n<p>&nbsp;<\/p>\n<p>***<\/p>\n<h2><strong>Mirar<\/strong><\/h2>\n<p>Hace a\u00f1os, viajando a Roma v\u00eda Par\u00eds, me toc\u00f3 como compa\u00f1ero de asiento un empresario franc\u00e9s, que hablaba perfectamente castellano, y regresaba de una gira por varios pa\u00edses latinoamericanos. Me pidi\u00f3: Diga a los mexicanos que no pierdan el gran valor que a\u00fan conservan, la familia. Me explic\u00f3 que en Francia ya se hab\u00eda perdido el valor de la familia y estaban preocupados porque \u00bfqui\u00e9n iba a cubrir su jubilaci\u00f3n? Al ya no haber ni\u00f1os, ni j\u00f3venes, ni personas en edad productiva, ten\u00edan que permitir el ingreso de migrantes, cientos de ellos musulmanes, con otra cultura, y su pa\u00eds tendr\u00eda que cambiar, o poner en peligro su supervivencia como naci\u00f3n. Su preocupaci\u00f3n no era religiosa, sino cultural, econ\u00f3mica, social y laboral. Esto mismo est\u00e1 pasando en otros pa\u00edses europeos. Eso explica que varios han implementado pol\u00edticas en favor de la familia nativa, alentando que las parejas tengan m\u00e1s hijos, y para ello les apoyan con programas econ\u00f3micos, reducci\u00f3n de impuestos y rentas.<\/p>\n<p>Una buena cantidad de personas mayores procedemos de familias m\u00e1s o menos numerosas. En casa, fuimos siete hermanos. Crecimos en un ambiente campesino, con las limitaciones propias de aquellos tiempos, pero nunca reprochamos a nuestros padres habernos tra\u00eddo a la vida; al contrario. Trabajaron much\u00edsimo por nosotros y desgastaron su vida para que nada nos faltara. Les estamos muy reconocidos. Esto mismo pueden decir t\u00e1ntos de ustedes. \u00bfA qui\u00e9n de tus parientes quisieras que lo hubieran abortado? Aunque no faltan problemas familiares, siempre es mejor contar con una familia que carecer de ella. Durante esta pandemia COVID, \u00a1qu\u00e9 gran apoyo han sido los diferentes miembros de una numerosa familia, que se ayudan unos a otros, y cu\u00e1nto han sufrido quienes proceden de una familia excesivamente peque\u00f1a! Lo mismo pasa en otras circunstancias, alegres o tristes. La base de todo es una familia bien integrada.<\/p>\n<p>Hoy muchos j\u00f3venes no quieren casarse, y si lo hacen, no quieren hijos. Estos les parecen molestos y como un estorbo para su vida y desarrollo personal. \u00a1Qu\u00e9 bueno que muchas mujeres se han liberado de una esclavitud del hogar, pero varias se han ido al extremo contrario! No faltan quienes deciden unirse a otra persona, e incluso casarse por ambas leyes, pero se resisten a procrear. Y cuando lo quieren hacer, su organismo ya no responde, por tanta cosa que han tomado para evitar la natalidad. La naturaleza no perdona.<\/p>\n<h2><strong>Discernir<\/strong><\/h2>\n<p>El Papa Francisco, en su alocuci\u00f3n antes del Angelus del domingo de la Sagrada Familia, dijo:<\/p>\n<p>\u201cHablando de la familia, me viene a la mente una preocupaci\u00f3n, una verdadera preocupaci\u00f3n, al menos aqu\u00ed en Italia: el invierno demogr\u00e1fico. Parece que muchos han perdido la aspiraci\u00f3n de seguir adelante con los hijos y muchas parejas prefieren quedarse sin hijos, o con uno solo. Piensen en esto, es una tragedia. Hagamos todo lo posible para recuperar nuestra conciencia, para superar este invierno demogr\u00e1fico que va contra nuestras familias, contra nuestra patria, incluso contra nuestro futuro\u201d (26-XII-2021).<\/p>\n<p>Y en su reciente catequesis de los mi\u00e9rcoles, lo remarc\u00f3: \u201cLa gente no quiere tener hijos, o solamente uno y nada m\u00e1s. Y muchas parejas no tienen hijos porque no quieren, o tienen solamente uno porque no quieren otros; pero tienen dos perros, dos gatos\u2026 S\u00ed, perros y gatos ocupan el lugar de los hijos. S\u00ed, hace re\u00edr, lo entiendo, pero es la realidad. Y este hecho de renegar de la paternidad y la maternidad nos rebaja, nos quita humanidad. Y as\u00ed la civilizaci\u00f3n se vuelve m\u00e1s vieja y sin humanidad, porque se pierde la riqueza de la paternidad y de la maternidad. Y sufre la Patria, que no tiene hijos y \u2015como dec\u00eda uno de manera un poco humor\u00edstica\u2015 \u201cy ahora que no hay hijos, \u00bfqui\u00e9n pagar\u00e1 los impuestos para mi pensi\u00f3n? \u00bfQui\u00e9n se har\u00e1 cargo de m\u00ed?\u201d\u2026 Re\u00eda, pero es la verdad.<\/p>\n<p>Yo le pido a san Jos\u00e9 la gracia de despertar las conciencias y pensar en esto: en tener hijos. La paternidad y la maternidad son la plenitud de la vida de una persona. Pensad en esto. Es cierto, est\u00e1 la paternidad espiritual para quien se consagra a Dios y la maternidad espiritual; pero quien vive en el mundo y se casa, debe pensar en tener hijos, en dar la vida, porque ser\u00e1n ellos los que les cerrar\u00e1n los ojos, los que pensar\u00e1n en su futuro. Y, si no pod\u00e9is tener hijos, pensad en la adopci\u00f3n. Es un riesgo, s\u00ed: tener un hijo siempre es un riesgo, tanto si es natural como si es por adopci\u00f3n. Pero es m\u00e1s arriesgado no tenerlos. M\u00e1s arriesgado es negar la paternidad, negar la maternidad, tanto la real como la espiritual. A un hombre y una mujer que voluntariamente no desarrollan el sentido de la paternidad y de la maternidad, les falta algo principal, importante. Pensad en esto, por favor\u201d (5-I-2022).<\/p>\n<h2><strong>Actuar<\/strong><\/h2>\n<p>Apreciemos en todo lo que vale nuestra familia, m\u00e1s o menos extensa, o como sea. Animemos a los j\u00f3venes a establecer un hogar bien cimentado, tambi\u00e9n con el sacramento, y que sean valientes y generosos para tener los hijos que prudentemente puedan educar. En ello se juegan su propio futuro, el del pa\u00eds y de la Iglesia.<\/p>\n<audio class=\"wp-audio-shortcode\" id=\"audio-48814-1\" preload=\"none\" style=\"width: 100%;\" controls=\"controls\"><source type=\"audio\/mpeg\" src=\"https:\/\/exaudi.org\/wp-content\/uploads\/2022\/01\/Arti\u0301culo-12-enero.mp3?_=1\" \/><a href=\"https:\/\/exaudi.org\/wp-content\/uploads\/2022\/01\/Arti\u0301culo-12-enero.mp3\">https:\/\/exaudi.org\/wp-content\/uploads\/2022\/01\/Arti\u0301culo-12-enero.mp3<\/a><\/audio>\n","protected":false},"excerpt":{"rendered":"<p>La base de todo es una familia bien integrada<\/p>\n","protected":false},"author":24,"featured_media":48818,"comment_status":"closed","ping_status":"closed","sticky":false,"template":"","format":"standard","meta":{"_acf_changed":false,"_crdt_document":"","inline_featured_image":false,"footnotes":""},"categories":[130],"tags":[617,5512,4953],"class_list":["post-48814","post","type-post","status-publish","format-standard","has-post-thumbnail","hentry","category-voces","tag-familia","tag-invierno-demografico","tag-trending-es"],"acf":[],"yoast_head":"<!-- This site is optimized with the Yoast SEO plugin v27.5 - https:\/\/yoast.com\/product\/yoast-seo-wordpress\/ -->\n<title>Cardenal Arizmendi: Invierno demogr\u00e1fico &#8211; Exaudi<\/title>\n<meta name=\"description\" content=\"El\u00a0cardenal Arizmendi, obispo em\u00e9rito de San Crist\u00f3bal de Las Casas ofrece su art\u00edculo semanal titulado \u201cInvierno demogr\u00e1fico\u201d.\" \/>\n<meta name=\"robots\" content=\"index, follow, max-snippet:-1, max-image-preview:large, max-video-preview:-1\" \/>\n<link rel=\"canonical\" href=\"https:\/\/exaudi.org\/es\/cardenal-arizmendi-invierno-demografico\/\" \/>\n<meta property=\"og:locale\" content=\"es_ES\" \/>\n<meta property=\"og:type\" content=\"article\" \/>\n<meta property=\"og:title\" content=\"Cardenal Arizmendi: Invierno demogr\u00e1fico &#8211; Exaudi\" \/>\n<meta property=\"og:description\" content=\"El\u00a0cardenal Arizmendi, obispo em\u00e9rito de San Crist\u00f3bal de Las Casas ofrece su art\u00edculo semanal titulado \u201cInvierno demogr\u00e1fico\u201d.\" \/>\n<meta property=\"og:url\" content=\"https:\/\/exaudi.org\/es\/cardenal-arizmendi-invierno-demografico\/\" \/>\n<meta property=\"og:site_name\" content=\"Exaudi\" \/>\n<meta property=\"article:publisher\" content=\"https:\/\/www.facebook.com\/ExaudiNews\" \/>\n<meta property=\"article:published_time\" content=\"2022-01-12T08:51:59+00:00\" \/>\n<meta property=\"og:image\" content=\"https:\/\/exaudi.org\/wp-content\/uploads\/2022\/01\/Disen\u0303o-sin-ti\u0301tulo-16.jpg\" \/>\n\t<meta property=\"og:image:width\" content=\"1500\" \/>\n\t<meta property=\"og:image:height\" content=\"1000\" \/>\n\t<meta property=\"og:image:type\" content=\"image\/jpeg\" \/>\n<meta name=\"author\" content=\"Cardenal Felipe Arizmendi\" \/>\n<meta name=\"twitter:card\" content=\"summary_large_image\" \/>\n<meta name=\"twitter:creator\" content=\"@Exaudi_News\" \/>\n<meta name=\"twitter:site\" content=\"@Exaudi_News\" \/>\n<meta name=\"twitter:label1\" content=\"Escrito por\" \/>\n\t<meta name=\"twitter:data1\" content=\"Cardenal Felipe Arizmendi\" \/>\n\t<meta name=\"twitter:label2\" content=\"Tiempo de lectura\" \/>\n\t<meta name=\"twitter:data2\" content=\"5 minutos\" \/>\n<script type=\"application\/ld+json\" class=\"yoast-schema-graph\">{\"@context\":\"https:\\\/\\\/schema.org\",\"@graph\":[{\"@type\":\"Article\",\"@id\":\"https:\\\/\\\/exaudi.org\\\/es\\\/cardenal-arizmendi-invierno-demografico\\\/#article\",\"isPartOf\":{\"@id\":\"https:\\\/\\\/exaudi.org\\\/es\\\/cardenal-arizmendi-invierno-demografico\\\/\"},\"author\":{\"name\":\"Cardenal Felipe Arizmendi\",\"@id\":\"https:\\\/\\\/exaudi.org\\\/#\\\/schema\\\/person\\\/c7d223f87e58f1105d044d8da1439102\"},\"headline\":\"Cardenal Arizmendi: Invierno demogr\u00e1fico\",\"datePublished\":\"2022-01-12T08:51:59+00:00\",\"mainEntityOfPage\":{\"@id\":\"https:\\\/\\\/exaudi.org\\\/es\\\/cardenal-arizmendi-invierno-demografico\\\/\"},\"wordCount\":983,\"image\":{\"@id\":\"https:\\\/\\\/exaudi.org\\\/es\\\/cardenal-arizmendi-invierno-demografico\\\/#primaryimage\"},\"thumbnailUrl\":\"https:\\\/\\\/exaudi.org\\\/wp-content\\\/uploads\\\/2022\\\/01\\\/Disen\u0303o-sin-ti\u0301tulo-16.jpg\",\"keywords\":[\"Familia\",\"Invierno demogr\u00e1fico\",\"Trending\"],\"articleSection\":[\"Voces\"],\"inLanguage\":\"es\"},{\"@type\":\"WebPage\",\"@id\":\"https:\\\/\\\/exaudi.org\\\/es\\\/cardenal-arizmendi-invierno-demografico\\\/\",\"url\":\"https:\\\/\\\/exaudi.org\\\/es\\\/cardenal-arizmendi-invierno-demografico\\\/\",\"name\":\"Cardenal Arizmendi: Invierno demogr\u00e1fico &#8211; Exaudi\",\"isPartOf\":{\"@id\":\"https:\\\/\\\/exaudi.org\\\/#website\"},\"primaryImageOfPage\":{\"@id\":\"https:\\\/\\\/exaudi.org\\\/es\\\/cardenal-arizmendi-invierno-demografico\\\/#primaryimage\"},\"image\":{\"@id\":\"https:\\\/\\\/exaudi.org\\\/es\\\/cardenal-arizmendi-invierno-demografico\\\/#primaryimage\"},\"thumbnailUrl\":\"https:\\\/\\\/exaudi.org\\\/wp-content\\\/uploads\\\/2022\\\/01\\\/Disen\u0303o-sin-ti\u0301tulo-16.jpg\",\"datePublished\":\"2022-01-12T08:51:59+00:00\",\"author\":{\"@id\":\"https:\\\/\\\/exaudi.org\\\/#\\\/schema\\\/person\\\/c7d223f87e58f1105d044d8da1439102\"},\"description\":\"El\u00a0cardenal Arizmendi, obispo em\u00e9rito de San Crist\u00f3bal de Las Casas ofrece su art\u00edculo semanal titulado \u201cInvierno demogr\u00e1fico\u201d.\",\"breadcrumb\":{\"@id\":\"https:\\\/\\\/exaudi.org\\\/es\\\/cardenal-arizmendi-invierno-demografico\\\/#breadcrumb\"},\"inLanguage\":\"es\",\"potentialAction\":[{\"@type\":\"ReadAction\",\"target\":[\"https:\\\/\\\/exaudi.org\\\/es\\\/cardenal-arizmendi-invierno-demografico\\\/\"]}]},{\"@type\":\"ImageObject\",\"inLanguage\":\"es\",\"@id\":\"https:\\\/\\\/exaudi.org\\\/es\\\/cardenal-arizmendi-invierno-demografico\\\/#primaryimage\",\"url\":\"https:\\\/\\\/exaudi.org\\\/wp-content\\\/uploads\\\/2022\\\/01\\\/Disen\u0303o-sin-ti\u0301tulo-16.jpg\",\"contentUrl\":\"https:\\\/\\\/exaudi.org\\\/wp-content\\\/uploads\\\/2022\\\/01\\\/Disen\u0303o-sin-ti\u0301tulo-16.jpg\",\"width\":1500,\"height\":1000,\"caption\":\"Nacimientos en las familias \u00a9 Canva\"},{\"@type\":\"BreadcrumbList\",\"@id\":\"https:\\\/\\\/exaudi.org\\\/es\\\/cardenal-arizmendi-invierno-demografico\\\/#breadcrumb\",\"itemListElement\":[{\"@type\":\"ListItem\",\"position\":1,\"name\":\"Portada\",\"item\":\"https:\\\/\\\/exaudi.org\\\/es\\\/\"},{\"@type\":\"ListItem\",\"position\":2,\"name\":\"Cardenal Arizmendi: Invierno demogr\u00e1fico\"}]},{\"@type\":\"WebSite\",\"@id\":\"https:\\\/\\\/exaudi.org\\\/#website\",\"url\":\"https:\\\/\\\/exaudi.org\\\/\",\"name\":\"Exaudi\",\"description\":\"News\",\"potentialAction\":[{\"@type\":\"SearchAction\",\"target\":{\"@type\":\"EntryPoint\",\"urlTemplate\":\"https:\\\/\\\/exaudi.org\\\/?s={search_term_string}\"},\"query-input\":{\"@type\":\"PropertyValueSpecification\",\"valueRequired\":true,\"valueName\":\"search_term_string\"}}],\"inLanguage\":\"es\"},{\"@type\":\"Person\",\"@id\":\"https:\\\/\\\/exaudi.org\\\/#\\\/schema\\\/person\\\/c7d223f87e58f1105d044d8da1439102\",\"name\":\"Cardenal Felipe Arizmendi\",\"image\":{\"@type\":\"ImageObject\",\"inLanguage\":\"es\",\"@id\":\"https:\\\/\\\/secure.gravatar.com\\\/avatar\\\/4ffc5520d896b86d39346168903de33a17ef0f23d16de0ff45062c1ff422ed2f?s=96&d=mm&r=g\",\"url\":\"https:\\\/\\\/secure.gravatar.com\\\/avatar\\\/4ffc5520d896b86d39346168903de33a17ef0f23d16de0ff45062c1ff422ed2f?s=96&d=mm&r=g\",\"contentUrl\":\"https:\\\/\\\/secure.gravatar.com\\\/avatar\\\/4ffc5520d896b86d39346168903de33a17ef0f23d16de0ff45062c1ff422ed2f?s=96&d=mm&r=g\",\"caption\":\"Cardenal Felipe Arizmendi\"},\"description\":\"Nacido en Chiltepec el 1 de mayo de 1940. Estudi\u00f3 Humanidades y Filosof\u00eda en el Seminario de Toluca, de 1952 a 1959. Curs\u00f3 la Teolog\u00eda en la Universidad Pontificia de Salamanca, Espa\u00f1a, de 1959 a 1963, obteniendo la licenciatura en Teolog\u00eda Dogm\u00e1tica. Por su cuenta, se especializ\u00f3 en Liturgia. Fue ordenado sacerdote el 25 de agosto de 1963 en Toluca. Sirvi\u00f3 como Vicario Parroquial en tres parroquias por tres a\u00f1os y medio y fue p\u00e1rroco de una comunidad ind\u00edgena otom\u00ed, de 1967 a 1970. Fue Director Espiritual del Seminario de Toluca por diez a\u00f1os, y Rector del mismo de 1981 a 1991. El 7 de marzo de 1991, fue ordenado obispo de la di\u00f3cesis de Tapachula, donde estuvo hasta el 30 de abril del a\u00f1o 2000. El 1 de mayo del 2000, inici\u00f3 su ministerio episcopal como XLVI obispo de la di\u00f3cesis de San Crist\u00f3bal de las Casas, Chiapas, una de las di\u00f3cesis m\u00e1s antiguas de M\u00e9xico, erigida en 1539; all\u00ed sirvi\u00f3 por casi 18 a\u00f1os. Ha ocupado diversos cargos en la Conferencia del Episcopado Mexicano y en el CELAM. El 3 de noviembre de 2017, el Papa Francisco le acept\u00f3, por edad, su renuncia al servicio episcopal en esta di\u00f3cesis, que entreg\u00f3 a su sucesor el 3 de enero de 2018. Desde entonces, reside en la ciudad de Toluca. Desde 1979, escribe art\u00edculos de actualidad en varios medios religiosos y civiles. Es autor de varias publicaciones.\",\"url\":\"https:\\\/\\\/exaudi.org\\\/es\\\/author\\\/felipearizmendi\\\/\"}]}<\/script>\n<!-- \/ Yoast SEO plugin. -->","yoast_head_json":{"title":"Cardenal Arizmendi: Invierno demogr\u00e1fico &#8211; Exaudi","description":"El\u00a0cardenal Arizmendi, obispo em\u00e9rito de San Crist\u00f3bal de Las Casas ofrece su art\u00edculo semanal titulado \u201cInvierno demogr\u00e1fico\u201d.","robots":{"index":"index","follow":"follow","max-snippet":"max-snippet:-1","max-image-preview":"max-image-preview:large","max-video-preview":"max-video-preview:-1"},"canonical":"https:\/\/exaudi.org\/es\/cardenal-arizmendi-invierno-demografico\/","og_locale":"es_ES","og_type":"article","og_title":"Cardenal Arizmendi: Invierno demogr\u00e1fico &#8211; Exaudi","og_description":"El\u00a0cardenal Arizmendi, obispo em\u00e9rito de San Crist\u00f3bal de Las Casas ofrece su art\u00edculo semanal titulado \u201cInvierno demogr\u00e1fico\u201d.","og_url":"https:\/\/exaudi.org\/es\/cardenal-arizmendi-invierno-demografico\/","og_site_name":"Exaudi","article_publisher":"https:\/\/www.facebook.com\/ExaudiNews","article_published_time":"2022-01-12T08:51:59+00:00","og_image":[{"width":1500,"height":1000,"url":"https:\/\/exaudi.org\/wp-content\/uploads\/2022\/01\/Disen\u0303o-sin-ti\u0301tulo-16.jpg","type":"image\/jpeg"}],"author":"Cardenal Felipe Arizmendi","twitter_card":"summary_large_image","twitter_creator":"@Exaudi_News","twitter_site":"@Exaudi_News","twitter_misc":{"Escrito por":"Cardenal Felipe Arizmendi","Tiempo de lectura":"5 minutos"},"schema":{"@context":"https:\/\/schema.org","@graph":[{"@type":"Article","@id":"https:\/\/exaudi.org\/es\/cardenal-arizmendi-invierno-demografico\/#article","isPartOf":{"@id":"https:\/\/exaudi.org\/es\/cardenal-arizmendi-invierno-demografico\/"},"author":{"name":"Cardenal Felipe Arizmendi","@id":"https:\/\/exaudi.org\/#\/schema\/person\/c7d223f87e58f1105d044d8da1439102"},"headline":"Cardenal Arizmendi: Invierno demogr\u00e1fico","datePublished":"2022-01-12T08:51:59+00:00","mainEntityOfPage":{"@id":"https:\/\/exaudi.org\/es\/cardenal-arizmendi-invierno-demografico\/"},"wordCount":983,"image":{"@id":"https:\/\/exaudi.org\/es\/cardenal-arizmendi-invierno-demografico\/#primaryimage"},"thumbnailUrl":"https:\/\/exaudi.org\/wp-content\/uploads\/2022\/01\/Disen\u0303o-sin-ti\u0301tulo-16.jpg","keywords":["Familia","Invierno demogr\u00e1fico","Trending"],"articleSection":["Voces"],"inLanguage":"es"},{"@type":"WebPage","@id":"https:\/\/exaudi.org\/es\/cardenal-arizmendi-invierno-demografico\/","url":"https:\/\/exaudi.org\/es\/cardenal-arizmendi-invierno-demografico\/","name":"Cardenal Arizmendi: Invierno demogr\u00e1fico &#8211; Exaudi","isPartOf":{"@id":"https:\/\/exaudi.org\/#website"},"primaryImageOfPage":{"@id":"https:\/\/exaudi.org\/es\/cardenal-arizmendi-invierno-demografico\/#primaryimage"},"image":{"@id":"https:\/\/exaudi.org\/es\/cardenal-arizmendi-invierno-demografico\/#primaryimage"},"thumbnailUrl":"https:\/\/exaudi.org\/wp-content\/uploads\/2022\/01\/Disen\u0303o-sin-ti\u0301tulo-16.jpg","datePublished":"2022-01-12T08:51:59+00:00","author":{"@id":"https:\/\/exaudi.org\/#\/schema\/person\/c7d223f87e58f1105d044d8da1439102"},"description":"El\u00a0cardenal Arizmendi, obispo em\u00e9rito de San Crist\u00f3bal de Las Casas ofrece su art\u00edculo semanal titulado \u201cInvierno demogr\u00e1fico\u201d.","breadcrumb":{"@id":"https:\/\/exaudi.org\/es\/cardenal-arizmendi-invierno-demografico\/#breadcrumb"},"inLanguage":"es","potentialAction":[{"@type":"ReadAction","target":["https:\/\/exaudi.org\/es\/cardenal-arizmendi-invierno-demografico\/"]}]},{"@type":"ImageObject","inLanguage":"es","@id":"https:\/\/exaudi.org\/es\/cardenal-arizmendi-invierno-demografico\/#primaryimage","url":"https:\/\/exaudi.org\/wp-content\/uploads\/2022\/01\/Disen\u0303o-sin-ti\u0301tulo-16.jpg","contentUrl":"https:\/\/exaudi.org\/wp-content\/uploads\/2022\/01\/Disen\u0303o-sin-ti\u0301tulo-16.jpg","width":1500,"height":1000,"caption":"Nacimientos en las familias \u00a9 Canva"},{"@type":"BreadcrumbList","@id":"https:\/\/exaudi.org\/es\/cardenal-arizmendi-invierno-demografico\/#breadcrumb","itemListElement":[{"@type":"ListItem","position":1,"name":"Portada","item":"https:\/\/exaudi.org\/es\/"},{"@type":"ListItem","position":2,"name":"Cardenal Arizmendi: Invierno demogr\u00e1fico"}]},{"@type":"WebSite","@id":"https:\/\/exaudi.org\/#website","url":"https:\/\/exaudi.org\/","name":"Exaudi","description":"News","potentialAction":[{"@type":"SearchAction","target":{"@type":"EntryPoint","urlTemplate":"https:\/\/exaudi.org\/?s={search_term_string}"},"query-input":{"@type":"PropertyValueSpecification","valueRequired":true,"valueName":"search_term_string"}}],"inLanguage":"es"},{"@type":"Person","@id":"https:\/\/exaudi.org\/#\/schema\/person\/c7d223f87e58f1105d044d8da1439102","name":"Cardenal Felipe Arizmendi","image":{"@type":"ImageObject","inLanguage":"es","@id":"https:\/\/secure.gravatar.com\/avatar\/4ffc5520d896b86d39346168903de33a17ef0f23d16de0ff45062c1ff422ed2f?s=96&d=mm&r=g","url":"https:\/\/secure.gravatar.com\/avatar\/4ffc5520d896b86d39346168903de33a17ef0f23d16de0ff45062c1ff422ed2f?s=96&d=mm&r=g","contentUrl":"https:\/\/secure.gravatar.com\/avatar\/4ffc5520d896b86d39346168903de33a17ef0f23d16de0ff45062c1ff422ed2f?s=96&d=mm&r=g","caption":"Cardenal Felipe Arizmendi"},"description":"Nacido en Chiltepec el 1 de mayo de 1940. Estudi\u00f3 Humanidades y Filosof\u00eda en el Seminario de Toluca, de 1952 a 1959. Curs\u00f3 la Teolog\u00eda en la Universidad Pontificia de Salamanca, Espa\u00f1a, de 1959 a 1963, obteniendo la licenciatura en Teolog\u00eda Dogm\u00e1tica. Por su cuenta, se especializ\u00f3 en Liturgia. Fue ordenado sacerdote el 25 de agosto de 1963 en Toluca. Sirvi\u00f3 como Vicario Parroquial en tres parroquias por tres a\u00f1os y medio y fue p\u00e1rroco de una comunidad ind\u00edgena otom\u00ed, de 1967 a 1970. Fue Director Espiritual del Seminario de Toluca por diez a\u00f1os, y Rector del mismo de 1981 a 1991. El 7 de marzo de 1991, fue ordenado obispo de la di\u00f3cesis de Tapachula, donde estuvo hasta el 30 de abril del a\u00f1o 2000. El 1 de mayo del 2000, inici\u00f3 su ministerio episcopal como XLVI obispo de la di\u00f3cesis de San Crist\u00f3bal de las Casas, Chiapas, una de las di\u00f3cesis m\u00e1s antiguas de M\u00e9xico, erigida en 1539; all\u00ed sirvi\u00f3 por casi 18 a\u00f1os. Ha ocupado diversos cargos en la Conferencia del Episcopado Mexicano y en el CELAM. El 3 de noviembre de 2017, el Papa Francisco le acept\u00f3, por edad, su renuncia al servicio episcopal en esta di\u00f3cesis, que entreg\u00f3 a su sucesor el 3 de enero de 2018. Desde entonces, reside en la ciudad de Toluca. Desde 1979, escribe art\u00edculos de actualidad en varios medios religiosos y civiles. Es autor de varias publicaciones.","url":"https:\/\/exaudi.org\/es\/author\/felipearizmendi\/"}]}},"jetpack_featured_media_url":"https:\/\/exaudi.org\/wp-content\/uploads\/2022\/01\/Disen\u0303o-sin-ti\u0301tulo-16.jpg","jetpack_shortlink":"https:\/\/wp.me\/pgKjF2-cHk","_links":{"self":[{"href":"https:\/\/exaudi.org\/es\/wp-json\/wp\/v2\/posts\/48814","targetHints":{"allow":["GET"]}}],"collection":[{"href":"https:\/\/exaudi.org\/es\/wp-json\/wp\/v2\/posts"}],"about":[{"href":"https:\/\/exaudi.org\/es\/wp-json\/wp\/v2\/types\/post"}],"author":[{"embeddable":true,"href":"https:\/\/exaudi.org\/es\/wp-json\/wp\/v2\/users\/24"}],"replies":[{"embeddable":true,"href":"https:\/\/exaudi.org\/es\/wp-json\/wp\/v2\/comments?post=48814"}],"version-history":[{"count":0,"href":"https:\/\/exaudi.org\/es\/wp-json\/wp\/v2\/posts\/48814\/revisions"}],"wp:featuredmedia":[{"embeddable":true,"href":"https:\/\/exaudi.org\/es\/wp-json\/wp\/v2\/media\/48818"}],"wp:attachment":[{"href":"https:\/\/exaudi.org\/es\/wp-json\/wp\/v2\/media?parent=48814"}],"wp:term":[{"taxonomy":"category","embeddable":true,"href":"https:\/\/exaudi.org\/es\/wp-json\/wp\/v2\/categories?post=48814"},{"taxonomy":"post_tag","embeddable":true,"href":"https:\/\/exaudi.org\/es\/wp-json\/wp\/v2\/tags?post=48814"}],"curies":[{"name":"wp","href":"https:\/\/api.w.org\/{rel}","templated":true}]}}