{"id":48780,"date":"2022-01-11T14:27:34","date_gmt":"2022-01-11T13:27:34","guid":{"rendered":"https:\/\/exaudi.org\/?p=48780"},"modified":"2022-01-12T09:40:26","modified_gmt":"2022-01-12T08:40:26","slug":"pesame-papa-muerte-sassoli","status":"publish","type":"post","link":"https:\/\/exaudi.org\/es\/pesame-papa-muerte-sassoli\/","title":{"rendered":"P\u00e9same del Papa por muerte de David Sassoli"},"content":{"rendered":"<p>Un \u201cestimado hombre de las instituciones\u201d que se dedic\u00f3 \u201ccon especial cuidado a los \u00faltimos\u201d: con estas palabras, el Santo Padre expres\u00f3 su p\u00e9same por la muerte de David Sassoli, presidente del Parlamento Europeo. Lo hizo en un telegrama firmado por el secretario de Estado, el cardenal Parolin, dirigido a su viuda, Alessandra Vittorini.<\/p>\n<h2><strong>El telegrama del Papa<\/strong><\/h2>\n<p>\u201cEl Santo Padre -se lee en el telegrama-, espiritualmente cercano en este momento de dolor por la prematura muerte de su amada esposa, el honorable David Sassoli, presidente del Parlamento Europeo, desea hacer llegar sus condolencias a ella y a sus hijos Livia y Giulio, asegur\u00e1ndoles su sentida participaci\u00f3n en el grave duelo que ha afectado a Italia y a la Uni\u00f3n Europea.<\/p>\n<p>Lo recuerda como un creyente animado por la esperanza y la caridad, un periodista competente y un estimado hombre de las instituciones que, de manera serena y respetuosa, en las responsabilidades p\u00fablicas que ocup\u00f3, hizo todo lo posible por el bien com\u00fan con rectitud y compromiso generoso, promoviendo con claridad y pasi\u00f3n una visi\u00f3n solidaria de la comunidad europea y dedic\u00e1ndose con especial cuidado a los m\u00e1s peque\u00f1os. El Papa Francisco, al tiempo que eleva oraciones de sufragio, invoca del Se\u00f1or Resucitado la paz eterna para \u00e9l y el consuelo del coraz\u00f3n para los que lloran su fallecimiento, e imparte una bendici\u00f3n apost\u00f3lica a usted y a su familia\u201d.<\/p>\n<h2><strong>Qui\u00e9n era Sassoli<\/strong><\/h2>\n<p>Sassoli muri\u00f3 a la edad de 65 a\u00f1os por las consecuencias de una neumon\u00eda, no causada por COVID-19, y por problemas en su sistema inmunol\u00f3gico. Estaba hospitalizado en el centro de oncolog\u00eda de Aviano, Pordenone, Italia, desde el 26 de diciembre. Naci\u00f3 en Florencia, pero se consideraba romano de adopci\u00f3n.<\/p>\n<p>De joven, asisti\u00f3 a la Agesci. Periodista, era un rostro conocido por el p\u00fablico italiano por haber sido presentador del programa TG1, del que tambi\u00e9n era subdirector. En 2009 se present\u00f3 como candidato al Parlamento Europeo con el Pd. El 3 de julio de 2019 se convirti\u00f3 en su presidente; su mandato habr\u00eda expirado en unos d\u00edas. \u00a0El p\u00e9same es un\u00e1nime en el mundo pol\u00edtico e institucional italiano y europeo.<\/p>\n<h2><strong>P\u00e9same del Centro Astalli<\/strong><\/h2>\n<p>El mundo cat\u00f3lico ha enviado muchas expresiones de estima y condolencias por Sassoli. El padre Camillo Ripamonti, presidente del Centro Astalli, el Servicio Jesuita a Refugiados en Italia, declar\u00f3: \u201cNos entristece la p\u00e9rdida de un amigo que siempre se ha comprometido a defender los derechos de los migrantes forzados en Europa. Su tenaz dedicaci\u00f3n a la construcci\u00f3n de una Europa solidaria, democr\u00e1tica, pac\u00edfica, dialogante y de puentes fue diaria y minuciosa. Su determinaci\u00f3n de luchar por una Uni\u00f3n Europea capaz de rescatar, acoger y proteger a los hombres y mujeres que huyen de las guerras, la persecuci\u00f3n y la injusticia ha sido un acicate y un baluarte en estos a\u00f1os dif\u00edciles de lucha por los derechos humanos para tantas organizaciones de la sociedad civil organizada y para todos aquellos ciudadanos que quieren una Europa sin muros\u201d.<\/p>\n<h2><strong>El dolor de Sant&#8217;Egidio<\/strong><\/h2>\n<p>La Comunidad de Sant&#8217;Egidio tambi\u00e9n recuerda a Sassoli \u201ccomo un hombre leal\u201d. Para \u00e9l, la esencia de la pol\u00edtica era trabajar por el bien com\u00fan y no s\u00f3lo por los de su propio bando. Fue fiel a los principios de la democracia y el humanismo que son los portadores de la historia europea\u201d. El 30 de noviembre particip\u00f3 en el D\u00eda Internacional contra la Pena de Muerte. \u201cUn mensaje lleno de esperanza para el avance de esta batalla, de la que estaba firmemente convencido y que defin\u00eda como \u201cun deber moral inalienable\u201d. Para Europa y para todos.<\/p>\n<p>\u201cHa fallecido un querido amigo -contin\u00faa la nota de la Comunidad- al que conocimos desde el principio, desde los a\u00f1os de su educaci\u00f3n, como cat\u00f3lico, dem\u00f3crata, joven y dialogante, y a lo largo de su trayectoria profesional y pol\u00edtica. En su intenso compromiso con el Parlamento Europeo -del que fue un presidente apreciado por todos los partidos pol\u00edticos- logr\u00f3 guiarse por esos ideales de humanidad y justicia, hoy m\u00e1s que nunca indispensables para orientar las instituciones, para una Uni\u00f3n capaz de encarnar un proyecto de democracia humanista, empezando precisamente por el respeto de los derechos humanos y la protecci\u00f3n de los m\u00e1s fr\u00e1giles. Es significativa, en este sentido, su adhesi\u00f3n al llamamiento \u2018Sin ancianos no hay futuro\u2019 contra la \u2018asistencia sanitaria selectiva\u2019 y a favor de la atenci\u00f3n domiciliaria, lanzado por Sant&#8217;Egidio al inicio de la pandemia de la COVID-19\u201d.<\/p>\n<h2><strong>Recuerdo del Episcopado Italiano<\/strong><\/h2>\n<p>\u201cLa respuesta es actuar juntos, cuidarnos unos a otros y redescubrir la importancia de las relaciones sociales en la comunidad. El desarrollo sin justicia o el crecimiento sin derechos ya no son aceptables\u201d. Las palabras pronunciadas por escrito a los participantes en la 49\u00aa Semana Social de los Cat\u00f3licos Italianos, el 23 de octubre en Taranto, recogen la visi\u00f3n ilustrada y la pasi\u00f3n por el bien com\u00fan del presidente del Parlamento Europeo, David Sassoli. En nombre del episcopado italiano, expresamos nuestro m\u00e1s sentido p\u00e9same a su esposa, hijos y familia por su fallecimiento. El mundo cat\u00f3lico italiano ha perdido una figura importante, un hombre amable y fiel, un punto de referencia en la pol\u00edtica del pa\u00eds y de Europa\u201d.<\/p>\n<p>As\u00ed comienza el mensaje enviado a la se\u00f1ora Vittorini por el presidente de la <a href=\"https:\/\/www.chiesacattolica.it\/\" target=\"_blank\" rel=\"noopener\">Conferencia Episcopal Italiana (CEI)<\/a>, el cardenal Bassetti, y por el secretario, monse\u00f1or Russo. \u201cComo periodista y luego como hombre de las instituciones, siempre trabaj\u00f3 por una sociedad m\u00e1s solidaria y atenta a las necesidades de los j\u00f3venes y de los \u00faltimos\u201d. Se mostr\u00f3 \u201cconvencido de que creyentes y laicos pueden juntos \u201creconstruir esa casa para seguir luchando contra los \u00eddolos, derribar muros, tender puentes, dar cuerpo a un nuevo humanismo\u201d. As\u00ed lo destac\u00f3 en su discurso en Bari, con motivo del encuentro \u201cLa frontera mediterr\u00e1nea de la paz\u201d en 2020.<\/p>\n<p>Los dirigentes de la Conferencia Episcopal Italiana expresaron su gratitud \u201cpor la amistad y la disponibilidad que siempre han mostrado a la Iglesia en Italia\u201d. \u201cAlabamos al Se\u00f1or por el testimonio de este hermano nuestro -concluyen- y rezamos por su alma, confi\u00e1ndola a los brazos misericordiosos del Padre. Seguro, como escribi\u00f3 el padre David Mar\u00eda Turoldo, sacerdote y te\u00f3logo cuyo nombre lleva Sassoli, que \u2018todo perdurar\u00e1: de la vida a la vida y de nuevo de la muerte a la vida como las olas en las orillas de un r\u00edo sin fin\u2019\u201d.<\/p>\n","protected":false},"excerpt":{"rendered":"<p>Presidente del Parlamento Europeo, apreciado hombre de instituciones y de atenci\u00f3n a los \u00faltimos<\/p>\n","protected":false},"author":18,"featured_media":48784,"comment_status":"closed","ping_status":"closed","sticky":false,"template":"","format":"standard","meta":{"_acf_changed":false,"_crdt_document":"","inline_featured_image":false,"footnotes":""},"categories":[68],"tags":[5506,158],"class_list":["post-48780","post","type-post","status-publish","format-standard","has-post-thumbnail","hentry","category-leon-xiv","tag-david-sassoli","tag-papa-francisco"],"acf":[],"yoast_head":"<!-- This site is optimized with the Yoast SEO plugin v27.4 - https:\/\/yoast.com\/product\/yoast-seo-wordpress\/ -->\n<title>P\u00e9same del Papa por muerte de David Sassoli &#8211; Exaudi<\/title>\n<meta name=\"description\" content=\"P\u00e9same del Papa ante la muerte de David Sassoli: Un \u201cestimado hombre de las instituciones\u201d que se dedic\u00f3 \u201ccon especial cuidado a los \u00faltimos\u201d\" \/>\n<meta name=\"robots\" content=\"index, follow, max-snippet:-1, max-image-preview:large, max-video-preview:-1\" \/>\n<link rel=\"canonical\" href=\"https:\/\/exaudi.org\/es\/pesame-papa-muerte-sassoli\/\" \/>\n<meta property=\"og:locale\" content=\"es_ES\" \/>\n<meta property=\"og:type\" content=\"article\" \/>\n<meta property=\"og:title\" content=\"P\u00e9same del Papa por muerte de David Sassoli &#8211; Exaudi\" \/>\n<meta property=\"og:description\" content=\"P\u00e9same del Papa ante la muerte de David Sassoli: Un \u201cestimado hombre de las instituciones\u201d que se dedic\u00f3 \u201ccon especial cuidado a los \u00faltimos\u201d\" \/>\n<meta property=\"og:url\" content=\"https:\/\/exaudi.org\/es\/pesame-papa-muerte-sassoli\/\" \/>\n<meta property=\"og:site_name\" content=\"Exaudi\" \/>\n<meta property=\"article:publisher\" content=\"https:\/\/www.facebook.com\/ExaudiNews\" \/>\n<meta property=\"article:published_time\" content=\"2022-01-11T13:27:34+00:00\" \/>\n<meta property=\"article:modified_time\" content=\"2022-01-12T08:40:26+00:00\" \/>\n<meta property=\"og:image\" content=\"https:\/\/exaudi.org\/wp-content\/uploads\/2022\/01\/El-Papa-Francisco-con-David-Sassoli-26-junio-2021.jpeg\" \/>\n\t<meta property=\"og:image:width\" content=\"1000\" \/>\n\t<meta property=\"og:image:height\" content=\"563\" \/>\n\t<meta property=\"og:image:type\" content=\"image\/jpeg\" \/>\n<meta name=\"author\" content=\"Andrea Acali\" \/>\n<meta name=\"twitter:card\" content=\"summary_large_image\" \/>\n<meta name=\"twitter:creator\" content=\"@Exaudi_News\" \/>\n<meta name=\"twitter:site\" content=\"@Exaudi_News\" \/>\n<meta name=\"twitter:label1\" content=\"Escrito por\" \/>\n\t<meta name=\"twitter:data1\" content=\"Andrea Acali\" \/>\n\t<meta name=\"twitter:label2\" content=\"Tiempo de lectura\" \/>\n\t<meta name=\"twitter:data2\" content=\"5 minutos\" \/>\n<script type=\"application\/ld+json\" class=\"yoast-schema-graph\">{\"@context\":\"https:\\\/\\\/schema.org\",\"@graph\":[{\"@type\":\"Article\",\"@id\":\"https:\\\/\\\/exaudi.org\\\/es\\\/pesame-papa-muerte-sassoli\\\/#article\",\"isPartOf\":{\"@id\":\"https:\\\/\\\/exaudi.org\\\/es\\\/pesame-papa-muerte-sassoli\\\/\"},\"author\":{\"name\":\"Andrea Acali\",\"@id\":\"https:\\\/\\\/exaudi.org\\\/#\\\/schema\\\/person\\\/127735be832481a6d3c410c5837bb61a\"},\"headline\":\"P\u00e9same del Papa por muerte de David Sassoli\",\"datePublished\":\"2022-01-11T13:27:34+00:00\",\"dateModified\":\"2022-01-12T08:40:26+00:00\",\"mainEntityOfPage\":{\"@id\":\"https:\\\/\\\/exaudi.org\\\/es\\\/pesame-papa-muerte-sassoli\\\/\"},\"wordCount\":1135,\"image\":{\"@id\":\"https:\\\/\\\/exaudi.org\\\/es\\\/pesame-papa-muerte-sassoli\\\/#primaryimage\"},\"thumbnailUrl\":\"https:\\\/\\\/exaudi.org\\\/wp-content\\\/uploads\\\/2022\\\/01\\\/El-Papa-Francisco-con-David-Sassoli-26-junio-2021.jpeg\",\"keywords\":[\"David Sassoli\",\"papa francisco\"],\"articleSection\":[\"Le\u00f3n XIV\"],\"inLanguage\":\"es\"},{\"@type\":\"WebPage\",\"@id\":\"https:\\\/\\\/exaudi.org\\\/es\\\/pesame-papa-muerte-sassoli\\\/\",\"url\":\"https:\\\/\\\/exaudi.org\\\/es\\\/pesame-papa-muerte-sassoli\\\/\",\"name\":\"P\u00e9same del Papa por muerte de David Sassoli &#8211; Exaudi\",\"isPartOf\":{\"@id\":\"https:\\\/\\\/exaudi.org\\\/#website\"},\"primaryImageOfPage\":{\"@id\":\"https:\\\/\\\/exaudi.org\\\/es\\\/pesame-papa-muerte-sassoli\\\/#primaryimage\"},\"image\":{\"@id\":\"https:\\\/\\\/exaudi.org\\\/es\\\/pesame-papa-muerte-sassoli\\\/#primaryimage\"},\"thumbnailUrl\":\"https:\\\/\\\/exaudi.org\\\/wp-content\\\/uploads\\\/2022\\\/01\\\/El-Papa-Francisco-con-David-Sassoli-26-junio-2021.jpeg\",\"datePublished\":\"2022-01-11T13:27:34+00:00\",\"dateModified\":\"2022-01-12T08:40:26+00:00\",\"author\":{\"@id\":\"https:\\\/\\\/exaudi.org\\\/#\\\/schema\\\/person\\\/127735be832481a6d3c410c5837bb61a\"},\"description\":\"P\u00e9same del Papa ante la muerte de David Sassoli: Un \u201cestimado hombre de las instituciones\u201d que se dedic\u00f3 \u201ccon especial cuidado a los \u00faltimos\u201d\",\"breadcrumb\":{\"@id\":\"https:\\\/\\\/exaudi.org\\\/es\\\/pesame-papa-muerte-sassoli\\\/#breadcrumb\"},\"inLanguage\":\"es\",\"potentialAction\":[{\"@type\":\"ReadAction\",\"target\":[\"https:\\\/\\\/exaudi.org\\\/es\\\/pesame-papa-muerte-sassoli\\\/\"]}]},{\"@type\":\"ImageObject\",\"inLanguage\":\"es\",\"@id\":\"https:\\\/\\\/exaudi.org\\\/es\\\/pesame-papa-muerte-sassoli\\\/#primaryimage\",\"url\":\"https:\\\/\\\/exaudi.org\\\/wp-content\\\/uploads\\\/2022\\\/01\\\/El-Papa-Francisco-con-David-Sassoli-26-junio-2021.jpeg\",\"contentUrl\":\"https:\\\/\\\/exaudi.org\\\/wp-content\\\/uploads\\\/2022\\\/01\\\/El-Papa-Francisco-con-David-Sassoli-26-junio-2021.jpeg\",\"width\":1000,\"height\":563,\"caption\":\"El Papa Francisco con David Sassoli, 26 junio 2021 \u00a9 Vatican Media\"},{\"@type\":\"BreadcrumbList\",\"@id\":\"https:\\\/\\\/exaudi.org\\\/es\\\/pesame-papa-muerte-sassoli\\\/#breadcrumb\",\"itemListElement\":[{\"@type\":\"ListItem\",\"position\":1,\"name\":\"Portada\",\"item\":\"https:\\\/\\\/exaudi.org\\\/es\\\/\"},{\"@type\":\"ListItem\",\"position\":2,\"name\":\"P\u00e9same del Papa por muerte de David Sassoli\"}]},{\"@type\":\"WebSite\",\"@id\":\"https:\\\/\\\/exaudi.org\\\/#website\",\"url\":\"https:\\\/\\\/exaudi.org\\\/\",\"name\":\"Exaudi\",\"description\":\"News\",\"potentialAction\":[{\"@type\":\"SearchAction\",\"target\":{\"@type\":\"EntryPoint\",\"urlTemplate\":\"https:\\\/\\\/exaudi.org\\\/?s={search_term_string}\"},\"query-input\":{\"@type\":\"PropertyValueSpecification\",\"valueRequired\":true,\"valueName\":\"search_term_string\"}}],\"inLanguage\":\"es\"},{\"@type\":\"Person\",\"@id\":\"https:\\\/\\\/exaudi.org\\\/#\\\/schema\\\/person\\\/127735be832481a6d3c410c5837bb61a\",\"name\":\"Andrea Acali\",\"image\":{\"@type\":\"ImageObject\",\"inLanguage\":\"es\",\"@id\":\"https:\\\/\\\/secure.gravatar.com\\\/avatar\\\/2abf8e528c4f8c571ab456e5ef9ac66b04b987863e3ab3fd9546150699bb9259?s=96&d=mm&r=g\",\"url\":\"https:\\\/\\\/secure.gravatar.com\\\/avatar\\\/2abf8e528c4f8c571ab456e5ef9ac66b04b987863e3ab3fd9546150699bb9259?s=96&d=mm&r=g\",\"contentUrl\":\"https:\\\/\\\/secure.gravatar.com\\\/avatar\\\/2abf8e528c4f8c571ab456e5ef9ac66b04b987863e3ab3fd9546150699bb9259?s=96&d=mm&r=g\",\"caption\":\"Andrea Acali\"},\"description\":\"Andrea Acali es un periodista y comunicador italiano con una larga trayectoria en el \u00e1mbito de la informaci\u00f3n religiosa, social y deportiva. Durante casi treinta a\u00f1os trabaj\u00f3 en el diario Il Tempo como vaticanista y jefe de secci\u00f3n, especializ\u00e1ndose en la cobertura de la actualidad del Vaticano y de la Iglesia cat\u00f3lica. Desde 2016 colabora como periodista web en RomaSette y tambi\u00e9n escribe para el peri\u00f3dico Avvenire. Desde 2019 ejerce como comunicador en la Delegazione della Generalitat de Catalunya in Italia, con sede en Roma, donde combina su experiencia period\u00edstica con la comunicaci\u00f3n institucional\",\"sameAs\":[\"https:\\\/\\\/www.linkedin.com\\\/in\\\/andrea-acali-505567125\\\/?originalSubdomain=it\"],\"url\":\"https:\\\/\\\/exaudi.org\\\/es\\\/author\\\/aacaliexaudi-org\\\/\"}]}<\/script>\n<!-- \/ Yoast SEO plugin. -->","yoast_head_json":{"title":"P\u00e9same del Papa por muerte de David Sassoli &#8211; Exaudi","description":"P\u00e9same del Papa ante la muerte de David Sassoli: Un \u201cestimado hombre de las instituciones\u201d que se dedic\u00f3 \u201ccon especial cuidado a los \u00faltimos\u201d","robots":{"index":"index","follow":"follow","max-snippet":"max-snippet:-1","max-image-preview":"max-image-preview:large","max-video-preview":"max-video-preview:-1"},"canonical":"https:\/\/exaudi.org\/es\/pesame-papa-muerte-sassoli\/","og_locale":"es_ES","og_type":"article","og_title":"P\u00e9same del Papa por muerte de David Sassoli &#8211; Exaudi","og_description":"P\u00e9same del Papa ante la muerte de David Sassoli: Un \u201cestimado hombre de las instituciones\u201d que se dedic\u00f3 \u201ccon especial cuidado a los \u00faltimos\u201d","og_url":"https:\/\/exaudi.org\/es\/pesame-papa-muerte-sassoli\/","og_site_name":"Exaudi","article_publisher":"https:\/\/www.facebook.com\/ExaudiNews","article_published_time":"2022-01-11T13:27:34+00:00","article_modified_time":"2022-01-12T08:40:26+00:00","og_image":[{"width":1000,"height":563,"url":"https:\/\/exaudi.org\/wp-content\/uploads\/2022\/01\/El-Papa-Francisco-con-David-Sassoli-26-junio-2021.jpeg","type":"image\/jpeg"}],"author":"Andrea Acali","twitter_card":"summary_large_image","twitter_creator":"@Exaudi_News","twitter_site":"@Exaudi_News","twitter_misc":{"Escrito por":"Andrea Acali","Tiempo de lectura":"5 minutos"},"schema":{"@context":"https:\/\/schema.org","@graph":[{"@type":"Article","@id":"https:\/\/exaudi.org\/es\/pesame-papa-muerte-sassoli\/#article","isPartOf":{"@id":"https:\/\/exaudi.org\/es\/pesame-papa-muerte-sassoli\/"},"author":{"name":"Andrea Acali","@id":"https:\/\/exaudi.org\/#\/schema\/person\/127735be832481a6d3c410c5837bb61a"},"headline":"P\u00e9same del Papa por muerte de David Sassoli","datePublished":"2022-01-11T13:27:34+00:00","dateModified":"2022-01-12T08:40:26+00:00","mainEntityOfPage":{"@id":"https:\/\/exaudi.org\/es\/pesame-papa-muerte-sassoli\/"},"wordCount":1135,"image":{"@id":"https:\/\/exaudi.org\/es\/pesame-papa-muerte-sassoli\/#primaryimage"},"thumbnailUrl":"https:\/\/exaudi.org\/wp-content\/uploads\/2022\/01\/El-Papa-Francisco-con-David-Sassoli-26-junio-2021.jpeg","keywords":["David Sassoli","papa francisco"],"articleSection":["Le\u00f3n XIV"],"inLanguage":"es"},{"@type":"WebPage","@id":"https:\/\/exaudi.org\/es\/pesame-papa-muerte-sassoli\/","url":"https:\/\/exaudi.org\/es\/pesame-papa-muerte-sassoli\/","name":"P\u00e9same del Papa por muerte de David Sassoli &#8211; Exaudi","isPartOf":{"@id":"https:\/\/exaudi.org\/#website"},"primaryImageOfPage":{"@id":"https:\/\/exaudi.org\/es\/pesame-papa-muerte-sassoli\/#primaryimage"},"image":{"@id":"https:\/\/exaudi.org\/es\/pesame-papa-muerte-sassoli\/#primaryimage"},"thumbnailUrl":"https:\/\/exaudi.org\/wp-content\/uploads\/2022\/01\/El-Papa-Francisco-con-David-Sassoli-26-junio-2021.jpeg","datePublished":"2022-01-11T13:27:34+00:00","dateModified":"2022-01-12T08:40:26+00:00","author":{"@id":"https:\/\/exaudi.org\/#\/schema\/person\/127735be832481a6d3c410c5837bb61a"},"description":"P\u00e9same del Papa ante la muerte de David Sassoli: Un \u201cestimado hombre de las instituciones\u201d que se dedic\u00f3 \u201ccon especial cuidado a los \u00faltimos\u201d","breadcrumb":{"@id":"https:\/\/exaudi.org\/es\/pesame-papa-muerte-sassoli\/#breadcrumb"},"inLanguage":"es","potentialAction":[{"@type":"ReadAction","target":["https:\/\/exaudi.org\/es\/pesame-papa-muerte-sassoli\/"]}]},{"@type":"ImageObject","inLanguage":"es","@id":"https:\/\/exaudi.org\/es\/pesame-papa-muerte-sassoli\/#primaryimage","url":"https:\/\/exaudi.org\/wp-content\/uploads\/2022\/01\/El-Papa-Francisco-con-David-Sassoli-26-junio-2021.jpeg","contentUrl":"https:\/\/exaudi.org\/wp-content\/uploads\/2022\/01\/El-Papa-Francisco-con-David-Sassoli-26-junio-2021.jpeg","width":1000,"height":563,"caption":"El Papa Francisco con David Sassoli, 26 junio 2021 \u00a9 Vatican Media"},{"@type":"BreadcrumbList","@id":"https:\/\/exaudi.org\/es\/pesame-papa-muerte-sassoli\/#breadcrumb","itemListElement":[{"@type":"ListItem","position":1,"name":"Portada","item":"https:\/\/exaudi.org\/es\/"},{"@type":"ListItem","position":2,"name":"P\u00e9same del Papa por muerte de David Sassoli"}]},{"@type":"WebSite","@id":"https:\/\/exaudi.org\/#website","url":"https:\/\/exaudi.org\/","name":"Exaudi","description":"News","potentialAction":[{"@type":"SearchAction","target":{"@type":"EntryPoint","urlTemplate":"https:\/\/exaudi.org\/?s={search_term_string}"},"query-input":{"@type":"PropertyValueSpecification","valueRequired":true,"valueName":"search_term_string"}}],"inLanguage":"es"},{"@type":"Person","@id":"https:\/\/exaudi.org\/#\/schema\/person\/127735be832481a6d3c410c5837bb61a","name":"Andrea Acali","image":{"@type":"ImageObject","inLanguage":"es","@id":"https:\/\/secure.gravatar.com\/avatar\/2abf8e528c4f8c571ab456e5ef9ac66b04b987863e3ab3fd9546150699bb9259?s=96&d=mm&r=g","url":"https:\/\/secure.gravatar.com\/avatar\/2abf8e528c4f8c571ab456e5ef9ac66b04b987863e3ab3fd9546150699bb9259?s=96&d=mm&r=g","contentUrl":"https:\/\/secure.gravatar.com\/avatar\/2abf8e528c4f8c571ab456e5ef9ac66b04b987863e3ab3fd9546150699bb9259?s=96&d=mm&r=g","caption":"Andrea Acali"},"description":"Andrea Acali es un periodista y comunicador italiano con una larga trayectoria en el \u00e1mbito de la informaci\u00f3n religiosa, social y deportiva. Durante casi treinta a\u00f1os trabaj\u00f3 en el diario Il Tempo como vaticanista y jefe de secci\u00f3n, especializ\u00e1ndose en la cobertura de la actualidad del Vaticano y de la Iglesia cat\u00f3lica. Desde 2016 colabora como periodista web en RomaSette y tambi\u00e9n escribe para el peri\u00f3dico Avvenire. Desde 2019 ejerce como comunicador en la Delegazione della Generalitat de Catalunya in Italia, con sede en Roma, donde combina su experiencia period\u00edstica con la comunicaci\u00f3n institucional","sameAs":["https:\/\/www.linkedin.com\/in\/andrea-acali-505567125\/?originalSubdomain=it"],"url":"https:\/\/exaudi.org\/es\/author\/aacaliexaudi-org\/"}]}},"jetpack_featured_media_url":"https:\/\/exaudi.org\/wp-content\/uploads\/2022\/01\/El-Papa-Francisco-con-David-Sassoli-26-junio-2021.jpeg","jetpack_shortlink":"https:\/\/wp.me\/pgKjF2-cGM","_links":{"self":[{"href":"https:\/\/exaudi.org\/es\/wp-json\/wp\/v2\/posts\/48780","targetHints":{"allow":["GET"]}}],"collection":[{"href":"https:\/\/exaudi.org\/es\/wp-json\/wp\/v2\/posts"}],"about":[{"href":"https:\/\/exaudi.org\/es\/wp-json\/wp\/v2\/types\/post"}],"author":[{"embeddable":true,"href":"https:\/\/exaudi.org\/es\/wp-json\/wp\/v2\/users\/18"}],"replies":[{"embeddable":true,"href":"https:\/\/exaudi.org\/es\/wp-json\/wp\/v2\/comments?post=48780"}],"version-history":[{"count":0,"href":"https:\/\/exaudi.org\/es\/wp-json\/wp\/v2\/posts\/48780\/revisions"}],"wp:featuredmedia":[{"embeddable":true,"href":"https:\/\/exaudi.org\/es\/wp-json\/wp\/v2\/media\/48784"}],"wp:attachment":[{"href":"https:\/\/exaudi.org\/es\/wp-json\/wp\/v2\/media?parent=48780"}],"wp:term":[{"taxonomy":"category","embeddable":true,"href":"https:\/\/exaudi.org\/es\/wp-json\/wp\/v2\/categories?post=48780"},{"taxonomy":"post_tag","embeddable":true,"href":"https:\/\/exaudi.org\/es\/wp-json\/wp\/v2\/tags?post=48780"}],"curies":[{"name":"wp","href":"https:\/\/api.w.org\/{rel}","templated":true}]}}