{"id":48739,"date":"2022-01-11T10:32:26","date_gmt":"2022-01-11T09:32:26","guid":{"rendered":"https:\/\/exaudi.org\/?p=48739"},"modified":"2022-01-12T21:22:48","modified_gmt":"2022-01-12T20:22:48","slug":"el-gobierno-indio-devuelve-la-licencia-a-las-misioneras-de-la-caridad","status":"publish","type":"post","link":"https:\/\/exaudi.org\/es\/el-gobierno-indio-devuelve-la-licencia-a-las-misioneras-de-la-caridad\/","title":{"rendered":"India: Gobierno devuelve licencia a las Misioneras de la Caridad"},"content":{"rendered":"<p>El gobierno indio ha restaurado la licencia de la Ley de Regulaci\u00f3n de Contribuciones Extranjeras (FCRA) de <a href=\"https:\/\/www.motherteresa.org\/espanol\/active-sisters.html\" target=\"_blank\" rel=\"noopener\">las Misioneras de la Caridad<\/a> (MC), autorizando a la congregaci\u00f3n religiosa fundada por la Madre Teresa de Calcuta a recibir y utilizar fondos extranjeros, inform\u00f3 Vatican News.<\/p>\n<p>El cambio de rumbo del Ministerio del Interior se produjo el 7 de enero, menos de dos semanas despu\u00e9s de que se negara a renovar la licencia de las MC, registradas en el gobierno como MdC.\u00a0 En un comunicado oficial del 27 de diciembre, el MHA explic\u00f3 que \u201cal examinar la solicitud de renovaci\u00f3n del MdC, se observaron algunas aportaciones adversas\u201d. \u201cTeniendo en cuenta estos datos, la solicitud de renovaci\u00f3n del MdC no fue aprobada\u201d, dijo el Ministerio dirigido por Amit Shah.<\/p>\n<p>La FCRA, promulgada por primera vez en 1976, regula las donaciones extranjeras y garantiza que dichas contribuciones no afecten negativamente a la soberan\u00eda, la integridad y la seguridad interna de India o repercutan en las relaciones amistosas con cualquier Estado extranjero y no perturben la armon\u00eda comunal.<\/p>\n<p>Aplicable a todas las asociaciones, grupos y ONG que pretendan recibir donaciones extranjeras con fines sociales, educativos, religiosos, econ\u00f3micos y culturales, fue modificada en 2010 y 2015 con una serie de medidas. \u00a0El registro de la FCRA tiene una validez de 5 a\u00f1os y puede renovarse posteriormente si se cumplen todas las normas. \u00a0Es obligatorio presentar declaraciones anuales de acuerdo con las normas del impuesto sobre la renta.<\/p>\n<p>El registro del MC se renov\u00f3 mientras se debat\u00eda en el Parlamento del Reino Unido si el gobierno brit\u00e1nico hab\u00eda planteado la cuesti\u00f3n del bloqueo de los fondos de las ONG en el extranjero en India. El jueves, el Ministerio retir\u00f3 al MC de esta lista y lo incluy\u00f3 en la lista de 16.908 ONG cuyo registro en la FCRA est\u00e1 activo.<\/p>\n<p>Un portavoz del MC expres\u00f3 su alegr\u00eda por el restablecimiento de la licencia de la FCRA. \u201cNunca esperamos que nuestro registro pudiera ser cancelado, pero as\u00ed ha sido\u201d, dijo Sunita Kumar a UCA News el s\u00e1bado. \u201cEstamos contentos de que la restauraci\u00f3n de nuestra licencia se haya producido sin mucho retraso\u201d, a\u00f1adi\u00f3.<\/p>\n<p>El Ministerio hab\u00eda dicho anteriormente que la licencia del MC era v\u00e1lida hasta el 31 de octubre, pero se prorrog\u00f3 hasta el 31 de diciembre junto con otras asociaciones cuya renovaci\u00f3n estaba pendiente. Un funcionario del MHA dijo el 1 de enero que el Ministerio rechaz\u00f3 la renovaci\u00f3n del registro de la FCRA a 179 ONG, mientras que 5.789 asociaciones no solicitaron la renovaci\u00f3n antes del plazo del 31 de diciembre. El plazo para las ONG que hab\u00edan solicitado antes del 31 de diciembre y cuya solicitud no fue rechazada se ha prorrogado hasta el 31 de marzo. En el estado de Bengala Occidental, cuya capital es Calcuta, donde la Madre Teresa fund\u00f3 su misi\u00f3n y congregaci\u00f3n, hay 1.030 ONG que pueden recibir donaciones extranjeras.<\/p>\n<p>La <a href=\"https:\/\/exaudi.org\/es\/santa-teresa-de-calcuta-5-septiembre-2021\/\" target=\"_blank\" rel=\"noopener\">Madre Teresa<\/a> naci\u00f3 como Agnes Gonxha Bojaxhiu, de padres albaneses, el 26 de agosto de 1910 en Skopje, en la actual Macedonia del norte.\u00a0 En 1929, lleg\u00f3 a Calcuta como misionera de 18 a\u00f1os con las monjas de las Hermanas de Loreto de Irlanda, de las que se hizo miembro en 1931.<\/p>\n<p>M\u00e1s tarde, en lo que ella describi\u00f3 como una llamada dentro de otra llamada, fund\u00f3 su congregaci\u00f3n de Misioneras de la Caridad en 1950.\u00a0 Al a\u00f1o siguiente obtuvo la nacionalidad india.\u00a0Conocida cari\u00f1osamente como la \u201csanta de las alcantarillas\u201d por sus obras de misericordia y su amor incondicional por los pobres y los abandonados, recibi\u00f3 numerosas distinciones nacionales e internacionales, incluido el Premio Nobel de la Paz en 1979.<\/p>\n<p>Muri\u00f3 en Calcuta el 5 de septiembre de 1997, a la edad de 87 a\u00f1os, y San Juan Pablo II la declar\u00f3 beata en el Vaticano, el 19 de octubre de 2003.\u00a0 El Papa Francisco la proclam\u00f3 oficialmente santa de la Iglesia cat\u00f3lica el 4 de septiembre de 2016, en la Plaza de San Pedro del Vaticano.\u00a0 Est\u00e1 enterrada en la sede mundial de las Misioneras de la Caridad en Calcuta.<\/p>\n<p>&nbsp;<\/p>\n","protected":false},"excerpt":{"rendered":"<p>Permite a la congregaci\u00f3n recibir y utilizar fondos extranjeros<\/p>\n","protected":false},"author":15,"featured_media":48789,"comment_status":"closed","ping_status":"closed","sticky":false,"template":"","format":"standard","meta":{"_acf_changed":false,"_crdt_document":"","inline_featured_image":false,"footnotes":""},"categories":[86,86],"tags":[5498,4123],"class_list":{"0":"post-48739","1":"post","2":"type-post","3":"status-publish","4":"format-standard","5":"has-post-thumbnail","6":"hentry","7":"category-iglesia-local","9":"tag-madre-teresa-de-calcuta","10":"tag-misioneras-de-la-caridad"},"acf":[],"yoast_head":"<!-- This site is optimized with the Yoast SEO plugin v27.5 - https:\/\/yoast.com\/product\/yoast-seo-wordpress\/ -->\n<title>India: Gobierno devuelve licencia a las Misioneras de la Caridad &#8211; Exaudi<\/title>\n<meta name=\"description\" content=\"El Gobierno indio devuelve la licencia a las Misioneras de la Caridad y las permite recibir y utilizar fondos extranjeros.\" \/>\n<meta name=\"robots\" content=\"index, follow, max-snippet:-1, max-image-preview:large, max-video-preview:-1\" \/>\n<link rel=\"canonical\" href=\"https:\/\/exaudi.org\/es\/el-gobierno-indio-devuelve-la-licencia-a-las-misioneras-de-la-caridad\/\" \/>\n<meta property=\"og:locale\" content=\"es_ES\" \/>\n<meta property=\"og:type\" content=\"article\" \/>\n<meta property=\"og:title\" content=\"India: Gobierno devuelve licencia a las Misioneras de la Caridad &#8211; Exaudi\" \/>\n<meta property=\"og:description\" content=\"El Gobierno indio devuelve la licencia a las Misioneras de la Caridad y las permite recibir y utilizar fondos extranjeros.\" \/>\n<meta property=\"og:url\" content=\"https:\/\/exaudi.org\/es\/el-gobierno-indio-devuelve-la-licencia-a-las-misioneras-de-la-caridad\/\" \/>\n<meta property=\"og:site_name\" content=\"Exaudi\" \/>\n<meta property=\"article:publisher\" content=\"https:\/\/www.facebook.com\/ExaudiNews\" \/>\n<meta property=\"article:author\" content=\"https:\/\/www.facebook.com\/ExaudiNoticias\/\" \/>\n<meta property=\"article:published_time\" content=\"2022-01-11T09:32:26+00:00\" \/>\n<meta property=\"article:modified_time\" content=\"2022-01-12T20:22:48+00:00\" \/>\n<meta property=\"og:image\" content=\"https:\/\/exaudi.org\/wp-content\/uploads\/2022\/01\/cq5dam.thumbnail.cropped.1500.844-7.jpeg\" \/>\n\t<meta property=\"og:image:width\" content=\"1280\" \/>\n\t<meta property=\"og:image:height\" content=\"720\" \/>\n\t<meta property=\"og:image:type\" content=\"image\/jpeg\" \/>\n<meta name=\"author\" content=\"Exaudi Redacci\u00f3n\" \/>\n<meta name=\"twitter:card\" content=\"summary_large_image\" \/>\n<meta name=\"twitter:creator\" content=\"@Exaudi_noticias\" \/>\n<meta name=\"twitter:site\" content=\"@Exaudi_News\" \/>\n<meta name=\"twitter:label1\" content=\"Escrito por\" \/>\n\t<meta name=\"twitter:data1\" content=\"Exaudi Redacci\u00f3n\" \/>\n\t<meta name=\"twitter:label2\" content=\"Tiempo de lectura\" \/>\n\t<meta name=\"twitter:data2\" content=\"4 minutos\" \/>\n<script type=\"application\/ld+json\" class=\"yoast-schema-graph\">{\"@context\":\"https:\\\/\\\/schema.org\",\"@graph\":[{\"@type\":\"Article\",\"@id\":\"https:\\\/\\\/exaudi.org\\\/es\\\/el-gobierno-indio-devuelve-la-licencia-a-las-misioneras-de-la-caridad\\\/#article\",\"isPartOf\":{\"@id\":\"https:\\\/\\\/exaudi.org\\\/es\\\/el-gobierno-indio-devuelve-la-licencia-a-las-misioneras-de-la-caridad\\\/\"},\"author\":{\"name\":\"Exaudi Redacci\u00f3n\",\"@id\":\"https:\\\/\\\/exaudi.org\\\/#\\\/schema\\\/person\\\/f5fc8f063065e38742da7afe15f25df7\"},\"headline\":\"India: Gobierno devuelve licencia a las Misioneras de la Caridad\",\"datePublished\":\"2022-01-11T09:32:26+00:00\",\"dateModified\":\"2022-01-12T20:22:48+00:00\",\"mainEntityOfPage\":{\"@id\":\"https:\\\/\\\/exaudi.org\\\/es\\\/el-gobierno-indio-devuelve-la-licencia-a-las-misioneras-de-la-caridad\\\/\"},\"wordCount\":686,\"image\":{\"@id\":\"https:\\\/\\\/exaudi.org\\\/es\\\/el-gobierno-indio-devuelve-la-licencia-a-las-misioneras-de-la-caridad\\\/#primaryimage\"},\"thumbnailUrl\":\"https:\\\/\\\/exaudi.org\\\/wp-content\\\/uploads\\\/2022\\\/01\\\/cq5dam.thumbnail.cropped.1500.844-7.jpeg\",\"keywords\":[\"Madre Teresa de Calcuta\",\"Misioneras de la Caridad\"],\"articleSection\":[\"Iglesia Local\",\"Iglesia Local\"],\"inLanguage\":\"es\"},{\"@type\":\"WebPage\",\"@id\":\"https:\\\/\\\/exaudi.org\\\/es\\\/el-gobierno-indio-devuelve-la-licencia-a-las-misioneras-de-la-caridad\\\/\",\"url\":\"https:\\\/\\\/exaudi.org\\\/es\\\/el-gobierno-indio-devuelve-la-licencia-a-las-misioneras-de-la-caridad\\\/\",\"name\":\"India: Gobierno devuelve licencia a las Misioneras de la Caridad &#8211; Exaudi\",\"isPartOf\":{\"@id\":\"https:\\\/\\\/exaudi.org\\\/#website\"},\"primaryImageOfPage\":{\"@id\":\"https:\\\/\\\/exaudi.org\\\/es\\\/el-gobierno-indio-devuelve-la-licencia-a-las-misioneras-de-la-caridad\\\/#primaryimage\"},\"image\":{\"@id\":\"https:\\\/\\\/exaudi.org\\\/es\\\/el-gobierno-indio-devuelve-la-licencia-a-las-misioneras-de-la-caridad\\\/#primaryimage\"},\"thumbnailUrl\":\"https:\\\/\\\/exaudi.org\\\/wp-content\\\/uploads\\\/2022\\\/01\\\/cq5dam.thumbnail.cropped.1500.844-7.jpeg\",\"datePublished\":\"2022-01-11T09:32:26+00:00\",\"dateModified\":\"2022-01-12T20:22:48+00:00\",\"author\":{\"@id\":\"https:\\\/\\\/exaudi.org\\\/#\\\/schema\\\/person\\\/f5fc8f063065e38742da7afe15f25df7\"},\"description\":\"El Gobierno indio devuelve la licencia a las Misioneras de la Caridad y las permite recibir y utilizar fondos extranjeros.\",\"breadcrumb\":{\"@id\":\"https:\\\/\\\/exaudi.org\\\/es\\\/el-gobierno-indio-devuelve-la-licencia-a-las-misioneras-de-la-caridad\\\/#breadcrumb\"},\"inLanguage\":\"es\",\"potentialAction\":[{\"@type\":\"ReadAction\",\"target\":[\"https:\\\/\\\/exaudi.org\\\/es\\\/el-gobierno-indio-devuelve-la-licencia-a-las-misioneras-de-la-caridad\\\/\"]}]},{\"@type\":\"ImageObject\",\"inLanguage\":\"es\",\"@id\":\"https:\\\/\\\/exaudi.org\\\/es\\\/el-gobierno-indio-devuelve-la-licencia-a-las-misioneras-de-la-caridad\\\/#primaryimage\",\"url\":\"https:\\\/\\\/exaudi.org\\\/wp-content\\\/uploads\\\/2022\\\/01\\\/cq5dam.thumbnail.cropped.1500.844-7.jpeg\",\"contentUrl\":\"https:\\\/\\\/exaudi.org\\\/wp-content\\\/uploads\\\/2022\\\/01\\\/cq5dam.thumbnail.cropped.1500.844-7.jpeg\",\"width\":1280,\"height\":720,\"caption\":\"Hermanas Misioneras de la Caridad distribuyen alimento a familias \u00a9 Vatican Media\"},{\"@type\":\"BreadcrumbList\",\"@id\":\"https:\\\/\\\/exaudi.org\\\/es\\\/el-gobierno-indio-devuelve-la-licencia-a-las-misioneras-de-la-caridad\\\/#breadcrumb\",\"itemListElement\":[{\"@type\":\"ListItem\",\"position\":1,\"name\":\"Portada\",\"item\":\"https:\\\/\\\/exaudi.org\\\/es\\\/\"},{\"@type\":\"ListItem\",\"position\":2,\"name\":\"India: Gobierno devuelve licencia a las Misioneras de la Caridad\"}]},{\"@type\":\"WebSite\",\"@id\":\"https:\\\/\\\/exaudi.org\\\/#website\",\"url\":\"https:\\\/\\\/exaudi.org\\\/\",\"name\":\"Exaudi\",\"description\":\"News\",\"potentialAction\":[{\"@type\":\"SearchAction\",\"target\":{\"@type\":\"EntryPoint\",\"urlTemplate\":\"https:\\\/\\\/exaudi.org\\\/?s={search_term_string}\"},\"query-input\":{\"@type\":\"PropertyValueSpecification\",\"valueRequired\":true,\"valueName\":\"search_term_string\"}}],\"inLanguage\":\"es\"},{\"@type\":\"Person\",\"@id\":\"https:\\\/\\\/exaudi.org\\\/#\\\/schema\\\/person\\\/f5fc8f063065e38742da7afe15f25df7\",\"name\":\"Exaudi Redacci\u00f3n\",\"image\":{\"@type\":\"ImageObject\",\"inLanguage\":\"es\",\"@id\":\"https:\\\/\\\/secure.gravatar.com\\\/avatar\\\/fe0f6a059fb68d9b3e11bc5850dd4899b1c7492091a3cb6dd9b01b56ad828be2?s=96&d=mm&r=g\",\"url\":\"https:\\\/\\\/secure.gravatar.com\\\/avatar\\\/fe0f6a059fb68d9b3e11bc5850dd4899b1c7492091a3cb6dd9b01b56ad828be2?s=96&d=mm&r=g\",\"contentUrl\":\"https:\\\/\\\/secure.gravatar.com\\\/avatar\\\/fe0f6a059fb68d9b3e11bc5850dd4899b1c7492091a3cb6dd9b01b56ad828be2?s=96&d=mm&r=g\",\"caption\":\"Exaudi Redacci\u00f3n\"},\"description\":\"\u00bfQu\u00e9 es Exaudi News? Exaudi News es un medio de comunicaci\u00f3n cat\u00f3lico internacional que informa, forma y transforma, diariamente en espa\u00f1ol, ingl\u00e9s e italiano. A trav\u00e9s de noticias, art\u00edculos de an\u00e1lisis y transmisiones en directo de los eventos del Papa, Exaudi busca fortalecer la unidad de los cristianos y contribuir a la evangelizaci\u00f3n del mundo, siempre guiados por la doctrina social de la Iglesia. Trabajamos para acercar la verdad y los valores cristianos a cada rinc\u00f3n del planeta. \u00a1Ay\u00fadanos a transformar el mundo con Exaudi! En Exaudi creemos que la evangelizaci\u00f3n y la informaci\u00f3n de calidad pueden cambiar vidas. Para continuar con nuestra misi\u00f3n y expandir nuestro alcance, necesitamos tu ayuda. Adem\u00e1s, buscamos personas comprometidas que deseen unirse a nuestro equipo. Con tu apoyo, lograremos llegar a m\u00e1s personas, difundir el mensaje de Cristo y reforzar la unidad de los cristianos. \u00bfTe unes a nuestra misi\u00f3n? Para m\u00e1s informaci\u00f3n sobre c\u00f3mo colaborar, visita Exaudi.org\\\/es o cont\u00e1ctanos directamente: info@exaudi.org Exaudi: Informa, forma y transforma.\",\"sameAs\":[\"https:\\\/\\\/www.facebook.com\\\/ExaudiNoticias\\\/\",\"https:\\\/\\\/www.instagram.com\\\/exaudi_noticias\\\/\",\"https:\\\/\\\/x.com\\\/Exaudi_noticias\",\"https:\\\/\\\/www.youtube.com\\\/@exaudicatholicnews\"],\"url\":\"https:\\\/\\\/exaudi.org\\\/es\\\/author\\\/redaccionexaudi\\\/\"}]}<\/script>\n<!-- \/ Yoast SEO plugin. -->","yoast_head_json":{"title":"India: Gobierno devuelve licencia a las Misioneras de la Caridad &#8211; Exaudi","description":"El Gobierno indio devuelve la licencia a las Misioneras de la Caridad y las permite recibir y utilizar fondos extranjeros.","robots":{"index":"index","follow":"follow","max-snippet":"max-snippet:-1","max-image-preview":"max-image-preview:large","max-video-preview":"max-video-preview:-1"},"canonical":"https:\/\/exaudi.org\/es\/el-gobierno-indio-devuelve-la-licencia-a-las-misioneras-de-la-caridad\/","og_locale":"es_ES","og_type":"article","og_title":"India: Gobierno devuelve licencia a las Misioneras de la Caridad &#8211; Exaudi","og_description":"El Gobierno indio devuelve la licencia a las Misioneras de la Caridad y las permite recibir y utilizar fondos extranjeros.","og_url":"https:\/\/exaudi.org\/es\/el-gobierno-indio-devuelve-la-licencia-a-las-misioneras-de-la-caridad\/","og_site_name":"Exaudi","article_publisher":"https:\/\/www.facebook.com\/ExaudiNews","article_author":"https:\/\/www.facebook.com\/ExaudiNoticias\/","article_published_time":"2022-01-11T09:32:26+00:00","article_modified_time":"2022-01-12T20:22:48+00:00","og_image":[{"width":1280,"height":720,"url":"https:\/\/exaudi.org\/wp-content\/uploads\/2022\/01\/cq5dam.thumbnail.cropped.1500.844-7.jpeg","type":"image\/jpeg"}],"author":"Exaudi Redacci\u00f3n","twitter_card":"summary_large_image","twitter_creator":"@Exaudi_noticias","twitter_site":"@Exaudi_News","twitter_misc":{"Escrito por":"Exaudi Redacci\u00f3n","Tiempo de lectura":"4 minutos"},"schema":{"@context":"https:\/\/schema.org","@graph":[{"@type":"Article","@id":"https:\/\/exaudi.org\/es\/el-gobierno-indio-devuelve-la-licencia-a-las-misioneras-de-la-caridad\/#article","isPartOf":{"@id":"https:\/\/exaudi.org\/es\/el-gobierno-indio-devuelve-la-licencia-a-las-misioneras-de-la-caridad\/"},"author":{"name":"Exaudi Redacci\u00f3n","@id":"https:\/\/exaudi.org\/#\/schema\/person\/f5fc8f063065e38742da7afe15f25df7"},"headline":"India: Gobierno devuelve licencia a las Misioneras de la Caridad","datePublished":"2022-01-11T09:32:26+00:00","dateModified":"2022-01-12T20:22:48+00:00","mainEntityOfPage":{"@id":"https:\/\/exaudi.org\/es\/el-gobierno-indio-devuelve-la-licencia-a-las-misioneras-de-la-caridad\/"},"wordCount":686,"image":{"@id":"https:\/\/exaudi.org\/es\/el-gobierno-indio-devuelve-la-licencia-a-las-misioneras-de-la-caridad\/#primaryimage"},"thumbnailUrl":"https:\/\/exaudi.org\/wp-content\/uploads\/2022\/01\/cq5dam.thumbnail.cropped.1500.844-7.jpeg","keywords":["Madre Teresa de Calcuta","Misioneras de la Caridad"],"articleSection":["Iglesia Local","Iglesia Local"],"inLanguage":"es"},{"@type":"WebPage","@id":"https:\/\/exaudi.org\/es\/el-gobierno-indio-devuelve-la-licencia-a-las-misioneras-de-la-caridad\/","url":"https:\/\/exaudi.org\/es\/el-gobierno-indio-devuelve-la-licencia-a-las-misioneras-de-la-caridad\/","name":"India: Gobierno devuelve licencia a las Misioneras de la Caridad &#8211; Exaudi","isPartOf":{"@id":"https:\/\/exaudi.org\/#website"},"primaryImageOfPage":{"@id":"https:\/\/exaudi.org\/es\/el-gobierno-indio-devuelve-la-licencia-a-las-misioneras-de-la-caridad\/#primaryimage"},"image":{"@id":"https:\/\/exaudi.org\/es\/el-gobierno-indio-devuelve-la-licencia-a-las-misioneras-de-la-caridad\/#primaryimage"},"thumbnailUrl":"https:\/\/exaudi.org\/wp-content\/uploads\/2022\/01\/cq5dam.thumbnail.cropped.1500.844-7.jpeg","datePublished":"2022-01-11T09:32:26+00:00","dateModified":"2022-01-12T20:22:48+00:00","author":{"@id":"https:\/\/exaudi.org\/#\/schema\/person\/f5fc8f063065e38742da7afe15f25df7"},"description":"El Gobierno indio devuelve la licencia a las Misioneras de la Caridad y las permite recibir y utilizar fondos extranjeros.","breadcrumb":{"@id":"https:\/\/exaudi.org\/es\/el-gobierno-indio-devuelve-la-licencia-a-las-misioneras-de-la-caridad\/#breadcrumb"},"inLanguage":"es","potentialAction":[{"@type":"ReadAction","target":["https:\/\/exaudi.org\/es\/el-gobierno-indio-devuelve-la-licencia-a-las-misioneras-de-la-caridad\/"]}]},{"@type":"ImageObject","inLanguage":"es","@id":"https:\/\/exaudi.org\/es\/el-gobierno-indio-devuelve-la-licencia-a-las-misioneras-de-la-caridad\/#primaryimage","url":"https:\/\/exaudi.org\/wp-content\/uploads\/2022\/01\/cq5dam.thumbnail.cropped.1500.844-7.jpeg","contentUrl":"https:\/\/exaudi.org\/wp-content\/uploads\/2022\/01\/cq5dam.thumbnail.cropped.1500.844-7.jpeg","width":1280,"height":720,"caption":"Hermanas Misioneras de la Caridad distribuyen alimento a familias \u00a9 Vatican Media"},{"@type":"BreadcrumbList","@id":"https:\/\/exaudi.org\/es\/el-gobierno-indio-devuelve-la-licencia-a-las-misioneras-de-la-caridad\/#breadcrumb","itemListElement":[{"@type":"ListItem","position":1,"name":"Portada","item":"https:\/\/exaudi.org\/es\/"},{"@type":"ListItem","position":2,"name":"India: Gobierno devuelve licencia a las Misioneras de la Caridad"}]},{"@type":"WebSite","@id":"https:\/\/exaudi.org\/#website","url":"https:\/\/exaudi.org\/","name":"Exaudi","description":"News","potentialAction":[{"@type":"SearchAction","target":{"@type":"EntryPoint","urlTemplate":"https:\/\/exaudi.org\/?s={search_term_string}"},"query-input":{"@type":"PropertyValueSpecification","valueRequired":true,"valueName":"search_term_string"}}],"inLanguage":"es"},{"@type":"Person","@id":"https:\/\/exaudi.org\/#\/schema\/person\/f5fc8f063065e38742da7afe15f25df7","name":"Exaudi Redacci\u00f3n","image":{"@type":"ImageObject","inLanguage":"es","@id":"https:\/\/secure.gravatar.com\/avatar\/fe0f6a059fb68d9b3e11bc5850dd4899b1c7492091a3cb6dd9b01b56ad828be2?s=96&d=mm&r=g","url":"https:\/\/secure.gravatar.com\/avatar\/fe0f6a059fb68d9b3e11bc5850dd4899b1c7492091a3cb6dd9b01b56ad828be2?s=96&d=mm&r=g","contentUrl":"https:\/\/secure.gravatar.com\/avatar\/fe0f6a059fb68d9b3e11bc5850dd4899b1c7492091a3cb6dd9b01b56ad828be2?s=96&d=mm&r=g","caption":"Exaudi Redacci\u00f3n"},"description":"\u00bfQu\u00e9 es Exaudi News? Exaudi News es un medio de comunicaci\u00f3n cat\u00f3lico internacional que informa, forma y transforma, diariamente en espa\u00f1ol, ingl\u00e9s e italiano. A trav\u00e9s de noticias, art\u00edculos de an\u00e1lisis y transmisiones en directo de los eventos del Papa, Exaudi busca fortalecer la unidad de los cristianos y contribuir a la evangelizaci\u00f3n del mundo, siempre guiados por la doctrina social de la Iglesia. Trabajamos para acercar la verdad y los valores cristianos a cada rinc\u00f3n del planeta. \u00a1Ay\u00fadanos a transformar el mundo con Exaudi! En Exaudi creemos que la evangelizaci\u00f3n y la informaci\u00f3n de calidad pueden cambiar vidas. Para continuar con nuestra misi\u00f3n y expandir nuestro alcance, necesitamos tu ayuda. Adem\u00e1s, buscamos personas comprometidas que deseen unirse a nuestro equipo. Con tu apoyo, lograremos llegar a m\u00e1s personas, difundir el mensaje de Cristo y reforzar la unidad de los cristianos. \u00bfTe unes a nuestra misi\u00f3n? Para m\u00e1s informaci\u00f3n sobre c\u00f3mo colaborar, visita Exaudi.org\/es o cont\u00e1ctanos directamente: info@exaudi.org Exaudi: Informa, forma y transforma.","sameAs":["https:\/\/www.facebook.com\/ExaudiNoticias\/","https:\/\/www.instagram.com\/exaudi_noticias\/","https:\/\/x.com\/Exaudi_noticias","https:\/\/www.youtube.com\/@exaudicatholicnews"],"url":"https:\/\/exaudi.org\/es\/author\/redaccionexaudi\/"}]}},"jetpack_featured_media_url":"https:\/\/exaudi.org\/wp-content\/uploads\/2022\/01\/cq5dam.thumbnail.cropped.1500.844-7.jpeg","jetpack_shortlink":"https:\/\/wp.me\/pgKjF2-cG7","_links":{"self":[{"href":"https:\/\/exaudi.org\/es\/wp-json\/wp\/v2\/posts\/48739","targetHints":{"allow":["GET"]}}],"collection":[{"href":"https:\/\/exaudi.org\/es\/wp-json\/wp\/v2\/posts"}],"about":[{"href":"https:\/\/exaudi.org\/es\/wp-json\/wp\/v2\/types\/post"}],"author":[{"embeddable":true,"href":"https:\/\/exaudi.org\/es\/wp-json\/wp\/v2\/users\/15"}],"replies":[{"embeddable":true,"href":"https:\/\/exaudi.org\/es\/wp-json\/wp\/v2\/comments?post=48739"}],"version-history":[{"count":0,"href":"https:\/\/exaudi.org\/es\/wp-json\/wp\/v2\/posts\/48739\/revisions"}],"wp:featuredmedia":[{"embeddable":true,"href":"https:\/\/exaudi.org\/es\/wp-json\/wp\/v2\/media\/48789"}],"wp:attachment":[{"href":"https:\/\/exaudi.org\/es\/wp-json\/wp\/v2\/media?parent=48739"}],"wp:term":[{"taxonomy":"category","embeddable":true,"href":"https:\/\/exaudi.org\/es\/wp-json\/wp\/v2\/categories?post=48739"},{"taxonomy":"post_tag","embeddable":true,"href":"https:\/\/exaudi.org\/es\/wp-json\/wp\/v2\/tags?post=48739"}],"curies":[{"name":"wp","href":"https:\/\/api.w.org\/{rel}","templated":true}]}}