{"id":48708,"date":"2022-01-10T12:01:11","date_gmt":"2022-01-10T11:01:11","guid":{"rendered":"https:\/\/exaudi.org\/?p=48708"},"modified":"2022-01-10T17:03:46","modified_gmt":"2022-01-10T16:03:46","slug":"venezuela-elegida-nueva-presidencia-del-episcopado","status":"publish","type":"post","link":"https:\/\/exaudi.org\/es\/venezuela-elegida-nueva-presidencia-del-episcopado\/","title":{"rendered":"Venezuela: Elegida nueva presidencia del Episcopado"},"content":{"rendered":"<p>El 7 de enero de 2022, primera jornada de la CXVII Asamblea Ordinaria Plenaria del Episcopado de Venezuela, en curso del 7 al 12 de enero, fue elegida la presidencia de la <a href=\"https:\/\/conferenciaepiscopalvenezolana.com\/\" target=\"_blank\" rel=\"noopener\">Conferencia Episcopal Venezolana<\/a> (CEV) para el trienio 2022-2025, informa una nota de la propia CEV.<\/p>\n<p>Como presidente, fue elegido Mons. Jes\u00fas Gonz\u00e1lez de Zarate, arzobispo de Cuman\u00e1, quien fue secretario general de la Conferencia Episcopal Venezolana desde 2009 hasta 2015; fue ratificado Mons. Mario Moronta, obispo de <a href=\"https:\/\/exaudi.org\/es\/venezuela-el-papa-envia-una-carta-en-el-inicio-del-ano-jubilar\/\" target=\"_blank\" rel=\"noopener\">San Crist\u00f3bal<\/a> como primer vicepresidente; como segundo vicepresidente, Mons. Ulises Guti\u00e9rrez, arzobispo de Ciudad Bol\u00edvar; y como secretario general de la CEV, Mons. Ra\u00fal Biord, obispo de La Guaira, primer vicepresidente del Consejo Asesor Nacional de Pastoral, y quien en el periodo anterior ejerci\u00f3 el cargo de segundo vicepresidente de la CEV.<\/p>\n<p>Al finalizar la elecci\u00f3n, Mons. Jes\u00fas Gonz\u00e1lez de Z\u00e1rate dirigi\u00f3 palabras de salutaci\u00f3n en nombre de la nueva Presidencia de la CEV, expresando su agradecimiento por \u201cla confianza que los obispos han depositado en nosotros y manifestamos nuestra voluntad de servicio a la Iglesia y a todos los venezolanos\u201d.<\/p>\n<h2><strong>Presidentes de las comisiones Episcopales<\/strong><\/h2>\n<p>El s\u00e1bado 8 de enero de 2022, segundo d\u00eda de la CXVII Asamblea Ordinaria Plenaria del Episcopado Venezolano, fueron elegidos los distintos presidentes de las comisiones episcopales que conformar\u00e1n la Comisi\u00f3n Permanente para el trienio 2022-2025.<\/p>\n<p>De igual manera, fueron conformadas las comisiones episcopales que se organizan con un presidente y un grupo de obispos que le acompa\u00f1an en el trabajo de cada comisi\u00f3n.<\/p>\n<p>Los nuevos presidentes de comisiones episcopales son:<\/p>\n<p><strong>Comisi\u00f3n Episcopal de Doctrina y Ecumenismo<\/strong><\/p>\n<p>Mons. Freddy Fuenmayor, obispo de Los Teques<\/p>\n<p><strong>Comisi\u00f3n Episcopal de Liturgia, M\u00fasica y Arte Sagrado, Pastoral de Santuarios, Peregrinaciones y Causas de los Santos<\/strong><\/p>\n<p>Mons. Enrique P\u00e9rez Lavado, obispo de Matur\u00edn<\/p>\n<p><strong>Comisi\u00f3n Episcopal de Catequesis y Pastoral B\u00edblica<\/strong><\/p>\n<p>Mons. Carlos Cabezas, obispo de Punto Fijo<\/p>\n<p><strong>Comisi\u00f3n de Misiones, Indigenismo y Afroamericanos<\/strong><\/p>\n<p>Mons. Jonny Reyes, obispo del Vicariato Apost\u00f3lico de Puerto Ayacucho<\/p>\n<p><strong>Comisi\u00f3n Episcopal de Clero, seminarios, vocaciones y diaconado permanente<\/strong><\/p>\n<p>Mons. Polito Rodr\u00edguez, obispo de San Carlos<\/p>\n<p><strong>Comisi\u00f3n Episcopal de Vida consagrada (Comisi\u00f3n mixta y consejo ITER-CER)<\/strong><\/p>\n<p>Mons. Helizandro Ter\u00e1n, Obispo de Ciudad Guayana<\/p>\n<p><strong>Comisi\u00f3n Episcopal de Laicos y Ministerios<\/strong><\/p>\n<p>Mons. Juan Carlos Bravo, Obispo de Petare<\/p>\n<p><strong>Comisi\u00f3n Episcopal de Adolescencia y Juventud<\/strong><\/p>\n<p>Mons. Jos\u00e9 Manuel Romero, Obispo de El Tigre<\/p>\n<p><strong>Comisi\u00f3n Episcopal de Familia e Infancia<\/strong><\/p>\n<p>Mons. Nicol\u00e1s Nava, Obispo de Machiques<\/p>\n<p><strong>Comisi\u00f3n Episcopal de Pastoral Social-C\u00e1ritas Venezuela<\/strong><\/p>\n<p>Mons. Jos\u00e9 Luis Azuaje Ayala, arzobispo de Maracaibo<\/p>\n<p><strong>Comisi\u00f3n Episcopal de Comunicaci\u00f3n<\/strong><\/p>\n<p>Mons. Tulio Ram\u00edrez Padilla, Obispo de Guarenas<\/p>\n<p><strong>Comisi\u00f3n Episcopal de Cultura y bienes culturales<\/strong><\/p>\n<p>Mons. Pablo Modesto, Obispo de Guasdualito<\/p>\n<p><strong>Comisi\u00f3n Episcopal de Educaci\u00f3n y Pastoral Universitaria<\/strong><\/p>\n<p>Mons. Carlos Curiel, Obispo de Carora<\/p>\n<p><strong>Gerencia, planificaci\u00f3n, administraci\u00f3n y asuntos jur\u00eddicos<\/strong><\/p>\n<p>Mons. Jos\u00e9 Trinidad Fern\u00e1ndez, Obispo de Trujillo<\/p>\n<p><strong>Circunscripciones Eclesi\u00e1sticas<\/strong><\/p>\n<p>Mons. Reinaldo Del Prette, arzobispo de Valencia<\/p>\n<p><strong>Instituto Nacional de Pastoral (INPAS)<\/strong><\/p>\n<p>Mons. Lisandro Rivas, Obispo auxiliar electo de Caracas<\/p>\n","protected":false},"excerpt":{"rendered":"<p>Mons. Jes\u00fas Gonz\u00e1lez de Zarate, presidente<\/p>\n","protected":false},"author":5,"featured_media":48709,"comment_status":"closed","ping_status":"closed","sticky":false,"template":"","format":"standard","meta":{"_acf_changed":false,"_crdt_document":"","inline_featured_image":false,"footnotes":""},"categories":[86],"tags":[1307,4953,966],"class_list":["post-48708","post","type-post","status-publish","format-standard","has-post-thumbnail","hentry","category-iglesia-local","tag-conferencia-episcopal-venezolana-cev","tag-trending-es","tag-venezuela"],"acf":[],"yoast_head":"<!-- This site is optimized with the Yoast SEO plugin v27.5 - https:\/\/yoast.com\/product\/yoast-seo-wordpress\/ -->\n<title>Venezuela: Elegida nueva presidencia del Episcopado &#8211; Exaudi<\/title>\n<meta name=\"description\" content=\"Venezuela: Durante CXVII Asamblea Plenaria de los obispos fue elegida la presidencia del Episcopado Venezolano\" \/>\n<meta name=\"robots\" content=\"index, follow, max-snippet:-1, max-image-preview:large, max-video-preview:-1\" \/>\n<link rel=\"canonical\" href=\"https:\/\/exaudi.org\/es\/venezuela-elegida-nueva-presidencia-del-episcopado\/\" \/>\n<meta property=\"og:locale\" content=\"es_ES\" \/>\n<meta property=\"og:type\" content=\"article\" \/>\n<meta property=\"og:title\" content=\"Venezuela: Elegida nueva presidencia del Episcopado &#8211; Exaudi\" \/>\n<meta property=\"og:description\" content=\"Venezuela: Durante CXVII Asamblea Plenaria de los obispos fue elegida la presidencia del Episcopado Venezolano\" \/>\n<meta property=\"og:url\" content=\"https:\/\/exaudi.org\/es\/venezuela-elegida-nueva-presidencia-del-episcopado\/\" \/>\n<meta property=\"og:site_name\" content=\"Exaudi\" \/>\n<meta property=\"article:publisher\" content=\"https:\/\/www.facebook.com\/ExaudiNews\" \/>\n<meta property=\"article:published_time\" content=\"2022-01-10T11:01:11+00:00\" \/>\n<meta property=\"article:modified_time\" content=\"2022-01-10T16:03:46+00:00\" \/>\n<meta property=\"og:image\" content=\"https:\/\/exaudi.org\/wp-content\/uploads\/2022\/01\/Presidencia-de-la-Conferencia-Episcopal-Venezolana.jpg\" \/>\n\t<meta property=\"og:image:width\" content=\"700\" \/>\n\t<meta property=\"og:image:height\" content=\"412\" \/>\n\t<meta property=\"og:image:type\" content=\"image\/jpeg\" \/>\n<meta name=\"author\" content=\"Larissa I. L\u00f3pez\" \/>\n<meta name=\"twitter:card\" content=\"summary_large_image\" \/>\n<meta name=\"twitter:creator\" content=\"@Exaudi_News\" \/>\n<meta name=\"twitter:site\" content=\"@Exaudi_News\" \/>\n<meta name=\"twitter:label1\" content=\"Escrito por\" \/>\n\t<meta name=\"twitter:data1\" content=\"Larissa I. L\u00f3pez\" \/>\n\t<meta name=\"twitter:label2\" content=\"Tiempo de lectura\" \/>\n\t<meta name=\"twitter:data2\" content=\"3 minutos\" \/>\n<script type=\"application\/ld+json\" class=\"yoast-schema-graph\">{\"@context\":\"https:\\\/\\\/schema.org\",\"@graph\":[{\"@type\":\"Article\",\"@id\":\"https:\\\/\\\/exaudi.org\\\/es\\\/venezuela-elegida-nueva-presidencia-del-episcopado\\\/#article\",\"isPartOf\":{\"@id\":\"https:\\\/\\\/exaudi.org\\\/es\\\/venezuela-elegida-nueva-presidencia-del-episcopado\\\/\"},\"author\":{\"name\":\"Larissa I. L\u00f3pez\",\"@id\":\"https:\\\/\\\/exaudi.org\\\/#\\\/schema\\\/person\\\/7d2f77db033c2c0929edfab6dbe8c588\"},\"headline\":\"Venezuela: Elegida nueva presidencia del Episcopado\",\"datePublished\":\"2022-01-10T11:01:11+00:00\",\"dateModified\":\"2022-01-10T16:03:46+00:00\",\"mainEntityOfPage\":{\"@id\":\"https:\\\/\\\/exaudi.org\\\/es\\\/venezuela-elegida-nueva-presidencia-del-episcopado\\\/\"},\"wordCount\":527,\"image\":{\"@id\":\"https:\\\/\\\/exaudi.org\\\/es\\\/venezuela-elegida-nueva-presidencia-del-episcopado\\\/#primaryimage\"},\"thumbnailUrl\":\"https:\\\/\\\/exaudi.org\\\/wp-content\\\/uploads\\\/2022\\\/01\\\/Presidencia-de-la-Conferencia-Episcopal-Venezolana.jpg\",\"keywords\":[\"Conferencia Episcopal Venezolana (CEV)\",\"Trending\",\"Venezuela\"],\"articleSection\":[\"Iglesia Local\"],\"inLanguage\":\"es\"},{\"@type\":\"WebPage\",\"@id\":\"https:\\\/\\\/exaudi.org\\\/es\\\/venezuela-elegida-nueva-presidencia-del-episcopado\\\/\",\"url\":\"https:\\\/\\\/exaudi.org\\\/es\\\/venezuela-elegida-nueva-presidencia-del-episcopado\\\/\",\"name\":\"Venezuela: Elegida nueva presidencia del Episcopado &#8211; Exaudi\",\"isPartOf\":{\"@id\":\"https:\\\/\\\/exaudi.org\\\/#website\"},\"primaryImageOfPage\":{\"@id\":\"https:\\\/\\\/exaudi.org\\\/es\\\/venezuela-elegida-nueva-presidencia-del-episcopado\\\/#primaryimage\"},\"image\":{\"@id\":\"https:\\\/\\\/exaudi.org\\\/es\\\/venezuela-elegida-nueva-presidencia-del-episcopado\\\/#primaryimage\"},\"thumbnailUrl\":\"https:\\\/\\\/exaudi.org\\\/wp-content\\\/uploads\\\/2022\\\/01\\\/Presidencia-de-la-Conferencia-Episcopal-Venezolana.jpg\",\"datePublished\":\"2022-01-10T11:01:11+00:00\",\"dateModified\":\"2022-01-10T16:03:46+00:00\",\"author\":{\"@id\":\"https:\\\/\\\/exaudi.org\\\/#\\\/schema\\\/person\\\/7d2f77db033c2c0929edfab6dbe8c588\"},\"description\":\"Venezuela: Durante CXVII Asamblea Plenaria de los obispos fue elegida la presidencia del Episcopado Venezolano\",\"breadcrumb\":{\"@id\":\"https:\\\/\\\/exaudi.org\\\/es\\\/venezuela-elegida-nueva-presidencia-del-episcopado\\\/#breadcrumb\"},\"inLanguage\":\"es\",\"potentialAction\":[{\"@type\":\"ReadAction\",\"target\":[\"https:\\\/\\\/exaudi.org\\\/es\\\/venezuela-elegida-nueva-presidencia-del-episcopado\\\/\"]}]},{\"@type\":\"ImageObject\",\"inLanguage\":\"es\",\"@id\":\"https:\\\/\\\/exaudi.org\\\/es\\\/venezuela-elegida-nueva-presidencia-del-episcopado\\\/#primaryimage\",\"url\":\"https:\\\/\\\/exaudi.org\\\/wp-content\\\/uploads\\\/2022\\\/01\\\/Presidencia-de-la-Conferencia-Episcopal-Venezolana.jpg\",\"contentUrl\":\"https:\\\/\\\/exaudi.org\\\/wp-content\\\/uploads\\\/2022\\\/01\\\/Presidencia-de-la-Conferencia-Episcopal-Venezolana.jpg\",\"width\":700,\"height\":412,\"caption\":\"Presidencia de la Conferencia Episcopal Venezolana \u00a9 CEV\"},{\"@type\":\"BreadcrumbList\",\"@id\":\"https:\\\/\\\/exaudi.org\\\/es\\\/venezuela-elegida-nueva-presidencia-del-episcopado\\\/#breadcrumb\",\"itemListElement\":[{\"@type\":\"ListItem\",\"position\":1,\"name\":\"Portada\",\"item\":\"https:\\\/\\\/exaudi.org\\\/es\\\/\"},{\"@type\":\"ListItem\",\"position\":2,\"name\":\"Venezuela: Elegida nueva presidencia del Episcopado\"}]},{\"@type\":\"WebSite\",\"@id\":\"https:\\\/\\\/exaudi.org\\\/#website\",\"url\":\"https:\\\/\\\/exaudi.org\\\/\",\"name\":\"Exaudi\",\"description\":\"News\",\"potentialAction\":[{\"@type\":\"SearchAction\",\"target\":{\"@type\":\"EntryPoint\",\"urlTemplate\":\"https:\\\/\\\/exaudi.org\\\/?s={search_term_string}\"},\"query-input\":{\"@type\":\"PropertyValueSpecification\",\"valueRequired\":true,\"valueName\":\"search_term_string\"}}],\"inLanguage\":\"es\"},{\"@type\":\"Person\",\"@id\":\"https:\\\/\\\/exaudi.org\\\/#\\\/schema\\\/person\\\/7d2f77db033c2c0929edfab6dbe8c588\",\"name\":\"Larissa I. L\u00f3pez\",\"image\":{\"@type\":\"ImageObject\",\"inLanguage\":\"es\",\"@id\":\"https:\\\/\\\/secure.gravatar.com\\\/avatar\\\/db3ef399ff343d0bb9d25dc5198bc8ece5ac6d621eca79876697a354dabc1e3f?s=96&d=mm&r=g\",\"url\":\"https:\\\/\\\/secure.gravatar.com\\\/avatar\\\/db3ef399ff343d0bb9d25dc5198bc8ece5ac6d621eca79876697a354dabc1e3f?s=96&d=mm&r=g\",\"contentUrl\":\"https:\\\/\\\/secure.gravatar.com\\\/avatar\\\/db3ef399ff343d0bb9d25dc5198bc8ece5ac6d621eca79876697a354dabc1e3f?s=96&d=mm&r=g\",\"caption\":\"Larissa I. L\u00f3pez\"},\"description\":\"Doctora en Comunicaci\u00f3n. Mi trayectoria profesional ha transcurrido entre el \u00e1mbito de la comunicaci\u00f3n y el de la docencia. En los \u00faltimos a\u00f1os, he trabajado como coordinadora y redactora de la edici\u00f3n de ZENIT en espa\u00f1ol. Como profesora, he impartido clases en la universidad y en centros de FP y bachillerato. Cordobesa de nacimiento, tambi\u00e9n he vivido en Sevilla, Madrid y Roma\",\"url\":\"https:\\\/\\\/exaudi.org\\\/es\\\/author\\\/llopezexaudi-org\\\/\"}]}<\/script>\n<!-- \/ Yoast SEO plugin. -->","yoast_head_json":{"title":"Venezuela: Elegida nueva presidencia del Episcopado &#8211; Exaudi","description":"Venezuela: Durante CXVII Asamblea Plenaria de los obispos fue elegida la presidencia del Episcopado Venezolano","robots":{"index":"index","follow":"follow","max-snippet":"max-snippet:-1","max-image-preview":"max-image-preview:large","max-video-preview":"max-video-preview:-1"},"canonical":"https:\/\/exaudi.org\/es\/venezuela-elegida-nueva-presidencia-del-episcopado\/","og_locale":"es_ES","og_type":"article","og_title":"Venezuela: Elegida nueva presidencia del Episcopado &#8211; Exaudi","og_description":"Venezuela: Durante CXVII Asamblea Plenaria de los obispos fue elegida la presidencia del Episcopado Venezolano","og_url":"https:\/\/exaudi.org\/es\/venezuela-elegida-nueva-presidencia-del-episcopado\/","og_site_name":"Exaudi","article_publisher":"https:\/\/www.facebook.com\/ExaudiNews","article_published_time":"2022-01-10T11:01:11+00:00","article_modified_time":"2022-01-10T16:03:46+00:00","og_image":[{"width":700,"height":412,"url":"https:\/\/exaudi.org\/wp-content\/uploads\/2022\/01\/Presidencia-de-la-Conferencia-Episcopal-Venezolana.jpg","type":"image\/jpeg"}],"author":"Larissa I. L\u00f3pez","twitter_card":"summary_large_image","twitter_creator":"@Exaudi_News","twitter_site":"@Exaudi_News","twitter_misc":{"Escrito por":"Larissa I. L\u00f3pez","Tiempo de lectura":"3 minutos"},"schema":{"@context":"https:\/\/schema.org","@graph":[{"@type":"Article","@id":"https:\/\/exaudi.org\/es\/venezuela-elegida-nueva-presidencia-del-episcopado\/#article","isPartOf":{"@id":"https:\/\/exaudi.org\/es\/venezuela-elegida-nueva-presidencia-del-episcopado\/"},"author":{"name":"Larissa I. L\u00f3pez","@id":"https:\/\/exaudi.org\/#\/schema\/person\/7d2f77db033c2c0929edfab6dbe8c588"},"headline":"Venezuela: Elegida nueva presidencia del Episcopado","datePublished":"2022-01-10T11:01:11+00:00","dateModified":"2022-01-10T16:03:46+00:00","mainEntityOfPage":{"@id":"https:\/\/exaudi.org\/es\/venezuela-elegida-nueva-presidencia-del-episcopado\/"},"wordCount":527,"image":{"@id":"https:\/\/exaudi.org\/es\/venezuela-elegida-nueva-presidencia-del-episcopado\/#primaryimage"},"thumbnailUrl":"https:\/\/exaudi.org\/wp-content\/uploads\/2022\/01\/Presidencia-de-la-Conferencia-Episcopal-Venezolana.jpg","keywords":["Conferencia Episcopal Venezolana (CEV)","Trending","Venezuela"],"articleSection":["Iglesia Local"],"inLanguage":"es"},{"@type":"WebPage","@id":"https:\/\/exaudi.org\/es\/venezuela-elegida-nueva-presidencia-del-episcopado\/","url":"https:\/\/exaudi.org\/es\/venezuela-elegida-nueva-presidencia-del-episcopado\/","name":"Venezuela: Elegida nueva presidencia del Episcopado &#8211; Exaudi","isPartOf":{"@id":"https:\/\/exaudi.org\/#website"},"primaryImageOfPage":{"@id":"https:\/\/exaudi.org\/es\/venezuela-elegida-nueva-presidencia-del-episcopado\/#primaryimage"},"image":{"@id":"https:\/\/exaudi.org\/es\/venezuela-elegida-nueva-presidencia-del-episcopado\/#primaryimage"},"thumbnailUrl":"https:\/\/exaudi.org\/wp-content\/uploads\/2022\/01\/Presidencia-de-la-Conferencia-Episcopal-Venezolana.jpg","datePublished":"2022-01-10T11:01:11+00:00","dateModified":"2022-01-10T16:03:46+00:00","author":{"@id":"https:\/\/exaudi.org\/#\/schema\/person\/7d2f77db033c2c0929edfab6dbe8c588"},"description":"Venezuela: Durante CXVII Asamblea Plenaria de los obispos fue elegida la presidencia del Episcopado Venezolano","breadcrumb":{"@id":"https:\/\/exaudi.org\/es\/venezuela-elegida-nueva-presidencia-del-episcopado\/#breadcrumb"},"inLanguage":"es","potentialAction":[{"@type":"ReadAction","target":["https:\/\/exaudi.org\/es\/venezuela-elegida-nueva-presidencia-del-episcopado\/"]}]},{"@type":"ImageObject","inLanguage":"es","@id":"https:\/\/exaudi.org\/es\/venezuela-elegida-nueva-presidencia-del-episcopado\/#primaryimage","url":"https:\/\/exaudi.org\/wp-content\/uploads\/2022\/01\/Presidencia-de-la-Conferencia-Episcopal-Venezolana.jpg","contentUrl":"https:\/\/exaudi.org\/wp-content\/uploads\/2022\/01\/Presidencia-de-la-Conferencia-Episcopal-Venezolana.jpg","width":700,"height":412,"caption":"Presidencia de la Conferencia Episcopal Venezolana \u00a9 CEV"},{"@type":"BreadcrumbList","@id":"https:\/\/exaudi.org\/es\/venezuela-elegida-nueva-presidencia-del-episcopado\/#breadcrumb","itemListElement":[{"@type":"ListItem","position":1,"name":"Portada","item":"https:\/\/exaudi.org\/es\/"},{"@type":"ListItem","position":2,"name":"Venezuela: Elegida nueva presidencia del Episcopado"}]},{"@type":"WebSite","@id":"https:\/\/exaudi.org\/#website","url":"https:\/\/exaudi.org\/","name":"Exaudi","description":"News","potentialAction":[{"@type":"SearchAction","target":{"@type":"EntryPoint","urlTemplate":"https:\/\/exaudi.org\/?s={search_term_string}"},"query-input":{"@type":"PropertyValueSpecification","valueRequired":true,"valueName":"search_term_string"}}],"inLanguage":"es"},{"@type":"Person","@id":"https:\/\/exaudi.org\/#\/schema\/person\/7d2f77db033c2c0929edfab6dbe8c588","name":"Larissa I. L\u00f3pez","image":{"@type":"ImageObject","inLanguage":"es","@id":"https:\/\/secure.gravatar.com\/avatar\/db3ef399ff343d0bb9d25dc5198bc8ece5ac6d621eca79876697a354dabc1e3f?s=96&d=mm&r=g","url":"https:\/\/secure.gravatar.com\/avatar\/db3ef399ff343d0bb9d25dc5198bc8ece5ac6d621eca79876697a354dabc1e3f?s=96&d=mm&r=g","contentUrl":"https:\/\/secure.gravatar.com\/avatar\/db3ef399ff343d0bb9d25dc5198bc8ece5ac6d621eca79876697a354dabc1e3f?s=96&d=mm&r=g","caption":"Larissa I. L\u00f3pez"},"description":"Doctora en Comunicaci\u00f3n. Mi trayectoria profesional ha transcurrido entre el \u00e1mbito de la comunicaci\u00f3n y el de la docencia. En los \u00faltimos a\u00f1os, he trabajado como coordinadora y redactora de la edici\u00f3n de ZENIT en espa\u00f1ol. Como profesora, he impartido clases en la universidad y en centros de FP y bachillerato. Cordobesa de nacimiento, tambi\u00e9n he vivido en Sevilla, Madrid y Roma","url":"https:\/\/exaudi.org\/es\/author\/llopezexaudi-org\/"}]}},"jetpack_featured_media_url":"https:\/\/exaudi.org\/wp-content\/uploads\/2022\/01\/Presidencia-de-la-Conferencia-Episcopal-Venezolana.jpg","jetpack_shortlink":"https:\/\/wp.me\/pgKjF2-cFC","_links":{"self":[{"href":"https:\/\/exaudi.org\/es\/wp-json\/wp\/v2\/posts\/48708","targetHints":{"allow":["GET"]}}],"collection":[{"href":"https:\/\/exaudi.org\/es\/wp-json\/wp\/v2\/posts"}],"about":[{"href":"https:\/\/exaudi.org\/es\/wp-json\/wp\/v2\/types\/post"}],"author":[{"embeddable":true,"href":"https:\/\/exaudi.org\/es\/wp-json\/wp\/v2\/users\/5"}],"replies":[{"embeddable":true,"href":"https:\/\/exaudi.org\/es\/wp-json\/wp\/v2\/comments?post=48708"}],"version-history":[{"count":0,"href":"https:\/\/exaudi.org\/es\/wp-json\/wp\/v2\/posts\/48708\/revisions"}],"wp:featuredmedia":[{"embeddable":true,"href":"https:\/\/exaudi.org\/es\/wp-json\/wp\/v2\/media\/48709"}],"wp:attachment":[{"href":"https:\/\/exaudi.org\/es\/wp-json\/wp\/v2\/media?parent=48708"}],"wp:term":[{"taxonomy":"category","embeddable":true,"href":"https:\/\/exaudi.org\/es\/wp-json\/wp\/v2\/categories?post=48708"},{"taxonomy":"post_tag","embeddable":true,"href":"https:\/\/exaudi.org\/es\/wp-json\/wp\/v2\/tags?post=48708"}],"curies":[{"name":"wp","href":"https:\/\/api.w.org\/{rel}","templated":true}]}}