{"id":48702,"date":"2022-01-10T16:31:37","date_gmt":"2022-01-10T15:31:37","guid":{"rendered":"https:\/\/exaudi.org\/?p=48702"},"modified":"2022-01-12T16:34:39","modified_gmt":"2022-01-12T15:34:39","slug":"celebraciones-liturgicas-del-papa-en-enero-y-febrero-de-2022","status":"publish","type":"post","link":"https:\/\/exaudi.org\/es\/celebraciones-liturgicas-del-papa-en-enero-y-febrero-de-2022\/","title":{"rendered":"Celebraciones lit\u00fargicas del Papa en enero y febrero de 2022"},"content":{"rendered":"<p>La Oficina de las Celebraciones Lit\u00fargicas Pontificias ha difundido hoy, 10 de enero de 2022, las citas presididas por el Papa Francisco para enero y febrero de 2022.<\/p>\n<h2><strong>Domingo 23 de enero<\/strong><\/h2>\n<p>El Tercer Domingo del Tiempo Ordinario, 2 el Santo Padre celebrar\u00e1 la Misa del Domingo de la Palabra de Dios en la Bas\u00edlica de San Pedro a las 9:30 horas. El domingo dedicado a la Palabra de Dios\u00a0fue instituido en 2019 con el <a href=\"https:\/\/www.vatican.va\/content\/francesco\/es\/motu_proprio\/documents\/papa-francesco-motu-proprio-20190930_aperuit-illis.html\" target=\"_blank\" rel=\"noopener\"><em>Motu proprio<\/em>\u00a0<em>Aperuit Illis<\/em><\/a>.<\/p>\n<h2><strong>Martes 25 de enero <\/strong><\/h2>\n<p>En la Solemnidad de la Conversi\u00f3n de San Pablo, el Papa, concluir\u00e1 con las segundas v\u00edsperas la 55\u00aa Semana de Oraci\u00f3n por la Unidad de los Cristianos en la Bas\u00edlica de San Pablo Extramuros a las 17:30.<\/p>\n<h2><strong>Mi\u00e9rcoles 2 de febrero<\/strong><\/h2>\n<p>En la fiesta de la Presentaci\u00f3n del Se\u00f1or, Francisco presidir\u00e1 la\u00a0Misa de la Jornada Mundial de la Vida Consagrada, a las 17.30 horas en la Bas\u00edlica Vaticana, en presencia de religiosos y religiosas.<\/p>\n<h2><strong>Domingo 27 de febrero<\/strong><\/h2>\n<p>El Pont\u00edfice se traslada a <a href=\"https:\/\/exaudi.org\/es\/el-papa-francisco-visitara-florencia-en-febrero\/\" target=\"_blank\" rel=\"noopener\">Florencia<\/a> para concluir el\u00a0Encuentro de Obispos y Alcaldes del Mediterr\u00e1neo, inspirado en la figura de Giorgio La Pira, que comenzar\u00e1 el d\u00eda 24. La presencia del Santo Padre est\u00e1 programada en la Bas\u00edlica de la Santa Cruz a las 10:30 horas.<\/p>\n","protected":false},"excerpt":{"rendered":"<p>La Oficina de las Celebraciones Lit\u00fargicas Pontificias ha difundido hoy, 10 de enero de 2022, las citas presididas por el Papa Francisco para enero y febrero de 2022. Domingo 23 de enero El Tercer Domingo del Tiempo Ordinario, 2 el Santo Padre celebrar\u00e1 la Misa del Domingo de la Palabra de Dios en la Bas\u00edlica [&hellip;]<\/p>\n","protected":false},"author":5,"featured_media":48703,"comment_status":"closed","ping_status":"closed","sticky":false,"template":"","format":"standard","meta":{"_acf_changed":false,"_crdt_document":"","inline_featured_image":false,"footnotes":""},"categories":[68],"tags":[4896,158],"class_list":["post-48702","post","type-post","status-publish","format-standard","has-post-thumbnail","hentry","category-leon-xiv","tag-4896","tag-papa-francisco"],"acf":[],"yoast_head":"<!-- This site is optimized with the Yoast SEO plugin v27.5 - https:\/\/yoast.com\/product\/yoast-seo-wordpress\/ -->\n<title>Celebraciones lit\u00fargicas del Papa en enero y febrero de 2022 &#8211; Exaudi<\/title>\n<meta name=\"description\" content=\"La Oficina de las Celebraciones Lit\u00fargicas Pontificias ha difundido las citas presididas por el Papa Francisco para enero y febrero de 2022\" \/>\n<meta name=\"robots\" content=\"index, follow, max-snippet:-1, max-image-preview:large, max-video-preview:-1\" \/>\n<link rel=\"canonical\" href=\"https:\/\/exaudi.org\/es\/celebraciones-liturgicas-del-papa-en-enero-y-febrero-de-2022\/\" \/>\n<meta property=\"og:locale\" content=\"es_ES\" \/>\n<meta property=\"og:type\" content=\"article\" \/>\n<meta property=\"og:title\" content=\"Celebraciones lit\u00fargicas del Papa en enero y febrero de 2022 &#8211; Exaudi\" \/>\n<meta property=\"og:description\" content=\"La Oficina de las Celebraciones Lit\u00fargicas Pontificias ha difundido las citas presididas por el Papa Francisco para enero y febrero de 2022\" \/>\n<meta property=\"og:url\" content=\"https:\/\/exaudi.org\/es\/celebraciones-liturgicas-del-papa-en-enero-y-febrero-de-2022\/\" \/>\n<meta property=\"og:site_name\" content=\"Exaudi\" \/>\n<meta property=\"article:publisher\" content=\"https:\/\/www.facebook.com\/ExaudiNews\" \/>\n<meta property=\"article:published_time\" content=\"2022-01-10T15:31:37+00:00\" \/>\n<meta property=\"article:modified_time\" content=\"2022-01-12T15:34:39+00:00\" \/>\n<meta property=\"og:image\" content=\"https:\/\/exaudi.org\/wp-content\/uploads\/2022\/01\/DSC6989-1-scaled.jpg\" \/>\n\t<meta property=\"og:image:width\" content=\"2560\" \/>\n\t<meta property=\"og:image:height\" content=\"1707\" \/>\n\t<meta property=\"og:image:type\" content=\"image\/jpeg\" \/>\n<meta name=\"author\" content=\"Larissa I. L\u00f3pez\" \/>\n<meta name=\"twitter:card\" content=\"summary_large_image\" \/>\n<meta name=\"twitter:creator\" content=\"@Exaudi_News\" \/>\n<meta name=\"twitter:site\" content=\"@Exaudi_News\" \/>\n<meta name=\"twitter:label1\" content=\"Escrito por\" \/>\n\t<meta name=\"twitter:data1\" content=\"Larissa I. L\u00f3pez\" \/>\n\t<meta name=\"twitter:label2\" content=\"Tiempo de lectura\" \/>\n\t<meta name=\"twitter:data2\" content=\"1 minuto\" \/>\n<script type=\"application\/ld+json\" class=\"yoast-schema-graph\">{\"@context\":\"https:\\\/\\\/schema.org\",\"@graph\":[{\"@type\":\"Article\",\"@id\":\"https:\\\/\\\/exaudi.org\\\/es\\\/celebraciones-liturgicas-del-papa-en-enero-y-febrero-de-2022\\\/#article\",\"isPartOf\":{\"@id\":\"https:\\\/\\\/exaudi.org\\\/es\\\/celebraciones-liturgicas-del-papa-en-enero-y-febrero-de-2022\\\/\"},\"author\":{\"name\":\"Larissa I. L\u00f3pez\",\"@id\":\"https:\\\/\\\/exaudi.org\\\/#\\\/schema\\\/person\\\/7d2f77db033c2c0929edfab6dbe8c588\"},\"headline\":\"Celebraciones lit\u00fargicas del Papa en enero y febrero de 2022\",\"datePublished\":\"2022-01-10T15:31:37+00:00\",\"dateModified\":\"2022-01-12T15:34:39+00:00\",\"mainEntityOfPage\":{\"@id\":\"https:\\\/\\\/exaudi.org\\\/es\\\/celebraciones-liturgicas-del-papa-en-enero-y-febrero-de-2022\\\/\"},\"wordCount\":219,\"image\":{\"@id\":\"https:\\\/\\\/exaudi.org\\\/es\\\/celebraciones-liturgicas-del-papa-en-enero-y-febrero-de-2022\\\/#primaryimage\"},\"thumbnailUrl\":\"https:\\\/\\\/exaudi.org\\\/wp-content\\\/uploads\\\/2022\\\/01\\\/DSC6989-1-scaled.jpg\",\"keywords\":[\"2022\",\"papa francisco\"],\"articleSection\":[\"Le\u00f3n XIV\"],\"inLanguage\":\"es\"},{\"@type\":\"WebPage\",\"@id\":\"https:\\\/\\\/exaudi.org\\\/es\\\/celebraciones-liturgicas-del-papa-en-enero-y-febrero-de-2022\\\/\",\"url\":\"https:\\\/\\\/exaudi.org\\\/es\\\/celebraciones-liturgicas-del-papa-en-enero-y-febrero-de-2022\\\/\",\"name\":\"Celebraciones lit\u00fargicas del Papa en enero y febrero de 2022 &#8211; Exaudi\",\"isPartOf\":{\"@id\":\"https:\\\/\\\/exaudi.org\\\/#website\"},\"primaryImageOfPage\":{\"@id\":\"https:\\\/\\\/exaudi.org\\\/es\\\/celebraciones-liturgicas-del-papa-en-enero-y-febrero-de-2022\\\/#primaryimage\"},\"image\":{\"@id\":\"https:\\\/\\\/exaudi.org\\\/es\\\/celebraciones-liturgicas-del-papa-en-enero-y-febrero-de-2022\\\/#primaryimage\"},\"thumbnailUrl\":\"https:\\\/\\\/exaudi.org\\\/wp-content\\\/uploads\\\/2022\\\/01\\\/DSC6989-1-scaled.jpg\",\"datePublished\":\"2022-01-10T15:31:37+00:00\",\"dateModified\":\"2022-01-12T15:34:39+00:00\",\"author\":{\"@id\":\"https:\\\/\\\/exaudi.org\\\/#\\\/schema\\\/person\\\/7d2f77db033c2c0929edfab6dbe8c588\"},\"description\":\"La Oficina de las Celebraciones Lit\u00fargicas Pontificias ha difundido las citas presididas por el Papa Francisco para enero y febrero de 2022\",\"breadcrumb\":{\"@id\":\"https:\\\/\\\/exaudi.org\\\/es\\\/celebraciones-liturgicas-del-papa-en-enero-y-febrero-de-2022\\\/#breadcrumb\"},\"inLanguage\":\"es\",\"potentialAction\":[{\"@type\":\"ReadAction\",\"target\":[\"https:\\\/\\\/exaudi.org\\\/es\\\/celebraciones-liturgicas-del-papa-en-enero-y-febrero-de-2022\\\/\"]}]},{\"@type\":\"ImageObject\",\"inLanguage\":\"es\",\"@id\":\"https:\\\/\\\/exaudi.org\\\/es\\\/celebraciones-liturgicas-del-papa-en-enero-y-febrero-de-2022\\\/#primaryimage\",\"url\":\"https:\\\/\\\/exaudi.org\\\/wp-content\\\/uploads\\\/2022\\\/01\\\/DSC6989-1-scaled.jpg\",\"contentUrl\":\"https:\\\/\\\/exaudi.org\\\/wp-content\\\/uploads\\\/2022\\\/01\\\/DSC6989-1-scaled.jpg\",\"width\":2560,\"height\":1707,\"caption\":\"Misa de la Epifan\u00eda del Se\u00f1or, 6 enero 2022 \u00a9 Vatican Media\"},{\"@type\":\"BreadcrumbList\",\"@id\":\"https:\\\/\\\/exaudi.org\\\/es\\\/celebraciones-liturgicas-del-papa-en-enero-y-febrero-de-2022\\\/#breadcrumb\",\"itemListElement\":[{\"@type\":\"ListItem\",\"position\":1,\"name\":\"Portada\",\"item\":\"https:\\\/\\\/exaudi.org\\\/es\\\/\"},{\"@type\":\"ListItem\",\"position\":2,\"name\":\"Celebraciones lit\u00fargicas del Papa en enero y febrero de 2022\"}]},{\"@type\":\"WebSite\",\"@id\":\"https:\\\/\\\/exaudi.org\\\/#website\",\"url\":\"https:\\\/\\\/exaudi.org\\\/\",\"name\":\"Exaudi\",\"description\":\"News\",\"potentialAction\":[{\"@type\":\"SearchAction\",\"target\":{\"@type\":\"EntryPoint\",\"urlTemplate\":\"https:\\\/\\\/exaudi.org\\\/?s={search_term_string}\"},\"query-input\":{\"@type\":\"PropertyValueSpecification\",\"valueRequired\":true,\"valueName\":\"search_term_string\"}}],\"inLanguage\":\"es\"},{\"@type\":\"Person\",\"@id\":\"https:\\\/\\\/exaudi.org\\\/#\\\/schema\\\/person\\\/7d2f77db033c2c0929edfab6dbe8c588\",\"name\":\"Larissa I. L\u00f3pez\",\"image\":{\"@type\":\"ImageObject\",\"inLanguage\":\"es\",\"@id\":\"https:\\\/\\\/secure.gravatar.com\\\/avatar\\\/db3ef399ff343d0bb9d25dc5198bc8ece5ac6d621eca79876697a354dabc1e3f?s=96&d=mm&r=g\",\"url\":\"https:\\\/\\\/secure.gravatar.com\\\/avatar\\\/db3ef399ff343d0bb9d25dc5198bc8ece5ac6d621eca79876697a354dabc1e3f?s=96&d=mm&r=g\",\"contentUrl\":\"https:\\\/\\\/secure.gravatar.com\\\/avatar\\\/db3ef399ff343d0bb9d25dc5198bc8ece5ac6d621eca79876697a354dabc1e3f?s=96&d=mm&r=g\",\"caption\":\"Larissa I. L\u00f3pez\"},\"description\":\"Doctora en Comunicaci\u00f3n. Mi trayectoria profesional ha transcurrido entre el \u00e1mbito de la comunicaci\u00f3n y el de la docencia. En los \u00faltimos a\u00f1os, he trabajado como coordinadora y redactora de la edici\u00f3n de ZENIT en espa\u00f1ol. Como profesora, he impartido clases en la universidad y en centros de FP y bachillerato. Cordobesa de nacimiento, tambi\u00e9n he vivido en Sevilla, Madrid y Roma\",\"url\":\"https:\\\/\\\/exaudi.org\\\/es\\\/author\\\/llopezexaudi-org\\\/\"}]}<\/script>\n<!-- \/ Yoast SEO plugin. -->","yoast_head_json":{"title":"Celebraciones lit\u00fargicas del Papa en enero y febrero de 2022 &#8211; Exaudi","description":"La Oficina de las Celebraciones Lit\u00fargicas Pontificias ha difundido las citas presididas por el Papa Francisco para enero y febrero de 2022","robots":{"index":"index","follow":"follow","max-snippet":"max-snippet:-1","max-image-preview":"max-image-preview:large","max-video-preview":"max-video-preview:-1"},"canonical":"https:\/\/exaudi.org\/es\/celebraciones-liturgicas-del-papa-en-enero-y-febrero-de-2022\/","og_locale":"es_ES","og_type":"article","og_title":"Celebraciones lit\u00fargicas del Papa en enero y febrero de 2022 &#8211; Exaudi","og_description":"La Oficina de las Celebraciones Lit\u00fargicas Pontificias ha difundido las citas presididas por el Papa Francisco para enero y febrero de 2022","og_url":"https:\/\/exaudi.org\/es\/celebraciones-liturgicas-del-papa-en-enero-y-febrero-de-2022\/","og_site_name":"Exaudi","article_publisher":"https:\/\/www.facebook.com\/ExaudiNews","article_published_time":"2022-01-10T15:31:37+00:00","article_modified_time":"2022-01-12T15:34:39+00:00","og_image":[{"width":2560,"height":1707,"url":"https:\/\/exaudi.org\/wp-content\/uploads\/2022\/01\/DSC6989-1-scaled.jpg","type":"image\/jpeg"}],"author":"Larissa I. L\u00f3pez","twitter_card":"summary_large_image","twitter_creator":"@Exaudi_News","twitter_site":"@Exaudi_News","twitter_misc":{"Escrito por":"Larissa I. L\u00f3pez","Tiempo de lectura":"1 minuto"},"schema":{"@context":"https:\/\/schema.org","@graph":[{"@type":"Article","@id":"https:\/\/exaudi.org\/es\/celebraciones-liturgicas-del-papa-en-enero-y-febrero-de-2022\/#article","isPartOf":{"@id":"https:\/\/exaudi.org\/es\/celebraciones-liturgicas-del-papa-en-enero-y-febrero-de-2022\/"},"author":{"name":"Larissa I. L\u00f3pez","@id":"https:\/\/exaudi.org\/#\/schema\/person\/7d2f77db033c2c0929edfab6dbe8c588"},"headline":"Celebraciones lit\u00fargicas del Papa en enero y febrero de 2022","datePublished":"2022-01-10T15:31:37+00:00","dateModified":"2022-01-12T15:34:39+00:00","mainEntityOfPage":{"@id":"https:\/\/exaudi.org\/es\/celebraciones-liturgicas-del-papa-en-enero-y-febrero-de-2022\/"},"wordCount":219,"image":{"@id":"https:\/\/exaudi.org\/es\/celebraciones-liturgicas-del-papa-en-enero-y-febrero-de-2022\/#primaryimage"},"thumbnailUrl":"https:\/\/exaudi.org\/wp-content\/uploads\/2022\/01\/DSC6989-1-scaled.jpg","keywords":["2022","papa francisco"],"articleSection":["Le\u00f3n XIV"],"inLanguage":"es"},{"@type":"WebPage","@id":"https:\/\/exaudi.org\/es\/celebraciones-liturgicas-del-papa-en-enero-y-febrero-de-2022\/","url":"https:\/\/exaudi.org\/es\/celebraciones-liturgicas-del-papa-en-enero-y-febrero-de-2022\/","name":"Celebraciones lit\u00fargicas del Papa en enero y febrero de 2022 &#8211; Exaudi","isPartOf":{"@id":"https:\/\/exaudi.org\/#website"},"primaryImageOfPage":{"@id":"https:\/\/exaudi.org\/es\/celebraciones-liturgicas-del-papa-en-enero-y-febrero-de-2022\/#primaryimage"},"image":{"@id":"https:\/\/exaudi.org\/es\/celebraciones-liturgicas-del-papa-en-enero-y-febrero-de-2022\/#primaryimage"},"thumbnailUrl":"https:\/\/exaudi.org\/wp-content\/uploads\/2022\/01\/DSC6989-1-scaled.jpg","datePublished":"2022-01-10T15:31:37+00:00","dateModified":"2022-01-12T15:34:39+00:00","author":{"@id":"https:\/\/exaudi.org\/#\/schema\/person\/7d2f77db033c2c0929edfab6dbe8c588"},"description":"La Oficina de las Celebraciones Lit\u00fargicas Pontificias ha difundido las citas presididas por el Papa Francisco para enero y febrero de 2022","breadcrumb":{"@id":"https:\/\/exaudi.org\/es\/celebraciones-liturgicas-del-papa-en-enero-y-febrero-de-2022\/#breadcrumb"},"inLanguage":"es","potentialAction":[{"@type":"ReadAction","target":["https:\/\/exaudi.org\/es\/celebraciones-liturgicas-del-papa-en-enero-y-febrero-de-2022\/"]}]},{"@type":"ImageObject","inLanguage":"es","@id":"https:\/\/exaudi.org\/es\/celebraciones-liturgicas-del-papa-en-enero-y-febrero-de-2022\/#primaryimage","url":"https:\/\/exaudi.org\/wp-content\/uploads\/2022\/01\/DSC6989-1-scaled.jpg","contentUrl":"https:\/\/exaudi.org\/wp-content\/uploads\/2022\/01\/DSC6989-1-scaled.jpg","width":2560,"height":1707,"caption":"Misa de la Epifan\u00eda del Se\u00f1or, 6 enero 2022 \u00a9 Vatican Media"},{"@type":"BreadcrumbList","@id":"https:\/\/exaudi.org\/es\/celebraciones-liturgicas-del-papa-en-enero-y-febrero-de-2022\/#breadcrumb","itemListElement":[{"@type":"ListItem","position":1,"name":"Portada","item":"https:\/\/exaudi.org\/es\/"},{"@type":"ListItem","position":2,"name":"Celebraciones lit\u00fargicas del Papa en enero y febrero de 2022"}]},{"@type":"WebSite","@id":"https:\/\/exaudi.org\/#website","url":"https:\/\/exaudi.org\/","name":"Exaudi","description":"News","potentialAction":[{"@type":"SearchAction","target":{"@type":"EntryPoint","urlTemplate":"https:\/\/exaudi.org\/?s={search_term_string}"},"query-input":{"@type":"PropertyValueSpecification","valueRequired":true,"valueName":"search_term_string"}}],"inLanguage":"es"},{"@type":"Person","@id":"https:\/\/exaudi.org\/#\/schema\/person\/7d2f77db033c2c0929edfab6dbe8c588","name":"Larissa I. L\u00f3pez","image":{"@type":"ImageObject","inLanguage":"es","@id":"https:\/\/secure.gravatar.com\/avatar\/db3ef399ff343d0bb9d25dc5198bc8ece5ac6d621eca79876697a354dabc1e3f?s=96&d=mm&r=g","url":"https:\/\/secure.gravatar.com\/avatar\/db3ef399ff343d0bb9d25dc5198bc8ece5ac6d621eca79876697a354dabc1e3f?s=96&d=mm&r=g","contentUrl":"https:\/\/secure.gravatar.com\/avatar\/db3ef399ff343d0bb9d25dc5198bc8ece5ac6d621eca79876697a354dabc1e3f?s=96&d=mm&r=g","caption":"Larissa I. L\u00f3pez"},"description":"Doctora en Comunicaci\u00f3n. Mi trayectoria profesional ha transcurrido entre el \u00e1mbito de la comunicaci\u00f3n y el de la docencia. En los \u00faltimos a\u00f1os, he trabajado como coordinadora y redactora de la edici\u00f3n de ZENIT en espa\u00f1ol. Como profesora, he impartido clases en la universidad y en centros de FP y bachillerato. Cordobesa de nacimiento, tambi\u00e9n he vivido en Sevilla, Madrid y Roma","url":"https:\/\/exaudi.org\/es\/author\/llopezexaudi-org\/"}]}},"jetpack_featured_media_url":"https:\/\/exaudi.org\/wp-content\/uploads\/2022\/01\/DSC6989-1-scaled.jpg","jetpack_shortlink":"https:\/\/wp.me\/pgKjF2-cFw","_links":{"self":[{"href":"https:\/\/exaudi.org\/es\/wp-json\/wp\/v2\/posts\/48702","targetHints":{"allow":["GET"]}}],"collection":[{"href":"https:\/\/exaudi.org\/es\/wp-json\/wp\/v2\/posts"}],"about":[{"href":"https:\/\/exaudi.org\/es\/wp-json\/wp\/v2\/types\/post"}],"author":[{"embeddable":true,"href":"https:\/\/exaudi.org\/es\/wp-json\/wp\/v2\/users\/5"}],"replies":[{"embeddable":true,"href":"https:\/\/exaudi.org\/es\/wp-json\/wp\/v2\/comments?post=48702"}],"version-history":[{"count":0,"href":"https:\/\/exaudi.org\/es\/wp-json\/wp\/v2\/posts\/48702\/revisions"}],"wp:featuredmedia":[{"embeddable":true,"href":"https:\/\/exaudi.org\/es\/wp-json\/wp\/v2\/media\/48703"}],"wp:attachment":[{"href":"https:\/\/exaudi.org\/es\/wp-json\/wp\/v2\/media?parent=48702"}],"wp:term":[{"taxonomy":"category","embeddable":true,"href":"https:\/\/exaudi.org\/es\/wp-json\/wp\/v2\/categories?post=48702"},{"taxonomy":"post_tag","embeddable":true,"href":"https:\/\/exaudi.org\/es\/wp-json\/wp\/v2\/tags?post=48702"}],"curies":[{"name":"wp","href":"https:\/\/api.w.org\/{rel}","templated":true}]}}