{"id":48691,"date":"2022-01-10T16:09:07","date_gmt":"2022-01-10T15:09:07","guid":{"rendered":"https:\/\/exaudi.org\/?p=48691"},"modified":"2022-01-10T16:15:33","modified_gmt":"2022-01-10T15:15:33","slug":"pesame-del-papa-por-victimas-de-incendio-en-nueva-york","status":"publish","type":"post","link":"https:\/\/exaudi.org\/es\/pesame-del-papa-por-victimas-de-incendio-en-nueva-york\/","title":{"rendered":"P\u00e9same del Papa por v\u00edctimas de incendio en Nueva York"},"content":{"rendered":"<p>El Papa Francisco expres\u00f3 su p\u00e9same por las v\u00edctimas de un incendio en un apartamento del barrio del Bronx, en Nueva York, Estados Unidos, que dej\u00f3 al menos 19 muertos, entre ellos 9 ni\u00f1os, inform\u00f3 Vatican News.<\/p>\n<p>Los pensamientos del Santo Padre llegaron en un telegrama firmado por el cardenal secretario de Estado Pietro Parolin y dirigido al cardenal Timothy Dolan, <a href=\"https:\/\/archny.org\/\" target=\"_blank\" rel=\"noopener\">arzobispo de Nueva York<\/a>.<\/p>\n<p>El Papa se mostr\u00f3 \u201centristecido al conocer el reciente y devastador incendio en el Bronx en el que perdieron la vida varios ni\u00f1os\u201d, se lee en el telegrama. Y ofrece sus \u201csentidas condolencias y las garant\u00edas de su cercan\u00eda espiritual a los afectados por esta tragedia\u201d.<\/p>\n<p>El Santo Padre tambi\u00e9n encomienda a los afectados \u201cal amor misericordioso de Dios Todopoderoso\u201d e invoca \u201csobre todo consuelo y fuerza en el Se\u00f1or\u201d.<\/p>\n<h2><strong>Los hechos<\/strong><\/h2>\n<p>El incendio se produjo el domingo por la ma\u00f1ana en un edificio de 19 pisos del Bronx. M\u00e1s de 200 bomberos fueron enviados a luchar contra el fuego, que envolvi\u00f3 los pisos segundo y tercero. El humo llen\u00f3 todo el edificio y las autoridades dijeron que se encontraron v\u00edctimas en todos los pisos. Adem\u00e1s de la muerte de al menos 19 residentes, entre ellos 9 ni\u00f1os, otras 32 personas fueron enviadas al hospital, varias de ellas en estado cr\u00edtico.<\/p>\n<p>Funcionarios del departamento de bomberos de la ciudad de Nueva York dijeron que el incendio se inici\u00f3 en un apartamento que abarcaba el segundo y el tercer piso y que se inici\u00f3 por un calentador que funcionaba mal. A\u00f1adieron que se trata del incendio m\u00e1s mort\u00edfero de la ciudad en tres d\u00e9cadas y que el edificio albergaba una gran poblaci\u00f3n musulmana.<\/p>\n<p>El comisario de bomberos Daniel Nigro dijo que algunos residentes quedaron atrapados en sus apartamentos por el humo. Algunos rompieron las ventanas para tomar aire y metieron toallas h\u00famedas bajo las puertas para evitar que el humo entrara. Los equipos de rescate encontraron a muchas de las v\u00edctimas en estado de parada card\u00edaca y respiratoria.<\/p>\n<p>El alcalde de Nueva York, Eric Adams, que lleva poco m\u00e1s de una semana en el cargo, dijo a los periodistas que los bomberos siguieron buscando supervivientes incluso despu\u00e9s de que se agotaran sus limitadas reservas de aire. \u201cSus tanques de ox\u00edgeno estaban vac\u00edos y a\u00fan as\u00ed empujaron a trav\u00e9s del humo\u201d, dijo.<\/p>\n<p>Las llamas s\u00f3lo calcinaron el apartamento donde se inici\u00f3 el incendio y un pasillo adyacente. Las autoridades se\u00f1alaron que la puerta de una escalera hab\u00eda quedado abierta, lo que permiti\u00f3 que el humo se extendiera r\u00e1pidamente por el edificio.<\/p>\n","protected":false},"excerpt":{"rendered":"<p>Al menos 19 muertos, entre ellos 9 ni\u00f1os<\/p>\n","protected":false},"author":4,"featured_media":48696,"comment_status":"closed","ping_status":"closed","sticky":false,"template":"","format":"standard","meta":{"_acf_changed":false,"_crdt_document":"","inline_featured_image":false,"footnotes":""},"categories":[68],"tags":[3216,3311,5490,158,4953],"class_list":["post-48691","post","type-post","status-publish","format-standard","has-post-thumbnail","hentry","category-leon-xiv","tag-estado-unidos","tag-incendio","tag-nueva-york","tag-papa-francisco","tag-trending-es"],"acf":[],"yoast_head":"<!-- This site is optimized with the Yoast SEO plugin v27.5 - https:\/\/yoast.com\/product\/yoast-seo-wordpress\/ -->\n<title>P\u00e9same del Papa por v\u00edctimas de incendio en Nueva York &#8211; Exaudi<\/title>\n<meta name=\"description\" content=\"P\u00e9same por las v\u00edctimas de un incendio en un apartamento del barrio del Bronx, en Nueva York, Estados Unidos\" \/>\n<meta name=\"robots\" content=\"index, follow, max-snippet:-1, max-image-preview:large, max-video-preview:-1\" \/>\n<link rel=\"canonical\" href=\"https:\/\/exaudi.org\/es\/pesame-del-papa-por-victimas-de-incendio-en-nueva-york\/\" \/>\n<meta property=\"og:locale\" content=\"es_ES\" \/>\n<meta property=\"og:type\" content=\"article\" \/>\n<meta property=\"og:title\" content=\"P\u00e9same del Papa por v\u00edctimas de incendio en Nueva York &#8211; Exaudi\" \/>\n<meta property=\"og:description\" content=\"P\u00e9same por las v\u00edctimas de un incendio en un apartamento del barrio del Bronx, en Nueva York, Estados Unidos\" \/>\n<meta property=\"og:url\" content=\"https:\/\/exaudi.org\/es\/pesame-del-papa-por-victimas-de-incendio-en-nueva-york\/\" \/>\n<meta property=\"og:site_name\" content=\"Exaudi\" \/>\n<meta property=\"article:publisher\" content=\"https:\/\/www.facebook.com\/ExaudiNews\" \/>\n<meta property=\"article:published_time\" content=\"2022-01-10T15:09:07+00:00\" \/>\n<meta property=\"article:modified_time\" content=\"2022-01-10T15:15:33+00:00\" \/>\n<meta property=\"og:image\" content=\"https:\/\/exaudi.org\/wp-content\/uploads\/2022\/01\/cq5dam.web_.800.800-4-4.jpeg\" \/>\n\t<meta property=\"og:image:width\" content=\"800\" \/>\n\t<meta property=\"og:image:height\" content=\"533\" \/>\n\t<meta property=\"og:image:type\" content=\"image\/jpeg\" \/>\n<meta name=\"author\" content=\"Jim Fair\" \/>\n<meta name=\"twitter:card\" content=\"summary_large_image\" \/>\n<meta name=\"twitter:creator\" content=\"@Exaudi_News\" \/>\n<meta name=\"twitter:site\" content=\"@Exaudi_News\" \/>\n<meta name=\"twitter:label1\" content=\"Escrito por\" \/>\n\t<meta name=\"twitter:data1\" content=\"Jim Fair\" \/>\n\t<meta name=\"twitter:label2\" content=\"Tiempo de lectura\" \/>\n\t<meta name=\"twitter:data2\" content=\"2 minutos\" \/>\n<script type=\"application\/ld+json\" class=\"yoast-schema-graph\">{\"@context\":\"https:\\\/\\\/schema.org\",\"@graph\":[{\"@type\":\"Article\",\"@id\":\"https:\\\/\\\/exaudi.org\\\/es\\\/pesame-del-papa-por-victimas-de-incendio-en-nueva-york\\\/#article\",\"isPartOf\":{\"@id\":\"https:\\\/\\\/exaudi.org\\\/es\\\/pesame-del-papa-por-victimas-de-incendio-en-nueva-york\\\/\"},\"author\":{\"name\":\"Jim Fair\",\"@id\":\"https:\\\/\\\/exaudi.org\\\/#\\\/schema\\\/person\\\/010bdf0d65f801cd06f263d9b37ae0f4\"},\"headline\":\"P\u00e9same del Papa por v\u00edctimas de incendio en Nueva York\",\"datePublished\":\"2022-01-10T15:09:07+00:00\",\"dateModified\":\"2022-01-10T15:15:33+00:00\",\"mainEntityOfPage\":{\"@id\":\"https:\\\/\\\/exaudi.org\\\/es\\\/pesame-del-papa-por-victimas-de-incendio-en-nueva-york\\\/\"},\"wordCount\":461,\"image\":{\"@id\":\"https:\\\/\\\/exaudi.org\\\/es\\\/pesame-del-papa-por-victimas-de-incendio-en-nueva-york\\\/#primaryimage\"},\"thumbnailUrl\":\"https:\\\/\\\/exaudi.org\\\/wp-content\\\/uploads\\\/2022\\\/01\\\/cq5dam.web_.800.800-4-4.jpeg\",\"keywords\":[\"Estado Unidos\",\"Incendio\",\"Nueva York\",\"papa francisco\",\"Trending\"],\"articleSection\":[\"Le\u00f3n XIV\"],\"inLanguage\":\"es\"},{\"@type\":\"WebPage\",\"@id\":\"https:\\\/\\\/exaudi.org\\\/es\\\/pesame-del-papa-por-victimas-de-incendio-en-nueva-york\\\/\",\"url\":\"https:\\\/\\\/exaudi.org\\\/es\\\/pesame-del-papa-por-victimas-de-incendio-en-nueva-york\\\/\",\"name\":\"P\u00e9same del Papa por v\u00edctimas de incendio en Nueva York &#8211; Exaudi\",\"isPartOf\":{\"@id\":\"https:\\\/\\\/exaudi.org\\\/#website\"},\"primaryImageOfPage\":{\"@id\":\"https:\\\/\\\/exaudi.org\\\/es\\\/pesame-del-papa-por-victimas-de-incendio-en-nueva-york\\\/#primaryimage\"},\"image\":{\"@id\":\"https:\\\/\\\/exaudi.org\\\/es\\\/pesame-del-papa-por-victimas-de-incendio-en-nueva-york\\\/#primaryimage\"},\"thumbnailUrl\":\"https:\\\/\\\/exaudi.org\\\/wp-content\\\/uploads\\\/2022\\\/01\\\/cq5dam.web_.800.800-4-4.jpeg\",\"datePublished\":\"2022-01-10T15:09:07+00:00\",\"dateModified\":\"2022-01-10T15:15:33+00:00\",\"author\":{\"@id\":\"https:\\\/\\\/exaudi.org\\\/#\\\/schema\\\/person\\\/010bdf0d65f801cd06f263d9b37ae0f4\"},\"description\":\"P\u00e9same por las v\u00edctimas de un incendio en un apartamento del barrio del Bronx, en Nueva York, Estados Unidos\",\"breadcrumb\":{\"@id\":\"https:\\\/\\\/exaudi.org\\\/es\\\/pesame-del-papa-por-victimas-de-incendio-en-nueva-york\\\/#breadcrumb\"},\"inLanguage\":\"es\",\"potentialAction\":[{\"@type\":\"ReadAction\",\"target\":[\"https:\\\/\\\/exaudi.org\\\/es\\\/pesame-del-papa-por-victimas-de-incendio-en-nueva-york\\\/\"]}]},{\"@type\":\"ImageObject\",\"inLanguage\":\"es\",\"@id\":\"https:\\\/\\\/exaudi.org\\\/es\\\/pesame-del-papa-por-victimas-de-incendio-en-nueva-york\\\/#primaryimage\",\"url\":\"https:\\\/\\\/exaudi.org\\\/wp-content\\\/uploads\\\/2022\\\/01\\\/cq5dam.web_.800.800-4-4.jpeg\",\"contentUrl\":\"https:\\\/\\\/exaudi.org\\\/wp-content\\\/uploads\\\/2022\\\/01\\\/cq5dam.web_.800.800-4-4.jpeg\",\"width\":800,\"height\":533,\"caption\":\"Audiencia general, 21 oct. 2021 \u00a9 Vatican Media\"},{\"@type\":\"BreadcrumbList\",\"@id\":\"https:\\\/\\\/exaudi.org\\\/es\\\/pesame-del-papa-por-victimas-de-incendio-en-nueva-york\\\/#breadcrumb\",\"itemListElement\":[{\"@type\":\"ListItem\",\"position\":1,\"name\":\"Portada\",\"item\":\"https:\\\/\\\/exaudi.org\\\/es\\\/\"},{\"@type\":\"ListItem\",\"position\":2,\"name\":\"P\u00e9same del Papa por v\u00edctimas de incendio en Nueva York\"}]},{\"@type\":\"WebSite\",\"@id\":\"https:\\\/\\\/exaudi.org\\\/#website\",\"url\":\"https:\\\/\\\/exaudi.org\\\/\",\"name\":\"Exaudi\",\"description\":\"News\",\"potentialAction\":[{\"@type\":\"SearchAction\",\"target\":{\"@type\":\"EntryPoint\",\"urlTemplate\":\"https:\\\/\\\/exaudi.org\\\/?s={search_term_string}\"},\"query-input\":{\"@type\":\"PropertyValueSpecification\",\"valueRequired\":true,\"valueName\":\"search_term_string\"}}],\"inLanguage\":\"es\"},{\"@type\":\"Person\",\"@id\":\"https:\\\/\\\/exaudi.org\\\/#\\\/schema\\\/person\\\/010bdf0d65f801cd06f263d9b37ae0f4\",\"name\":\"Jim Fair\",\"image\":{\"@type\":\"ImageObject\",\"inLanguage\":\"es\",\"@id\":\"https:\\\/\\\/secure.gravatar.com\\\/avatar\\\/d9e9a2d31abad3e51c5d8f0279fc9b21b66199b8a85886455445ed562fd46934?s=96&d=mm&r=g\",\"url\":\"https:\\\/\\\/secure.gravatar.com\\\/avatar\\\/d9e9a2d31abad3e51c5d8f0279fc9b21b66199b8a85886455445ed562fd46934?s=96&d=mm&r=g\",\"contentUrl\":\"https:\\\/\\\/secure.gravatar.com\\\/avatar\\\/d9e9a2d31abad3e51c5d8f0279fc9b21b66199b8a85886455445ed562fd46934?s=96&d=mm&r=g\",\"caption\":\"Jim Fair\"},\"description\":\"Jim Fair has spent the past two decades as a communicator for Catholic organizations. He is a convert to the Catholic faith and is grateful to his wife, Charmaine, for her continuing efforts to save his soul. They have a son and daughter, both happily married, and four grandchildren. Before devoting his life full-time to things Catholic, Jim enjoyed a 23-year career in various communications roles for large corporations. Before that, he worked as a newspaper reporter, photographer, and editor. He has served as president of the Chicago Public Relations Forum, chairman of the American Petroleum Institute General Committee on Communications, and a fellow of Greater Leadership Chicago. He was a member of the founding committee of the chemical industry\u2019s Responsible Care Program. Jim is an active member of St. John Vianney Parish in Northlake, Illinois, where he chairs the finance council.\",\"url\":\"https:\\\/\\\/exaudi.org\\\/es\\\/author\\\/jfairexaudi-org\\\/\"}]}<\/script>\n<!-- \/ Yoast SEO plugin. -->","yoast_head_json":{"title":"P\u00e9same del Papa por v\u00edctimas de incendio en Nueva York &#8211; Exaudi","description":"P\u00e9same por las v\u00edctimas de un incendio en un apartamento del barrio del Bronx, en Nueva York, Estados Unidos","robots":{"index":"index","follow":"follow","max-snippet":"max-snippet:-1","max-image-preview":"max-image-preview:large","max-video-preview":"max-video-preview:-1"},"canonical":"https:\/\/exaudi.org\/es\/pesame-del-papa-por-victimas-de-incendio-en-nueva-york\/","og_locale":"es_ES","og_type":"article","og_title":"P\u00e9same del Papa por v\u00edctimas de incendio en Nueva York &#8211; Exaudi","og_description":"P\u00e9same por las v\u00edctimas de un incendio en un apartamento del barrio del Bronx, en Nueva York, Estados Unidos","og_url":"https:\/\/exaudi.org\/es\/pesame-del-papa-por-victimas-de-incendio-en-nueva-york\/","og_site_name":"Exaudi","article_publisher":"https:\/\/www.facebook.com\/ExaudiNews","article_published_time":"2022-01-10T15:09:07+00:00","article_modified_time":"2022-01-10T15:15:33+00:00","og_image":[{"width":800,"height":533,"url":"https:\/\/exaudi.org\/wp-content\/uploads\/2022\/01\/cq5dam.web_.800.800-4-4.jpeg","type":"image\/jpeg"}],"author":"Jim Fair","twitter_card":"summary_large_image","twitter_creator":"@Exaudi_News","twitter_site":"@Exaudi_News","twitter_misc":{"Escrito por":"Jim Fair","Tiempo de lectura":"2 minutos"},"schema":{"@context":"https:\/\/schema.org","@graph":[{"@type":"Article","@id":"https:\/\/exaudi.org\/es\/pesame-del-papa-por-victimas-de-incendio-en-nueva-york\/#article","isPartOf":{"@id":"https:\/\/exaudi.org\/es\/pesame-del-papa-por-victimas-de-incendio-en-nueva-york\/"},"author":{"name":"Jim Fair","@id":"https:\/\/exaudi.org\/#\/schema\/person\/010bdf0d65f801cd06f263d9b37ae0f4"},"headline":"P\u00e9same del Papa por v\u00edctimas de incendio en Nueva York","datePublished":"2022-01-10T15:09:07+00:00","dateModified":"2022-01-10T15:15:33+00:00","mainEntityOfPage":{"@id":"https:\/\/exaudi.org\/es\/pesame-del-papa-por-victimas-de-incendio-en-nueva-york\/"},"wordCount":461,"image":{"@id":"https:\/\/exaudi.org\/es\/pesame-del-papa-por-victimas-de-incendio-en-nueva-york\/#primaryimage"},"thumbnailUrl":"https:\/\/exaudi.org\/wp-content\/uploads\/2022\/01\/cq5dam.web_.800.800-4-4.jpeg","keywords":["Estado Unidos","Incendio","Nueva York","papa francisco","Trending"],"articleSection":["Le\u00f3n XIV"],"inLanguage":"es"},{"@type":"WebPage","@id":"https:\/\/exaudi.org\/es\/pesame-del-papa-por-victimas-de-incendio-en-nueva-york\/","url":"https:\/\/exaudi.org\/es\/pesame-del-papa-por-victimas-de-incendio-en-nueva-york\/","name":"P\u00e9same del Papa por v\u00edctimas de incendio en Nueva York &#8211; Exaudi","isPartOf":{"@id":"https:\/\/exaudi.org\/#website"},"primaryImageOfPage":{"@id":"https:\/\/exaudi.org\/es\/pesame-del-papa-por-victimas-de-incendio-en-nueva-york\/#primaryimage"},"image":{"@id":"https:\/\/exaudi.org\/es\/pesame-del-papa-por-victimas-de-incendio-en-nueva-york\/#primaryimage"},"thumbnailUrl":"https:\/\/exaudi.org\/wp-content\/uploads\/2022\/01\/cq5dam.web_.800.800-4-4.jpeg","datePublished":"2022-01-10T15:09:07+00:00","dateModified":"2022-01-10T15:15:33+00:00","author":{"@id":"https:\/\/exaudi.org\/#\/schema\/person\/010bdf0d65f801cd06f263d9b37ae0f4"},"description":"P\u00e9same por las v\u00edctimas de un incendio en un apartamento del barrio del Bronx, en Nueva York, Estados Unidos","breadcrumb":{"@id":"https:\/\/exaudi.org\/es\/pesame-del-papa-por-victimas-de-incendio-en-nueva-york\/#breadcrumb"},"inLanguage":"es","potentialAction":[{"@type":"ReadAction","target":["https:\/\/exaudi.org\/es\/pesame-del-papa-por-victimas-de-incendio-en-nueva-york\/"]}]},{"@type":"ImageObject","inLanguage":"es","@id":"https:\/\/exaudi.org\/es\/pesame-del-papa-por-victimas-de-incendio-en-nueva-york\/#primaryimage","url":"https:\/\/exaudi.org\/wp-content\/uploads\/2022\/01\/cq5dam.web_.800.800-4-4.jpeg","contentUrl":"https:\/\/exaudi.org\/wp-content\/uploads\/2022\/01\/cq5dam.web_.800.800-4-4.jpeg","width":800,"height":533,"caption":"Audiencia general, 21 oct. 2021 \u00a9 Vatican Media"},{"@type":"BreadcrumbList","@id":"https:\/\/exaudi.org\/es\/pesame-del-papa-por-victimas-de-incendio-en-nueva-york\/#breadcrumb","itemListElement":[{"@type":"ListItem","position":1,"name":"Portada","item":"https:\/\/exaudi.org\/es\/"},{"@type":"ListItem","position":2,"name":"P\u00e9same del Papa por v\u00edctimas de incendio en Nueva York"}]},{"@type":"WebSite","@id":"https:\/\/exaudi.org\/#website","url":"https:\/\/exaudi.org\/","name":"Exaudi","description":"News","potentialAction":[{"@type":"SearchAction","target":{"@type":"EntryPoint","urlTemplate":"https:\/\/exaudi.org\/?s={search_term_string}"},"query-input":{"@type":"PropertyValueSpecification","valueRequired":true,"valueName":"search_term_string"}}],"inLanguage":"es"},{"@type":"Person","@id":"https:\/\/exaudi.org\/#\/schema\/person\/010bdf0d65f801cd06f263d9b37ae0f4","name":"Jim Fair","image":{"@type":"ImageObject","inLanguage":"es","@id":"https:\/\/secure.gravatar.com\/avatar\/d9e9a2d31abad3e51c5d8f0279fc9b21b66199b8a85886455445ed562fd46934?s=96&d=mm&r=g","url":"https:\/\/secure.gravatar.com\/avatar\/d9e9a2d31abad3e51c5d8f0279fc9b21b66199b8a85886455445ed562fd46934?s=96&d=mm&r=g","contentUrl":"https:\/\/secure.gravatar.com\/avatar\/d9e9a2d31abad3e51c5d8f0279fc9b21b66199b8a85886455445ed562fd46934?s=96&d=mm&r=g","caption":"Jim Fair"},"description":"Jim Fair has spent the past two decades as a communicator for Catholic organizations. He is a convert to the Catholic faith and is grateful to his wife, Charmaine, for her continuing efforts to save his soul. They have a son and daughter, both happily married, and four grandchildren. Before devoting his life full-time to things Catholic, Jim enjoyed a 23-year career in various communications roles for large corporations. Before that, he worked as a newspaper reporter, photographer, and editor. He has served as president of the Chicago Public Relations Forum, chairman of the American Petroleum Institute General Committee on Communications, and a fellow of Greater Leadership Chicago. He was a member of the founding committee of the chemical industry\u2019s Responsible Care Program. Jim is an active member of St. John Vianney Parish in Northlake, Illinois, where he chairs the finance council.","url":"https:\/\/exaudi.org\/es\/author\/jfairexaudi-org\/"}]}},"jetpack_featured_media_url":"https:\/\/exaudi.org\/wp-content\/uploads\/2022\/01\/cq5dam.web_.800.800-4-4.jpeg","jetpack_shortlink":"https:\/\/wp.me\/pgKjF2-cFl","_links":{"self":[{"href":"https:\/\/exaudi.org\/es\/wp-json\/wp\/v2\/posts\/48691","targetHints":{"allow":["GET"]}}],"collection":[{"href":"https:\/\/exaudi.org\/es\/wp-json\/wp\/v2\/posts"}],"about":[{"href":"https:\/\/exaudi.org\/es\/wp-json\/wp\/v2\/types\/post"}],"author":[{"embeddable":true,"href":"https:\/\/exaudi.org\/es\/wp-json\/wp\/v2\/users\/4"}],"replies":[{"embeddable":true,"href":"https:\/\/exaudi.org\/es\/wp-json\/wp\/v2\/comments?post=48691"}],"version-history":[{"count":0,"href":"https:\/\/exaudi.org\/es\/wp-json\/wp\/v2\/posts\/48691\/revisions"}],"wp:featuredmedia":[{"embeddable":true,"href":"https:\/\/exaudi.org\/es\/wp-json\/wp\/v2\/media\/48696"}],"wp:attachment":[{"href":"https:\/\/exaudi.org\/es\/wp-json\/wp\/v2\/media?parent=48691"}],"wp:term":[{"taxonomy":"category","embeddable":true,"href":"https:\/\/exaudi.org\/es\/wp-json\/wp\/v2\/categories?post=48691"},{"taxonomy":"post_tag","embeddable":true,"href":"https:\/\/exaudi.org\/es\/wp-json\/wp\/v2\/tags?post=48691"}],"curies":[{"name":"wp","href":"https:\/\/api.w.org\/{rel}","templated":true}]}}