{"id":48633,"date":"2021-12-01T13:12:55","date_gmt":"2021-12-01T12:12:55","guid":{"rendered":"https:\/\/exaudi.org\/?p=48633"},"modified":"2022-01-10T13:25:56","modified_gmt":"2022-01-10T12:25:56","slug":"embajador-chipre-necesita-las-palabras-de-paz-y-esperanza-del-papa","status":"publish","type":"post","link":"https:\/\/exaudi.org\/es\/embajador-chipre-necesita-las-palabras-de-paz-y-esperanza-del-papa\/","title":{"rendered":"Embajador: \u201cChipre necesita las palabras de paz y esperanza del Papa\u201d"},"content":{"rendered":"<p><a href=\"https:\/\/www.exaudi.com\/es\/lider-de-catolicos-en-chipre-francisco-tambien-vendra-a-aprender\/\" target=\"_blank\" rel=\"noopener\">Chipre<\/a>, como naci\u00f3n, es un modelo de \u201ccultura del encuentro y coexistencia\u201d, por lo que el pueblo chipriota espera que el Papa Francisco les traiga un mensaje de paz, un mensaje \u201cque ponga de relieve, adem\u00e1s, la injusticia de la ocupaci\u00f3n militar turca que a\u00fan divide al pa\u00eds y a su pueblo\u201d.<\/p>\n<p>El 2 de diciembre, el embajador de Chipre ante la Santa Sede, el Sr. George Poulides, estar\u00e1 en Larnaca, el aeropuerto internacional de Chipre, para recibir al Papa al aterrizar. Entre la prensa que viajar\u00e1 con el Papa en el vuelo papal estar\u00e1 la directora editorial de Exaudi y el corresponsal principal del Vaticano.<\/p>\n<p>En esta entrevista, el embajador habla de su alegr\u00eda y orgullo por acoger la segunda visita de un Papa a su pa\u00eds en 11 a\u00f1os. Pero el embajador Poulides, que tambi\u00e9n es el decano del cuerpo diplom\u00e1tico mundial acreditado ante el Vaticano, no oculta la dif\u00edcil realidad que, indica, el pueblo chipriota espera que el Papa Francisco ponga de relieve: a saber, la divisi\u00f3n de la isla en dos partes, que se remonta a la invasi\u00f3n turca de la parte norte de la isla en 1974.<\/p>\n<p>\u201cLos grecochipriotas y los turcochipriotas son hermanos, v\u00edctimas de una agresi\u00f3n militar\u201d, afirma Poulides; \u201cChipre necesita el mensaje imparcial de paz del Papa, dada la dif\u00edcil situaci\u00f3n que atraviesa la isla en su zona ocupada.\u201d<\/p>\n<p>***<\/p>\n<p><strong>Exaudi: Su Excelencia, el Papa Francisco llegar\u00e1 a Chipre el 2 de diciembre. \u00bfQu\u00e9 tipo de acogida cree que encontrar\u00e1?<\/strong><\/p>\n<p><strong>Embajador George Poulides: <\/strong>Es una gran alegr\u00eda y un honor para nosotros que Su Santidad el Papa Francisco visite Chipre. El pueblo de Chipre, el presidente de la Rep\u00fablica, Nicos Anastasiades, sus instituciones, sus iglesias, comunidades y culturas est\u00e1n felices y orgullosos de este acontecimiento hist\u00f3rico. Despu\u00e9s de <a href=\"https:\/\/www.vatican.va\/content\/benedict-xvi\/es\/travels\/2010\/outside\/documents\/cipro.html\" target=\"_blank\" rel=\"noopener\">Benedicto XVI, hace 11 a\u00f1os<\/a>, por segunda vez en nuestra historia moderna, un Pont\u00edfice visitar\u00e1 la isla apost\u00f3lica de Chipre. Chipre necesita las palabras de paz y esperanza de Su Santidad, para recuperar su unidad y su libertad.<\/p>\n<p><strong>Exaudi: \u00bfCu\u00e1l es la opini\u00f3n general de los chipriotas sobre el Papa Francisco?<\/strong><\/p>\n<p><strong>Embajador George Poulides: <\/strong>Su Santidad representa para nosotros un l\u00edder espiritual, una autoridad moral, pero tambi\u00e9n una expresi\u00f3n de \u201cpoder blando\u201d virtuoso en la pol\u00edtica mundial. El pueblo chipriota comparte la visi\u00f3n de paz y justicia social del Papa Francisco. El pa\u00eds estima sus incansables esfuerzos y su visi\u00f3n iluminadora contra la pobreza, la exclusi\u00f3n y la injusticia. Tambi\u00e9n espera que Su Santidad lleve un mensaje de paz a Chipre, destacando tambi\u00e9n la injusticia de la ocupaci\u00f3n militar turca que a\u00fan divide al pa\u00eds y a su pueblo.<\/p>\n<p><strong>Exaudi: \u00bfCu\u00e1les son las relaciones con la peque\u00f1a minor\u00eda cat\u00f3lica de Chipre?<\/strong><\/p>\n<p><strong>Embajador George Poulides: <\/strong>El multiculturalismo ha formado parte de la identidad de Chipre durante muchos a\u00f1os. Pero tambi\u00e9n ha sido su fuerza. Siempre hemos mantenido excelentes relaciones con los grupos cat\u00f3licos romanos de maronitas y latinos, as\u00ed como con los armenios de Chipre, y esta gran relaci\u00f3n puede atribuirse a principios y valores comunes. Seg\u00fan la Constituci\u00f3n de la Rep\u00fablica de Chipre, son una parte igual e integral de la sociedad chipriota.<\/p>\n<p>Mediante un refer\u00e9ndum celebrado en 1960, los maronitas, los armenios y los latinos de Chipre eligieron colectivamente pertenecer a la comunidad grecochipriota y desde entonces se les considera miembros de ella. A trav\u00e9s de diversas iniciativas, promovemos y mostramos, de varias maneras, la religi\u00f3n, la historia y la cultura de cada grupo religioso.<\/p>\n<p>Quisiera subrayar nuestra firme convicci\u00f3n de que, junto con los miembros de los grupos religiosos maronitas y latinos, sufrimos de la misma manera la ocupaci\u00f3n continuada de una gran parte de nuestra patria, y sentimos que una soluci\u00f3n del problema nacional dar\u00eda un gran potencial diferente a nuestro pa\u00eds y a todos sus residentes legales, grecochipriotas, turcochipriotas, maronitas, armenios y latinos.<\/p>\n<p><strong>Exaudi: Chipre es un pa\u00eds de antigua tradici\u00f3n ortodoxa. En su opini\u00f3n, \u00bfcu\u00e1les son los retos m\u00e1s importantes a los que se enfrenta la Iglesia Ortodoxa chipriota?<\/strong><\/p>\n<p><strong>\u00a0<\/strong><strong>Embajador George Poulides: <\/strong>Chipre es una tierra apost\u00f3lica con ra\u00edces cristianas que se remontan a dos milenios, pero tambi\u00e9n un modelo de \u201ccultura del encuentro y la convivencia\u201d. Nuestra sociedad actual incluye iglesias y grupos \u00e9tnicos que llegaron a vivir en esta isla en armon\u00eda. La Iglesia cristiana ortodoxa, pero tambi\u00e9n las dem\u00e1s Iglesias cristianas de la isla, la maronita, la latina, la armenia y la protestante, deben trabajar juntas para lograr una mayor unidad entre ellas y dialogar con los que no son cristianos. Es una cuesti\u00f3n de convivencia y no de mera tolerancia. S\u00f3lo con un trabajo paciente se puede construir una confianza mutua, superar el peso de la historia y que las diferencias pol\u00edticas y culturales entre los pueblos se conviertan en un motivo para trabajar por un entendimiento m\u00e1s profundo.<\/p>\n<p><strong>Exaudi: La isla de Chipre, como ha mencionado, sigue dividida entre una parte ocupada por los turcos en el norte y el resto de la isla en el sur. \u00bfQu\u00e9 consecuencias tiene esta divisi\u00f3n en la vida del pa\u00eds?<\/strong><\/p>\n<p><strong>Embajador George Poulides: <\/strong>La divisi\u00f3n de la isla es la consecuencia m\u00e1s tr\u00e1gica de la invasi\u00f3n militar turca que se produjo en 1974 y la consiguiente ocupaci\u00f3n de m\u00e1s del 36% del territorio de la Rep\u00fablica de Chipre desde entonces.<\/p>\n<p>Como resultado de la invasi\u00f3n y ocupaci\u00f3n militar turca, 162.000 grecochipriotas huyeron de sus hogares convirti\u00e9ndose en refugiados en su propio pa\u00eds. Al mismo tiempo, la gran mayor\u00eda de los turcochipriotas que viv\u00edan en zonas controladas por el Gobierno leg\u00edtimo se vieron obligados a abandonar sus hogares y trasladarse, debido a la pol\u00edtica coercitiva de Turqu\u00eda, al territorio de la Rep\u00fablica de Chipre ocupado por Turqu\u00eda.<\/p>\n<p>Adem\u00e1s, Turqu\u00eda ha aplicado una pol\u00edtica sistem\u00e1tica de asentamiento de la parte ocupada de Chipre desde 1974 con el traslado masivo de m\u00e1s de 160.000 turcos desde Turqu\u00eda para cambiar el perfil demogr\u00e1fico y alterar el equilibrio de la poblaci\u00f3n en la isla. Tambi\u00e9n pretende cambiar el equilibrio de poder y el tejido social en la parte ocupada de Chipre, para garantizar que los dirigentes turcochipriotas se ajusten a las pol\u00edticas del gobierno turco. Con la migraci\u00f3n masiva de turcochipriotas desde los territorios ocupados, el n\u00famero total de soldados y colonos turcos es ahora mayor que el de los turcochipriotas restantes.<\/p>\n<p>Desde el punto de vista humanitario, otra tr\u00e1gica consecuencia de la invasi\u00f3n turca de Chipre en el verano de 1974 se refiere a las personas desaparecidas.<\/p>\n<p><strong>Exaudi: \u00bfCree que el Papa abordar\u00e1 esta cuesti\u00f3n en sus discursos? \u00bfC\u00f3mo?<\/strong><\/p>\n<p><strong>Embajador George Poulides: <\/strong>En sus mensajes, el Papa promueve la soluci\u00f3n pac\u00edfica incluso de problemas muy complejos como la cuesti\u00f3n chipriota. Los grecochipriotas y los turcochipriotas son hermanos, v\u00edctimas de una agresi\u00f3n militar. Chipre necesita el mensaje imparcial de paz del Papa, dada la dif\u00edcil situaci\u00f3n que atraviesa la isla en su zona ocupada. Ser\u00eda deseable que este mensaje afirmara tambi\u00e9n la causa de tal sufrimiento, a saber, la ocupaci\u00f3n militar ilegal de la parte norte de la Rep\u00fablica. Esperamos que el Papa comparta nuestra visi\u00f3n de un Chipre libre y reunificado, modelo de convivencia pac\u00edfica y prosperidad de todos sus ciudadanos y pilar de la estabilidad, la paz y la seguridad en el Mediterr\u00e1neo oriental. Una soluci\u00f3n justa debe prever la retirada completa de todas las tropas extranjeras y no debe reconocer derechos invasivos a ning\u00fan pa\u00eds.<\/p>\n<p><strong>Exaudi: Uno de los problemas que conlleva la divisi\u00f3n de la isla es la p\u00e9rdida del patrimonio cultural cristiano en la parte ocupada por los turcos. \u00bfQu\u00e9 mensaje espera usted del Papa en relaci\u00f3n con esta cuesti\u00f3n?<\/strong><\/p>\n<p><strong>Embajador George Poulides: <\/strong>Tras la invasi\u00f3n turca de 1974, muchos monumentos, iglesias y yacimientos arqueol\u00f3gicos de las zonas ocupadas fueron saqueados. S\u00edmbolos religiosos, mosaicos y otros tesoros culturales fueron robados y vendidos en el extranjero por contrabandistas de antig\u00fcedades. Este terrible calvario podr\u00eda considerarse tambi\u00e9n parte de una limpieza \u00e9tnica y una gran p\u00e9rdida cultural para toda la humanidad. Esperamos el apoyo del Papa para garantizar la protecci\u00f3n y el respeto de nuestros monumentos sagrados y nuestro patrimonio cultural que pertenecen a nuestra historia.<\/p>\n<p><strong>Exaudi: Muchas gracias por su tiempo, embajador Poulides. Mis mejores deseos para la visita del Papa a su pa\u00eds.<\/strong><\/p>\n","protected":false},"excerpt":{"rendered":"<p>Chipre, como naci\u00f3n, es un modelo de \u201ccultura del encuentro y coexistencia\u201d, por lo que el pueblo chipriota espera que el Papa Francisco les traiga un mensaje de paz, un mensaje \u201cque ponga de relieve, adem\u00e1s, la injusticia de la ocupaci\u00f3n militar turca que a\u00fan divide al pa\u00eds y a su pueblo\u201d. El 2 de [&hellip;]<\/p>\n","protected":false},"author":3,"featured_media":42291,"comment_status":"open","ping_status":"open","sticky":false,"template":"","format":"standard","meta":{"_acf_changed":false,"_crdt_document":"","inline_featured_image":false,"footnotes":""},"categories":[108,2158,298],"tags":[2647,5055,4953,5035],"class_list":["post-48633","post","type-post","status-publish","format-standard","has-post-thumbnail","hentry","category-entrevistas","category-top-ultimas-noticias","category-ultimas-noticias","tag-chipre","tag-george-poulides","tag-trending-es","tag-viaje-del-papa-francisco-a-chipre-y-grecia"],"acf":[],"yoast_head":"<!-- This site is optimized with the Yoast SEO plugin v27.4 - https:\/\/yoast.com\/product\/yoast-seo-wordpress\/ -->\n<title>Embajador: \u201cChipre necesita las palabras de paz y esperanza del Papa\u201d &#8211; Exaudi<\/title>\n<meta name=\"description\" content=\"Embajador de Chipre ante la Santa Sede: \u201cChipre necesita las palabras de paz y esperanza del Papa Francisco\u201d\" \/>\n<meta name=\"robots\" content=\"index, follow, max-snippet:-1, max-image-preview:large, max-video-preview:-1\" \/>\n<link rel=\"canonical\" href=\"https:\/\/exaudi.org\/es\/embajador-chipre-necesita-las-palabras-de-paz-y-esperanza-del-papa\/\" \/>\n<meta property=\"og:locale\" content=\"es_ES\" \/>\n<meta property=\"og:type\" content=\"article\" \/>\n<meta property=\"og:title\" content=\"Embajador: \u201cChipre necesita las palabras de paz y esperanza del Papa\u201d &#8211; Exaudi\" \/>\n<meta property=\"og:description\" content=\"Embajador de Chipre ante la Santa Sede: \u201cChipre necesita las palabras de paz y esperanza del Papa Francisco\u201d\" \/>\n<meta property=\"og:url\" content=\"https:\/\/exaudi.org\/es\/embajador-chipre-necesita-las-palabras-de-paz-y-esperanza-del-papa\/\" \/>\n<meta property=\"og:site_name\" content=\"Exaudi\" \/>\n<meta property=\"article:publisher\" content=\"https:\/\/www.facebook.com\/ExaudiNews\" \/>\n<meta property=\"article:published_time\" content=\"2021-12-01T12:12:55+00:00\" \/>\n<meta property=\"article:modified_time\" content=\"2022-01-10T12:25:56+00:00\" \/>\n<meta property=\"og:image\" content=\"https:\/\/exaudi.org\/wp-content\/uploads\/2021\/11\/cq5dam.web_.800.800-31.jpeg\" \/>\n\t<meta property=\"og:image:width\" content=\"800\" \/>\n\t<meta property=\"og:image:height\" content=\"533\" \/>\n\t<meta property=\"og:image:type\" content=\"image\/jpeg\" \/>\n<meta name=\"author\" content=\"Deborah Castellano Lubov\" \/>\n<meta name=\"twitter:card\" content=\"summary_large_image\" \/>\n<meta name=\"twitter:creator\" content=\"@Exaudi_News\" \/>\n<meta name=\"twitter:site\" content=\"@Exaudi_News\" \/>\n<meta name=\"twitter:label1\" content=\"Escrito por\" \/>\n\t<meta name=\"twitter:data1\" content=\"Deborah Castellano Lubov\" \/>\n\t<meta name=\"twitter:label2\" content=\"Tiempo de lectura\" \/>\n\t<meta name=\"twitter:data2\" content=\"7 minutos\" \/>\n<script type=\"application\/ld+json\" class=\"yoast-schema-graph\">{\"@context\":\"https:\\\/\\\/schema.org\",\"@graph\":[{\"@type\":\"Article\",\"@id\":\"https:\\\/\\\/exaudi.org\\\/es\\\/embajador-chipre-necesita-las-palabras-de-paz-y-esperanza-del-papa\\\/#article\",\"isPartOf\":{\"@id\":\"https:\\\/\\\/exaudi.org\\\/es\\\/embajador-chipre-necesita-las-palabras-de-paz-y-esperanza-del-papa\\\/\"},\"author\":{\"name\":\"Deborah Castellano Lubov\",\"@id\":\"https:\\\/\\\/exaudi.org\\\/#\\\/schema\\\/person\\\/ca36230f63b85cb8badafaa15f06d602\"},\"headline\":\"Embajador: \u201cChipre necesita las palabras de paz y esperanza del Papa\u201d\",\"datePublished\":\"2021-12-01T12:12:55+00:00\",\"dateModified\":\"2022-01-10T12:25:56+00:00\",\"mainEntityOfPage\":{\"@id\":\"https:\\\/\\\/exaudi.org\\\/es\\\/embajador-chipre-necesita-las-palabras-de-paz-y-esperanza-del-papa\\\/\"},\"wordCount\":1493,\"commentCount\":0,\"image\":{\"@id\":\"https:\\\/\\\/exaudi.org\\\/es\\\/embajador-chipre-necesita-las-palabras-de-paz-y-esperanza-del-papa\\\/#primaryimage\"},\"thumbnailUrl\":\"https:\\\/\\\/exaudi.org\\\/wp-content\\\/uploads\\\/2021\\\/11\\\/cq5dam.web_.800.800-31.jpeg\",\"keywords\":[\"Chipre\",\"George Poulides\",\"Trending\",\"Viaje del Papa Francisco a Chipre y Grecia\"],\"articleSection\":[\"Entrevistas\",\"Top Ultimas Noticias\",\"\u00daltimas noticias\"],\"inLanguage\":\"es\",\"potentialAction\":[{\"@type\":\"CommentAction\",\"name\":\"Comment\",\"target\":[\"https:\\\/\\\/exaudi.org\\\/es\\\/embajador-chipre-necesita-las-palabras-de-paz-y-esperanza-del-papa\\\/#respond\"]}]},{\"@type\":\"WebPage\",\"@id\":\"https:\\\/\\\/exaudi.org\\\/es\\\/embajador-chipre-necesita-las-palabras-de-paz-y-esperanza-del-papa\\\/\",\"url\":\"https:\\\/\\\/exaudi.org\\\/es\\\/embajador-chipre-necesita-las-palabras-de-paz-y-esperanza-del-papa\\\/\",\"name\":\"Embajador: \u201cChipre necesita las palabras de paz y esperanza del Papa\u201d &#8211; Exaudi\",\"isPartOf\":{\"@id\":\"https:\\\/\\\/exaudi.org\\\/#website\"},\"primaryImageOfPage\":{\"@id\":\"https:\\\/\\\/exaudi.org\\\/es\\\/embajador-chipre-necesita-las-palabras-de-paz-y-esperanza-del-papa\\\/#primaryimage\"},\"image\":{\"@id\":\"https:\\\/\\\/exaudi.org\\\/es\\\/embajador-chipre-necesita-las-palabras-de-paz-y-esperanza-del-papa\\\/#primaryimage\"},\"thumbnailUrl\":\"https:\\\/\\\/exaudi.org\\\/wp-content\\\/uploads\\\/2021\\\/11\\\/cq5dam.web_.800.800-31.jpeg\",\"datePublished\":\"2021-12-01T12:12:55+00:00\",\"dateModified\":\"2022-01-10T12:25:56+00:00\",\"author\":{\"@id\":\"https:\\\/\\\/exaudi.org\\\/#\\\/schema\\\/person\\\/ca36230f63b85cb8badafaa15f06d602\"},\"description\":\"Embajador de Chipre ante la Santa Sede: \u201cChipre necesita las palabras de paz y esperanza del Papa Francisco\u201d\",\"breadcrumb\":{\"@id\":\"https:\\\/\\\/exaudi.org\\\/es\\\/embajador-chipre-necesita-las-palabras-de-paz-y-esperanza-del-papa\\\/#breadcrumb\"},\"inLanguage\":\"es\",\"potentialAction\":[{\"@type\":\"ReadAction\",\"target\":[\"https:\\\/\\\/exaudi.org\\\/es\\\/embajador-chipre-necesita-las-palabras-de-paz-y-esperanza-del-papa\\\/\"]}]},{\"@type\":\"ImageObject\",\"inLanguage\":\"es\",\"@id\":\"https:\\\/\\\/exaudi.org\\\/es\\\/embajador-chipre-necesita-las-palabras-de-paz-y-esperanza-del-papa\\\/#primaryimage\",\"url\":\"https:\\\/\\\/exaudi.org\\\/wp-content\\\/uploads\\\/2021\\\/11\\\/cq5dam.web_.800.800-31.jpeg\",\"contentUrl\":\"https:\\\/\\\/exaudi.org\\\/wp-content\\\/uploads\\\/2021\\\/11\\\/cq5dam.web_.800.800-31.jpeg\",\"width\":800,\"height\":533,\"caption\":\"Ambassador George Poulides - Copyright: Vatican Media\"},{\"@type\":\"BreadcrumbList\",\"@id\":\"https:\\\/\\\/exaudi.org\\\/es\\\/embajador-chipre-necesita-las-palabras-de-paz-y-esperanza-del-papa\\\/#breadcrumb\",\"itemListElement\":[{\"@type\":\"ListItem\",\"position\":1,\"name\":\"Portada\",\"item\":\"https:\\\/\\\/exaudi.org\\\/es\\\/\"},{\"@type\":\"ListItem\",\"position\":2,\"name\":\"Embajador: \u201cChipre necesita las palabras de paz y esperanza del Papa\u201d\"}]},{\"@type\":\"WebSite\",\"@id\":\"https:\\\/\\\/exaudi.org\\\/#website\",\"url\":\"https:\\\/\\\/exaudi.org\\\/\",\"name\":\"Exaudi\",\"description\":\"News\",\"potentialAction\":[{\"@type\":\"SearchAction\",\"target\":{\"@type\":\"EntryPoint\",\"urlTemplate\":\"https:\\\/\\\/exaudi.org\\\/?s={search_term_string}\"},\"query-input\":{\"@type\":\"PropertyValueSpecification\",\"valueRequired\":true,\"valueName\":\"search_term_string\"}}],\"inLanguage\":\"es\"},{\"@type\":\"Person\",\"@id\":\"https:\\\/\\\/exaudi.org\\\/#\\\/schema\\\/person\\\/ca36230f63b85cb8badafaa15f06d602\",\"name\":\"Deborah Castellano Lubov\",\"image\":{\"@type\":\"ImageObject\",\"inLanguage\":\"es\",\"@id\":\"https:\\\/\\\/secure.gravatar.com\\\/avatar\\\/1634e49afca8a60560a6701011a51b43f0e7362f22afa1fa6c37dfb70bd8d6a8?s=96&d=mm&r=g\",\"url\":\"https:\\\/\\\/secure.gravatar.com\\\/avatar\\\/1634e49afca8a60560a6701011a51b43f0e7362f22afa1fa6c37dfb70bd8d6a8?s=96&d=mm&r=g\",\"contentUrl\":\"https:\\\/\\\/secure.gravatar.com\\\/avatar\\\/1634e49afca8a60560a6701011a51b43f0e7362f22afa1fa6c37dfb70bd8d6a8?s=96&d=mm&r=g\",\"caption\":\"Deborah Castellano Lubov\"},\"description\":\"Deborah Castellano Lubov is Editorial Director &amp; Senior Vatican &amp; Rome Correspondent for EXAUDI (&amp; Prior, for ZENIT); Author of 'The Other Francis' ('L'Altro Francesco') featuring interviews with those closest to the Pope and preface by Vatican Secretary of State Cardinal Parolin (currently published in 5 languages); Deborah is also NBC &amp; MSNBC Vatican Analyst. She often covers the Pope's travels abroad, often from the Papal Flight (including for historic trips such as to Abu Dhabi and Japan &amp; Thailand), and has also asked him questions on the return-flight press conference on behalf of the English-speaking press present. Lubov has done much TV &amp; radio commentary, including for NBC, Sky, EWTN, BBC, Vatican Radio, AP, Reuters and more. She also has contributed to various books on the Pope and has written for various Catholic publications. For 'The Other Francis': http:\\\/\\\/www.gracewing.co.uk\\\/page219.html or https:\\\/\\\/www.amazon.com\\\/Other-Francis-Everything-They-about\\\/dp\\\/0852449348\\\/\",\"url\":\"https:\\\/\\\/exaudi.org\\\/es\\\/author\\\/dlubovexaudi-org\\\/\"}]}<\/script>\n<!-- \/ Yoast SEO plugin. -->","yoast_head_json":{"title":"Embajador: \u201cChipre necesita las palabras de paz y esperanza del Papa\u201d &#8211; Exaudi","description":"Embajador de Chipre ante la Santa Sede: \u201cChipre necesita las palabras de paz y esperanza del Papa Francisco\u201d","robots":{"index":"index","follow":"follow","max-snippet":"max-snippet:-1","max-image-preview":"max-image-preview:large","max-video-preview":"max-video-preview:-1"},"canonical":"https:\/\/exaudi.org\/es\/embajador-chipre-necesita-las-palabras-de-paz-y-esperanza-del-papa\/","og_locale":"es_ES","og_type":"article","og_title":"Embajador: \u201cChipre necesita las palabras de paz y esperanza del Papa\u201d &#8211; Exaudi","og_description":"Embajador de Chipre ante la Santa Sede: \u201cChipre necesita las palabras de paz y esperanza del Papa Francisco\u201d","og_url":"https:\/\/exaudi.org\/es\/embajador-chipre-necesita-las-palabras-de-paz-y-esperanza-del-papa\/","og_site_name":"Exaudi","article_publisher":"https:\/\/www.facebook.com\/ExaudiNews","article_published_time":"2021-12-01T12:12:55+00:00","article_modified_time":"2022-01-10T12:25:56+00:00","og_image":[{"width":800,"height":533,"url":"https:\/\/exaudi.org\/wp-content\/uploads\/2021\/11\/cq5dam.web_.800.800-31.jpeg","type":"image\/jpeg"}],"author":"Deborah Castellano Lubov","twitter_card":"summary_large_image","twitter_creator":"@Exaudi_News","twitter_site":"@Exaudi_News","twitter_misc":{"Escrito por":"Deborah Castellano Lubov","Tiempo de lectura":"7 minutos"},"schema":{"@context":"https:\/\/schema.org","@graph":[{"@type":"Article","@id":"https:\/\/exaudi.org\/es\/embajador-chipre-necesita-las-palabras-de-paz-y-esperanza-del-papa\/#article","isPartOf":{"@id":"https:\/\/exaudi.org\/es\/embajador-chipre-necesita-las-palabras-de-paz-y-esperanza-del-papa\/"},"author":{"name":"Deborah Castellano Lubov","@id":"https:\/\/exaudi.org\/#\/schema\/person\/ca36230f63b85cb8badafaa15f06d602"},"headline":"Embajador: \u201cChipre necesita las palabras de paz y esperanza del Papa\u201d","datePublished":"2021-12-01T12:12:55+00:00","dateModified":"2022-01-10T12:25:56+00:00","mainEntityOfPage":{"@id":"https:\/\/exaudi.org\/es\/embajador-chipre-necesita-las-palabras-de-paz-y-esperanza-del-papa\/"},"wordCount":1493,"commentCount":0,"image":{"@id":"https:\/\/exaudi.org\/es\/embajador-chipre-necesita-las-palabras-de-paz-y-esperanza-del-papa\/#primaryimage"},"thumbnailUrl":"https:\/\/exaudi.org\/wp-content\/uploads\/2021\/11\/cq5dam.web_.800.800-31.jpeg","keywords":["Chipre","George Poulides","Trending","Viaje del Papa Francisco a Chipre y Grecia"],"articleSection":["Entrevistas","Top Ultimas Noticias","\u00daltimas noticias"],"inLanguage":"es","potentialAction":[{"@type":"CommentAction","name":"Comment","target":["https:\/\/exaudi.org\/es\/embajador-chipre-necesita-las-palabras-de-paz-y-esperanza-del-papa\/#respond"]}]},{"@type":"WebPage","@id":"https:\/\/exaudi.org\/es\/embajador-chipre-necesita-las-palabras-de-paz-y-esperanza-del-papa\/","url":"https:\/\/exaudi.org\/es\/embajador-chipre-necesita-las-palabras-de-paz-y-esperanza-del-papa\/","name":"Embajador: \u201cChipre necesita las palabras de paz y esperanza del Papa\u201d &#8211; Exaudi","isPartOf":{"@id":"https:\/\/exaudi.org\/#website"},"primaryImageOfPage":{"@id":"https:\/\/exaudi.org\/es\/embajador-chipre-necesita-las-palabras-de-paz-y-esperanza-del-papa\/#primaryimage"},"image":{"@id":"https:\/\/exaudi.org\/es\/embajador-chipre-necesita-las-palabras-de-paz-y-esperanza-del-papa\/#primaryimage"},"thumbnailUrl":"https:\/\/exaudi.org\/wp-content\/uploads\/2021\/11\/cq5dam.web_.800.800-31.jpeg","datePublished":"2021-12-01T12:12:55+00:00","dateModified":"2022-01-10T12:25:56+00:00","author":{"@id":"https:\/\/exaudi.org\/#\/schema\/person\/ca36230f63b85cb8badafaa15f06d602"},"description":"Embajador de Chipre ante la Santa Sede: \u201cChipre necesita las palabras de paz y esperanza del Papa Francisco\u201d","breadcrumb":{"@id":"https:\/\/exaudi.org\/es\/embajador-chipre-necesita-las-palabras-de-paz-y-esperanza-del-papa\/#breadcrumb"},"inLanguage":"es","potentialAction":[{"@type":"ReadAction","target":["https:\/\/exaudi.org\/es\/embajador-chipre-necesita-las-palabras-de-paz-y-esperanza-del-papa\/"]}]},{"@type":"ImageObject","inLanguage":"es","@id":"https:\/\/exaudi.org\/es\/embajador-chipre-necesita-las-palabras-de-paz-y-esperanza-del-papa\/#primaryimage","url":"https:\/\/exaudi.org\/wp-content\/uploads\/2021\/11\/cq5dam.web_.800.800-31.jpeg","contentUrl":"https:\/\/exaudi.org\/wp-content\/uploads\/2021\/11\/cq5dam.web_.800.800-31.jpeg","width":800,"height":533,"caption":"Ambassador George Poulides - Copyright: Vatican Media"},{"@type":"BreadcrumbList","@id":"https:\/\/exaudi.org\/es\/embajador-chipre-necesita-las-palabras-de-paz-y-esperanza-del-papa\/#breadcrumb","itemListElement":[{"@type":"ListItem","position":1,"name":"Portada","item":"https:\/\/exaudi.org\/es\/"},{"@type":"ListItem","position":2,"name":"Embajador: \u201cChipre necesita las palabras de paz y esperanza del Papa\u201d"}]},{"@type":"WebSite","@id":"https:\/\/exaudi.org\/#website","url":"https:\/\/exaudi.org\/","name":"Exaudi","description":"News","potentialAction":[{"@type":"SearchAction","target":{"@type":"EntryPoint","urlTemplate":"https:\/\/exaudi.org\/?s={search_term_string}"},"query-input":{"@type":"PropertyValueSpecification","valueRequired":true,"valueName":"search_term_string"}}],"inLanguage":"es"},{"@type":"Person","@id":"https:\/\/exaudi.org\/#\/schema\/person\/ca36230f63b85cb8badafaa15f06d602","name":"Deborah Castellano Lubov","image":{"@type":"ImageObject","inLanguage":"es","@id":"https:\/\/secure.gravatar.com\/avatar\/1634e49afca8a60560a6701011a51b43f0e7362f22afa1fa6c37dfb70bd8d6a8?s=96&d=mm&r=g","url":"https:\/\/secure.gravatar.com\/avatar\/1634e49afca8a60560a6701011a51b43f0e7362f22afa1fa6c37dfb70bd8d6a8?s=96&d=mm&r=g","contentUrl":"https:\/\/secure.gravatar.com\/avatar\/1634e49afca8a60560a6701011a51b43f0e7362f22afa1fa6c37dfb70bd8d6a8?s=96&d=mm&r=g","caption":"Deborah Castellano Lubov"},"description":"Deborah Castellano Lubov is Editorial Director &amp; Senior Vatican &amp; Rome Correspondent for EXAUDI (&amp; Prior, for ZENIT); Author of 'The Other Francis' ('L'Altro Francesco') featuring interviews with those closest to the Pope and preface by Vatican Secretary of State Cardinal Parolin (currently published in 5 languages); Deborah is also NBC &amp; MSNBC Vatican Analyst. She often covers the Pope's travels abroad, often from the Papal Flight (including for historic trips such as to Abu Dhabi and Japan &amp; Thailand), and has also asked him questions on the return-flight press conference on behalf of the English-speaking press present. Lubov has done much TV &amp; radio commentary, including for NBC, Sky, EWTN, BBC, Vatican Radio, AP, Reuters and more. She also has contributed to various books on the Pope and has written for various Catholic publications. For 'The Other Francis': http:\/\/www.gracewing.co.uk\/page219.html or https:\/\/www.amazon.com\/Other-Francis-Everything-They-about\/dp\/0852449348\/","url":"https:\/\/exaudi.org\/es\/author\/dlubovexaudi-org\/"}]}},"jetpack_featured_media_url":"https:\/\/exaudi.org\/wp-content\/uploads\/2021\/11\/cq5dam.web_.800.800-31.jpeg","jetpack_shortlink":"https:\/\/wp.me\/pgKjF2-cEp","_links":{"self":[{"href":"https:\/\/exaudi.org\/es\/wp-json\/wp\/v2\/posts\/48633","targetHints":{"allow":["GET"]}}],"collection":[{"href":"https:\/\/exaudi.org\/es\/wp-json\/wp\/v2\/posts"}],"about":[{"href":"https:\/\/exaudi.org\/es\/wp-json\/wp\/v2\/types\/post"}],"author":[{"embeddable":true,"href":"https:\/\/exaudi.org\/es\/wp-json\/wp\/v2\/users\/3"}],"replies":[{"embeddable":true,"href":"https:\/\/exaudi.org\/es\/wp-json\/wp\/v2\/comments?post=48633"}],"version-history":[{"count":0,"href":"https:\/\/exaudi.org\/es\/wp-json\/wp\/v2\/posts\/48633\/revisions"}],"wp:featuredmedia":[{"embeddable":true,"href":"https:\/\/exaudi.org\/es\/wp-json\/wp\/v2\/media\/42291"}],"wp:attachment":[{"href":"https:\/\/exaudi.org\/es\/wp-json\/wp\/v2\/media?parent=48633"}],"wp:term":[{"taxonomy":"category","embeddable":true,"href":"https:\/\/exaudi.org\/es\/wp-json\/wp\/v2\/categories?post=48633"},{"taxonomy":"post_tag","embeddable":true,"href":"https:\/\/exaudi.org\/es\/wp-json\/wp\/v2\/tags?post=48633"}],"curies":[{"name":"wp","href":"https:\/\/api.w.org\/{rel}","templated":true}]}}