{"id":48509,"date":"2022-01-09T13:13:12","date_gmt":"2022-01-09T12:13:12","guid":{"rendered":"https:\/\/exaudi.org\/?p=48509"},"modified":"2022-01-09T14:51:53","modified_gmt":"2022-01-09T13:51:53","slug":"mirar-a-jesus-con-esperanza-corazon","status":"publish","type":"post","link":"https:\/\/exaudi.org\/es\/mirar-a-jesus-con-esperanza-corazon\/","title":{"rendered":"Mirar a Jes\u00fas \u201ccon esperanza en el coraz\u00f3n\u201d"},"content":{"rendered":"<p>El Papa Francisco ha ofrecido a los miembros de la Asociaci\u00f3n de los Santos Pedro y Pablo algunas indicaciones para el futuro, que resumi\u00f3 en esta exhortaci\u00f3n: \u201cVolvamos a empezar con m\u00e1s humanidad, mirando a Jes\u00fas, con esperanza en el coraz\u00f3n\u201d.<\/p>\n<p>El pasado s\u00e1bado, 8 de enero de 2022, en el Aula Pablo VI, el Santo Padre recibio en audiencia a los miembros de la Asociaci\u00f3n de los Santos Pedro y Pablo con motivo del 50\u00ba aniversario de su fundaci\u00f3n.<\/p>\n<p>Publicamos a continuaci\u00f3n el discurso que el Papa dirigi\u00f3 a los presentes durante el encuentro:<\/p>\n<p>***<\/p>\n<h2><strong>Discurso del Santo Padre<\/strong><\/h2>\n<p>Queridos amigos de la Asociaci\u00f3n de los Santos Pedro y Pablo<\/p>\n<p>Con vosotros doy gracias al Se\u00f1or por los 50 a\u00f1os de vuestra asociaci\u00f3n, renacida gracias a la clarividente intuici\u00f3n de San Pablo VI.<\/p>\n<p>Saludo al presidente, Dr. Stefano Milli, y le agradezco sus palabras; saludo al Asistente Espiritual, Mons. Joseph Murphy y a los dem\u00e1s dirigentes, a todos los miembros y a sus familias.<\/p>\n<p>Es bueno ver que, en este medio siglo de vida, has pasado de ser una \u201cguardia de honor de palacio\u201d al honor de estar \u201cal servicio\u201d de la humanidad peregrina, dando as\u00ed un testimonio especial de vida cristiana, de apostolado y de fidelidad a la Sede Apost\u00f3lica.<\/p>\n<p>\u00bfQu\u00e9 representan sus 50 a\u00f1os de historia? Podemos responder a esta pregunta con el t\u00edtulo de su revista: <em>Incontro<\/em>. De hecho, su historia se compone de continuos \u201cencuentros\u201d.<\/p>\n<p>En el encuentro siempre hay movimiento. Si todos nos quedamos quietos, nunca nos encontraremos. \u201cLa vida es el arte del encuentro, aunque haya muchos conflictos en la vida\u201d (Enc. <a href=\"https:\/\/exaudi.org\/es\/enciclica-fratelli-tutti-papa\/\" target=\"_blank\" rel=\"noopener\"><em>Fratelli tutti<\/em><\/a>, 215). Pero la vida es eso: el arte del encuentro. El encuentro es como el ox\u00edgeno de la vida. Por eso necesitamos una cultura del encuentro, porque \u201ccomo pueblo nos apasiona querer encontrarnos, buscar puntos de contacto, tender puentes, proyectar algo que implique a todos\u201d (ib\u00edd., 216). (ib\u00edd., 216). Este es el criterio que da sentido a su compromiso diario, \u00a1y se lo agradezco mucho! A trav\u00e9s de vuestros servicios diarios os convert\u00eds en artesanos del encuentro, llevando el calor de la bondad de Jes\u00fas a los que entran en la Bas\u00edlica de San Pedro, a los que necesitan orientaci\u00f3n, a los que necesitan una sonrisa para sentirse en casa. Gracias por este estilo de sonrisa: creo que es un poco de su espiritualidad. Siempre la sonrisa, que anima el encuentro. La sonrisa es un puente.<\/p>\n<p>Me vienen a la memoria las palabras de <a href=\"https:\/\/www.vatican.va\/content\/john-xxiii\/es.html\" target=\"_blank\" rel=\"noopener\">san Juan XXIII<\/a>: \u201cPongo mis ojos en tus ojos, pongo mi coraz\u00f3n cerca de tu coraz\u00f3n\u201d. Esta expresi\u00f3n expresa bien el sentido cristiano del encuentro.<\/p>\n<p>Y ahora me gustar\u00eda dejarles algunas indicaciones para el futuro, para que su valioso servicio siga siendo un testimonio para aquellos con los que se encuentran, en un contexto que todav\u00eda sentir\u00e1 los efectos de la pandemia. Los resumo en esta exhortaci\u00f3n: \u201cVolvamos a empezar con m\u00e1s humanidad, mirando a Jes\u00fas, con esperanza en el coraz\u00f3n\u201d. Esto ser\u00eda como el programa que te estoy dando, un poco como un \u201cprograma para el hogar\u201d. Creo que puede inspiraros.<\/p>\n<p><em>Empecemos de nuevo<\/em>. Ciertamente atesorando lo vivido, teniendo en cuenta que todos hemos cambiado un poco y, espero, mejorado, pero siempre dispuestos a servir seg\u00fan el lema de vuestra Asociaci\u00f3n: \u201c<em>Fide constamus avita<\/em>\u201d: \u201cPerseveremos firmemente en la fidelidad de nuestros padres\u201d.<\/p>\n<p><em>Con m\u00e1s humanidad<\/em>. Si todos hemos cambiado un poco, es porque nos hemos dado cuenta, a trav\u00e9s de lo que hemos vivido, de que lo que realmente cuenta en la vida son las relaciones humanas. Todos sentimos la necesidad de amarnos unos a otros, de vivir m\u00e1s unidos, de escuchar las palabras buenas y alentadoras que nos dicen y, a su vez, de darlas con un estilo de vida esperanzador. Os animo a que sigas mostrando esta cara con m\u00e1s humanidad.<\/p>\n<p><em>Y mirando a Jes\u00fas<\/em>. Vuestra Asociaci\u00f3n siempre ha propuesto la vida de Jes\u00fas como el modo de vida plenamente humano, el punto de referencia y el fundamento para el hombre de todos los tiempos y, por tanto, tambi\u00e9n para el hombre de hoy. Pero a\u00fan m\u00e1s ahora, queremos dar testimonio de nuestra fe proclamando que nuestra vida concreta encuentra su ra\u00edz en la humanidad de Jes\u00fas. Por eso, conocerlo mejor, saber c\u00f3mo llev\u00f3 su vida, lo que dijo, c\u00f3mo se relacion\u00f3 con los dem\u00e1s, es la base para descubrir c\u00f3mo vivir humanamente hoy. Mir\u00e1ndolo a \u00c9l, nos sentimos llamados cada vez m\u00e1s a un servicio cotidiano hecho de acogida, de compartir, de escucha fraterna, de cercan\u00eda humana. Creo que as\u00ed podemos mostrar, con hechos, la belleza y la fuerza del Evangelio.<\/p>\n<p>Y, por \u00faltimo: <em>Con la esperanza en el coraz\u00f3n<\/em>. Queridos hermanos y hermanas, la esperanza nunca debe faltar en el camino del creyente, esa esperanza que no defrauda, que nunca decepciona. Somos de Cristo, estamos injertados en \u00e9l por el Bautismo; en nosotros est\u00e1 su presencia, est\u00e1 su luz, est\u00e1 su vida. Caminemos, pues, sostenidos por su Palabra: es la Palabra de vida. Caminemos con alegr\u00eda y esperanza, sabiendo que el Se\u00f1or nunca dejar\u00e1 de apoyar nuestro compromiso con el bien. Lo digo de manera especial a los j\u00f3venes: os animo a entregar vuestras energ\u00edas a los necesitados y a convertiros en hombres capaces de encuentros verdaderos y sinceros.<\/p>\n<p>Conf\u00edo a Mar\u00eda, <em>Virgo Fidelis<\/em>, a ustedes, queridos miembros , y a sus familias -a las que sac\u00e1is tiempo de vuestras apretadas agendas para dedicarlo generosamente a la Santa Sede- y a todos vuestros seres queridos. Que la Sant\u00edsima Virgen con su amor maternal vele por cada uno de vosotros.<\/p>\n<p>Por eso, antes de la bendici\u00f3n, recemos juntos la <em>Oraci\u00f3n de la Asociaci\u00f3n<\/em>:<\/p>\n<p>Virgen Santa y Madre tiern\u00edsima, que fuiste siempre fiel a Dios en el cumplimiento heroico de tu sublime misi\u00f3n, alc\u00e1nzanos que, siguiendo tu ejemplo, permanezcamos tambi\u00e9n nosotros fieles en todos los acontecimientos de la vida a nuestra vocaci\u00f3n cristiana y a los signos de la gracia divina.<\/p>\n<p>Hemos asumido compromisos sacrosantos con nuestro Dios: nos imploras que nuestra fe, socavada y combatida por todas partes, no flaquee jam\u00e1s.<\/p>\n<p>Somos hijos de la Iglesia: haz que, firmes en nuestro ardiente amor a la misma Iglesia y en la devota obediencia a su Cabeza visible, sea nuestra gloria trabajar mucho y sufrir generosamente. As\u00ed, con tu ayuda, oh Virgen Mar\u00eda, habiendo cumplido nuestra jornada terrenal, mereceremos la corona inmortal en el cielo. Am\u00e9n.<\/p>\n<p><em>Virgo Fidelis, ora pro nobis<\/em>.<\/p>\n<p>Y ahora os doy la Bendici\u00f3n, que extiendo a vuestras familias, recordando especialmente a los ni\u00f1os y a los enfermos. Y les pido por favor que recen por m\u00ed. Gracias.<\/p>\n<p><strong>\u00a9 Librer\u00eda Editora Vaticana<\/strong><\/p>\n","protected":false},"excerpt":{"rendered":"<p>Discurso del Santo Padre en el 50 aniversario de la fundaci\u00f3n de la Asociaci\u00f3n San Pedro y San Pablo<\/p>\n","protected":false},"author":15,"featured_media":48511,"comment_status":"closed","ping_status":"closed","sticky":false,"template":"","format":"standard","meta":{"_acf_changed":false,"_crdt_document":"","inline_featured_image":false,"footnotes":""},"categories":[68],"tags":[5477,5476,168,4953],"class_list":["post-48509","post","type-post","status-publish","format-standard","has-post-thumbnail","hentry","category-leon-xiv","tag-50-aniversario","tag-asociacion-san-pedro-y-san-pablo","tag-audiencia","tag-trending-es"],"acf":[],"yoast_head":"<!-- This site is optimized with the Yoast SEO plugin v27.5 - https:\/\/yoast.com\/product\/yoast-seo-wordpress\/ -->\n<title>Mirar a Jes\u00fas \u201ccon esperanza en el coraz\u00f3n\u201d &#8211; Exaudi<\/title>\n<meta name=\"description\" content=\"&quot;Volvamos a empezar con m\u00e1s humanidad, mirando a Jes\u00fas, con esperanza en el coraz\u00f3n&quot;: el Papa a la Asociaci\u00f3n de los Santos Pedro y Pablo\" \/>\n<meta name=\"robots\" content=\"index, follow, max-snippet:-1, max-image-preview:large, max-video-preview:-1\" \/>\n<link rel=\"canonical\" href=\"https:\/\/exaudi.org\/es\/mirar-a-jesus-con-esperanza-corazon\/\" \/>\n<meta property=\"og:locale\" content=\"es_ES\" \/>\n<meta property=\"og:type\" content=\"article\" \/>\n<meta property=\"og:title\" content=\"Mirar a Jes\u00fas \u201ccon esperanza en el coraz\u00f3n\u201d &#8211; Exaudi\" \/>\n<meta property=\"og:description\" content=\"&quot;Volvamos a empezar con m\u00e1s humanidad, mirando a Jes\u00fas, con esperanza en el coraz\u00f3n&quot;: el Papa a la Asociaci\u00f3n de los Santos Pedro y Pablo\" \/>\n<meta property=\"og:url\" content=\"https:\/\/exaudi.org\/es\/mirar-a-jesus-con-esperanza-corazon\/\" \/>\n<meta property=\"og:site_name\" content=\"Exaudi\" \/>\n<meta property=\"article:publisher\" content=\"https:\/\/www.facebook.com\/ExaudiNews\" \/>\n<meta property=\"article:author\" content=\"https:\/\/www.facebook.com\/ExaudiNoticias\/\" \/>\n<meta property=\"article:published_time\" content=\"2022-01-09T12:13:12+00:00\" \/>\n<meta property=\"article:modified_time\" content=\"2022-01-09T13:51:53+00:00\" \/>\n<meta property=\"og:image\" content=\"https:\/\/exaudi.org\/wp-content\/uploads\/2022\/01\/Papa-con-la-Asociacion-San-Pedro-y-San-Pablo-scaled.jpg\" \/>\n\t<meta property=\"og:image:width\" content=\"2560\" \/>\n\t<meta property=\"og:image:height\" content=\"1707\" \/>\n\t<meta property=\"og:image:type\" content=\"image\/jpeg\" \/>\n<meta name=\"author\" content=\"Exaudi Redacci\u00f3n\" \/>\n<meta name=\"twitter:card\" content=\"summary_large_image\" \/>\n<meta name=\"twitter:creator\" content=\"@Exaudi_noticias\" \/>\n<meta name=\"twitter:site\" content=\"@Exaudi_News\" \/>\n<meta name=\"twitter:label1\" content=\"Escrito por\" \/>\n\t<meta name=\"twitter:data1\" content=\"Exaudi Redacci\u00f3n\" \/>\n\t<meta name=\"twitter:label2\" content=\"Tiempo de lectura\" \/>\n\t<meta name=\"twitter:data2\" content=\"6 minutos\" \/>\n<script type=\"application\/ld+json\" class=\"yoast-schema-graph\">{\"@context\":\"https:\\\/\\\/schema.org\",\"@graph\":[{\"@type\":\"Article\",\"@id\":\"https:\\\/\\\/exaudi.org\\\/es\\\/mirar-a-jesus-con-esperanza-corazon\\\/#article\",\"isPartOf\":{\"@id\":\"https:\\\/\\\/exaudi.org\\\/es\\\/mirar-a-jesus-con-esperanza-corazon\\\/\"},\"author\":{\"name\":\"Exaudi Redacci\u00f3n\",\"@id\":\"https:\\\/\\\/exaudi.org\\\/#\\\/schema\\\/person\\\/f5fc8f063065e38742da7afe15f25df7\"},\"headline\":\"Mirar a Jes\u00fas \u201ccon esperanza en el coraz\u00f3n\u201d\",\"datePublished\":\"2022-01-09T12:13:12+00:00\",\"dateModified\":\"2022-01-09T13:51:53+00:00\",\"mainEntityOfPage\":{\"@id\":\"https:\\\/\\\/exaudi.org\\\/es\\\/mirar-a-jesus-con-esperanza-corazon\\\/\"},\"wordCount\":1181,\"image\":{\"@id\":\"https:\\\/\\\/exaudi.org\\\/es\\\/mirar-a-jesus-con-esperanza-corazon\\\/#primaryimage\"},\"thumbnailUrl\":\"https:\\\/\\\/exaudi.org\\\/wp-content\\\/uploads\\\/2022\\\/01\\\/Papa-con-la-Asociacion-San-Pedro-y-San-Pablo-scaled.jpg\",\"keywords\":[\"50 aniversario\",\"Asociaci\u00f3n San Pedro y San Pablo\",\"audiencia\",\"Trending\"],\"articleSection\":[\"Le\u00f3n XIV\"],\"inLanguage\":\"es\"},{\"@type\":\"WebPage\",\"@id\":\"https:\\\/\\\/exaudi.org\\\/es\\\/mirar-a-jesus-con-esperanza-corazon\\\/\",\"url\":\"https:\\\/\\\/exaudi.org\\\/es\\\/mirar-a-jesus-con-esperanza-corazon\\\/\",\"name\":\"Mirar a Jes\u00fas \u201ccon esperanza en el coraz\u00f3n\u201d &#8211; Exaudi\",\"isPartOf\":{\"@id\":\"https:\\\/\\\/exaudi.org\\\/#website\"},\"primaryImageOfPage\":{\"@id\":\"https:\\\/\\\/exaudi.org\\\/es\\\/mirar-a-jesus-con-esperanza-corazon\\\/#primaryimage\"},\"image\":{\"@id\":\"https:\\\/\\\/exaudi.org\\\/es\\\/mirar-a-jesus-con-esperanza-corazon\\\/#primaryimage\"},\"thumbnailUrl\":\"https:\\\/\\\/exaudi.org\\\/wp-content\\\/uploads\\\/2022\\\/01\\\/Papa-con-la-Asociacion-San-Pedro-y-San-Pablo-scaled.jpg\",\"datePublished\":\"2022-01-09T12:13:12+00:00\",\"dateModified\":\"2022-01-09T13:51:53+00:00\",\"author\":{\"@id\":\"https:\\\/\\\/exaudi.org\\\/#\\\/schema\\\/person\\\/f5fc8f063065e38742da7afe15f25df7\"},\"description\":\"\\\"Volvamos a empezar con m\u00e1s humanidad, mirando a Jes\u00fas, con esperanza en el coraz\u00f3n\\\": el Papa a la Asociaci\u00f3n de los Santos Pedro y Pablo\",\"breadcrumb\":{\"@id\":\"https:\\\/\\\/exaudi.org\\\/es\\\/mirar-a-jesus-con-esperanza-corazon\\\/#breadcrumb\"},\"inLanguage\":\"es\",\"potentialAction\":[{\"@type\":\"ReadAction\",\"target\":[\"https:\\\/\\\/exaudi.org\\\/es\\\/mirar-a-jesus-con-esperanza-corazon\\\/\"]}]},{\"@type\":\"ImageObject\",\"inLanguage\":\"es\",\"@id\":\"https:\\\/\\\/exaudi.org\\\/es\\\/mirar-a-jesus-con-esperanza-corazon\\\/#primaryimage\",\"url\":\"https:\\\/\\\/exaudi.org\\\/wp-content\\\/uploads\\\/2022\\\/01\\\/Papa-con-la-Asociacion-San-Pedro-y-San-Pablo-scaled.jpg\",\"contentUrl\":\"https:\\\/\\\/exaudi.org\\\/wp-content\\\/uploads\\\/2022\\\/01\\\/Papa-con-la-Asociacion-San-Pedro-y-San-Pablo-scaled.jpg\",\"width\":2560,\"height\":1707,\"caption\":\"Papa con la Asociaci\u00f3n San Pedro y San Pablo \u00a9 Vatican Media\"},{\"@type\":\"BreadcrumbList\",\"@id\":\"https:\\\/\\\/exaudi.org\\\/es\\\/mirar-a-jesus-con-esperanza-corazon\\\/#breadcrumb\",\"itemListElement\":[{\"@type\":\"ListItem\",\"position\":1,\"name\":\"Portada\",\"item\":\"https:\\\/\\\/exaudi.org\\\/es\\\/\"},{\"@type\":\"ListItem\",\"position\":2,\"name\":\"Mirar a Jes\u00fas \u201ccon esperanza en el coraz\u00f3n\u201d\"}]},{\"@type\":\"WebSite\",\"@id\":\"https:\\\/\\\/exaudi.org\\\/#website\",\"url\":\"https:\\\/\\\/exaudi.org\\\/\",\"name\":\"Exaudi\",\"description\":\"News\",\"potentialAction\":[{\"@type\":\"SearchAction\",\"target\":{\"@type\":\"EntryPoint\",\"urlTemplate\":\"https:\\\/\\\/exaudi.org\\\/?s={search_term_string}\"},\"query-input\":{\"@type\":\"PropertyValueSpecification\",\"valueRequired\":true,\"valueName\":\"search_term_string\"}}],\"inLanguage\":\"es\"},{\"@type\":\"Person\",\"@id\":\"https:\\\/\\\/exaudi.org\\\/#\\\/schema\\\/person\\\/f5fc8f063065e38742da7afe15f25df7\",\"name\":\"Exaudi Redacci\u00f3n\",\"image\":{\"@type\":\"ImageObject\",\"inLanguage\":\"es\",\"@id\":\"https:\\\/\\\/secure.gravatar.com\\\/avatar\\\/fe0f6a059fb68d9b3e11bc5850dd4899b1c7492091a3cb6dd9b01b56ad828be2?s=96&d=mm&r=g\",\"url\":\"https:\\\/\\\/secure.gravatar.com\\\/avatar\\\/fe0f6a059fb68d9b3e11bc5850dd4899b1c7492091a3cb6dd9b01b56ad828be2?s=96&d=mm&r=g\",\"contentUrl\":\"https:\\\/\\\/secure.gravatar.com\\\/avatar\\\/fe0f6a059fb68d9b3e11bc5850dd4899b1c7492091a3cb6dd9b01b56ad828be2?s=96&d=mm&r=g\",\"caption\":\"Exaudi Redacci\u00f3n\"},\"description\":\"\u00bfQu\u00e9 es Exaudi News? Exaudi News es un medio de comunicaci\u00f3n cat\u00f3lico internacional que informa, forma y transforma, diariamente en espa\u00f1ol, ingl\u00e9s e italiano. A trav\u00e9s de noticias, art\u00edculos de an\u00e1lisis y transmisiones en directo de los eventos del Papa, Exaudi busca fortalecer la unidad de los cristianos y contribuir a la evangelizaci\u00f3n del mundo, siempre guiados por la doctrina social de la Iglesia. Trabajamos para acercar la verdad y los valores cristianos a cada rinc\u00f3n del planeta. \u00a1Ay\u00fadanos a transformar el mundo con Exaudi! En Exaudi creemos que la evangelizaci\u00f3n y la informaci\u00f3n de calidad pueden cambiar vidas. Para continuar con nuestra misi\u00f3n y expandir nuestro alcance, necesitamos tu ayuda. Adem\u00e1s, buscamos personas comprometidas que deseen unirse a nuestro equipo. Con tu apoyo, lograremos llegar a m\u00e1s personas, difundir el mensaje de Cristo y reforzar la unidad de los cristianos. \u00bfTe unes a nuestra misi\u00f3n? Para m\u00e1s informaci\u00f3n sobre c\u00f3mo colaborar, visita Exaudi.org\\\/es o cont\u00e1ctanos directamente: info@exaudi.org Exaudi: Informa, forma y transforma.\",\"sameAs\":[\"https:\\\/\\\/www.facebook.com\\\/ExaudiNoticias\\\/\",\"https:\\\/\\\/www.instagram.com\\\/exaudi_noticias\\\/\",\"https:\\\/\\\/x.com\\\/Exaudi_noticias\",\"https:\\\/\\\/www.youtube.com\\\/@exaudicatholicnews\"],\"url\":\"https:\\\/\\\/exaudi.org\\\/es\\\/author\\\/redaccionexaudi\\\/\"}]}<\/script>\n<!-- \/ Yoast SEO plugin. -->","yoast_head_json":{"title":"Mirar a Jes\u00fas \u201ccon esperanza en el coraz\u00f3n\u201d &#8211; Exaudi","description":"\"Volvamos a empezar con m\u00e1s humanidad, mirando a Jes\u00fas, con esperanza en el coraz\u00f3n\": el Papa a la Asociaci\u00f3n de los Santos Pedro y Pablo","robots":{"index":"index","follow":"follow","max-snippet":"max-snippet:-1","max-image-preview":"max-image-preview:large","max-video-preview":"max-video-preview:-1"},"canonical":"https:\/\/exaudi.org\/es\/mirar-a-jesus-con-esperanza-corazon\/","og_locale":"es_ES","og_type":"article","og_title":"Mirar a Jes\u00fas \u201ccon esperanza en el coraz\u00f3n\u201d &#8211; Exaudi","og_description":"\"Volvamos a empezar con m\u00e1s humanidad, mirando a Jes\u00fas, con esperanza en el coraz\u00f3n\": el Papa a la Asociaci\u00f3n de los Santos Pedro y Pablo","og_url":"https:\/\/exaudi.org\/es\/mirar-a-jesus-con-esperanza-corazon\/","og_site_name":"Exaudi","article_publisher":"https:\/\/www.facebook.com\/ExaudiNews","article_author":"https:\/\/www.facebook.com\/ExaudiNoticias\/","article_published_time":"2022-01-09T12:13:12+00:00","article_modified_time":"2022-01-09T13:51:53+00:00","og_image":[{"width":2560,"height":1707,"url":"https:\/\/exaudi.org\/wp-content\/uploads\/2022\/01\/Papa-con-la-Asociacion-San-Pedro-y-San-Pablo-scaled.jpg","type":"image\/jpeg"}],"author":"Exaudi Redacci\u00f3n","twitter_card":"summary_large_image","twitter_creator":"@Exaudi_noticias","twitter_site":"@Exaudi_News","twitter_misc":{"Escrito por":"Exaudi Redacci\u00f3n","Tiempo de lectura":"6 minutos"},"schema":{"@context":"https:\/\/schema.org","@graph":[{"@type":"Article","@id":"https:\/\/exaudi.org\/es\/mirar-a-jesus-con-esperanza-corazon\/#article","isPartOf":{"@id":"https:\/\/exaudi.org\/es\/mirar-a-jesus-con-esperanza-corazon\/"},"author":{"name":"Exaudi Redacci\u00f3n","@id":"https:\/\/exaudi.org\/#\/schema\/person\/f5fc8f063065e38742da7afe15f25df7"},"headline":"Mirar a Jes\u00fas \u201ccon esperanza en el coraz\u00f3n\u201d","datePublished":"2022-01-09T12:13:12+00:00","dateModified":"2022-01-09T13:51:53+00:00","mainEntityOfPage":{"@id":"https:\/\/exaudi.org\/es\/mirar-a-jesus-con-esperanza-corazon\/"},"wordCount":1181,"image":{"@id":"https:\/\/exaudi.org\/es\/mirar-a-jesus-con-esperanza-corazon\/#primaryimage"},"thumbnailUrl":"https:\/\/exaudi.org\/wp-content\/uploads\/2022\/01\/Papa-con-la-Asociacion-San-Pedro-y-San-Pablo-scaled.jpg","keywords":["50 aniversario","Asociaci\u00f3n San Pedro y San Pablo","audiencia","Trending"],"articleSection":["Le\u00f3n XIV"],"inLanguage":"es"},{"@type":"WebPage","@id":"https:\/\/exaudi.org\/es\/mirar-a-jesus-con-esperanza-corazon\/","url":"https:\/\/exaudi.org\/es\/mirar-a-jesus-con-esperanza-corazon\/","name":"Mirar a Jes\u00fas \u201ccon esperanza en el coraz\u00f3n\u201d &#8211; Exaudi","isPartOf":{"@id":"https:\/\/exaudi.org\/#website"},"primaryImageOfPage":{"@id":"https:\/\/exaudi.org\/es\/mirar-a-jesus-con-esperanza-corazon\/#primaryimage"},"image":{"@id":"https:\/\/exaudi.org\/es\/mirar-a-jesus-con-esperanza-corazon\/#primaryimage"},"thumbnailUrl":"https:\/\/exaudi.org\/wp-content\/uploads\/2022\/01\/Papa-con-la-Asociacion-San-Pedro-y-San-Pablo-scaled.jpg","datePublished":"2022-01-09T12:13:12+00:00","dateModified":"2022-01-09T13:51:53+00:00","author":{"@id":"https:\/\/exaudi.org\/#\/schema\/person\/f5fc8f063065e38742da7afe15f25df7"},"description":"\"Volvamos a empezar con m\u00e1s humanidad, mirando a Jes\u00fas, con esperanza en el coraz\u00f3n\": el Papa a la Asociaci\u00f3n de los Santos Pedro y Pablo","breadcrumb":{"@id":"https:\/\/exaudi.org\/es\/mirar-a-jesus-con-esperanza-corazon\/#breadcrumb"},"inLanguage":"es","potentialAction":[{"@type":"ReadAction","target":["https:\/\/exaudi.org\/es\/mirar-a-jesus-con-esperanza-corazon\/"]}]},{"@type":"ImageObject","inLanguage":"es","@id":"https:\/\/exaudi.org\/es\/mirar-a-jesus-con-esperanza-corazon\/#primaryimage","url":"https:\/\/exaudi.org\/wp-content\/uploads\/2022\/01\/Papa-con-la-Asociacion-San-Pedro-y-San-Pablo-scaled.jpg","contentUrl":"https:\/\/exaudi.org\/wp-content\/uploads\/2022\/01\/Papa-con-la-Asociacion-San-Pedro-y-San-Pablo-scaled.jpg","width":2560,"height":1707,"caption":"Papa con la Asociaci\u00f3n San Pedro y San Pablo \u00a9 Vatican Media"},{"@type":"BreadcrumbList","@id":"https:\/\/exaudi.org\/es\/mirar-a-jesus-con-esperanza-corazon\/#breadcrumb","itemListElement":[{"@type":"ListItem","position":1,"name":"Portada","item":"https:\/\/exaudi.org\/es\/"},{"@type":"ListItem","position":2,"name":"Mirar a Jes\u00fas \u201ccon esperanza en el coraz\u00f3n\u201d"}]},{"@type":"WebSite","@id":"https:\/\/exaudi.org\/#website","url":"https:\/\/exaudi.org\/","name":"Exaudi","description":"News","potentialAction":[{"@type":"SearchAction","target":{"@type":"EntryPoint","urlTemplate":"https:\/\/exaudi.org\/?s={search_term_string}"},"query-input":{"@type":"PropertyValueSpecification","valueRequired":true,"valueName":"search_term_string"}}],"inLanguage":"es"},{"@type":"Person","@id":"https:\/\/exaudi.org\/#\/schema\/person\/f5fc8f063065e38742da7afe15f25df7","name":"Exaudi Redacci\u00f3n","image":{"@type":"ImageObject","inLanguage":"es","@id":"https:\/\/secure.gravatar.com\/avatar\/fe0f6a059fb68d9b3e11bc5850dd4899b1c7492091a3cb6dd9b01b56ad828be2?s=96&d=mm&r=g","url":"https:\/\/secure.gravatar.com\/avatar\/fe0f6a059fb68d9b3e11bc5850dd4899b1c7492091a3cb6dd9b01b56ad828be2?s=96&d=mm&r=g","contentUrl":"https:\/\/secure.gravatar.com\/avatar\/fe0f6a059fb68d9b3e11bc5850dd4899b1c7492091a3cb6dd9b01b56ad828be2?s=96&d=mm&r=g","caption":"Exaudi Redacci\u00f3n"},"description":"\u00bfQu\u00e9 es Exaudi News? Exaudi News es un medio de comunicaci\u00f3n cat\u00f3lico internacional que informa, forma y transforma, diariamente en espa\u00f1ol, ingl\u00e9s e italiano. A trav\u00e9s de noticias, art\u00edculos de an\u00e1lisis y transmisiones en directo de los eventos del Papa, Exaudi busca fortalecer la unidad de los cristianos y contribuir a la evangelizaci\u00f3n del mundo, siempre guiados por la doctrina social de la Iglesia. Trabajamos para acercar la verdad y los valores cristianos a cada rinc\u00f3n del planeta. \u00a1Ay\u00fadanos a transformar el mundo con Exaudi! En Exaudi creemos que la evangelizaci\u00f3n y la informaci\u00f3n de calidad pueden cambiar vidas. Para continuar con nuestra misi\u00f3n y expandir nuestro alcance, necesitamos tu ayuda. Adem\u00e1s, buscamos personas comprometidas que deseen unirse a nuestro equipo. Con tu apoyo, lograremos llegar a m\u00e1s personas, difundir el mensaje de Cristo y reforzar la unidad de los cristianos. \u00bfTe unes a nuestra misi\u00f3n? Para m\u00e1s informaci\u00f3n sobre c\u00f3mo colaborar, visita Exaudi.org\/es o cont\u00e1ctanos directamente: info@exaudi.org Exaudi: Informa, forma y transforma.","sameAs":["https:\/\/www.facebook.com\/ExaudiNoticias\/","https:\/\/www.instagram.com\/exaudi_noticias\/","https:\/\/x.com\/Exaudi_noticias","https:\/\/www.youtube.com\/@exaudicatholicnews"],"url":"https:\/\/exaudi.org\/es\/author\/redaccionexaudi\/"}]}},"jetpack_featured_media_url":"https:\/\/exaudi.org\/wp-content\/uploads\/2022\/01\/Papa-con-la-Asociacion-San-Pedro-y-San-Pablo-scaled.jpg","jetpack_shortlink":"https:\/\/wp.me\/pgKjF2-cCp","_links":{"self":[{"href":"https:\/\/exaudi.org\/es\/wp-json\/wp\/v2\/posts\/48509","targetHints":{"allow":["GET"]}}],"collection":[{"href":"https:\/\/exaudi.org\/es\/wp-json\/wp\/v2\/posts"}],"about":[{"href":"https:\/\/exaudi.org\/es\/wp-json\/wp\/v2\/types\/post"}],"author":[{"embeddable":true,"href":"https:\/\/exaudi.org\/es\/wp-json\/wp\/v2\/users\/15"}],"replies":[{"embeddable":true,"href":"https:\/\/exaudi.org\/es\/wp-json\/wp\/v2\/comments?post=48509"}],"version-history":[{"count":0,"href":"https:\/\/exaudi.org\/es\/wp-json\/wp\/v2\/posts\/48509\/revisions"}],"wp:featuredmedia":[{"embeddable":true,"href":"https:\/\/exaudi.org\/es\/wp-json\/wp\/v2\/media\/48511"}],"wp:attachment":[{"href":"https:\/\/exaudi.org\/es\/wp-json\/wp\/v2\/media?parent=48509"}],"wp:term":[{"taxonomy":"category","embeddable":true,"href":"https:\/\/exaudi.org\/es\/wp-json\/wp\/v2\/categories?post=48509"},{"taxonomy":"post_tag","embeddable":true,"href":"https:\/\/exaudi.org\/es\/wp-json\/wp\/v2\/tags?post=48509"}],"curies":[{"name":"wp","href":"https:\/\/api.w.org\/{rel}","templated":true}]}}