{"id":48385,"date":"2022-01-07T11:52:21","date_gmt":"2022-01-07T10:52:21","guid":{"rendered":"https:\/\/exaudi.org\/?p=48385"},"modified":"2022-01-07T11:52:21","modified_gmt":"2022-01-07T10:52:21","slug":"venezuela-el-papa-envia-una-carta-en-el-inicio-del-ano-jubilar","status":"publish","type":"post","link":"https:\/\/exaudi.org\/es\/venezuela-el-papa-envia-una-carta-en-el-inicio-del-ano-jubilar\/","title":{"rendered":"Venezuela: El Papa env\u00eda una carta en el inicio del a\u00f1o jubilar"},"content":{"rendered":"<p>Con ocasi\u00f3n del inicio del a\u00f1o jubilar del centenario de la<a href=\"http:\/\/diocesisdesancristobal.blogspot.com\/\" target=\"_blank\" rel=\"noopener\"> Di\u00f3cesis de San Crist\u00f3bal de Venezuela<\/a>, el Papa Francisco a trav\u00e9s de una carta, ha bendecido a la Di\u00f3cesis de San Crist\u00f3bal y pide que oren por \u00e9l. As\u00ed inform\u00f3 monse\u00f1or Mario Moronta el pasado 1 de enero a trav\u00e9s de sus redes sociales.<\/p>\n<p>Seg\u00fan informa la Conferencia Episcopal de Venezuela en una nota, en el texto enviado por el Pont\u00edfice se\u00f1ala que \u201cha recibido con agrado su atenta carta del pasado mes de septiembre, en la que me comparte las iniciativas que han planteado con ocasi\u00f3n de la erecci\u00f3n can\u00f3nica de esta di\u00f3cesis y me invita a hacerme presente en este momento de gracia para todos ustedes\u201d.<\/p>\n<p>Adem\u00e1s, el Santo Padre se une \u201ca la acci\u00f3n de gracias por los abundantes frutos de vida cristiana alcanzados durante estos a\u00f1os de labor evangelizadora\u201d y felicita a la di\u00f3cesis por \u201cel trabajo que se est\u00e1 realizando a favor de los empobrecidos y desplazados as\u00ed como por los distintos gestos de comuni\u00f3n con otras Iglesias particulares, como el <a href=\"https:\/\/exaudi.org\/es\/venezuela-papa-acepta-renuncia-vicario-apostolico-caroni-2021\/\" target=\"_blank\" rel=\"noopener\">vicariato apost\u00f3lico de Caron\u00ed<\/a> o la di\u00f3cesis de C\u00facuta, en Colombia\u201d.<\/p>\n<p>Al final del texto el Obispo de Roma ha pedido a \u201clos consagrados y a los fieles laicos el esfuerzo por caminar juntos en pos de Cristo\u201d, y ha rogado que recen por \u00e9l. \u201cQue Jes\u00fas los bendiga y la Virgen Santa, a quien veneran con el significativo nombre de Madre de la consolaci\u00f3n, los cuide\u201d, concluye la misiva.<\/p>\n","protected":false},"excerpt":{"rendered":"<p>A la di\u00f3cesis de San Crist\u00f3bal en su centenario <\/p>\n","protected":false},"author":81,"featured_media":48386,"comment_status":"closed","ping_status":"closed","sticky":false,"template":"","format":"standard","meta":{"_acf_changed":false,"_crdt_document":"","inline_featured_image":false,"footnotes":""},"categories":[86],"tags":[5465,5464],"class_list":["post-48385","post","type-post","status-publish","format-standard","has-post-thumbnail","hentry","category-iglesia-local","tag-ano-jubilar","tag-diocesis-de-san-cristobal-de-venezuela"],"acf":[],"yoast_head":"<!-- This site is optimized with the Yoast SEO plugin v27.5 - https:\/\/yoast.com\/product\/yoast-seo-wordpress\/ -->\n<title>Venezuela: El Papa env\u00eda una carta en el inicio del a\u00f1o jubilar &#8211; Exaudi<\/title>\n<meta name=\"description\" content=\"Venezuela: El Papa env\u00eda una carta en el inicio del a\u00f1o jubilar en el centenario de la Di\u00f3cesis de San Crist\u00f3bal.\" \/>\n<meta name=\"robots\" content=\"index, follow, max-snippet:-1, max-image-preview:large, max-video-preview:-1\" \/>\n<link rel=\"canonical\" href=\"https:\/\/exaudi.org\/es\/venezuela-el-papa-envia-una-carta-en-el-inicio-del-ano-jubilar\/\" \/>\n<meta property=\"og:locale\" content=\"es_ES\" \/>\n<meta property=\"og:type\" content=\"article\" \/>\n<meta property=\"og:title\" content=\"Venezuela: El Papa env\u00eda una carta en el inicio del a\u00f1o jubilar &#8211; Exaudi\" \/>\n<meta property=\"og:description\" content=\"Venezuela: El Papa env\u00eda una carta en el inicio del a\u00f1o jubilar en el centenario de la Di\u00f3cesis de San Crist\u00f3bal.\" \/>\n<meta property=\"og:url\" content=\"https:\/\/exaudi.org\/es\/venezuela-el-papa-envia-una-carta-en-el-inicio-del-ano-jubilar\/\" \/>\n<meta property=\"og:site_name\" content=\"Exaudi\" \/>\n<meta property=\"article:publisher\" content=\"https:\/\/www.facebook.com\/ExaudiNews\" \/>\n<meta property=\"article:published_time\" content=\"2022-01-07T10:52:21+00:00\" \/>\n<meta property=\"og:image\" content=\"https:\/\/exaudi.org\/wp-content\/uploads\/2022\/01\/san-cristobal-copia.jpeg\" \/>\n\t<meta property=\"og:image:width\" content=\"1200\" \/>\n\t<meta property=\"og:image:height\" content=\"675\" \/>\n\t<meta property=\"og:image:type\" content=\"image\/jpeg\" \/>\n<meta name=\"author\" content=\"Alba Montalvo\" \/>\n<meta name=\"twitter:card\" content=\"summary_large_image\" \/>\n<meta name=\"twitter:creator\" content=\"@Exaudi_News\" \/>\n<meta name=\"twitter:site\" content=\"@Exaudi_News\" \/>\n<meta name=\"twitter:label1\" content=\"Escrito por\" \/>\n\t<meta name=\"twitter:data1\" content=\"Alba Montalvo\" \/>\n\t<meta name=\"twitter:label2\" content=\"Tiempo de lectura\" \/>\n\t<meta name=\"twitter:data2\" content=\"2 minutos\" \/>\n<script type=\"application\/ld+json\" class=\"yoast-schema-graph\">{\"@context\":\"https:\\\/\\\/schema.org\",\"@graph\":[{\"@type\":\"Article\",\"@id\":\"https:\\\/\\\/exaudi.org\\\/es\\\/venezuela-el-papa-envia-una-carta-en-el-inicio-del-ano-jubilar\\\/#article\",\"isPartOf\":{\"@id\":\"https:\\\/\\\/exaudi.org\\\/es\\\/venezuela-el-papa-envia-una-carta-en-el-inicio-del-ano-jubilar\\\/\"},\"author\":{\"name\":\"Alba Montalvo\",\"@id\":\"https:\\\/\\\/exaudi.org\\\/#\\\/schema\\\/person\\\/fc7b3cbb6f4d66ebcb53bf601d7b7eb1\"},\"headline\":\"Venezuela: El Papa env\u00eda una carta en el inicio del a\u00f1o jubilar\",\"datePublished\":\"2022-01-07T10:52:21+00:00\",\"mainEntityOfPage\":{\"@id\":\"https:\\\/\\\/exaudi.org\\\/es\\\/venezuela-el-papa-envia-una-carta-en-el-inicio-del-ano-jubilar\\\/\"},\"wordCount\":286,\"image\":{\"@id\":\"https:\\\/\\\/exaudi.org\\\/es\\\/venezuela-el-papa-envia-una-carta-en-el-inicio-del-ano-jubilar\\\/#primaryimage\"},\"thumbnailUrl\":\"https:\\\/\\\/exaudi.org\\\/wp-content\\\/uploads\\\/2022\\\/01\\\/san-cristobal-copia.jpeg\",\"keywords\":[\"A\u00f1o Jubilar\",\"Di\u00f3cesis de San Crist\u00f3bal de Venezuela\"],\"articleSection\":[\"Iglesia Local\"],\"inLanguage\":\"es\"},{\"@type\":\"WebPage\",\"@id\":\"https:\\\/\\\/exaudi.org\\\/es\\\/venezuela-el-papa-envia-una-carta-en-el-inicio-del-ano-jubilar\\\/\",\"url\":\"https:\\\/\\\/exaudi.org\\\/es\\\/venezuela-el-papa-envia-una-carta-en-el-inicio-del-ano-jubilar\\\/\",\"name\":\"Venezuela: El Papa env\u00eda una carta en el inicio del a\u00f1o jubilar &#8211; Exaudi\",\"isPartOf\":{\"@id\":\"https:\\\/\\\/exaudi.org\\\/#website\"},\"primaryImageOfPage\":{\"@id\":\"https:\\\/\\\/exaudi.org\\\/es\\\/venezuela-el-papa-envia-una-carta-en-el-inicio-del-ano-jubilar\\\/#primaryimage\"},\"image\":{\"@id\":\"https:\\\/\\\/exaudi.org\\\/es\\\/venezuela-el-papa-envia-una-carta-en-el-inicio-del-ano-jubilar\\\/#primaryimage\"},\"thumbnailUrl\":\"https:\\\/\\\/exaudi.org\\\/wp-content\\\/uploads\\\/2022\\\/01\\\/san-cristobal-copia.jpeg\",\"datePublished\":\"2022-01-07T10:52:21+00:00\",\"author\":{\"@id\":\"https:\\\/\\\/exaudi.org\\\/#\\\/schema\\\/person\\\/fc7b3cbb6f4d66ebcb53bf601d7b7eb1\"},\"description\":\"Venezuela: El Papa env\u00eda una carta en el inicio del a\u00f1o jubilar en el centenario de la Di\u00f3cesis de San Crist\u00f3bal.\",\"breadcrumb\":{\"@id\":\"https:\\\/\\\/exaudi.org\\\/es\\\/venezuela-el-papa-envia-una-carta-en-el-inicio-del-ano-jubilar\\\/#breadcrumb\"},\"inLanguage\":\"es\",\"potentialAction\":[{\"@type\":\"ReadAction\",\"target\":[\"https:\\\/\\\/exaudi.org\\\/es\\\/venezuela-el-papa-envia-una-carta-en-el-inicio-del-ano-jubilar\\\/\"]}]},{\"@type\":\"ImageObject\",\"inLanguage\":\"es\",\"@id\":\"https:\\\/\\\/exaudi.org\\\/es\\\/venezuela-el-papa-envia-una-carta-en-el-inicio-del-ano-jubilar\\\/#primaryimage\",\"url\":\"https:\\\/\\\/exaudi.org\\\/wp-content\\\/uploads\\\/2022\\\/01\\\/san-cristobal-copia.jpeg\",\"contentUrl\":\"https:\\\/\\\/exaudi.org\\\/wp-content\\\/uploads\\\/2022\\\/01\\\/san-cristobal-copia.jpeg\",\"width\":1200,\"height\":675,\"caption\":\"Di\u00f3cesis de San Crist\u00f3bal de Venezuela \u00a9 CELAM\"},{\"@type\":\"BreadcrumbList\",\"@id\":\"https:\\\/\\\/exaudi.org\\\/es\\\/venezuela-el-papa-envia-una-carta-en-el-inicio-del-ano-jubilar\\\/#breadcrumb\",\"itemListElement\":[{\"@type\":\"ListItem\",\"position\":1,\"name\":\"Portada\",\"item\":\"https:\\\/\\\/exaudi.org\\\/es\\\/\"},{\"@type\":\"ListItem\",\"position\":2,\"name\":\"Venezuela: El Papa env\u00eda una carta en el inicio del a\u00f1o jubilar\"}]},{\"@type\":\"WebSite\",\"@id\":\"https:\\\/\\\/exaudi.org\\\/#website\",\"url\":\"https:\\\/\\\/exaudi.org\\\/\",\"name\":\"Exaudi\",\"description\":\"News\",\"potentialAction\":[{\"@type\":\"SearchAction\",\"target\":{\"@type\":\"EntryPoint\",\"urlTemplate\":\"https:\\\/\\\/exaudi.org\\\/?s={search_term_string}\"},\"query-input\":{\"@type\":\"PropertyValueSpecification\",\"valueRequired\":true,\"valueName\":\"search_term_string\"}}],\"inLanguage\":\"es\"},{\"@type\":\"Person\",\"@id\":\"https:\\\/\\\/exaudi.org\\\/#\\\/schema\\\/person\\\/fc7b3cbb6f4d66ebcb53bf601d7b7eb1\",\"name\":\"Alba Montalvo\",\"image\":{\"@type\":\"ImageObject\",\"inLanguage\":\"es\",\"@id\":\"https:\\\/\\\/secure.gravatar.com\\\/avatar\\\/1e8c522219a5df52d143b7baf13997ffd4f1814ca862efe7af11a13849275021?s=96&d=mm&r=g\",\"url\":\"https:\\\/\\\/secure.gravatar.com\\\/avatar\\\/1e8c522219a5df52d143b7baf13997ffd4f1814ca862efe7af11a13849275021?s=96&d=mm&r=g\",\"contentUrl\":\"https:\\\/\\\/secure.gravatar.com\\\/avatar\\\/1e8c522219a5df52d143b7baf13997ffd4f1814ca862efe7af11a13849275021?s=96&d=mm&r=g\",\"caption\":\"Alba Montalvo\"},\"description\":\"Licenciada en Periodismo y M\u00e1ster en Periodismo Social. Mi trayectoria profesional ha estado siempre vinculada al \u00e1mbito de la comunicaci\u00f3n en el entorno digital. He trabajado como productora, gestora de contenidos estrat\u00e9gicos para redes y entrevistadora en la Fundaci\u00f3n Mater Mundi TV. Madrile\u00f1a de nacimiento, actualmente vivo en M\u00e1laga.\",\"url\":\"https:\\\/\\\/exaudi.org\\\/es\\\/author\\\/amontalvoexaudi-org\\\/\"}]}<\/script>\n<!-- \/ Yoast SEO plugin. -->","yoast_head_json":{"title":"Venezuela: El Papa env\u00eda una carta en el inicio del a\u00f1o jubilar &#8211; Exaudi","description":"Venezuela: El Papa env\u00eda una carta en el inicio del a\u00f1o jubilar en el centenario de la Di\u00f3cesis de San Crist\u00f3bal.","robots":{"index":"index","follow":"follow","max-snippet":"max-snippet:-1","max-image-preview":"max-image-preview:large","max-video-preview":"max-video-preview:-1"},"canonical":"https:\/\/exaudi.org\/es\/venezuela-el-papa-envia-una-carta-en-el-inicio-del-ano-jubilar\/","og_locale":"es_ES","og_type":"article","og_title":"Venezuela: El Papa env\u00eda una carta en el inicio del a\u00f1o jubilar &#8211; Exaudi","og_description":"Venezuela: El Papa env\u00eda una carta en el inicio del a\u00f1o jubilar en el centenario de la Di\u00f3cesis de San Crist\u00f3bal.","og_url":"https:\/\/exaudi.org\/es\/venezuela-el-papa-envia-una-carta-en-el-inicio-del-ano-jubilar\/","og_site_name":"Exaudi","article_publisher":"https:\/\/www.facebook.com\/ExaudiNews","article_published_time":"2022-01-07T10:52:21+00:00","og_image":[{"width":1200,"height":675,"url":"https:\/\/exaudi.org\/wp-content\/uploads\/2022\/01\/san-cristobal-copia.jpeg","type":"image\/jpeg"}],"author":"Alba Montalvo","twitter_card":"summary_large_image","twitter_creator":"@Exaudi_News","twitter_site":"@Exaudi_News","twitter_misc":{"Escrito por":"Alba Montalvo","Tiempo de lectura":"2 minutos"},"schema":{"@context":"https:\/\/schema.org","@graph":[{"@type":"Article","@id":"https:\/\/exaudi.org\/es\/venezuela-el-papa-envia-una-carta-en-el-inicio-del-ano-jubilar\/#article","isPartOf":{"@id":"https:\/\/exaudi.org\/es\/venezuela-el-papa-envia-una-carta-en-el-inicio-del-ano-jubilar\/"},"author":{"name":"Alba Montalvo","@id":"https:\/\/exaudi.org\/#\/schema\/person\/fc7b3cbb6f4d66ebcb53bf601d7b7eb1"},"headline":"Venezuela: El Papa env\u00eda una carta en el inicio del a\u00f1o jubilar","datePublished":"2022-01-07T10:52:21+00:00","mainEntityOfPage":{"@id":"https:\/\/exaudi.org\/es\/venezuela-el-papa-envia-una-carta-en-el-inicio-del-ano-jubilar\/"},"wordCount":286,"image":{"@id":"https:\/\/exaudi.org\/es\/venezuela-el-papa-envia-una-carta-en-el-inicio-del-ano-jubilar\/#primaryimage"},"thumbnailUrl":"https:\/\/exaudi.org\/wp-content\/uploads\/2022\/01\/san-cristobal-copia.jpeg","keywords":["A\u00f1o Jubilar","Di\u00f3cesis de San Crist\u00f3bal de Venezuela"],"articleSection":["Iglesia Local"],"inLanguage":"es"},{"@type":"WebPage","@id":"https:\/\/exaudi.org\/es\/venezuela-el-papa-envia-una-carta-en-el-inicio-del-ano-jubilar\/","url":"https:\/\/exaudi.org\/es\/venezuela-el-papa-envia-una-carta-en-el-inicio-del-ano-jubilar\/","name":"Venezuela: El Papa env\u00eda una carta en el inicio del a\u00f1o jubilar &#8211; Exaudi","isPartOf":{"@id":"https:\/\/exaudi.org\/#website"},"primaryImageOfPage":{"@id":"https:\/\/exaudi.org\/es\/venezuela-el-papa-envia-una-carta-en-el-inicio-del-ano-jubilar\/#primaryimage"},"image":{"@id":"https:\/\/exaudi.org\/es\/venezuela-el-papa-envia-una-carta-en-el-inicio-del-ano-jubilar\/#primaryimage"},"thumbnailUrl":"https:\/\/exaudi.org\/wp-content\/uploads\/2022\/01\/san-cristobal-copia.jpeg","datePublished":"2022-01-07T10:52:21+00:00","author":{"@id":"https:\/\/exaudi.org\/#\/schema\/person\/fc7b3cbb6f4d66ebcb53bf601d7b7eb1"},"description":"Venezuela: El Papa env\u00eda una carta en el inicio del a\u00f1o jubilar en el centenario de la Di\u00f3cesis de San Crist\u00f3bal.","breadcrumb":{"@id":"https:\/\/exaudi.org\/es\/venezuela-el-papa-envia-una-carta-en-el-inicio-del-ano-jubilar\/#breadcrumb"},"inLanguage":"es","potentialAction":[{"@type":"ReadAction","target":["https:\/\/exaudi.org\/es\/venezuela-el-papa-envia-una-carta-en-el-inicio-del-ano-jubilar\/"]}]},{"@type":"ImageObject","inLanguage":"es","@id":"https:\/\/exaudi.org\/es\/venezuela-el-papa-envia-una-carta-en-el-inicio-del-ano-jubilar\/#primaryimage","url":"https:\/\/exaudi.org\/wp-content\/uploads\/2022\/01\/san-cristobal-copia.jpeg","contentUrl":"https:\/\/exaudi.org\/wp-content\/uploads\/2022\/01\/san-cristobal-copia.jpeg","width":1200,"height":675,"caption":"Di\u00f3cesis de San Crist\u00f3bal de Venezuela \u00a9 CELAM"},{"@type":"BreadcrumbList","@id":"https:\/\/exaudi.org\/es\/venezuela-el-papa-envia-una-carta-en-el-inicio-del-ano-jubilar\/#breadcrumb","itemListElement":[{"@type":"ListItem","position":1,"name":"Portada","item":"https:\/\/exaudi.org\/es\/"},{"@type":"ListItem","position":2,"name":"Venezuela: El Papa env\u00eda una carta en el inicio del a\u00f1o jubilar"}]},{"@type":"WebSite","@id":"https:\/\/exaudi.org\/#website","url":"https:\/\/exaudi.org\/","name":"Exaudi","description":"News","potentialAction":[{"@type":"SearchAction","target":{"@type":"EntryPoint","urlTemplate":"https:\/\/exaudi.org\/?s={search_term_string}"},"query-input":{"@type":"PropertyValueSpecification","valueRequired":true,"valueName":"search_term_string"}}],"inLanguage":"es"},{"@type":"Person","@id":"https:\/\/exaudi.org\/#\/schema\/person\/fc7b3cbb6f4d66ebcb53bf601d7b7eb1","name":"Alba Montalvo","image":{"@type":"ImageObject","inLanguage":"es","@id":"https:\/\/secure.gravatar.com\/avatar\/1e8c522219a5df52d143b7baf13997ffd4f1814ca862efe7af11a13849275021?s=96&d=mm&r=g","url":"https:\/\/secure.gravatar.com\/avatar\/1e8c522219a5df52d143b7baf13997ffd4f1814ca862efe7af11a13849275021?s=96&d=mm&r=g","contentUrl":"https:\/\/secure.gravatar.com\/avatar\/1e8c522219a5df52d143b7baf13997ffd4f1814ca862efe7af11a13849275021?s=96&d=mm&r=g","caption":"Alba Montalvo"},"description":"Licenciada en Periodismo y M\u00e1ster en Periodismo Social. Mi trayectoria profesional ha estado siempre vinculada al \u00e1mbito de la comunicaci\u00f3n en el entorno digital. He trabajado como productora, gestora de contenidos estrat\u00e9gicos para redes y entrevistadora en la Fundaci\u00f3n Mater Mundi TV. Madrile\u00f1a de nacimiento, actualmente vivo en M\u00e1laga.","url":"https:\/\/exaudi.org\/es\/author\/amontalvoexaudi-org\/"}]}},"jetpack_featured_media_url":"https:\/\/exaudi.org\/wp-content\/uploads\/2022\/01\/san-cristobal-copia.jpeg","jetpack_shortlink":"https:\/\/wp.me\/pgKjF2-cAp","_links":{"self":[{"href":"https:\/\/exaudi.org\/es\/wp-json\/wp\/v2\/posts\/48385","targetHints":{"allow":["GET"]}}],"collection":[{"href":"https:\/\/exaudi.org\/es\/wp-json\/wp\/v2\/posts"}],"about":[{"href":"https:\/\/exaudi.org\/es\/wp-json\/wp\/v2\/types\/post"}],"author":[{"embeddable":true,"href":"https:\/\/exaudi.org\/es\/wp-json\/wp\/v2\/users\/81"}],"replies":[{"embeddable":true,"href":"https:\/\/exaudi.org\/es\/wp-json\/wp\/v2\/comments?post=48385"}],"version-history":[{"count":0,"href":"https:\/\/exaudi.org\/es\/wp-json\/wp\/v2\/posts\/48385\/revisions"}],"wp:featuredmedia":[{"embeddable":true,"href":"https:\/\/exaudi.org\/es\/wp-json\/wp\/v2\/media\/48386"}],"wp:attachment":[{"href":"https:\/\/exaudi.org\/es\/wp-json\/wp\/v2\/media?parent=48385"}],"wp:term":[{"taxonomy":"category","embeddable":true,"href":"https:\/\/exaudi.org\/es\/wp-json\/wp\/v2\/categories?post=48385"},{"taxonomy":"post_tag","embeddable":true,"href":"https:\/\/exaudi.org\/es\/wp-json\/wp\/v2\/tags?post=48385"}],"curies":[{"name":"wp","href":"https:\/\/api.w.org\/{rel}","templated":true}]}}